{"id":8154,"date":"2024-09-30T02:28:38","date_gmt":"2024-09-30T00:28:38","guid":{"rendered":"https:\/\/lepatriotebenin.com\/?p=8154"},"modified":"2024-09-30T02:28:46","modified_gmt":"2024-09-30T00:28:46","slug":"transport-aerien-air-burkina-soffre-un-nouveau-avion","status":"publish","type":"post","link":"https:\/\/lepatriotebenin.com\/index.php\/2024\/09\/30\/transport-aerien-air-burkina-soffre-un-nouveau-avion\/","title":{"rendered":"Transport a\u00e9rien\u00a0:\u00a0Air Burkina s&rsquo;offre un nouveau avion"},"content":{"rendered":"\n<p>Le gouvernement burkinab\u00e8 a proc\u00e9d\u00e9 \u00e0 l&rsquo;achat d&rsquo;un avion pour la compagnie a\u00e9rienne du pays. C&rsquo;est le samedi 28 septembre 2024 que le nouvel appareil a foul\u00e9 le sol burkinab\u00e8. Cet achat vient relancer les activit\u00e9s de la compagnie absente dans les airs depuis avril 2024.<\/p>\n\n\n\n<p>\u00ab C&rsquo;est avec une grande fiert\u00e9 que nous avons accueilli ce jour 28 Septembre 2024 \u00e0 14h 46mns sur le tarmac de l&rsquo;A\u00e9roport International de Ouagadougou, le nouvel avion de Air Burkina. Un Embraer E190 dot\u00e9 de 6 si\u00e8ges en business classe et 92 si\u00e8ge en classe \u00e9conomique.\u00bb. C&rsquo;est la publication qui a \u00e9t\u00e9 faite sur la page Facebook de Burkina Air. Un exploit remarquable, qui vient mettre un terme \u00e0 la d\u00e9pendance des partenaires pour l&rsquo;autonomie a\u00e9rienne.<\/p>\n\n\n\n<p>Dans un reportage de la cha\u00eene nationale burkinab\u00e8 RTB, l&rsquo;a\u00e9ronef avait \u00e9t\u00e9 accueilli par un jet d&rsquo;eau selon la tradition qui se fait. L&rsquo;avion convoy\u00e9 directement depuis la Chine selon \u00c9mile Zerbo, ministre de l&rsquo;administration territoriale et de la mobilit\u00e9 permettra de r\u00e9gler le probl\u00e8me de ch\u00f4mage technique&nbsp; apr\u00e8s la crise \u00e9conomique qu&rsquo;a connu la compagnie. C&rsquo;\u00e9tait pour lui \u00ab un sacrifice \u00e0 consentir \u00bb afin de permettre \u00e0 ses employ\u00e9s de reprendre le boulot. \u00ab C&rsquo;est un symbole de souverainet\u00e9 \u00bb que le gouvernement burkinab\u00e8 dirig\u00e9 par le capitaine Ibrahim Traor\u00e9 a mis sur pied.<\/p>\n\n\n\n<p>Avec cette nouvelle acquisition obtenue sur fond propre, c&rsquo;est une nouvelle phase qui vient d&rsquo;\u00eatre entamer pour Air Burkina qui d\u00e9sormais pourrait mettre fin aux locations d&rsquo;avions selon le directeur g\u00e9n\u00e9ral de la compagnie a\u00e9rienne, Azakaria Traor\u00e9. \u00abDepuis plus de 40 ans on fonctionnait avec des locations et des difficult\u00e9s de gestion \u00bb a indiqu\u00e9 le DG. C&rsquo;est pour lui une \u00ab renaissance \u00bb de la compagnie a\u00e9rienne Air Burkina.<\/p>\n\n\n\n<p>Des recommandations ont \u00e9t\u00e9 aussi lanc\u00e9es \u00e0 l&rsquo;endroit de la direction de Air Burkina. Le ministre \u00c9mile Zerbo appelle \u00e0 une prise de conscience en mati\u00e8re de gestion de la compagnie. Il souhaite une bonne gestion afin que le pays ne vit plus la crise \u00e9conomique qu&rsquo;a r\u00e9cemment travers\u00e9e la compagnie.<\/p>\n\n\n\n<p>Par ailleurs il a \u00e9t\u00e9 mentionn\u00e9 que le nouveau appareil \u00e0 une autonomie de vol de &nbsp;6h 30 et peut voler jusqu&rsquo;\u00e0 900 km\/h selon Maurice Sandogo, pilote et commandant de bord de l&rsquo;avion.<\/p>\n\n\n\n<p>Ez\u00e9chiel Padonou (Stag)<\/p>\n","protected":false},"excerpt":{"rendered":"<p>Le gouvernement burkinab\u00e8 a proc\u00e9d\u00e9 \u00e0 l&rsquo;achat d&rsquo;un avion pour la compagnie a\u00e9rienne du pays. C&rsquo;est le samedi 28 septembre 2024 que le nouvel appareil a foul\u00e9 le sol burkinab\u00e8.&hellip;<\/p>\n","protected":false},"author":5,"featured_media":8155,"comment_status":"open","ping_status":"open","sticky":false,"template":"","format":"standard","meta":{"content-type":"","om_disable_all_campaigns":false,"_monsterinsights_skip_tracking":false,"_monsterinsights_sitenote_active":false,"_monsterinsights_sitenote_note":"","_monsterinsights_sitenote_category":0,"_uf_show_specific_survey":0,"_uf_disable_surveys":false,"footnotes":""},"categories":[4],"tags":[],"class_list":["post-8154","post","type-post","status-publish","format-standard","has-post-thumbnail","hentry","category-economie"],"aioseo_notices":[],"yoast_head":"<!-- This site is optimized with the Yoast SEO plugin v27.5 - https:\/\/yoast.com\/product\/yoast-seo-wordpress\/ -->\n<title>Transport a\u00e9rien\u00a0:\u00a0Air Burkina s&#039;offre un nouveau avion - Le Patriote<\/title>\n<meta name=\"robots\" content=\"index, follow, max-snippet:-1, max-image-preview:large, max-video-preview:-1\" \/>\n<link rel=\"canonical\" href=\"https:\/\/lepatriotebenin.com\/index.php\/2024\/09\/30\/transport-aerien-air-burkina-soffre-un-nouveau-avion\/\" \/>\n<meta property=\"og:locale\" content=\"fr_FR\" \/>\n<meta property=\"og:type\" content=\"article\" \/>\n<meta property=\"og:title\" content=\"Transport a\u00e9rien\u00a0:\u00a0Air Burkina s&#039;offre un nouveau avion - Le Patriote\" \/>\n<meta property=\"og:description\" content=\"Le gouvernement burkinab\u00e8 a proc\u00e9d\u00e9 \u00e0 l&rsquo;achat d&rsquo;un avion pour la compagnie a\u00e9rienne du pays. C&rsquo;est le samedi 28 septembre 2024 que le nouvel appareil a foul\u00e9 le sol burkinab\u00e8.&hellip;\" \/>\n<meta property=\"og:url\" content=\"https:\/\/lepatriotebenin.com\/index.php\/2024\/09\/30\/transport-aerien-air-burkina-soffre-un-nouveau-avion\/\" \/>\n<meta property=\"og:site_name\" content=\"Le Patriote\" \/>\n<meta property=\"article:published_time\" content=\"2024-09-30T00:28:38+00:00\" \/>\n<meta property=\"article:modified_time\" content=\"2024-09-30T00:28:46+00:00\" \/>\n<meta property=\"og:image\" content=\"https:\/\/lepatriotebenin.com\/wp-content\/uploads\/2024\/09\/air-burkina.jpeg\" \/>\n\t<meta property=\"og:image:width\" content=\"1024\" \/>\n\t<meta property=\"og:image:height\" content=\"546\" \/>\n\t<meta property=\"og:image:type\" content=\"image\/jpeg\" \/>\n<meta name=\"author\" content=\"Redaction\" \/>\n<meta name=\"twitter:card\" content=\"summary_large_image\" \/>\n<meta name=\"twitter:label1\" content=\"\u00c9crit par\" \/>\n\t<meta name=\"twitter:data1\" content=\"Redaction\" \/>\n\t<meta name=\"twitter:label2\" content=\"Dur\u00e9e de lecture estim\u00e9e\" \/>\n\t<meta name=\"twitter:data2\" content=\"2 minutes\" \/>\n<script type=\"application\/ld+json\" class=\"yoast-schema-graph\">{\"@context\":\"https:\\\/\\\/schema.org\",\"@graph\":[{\"@type\":\"Article\",\"@id\":\"https:\\\/\\\/lepatriotebenin.com\\\/index.php\\\/2024\\\/09\\\/30\\\/transport-aerien-air-burkina-soffre-un-nouveau-avion\\\/#article\",\"isPartOf\":{\"@id\":\"https:\\\/\\\/lepatriotebenin.com\\\/index.php\\\/2024\\\/09\\\/30\\\/transport-aerien-air-burkina-soffre-un-nouveau-avion\\\/\"},\"author\":{\"name\":\"Redaction\",\"@id\":\"https:\\\/\\\/lepatriotebenin.com\\\/#\\\/schema\\\/person\\\/2e7709b9c9cc313e452d1136af61690f\"},\"headline\":\"Transport a\u00e9rien\u00a0:\u00a0Air Burkina s&rsquo;offre un nouveau avion\",\"datePublished\":\"2024-09-30T00:28:38+00:00\",\"dateModified\":\"2024-09-30T00:28:46+00:00\",\"mainEntityOfPage\":{\"@id\":\"https:\\\/\\\/lepatriotebenin.com\\\/index.php\\\/2024\\\/09\\\/30\\\/transport-aerien-air-burkina-soffre-un-nouveau-avion\\\/\"},\"wordCount\":412,\"commentCount\":0,\"image\":{\"@id\":\"https:\\\/\\\/lepatriotebenin.com\\\/index.php\\\/2024\\\/09\\\/30\\\/transport-aerien-air-burkina-soffre-un-nouveau-avion\\\/#primaryimage\"},\"thumbnailUrl\":\"https:\\\/\\\/lepatriotebenin.com\\\/wp-content\\\/uploads\\\/2024\\\/09\\\/air-burkina.jpeg\",\"articleSection\":[\"Economie\"],\"inLanguage\":\"fr-FR\",\"potentialAction\":[{\"@type\":\"CommentAction\",\"name\":\"Comment\",\"target\":[\"https:\\\/\\\/lepatriotebenin.com\\\/index.php\\\/2024\\\/09\\\/30\\\/transport-aerien-air-burkina-soffre-un-nouveau-avion\\\/#respond\"]}]},{\"@type\":\"WebPage\",\"@id\":\"https:\\\/\\\/lepatriotebenin.com\\\/index.php\\\/2024\\\/09\\\/30\\\/transport-aerien-air-burkina-soffre-un-nouveau-avion\\\/\",\"url\":\"https:\\\/\\\/lepatriotebenin.com\\\/index.php\\\/2024\\\/09\\\/30\\\/transport-aerien-air-burkina-soffre-un-nouveau-avion\\\/\",\"name\":\"Transport a\u00e9rien\u00a0:\u00a0Air Burkina s'offre un nouveau avion - Le Patriote\",\"isPartOf\":{\"@id\":\"https:\\\/\\\/lepatriotebenin.com\\\/#website\"},\"primaryImageOfPage\":{\"@id\":\"https:\\\/\\\/lepatriotebenin.com\\\/index.php\\\/2024\\\/09\\\/30\\\/transport-aerien-air-burkina-soffre-un-nouveau-avion\\\/#primaryimage\"},\"image\":{\"@id\":\"https:\\\/\\\/lepatriotebenin.com\\\/index.php\\\/2024\\\/09\\\/30\\\/transport-aerien-air-burkina-soffre-un-nouveau-avion\\\/#primaryimage\"},\"thumbnailUrl\":\"https:\\\/\\\/lepatriotebenin.com\\\/wp-content\\\/uploads\\\/2024\\\/09\\\/air-burkina.jpeg\",\"datePublished\":\"2024-09-30T00:28:38+00:00\",\"dateModified\":\"2024-09-30T00:28:46+00:00\",\"author\":{\"@id\":\"https:\\\/\\\/lepatriotebenin.com\\\/#\\\/schema\\\/person\\\/2e7709b9c9cc313e452d1136af61690f\"},\"breadcrumb\":{\"@id\":\"https:\\\/\\\/lepatriotebenin.com\\\/index.php\\\/2024\\\/09\\\/30\\\/transport-aerien-air-burkina-soffre-un-nouveau-avion\\\/#breadcrumb\"},\"inLanguage\":\"fr-FR\",\"potentialAction\":[{\"@type\":\"ReadAction\",\"target\":[\"https:\\\/\\\/lepatriotebenin.com\\\/index.php\\\/2024\\\/09\\\/30\\\/transport-aerien-air-burkina-soffre-un-nouveau-avion\\\/\"]}]},{\"@type\":\"ImageObject\",\"inLanguage\":\"fr-FR\",\"@id\":\"https:\\\/\\\/lepatriotebenin.com\\\/index.php\\\/2024\\\/09\\\/30\\\/transport-aerien-air-burkina-soffre-un-nouveau-avion\\\/#primaryimage\",\"url\":\"https:\\\/\\\/lepatriotebenin.com\\\/wp-content\\\/uploads\\\/2024\\\/09\\\/air-burkina.jpeg\",\"contentUrl\":\"https:\\\/\\\/lepatriotebenin.com\\\/wp-content\\\/uploads\\\/2024\\\/09\\\/air-burkina.jpeg\",\"width\":1024,\"height\":546},{\"@type\":\"BreadcrumbList\",\"@id\":\"https:\\\/\\\/lepatriotebenin.com\\\/index.php\\\/2024\\\/09\\\/30\\\/transport-aerien-air-burkina-soffre-un-nouveau-avion\\\/#breadcrumb\",\"itemListElement\":[{\"@type\":\"ListItem\",\"position\":1,\"name\":\"Accueil\",\"item\":\"https:\\\/\\\/lepatriotebenin.com\\\/\"},{\"@type\":\"ListItem\",\"position\":2,\"name\":\"Transport a\u00e9rien\u00a0:\u00a0Air Burkina s&rsquo;offre un nouveau avion\"}]},{\"@type\":\"WebSite\",\"@id\":\"https:\\\/\\\/lepatriotebenin.com\\\/#website\",\"url\":\"https:\\\/\\\/lepatriotebenin.com\\\/\",\"name\":\"Le Patriote\",\"description\":\"Le Patriote B\u00e9nin\",\"potentialAction\":[{\"@type\":\"SearchAction\",\"target\":{\"@type\":\"EntryPoint\",\"urlTemplate\":\"https:\\\/\\\/lepatriotebenin.com\\\/?s={search_term_string}\"},\"query-input\":{\"@type\":\"PropertyValueSpecification\",\"valueRequired\":true,\"valueName\":\"search_term_string\"}}],\"inLanguage\":\"fr-FR\"},{\"@type\":\"Person\",\"@id\":\"https:\\\/\\\/lepatriotebenin.com\\\/#\\\/schema\\\/person\\\/2e7709b9c9cc313e452d1136af61690f\",\"name\":\"Redaction\",\"image\":{\"@type\":\"ImageObject\",\"inLanguage\":\"fr-FR\",\"@id\":\"https:\\\/\\\/secure.gravatar.com\\\/avatar\\\/c4c509357859ea2ca2cbb6d8812898a73e4ef1ef9934c2e591d7e32face734d1?s=96&d=mm&r=g\",\"url\":\"https:\\\/\\\/secure.gravatar.com\\\/avatar\\\/c4c509357859ea2ca2cbb6d8812898a73e4ef1ef9934c2e591d7e32face734d1?s=96&d=mm&r=g\",\"contentUrl\":\"https:\\\/\\\/secure.gravatar.com\\\/avatar\\\/c4c509357859ea2ca2cbb6d8812898a73e4ef1ef9934c2e591d7e32face734d1?s=96&d=mm&r=g\",\"caption\":\"Redaction\"},\"url\":\"https:\\\/\\\/lepatriotebenin.com\"}]}<\/script>\n<!-- \/ Yoast SEO plugin. -->","yoast_head_json":{"title":"Transport a\u00e9rien\u00a0:\u00a0Air Burkina s'offre un nouveau avion - Le Patriote","robots":{"index":"index","follow":"follow","max-snippet":"max-snippet:-1","max-image-preview":"max-image-preview:large","max-video-preview":"max-video-preview:-1"},"canonical":"https:\/\/lepatriotebenin.com\/index.php\/2024\/09\/30\/transport-aerien-air-burkina-soffre-un-nouveau-avion\/","og_locale":"fr_FR","og_type":"article","og_title":"Transport a\u00e9rien\u00a0:\u00a0Air Burkina s'offre un nouveau avion - Le Patriote","og_description":"Le gouvernement burkinab\u00e8 a proc\u00e9d\u00e9 \u00e0 l&rsquo;achat d&rsquo;un avion pour la compagnie a\u00e9rienne du pays. C&rsquo;est le samedi 28 septembre 2024 que le nouvel appareil a foul\u00e9 le sol burkinab\u00e8.&hellip;","og_url":"https:\/\/lepatriotebenin.com\/index.php\/2024\/09\/30\/transport-aerien-air-burkina-soffre-un-nouveau-avion\/","og_site_name":"Le Patriote","article_published_time":"2024-09-30T00:28:38+00:00","article_modified_time":"2024-09-30T00:28:46+00:00","og_image":[{"width":1024,"height":546,"url":"https:\/\/lepatriotebenin.com\/wp-content\/uploads\/2024\/09\/air-burkina.jpeg","type":"image\/jpeg"}],"author":"Redaction","twitter_card":"summary_large_image","twitter_misc":{"\u00c9crit par":"Redaction","Dur\u00e9e de lecture estim\u00e9e":"2 minutes"},"schema":{"@context":"https:\/\/schema.org","@graph":[{"@type":"Article","@id":"https:\/\/lepatriotebenin.com\/index.php\/2024\/09\/30\/transport-aerien-air-burkina-soffre-un-nouveau-avion\/#article","isPartOf":{"@id":"https:\/\/lepatriotebenin.com\/index.php\/2024\/09\/30\/transport-aerien-air-burkina-soffre-un-nouveau-avion\/"},"author":{"name":"Redaction","@id":"https:\/\/lepatriotebenin.com\/#\/schema\/person\/2e7709b9c9cc313e452d1136af61690f"},"headline":"Transport a\u00e9rien\u00a0:\u00a0Air Burkina s&rsquo;offre un nouveau avion","datePublished":"2024-09-30T00:28:38+00:00","dateModified":"2024-09-30T00:28:46+00:00","mainEntityOfPage":{"@id":"https:\/\/lepatriotebenin.com\/index.php\/2024\/09\/30\/transport-aerien-air-burkina-soffre-un-nouveau-avion\/"},"wordCount":412,"commentCount":0,"image":{"@id":"https:\/\/lepatriotebenin.com\/index.php\/2024\/09\/30\/transport-aerien-air-burkina-soffre-un-nouveau-avion\/#primaryimage"},"thumbnailUrl":"https:\/\/lepatriotebenin.com\/wp-content\/uploads\/2024\/09\/air-burkina.jpeg","articleSection":["Economie"],"inLanguage":"fr-FR","potentialAction":[{"@type":"CommentAction","name":"Comment","target":["https:\/\/lepatriotebenin.com\/index.php\/2024\/09\/30\/transport-aerien-air-burkina-soffre-un-nouveau-avion\/#respond"]}]},{"@type":"WebPage","@id":"https:\/\/lepatriotebenin.com\/index.php\/2024\/09\/30\/transport-aerien-air-burkina-soffre-un-nouveau-avion\/","url":"https:\/\/lepatriotebenin.com\/index.php\/2024\/09\/30\/transport-aerien-air-burkina-soffre-un-nouveau-avion\/","name":"Transport a\u00e9rien\u00a0:\u00a0Air Burkina s'offre un nouveau avion - Le Patriote","isPartOf":{"@id":"https:\/\/lepatriotebenin.com\/#website"},"primaryImageOfPage":{"@id":"https:\/\/lepatriotebenin.com\/index.php\/2024\/09\/30\/transport-aerien-air-burkina-soffre-un-nouveau-avion\/#primaryimage"},"image":{"@id":"https:\/\/lepatriotebenin.com\/index.php\/2024\/09\/30\/transport-aerien-air-burkina-soffre-un-nouveau-avion\/#primaryimage"},"thumbnailUrl":"https:\/\/lepatriotebenin.com\/wp-content\/uploads\/2024\/09\/air-burkina.jpeg","datePublished":"2024-09-30T00:28:38+00:00","dateModified":"2024-09-30T00:28:46+00:00","author":{"@id":"https:\/\/lepatriotebenin.com\/#\/schema\/person\/2e7709b9c9cc313e452d1136af61690f"},"breadcrumb":{"@id":"https:\/\/lepatriotebenin.com\/index.php\/2024\/09\/30\/transport-aerien-air-burkina-soffre-un-nouveau-avion\/#breadcrumb"},"inLanguage":"fr-FR","potentialAction":[{"@type":"ReadAction","target":["https:\/\/lepatriotebenin.com\/index.php\/2024\/09\/30\/transport-aerien-air-burkina-soffre-un-nouveau-avion\/"]}]},{"@type":"ImageObject","inLanguage":"fr-FR","@id":"https:\/\/lepatriotebenin.com\/index.php\/2024\/09\/30\/transport-aerien-air-burkina-soffre-un-nouveau-avion\/#primaryimage","url":"https:\/\/lepatriotebenin.com\/wp-content\/uploads\/2024\/09\/air-burkina.jpeg","contentUrl":"https:\/\/lepatriotebenin.com\/wp-content\/uploads\/2024\/09\/air-burkina.jpeg","width":1024,"height":546},{"@type":"BreadcrumbList","@id":"https:\/\/lepatriotebenin.com\/index.php\/2024\/09\/30\/transport-aerien-air-burkina-soffre-un-nouveau-avion\/#breadcrumb","itemListElement":[{"@type":"ListItem","position":1,"name":"Accueil","item":"https:\/\/lepatriotebenin.com\/"},{"@type":"ListItem","position":2,"name":"Transport a\u00e9rien\u00a0:\u00a0Air Burkina s&rsquo;offre un nouveau avion"}]},{"@type":"WebSite","@id":"https:\/\/lepatriotebenin.com\/#website","url":"https:\/\/lepatriotebenin.com\/","name":"Le Patriote","description":"Le Patriote B\u00e9nin","potentialAction":[{"@type":"SearchAction","target":{"@type":"EntryPoint","urlTemplate":"https:\/\/lepatriotebenin.com\/?s={search_term_string}"},"query-input":{"@type":"PropertyValueSpecification","valueRequired":true,"valueName":"search_term_string"}}],"inLanguage":"fr-FR"},{"@type":"Person","@id":"https:\/\/lepatriotebenin.com\/#\/schema\/person\/2e7709b9c9cc313e452d1136af61690f","name":"Redaction","image":{"@type":"ImageObject","inLanguage":"fr-FR","@id":"https:\/\/secure.gravatar.com\/avatar\/c4c509357859ea2ca2cbb6d8812898a73e4ef1ef9934c2e591d7e32face734d1?s=96&d=mm&r=g","url":"https:\/\/secure.gravatar.com\/avatar\/c4c509357859ea2ca2cbb6d8812898a73e4ef1ef9934c2e591d7e32face734d1?s=96&d=mm&r=g","contentUrl":"https:\/\/secure.gravatar.com\/avatar\/c4c509357859ea2ca2cbb6d8812898a73e4ef1ef9934c2e591d7e32face734d1?s=96&d=mm&r=g","caption":"Redaction"},"url":"https:\/\/lepatriotebenin.com"}]}},"_links":{"self":[{"href":"https:\/\/lepatriotebenin.com\/index.php\/wp-json\/wp\/v2\/posts\/8154","targetHints":{"allow":["GET"]}}],"collection":[{"href":"https:\/\/lepatriotebenin.com\/index.php\/wp-json\/wp\/v2\/posts"}],"about":[{"href":"https:\/\/lepatriotebenin.com\/index.php\/wp-json\/wp\/v2\/types\/post"}],"author":[{"embeddable":true,"href":"https:\/\/lepatriotebenin.com\/index.php\/wp-json\/wp\/v2\/users\/5"}],"replies":[{"embeddable":true,"href":"https:\/\/lepatriotebenin.com\/index.php\/wp-json\/wp\/v2\/comments?post=8154"}],"version-history":[{"count":2,"href":"https:\/\/lepatriotebenin.com\/index.php\/wp-json\/wp\/v2\/posts\/8154\/revisions"}],"predecessor-version":[{"id":8157,"href":"https:\/\/lepatriotebenin.com\/index.php\/wp-json\/wp\/v2\/posts\/8154\/revisions\/8157"}],"wp:featuredmedia":[{"embeddable":true,"href":"https:\/\/lepatriotebenin.com\/index.php\/wp-json\/wp\/v2\/media\/8155"}],"wp:attachment":[{"href":"https:\/\/lepatriotebenin.com\/index.php\/wp-json\/wp\/v2\/media?parent=8154"}],"wp:term":[{"taxonomy":"category","embeddable":true,"href":"https:\/\/lepatriotebenin.com\/index.php\/wp-json\/wp\/v2\/categories?post=8154"},{"taxonomy":"post_tag","embeddable":true,"href":"https:\/\/lepatriotebenin.com\/index.php\/wp-json\/wp\/v2\/tags?post=8154"}],"curies":[{"name":"wp","href":"https:\/\/api.w.org\/{rel}","templated":true}]}}