{"id":8151,"date":"2024-09-30T02:25:56","date_gmt":"2024-09-30T00:25:56","guid":{"rendered":"https:\/\/lepatriotebenin.com\/?p=8151"},"modified":"2024-10-01T20:45:48","modified_gmt":"2024-10-01T18:45:48","slug":"porto-novo-un-conseiller-municipal-renie-olivier-boko","status":"publish","type":"post","link":"https:\/\/lepatriotebenin.com\/index.php\/2024\/09\/30\/porto-novo-un-conseiller-municipal-renie-olivier-boko\/","title":{"rendered":"Porto- Novo\u00a0: Un conseiller municipal renie Olivier Boko"},"content":{"rendered":"\n<p>L\u2019arrestation d\u2019Olivier Boko pour une t\u00e9n\u00e9breuse affaire de coup d\u2019Etat cr\u00e9\u00e9 la d\u00e9bandade au sein de la majorit\u00e9 pr\u00e9sidentielle dont il fut depuis 2016 la 2\u00e8 figure majeure. Pour se mettre \u00e0 l\u2019abri d\u2019une \u00e9ventuelle pers\u00e9cution politico-judiciaire li\u00e9e \u00e0 leur proximit\u00e9 avec le mis en cause, plusieurs hommes politiques travaillent \u00e0 nier leurs accointances avec lui. C\u2019est le cas d\u2019un conseiller municipal \u00e0 Porto Novo.<\/p>\n\n\n\n<p>Depuis quelques jours, le maire de Porto Novo Charlemagne Gnankoty a lanc\u00e9 les tractations pour l\u2019\u00e9lection d\u2019un nouveau Chef du quatri\u00e8me arrondissement de la ville apr\u00e8s le d\u00e9c\u00e8s tragique de Razack Radji, Chef d\u2019Arrondissement jusqu\u2019\u00e0 son d\u00e9c\u00e8s le 27 ao\u00fbt dernier. Parmi les conseillers qui se battent pour ce poste, il y en a un qui avait flirt\u00e9 avec la dynamique Olivier Boko. Courant Octobre 2023, il avait m\u00eame fait une d\u00e9claration publique pour soutenir cet ami intime de Patrice Talon. Mais quelques semaines apr\u00e8s avoir per\u00e7u les actes vindicatifs contre ce mouvement, il a commenc\u00e9 \u00e0 faire des pas \u00e0 reculons. Obnubil\u00e9 par l\u2019id\u00e9e de devenir Chef d\u2019\u2019arrondissement, il nie en bloc toute connexion avec les lieutenants d\u2019Olivier Boko et nie m\u00eame avoir fait une d\u00e9claration de soutien \u00e0 ce dernier en son temps. Il ne s\u2019arr\u00eate pas l\u00e0. Il essaie d\u2019appeler certains de ses amis et ses confr\u00e8res pour leur demander d\u2019effacer de leurs t\u00e9l\u00e9phones portables des liens ou photos de sa d\u00e9claration. Sa crainte est de se voir \u00e9liminer de la course au titre de chef d\u2019arrondissement juste \u00e0 cause de ses atomes crochus avec l\u2019homme d\u2019affaires. Il n\u2019est d\u2019ailleurs pas le seul. Dans les deux partis de la majorit\u00e9 pr\u00e9sidentielle, plusieurs leaders politiques tentent les m\u00eames choses, parfois de la mani\u00e8re la plus ignominieuse en critiquant l\u2019homme d\u2019affaire pour ne pas \u00eatre soup\u00e7onn\u00e9s d\u2019\u00eatre un de ses alli\u00e9s. Aucun d\u2019eux n\u2019a eu le courage jusque l\u00e0 de reconna\u00eetre avoir \u00e9t\u00e9 proches de l\u2019homme d\u2019affaires.&nbsp;<\/p>\n","protected":false},"excerpt":{"rendered":"<p>L\u2019arrestation d\u2019Olivier Boko pour une t\u00e9n\u00e9breuse affaire de coup d\u2019Etat cr\u00e9\u00e9 la d\u00e9bandade au sein de la majorit\u00e9 pr\u00e9sidentielle dont il fut depuis 2016 la 2\u00e8 figure majeure. Pour se&hellip;<\/p>\n","protected":false},"author":15,"featured_media":8182,"comment_status":"open","ping_status":"open","sticky":false,"template":"","format":"standard","meta":{"content-type":"","om_disable_all_campaigns":false,"_monsterinsights_skip_tracking":false,"_monsterinsights_sitenote_active":false,"_monsterinsights_sitenote_note":"","_monsterinsights_sitenote_category":0,"_uf_show_specific_survey":0,"_uf_disable_surveys":false,"footnotes":""},"categories":[26],"tags":[],"class_list":["post-8151","post","type-post","status-publish","format-standard","has-post-thumbnail","hentry","category-politique"],"aioseo_notices":[],"yoast_head":"<!-- This site is optimized with the Yoast SEO plugin v27.5 - https:\/\/yoast.com\/product\/yoast-seo-wordpress\/ -->\n<title>Porto- Novo\u00a0: Un conseiller municipal renie Olivier Boko - Le Patriote<\/title>\n<meta name=\"robots\" content=\"index, follow, max-snippet:-1, max-image-preview:large, max-video-preview:-1\" \/>\n<link rel=\"canonical\" href=\"https:\/\/lepatriotebenin.com\/index.php\/2024\/09\/30\/porto-novo-un-conseiller-municipal-renie-olivier-boko\/\" \/>\n<meta property=\"og:locale\" content=\"fr_FR\" \/>\n<meta property=\"og:type\" content=\"article\" \/>\n<meta property=\"og:title\" content=\"Porto- Novo\u00a0: Un conseiller municipal renie Olivier Boko - Le Patriote\" \/>\n<meta property=\"og:description\" content=\"L\u2019arrestation d\u2019Olivier Boko pour une t\u00e9n\u00e9breuse affaire de coup d\u2019Etat cr\u00e9\u00e9 la d\u00e9bandade au sein de la majorit\u00e9 pr\u00e9sidentielle dont il fut depuis 2016 la 2\u00e8 figure majeure. Pour se&hellip;\" \/>\n<meta property=\"og:url\" content=\"https:\/\/lepatriotebenin.com\/index.php\/2024\/09\/30\/porto-novo-un-conseiller-municipal-renie-olivier-boko\/\" \/>\n<meta property=\"og:site_name\" content=\"Le Patriote\" \/>\n<meta property=\"article:published_time\" content=\"2024-09-30T00:25:56+00:00\" \/>\n<meta property=\"article:modified_time\" content=\"2024-10-01T18:45:48+00:00\" \/>\n<meta property=\"og:image\" content=\"https:\/\/lepatriotebenin.com\/wp-content\/uploads\/2024\/09\/mairie-de-porto-novo.jpg\" \/>\n\t<meta property=\"og:image:width\" content=\"225\" \/>\n\t<meta property=\"og:image:height\" content=\"225\" \/>\n\t<meta property=\"og:image:type\" content=\"image\/jpeg\" \/>\n<meta name=\"author\" content=\"Marcel ZOUMENOU\" \/>\n<meta name=\"twitter:card\" content=\"summary_large_image\" \/>\n<meta name=\"twitter:label1\" content=\"\u00c9crit par\" \/>\n\t<meta name=\"twitter:data1\" content=\"Marcel ZOUMENOU\" \/>\n\t<meta name=\"twitter:label2\" content=\"Dur\u00e9e de lecture estim\u00e9e\" \/>\n\t<meta name=\"twitter:data2\" content=\"2 minutes\" \/>\n<script type=\"application\/ld+json\" class=\"yoast-schema-graph\">{\"@context\":\"https:\\\/\\\/schema.org\",\"@graph\":[{\"@type\":\"Article\",\"@id\":\"https:\\\/\\\/lepatriotebenin.com\\\/index.php\\\/2024\\\/09\\\/30\\\/porto-novo-un-conseiller-municipal-renie-olivier-boko\\\/#article\",\"isPartOf\":{\"@id\":\"https:\\\/\\\/lepatriotebenin.com\\\/index.php\\\/2024\\\/09\\\/30\\\/porto-novo-un-conseiller-municipal-renie-olivier-boko\\\/\"},\"author\":{\"name\":\"Marcel ZOUMENOU\",\"@id\":\"https:\\\/\\\/lepatriotebenin.com\\\/#\\\/schema\\\/person\\\/431e5eef55c02ebf1428603ce8959de6\"},\"headline\":\"Porto- Novo\u00a0: Un conseiller municipal renie Olivier Boko\",\"datePublished\":\"2024-09-30T00:25:56+00:00\",\"dateModified\":\"2024-10-01T18:45:48+00:00\",\"mainEntityOfPage\":{\"@id\":\"https:\\\/\\\/lepatriotebenin.com\\\/index.php\\\/2024\\\/09\\\/30\\\/porto-novo-un-conseiller-municipal-renie-olivier-boko\\\/\"},\"wordCount\":370,\"commentCount\":0,\"image\":{\"@id\":\"https:\\\/\\\/lepatriotebenin.com\\\/index.php\\\/2024\\\/09\\\/30\\\/porto-novo-un-conseiller-municipal-renie-olivier-boko\\\/#primaryimage\"},\"thumbnailUrl\":\"https:\\\/\\\/lepatriotebenin.com\\\/wp-content\\\/uploads\\\/2024\\\/09\\\/mairie-de-porto-novo.jpg\",\"articleSection\":[\"Politique\"],\"inLanguage\":\"fr-FR\",\"potentialAction\":[{\"@type\":\"CommentAction\",\"name\":\"Comment\",\"target\":[\"https:\\\/\\\/lepatriotebenin.com\\\/index.php\\\/2024\\\/09\\\/30\\\/porto-novo-un-conseiller-municipal-renie-olivier-boko\\\/#respond\"]}]},{\"@type\":\"WebPage\",\"@id\":\"https:\\\/\\\/lepatriotebenin.com\\\/index.php\\\/2024\\\/09\\\/30\\\/porto-novo-un-conseiller-municipal-renie-olivier-boko\\\/\",\"url\":\"https:\\\/\\\/lepatriotebenin.com\\\/index.php\\\/2024\\\/09\\\/30\\\/porto-novo-un-conseiller-municipal-renie-olivier-boko\\\/\",\"name\":\"Porto- Novo\u00a0: Un conseiller municipal renie Olivier Boko - Le Patriote\",\"isPartOf\":{\"@id\":\"https:\\\/\\\/lepatriotebenin.com\\\/#website\"},\"primaryImageOfPage\":{\"@id\":\"https:\\\/\\\/lepatriotebenin.com\\\/index.php\\\/2024\\\/09\\\/30\\\/porto-novo-un-conseiller-municipal-renie-olivier-boko\\\/#primaryimage\"},\"image\":{\"@id\":\"https:\\\/\\\/lepatriotebenin.com\\\/index.php\\\/2024\\\/09\\\/30\\\/porto-novo-un-conseiller-municipal-renie-olivier-boko\\\/#primaryimage\"},\"thumbnailUrl\":\"https:\\\/\\\/lepatriotebenin.com\\\/wp-content\\\/uploads\\\/2024\\\/09\\\/mairie-de-porto-novo.jpg\",\"datePublished\":\"2024-09-30T00:25:56+00:00\",\"dateModified\":\"2024-10-01T18:45:48+00:00\",\"author\":{\"@id\":\"https:\\\/\\\/lepatriotebenin.com\\\/#\\\/schema\\\/person\\\/431e5eef55c02ebf1428603ce8959de6\"},\"breadcrumb\":{\"@id\":\"https:\\\/\\\/lepatriotebenin.com\\\/index.php\\\/2024\\\/09\\\/30\\\/porto-novo-un-conseiller-municipal-renie-olivier-boko\\\/#breadcrumb\"},\"inLanguage\":\"fr-FR\",\"potentialAction\":[{\"@type\":\"ReadAction\",\"target\":[\"https:\\\/\\\/lepatriotebenin.com\\\/index.php\\\/2024\\\/09\\\/30\\\/porto-novo-un-conseiller-municipal-renie-olivier-boko\\\/\"]}]},{\"@type\":\"ImageObject\",\"inLanguage\":\"fr-FR\",\"@id\":\"https:\\\/\\\/lepatriotebenin.com\\\/index.php\\\/2024\\\/09\\\/30\\\/porto-novo-un-conseiller-municipal-renie-olivier-boko\\\/#primaryimage\",\"url\":\"https:\\\/\\\/lepatriotebenin.com\\\/wp-content\\\/uploads\\\/2024\\\/09\\\/mairie-de-porto-novo.jpg\",\"contentUrl\":\"https:\\\/\\\/lepatriotebenin.com\\\/wp-content\\\/uploads\\\/2024\\\/09\\\/mairie-de-porto-novo.jpg\",\"width\":225,\"height\":225},{\"@type\":\"BreadcrumbList\",\"@id\":\"https:\\\/\\\/lepatriotebenin.com\\\/index.php\\\/2024\\\/09\\\/30\\\/porto-novo-un-conseiller-municipal-renie-olivier-boko\\\/#breadcrumb\",\"itemListElement\":[{\"@type\":\"ListItem\",\"position\":1,\"name\":\"Accueil\",\"item\":\"https:\\\/\\\/lepatriotebenin.com\\\/\"},{\"@type\":\"ListItem\",\"position\":2,\"name\":\"Porto- Novo\u00a0: Un conseiller municipal renie Olivier Boko\"}]},{\"@type\":\"WebSite\",\"@id\":\"https:\\\/\\\/lepatriotebenin.com\\\/#website\",\"url\":\"https:\\\/\\\/lepatriotebenin.com\\\/\",\"name\":\"Le Patriote\",\"description\":\"Le Patriote B\u00e9nin\",\"potentialAction\":[{\"@type\":\"SearchAction\",\"target\":{\"@type\":\"EntryPoint\",\"urlTemplate\":\"https:\\\/\\\/lepatriotebenin.com\\\/?s={search_term_string}\"},\"query-input\":{\"@type\":\"PropertyValueSpecification\",\"valueRequired\":true,\"valueName\":\"search_term_string\"}}],\"inLanguage\":\"fr-FR\"},{\"@type\":\"Person\",\"@id\":\"https:\\\/\\\/lepatriotebenin.com\\\/#\\\/schema\\\/person\\\/431e5eef55c02ebf1428603ce8959de6\",\"name\":\"Marcel ZOUMENOU\",\"image\":{\"@type\":\"ImageObject\",\"inLanguage\":\"fr-FR\",\"@id\":\"https:\\\/\\\/secure.gravatar.com\\\/avatar\\\/a986fe63c7fe32322b74e5137cdd4e12d90613a42644cebed7e2d46d8fc58cd4?s=96&d=mm&r=g\",\"url\":\"https:\\\/\\\/secure.gravatar.com\\\/avatar\\\/a986fe63c7fe32322b74e5137cdd4e12d90613a42644cebed7e2d46d8fc58cd4?s=96&d=mm&r=g\",\"contentUrl\":\"https:\\\/\\\/secure.gravatar.com\\\/avatar\\\/a986fe63c7fe32322b74e5137cdd4e12d90613a42644cebed7e2d46d8fc58cd4?s=96&d=mm&r=g\",\"caption\":\"Marcel ZOUMENOU\"},\"url\":\"https:\\\/\\\/lepatriotebenin.com\"}]}<\/script>\n<!-- \/ Yoast SEO plugin. -->","yoast_head_json":{"title":"Porto- Novo\u00a0: Un conseiller municipal renie Olivier Boko - Le Patriote","robots":{"index":"index","follow":"follow","max-snippet":"max-snippet:-1","max-image-preview":"max-image-preview:large","max-video-preview":"max-video-preview:-1"},"canonical":"https:\/\/lepatriotebenin.com\/index.php\/2024\/09\/30\/porto-novo-un-conseiller-municipal-renie-olivier-boko\/","og_locale":"fr_FR","og_type":"article","og_title":"Porto- Novo\u00a0: Un conseiller municipal renie Olivier Boko - Le Patriote","og_description":"L\u2019arrestation d\u2019Olivier Boko pour une t\u00e9n\u00e9breuse affaire de coup d\u2019Etat cr\u00e9\u00e9 la d\u00e9bandade au sein de la majorit\u00e9 pr\u00e9sidentielle dont il fut depuis 2016 la 2\u00e8 figure majeure. Pour se&hellip;","og_url":"https:\/\/lepatriotebenin.com\/index.php\/2024\/09\/30\/porto-novo-un-conseiller-municipal-renie-olivier-boko\/","og_site_name":"Le Patriote","article_published_time":"2024-09-30T00:25:56+00:00","article_modified_time":"2024-10-01T18:45:48+00:00","og_image":[{"width":225,"height":225,"url":"https:\/\/lepatriotebenin.com\/wp-content\/uploads\/2024\/09\/mairie-de-porto-novo.jpg","type":"image\/jpeg"}],"author":"Marcel ZOUMENOU","twitter_card":"summary_large_image","twitter_misc":{"\u00c9crit par":"Marcel ZOUMENOU","Dur\u00e9e de lecture estim\u00e9e":"2 minutes"},"schema":{"@context":"https:\/\/schema.org","@graph":[{"@type":"Article","@id":"https:\/\/lepatriotebenin.com\/index.php\/2024\/09\/30\/porto-novo-un-conseiller-municipal-renie-olivier-boko\/#article","isPartOf":{"@id":"https:\/\/lepatriotebenin.com\/index.php\/2024\/09\/30\/porto-novo-un-conseiller-municipal-renie-olivier-boko\/"},"author":{"name":"Marcel ZOUMENOU","@id":"https:\/\/lepatriotebenin.com\/#\/schema\/person\/431e5eef55c02ebf1428603ce8959de6"},"headline":"Porto- Novo\u00a0: Un conseiller municipal renie Olivier Boko","datePublished":"2024-09-30T00:25:56+00:00","dateModified":"2024-10-01T18:45:48+00:00","mainEntityOfPage":{"@id":"https:\/\/lepatriotebenin.com\/index.php\/2024\/09\/30\/porto-novo-un-conseiller-municipal-renie-olivier-boko\/"},"wordCount":370,"commentCount":0,"image":{"@id":"https:\/\/lepatriotebenin.com\/index.php\/2024\/09\/30\/porto-novo-un-conseiller-municipal-renie-olivier-boko\/#primaryimage"},"thumbnailUrl":"https:\/\/lepatriotebenin.com\/wp-content\/uploads\/2024\/09\/mairie-de-porto-novo.jpg","articleSection":["Politique"],"inLanguage":"fr-FR","potentialAction":[{"@type":"CommentAction","name":"Comment","target":["https:\/\/lepatriotebenin.com\/index.php\/2024\/09\/30\/porto-novo-un-conseiller-municipal-renie-olivier-boko\/#respond"]}]},{"@type":"WebPage","@id":"https:\/\/lepatriotebenin.com\/index.php\/2024\/09\/30\/porto-novo-un-conseiller-municipal-renie-olivier-boko\/","url":"https:\/\/lepatriotebenin.com\/index.php\/2024\/09\/30\/porto-novo-un-conseiller-municipal-renie-olivier-boko\/","name":"Porto- Novo\u00a0: Un conseiller municipal renie Olivier Boko - Le Patriote","isPartOf":{"@id":"https:\/\/lepatriotebenin.com\/#website"},"primaryImageOfPage":{"@id":"https:\/\/lepatriotebenin.com\/index.php\/2024\/09\/30\/porto-novo-un-conseiller-municipal-renie-olivier-boko\/#primaryimage"},"image":{"@id":"https:\/\/lepatriotebenin.com\/index.php\/2024\/09\/30\/porto-novo-un-conseiller-municipal-renie-olivier-boko\/#primaryimage"},"thumbnailUrl":"https:\/\/lepatriotebenin.com\/wp-content\/uploads\/2024\/09\/mairie-de-porto-novo.jpg","datePublished":"2024-09-30T00:25:56+00:00","dateModified":"2024-10-01T18:45:48+00:00","author":{"@id":"https:\/\/lepatriotebenin.com\/#\/schema\/person\/431e5eef55c02ebf1428603ce8959de6"},"breadcrumb":{"@id":"https:\/\/lepatriotebenin.com\/index.php\/2024\/09\/30\/porto-novo-un-conseiller-municipal-renie-olivier-boko\/#breadcrumb"},"inLanguage":"fr-FR","potentialAction":[{"@type":"ReadAction","target":["https:\/\/lepatriotebenin.com\/index.php\/2024\/09\/30\/porto-novo-un-conseiller-municipal-renie-olivier-boko\/"]}]},{"@type":"ImageObject","inLanguage":"fr-FR","@id":"https:\/\/lepatriotebenin.com\/index.php\/2024\/09\/30\/porto-novo-un-conseiller-municipal-renie-olivier-boko\/#primaryimage","url":"https:\/\/lepatriotebenin.com\/wp-content\/uploads\/2024\/09\/mairie-de-porto-novo.jpg","contentUrl":"https:\/\/lepatriotebenin.com\/wp-content\/uploads\/2024\/09\/mairie-de-porto-novo.jpg","width":225,"height":225},{"@type":"BreadcrumbList","@id":"https:\/\/lepatriotebenin.com\/index.php\/2024\/09\/30\/porto-novo-un-conseiller-municipal-renie-olivier-boko\/#breadcrumb","itemListElement":[{"@type":"ListItem","position":1,"name":"Accueil","item":"https:\/\/lepatriotebenin.com\/"},{"@type":"ListItem","position":2,"name":"Porto- Novo\u00a0: Un conseiller municipal renie Olivier Boko"}]},{"@type":"WebSite","@id":"https:\/\/lepatriotebenin.com\/#website","url":"https:\/\/lepatriotebenin.com\/","name":"Le Patriote","description":"Le Patriote B\u00e9nin","potentialAction":[{"@type":"SearchAction","target":{"@type":"EntryPoint","urlTemplate":"https:\/\/lepatriotebenin.com\/?s={search_term_string}"},"query-input":{"@type":"PropertyValueSpecification","valueRequired":true,"valueName":"search_term_string"}}],"inLanguage":"fr-FR"},{"@type":"Person","@id":"https:\/\/lepatriotebenin.com\/#\/schema\/person\/431e5eef55c02ebf1428603ce8959de6","name":"Marcel ZOUMENOU","image":{"@type":"ImageObject","inLanguage":"fr-FR","@id":"https:\/\/secure.gravatar.com\/avatar\/a986fe63c7fe32322b74e5137cdd4e12d90613a42644cebed7e2d46d8fc58cd4?s=96&d=mm&r=g","url":"https:\/\/secure.gravatar.com\/avatar\/a986fe63c7fe32322b74e5137cdd4e12d90613a42644cebed7e2d46d8fc58cd4?s=96&d=mm&r=g","contentUrl":"https:\/\/secure.gravatar.com\/avatar\/a986fe63c7fe32322b74e5137cdd4e12d90613a42644cebed7e2d46d8fc58cd4?s=96&d=mm&r=g","caption":"Marcel ZOUMENOU"},"url":"https:\/\/lepatriotebenin.com"}]}},"_links":{"self":[{"href":"https:\/\/lepatriotebenin.com\/index.php\/wp-json\/wp\/v2\/posts\/8151","targetHints":{"allow":["GET"]}}],"collection":[{"href":"https:\/\/lepatriotebenin.com\/index.php\/wp-json\/wp\/v2\/posts"}],"about":[{"href":"https:\/\/lepatriotebenin.com\/index.php\/wp-json\/wp\/v2\/types\/post"}],"author":[{"embeddable":true,"href":"https:\/\/lepatriotebenin.com\/index.php\/wp-json\/wp\/v2\/users\/15"}],"replies":[{"embeddable":true,"href":"https:\/\/lepatriotebenin.com\/index.php\/wp-json\/wp\/v2\/comments?post=8151"}],"version-history":[{"count":1,"href":"https:\/\/lepatriotebenin.com\/index.php\/wp-json\/wp\/v2\/posts\/8151\/revisions"}],"predecessor-version":[{"id":8153,"href":"https:\/\/lepatriotebenin.com\/index.php\/wp-json\/wp\/v2\/posts\/8151\/revisions\/8153"}],"wp:featuredmedia":[{"embeddable":true,"href":"https:\/\/lepatriotebenin.com\/index.php\/wp-json\/wp\/v2\/media\/8182"}],"wp:attachment":[{"href":"https:\/\/lepatriotebenin.com\/index.php\/wp-json\/wp\/v2\/media?parent=8151"}],"wp:term":[{"taxonomy":"category","embeddable":true,"href":"https:\/\/lepatriotebenin.com\/index.php\/wp-json\/wp\/v2\/categories?post=8151"},{"taxonomy":"post_tag","embeddable":true,"href":"https:\/\/lepatriotebenin.com\/index.php\/wp-json\/wp\/v2\/tags?post=8151"}],"curies":[{"name":"wp","href":"https:\/\/api.w.org\/{rel}","templated":true}]}}