{"id":7577,"date":"2024-09-02T02:54:05","date_gmt":"2024-09-02T00:54:05","guid":{"rendered":"https:\/\/lepatriotebenin.com\/?p=7577"},"modified":"2024-09-02T14:36:23","modified_gmt":"2024-09-02T12:36:23","slug":"affaire-hounvi-que-cachent-les-changements-de-prison-a-steve-amoussou","status":"publish","type":"post","link":"https:\/\/lepatriotebenin.com\/index.php\/2024\/09\/02\/affaire-hounvi-que-cachent-les-changements-de-prison-a-steve-amoussou\/","title":{"rendered":"Affaire Hounvi : Que cachent les changements de prison \u00e0 Steve Amoussou ?"},"content":{"rendered":"\n<p><strong>Kidnapp\u00e9 dans les rues de Lom\u00e9 au Togo le 12 Ao\u00fbt dernier puis rapatri\u00e9 de force au B\u00e9nin, Steve Amoussou a \u00e9t\u00e9 d\u00e9pos\u00e9 \u00e0 la prison civile de Miss\u00e9r\u00e9t\u00e9 avant d\u2019\u00eatre transf\u00e9r\u00e9 quelques jours plus tard \u00e0 la prison de Ouidah. Dans la foul\u00e9e, ses droits les plus fondamentaux de citoyens pr\u00e9sum\u00e9 coupable d\u2019un fait non encore \u00e9tabli lui ont \u00e9t\u00e9 retir\u00e9s avec des mesures de d\u00e9tention des plus cors\u00e9es. <\/strong><\/p>\n\n\n\n<p>Dans la semaine, les autorit\u00e9s p\u00e9nitentiaires l\u2019ont retourn\u00e9 \u00e0 Miss\u00e9r\u00e9t\u00e9 o\u00f9 il avait \u00e9t\u00e9 d\u00e9pos\u00e9 apr\u00e8s sa br\u00e8ve pr\u00e9sentation au procureur de la CRIET le mardi 20 Ao\u00fbt 2024. De prison en prison, le gouvernement b\u00e9ninois fait promener Steve Amoussou pour des raisons que les b\u00e9ninois ignorent. De quoi ont peur les autorit\u00e9s b\u00e9ninoises pour s\u2019adonner \u00e0 ces transferts incessants du d\u00e9tenu qui continue de crier son innocence ? selon les indiscr\u00e9tions, Steve Amoussou que les autorit\u00e9s b\u00e9ninoises prennent pour le Fr\u00e8re Hounvi, Chroniqueur tr\u00e8s acerbe contre le r\u00e9gime de la Rupture, subirait depuis quelques jours des traitements assimilables \u00e0 de la torture pourtant proscrite par les droits de l\u2019homme. Les transferts \u00e0 n\u2019en point finir du d\u00e9tenu d\u2019une prison \u00e0 une autre, n\u2019ont certainement pour autre but que lui mettre de la pression et le traumatiser afin qu\u2019il avoue les faits que lui reprochent ses kidnappeurs. Steve Amoussou est-il le fr\u00e8re Hounvi recherch\u00e9 ?&nbsp;<\/p>\n\n\n\n<p> A-t-il de complices notamment ceux qui lui fournissent des informations aussi pr\u00e9cises pour autant troubler le sommeil des dirigeants b\u00e9ninois ? Qui sont les sources du chroniqueur Hounvi \u00e0 qui Steve Amoussou est confondu aujourd\u2019hui malgr\u00e9 le refus de ce dernier ? Les strat\u00e9gies du r\u00e9gime en mettant autant de pression sur le d\u00e9tenu est certainement pour obtenir des r\u00e9ponses \u00e0 ces interrogations pour ensuite sceller son sort en le condamnant tr\u00e8s lourdement \u00e0 des peines \u00e0 comme ce fut les cas S\u00e9bastien<strong> Ajavon, Joel A\u00efvo, Reckya Madogou, Komi Koutch\u00e9, Valentin Dj\u00e8nontin ou L\u00e9hady Soglo.<\/strong><\/p>\n\n\n\n<p>Le 7 octobre 2024, date du proc\u00e8s de Steve, les b\u00e9ninois seront fix\u00e9s sur le sort r\u00e9serv\u00e9 \u00e0 ce dernier dont les avocats mobilis\u00e9s pr\u00e9parent activement leur d\u00e9fense.<\/p>\n","protected":false},"excerpt":{"rendered":"<p>Kidnapp\u00e9 dans les rues de Lom\u00e9 au Togo le 12 Ao\u00fbt dernier puis rapatri\u00e9 de force au B\u00e9nin, Steve Amoussou a \u00e9t\u00e9 d\u00e9pos\u00e9 \u00e0 la prison civile de Miss\u00e9r\u00e9t\u00e9 avant&hellip;<\/p>\n","protected":false},"author":12,"featured_media":7578,"comment_status":"open","ping_status":"open","sticky":false,"template":"","format":"standard","meta":{"content-type":"","om_disable_all_campaigns":false,"_monsterinsights_skip_tracking":false,"_monsterinsights_sitenote_active":false,"_monsterinsights_sitenote_note":"","_monsterinsights_sitenote_category":0,"_uf_show_specific_survey":0,"_uf_disable_surveys":false,"footnotes":""},"categories":[26],"tags":[],"class_list":["post-7577","post","type-post","status-publish","format-standard","has-post-thumbnail","hentry","category-politique"],"aioseo_notices":[],"yoast_head":"<!-- This site is optimized with the Yoast SEO plugin v27.5 - https:\/\/yoast.com\/product\/yoast-seo-wordpress\/ -->\n<title>Affaire Hounvi : Que cachent les changements de prison \u00e0 Steve Amoussou ? - Le Patriote<\/title>\n<meta name=\"robots\" content=\"index, follow, max-snippet:-1, max-image-preview:large, max-video-preview:-1\" \/>\n<link rel=\"canonical\" href=\"https:\/\/lepatriotebenin.com\/index.php\/2024\/09\/02\/affaire-hounvi-que-cachent-les-changements-de-prison-a-steve-amoussou\/\" \/>\n<meta property=\"og:locale\" content=\"fr_FR\" \/>\n<meta property=\"og:type\" content=\"article\" \/>\n<meta property=\"og:title\" content=\"Affaire Hounvi : Que cachent les changements de prison \u00e0 Steve Amoussou ? - Le Patriote\" \/>\n<meta property=\"og:description\" content=\"Kidnapp\u00e9 dans les rues de Lom\u00e9 au Togo le 12 Ao\u00fbt dernier puis rapatri\u00e9 de force au B\u00e9nin, Steve Amoussou a \u00e9t\u00e9 d\u00e9pos\u00e9 \u00e0 la prison civile de Miss\u00e9r\u00e9t\u00e9 avant&hellip;\" \/>\n<meta property=\"og:url\" content=\"https:\/\/lepatriotebenin.com\/index.php\/2024\/09\/02\/affaire-hounvi-que-cachent-les-changements-de-prison-a-steve-amoussou\/\" \/>\n<meta property=\"og:site_name\" content=\"Le Patriote\" \/>\n<meta property=\"article:published_time\" content=\"2024-09-02T00:54:05+00:00\" \/>\n<meta property=\"article:modified_time\" content=\"2024-09-02T12:36:23+00:00\" \/>\n<meta property=\"og:image\" content=\"https:\/\/lepatriotebenin.com\/wp-content\/uploads\/2024\/09\/hounvi.jpg\" \/>\n\t<meta property=\"og:image:width\" content=\"550\" \/>\n\t<meta property=\"og:image:height\" content=\"546\" \/>\n\t<meta property=\"og:image:type\" content=\"image\/jpeg\" \/>\n<meta name=\"author\" content=\"Comlan Paul ODAH\" \/>\n<meta name=\"twitter:card\" content=\"summary_large_image\" \/>\n<meta name=\"twitter:label1\" content=\"\u00c9crit par\" \/>\n\t<meta name=\"twitter:data1\" content=\"Comlan Paul ODAH\" \/>\n\t<meta name=\"twitter:label2\" content=\"Dur\u00e9e de lecture estim\u00e9e\" \/>\n\t<meta name=\"twitter:data2\" content=\"2 minutes\" \/>\n<script type=\"application\/ld+json\" class=\"yoast-schema-graph\">{\"@context\":\"https:\\\/\\\/schema.org\",\"@graph\":[{\"@type\":\"Article\",\"@id\":\"https:\\\/\\\/lepatriotebenin.com\\\/index.php\\\/2024\\\/09\\\/02\\\/affaire-hounvi-que-cachent-les-changements-de-prison-a-steve-amoussou\\\/#article\",\"isPartOf\":{\"@id\":\"https:\\\/\\\/lepatriotebenin.com\\\/index.php\\\/2024\\\/09\\\/02\\\/affaire-hounvi-que-cachent-les-changements-de-prison-a-steve-amoussou\\\/\"},\"author\":{\"name\":\"Comlan Paul ODAH\",\"@id\":\"https:\\\/\\\/lepatriotebenin.com\\\/#\\\/schema\\\/person\\\/6486fa44ec286eee49816deb241bcbbf\"},\"headline\":\"Affaire Hounvi : Que cachent les changements de prison \u00e0 Steve Amoussou ?\",\"datePublished\":\"2024-09-02T00:54:05+00:00\",\"dateModified\":\"2024-09-02T12:36:23+00:00\",\"mainEntityOfPage\":{\"@id\":\"https:\\\/\\\/lepatriotebenin.com\\\/index.php\\\/2024\\\/09\\\/02\\\/affaire-hounvi-que-cachent-les-changements-de-prison-a-steve-amoussou\\\/\"},\"wordCount\":399,\"commentCount\":0,\"image\":{\"@id\":\"https:\\\/\\\/lepatriotebenin.com\\\/index.php\\\/2024\\\/09\\\/02\\\/affaire-hounvi-que-cachent-les-changements-de-prison-a-steve-amoussou\\\/#primaryimage\"},\"thumbnailUrl\":\"https:\\\/\\\/lepatriotebenin.com\\\/wp-content\\\/uploads\\\/2024\\\/09\\\/hounvi.jpg\",\"articleSection\":[\"Politique\"],\"inLanguage\":\"fr-FR\",\"potentialAction\":[{\"@type\":\"CommentAction\",\"name\":\"Comment\",\"target\":[\"https:\\\/\\\/lepatriotebenin.com\\\/index.php\\\/2024\\\/09\\\/02\\\/affaire-hounvi-que-cachent-les-changements-de-prison-a-steve-amoussou\\\/#respond\"]}]},{\"@type\":\"WebPage\",\"@id\":\"https:\\\/\\\/lepatriotebenin.com\\\/index.php\\\/2024\\\/09\\\/02\\\/affaire-hounvi-que-cachent-les-changements-de-prison-a-steve-amoussou\\\/\",\"url\":\"https:\\\/\\\/lepatriotebenin.com\\\/index.php\\\/2024\\\/09\\\/02\\\/affaire-hounvi-que-cachent-les-changements-de-prison-a-steve-amoussou\\\/\",\"name\":\"Affaire Hounvi : Que cachent les changements de prison \u00e0 Steve Amoussou ? - Le Patriote\",\"isPartOf\":{\"@id\":\"https:\\\/\\\/lepatriotebenin.com\\\/#website\"},\"primaryImageOfPage\":{\"@id\":\"https:\\\/\\\/lepatriotebenin.com\\\/index.php\\\/2024\\\/09\\\/02\\\/affaire-hounvi-que-cachent-les-changements-de-prison-a-steve-amoussou\\\/#primaryimage\"},\"image\":{\"@id\":\"https:\\\/\\\/lepatriotebenin.com\\\/index.php\\\/2024\\\/09\\\/02\\\/affaire-hounvi-que-cachent-les-changements-de-prison-a-steve-amoussou\\\/#primaryimage\"},\"thumbnailUrl\":\"https:\\\/\\\/lepatriotebenin.com\\\/wp-content\\\/uploads\\\/2024\\\/09\\\/hounvi.jpg\",\"datePublished\":\"2024-09-02T00:54:05+00:00\",\"dateModified\":\"2024-09-02T12:36:23+00:00\",\"author\":{\"@id\":\"https:\\\/\\\/lepatriotebenin.com\\\/#\\\/schema\\\/person\\\/6486fa44ec286eee49816deb241bcbbf\"},\"breadcrumb\":{\"@id\":\"https:\\\/\\\/lepatriotebenin.com\\\/index.php\\\/2024\\\/09\\\/02\\\/affaire-hounvi-que-cachent-les-changements-de-prison-a-steve-amoussou\\\/#breadcrumb\"},\"inLanguage\":\"fr-FR\",\"potentialAction\":[{\"@type\":\"ReadAction\",\"target\":[\"https:\\\/\\\/lepatriotebenin.com\\\/index.php\\\/2024\\\/09\\\/02\\\/affaire-hounvi-que-cachent-les-changements-de-prison-a-steve-amoussou\\\/\"]}]},{\"@type\":\"ImageObject\",\"inLanguage\":\"fr-FR\",\"@id\":\"https:\\\/\\\/lepatriotebenin.com\\\/index.php\\\/2024\\\/09\\\/02\\\/affaire-hounvi-que-cachent-les-changements-de-prison-a-steve-amoussou\\\/#primaryimage\",\"url\":\"https:\\\/\\\/lepatriotebenin.com\\\/wp-content\\\/uploads\\\/2024\\\/09\\\/hounvi.jpg\",\"contentUrl\":\"https:\\\/\\\/lepatriotebenin.com\\\/wp-content\\\/uploads\\\/2024\\\/09\\\/hounvi.jpg\",\"width\":550,\"height\":546},{\"@type\":\"BreadcrumbList\",\"@id\":\"https:\\\/\\\/lepatriotebenin.com\\\/index.php\\\/2024\\\/09\\\/02\\\/affaire-hounvi-que-cachent-les-changements-de-prison-a-steve-amoussou\\\/#breadcrumb\",\"itemListElement\":[{\"@type\":\"ListItem\",\"position\":1,\"name\":\"Accueil\",\"item\":\"https:\\\/\\\/lepatriotebenin.com\\\/\"},{\"@type\":\"ListItem\",\"position\":2,\"name\":\"Affaire Hounvi : Que cachent les changements de prison \u00e0 Steve Amoussou ?\"}]},{\"@type\":\"WebSite\",\"@id\":\"https:\\\/\\\/lepatriotebenin.com\\\/#website\",\"url\":\"https:\\\/\\\/lepatriotebenin.com\\\/\",\"name\":\"Le Patriote\",\"description\":\"Le Patriote B\u00e9nin\",\"potentialAction\":[{\"@type\":\"SearchAction\",\"target\":{\"@type\":\"EntryPoint\",\"urlTemplate\":\"https:\\\/\\\/lepatriotebenin.com\\\/?s={search_term_string}\"},\"query-input\":{\"@type\":\"PropertyValueSpecification\",\"valueRequired\":true,\"valueName\":\"search_term_string\"}}],\"inLanguage\":\"fr-FR\"},{\"@type\":\"Person\",\"@id\":\"https:\\\/\\\/lepatriotebenin.com\\\/#\\\/schema\\\/person\\\/6486fa44ec286eee49816deb241bcbbf\",\"name\":\"Comlan Paul ODAH\",\"image\":{\"@type\":\"ImageObject\",\"inLanguage\":\"fr-FR\",\"@id\":\"https:\\\/\\\/secure.gravatar.com\\\/avatar\\\/c45cf8a86d3cde8c562d63858f4ea8947664bd10708ad75990c2938897d9dbe1?s=96&d=mm&r=g\",\"url\":\"https:\\\/\\\/secure.gravatar.com\\\/avatar\\\/c45cf8a86d3cde8c562d63858f4ea8947664bd10708ad75990c2938897d9dbe1?s=96&d=mm&r=g\",\"contentUrl\":\"https:\\\/\\\/secure.gravatar.com\\\/avatar\\\/c45cf8a86d3cde8c562d63858f4ea8947664bd10708ad75990c2938897d9dbe1?s=96&d=mm&r=g\",\"caption\":\"Comlan Paul ODAH\"},\"url\":\"https:\\\/\\\/lepatriotebenin.com\"}]}<\/script>\n<!-- \/ Yoast SEO plugin. -->","yoast_head_json":{"title":"Affaire Hounvi : Que cachent les changements de prison \u00e0 Steve Amoussou ? - Le Patriote","robots":{"index":"index","follow":"follow","max-snippet":"max-snippet:-1","max-image-preview":"max-image-preview:large","max-video-preview":"max-video-preview:-1"},"canonical":"https:\/\/lepatriotebenin.com\/index.php\/2024\/09\/02\/affaire-hounvi-que-cachent-les-changements-de-prison-a-steve-amoussou\/","og_locale":"fr_FR","og_type":"article","og_title":"Affaire Hounvi : Que cachent les changements de prison \u00e0 Steve Amoussou ? - Le Patriote","og_description":"Kidnapp\u00e9 dans les rues de Lom\u00e9 au Togo le 12 Ao\u00fbt dernier puis rapatri\u00e9 de force au B\u00e9nin, Steve Amoussou a \u00e9t\u00e9 d\u00e9pos\u00e9 \u00e0 la prison civile de Miss\u00e9r\u00e9t\u00e9 avant&hellip;","og_url":"https:\/\/lepatriotebenin.com\/index.php\/2024\/09\/02\/affaire-hounvi-que-cachent-les-changements-de-prison-a-steve-amoussou\/","og_site_name":"Le Patriote","article_published_time":"2024-09-02T00:54:05+00:00","article_modified_time":"2024-09-02T12:36:23+00:00","og_image":[{"width":550,"height":546,"url":"https:\/\/lepatriotebenin.com\/wp-content\/uploads\/2024\/09\/hounvi.jpg","type":"image\/jpeg"}],"author":"Comlan Paul ODAH","twitter_card":"summary_large_image","twitter_misc":{"\u00c9crit par":"Comlan Paul ODAH","Dur\u00e9e de lecture estim\u00e9e":"2 minutes"},"schema":{"@context":"https:\/\/schema.org","@graph":[{"@type":"Article","@id":"https:\/\/lepatriotebenin.com\/index.php\/2024\/09\/02\/affaire-hounvi-que-cachent-les-changements-de-prison-a-steve-amoussou\/#article","isPartOf":{"@id":"https:\/\/lepatriotebenin.com\/index.php\/2024\/09\/02\/affaire-hounvi-que-cachent-les-changements-de-prison-a-steve-amoussou\/"},"author":{"name":"Comlan Paul ODAH","@id":"https:\/\/lepatriotebenin.com\/#\/schema\/person\/6486fa44ec286eee49816deb241bcbbf"},"headline":"Affaire Hounvi : Que cachent les changements de prison \u00e0 Steve Amoussou ?","datePublished":"2024-09-02T00:54:05+00:00","dateModified":"2024-09-02T12:36:23+00:00","mainEntityOfPage":{"@id":"https:\/\/lepatriotebenin.com\/index.php\/2024\/09\/02\/affaire-hounvi-que-cachent-les-changements-de-prison-a-steve-amoussou\/"},"wordCount":399,"commentCount":0,"image":{"@id":"https:\/\/lepatriotebenin.com\/index.php\/2024\/09\/02\/affaire-hounvi-que-cachent-les-changements-de-prison-a-steve-amoussou\/#primaryimage"},"thumbnailUrl":"https:\/\/lepatriotebenin.com\/wp-content\/uploads\/2024\/09\/hounvi.jpg","articleSection":["Politique"],"inLanguage":"fr-FR","potentialAction":[{"@type":"CommentAction","name":"Comment","target":["https:\/\/lepatriotebenin.com\/index.php\/2024\/09\/02\/affaire-hounvi-que-cachent-les-changements-de-prison-a-steve-amoussou\/#respond"]}]},{"@type":"WebPage","@id":"https:\/\/lepatriotebenin.com\/index.php\/2024\/09\/02\/affaire-hounvi-que-cachent-les-changements-de-prison-a-steve-amoussou\/","url":"https:\/\/lepatriotebenin.com\/index.php\/2024\/09\/02\/affaire-hounvi-que-cachent-les-changements-de-prison-a-steve-amoussou\/","name":"Affaire Hounvi : Que cachent les changements de prison \u00e0 Steve Amoussou ? - Le Patriote","isPartOf":{"@id":"https:\/\/lepatriotebenin.com\/#website"},"primaryImageOfPage":{"@id":"https:\/\/lepatriotebenin.com\/index.php\/2024\/09\/02\/affaire-hounvi-que-cachent-les-changements-de-prison-a-steve-amoussou\/#primaryimage"},"image":{"@id":"https:\/\/lepatriotebenin.com\/index.php\/2024\/09\/02\/affaire-hounvi-que-cachent-les-changements-de-prison-a-steve-amoussou\/#primaryimage"},"thumbnailUrl":"https:\/\/lepatriotebenin.com\/wp-content\/uploads\/2024\/09\/hounvi.jpg","datePublished":"2024-09-02T00:54:05+00:00","dateModified":"2024-09-02T12:36:23+00:00","author":{"@id":"https:\/\/lepatriotebenin.com\/#\/schema\/person\/6486fa44ec286eee49816deb241bcbbf"},"breadcrumb":{"@id":"https:\/\/lepatriotebenin.com\/index.php\/2024\/09\/02\/affaire-hounvi-que-cachent-les-changements-de-prison-a-steve-amoussou\/#breadcrumb"},"inLanguage":"fr-FR","potentialAction":[{"@type":"ReadAction","target":["https:\/\/lepatriotebenin.com\/index.php\/2024\/09\/02\/affaire-hounvi-que-cachent-les-changements-de-prison-a-steve-amoussou\/"]}]},{"@type":"ImageObject","inLanguage":"fr-FR","@id":"https:\/\/lepatriotebenin.com\/index.php\/2024\/09\/02\/affaire-hounvi-que-cachent-les-changements-de-prison-a-steve-amoussou\/#primaryimage","url":"https:\/\/lepatriotebenin.com\/wp-content\/uploads\/2024\/09\/hounvi.jpg","contentUrl":"https:\/\/lepatriotebenin.com\/wp-content\/uploads\/2024\/09\/hounvi.jpg","width":550,"height":546},{"@type":"BreadcrumbList","@id":"https:\/\/lepatriotebenin.com\/index.php\/2024\/09\/02\/affaire-hounvi-que-cachent-les-changements-de-prison-a-steve-amoussou\/#breadcrumb","itemListElement":[{"@type":"ListItem","position":1,"name":"Accueil","item":"https:\/\/lepatriotebenin.com\/"},{"@type":"ListItem","position":2,"name":"Affaire Hounvi : Que cachent les changements de prison \u00e0 Steve Amoussou ?"}]},{"@type":"WebSite","@id":"https:\/\/lepatriotebenin.com\/#website","url":"https:\/\/lepatriotebenin.com\/","name":"Le Patriote","description":"Le Patriote B\u00e9nin","potentialAction":[{"@type":"SearchAction","target":{"@type":"EntryPoint","urlTemplate":"https:\/\/lepatriotebenin.com\/?s={search_term_string}"},"query-input":{"@type":"PropertyValueSpecification","valueRequired":true,"valueName":"search_term_string"}}],"inLanguage":"fr-FR"},{"@type":"Person","@id":"https:\/\/lepatriotebenin.com\/#\/schema\/person\/6486fa44ec286eee49816deb241bcbbf","name":"Comlan Paul ODAH","image":{"@type":"ImageObject","inLanguage":"fr-FR","@id":"https:\/\/secure.gravatar.com\/avatar\/c45cf8a86d3cde8c562d63858f4ea8947664bd10708ad75990c2938897d9dbe1?s=96&d=mm&r=g","url":"https:\/\/secure.gravatar.com\/avatar\/c45cf8a86d3cde8c562d63858f4ea8947664bd10708ad75990c2938897d9dbe1?s=96&d=mm&r=g","contentUrl":"https:\/\/secure.gravatar.com\/avatar\/c45cf8a86d3cde8c562d63858f4ea8947664bd10708ad75990c2938897d9dbe1?s=96&d=mm&r=g","caption":"Comlan Paul ODAH"},"url":"https:\/\/lepatriotebenin.com"}]}},"_links":{"self":[{"href":"https:\/\/lepatriotebenin.com\/index.php\/wp-json\/wp\/v2\/posts\/7577","targetHints":{"allow":["GET"]}}],"collection":[{"href":"https:\/\/lepatriotebenin.com\/index.php\/wp-json\/wp\/v2\/posts"}],"about":[{"href":"https:\/\/lepatriotebenin.com\/index.php\/wp-json\/wp\/v2\/types\/post"}],"author":[{"embeddable":true,"href":"https:\/\/lepatriotebenin.com\/index.php\/wp-json\/wp\/v2\/users\/12"}],"replies":[{"embeddable":true,"href":"https:\/\/lepatriotebenin.com\/index.php\/wp-json\/wp\/v2\/comments?post=7577"}],"version-history":[{"count":2,"href":"https:\/\/lepatriotebenin.com\/index.php\/wp-json\/wp\/v2\/posts\/7577\/revisions"}],"predecessor-version":[{"id":7585,"href":"https:\/\/lepatriotebenin.com\/index.php\/wp-json\/wp\/v2\/posts\/7577\/revisions\/7585"}],"wp:featuredmedia":[{"embeddable":true,"href":"https:\/\/lepatriotebenin.com\/index.php\/wp-json\/wp\/v2\/media\/7578"}],"wp:attachment":[{"href":"https:\/\/lepatriotebenin.com\/index.php\/wp-json\/wp\/v2\/media?parent=7577"}],"wp:term":[{"taxonomy":"category","embeddable":true,"href":"https:\/\/lepatriotebenin.com\/index.php\/wp-json\/wp\/v2\/categories?post=7577"},{"taxonomy":"post_tag","embeddable":true,"href":"https:\/\/lepatriotebenin.com\/index.php\/wp-json\/wp\/v2\/tags?post=7577"}],"curies":[{"name":"wp","href":"https:\/\/api.w.org\/{rel}","templated":true}]}}