{"id":7572,"date":"2024-09-02T01:31:12","date_gmt":"2024-09-01T23:31:12","guid":{"rendered":"https:\/\/lepatriotebenin.com\/?p=7572"},"modified":"2024-09-02T01:32:17","modified_gmt":"2024-09-01T23:32:17","slug":"restitution-des-connaissances-acquises-a-lecole-de-democratie-de-ligd-isaac-togodo-et-4-de-ses-camarades-sensibilisent-sur-le-militantisme-politique","status":"publish","type":"post","link":"https:\/\/lepatriotebenin.com\/index.php\/2024\/09\/02\/restitution-des-connaissances-acquises-a-lecole-de-democratie-de-ligd-isaac-togodo-et-4-de-ses-camarades-sensibilisent-sur-le-militantisme-politique\/","title":{"rendered":"Ecole de d\u00e9mocratie de l\u2019Igd : Isaac Togodo et 4 de ses camarades sensibilisent sur le militantisme politique\u00a0"},"content":{"rendered":"\n<p>Cinq (05) des 30 \u00e9l\u00e8ves de l\u2019\u00c9cole de la D\u00e9mocratie de l\u2019Institut pour la Gouvernance D\u00e9mocratique (Igd) promotion 2024 \u00e9taient ce dimanche 1er Septembre 2024 face aux populations d\u2019Abomey-Calavi, au complexe scolaire La Pers\u00e9v\u00e9rance. Isaac S\u00e8gla Togodo et Latondji Lesth\u00e9neau Awo du parti Les D\u00e9mocrates (LD), le docteur Nadjidath Adom\u00e8 des Forces Cauris pour le D\u00e9veloppement du B\u00e9nin (FCDB), Fabrice S\u00e8houi Doha de GSR et Mathilde Ayadji Agbonoussi de l\u2019Union Progressiste le Renouveau (Up-r), puisque c\u2019est d\u2019eux qu\u2019il s\u2019agit, ont organis\u00e9 au profit de leurs militants, une s\u00e9ance de restitution des connaissances acquises durant leur formation \u00e0 l\u2019\u00e9cole de la d\u00e9mocratie de l\u2019Igd. Trois th\u00e8mes ont \u00e9t\u00e9 d\u00e9velopp\u00e9s et d\u00e9battus au cours de cette s\u00e9ance. L\u2019\u00e9quipe a entretenu l\u2019assistance sur l\u2019observation des \u00e9lections, la E-r\u00e9putation et le leadership politique. En fran\u00e7ais comme en langue Fon, Isaac S\u00e8gla Togodo et ses camarades ont sensibilis\u00e9 les populations mobilis\u00e9es apr\u00e8s avoir pr\u00e9sent\u00e9 aussi bien l\u2019\u00e9cole que l\u2019institut \u00e0 leurs invit\u00e9s. Sur le th\u00e8me relatif \u00e0 l\u2019observation des \u00e9lections, Isaac Togodo et Mathilde Ayadji ont enseign\u00e9 aux militants les diff\u00e9rents types de mission d\u2019observation \u00e9lectorale, les avantages pour l\u2019observateur ainsi que les comportements \u00e0 adopter pour sa s\u00e9curit\u00e9 surtout dans un pays \u00e9tranger. Le docteur Nadjidath Dom\u00e8 quant \u00e0 elle a, en d\u00e9veloppant le th\u00e8me relatif \u00e0 la E-r\u00e9putation, \u00e9duqu\u00e9 les militants sur les dispositions \u00e0 prendre pour pr\u00e9server son image sur les r\u00e9seaux sociaux. Le leadership se construit \u00e0 travers les actions et il faut pour le jeune leader s\u2019armer de courage et de d\u00e9termination pour atteindre ses objectifs, souligne Fabrice S\u00e8houi Doha de GSR. Il a fait savoir qu\u2019un leader doit \u00eatre caract\u00e9ris\u00e9 par la conviction, la pers\u00e9v\u00e9rance et l\u2019engagement.<\/p>\n\n\n\n<p>Dans une ambiance conviviale caract\u00e9ris\u00e9e par des \u00e9changes sans tabou avec des questions les unes aussi pertinentes que les autres, les cinq membres de l\u2019\u00e9quipe de l\u2019\u00e9cole de d\u00e9mocratie ont sensibilis\u00e9 les militants sur le militantisme politique afin de s\u2019outiller pour la rel\u00e8ve de demain. Les participants ont salu\u00e9 l\u2019initiative et ont souhait\u00e9 qu\u2019elle soit p\u00e9rennis\u00e9e et multipli\u00e9e afin de r\u00e9hausser le niveau de militantisme des jeunes b\u00e9ninois.<\/p>\n\n\n\n<figure class=\"wp-block-image size-full\"><img fetchpriority=\"high\" decoding=\"async\" width=\"988\" height=\"456\" src=\"https:\/\/lepatriotebenin.com\/wp-content\/uploads\/2024\/09\/whatsapp-image-2024-09-01-a-23-53-34-aabed257.jpg\" alt=\"\" class=\"wp-image-7574\" srcset=\"https:\/\/lepatriotebenin.com\/wp-content\/uploads\/2024\/09\/whatsapp-image-2024-09-01-a-23-53-34-aabed257.jpg 988w, https:\/\/lepatriotebenin.com\/wp-content\/uploads\/2024\/09\/whatsapp-image-2024-09-01-a-23-53-34-aabed257-300x138.jpg 300w, https:\/\/lepatriotebenin.com\/wp-content\/uploads\/2024\/09\/whatsapp-image-2024-09-01-a-23-53-34-aabed257-768x354.jpg 768w, https:\/\/lepatriotebenin.com\/wp-content\/uploads\/2024\/09\/whatsapp-image-2024-09-01-a-23-53-34-aabed257-585x270.jpg 585w\" sizes=\"(max-width: 988px) 100vw, 988px\" \/><\/figure>\n","protected":false},"excerpt":{"rendered":"<p>Cinq (05) des 30 \u00e9l\u00e8ves de l\u2019\u00c9cole de la D\u00e9mocratie de l\u2019Institut pour la Gouvernance D\u00e9mocratique (Igd) promotion 2024 \u00e9taient ce dimanche 1er Septembre 2024 face aux populations d\u2019Abomey-Calavi, au&hellip;<\/p>\n","protected":false},"author":12,"featured_media":7573,"comment_status":"open","ping_status":"open","sticky":false,"template":"","format":"standard","meta":{"content-type":"","om_disable_all_campaigns":false,"_monsterinsights_skip_tracking":false,"_monsterinsights_sitenote_active":false,"_monsterinsights_sitenote_note":"","_monsterinsights_sitenote_category":0,"_uf_show_specific_survey":0,"_uf_disable_surveys":false,"footnotes":""},"categories":[26],"tags":[],"class_list":["post-7572","post","type-post","status-publish","format-standard","has-post-thumbnail","hentry","category-politique"],"aioseo_notices":[],"yoast_head":"<!-- This site is optimized with the Yoast SEO plugin v27.5 - https:\/\/yoast.com\/product\/yoast-seo-wordpress\/ -->\n<title>Ecole de d\u00e9mocratie de l\u2019Igd : Isaac Togodo et 4 de ses camarades sensibilisent sur le militantisme politique\u00a0 - Le Patriote<\/title>\n<meta name=\"robots\" content=\"index, follow, max-snippet:-1, max-image-preview:large, max-video-preview:-1\" \/>\n<link rel=\"canonical\" href=\"https:\/\/lepatriotebenin.com\/index.php\/2024\/09\/02\/restitution-des-connaissances-acquises-a-lecole-de-democratie-de-ligd-isaac-togodo-et-4-de-ses-camarades-sensibilisent-sur-le-militantisme-politique\/\" \/>\n<meta property=\"og:locale\" content=\"fr_FR\" \/>\n<meta property=\"og:type\" content=\"article\" \/>\n<meta property=\"og:title\" content=\"Ecole de d\u00e9mocratie de l\u2019Igd : Isaac Togodo et 4 de ses camarades sensibilisent sur le militantisme politique\u00a0 - Le Patriote\" \/>\n<meta property=\"og:description\" content=\"Cinq (05) des 30 \u00e9l\u00e8ves de l\u2019\u00c9cole de la D\u00e9mocratie de l\u2019Institut pour la Gouvernance D\u00e9mocratique (Igd) promotion 2024 \u00e9taient ce dimanche 1er Septembre 2024 face aux populations d\u2019Abomey-Calavi, au&hellip;\" \/>\n<meta property=\"og:url\" content=\"https:\/\/lepatriotebenin.com\/index.php\/2024\/09\/02\/restitution-des-connaissances-acquises-a-lecole-de-democratie-de-ligd-isaac-togodo-et-4-de-ses-camarades-sensibilisent-sur-le-militantisme-politique\/\" \/>\n<meta property=\"og:site_name\" content=\"Le Patriote\" \/>\n<meta property=\"article:published_time\" content=\"2024-09-01T23:31:12+00:00\" \/>\n<meta property=\"article:modified_time\" content=\"2024-09-01T23:32:17+00:00\" \/>\n<meta property=\"og:image\" content=\"https:\/\/lepatriotebenin.com\/wp-content\/uploads\/2024\/09\/whatsapp-image-2024-09-01-a-23-53-34-cec3cb00.jpg\" \/>\n\t<meta property=\"og:image:width\" content=\"988\" \/>\n\t<meta property=\"og:image:height\" content=\"456\" \/>\n\t<meta property=\"og:image:type\" content=\"image\/jpeg\" \/>\n<meta name=\"author\" content=\"Comlan Paul ODAH\" \/>\n<meta name=\"twitter:card\" content=\"summary_large_image\" \/>\n<meta name=\"twitter:label1\" content=\"\u00c9crit par\" \/>\n\t<meta name=\"twitter:data1\" content=\"Comlan Paul ODAH\" \/>\n\t<meta name=\"twitter:label2\" content=\"Dur\u00e9e de lecture estim\u00e9e\" \/>\n\t<meta name=\"twitter:data2\" content=\"2 minutes\" \/>\n<script type=\"application\/ld+json\" class=\"yoast-schema-graph\">{\"@context\":\"https:\\\/\\\/schema.org\",\"@graph\":[{\"@type\":\"Article\",\"@id\":\"https:\\\/\\\/lepatriotebenin.com\\\/index.php\\\/2024\\\/09\\\/02\\\/restitution-des-connaissances-acquises-a-lecole-de-democratie-de-ligd-isaac-togodo-et-4-de-ses-camarades-sensibilisent-sur-le-militantisme-politique\\\/#article\",\"isPartOf\":{\"@id\":\"https:\\\/\\\/lepatriotebenin.com\\\/index.php\\\/2024\\\/09\\\/02\\\/restitution-des-connaissances-acquises-a-lecole-de-democratie-de-ligd-isaac-togodo-et-4-de-ses-camarades-sensibilisent-sur-le-militantisme-politique\\\/\"},\"author\":{\"name\":\"Comlan Paul ODAH\",\"@id\":\"https:\\\/\\\/lepatriotebenin.com\\\/#\\\/schema\\\/person\\\/6486fa44ec286eee49816deb241bcbbf\"},\"headline\":\"Ecole de d\u00e9mocratie de l\u2019Igd : Isaac Togodo et 4 de ses camarades sensibilisent sur le militantisme politique\u00a0\",\"datePublished\":\"2024-09-01T23:31:12+00:00\",\"dateModified\":\"2024-09-01T23:32:17+00:00\",\"mainEntityOfPage\":{\"@id\":\"https:\\\/\\\/lepatriotebenin.com\\\/index.php\\\/2024\\\/09\\\/02\\\/restitution-des-connaissances-acquises-a-lecole-de-democratie-de-ligd-isaac-togodo-et-4-de-ses-camarades-sensibilisent-sur-le-militantisme-politique\\\/\"},\"wordCount\":425,\"commentCount\":0,\"image\":{\"@id\":\"https:\\\/\\\/lepatriotebenin.com\\\/index.php\\\/2024\\\/09\\\/02\\\/restitution-des-connaissances-acquises-a-lecole-de-democratie-de-ligd-isaac-togodo-et-4-de-ses-camarades-sensibilisent-sur-le-militantisme-politique\\\/#primaryimage\"},\"thumbnailUrl\":\"https:\\\/\\\/lepatriotebenin.com\\\/wp-content\\\/uploads\\\/2024\\\/09\\\/whatsapp-image-2024-09-01-a-23-53-34-cec3cb00.jpg\",\"articleSection\":[\"Politique\"],\"inLanguage\":\"fr-FR\",\"potentialAction\":[{\"@type\":\"CommentAction\",\"name\":\"Comment\",\"target\":[\"https:\\\/\\\/lepatriotebenin.com\\\/index.php\\\/2024\\\/09\\\/02\\\/restitution-des-connaissances-acquises-a-lecole-de-democratie-de-ligd-isaac-togodo-et-4-de-ses-camarades-sensibilisent-sur-le-militantisme-politique\\\/#respond\"]}]},{\"@type\":\"WebPage\",\"@id\":\"https:\\\/\\\/lepatriotebenin.com\\\/index.php\\\/2024\\\/09\\\/02\\\/restitution-des-connaissances-acquises-a-lecole-de-democratie-de-ligd-isaac-togodo-et-4-de-ses-camarades-sensibilisent-sur-le-militantisme-politique\\\/\",\"url\":\"https:\\\/\\\/lepatriotebenin.com\\\/index.php\\\/2024\\\/09\\\/02\\\/restitution-des-connaissances-acquises-a-lecole-de-democratie-de-ligd-isaac-togodo-et-4-de-ses-camarades-sensibilisent-sur-le-militantisme-politique\\\/\",\"name\":\"Ecole de d\u00e9mocratie de l\u2019Igd : Isaac Togodo et 4 de ses camarades sensibilisent sur le militantisme politique\u00a0 - Le Patriote\",\"isPartOf\":{\"@id\":\"https:\\\/\\\/lepatriotebenin.com\\\/#website\"},\"primaryImageOfPage\":{\"@id\":\"https:\\\/\\\/lepatriotebenin.com\\\/index.php\\\/2024\\\/09\\\/02\\\/restitution-des-connaissances-acquises-a-lecole-de-democratie-de-ligd-isaac-togodo-et-4-de-ses-camarades-sensibilisent-sur-le-militantisme-politique\\\/#primaryimage\"},\"image\":{\"@id\":\"https:\\\/\\\/lepatriotebenin.com\\\/index.php\\\/2024\\\/09\\\/02\\\/restitution-des-connaissances-acquises-a-lecole-de-democratie-de-ligd-isaac-togodo-et-4-de-ses-camarades-sensibilisent-sur-le-militantisme-politique\\\/#primaryimage\"},\"thumbnailUrl\":\"https:\\\/\\\/lepatriotebenin.com\\\/wp-content\\\/uploads\\\/2024\\\/09\\\/whatsapp-image-2024-09-01-a-23-53-34-cec3cb00.jpg\",\"datePublished\":\"2024-09-01T23:31:12+00:00\",\"dateModified\":\"2024-09-01T23:32:17+00:00\",\"author\":{\"@id\":\"https:\\\/\\\/lepatriotebenin.com\\\/#\\\/schema\\\/person\\\/6486fa44ec286eee49816deb241bcbbf\"},\"breadcrumb\":{\"@id\":\"https:\\\/\\\/lepatriotebenin.com\\\/index.php\\\/2024\\\/09\\\/02\\\/restitution-des-connaissances-acquises-a-lecole-de-democratie-de-ligd-isaac-togodo-et-4-de-ses-camarades-sensibilisent-sur-le-militantisme-politique\\\/#breadcrumb\"},\"inLanguage\":\"fr-FR\",\"potentialAction\":[{\"@type\":\"ReadAction\",\"target\":[\"https:\\\/\\\/lepatriotebenin.com\\\/index.php\\\/2024\\\/09\\\/02\\\/restitution-des-connaissances-acquises-a-lecole-de-democratie-de-ligd-isaac-togodo-et-4-de-ses-camarades-sensibilisent-sur-le-militantisme-politique\\\/\"]}]},{\"@type\":\"ImageObject\",\"inLanguage\":\"fr-FR\",\"@id\":\"https:\\\/\\\/lepatriotebenin.com\\\/index.php\\\/2024\\\/09\\\/02\\\/restitution-des-connaissances-acquises-a-lecole-de-democratie-de-ligd-isaac-togodo-et-4-de-ses-camarades-sensibilisent-sur-le-militantisme-politique\\\/#primaryimage\",\"url\":\"https:\\\/\\\/lepatriotebenin.com\\\/wp-content\\\/uploads\\\/2024\\\/09\\\/whatsapp-image-2024-09-01-a-23-53-34-cec3cb00.jpg\",\"contentUrl\":\"https:\\\/\\\/lepatriotebenin.com\\\/wp-content\\\/uploads\\\/2024\\\/09\\\/whatsapp-image-2024-09-01-a-23-53-34-cec3cb00.jpg\",\"width\":988,\"height\":456},{\"@type\":\"BreadcrumbList\",\"@id\":\"https:\\\/\\\/lepatriotebenin.com\\\/index.php\\\/2024\\\/09\\\/02\\\/restitution-des-connaissances-acquises-a-lecole-de-democratie-de-ligd-isaac-togodo-et-4-de-ses-camarades-sensibilisent-sur-le-militantisme-politique\\\/#breadcrumb\",\"itemListElement\":[{\"@type\":\"ListItem\",\"position\":1,\"name\":\"Accueil\",\"item\":\"https:\\\/\\\/lepatriotebenin.com\\\/\"},{\"@type\":\"ListItem\",\"position\":2,\"name\":\"Ecole de d\u00e9mocratie de l\u2019Igd : Isaac Togodo et 4 de ses camarades sensibilisent sur le militantisme politique\u00a0\"}]},{\"@type\":\"WebSite\",\"@id\":\"https:\\\/\\\/lepatriotebenin.com\\\/#website\",\"url\":\"https:\\\/\\\/lepatriotebenin.com\\\/\",\"name\":\"Le Patriote\",\"description\":\"Le Patriote B\u00e9nin\",\"potentialAction\":[{\"@type\":\"SearchAction\",\"target\":{\"@type\":\"EntryPoint\",\"urlTemplate\":\"https:\\\/\\\/lepatriotebenin.com\\\/?s={search_term_string}\"},\"query-input\":{\"@type\":\"PropertyValueSpecification\",\"valueRequired\":true,\"valueName\":\"search_term_string\"}}],\"inLanguage\":\"fr-FR\"},{\"@type\":\"Person\",\"@id\":\"https:\\\/\\\/lepatriotebenin.com\\\/#\\\/schema\\\/person\\\/6486fa44ec286eee49816deb241bcbbf\",\"name\":\"Comlan Paul ODAH\",\"image\":{\"@type\":\"ImageObject\",\"inLanguage\":\"fr-FR\",\"@id\":\"https:\\\/\\\/secure.gravatar.com\\\/avatar\\\/c45cf8a86d3cde8c562d63858f4ea8947664bd10708ad75990c2938897d9dbe1?s=96&d=mm&r=g\",\"url\":\"https:\\\/\\\/secure.gravatar.com\\\/avatar\\\/c45cf8a86d3cde8c562d63858f4ea8947664bd10708ad75990c2938897d9dbe1?s=96&d=mm&r=g\",\"contentUrl\":\"https:\\\/\\\/secure.gravatar.com\\\/avatar\\\/c45cf8a86d3cde8c562d63858f4ea8947664bd10708ad75990c2938897d9dbe1?s=96&d=mm&r=g\",\"caption\":\"Comlan Paul ODAH\"},\"url\":\"https:\\\/\\\/lepatriotebenin.com\"}]}<\/script>\n<!-- \/ Yoast SEO plugin. -->","yoast_head_json":{"title":"Ecole de d\u00e9mocratie de l\u2019Igd : Isaac Togodo et 4 de ses camarades sensibilisent sur le militantisme politique\u00a0 - Le Patriote","robots":{"index":"index","follow":"follow","max-snippet":"max-snippet:-1","max-image-preview":"max-image-preview:large","max-video-preview":"max-video-preview:-1"},"canonical":"https:\/\/lepatriotebenin.com\/index.php\/2024\/09\/02\/restitution-des-connaissances-acquises-a-lecole-de-democratie-de-ligd-isaac-togodo-et-4-de-ses-camarades-sensibilisent-sur-le-militantisme-politique\/","og_locale":"fr_FR","og_type":"article","og_title":"Ecole de d\u00e9mocratie de l\u2019Igd : Isaac Togodo et 4 de ses camarades sensibilisent sur le militantisme politique\u00a0 - Le Patriote","og_description":"Cinq (05) des 30 \u00e9l\u00e8ves de l\u2019\u00c9cole de la D\u00e9mocratie de l\u2019Institut pour la Gouvernance D\u00e9mocratique (Igd) promotion 2024 \u00e9taient ce dimanche 1er Septembre 2024 face aux populations d\u2019Abomey-Calavi, au&hellip;","og_url":"https:\/\/lepatriotebenin.com\/index.php\/2024\/09\/02\/restitution-des-connaissances-acquises-a-lecole-de-democratie-de-ligd-isaac-togodo-et-4-de-ses-camarades-sensibilisent-sur-le-militantisme-politique\/","og_site_name":"Le Patriote","article_published_time":"2024-09-01T23:31:12+00:00","article_modified_time":"2024-09-01T23:32:17+00:00","og_image":[{"width":988,"height":456,"url":"https:\/\/lepatriotebenin.com\/wp-content\/uploads\/2024\/09\/whatsapp-image-2024-09-01-a-23-53-34-cec3cb00.jpg","type":"image\/jpeg"}],"author":"Comlan Paul ODAH","twitter_card":"summary_large_image","twitter_misc":{"\u00c9crit par":"Comlan Paul ODAH","Dur\u00e9e de lecture estim\u00e9e":"2 minutes"},"schema":{"@context":"https:\/\/schema.org","@graph":[{"@type":"Article","@id":"https:\/\/lepatriotebenin.com\/index.php\/2024\/09\/02\/restitution-des-connaissances-acquises-a-lecole-de-democratie-de-ligd-isaac-togodo-et-4-de-ses-camarades-sensibilisent-sur-le-militantisme-politique\/#article","isPartOf":{"@id":"https:\/\/lepatriotebenin.com\/index.php\/2024\/09\/02\/restitution-des-connaissances-acquises-a-lecole-de-democratie-de-ligd-isaac-togodo-et-4-de-ses-camarades-sensibilisent-sur-le-militantisme-politique\/"},"author":{"name":"Comlan Paul ODAH","@id":"https:\/\/lepatriotebenin.com\/#\/schema\/person\/6486fa44ec286eee49816deb241bcbbf"},"headline":"Ecole de d\u00e9mocratie de l\u2019Igd : Isaac Togodo et 4 de ses camarades sensibilisent sur le militantisme politique\u00a0","datePublished":"2024-09-01T23:31:12+00:00","dateModified":"2024-09-01T23:32:17+00:00","mainEntityOfPage":{"@id":"https:\/\/lepatriotebenin.com\/index.php\/2024\/09\/02\/restitution-des-connaissances-acquises-a-lecole-de-democratie-de-ligd-isaac-togodo-et-4-de-ses-camarades-sensibilisent-sur-le-militantisme-politique\/"},"wordCount":425,"commentCount":0,"image":{"@id":"https:\/\/lepatriotebenin.com\/index.php\/2024\/09\/02\/restitution-des-connaissances-acquises-a-lecole-de-democratie-de-ligd-isaac-togodo-et-4-de-ses-camarades-sensibilisent-sur-le-militantisme-politique\/#primaryimage"},"thumbnailUrl":"https:\/\/lepatriotebenin.com\/wp-content\/uploads\/2024\/09\/whatsapp-image-2024-09-01-a-23-53-34-cec3cb00.jpg","articleSection":["Politique"],"inLanguage":"fr-FR","potentialAction":[{"@type":"CommentAction","name":"Comment","target":["https:\/\/lepatriotebenin.com\/index.php\/2024\/09\/02\/restitution-des-connaissances-acquises-a-lecole-de-democratie-de-ligd-isaac-togodo-et-4-de-ses-camarades-sensibilisent-sur-le-militantisme-politique\/#respond"]}]},{"@type":"WebPage","@id":"https:\/\/lepatriotebenin.com\/index.php\/2024\/09\/02\/restitution-des-connaissances-acquises-a-lecole-de-democratie-de-ligd-isaac-togodo-et-4-de-ses-camarades-sensibilisent-sur-le-militantisme-politique\/","url":"https:\/\/lepatriotebenin.com\/index.php\/2024\/09\/02\/restitution-des-connaissances-acquises-a-lecole-de-democratie-de-ligd-isaac-togodo-et-4-de-ses-camarades-sensibilisent-sur-le-militantisme-politique\/","name":"Ecole de d\u00e9mocratie de l\u2019Igd : Isaac Togodo et 4 de ses camarades sensibilisent sur le militantisme politique\u00a0 - Le Patriote","isPartOf":{"@id":"https:\/\/lepatriotebenin.com\/#website"},"primaryImageOfPage":{"@id":"https:\/\/lepatriotebenin.com\/index.php\/2024\/09\/02\/restitution-des-connaissances-acquises-a-lecole-de-democratie-de-ligd-isaac-togodo-et-4-de-ses-camarades-sensibilisent-sur-le-militantisme-politique\/#primaryimage"},"image":{"@id":"https:\/\/lepatriotebenin.com\/index.php\/2024\/09\/02\/restitution-des-connaissances-acquises-a-lecole-de-democratie-de-ligd-isaac-togodo-et-4-de-ses-camarades-sensibilisent-sur-le-militantisme-politique\/#primaryimage"},"thumbnailUrl":"https:\/\/lepatriotebenin.com\/wp-content\/uploads\/2024\/09\/whatsapp-image-2024-09-01-a-23-53-34-cec3cb00.jpg","datePublished":"2024-09-01T23:31:12+00:00","dateModified":"2024-09-01T23:32:17+00:00","author":{"@id":"https:\/\/lepatriotebenin.com\/#\/schema\/person\/6486fa44ec286eee49816deb241bcbbf"},"breadcrumb":{"@id":"https:\/\/lepatriotebenin.com\/index.php\/2024\/09\/02\/restitution-des-connaissances-acquises-a-lecole-de-democratie-de-ligd-isaac-togodo-et-4-de-ses-camarades-sensibilisent-sur-le-militantisme-politique\/#breadcrumb"},"inLanguage":"fr-FR","potentialAction":[{"@type":"ReadAction","target":["https:\/\/lepatriotebenin.com\/index.php\/2024\/09\/02\/restitution-des-connaissances-acquises-a-lecole-de-democratie-de-ligd-isaac-togodo-et-4-de-ses-camarades-sensibilisent-sur-le-militantisme-politique\/"]}]},{"@type":"ImageObject","inLanguage":"fr-FR","@id":"https:\/\/lepatriotebenin.com\/index.php\/2024\/09\/02\/restitution-des-connaissances-acquises-a-lecole-de-democratie-de-ligd-isaac-togodo-et-4-de-ses-camarades-sensibilisent-sur-le-militantisme-politique\/#primaryimage","url":"https:\/\/lepatriotebenin.com\/wp-content\/uploads\/2024\/09\/whatsapp-image-2024-09-01-a-23-53-34-cec3cb00.jpg","contentUrl":"https:\/\/lepatriotebenin.com\/wp-content\/uploads\/2024\/09\/whatsapp-image-2024-09-01-a-23-53-34-cec3cb00.jpg","width":988,"height":456},{"@type":"BreadcrumbList","@id":"https:\/\/lepatriotebenin.com\/index.php\/2024\/09\/02\/restitution-des-connaissances-acquises-a-lecole-de-democratie-de-ligd-isaac-togodo-et-4-de-ses-camarades-sensibilisent-sur-le-militantisme-politique\/#breadcrumb","itemListElement":[{"@type":"ListItem","position":1,"name":"Accueil","item":"https:\/\/lepatriotebenin.com\/"},{"@type":"ListItem","position":2,"name":"Ecole de d\u00e9mocratie de l\u2019Igd : Isaac Togodo et 4 de ses camarades sensibilisent sur le militantisme politique\u00a0"}]},{"@type":"WebSite","@id":"https:\/\/lepatriotebenin.com\/#website","url":"https:\/\/lepatriotebenin.com\/","name":"Le Patriote","description":"Le Patriote B\u00e9nin","potentialAction":[{"@type":"SearchAction","target":{"@type":"EntryPoint","urlTemplate":"https:\/\/lepatriotebenin.com\/?s={search_term_string}"},"query-input":{"@type":"PropertyValueSpecification","valueRequired":true,"valueName":"search_term_string"}}],"inLanguage":"fr-FR"},{"@type":"Person","@id":"https:\/\/lepatriotebenin.com\/#\/schema\/person\/6486fa44ec286eee49816deb241bcbbf","name":"Comlan Paul ODAH","image":{"@type":"ImageObject","inLanguage":"fr-FR","@id":"https:\/\/secure.gravatar.com\/avatar\/c45cf8a86d3cde8c562d63858f4ea8947664bd10708ad75990c2938897d9dbe1?s=96&d=mm&r=g","url":"https:\/\/secure.gravatar.com\/avatar\/c45cf8a86d3cde8c562d63858f4ea8947664bd10708ad75990c2938897d9dbe1?s=96&d=mm&r=g","contentUrl":"https:\/\/secure.gravatar.com\/avatar\/c45cf8a86d3cde8c562d63858f4ea8947664bd10708ad75990c2938897d9dbe1?s=96&d=mm&r=g","caption":"Comlan Paul ODAH"},"url":"https:\/\/lepatriotebenin.com"}]}},"_links":{"self":[{"href":"https:\/\/lepatriotebenin.com\/index.php\/wp-json\/wp\/v2\/posts\/7572","targetHints":{"allow":["GET"]}}],"collection":[{"href":"https:\/\/lepatriotebenin.com\/index.php\/wp-json\/wp\/v2\/posts"}],"about":[{"href":"https:\/\/lepatriotebenin.com\/index.php\/wp-json\/wp\/v2\/types\/post"}],"author":[{"embeddable":true,"href":"https:\/\/lepatriotebenin.com\/index.php\/wp-json\/wp\/v2\/users\/12"}],"replies":[{"embeddable":true,"href":"https:\/\/lepatriotebenin.com\/index.php\/wp-json\/wp\/v2\/comments?post=7572"}],"version-history":[{"count":2,"href":"https:\/\/lepatriotebenin.com\/index.php\/wp-json\/wp\/v2\/posts\/7572\/revisions"}],"predecessor-version":[{"id":7576,"href":"https:\/\/lepatriotebenin.com\/index.php\/wp-json\/wp\/v2\/posts\/7572\/revisions\/7576"}],"wp:featuredmedia":[{"embeddable":true,"href":"https:\/\/lepatriotebenin.com\/index.php\/wp-json\/wp\/v2\/media\/7573"}],"wp:attachment":[{"href":"https:\/\/lepatriotebenin.com\/index.php\/wp-json\/wp\/v2\/media?parent=7572"}],"wp:term":[{"taxonomy":"category","embeddable":true,"href":"https:\/\/lepatriotebenin.com\/index.php\/wp-json\/wp\/v2\/categories?post=7572"},{"taxonomy":"post_tag","embeddable":true,"href":"https:\/\/lepatriotebenin.com\/index.php\/wp-json\/wp\/v2\/tags?post=7572"}],"curies":[{"name":"wp","href":"https:\/\/api.w.org\/{rel}","templated":true}]}}