{"id":7240,"date":"2024-08-14T17:00:08","date_gmt":"2024-08-14T15:00:08","guid":{"rendered":"https:\/\/lepatriotebenin.com\/?p=7240"},"modified":"2024-08-14T18:22:51","modified_gmt":"2024-08-14T16:22:51","slug":"kidnapping-du-frere-hounvi-les-dessous-du-rocambolesque-rapt","status":"publish","type":"post","link":"https:\/\/lepatriotebenin.com\/index.php\/2024\/08\/14\/kidnapping-du-frere-hounvi-les-dessous-du-rocambolesque-rapt\/","title":{"rendered":"Kidnapping du Fr\u00e8re Hounvi\u00a0: Les dessous du rocambolesque rapt"},"content":{"rendered":"\n<p><strong>Connu et &nbsp;appr\u00e9ci\u00e9 pour ses chroniques politiques tr\u00e8s acerbes contre le r\u00e9gime, Steve Amoussou sous le sobriquet de Fr\u00e8re Hounvi a \u00e9t\u00e9 enlev\u00e9 dans une rue de Lom\u00e9 lundi soir alors qu\u2019il allait acheter de l\u2019huile pour pr\u00e9parer. Le caract\u00e8re commando de cet enl\u00e8vement relance la question sur les m\u00e9thodes d\u2019usage \u00e0 la police et les techniques barbares de collecte de renseignement<\/strong>.<\/p>\n\n\n\n<p>Le kidnapping du Fr\u00e8re Hounvi \u00e0 Lom\u00e9 dans la nuit du lundi 12 ao\u00fbt \u00e9tonne par son caract\u00e8re odieux et crapuleux et rappelle \u00e0 maints \u00e9gards l\u2019op\u00e9ration \u00ab&nbsp;Trident de Neptune&nbsp;\u00bb qui a permis \u00e0 l\u2019arm\u00e9e am\u00e9ricaine d\u2019aller abattre le 2 mai 2011 \u00e0 Abbottabad en territoire pakistanais le patron d\u2019Al Qaida Houssama Ben Laden. A la nuance qu\u2019ici, il s\u2019agit d\u2019un terroriste dont la t\u00eate a \u00e9t\u00e9 mise \u00e0 prix par les Etats Unis. Le profil du kidnapp\u00e9 de Lom\u00e9 est bien diff\u00e9rent, disons m\u00eame bien \u00e9loign\u00e9 de celui du barbu reclus \u00e0 Abbottabad. Cette op\u00e9ration fut faite \u00e0 l\u2019insu de l\u2019arm\u00e9e et de la police pakistanaise comme d\u2019ailleurs celle qui a permis de kidnapper Hounvi. Journaliste de formation, il s\u2019engage dans la presse b\u00e9ninoise o\u00f9 les conditions pr\u00e9caires de vie et de travail ne lui facilitent pas les choses. Mais en 2015, il est rep\u00each\u00e9 dans la cellule de communication de S\u00e9bastien Adjavon, alors candidat \u00e0 l\u2019\u00e9lection pr\u00e9sidentielle de mars 2016. Il r\u00eavait d\u2019une bonne carri\u00e8re dans la communication mais les brouilles entre son mentor et le nouveau chef de l\u2019Etat donne un nouvel itin\u00e9raire \u00e0 sa vie professionnelle. Il fut contraint \u00e0 s\u2019exiler mais avec son talent, il se mue en web chroniqueur politique. Ses chroniques tr\u00e8s appr\u00e9ci\u00e9es et partag\u00e9es comme des petits pains sur les r\u00e9seaux sociaux lui conf\u00e8rent une grande r\u00e9putation autant que son nom pseudonyme suscite myst\u00e8re et interrogation.<\/p>\n\n\n\n<p><strong>Un rapt pr\u00e9par\u00e9 avec minutie&nbsp;<\/strong><\/p>\n\n\n\n<p>Recherch\u00e9 depuis des lustres par la police r\u00e9publicaine pour ses chroniques tr\u00e8s peu tendres contre Talon et son syst\u00e8me, \u00ab\u00a0Fr\u00e8re Hounvi\u00a0\u00bb faisait l\u2019objet d\u2019un espionnage particulier. La police qui travaillait sans d\u00e9couragement a fini par tomber sur une\u00a0\u00ab\u00a0bonne\u00a0\u00bb piste. Elle a r\u00e9ussi \u00e0 identifier F\u00e9r\u00e9olle Akueson un de ses collaborateurs, un graphiste qui l\u2019aidait dans le montage de ses chroniques. La police r\u00e9ussit \u00e0 l\u2019arr\u00eater le dimanche 04 ao\u00fbt \u00e0 l\u2019\u00e9glise en pleine messe. L\u2019interrogatoire de ce dernier am\u00e8ne \u00e0 une autre personne Rom\u00e9o de Montagu\u00e8re, lui aussi collaborateur du chroniqueur. Les perquisitions dans leurs domiciles et les fouilles de leurs ordinateurs et t\u00e9l\u00e9phones portables ont permis de disposer d\u2019un faisceau d\u2019informations qui ont permis de localiser fr\u00e8re Hounvi \u00e0 Lom\u00e9. Dans la foul\u00e9e, son fr\u00e8re jumeau aurait \u00e9t\u00e9 aussi arr\u00eat\u00e9, \u00e9cout\u00e9 puis lib\u00e9r\u00e9. Ses deux collaborateurs ont \u00e9t\u00e9 mis sous mandat de d\u00e9p\u00f4t le vendredi 09 ao\u00fbt \u00e0 la prison civile d\u2019Abomey-Calavi et leur proc\u00e8s est pr\u00e9vu pour le 7 octobre prochain. Selon des sources proches du dossier, ils sont accus\u00e9s de cybercriminalit\u00e9, chantage au gouvernement et atteinte \u00e0 la suret\u00e9 de l\u2019Etat. De l\u2019autre c\u00f4t\u00e9, la police enclenche l\u2019op\u00e9ration d\u2019arrestation du chroniqueur \u00e0 Lom\u00e9. Compte tenu de la nature des relations diplomatiques entre Lom\u00e9 et Cotonou, elle opte alors pour un rapt. La police a acquis de l\u2019exp\u00e9rience pour ce genre d\u2019op\u00e9rations ces derni\u00e8res ann\u00e9es avec les expertises\u00a0 \u00e9trang\u00e8res, rwandaises et isra\u00e9liennes en l\u2019occurrence,\u00a0 et l\u2019acquisition d\u2019\u00e9quipements appropri\u00e9s. La preuve, depuis 2019, la majorit\u00e9 des arrestations d\u2019opposants ont eu lieu par des rapts.\u00a0 Cette fois-ci, il faut intervenir en terre \u00e9trang\u00e8re sans que la police et l\u2019arm\u00e9e togolaise ne puissent se rendre compte de rien. Un v\u00e9hicule Suv est pr\u00e9par\u00e9 pour l\u2019op\u00e9ration avec des hommes. Les hommes ont commenc\u00e9 \u00e0 roder autour de l\u2019immeuble o\u00f9 vivait fr\u00e8re Hounvi trois jours avant l\u2019op\u00e9ration. L\u2019ordre leur a \u00e9t\u00e9 donn\u00e9 de n\u2019agir que la nuit afin que l\u2019op\u00e9ration ne suscite pas trop d\u2019attention et de r\u00e9actions. Ce lundi soir aux environs de 22h \u00e0 Adidogom\u00e8, Fr\u00e8re Hounvi \u00a0\u00e9tait all\u00e9 acheter de l\u2019huile pour faire la cuisine quand il a \u00e9t\u00e9 pris et jet\u00e9 de force dans le v\u00e9hicule 4 X 4 de plaque bleue et d\u2019immatriculation b\u00e9ninoise. Au retour, le v\u00e9hicule a d\u00fb emprunter un itin\u00e9raire bien tortueux afin de brouiller les pistes, surtout la police togolaise qui s\u2019est lanc\u00e9e \u00e0 leurs trousses apr\u00e8s avoir appris l\u2019enl\u00e8vement. Le trajet va durer toute la nuit \u00a0avant que Hounvi ne soit amen\u00e9 hier au Centre National d\u2019Investigations Num\u00e9riques(CNIN), ex-OCRC o\u00f9 il est gard\u00e9 et auditionn\u00e9 depuis hier.<\/p>\n\n\n\n<p><strong>Branle-bas \u00e0 la mouvance<\/strong><\/p>\n\n\n\n<p>Depuis l\u2019annonce du kidnapping de Fr\u00e8re Hounvi \u00e0 Lom\u00e9, opposants politiques, acteurs de la soci\u00e9t\u00e9 civile, citoyens sont tous constern\u00e9s. Certains partis politiques dont Les D\u00e9mocrates, le NFN et d\u2019autres leaders politiques de la diaspora ont d\u00e9j\u00e0 r\u00e9agi pour s\u2019insurger contre ce rapt digne des Etats voyous. &nbsp;Mais en dehors d\u2019eux, son arrestation intrigue et inqui\u00e8te plusieurs acteurs politiques proches du pouvoir. Selon des sources concordances, les nombreuses r\u00e9v\u00e9lations faites par fr\u00e8re Hounvi dans ses chroniques provenaient de frustr\u00e9s de la mouvance et m\u00eame de certaines sources tr\u00e8s introduites dans l\u2019entourage pr\u00e9sidentiel. Depuis son arrestation, une peur bleue s\u2019est empar\u00e9e de beaucoup parmi eux. Certains se sont m\u00eame mis \u00e0 l\u2019abri d\u00e9j\u00e0 craignant que le chroniqueur arr\u00eat\u00e9 ne passe aux aveux , au cours des auditions auxquelles il sera soumis. &nbsp;<\/p>\n\n\n\n<p><\/p>\n","protected":false},"excerpt":{"rendered":"<p>Connu et &nbsp;appr\u00e9ci\u00e9 pour ses chroniques politiques tr\u00e8s acerbes contre le r\u00e9gime, Steve Amoussou sous le sobriquet de Fr\u00e8re Hounvi a \u00e9t\u00e9 enlev\u00e9 dans une rue de Lom\u00e9 lundi soir&hellip;<\/p>\n","protected":false},"author":10,"featured_media":7241,"comment_status":"open","ping_status":"open","sticky":false,"template":"","format":"standard","meta":{"content-type":"","om_disable_all_campaigns":false,"_monsterinsights_skip_tracking":false,"_monsterinsights_sitenote_active":false,"_monsterinsights_sitenote_note":"","_monsterinsights_sitenote_category":0,"_uf_show_specific_survey":0,"_uf_disable_surveys":false,"footnotes":""},"categories":[26],"tags":[],"class_list":["post-7240","post","type-post","status-publish","format-standard","has-post-thumbnail","hentry","category-politique"],"aioseo_notices":[],"yoast_head":"<!-- This site is optimized with the Yoast SEO plugin v27.5 - https:\/\/yoast.com\/product\/yoast-seo-wordpress\/ -->\n<title>Kidnapping du Fr\u00e8re Hounvi\u00a0: Les dessous du rocambolesque rapt - Le Patriote<\/title>\n<meta name=\"robots\" content=\"index, follow, max-snippet:-1, max-image-preview:large, max-video-preview:-1\" \/>\n<link rel=\"canonical\" href=\"https:\/\/lepatriotebenin.com\/index.php\/2024\/08\/14\/kidnapping-du-frere-hounvi-les-dessous-du-rocambolesque-rapt\/\" \/>\n<meta property=\"og:locale\" content=\"fr_FR\" \/>\n<meta property=\"og:type\" content=\"article\" \/>\n<meta property=\"og:title\" content=\"Kidnapping du Fr\u00e8re Hounvi\u00a0: Les dessous du rocambolesque rapt - Le Patriote\" \/>\n<meta property=\"og:description\" content=\"Connu et &nbsp;appr\u00e9ci\u00e9 pour ses chroniques politiques tr\u00e8s acerbes contre le r\u00e9gime, Steve Amoussou sous le sobriquet de Fr\u00e8re Hounvi a \u00e9t\u00e9 enlev\u00e9 dans une rue de Lom\u00e9 lundi soir&hellip;\" \/>\n<meta property=\"og:url\" content=\"https:\/\/lepatriotebenin.com\/index.php\/2024\/08\/14\/kidnapping-du-frere-hounvi-les-dessous-du-rocambolesque-rapt\/\" \/>\n<meta property=\"og:site_name\" content=\"Le Patriote\" \/>\n<meta property=\"article:published_time\" content=\"2024-08-14T15:00:08+00:00\" \/>\n<meta property=\"article:modified_time\" content=\"2024-08-14T16:22:51+00:00\" \/>\n<meta property=\"og:image\" content=\"https:\/\/lepatriotebenin.com\/wp-content\/uploads\/2024\/08\/hounvi-fr7res.jpg\" \/>\n\t<meta property=\"og:image:width\" content=\"887\" \/>\n\t<meta property=\"og:image:height\" content=\"593\" \/>\n\t<meta property=\"og:image:type\" content=\"image\/jpeg\" \/>\n<meta name=\"author\" content=\"Marcel\" \/>\n<meta name=\"twitter:card\" content=\"summary_large_image\" \/>\n<meta name=\"twitter:label1\" content=\"\u00c9crit par\" \/>\n\t<meta name=\"twitter:data1\" content=\"Marcel\" \/>\n\t<meta name=\"twitter:label2\" content=\"Dur\u00e9e de lecture estim\u00e9e\" \/>\n\t<meta name=\"twitter:data2\" content=\"5 minutes\" \/>\n<script type=\"application\/ld+json\" class=\"yoast-schema-graph\">{\"@context\":\"https:\\\/\\\/schema.org\",\"@graph\":[{\"@type\":\"Article\",\"@id\":\"https:\\\/\\\/lepatriotebenin.com\\\/index.php\\\/2024\\\/08\\\/14\\\/kidnapping-du-frere-hounvi-les-dessous-du-rocambolesque-rapt\\\/#article\",\"isPartOf\":{\"@id\":\"https:\\\/\\\/lepatriotebenin.com\\\/index.php\\\/2024\\\/08\\\/14\\\/kidnapping-du-frere-hounvi-les-dessous-du-rocambolesque-rapt\\\/\"},\"author\":{\"name\":\"Marcel\",\"@id\":\"https:\\\/\\\/lepatriotebenin.com\\\/#\\\/schema\\\/person\\\/db51339221c9b1bc5de71e1d09f5c9ce\"},\"headline\":\"Kidnapping du Fr\u00e8re Hounvi\u00a0: Les dessous du rocambolesque rapt\",\"datePublished\":\"2024-08-14T15:00:08+00:00\",\"dateModified\":\"2024-08-14T16:22:51+00:00\",\"mainEntityOfPage\":{\"@id\":\"https:\\\/\\\/lepatriotebenin.com\\\/index.php\\\/2024\\\/08\\\/14\\\/kidnapping-du-frere-hounvi-les-dessous-du-rocambolesque-rapt\\\/\"},\"wordCount\":1005,\"commentCount\":4,\"image\":{\"@id\":\"https:\\\/\\\/lepatriotebenin.com\\\/index.php\\\/2024\\\/08\\\/14\\\/kidnapping-du-frere-hounvi-les-dessous-du-rocambolesque-rapt\\\/#primaryimage\"},\"thumbnailUrl\":\"https:\\\/\\\/lepatriotebenin.com\\\/wp-content\\\/uploads\\\/2024\\\/08\\\/hounvi-fr7res.jpg\",\"articleSection\":[\"Politique\"],\"inLanguage\":\"fr-FR\",\"potentialAction\":[{\"@type\":\"CommentAction\",\"name\":\"Comment\",\"target\":[\"https:\\\/\\\/lepatriotebenin.com\\\/index.php\\\/2024\\\/08\\\/14\\\/kidnapping-du-frere-hounvi-les-dessous-du-rocambolesque-rapt\\\/#respond\"]}]},{\"@type\":\"WebPage\",\"@id\":\"https:\\\/\\\/lepatriotebenin.com\\\/index.php\\\/2024\\\/08\\\/14\\\/kidnapping-du-frere-hounvi-les-dessous-du-rocambolesque-rapt\\\/\",\"url\":\"https:\\\/\\\/lepatriotebenin.com\\\/index.php\\\/2024\\\/08\\\/14\\\/kidnapping-du-frere-hounvi-les-dessous-du-rocambolesque-rapt\\\/\",\"name\":\"Kidnapping du Fr\u00e8re Hounvi\u00a0: Les dessous du rocambolesque rapt - Le Patriote\",\"isPartOf\":{\"@id\":\"https:\\\/\\\/lepatriotebenin.com\\\/#website\"},\"primaryImageOfPage\":{\"@id\":\"https:\\\/\\\/lepatriotebenin.com\\\/index.php\\\/2024\\\/08\\\/14\\\/kidnapping-du-frere-hounvi-les-dessous-du-rocambolesque-rapt\\\/#primaryimage\"},\"image\":{\"@id\":\"https:\\\/\\\/lepatriotebenin.com\\\/index.php\\\/2024\\\/08\\\/14\\\/kidnapping-du-frere-hounvi-les-dessous-du-rocambolesque-rapt\\\/#primaryimage\"},\"thumbnailUrl\":\"https:\\\/\\\/lepatriotebenin.com\\\/wp-content\\\/uploads\\\/2024\\\/08\\\/hounvi-fr7res.jpg\",\"datePublished\":\"2024-08-14T15:00:08+00:00\",\"dateModified\":\"2024-08-14T16:22:51+00:00\",\"author\":{\"@id\":\"https:\\\/\\\/lepatriotebenin.com\\\/#\\\/schema\\\/person\\\/db51339221c9b1bc5de71e1d09f5c9ce\"},\"breadcrumb\":{\"@id\":\"https:\\\/\\\/lepatriotebenin.com\\\/index.php\\\/2024\\\/08\\\/14\\\/kidnapping-du-frere-hounvi-les-dessous-du-rocambolesque-rapt\\\/#breadcrumb\"},\"inLanguage\":\"fr-FR\",\"potentialAction\":[{\"@type\":\"ReadAction\",\"target\":[\"https:\\\/\\\/lepatriotebenin.com\\\/index.php\\\/2024\\\/08\\\/14\\\/kidnapping-du-frere-hounvi-les-dessous-du-rocambolesque-rapt\\\/\"]}]},{\"@type\":\"ImageObject\",\"inLanguage\":\"fr-FR\",\"@id\":\"https:\\\/\\\/lepatriotebenin.com\\\/index.php\\\/2024\\\/08\\\/14\\\/kidnapping-du-frere-hounvi-les-dessous-du-rocambolesque-rapt\\\/#primaryimage\",\"url\":\"https:\\\/\\\/lepatriotebenin.com\\\/wp-content\\\/uploads\\\/2024\\\/08\\\/hounvi-fr7res.jpg\",\"contentUrl\":\"https:\\\/\\\/lepatriotebenin.com\\\/wp-content\\\/uploads\\\/2024\\\/08\\\/hounvi-fr7res.jpg\",\"width\":887,\"height\":593},{\"@type\":\"BreadcrumbList\",\"@id\":\"https:\\\/\\\/lepatriotebenin.com\\\/index.php\\\/2024\\\/08\\\/14\\\/kidnapping-du-frere-hounvi-les-dessous-du-rocambolesque-rapt\\\/#breadcrumb\",\"itemListElement\":[{\"@type\":\"ListItem\",\"position\":1,\"name\":\"Accueil\",\"item\":\"https:\\\/\\\/lepatriotebenin.com\\\/\"},{\"@type\":\"ListItem\",\"position\":2,\"name\":\"Kidnapping du Fr\u00e8re Hounvi\u00a0: Les dessous du rocambolesque rapt\"}]},{\"@type\":\"WebSite\",\"@id\":\"https:\\\/\\\/lepatriotebenin.com\\\/#website\",\"url\":\"https:\\\/\\\/lepatriotebenin.com\\\/\",\"name\":\"Le Patriote\",\"description\":\"Le Patriote B\u00e9nin\",\"potentialAction\":[{\"@type\":\"SearchAction\",\"target\":{\"@type\":\"EntryPoint\",\"urlTemplate\":\"https:\\\/\\\/lepatriotebenin.com\\\/?s={search_term_string}\"},\"query-input\":{\"@type\":\"PropertyValueSpecification\",\"valueRequired\":true,\"valueName\":\"search_term_string\"}}],\"inLanguage\":\"fr-FR\"},{\"@type\":\"Person\",\"@id\":\"https:\\\/\\\/lepatriotebenin.com\\\/#\\\/schema\\\/person\\\/db51339221c9b1bc5de71e1d09f5c9ce\",\"name\":\"Marcel\",\"image\":{\"@type\":\"ImageObject\",\"inLanguage\":\"fr-FR\",\"@id\":\"https:\\\/\\\/secure.gravatar.com\\\/avatar\\\/8eebacf32f85abde6aa2021a9cd230af413cb99af1bb661976bad9b9d377859f?s=96&d=mm&r=g\",\"url\":\"https:\\\/\\\/secure.gravatar.com\\\/avatar\\\/8eebacf32f85abde6aa2021a9cd230af413cb99af1bb661976bad9b9d377859f?s=96&d=mm&r=g\",\"contentUrl\":\"https:\\\/\\\/secure.gravatar.com\\\/avatar\\\/8eebacf32f85abde6aa2021a9cd230af413cb99af1bb661976bad9b9d377859f?s=96&d=mm&r=g\",\"caption\":\"Marcel\"},\"url\":\"https:\\\/\\\/lepatriotebenin.com\"}]}<\/script>\n<!-- \/ Yoast SEO plugin. -->","yoast_head_json":{"title":"Kidnapping du Fr\u00e8re Hounvi\u00a0: Les dessous du rocambolesque rapt - Le Patriote","robots":{"index":"index","follow":"follow","max-snippet":"max-snippet:-1","max-image-preview":"max-image-preview:large","max-video-preview":"max-video-preview:-1"},"canonical":"https:\/\/lepatriotebenin.com\/index.php\/2024\/08\/14\/kidnapping-du-frere-hounvi-les-dessous-du-rocambolesque-rapt\/","og_locale":"fr_FR","og_type":"article","og_title":"Kidnapping du Fr\u00e8re Hounvi\u00a0: Les dessous du rocambolesque rapt - Le Patriote","og_description":"Connu et &nbsp;appr\u00e9ci\u00e9 pour ses chroniques politiques tr\u00e8s acerbes contre le r\u00e9gime, Steve Amoussou sous le sobriquet de Fr\u00e8re Hounvi a \u00e9t\u00e9 enlev\u00e9 dans une rue de Lom\u00e9 lundi soir&hellip;","og_url":"https:\/\/lepatriotebenin.com\/index.php\/2024\/08\/14\/kidnapping-du-frere-hounvi-les-dessous-du-rocambolesque-rapt\/","og_site_name":"Le Patriote","article_published_time":"2024-08-14T15:00:08+00:00","article_modified_time":"2024-08-14T16:22:51+00:00","og_image":[{"width":887,"height":593,"url":"https:\/\/lepatriotebenin.com\/wp-content\/uploads\/2024\/08\/hounvi-fr7res.jpg","type":"image\/jpeg"}],"author":"Marcel","twitter_card":"summary_large_image","twitter_misc":{"\u00c9crit par":"Marcel","Dur\u00e9e de lecture estim\u00e9e":"5 minutes"},"schema":{"@context":"https:\/\/schema.org","@graph":[{"@type":"Article","@id":"https:\/\/lepatriotebenin.com\/index.php\/2024\/08\/14\/kidnapping-du-frere-hounvi-les-dessous-du-rocambolesque-rapt\/#article","isPartOf":{"@id":"https:\/\/lepatriotebenin.com\/index.php\/2024\/08\/14\/kidnapping-du-frere-hounvi-les-dessous-du-rocambolesque-rapt\/"},"author":{"name":"Marcel","@id":"https:\/\/lepatriotebenin.com\/#\/schema\/person\/db51339221c9b1bc5de71e1d09f5c9ce"},"headline":"Kidnapping du Fr\u00e8re Hounvi\u00a0: Les dessous du rocambolesque rapt","datePublished":"2024-08-14T15:00:08+00:00","dateModified":"2024-08-14T16:22:51+00:00","mainEntityOfPage":{"@id":"https:\/\/lepatriotebenin.com\/index.php\/2024\/08\/14\/kidnapping-du-frere-hounvi-les-dessous-du-rocambolesque-rapt\/"},"wordCount":1005,"commentCount":4,"image":{"@id":"https:\/\/lepatriotebenin.com\/index.php\/2024\/08\/14\/kidnapping-du-frere-hounvi-les-dessous-du-rocambolesque-rapt\/#primaryimage"},"thumbnailUrl":"https:\/\/lepatriotebenin.com\/wp-content\/uploads\/2024\/08\/hounvi-fr7res.jpg","articleSection":["Politique"],"inLanguage":"fr-FR","potentialAction":[{"@type":"CommentAction","name":"Comment","target":["https:\/\/lepatriotebenin.com\/index.php\/2024\/08\/14\/kidnapping-du-frere-hounvi-les-dessous-du-rocambolesque-rapt\/#respond"]}]},{"@type":"WebPage","@id":"https:\/\/lepatriotebenin.com\/index.php\/2024\/08\/14\/kidnapping-du-frere-hounvi-les-dessous-du-rocambolesque-rapt\/","url":"https:\/\/lepatriotebenin.com\/index.php\/2024\/08\/14\/kidnapping-du-frere-hounvi-les-dessous-du-rocambolesque-rapt\/","name":"Kidnapping du Fr\u00e8re Hounvi\u00a0: Les dessous du rocambolesque rapt - Le Patriote","isPartOf":{"@id":"https:\/\/lepatriotebenin.com\/#website"},"primaryImageOfPage":{"@id":"https:\/\/lepatriotebenin.com\/index.php\/2024\/08\/14\/kidnapping-du-frere-hounvi-les-dessous-du-rocambolesque-rapt\/#primaryimage"},"image":{"@id":"https:\/\/lepatriotebenin.com\/index.php\/2024\/08\/14\/kidnapping-du-frere-hounvi-les-dessous-du-rocambolesque-rapt\/#primaryimage"},"thumbnailUrl":"https:\/\/lepatriotebenin.com\/wp-content\/uploads\/2024\/08\/hounvi-fr7res.jpg","datePublished":"2024-08-14T15:00:08+00:00","dateModified":"2024-08-14T16:22:51+00:00","author":{"@id":"https:\/\/lepatriotebenin.com\/#\/schema\/person\/db51339221c9b1bc5de71e1d09f5c9ce"},"breadcrumb":{"@id":"https:\/\/lepatriotebenin.com\/index.php\/2024\/08\/14\/kidnapping-du-frere-hounvi-les-dessous-du-rocambolesque-rapt\/#breadcrumb"},"inLanguage":"fr-FR","potentialAction":[{"@type":"ReadAction","target":["https:\/\/lepatriotebenin.com\/index.php\/2024\/08\/14\/kidnapping-du-frere-hounvi-les-dessous-du-rocambolesque-rapt\/"]}]},{"@type":"ImageObject","inLanguage":"fr-FR","@id":"https:\/\/lepatriotebenin.com\/index.php\/2024\/08\/14\/kidnapping-du-frere-hounvi-les-dessous-du-rocambolesque-rapt\/#primaryimage","url":"https:\/\/lepatriotebenin.com\/wp-content\/uploads\/2024\/08\/hounvi-fr7res.jpg","contentUrl":"https:\/\/lepatriotebenin.com\/wp-content\/uploads\/2024\/08\/hounvi-fr7res.jpg","width":887,"height":593},{"@type":"BreadcrumbList","@id":"https:\/\/lepatriotebenin.com\/index.php\/2024\/08\/14\/kidnapping-du-frere-hounvi-les-dessous-du-rocambolesque-rapt\/#breadcrumb","itemListElement":[{"@type":"ListItem","position":1,"name":"Accueil","item":"https:\/\/lepatriotebenin.com\/"},{"@type":"ListItem","position":2,"name":"Kidnapping du Fr\u00e8re Hounvi\u00a0: Les dessous du rocambolesque rapt"}]},{"@type":"WebSite","@id":"https:\/\/lepatriotebenin.com\/#website","url":"https:\/\/lepatriotebenin.com\/","name":"Le Patriote","description":"Le Patriote B\u00e9nin","potentialAction":[{"@type":"SearchAction","target":{"@type":"EntryPoint","urlTemplate":"https:\/\/lepatriotebenin.com\/?s={search_term_string}"},"query-input":{"@type":"PropertyValueSpecification","valueRequired":true,"valueName":"search_term_string"}}],"inLanguage":"fr-FR"},{"@type":"Person","@id":"https:\/\/lepatriotebenin.com\/#\/schema\/person\/db51339221c9b1bc5de71e1d09f5c9ce","name":"Marcel","image":{"@type":"ImageObject","inLanguage":"fr-FR","@id":"https:\/\/secure.gravatar.com\/avatar\/8eebacf32f85abde6aa2021a9cd230af413cb99af1bb661976bad9b9d377859f?s=96&d=mm&r=g","url":"https:\/\/secure.gravatar.com\/avatar\/8eebacf32f85abde6aa2021a9cd230af413cb99af1bb661976bad9b9d377859f?s=96&d=mm&r=g","contentUrl":"https:\/\/secure.gravatar.com\/avatar\/8eebacf32f85abde6aa2021a9cd230af413cb99af1bb661976bad9b9d377859f?s=96&d=mm&r=g","caption":"Marcel"},"url":"https:\/\/lepatriotebenin.com"}]}},"_links":{"self":[{"href":"https:\/\/lepatriotebenin.com\/index.php\/wp-json\/wp\/v2\/posts\/7240","targetHints":{"allow":["GET"]}}],"collection":[{"href":"https:\/\/lepatriotebenin.com\/index.php\/wp-json\/wp\/v2\/posts"}],"about":[{"href":"https:\/\/lepatriotebenin.com\/index.php\/wp-json\/wp\/v2\/types\/post"}],"author":[{"embeddable":true,"href":"https:\/\/lepatriotebenin.com\/index.php\/wp-json\/wp\/v2\/users\/10"}],"replies":[{"embeddable":true,"href":"https:\/\/lepatriotebenin.com\/index.php\/wp-json\/wp\/v2\/comments?post=7240"}],"version-history":[{"count":3,"href":"https:\/\/lepatriotebenin.com\/index.php\/wp-json\/wp\/v2\/posts\/7240\/revisions"}],"predecessor-version":[{"id":7248,"href":"https:\/\/lepatriotebenin.com\/index.php\/wp-json\/wp\/v2\/posts\/7240\/revisions\/7248"}],"wp:featuredmedia":[{"embeddable":true,"href":"https:\/\/lepatriotebenin.com\/index.php\/wp-json\/wp\/v2\/media\/7241"}],"wp:attachment":[{"href":"https:\/\/lepatriotebenin.com\/index.php\/wp-json\/wp\/v2\/media?parent=7240"}],"wp:term":[{"taxonomy":"category","embeddable":true,"href":"https:\/\/lepatriotebenin.com\/index.php\/wp-json\/wp\/v2\/categories?post=7240"},{"taxonomy":"post_tag","embeddable":true,"href":"https:\/\/lepatriotebenin.com\/index.php\/wp-json\/wp\/v2\/tags?post=7240"}],"curies":[{"name":"wp","href":"https:\/\/api.w.org\/{rel}","templated":true}]}}