{"id":7237,"date":"2024-08-14T14:36:10","date_gmt":"2024-08-14T12:36:10","guid":{"rendered":"https:\/\/lepatriotebenin.com\/?p=7237"},"modified":"2024-08-14T18:00:49","modified_gmt":"2024-08-14T16:00:49","slug":"enlevement-du-frere-hounvi-au-togo-des-beninois-sindignent-et-exigent-sa-protection","status":"publish","type":"post","link":"https:\/\/lepatriotebenin.com\/index.php\/2024\/08\/14\/enlevement-du-frere-hounvi-au-togo-des-beninois-sindignent-et-exigent-sa-protection\/","title":{"rendered":"Enl\u00e8vement de Hounvi : Arouna,Dj\u00e8nontin,Rodriguez,Affo Djobo et Djossou s\u2019indignent et exigent sa protection"},"content":{"rendered":"\n<p>&nbsp; Dans une d\u00e9claration rendue publique ce<strong> mardi 13 ao\u00fbt 2024<\/strong>, des hommes politiques, op\u00e9rateur \u00e9conomique et communicateur d\u00e9noncent avec la derni\u00e8re rigueur l\u2019enl\u00e8vement du chroniqueur Steve<strong>&nbsp; Amoussou<\/strong>&nbsp; alias \u201c<strong>Fr\u00e8re Hounvi\u201d.<\/strong> &nbsp;Ils ont par la suite appel\u00e9<em> \u201cla communaut\u00e9 internationale et les organisations de d\u00e9fense des droits de l\u2019homme \u00e0 se mobiliser imm\u00e9diatement pour assurer la s\u00e9curit\u00e9 du Fr\u00e8re Hounvi et veiller \u00e0 ce qu\u2019il ne soit pas ex\u00e9cut\u00e9 ou soumis \u00e0 des traitements inhumains<\/em>\u201d. Lire l\u2019int\u00e9gralit\u00e9 de la d\u00e9claration.<\/p>\n\n\n\n<div data-wp-interactive=\"core\/file\" class=\"wp-block-file\"><object data-wp-bind--hidden=\"!state.hasPdfPreview\" hidden class=\"wp-block-file__embed\" data=\"https:\/\/lepatriotebenin.com\/wp-content\/uploads\/2024\/08\/declaration-d1.pdf\" type=\"application\/pdf\" style=\"width:100%;height:600px\" aria-label=\"Contenu embarqu\u00e9 declaration-d1.\"><\/object><a id=\"wp-block-file--media-5fb89deb-862a-406f-b802-2b1620fe094f\" href=\"https:\/\/lepatriotebenin.com\/wp-content\/uploads\/2024\/08\/declaration-d1.pdf\">declaration-d1<\/a><a href=\"https:\/\/lepatriotebenin.com\/wp-content\/uploads\/2024\/08\/declaration-d1.pdf\" class=\"wp-block-file__button wp-element-button\" download aria-describedby=\"wp-block-file--media-5fb89deb-862a-406f-b802-2b1620fe094f\">T\u00e9l\u00e9charger<\/a><\/div>\n","protected":false},"excerpt":{"rendered":"<p>&nbsp; Dans une d\u00e9claration rendue publique ce mardi 13 ao\u00fbt 2024, des hommes politiques, op\u00e9rateur \u00e9conomique et communicateur d\u00e9noncent avec la derni\u00e8re rigueur l\u2019enl\u00e8vement du chroniqueur Steve&nbsp; Amoussou&nbsp; alias \u201cFr\u00e8re&hellip;<\/p>\n","protected":false},"author":6,"featured_media":7223,"comment_status":"open","ping_status":"open","sticky":false,"template":"","format":"standard","meta":{"content-type":"","om_disable_all_campaigns":false,"_monsterinsights_skip_tracking":false,"_monsterinsights_sitenote_active":false,"_monsterinsights_sitenote_note":"","_monsterinsights_sitenote_category":0,"_uf_show_specific_survey":0,"_uf_disable_surveys":false,"footnotes":""},"categories":[26],"tags":[],"class_list":["post-7237","post","type-post","status-publish","format-standard","has-post-thumbnail","hentry","category-politique"],"aioseo_notices":[],"yoast_head":"<!-- This site is optimized with the Yoast SEO plugin v27.5 - https:\/\/yoast.com\/product\/yoast-seo-wordpress\/ -->\n<title>Enl\u00e8vement de Hounvi : Arouna,Dj\u00e8nontin,Rodriguez,Affo Djobo et Djossou s\u2019indignent et exigent sa protection - Le Patriote<\/title>\n<meta name=\"robots\" content=\"index, follow, max-snippet:-1, max-image-preview:large, max-video-preview:-1\" \/>\n<link rel=\"canonical\" href=\"https:\/\/lepatriotebenin.com\/index.php\/2024\/08\/14\/enlevement-du-frere-hounvi-au-togo-des-beninois-sindignent-et-exigent-sa-protection\/\" \/>\n<meta property=\"og:locale\" content=\"fr_FR\" \/>\n<meta property=\"og:type\" content=\"article\" \/>\n<meta property=\"og:title\" content=\"Enl\u00e8vement de Hounvi : Arouna,Dj\u00e8nontin,Rodriguez,Affo Djobo et Djossou s\u2019indignent et exigent sa protection - Le Patriote\" \/>\n<meta property=\"og:description\" content=\"&nbsp; Dans une d\u00e9claration rendue publique ce mardi 13 ao\u00fbt 2024, des hommes politiques, op\u00e9rateur \u00e9conomique et communicateur d\u00e9noncent avec la derni\u00e8re rigueur l\u2019enl\u00e8vement du chroniqueur Steve&nbsp; Amoussou&nbsp; alias \u201cFr\u00e8re&hellip;\" \/>\n<meta property=\"og:url\" content=\"https:\/\/lepatriotebenin.com\/index.php\/2024\/08\/14\/enlevement-du-frere-hounvi-au-togo-des-beninois-sindignent-et-exigent-sa-protection\/\" \/>\n<meta property=\"og:site_name\" content=\"Le Patriote\" \/>\n<meta property=\"article:published_time\" content=\"2024-08-14T12:36:10+00:00\" \/>\n<meta property=\"article:modified_time\" content=\"2024-08-14T16:00:49+00:00\" \/>\n<meta property=\"og:image\" content=\"https:\/\/lepatriotebenin.com\/wp-content\/uploads\/2024\/08\/hounvi.jpg\" \/>\n\t<meta property=\"og:image:width\" content=\"960\" \/>\n\t<meta property=\"og:image:height\" content=\"960\" \/>\n\t<meta property=\"og:image:type\" content=\"image\/jpeg\" \/>\n<meta name=\"author\" content=\"Roland AFFANOU\" \/>\n<meta name=\"twitter:card\" content=\"summary_large_image\" \/>\n<meta name=\"twitter:label1\" content=\"\u00c9crit par\" \/>\n\t<meta name=\"twitter:data1\" content=\"Roland AFFANOU\" \/>\n\t<meta name=\"twitter:label2\" content=\"Dur\u00e9e de lecture estim\u00e9e\" \/>\n\t<meta name=\"twitter:data2\" content=\"1 minute\" \/>\n<script type=\"application\/ld+json\" class=\"yoast-schema-graph\">{\"@context\":\"https:\\\/\\\/schema.org\",\"@graph\":[{\"@type\":\"Article\",\"@id\":\"https:\\\/\\\/lepatriotebenin.com\\\/index.php\\\/2024\\\/08\\\/14\\\/enlevement-du-frere-hounvi-au-togo-des-beninois-sindignent-et-exigent-sa-protection\\\/#article\",\"isPartOf\":{\"@id\":\"https:\\\/\\\/lepatriotebenin.com\\\/index.php\\\/2024\\\/08\\\/14\\\/enlevement-du-frere-hounvi-au-togo-des-beninois-sindignent-et-exigent-sa-protection\\\/\"},\"author\":{\"name\":\"Roland AFFANOU\",\"@id\":\"https:\\\/\\\/lepatriotebenin.com\\\/#\\\/schema\\\/person\\\/4a9b67216c97d04045e01405c534c91f\"},\"headline\":\"Enl\u00e8vement de Hounvi : Arouna,Dj\u00e8nontin,Rodriguez,Affo Djobo et Djossou s\u2019indignent et exigent sa protection\",\"datePublished\":\"2024-08-14T12:36:10+00:00\",\"dateModified\":\"2024-08-14T16:00:49+00:00\",\"mainEntityOfPage\":{\"@id\":\"https:\\\/\\\/lepatriotebenin.com\\\/index.php\\\/2024\\\/08\\\/14\\\/enlevement-du-frere-hounvi-au-togo-des-beninois-sindignent-et-exigent-sa-protection\\\/\"},\"wordCount\":118,\"commentCount\":0,\"image\":{\"@id\":\"https:\\\/\\\/lepatriotebenin.com\\\/index.php\\\/2024\\\/08\\\/14\\\/enlevement-du-frere-hounvi-au-togo-des-beninois-sindignent-et-exigent-sa-protection\\\/#primaryimage\"},\"thumbnailUrl\":\"https:\\\/\\\/lepatriotebenin.com\\\/wp-content\\\/uploads\\\/2024\\\/08\\\/hounvi.jpg\",\"articleSection\":[\"Politique\"],\"inLanguage\":\"fr-FR\",\"potentialAction\":[{\"@type\":\"CommentAction\",\"name\":\"Comment\",\"target\":[\"https:\\\/\\\/lepatriotebenin.com\\\/index.php\\\/2024\\\/08\\\/14\\\/enlevement-du-frere-hounvi-au-togo-des-beninois-sindignent-et-exigent-sa-protection\\\/#respond\"]}]},{\"@type\":\"WebPage\",\"@id\":\"https:\\\/\\\/lepatriotebenin.com\\\/index.php\\\/2024\\\/08\\\/14\\\/enlevement-du-frere-hounvi-au-togo-des-beninois-sindignent-et-exigent-sa-protection\\\/\",\"url\":\"https:\\\/\\\/lepatriotebenin.com\\\/index.php\\\/2024\\\/08\\\/14\\\/enlevement-du-frere-hounvi-au-togo-des-beninois-sindignent-et-exigent-sa-protection\\\/\",\"name\":\"Enl\u00e8vement de Hounvi : Arouna,Dj\u00e8nontin,Rodriguez,Affo Djobo et Djossou s\u2019indignent et exigent sa protection - Le Patriote\",\"isPartOf\":{\"@id\":\"https:\\\/\\\/lepatriotebenin.com\\\/#website\"},\"primaryImageOfPage\":{\"@id\":\"https:\\\/\\\/lepatriotebenin.com\\\/index.php\\\/2024\\\/08\\\/14\\\/enlevement-du-frere-hounvi-au-togo-des-beninois-sindignent-et-exigent-sa-protection\\\/#primaryimage\"},\"image\":{\"@id\":\"https:\\\/\\\/lepatriotebenin.com\\\/index.php\\\/2024\\\/08\\\/14\\\/enlevement-du-frere-hounvi-au-togo-des-beninois-sindignent-et-exigent-sa-protection\\\/#primaryimage\"},\"thumbnailUrl\":\"https:\\\/\\\/lepatriotebenin.com\\\/wp-content\\\/uploads\\\/2024\\\/08\\\/hounvi.jpg\",\"datePublished\":\"2024-08-14T12:36:10+00:00\",\"dateModified\":\"2024-08-14T16:00:49+00:00\",\"author\":{\"@id\":\"https:\\\/\\\/lepatriotebenin.com\\\/#\\\/schema\\\/person\\\/4a9b67216c97d04045e01405c534c91f\"},\"breadcrumb\":{\"@id\":\"https:\\\/\\\/lepatriotebenin.com\\\/index.php\\\/2024\\\/08\\\/14\\\/enlevement-du-frere-hounvi-au-togo-des-beninois-sindignent-et-exigent-sa-protection\\\/#breadcrumb\"},\"inLanguage\":\"fr-FR\",\"potentialAction\":[{\"@type\":\"ReadAction\",\"target\":[\"https:\\\/\\\/lepatriotebenin.com\\\/index.php\\\/2024\\\/08\\\/14\\\/enlevement-du-frere-hounvi-au-togo-des-beninois-sindignent-et-exigent-sa-protection\\\/\"]}]},{\"@type\":\"ImageObject\",\"inLanguage\":\"fr-FR\",\"@id\":\"https:\\\/\\\/lepatriotebenin.com\\\/index.php\\\/2024\\\/08\\\/14\\\/enlevement-du-frere-hounvi-au-togo-des-beninois-sindignent-et-exigent-sa-protection\\\/#primaryimage\",\"url\":\"https:\\\/\\\/lepatriotebenin.com\\\/wp-content\\\/uploads\\\/2024\\\/08\\\/hounvi.jpg\",\"contentUrl\":\"https:\\\/\\\/lepatriotebenin.com\\\/wp-content\\\/uploads\\\/2024\\\/08\\\/hounvi.jpg\",\"width\":960,\"height\":960},{\"@type\":\"BreadcrumbList\",\"@id\":\"https:\\\/\\\/lepatriotebenin.com\\\/index.php\\\/2024\\\/08\\\/14\\\/enlevement-du-frere-hounvi-au-togo-des-beninois-sindignent-et-exigent-sa-protection\\\/#breadcrumb\",\"itemListElement\":[{\"@type\":\"ListItem\",\"position\":1,\"name\":\"Accueil\",\"item\":\"https:\\\/\\\/lepatriotebenin.com\\\/\"},{\"@type\":\"ListItem\",\"position\":2,\"name\":\"Enl\u00e8vement de Hounvi : Arouna,Dj\u00e8nontin,Rodriguez,Affo Djobo et Djossou s\u2019indignent et exigent sa protection\"}]},{\"@type\":\"WebSite\",\"@id\":\"https:\\\/\\\/lepatriotebenin.com\\\/#website\",\"url\":\"https:\\\/\\\/lepatriotebenin.com\\\/\",\"name\":\"Le Patriote\",\"description\":\"Le Patriote B\u00e9nin\",\"potentialAction\":[{\"@type\":\"SearchAction\",\"target\":{\"@type\":\"EntryPoint\",\"urlTemplate\":\"https:\\\/\\\/lepatriotebenin.com\\\/?s={search_term_string}\"},\"query-input\":{\"@type\":\"PropertyValueSpecification\",\"valueRequired\":true,\"valueName\":\"search_term_string\"}}],\"inLanguage\":\"fr-FR\"},{\"@type\":\"Person\",\"@id\":\"https:\\\/\\\/lepatriotebenin.com\\\/#\\\/schema\\\/person\\\/4a9b67216c97d04045e01405c534c91f\",\"name\":\"Roland AFFANOU\",\"image\":{\"@type\":\"ImageObject\",\"inLanguage\":\"fr-FR\",\"@id\":\"https:\\\/\\\/secure.gravatar.com\\\/avatar\\\/7209d3f6d2d47ea4d0c67e14d3effb61feb10ae540a4381280c66265de5bd643?s=96&d=mm&r=g\",\"url\":\"https:\\\/\\\/secure.gravatar.com\\\/avatar\\\/7209d3f6d2d47ea4d0c67e14d3effb61feb10ae540a4381280c66265de5bd643?s=96&d=mm&r=g\",\"contentUrl\":\"https:\\\/\\\/secure.gravatar.com\\\/avatar\\\/7209d3f6d2d47ea4d0c67e14d3effb61feb10ae540a4381280c66265de5bd643?s=96&d=mm&r=g\",\"caption\":\"Roland AFFANOU\"},\"url\":\"https:\\\/\\\/lepatriotebenin.com\"}]}<\/script>\n<!-- \/ Yoast SEO plugin. -->","yoast_head_json":{"title":"Enl\u00e8vement de Hounvi : Arouna,Dj\u00e8nontin,Rodriguez,Affo Djobo et Djossou s\u2019indignent et exigent sa protection - Le Patriote","robots":{"index":"index","follow":"follow","max-snippet":"max-snippet:-1","max-image-preview":"max-image-preview:large","max-video-preview":"max-video-preview:-1"},"canonical":"https:\/\/lepatriotebenin.com\/index.php\/2024\/08\/14\/enlevement-du-frere-hounvi-au-togo-des-beninois-sindignent-et-exigent-sa-protection\/","og_locale":"fr_FR","og_type":"article","og_title":"Enl\u00e8vement de Hounvi : Arouna,Dj\u00e8nontin,Rodriguez,Affo Djobo et Djossou s\u2019indignent et exigent sa protection - Le Patriote","og_description":"&nbsp; Dans une d\u00e9claration rendue publique ce mardi 13 ao\u00fbt 2024, des hommes politiques, op\u00e9rateur \u00e9conomique et communicateur d\u00e9noncent avec la derni\u00e8re rigueur l\u2019enl\u00e8vement du chroniqueur Steve&nbsp; Amoussou&nbsp; alias \u201cFr\u00e8re&hellip;","og_url":"https:\/\/lepatriotebenin.com\/index.php\/2024\/08\/14\/enlevement-du-frere-hounvi-au-togo-des-beninois-sindignent-et-exigent-sa-protection\/","og_site_name":"Le Patriote","article_published_time":"2024-08-14T12:36:10+00:00","article_modified_time":"2024-08-14T16:00:49+00:00","og_image":[{"width":960,"height":960,"url":"https:\/\/lepatriotebenin.com\/wp-content\/uploads\/2024\/08\/hounvi.jpg","type":"image\/jpeg"}],"author":"Roland AFFANOU","twitter_card":"summary_large_image","twitter_misc":{"\u00c9crit par":"Roland AFFANOU","Dur\u00e9e de lecture estim\u00e9e":"1 minute"},"schema":{"@context":"https:\/\/schema.org","@graph":[{"@type":"Article","@id":"https:\/\/lepatriotebenin.com\/index.php\/2024\/08\/14\/enlevement-du-frere-hounvi-au-togo-des-beninois-sindignent-et-exigent-sa-protection\/#article","isPartOf":{"@id":"https:\/\/lepatriotebenin.com\/index.php\/2024\/08\/14\/enlevement-du-frere-hounvi-au-togo-des-beninois-sindignent-et-exigent-sa-protection\/"},"author":{"name":"Roland AFFANOU","@id":"https:\/\/lepatriotebenin.com\/#\/schema\/person\/4a9b67216c97d04045e01405c534c91f"},"headline":"Enl\u00e8vement de Hounvi : Arouna,Dj\u00e8nontin,Rodriguez,Affo Djobo et Djossou s\u2019indignent et exigent sa protection","datePublished":"2024-08-14T12:36:10+00:00","dateModified":"2024-08-14T16:00:49+00:00","mainEntityOfPage":{"@id":"https:\/\/lepatriotebenin.com\/index.php\/2024\/08\/14\/enlevement-du-frere-hounvi-au-togo-des-beninois-sindignent-et-exigent-sa-protection\/"},"wordCount":118,"commentCount":0,"image":{"@id":"https:\/\/lepatriotebenin.com\/index.php\/2024\/08\/14\/enlevement-du-frere-hounvi-au-togo-des-beninois-sindignent-et-exigent-sa-protection\/#primaryimage"},"thumbnailUrl":"https:\/\/lepatriotebenin.com\/wp-content\/uploads\/2024\/08\/hounvi.jpg","articleSection":["Politique"],"inLanguage":"fr-FR","potentialAction":[{"@type":"CommentAction","name":"Comment","target":["https:\/\/lepatriotebenin.com\/index.php\/2024\/08\/14\/enlevement-du-frere-hounvi-au-togo-des-beninois-sindignent-et-exigent-sa-protection\/#respond"]}]},{"@type":"WebPage","@id":"https:\/\/lepatriotebenin.com\/index.php\/2024\/08\/14\/enlevement-du-frere-hounvi-au-togo-des-beninois-sindignent-et-exigent-sa-protection\/","url":"https:\/\/lepatriotebenin.com\/index.php\/2024\/08\/14\/enlevement-du-frere-hounvi-au-togo-des-beninois-sindignent-et-exigent-sa-protection\/","name":"Enl\u00e8vement de Hounvi : Arouna,Dj\u00e8nontin,Rodriguez,Affo Djobo et Djossou s\u2019indignent et exigent sa protection - Le Patriote","isPartOf":{"@id":"https:\/\/lepatriotebenin.com\/#website"},"primaryImageOfPage":{"@id":"https:\/\/lepatriotebenin.com\/index.php\/2024\/08\/14\/enlevement-du-frere-hounvi-au-togo-des-beninois-sindignent-et-exigent-sa-protection\/#primaryimage"},"image":{"@id":"https:\/\/lepatriotebenin.com\/index.php\/2024\/08\/14\/enlevement-du-frere-hounvi-au-togo-des-beninois-sindignent-et-exigent-sa-protection\/#primaryimage"},"thumbnailUrl":"https:\/\/lepatriotebenin.com\/wp-content\/uploads\/2024\/08\/hounvi.jpg","datePublished":"2024-08-14T12:36:10+00:00","dateModified":"2024-08-14T16:00:49+00:00","author":{"@id":"https:\/\/lepatriotebenin.com\/#\/schema\/person\/4a9b67216c97d04045e01405c534c91f"},"breadcrumb":{"@id":"https:\/\/lepatriotebenin.com\/index.php\/2024\/08\/14\/enlevement-du-frere-hounvi-au-togo-des-beninois-sindignent-et-exigent-sa-protection\/#breadcrumb"},"inLanguage":"fr-FR","potentialAction":[{"@type":"ReadAction","target":["https:\/\/lepatriotebenin.com\/index.php\/2024\/08\/14\/enlevement-du-frere-hounvi-au-togo-des-beninois-sindignent-et-exigent-sa-protection\/"]}]},{"@type":"ImageObject","inLanguage":"fr-FR","@id":"https:\/\/lepatriotebenin.com\/index.php\/2024\/08\/14\/enlevement-du-frere-hounvi-au-togo-des-beninois-sindignent-et-exigent-sa-protection\/#primaryimage","url":"https:\/\/lepatriotebenin.com\/wp-content\/uploads\/2024\/08\/hounvi.jpg","contentUrl":"https:\/\/lepatriotebenin.com\/wp-content\/uploads\/2024\/08\/hounvi.jpg","width":960,"height":960},{"@type":"BreadcrumbList","@id":"https:\/\/lepatriotebenin.com\/index.php\/2024\/08\/14\/enlevement-du-frere-hounvi-au-togo-des-beninois-sindignent-et-exigent-sa-protection\/#breadcrumb","itemListElement":[{"@type":"ListItem","position":1,"name":"Accueil","item":"https:\/\/lepatriotebenin.com\/"},{"@type":"ListItem","position":2,"name":"Enl\u00e8vement de Hounvi : Arouna,Dj\u00e8nontin,Rodriguez,Affo Djobo et Djossou s\u2019indignent et exigent sa protection"}]},{"@type":"WebSite","@id":"https:\/\/lepatriotebenin.com\/#website","url":"https:\/\/lepatriotebenin.com\/","name":"Le Patriote","description":"Le Patriote B\u00e9nin","potentialAction":[{"@type":"SearchAction","target":{"@type":"EntryPoint","urlTemplate":"https:\/\/lepatriotebenin.com\/?s={search_term_string}"},"query-input":{"@type":"PropertyValueSpecification","valueRequired":true,"valueName":"search_term_string"}}],"inLanguage":"fr-FR"},{"@type":"Person","@id":"https:\/\/lepatriotebenin.com\/#\/schema\/person\/4a9b67216c97d04045e01405c534c91f","name":"Roland AFFANOU","image":{"@type":"ImageObject","inLanguage":"fr-FR","@id":"https:\/\/secure.gravatar.com\/avatar\/7209d3f6d2d47ea4d0c67e14d3effb61feb10ae540a4381280c66265de5bd643?s=96&d=mm&r=g","url":"https:\/\/secure.gravatar.com\/avatar\/7209d3f6d2d47ea4d0c67e14d3effb61feb10ae540a4381280c66265de5bd643?s=96&d=mm&r=g","contentUrl":"https:\/\/secure.gravatar.com\/avatar\/7209d3f6d2d47ea4d0c67e14d3effb61feb10ae540a4381280c66265de5bd643?s=96&d=mm&r=g","caption":"Roland AFFANOU"},"url":"https:\/\/lepatriotebenin.com"}]}},"_links":{"self":[{"href":"https:\/\/lepatriotebenin.com\/index.php\/wp-json\/wp\/v2\/posts\/7237","targetHints":{"allow":["GET"]}}],"collection":[{"href":"https:\/\/lepatriotebenin.com\/index.php\/wp-json\/wp\/v2\/posts"}],"about":[{"href":"https:\/\/lepatriotebenin.com\/index.php\/wp-json\/wp\/v2\/types\/post"}],"author":[{"embeddable":true,"href":"https:\/\/lepatriotebenin.com\/index.php\/wp-json\/wp\/v2\/users\/6"}],"replies":[{"embeddable":true,"href":"https:\/\/lepatriotebenin.com\/index.php\/wp-json\/wp\/v2\/comments?post=7237"}],"version-history":[{"count":2,"href":"https:\/\/lepatriotebenin.com\/index.php\/wp-json\/wp\/v2\/posts\/7237\/revisions"}],"predecessor-version":[{"id":7244,"href":"https:\/\/lepatriotebenin.com\/index.php\/wp-json\/wp\/v2\/posts\/7237\/revisions\/7244"}],"wp:featuredmedia":[{"embeddable":true,"href":"https:\/\/lepatriotebenin.com\/index.php\/wp-json\/wp\/v2\/media\/7223"}],"wp:attachment":[{"href":"https:\/\/lepatriotebenin.com\/index.php\/wp-json\/wp\/v2\/media?parent=7237"}],"wp:term":[{"taxonomy":"category","embeddable":true,"href":"https:\/\/lepatriotebenin.com\/index.php\/wp-json\/wp\/v2\/categories?post=7237"},{"taxonomy":"post_tag","embeddable":true,"href":"https:\/\/lepatriotebenin.com\/index.php\/wp-json\/wp\/v2\/tags?post=7237"}],"curies":[{"name":"wp","href":"https:\/\/api.w.org\/{rel}","templated":true}]}}