{"id":6957,"date":"2024-07-31T19:16:31","date_gmt":"2024-07-31T17:16:31","guid":{"rendered":"https:\/\/lepatriotebenin.com\/?p=6957"},"modified":"2024-07-31T19:16:31","modified_gmt":"2024-07-31T17:16:31","slug":"celebration-de-la-fete-de-lindependance-2024-aucun-chef-detat-etranger-annonce","status":"publish","type":"post","link":"https:\/\/lepatriotebenin.com\/index.php\/2024\/07\/31\/celebration-de-la-fete-de-lindependance-2024-aucun-chef-detat-etranger-annonce\/","title":{"rendered":"C\u00e9l\u00e9bration de la f\u00eate de l\u2019ind\u00e9pendance 2024 : Aucun Chef d\u2019Etat \u00e9tranger annonc\u00e9"},"content":{"rendered":"\n<p>Le B\u00e9nin c\u00e9l\u00e8brera ce<strong> jeudi 1er Ao\u00fbt 2024 <\/strong>le 64\u00e8me anniversaire de son accession \u00e0 la souverainet\u00e9 nationale. D\u00e9j\u00e0, de petits plats seraient entrain d\u2019\u00eatre mis dans les grands pour la r\u00e9ussite de l\u2019\u00e9v\u00e9nement. L\u2019opposition contrairement aux ann\u00e9es ant\u00e9rieures a annonc\u00e9 sa participation aux manifestations pr\u00e9vues \u00e0 la place de l\u2019Amazone \u00e0 Cotonou. Seulement, contrairement aux \u00e9ditions pr\u00e9c\u00e9dentes, aucun chef d\u2019Etat \u00e9tranger ne sera aux c\u00f4t\u00e9s du pr\u00e9sident Patrice Talon \u00e0 cette f\u00eate qui a vu la participation de plusieurs pr\u00e9sidents africains, dans un pass\u00e9 r\u00e9cent.<\/p>\n\n\n\n<p> En <strong>2023<\/strong>, seul le pr\u00e9sident Nig\u00e9rian <strong>Bola Tinubu<\/strong> a r\u00e9pondu \u00e0 l\u2019invitation du Pr\u00e9sident Patrice Talon. La diplomatie b\u00e9ninoise est donc en berne, le pays est compl\u00e8tement isol\u00e9 \u00e0 commencer par son pr\u00e9sident qui, par des \u00e9v\u00e8nements tels que la fermeture des fronti\u00e8res, l\u2019exclusion de l\u2019opposition de toutes les instances politiques d\u00e9cisions (Cena, ANIP, Cour Constitutionnelle etc ) et l\u2019\u00e9loignement des hommes d\u2019affaires de la sph\u00e8re \u00e9conomique du B\u00e9nin, s\u2019est mis la corde au cou et s\u2019est rendu le B\u00e9nin ingouvernable. Si les deux anciens pr\u00e9sidents b\u00e9ninois<strong> Boni Yayi et Nic\u00e9phore Dieudonn\u00e9 Soglo<\/strong> se sont invit\u00e9s au r\u00e8glement de la crise entre le B\u00e9nin et le Niger, cela t\u00e9moigne de l\u2019incapacit\u00e9 du r\u00e9gime en place \u00e0 faire bouger les lignes du point de vue diplomatique rendant le Pays radioactif aux autres Chefs d\u2019Etat surtout africains qui survolent simplement le B\u00e9nin.<\/p>\n\n\n\n<p>Au moment o\u00f9 nous finalisons cet article, aucun chef d\u2019Etat n\u2019est annonc\u00e9 pour participer aux c\u00f4t\u00e9s de Patrice Talon, aux manifestations entrant dans le cadre de la c\u00e9l\u00e9bration de l\u2019ind\u00e9pendance du Benin. Heureusement pour lui que l\u2019opposition et surtout les deux anciens pr\u00e9sidents b\u00e9ninois participeront aux d\u00e9fil\u00e9s.<\/p>\n\n\n\n<p><strong>Comlan Paul ODAH<\/strong><\/p>\n","protected":false},"excerpt":{"rendered":"<p>Le B\u00e9nin c\u00e9l\u00e8brera ce jeudi 1er Ao\u00fbt 2024 le 64\u00e8me anniversaire de son accession \u00e0 la souverainet\u00e9 nationale. D\u00e9j\u00e0, de petits plats seraient entrain d\u2019\u00eatre mis dans les grands pour&hellip;<\/p>\n","protected":false},"author":5,"featured_media":6958,"comment_status":"open","ping_status":"open","sticky":false,"template":"","format":"standard","meta":{"content-type":"","om_disable_all_campaigns":false,"_monsterinsights_skip_tracking":false,"_monsterinsights_sitenote_active":false,"_monsterinsights_sitenote_note":"","_monsterinsights_sitenote_category":0,"_uf_show_specific_survey":0,"_uf_disable_surveys":false,"footnotes":""},"categories":[26],"tags":[],"class_list":["post-6957","post","type-post","status-publish","format-standard","has-post-thumbnail","hentry","category-politique"],"aioseo_notices":[],"yoast_head":"<!-- This site is optimized with the Yoast SEO plugin v27.5 - https:\/\/yoast.com\/product\/yoast-seo-wordpress\/ -->\n<title>C\u00e9l\u00e9bration de la f\u00eate de l\u2019ind\u00e9pendance 2024 : Aucun Chef d\u2019Etat \u00e9tranger annonc\u00e9 - Le Patriote<\/title>\n<meta name=\"robots\" content=\"index, follow, max-snippet:-1, max-image-preview:large, max-video-preview:-1\" \/>\n<link rel=\"canonical\" href=\"https:\/\/lepatriotebenin.com\/index.php\/2024\/07\/31\/celebration-de-la-fete-de-lindependance-2024-aucun-chef-detat-etranger-annonce\/\" \/>\n<meta property=\"og:locale\" content=\"fr_FR\" \/>\n<meta property=\"og:type\" content=\"article\" \/>\n<meta property=\"og:title\" content=\"C\u00e9l\u00e9bration de la f\u00eate de l\u2019ind\u00e9pendance 2024 : Aucun Chef d\u2019Etat \u00e9tranger annonc\u00e9 - Le Patriote\" \/>\n<meta property=\"og:description\" content=\"Le B\u00e9nin c\u00e9l\u00e8brera ce jeudi 1er Ao\u00fbt 2024 le 64\u00e8me anniversaire de son accession \u00e0 la souverainet\u00e9 nationale. D\u00e9j\u00e0, de petits plats seraient entrain d\u2019\u00eatre mis dans les grands pour&hellip;\" \/>\n<meta property=\"og:url\" content=\"https:\/\/lepatriotebenin.com\/index.php\/2024\/07\/31\/celebration-de-la-fete-de-lindependance-2024-aucun-chef-detat-etranger-annonce\/\" \/>\n<meta property=\"og:site_name\" content=\"Le Patriote\" \/>\n<meta property=\"article:published_time\" content=\"2024-07-31T17:16:31+00:00\" \/>\n<meta property=\"og:image\" content=\"https:\/\/lepatriotebenin.com\/wp-content\/uploads\/2024\/07\/defile.jpg\" \/>\n\t<meta property=\"og:image:width\" content=\"850\" \/>\n\t<meta property=\"og:image:height\" content=\"560\" \/>\n\t<meta property=\"og:image:type\" content=\"image\/jpeg\" \/>\n<meta name=\"author\" content=\"Redaction\" \/>\n<meta name=\"twitter:card\" content=\"summary_large_image\" \/>\n<meta name=\"twitter:label1\" content=\"\u00c9crit par\" \/>\n\t<meta name=\"twitter:data1\" content=\"Redaction\" \/>\n\t<meta name=\"twitter:label2\" content=\"Dur\u00e9e de lecture estim\u00e9e\" \/>\n\t<meta name=\"twitter:data2\" content=\"2 minutes\" \/>\n<script type=\"application\/ld+json\" class=\"yoast-schema-graph\">{\"@context\":\"https:\\\/\\\/schema.org\",\"@graph\":[{\"@type\":\"Article\",\"@id\":\"https:\\\/\\\/lepatriotebenin.com\\\/index.php\\\/2024\\\/07\\\/31\\\/celebration-de-la-fete-de-lindependance-2024-aucun-chef-detat-etranger-annonce\\\/#article\",\"isPartOf\":{\"@id\":\"https:\\\/\\\/lepatriotebenin.com\\\/index.php\\\/2024\\\/07\\\/31\\\/celebration-de-la-fete-de-lindependance-2024-aucun-chef-detat-etranger-annonce\\\/\"},\"author\":{\"name\":\"Redaction\",\"@id\":\"https:\\\/\\\/lepatriotebenin.com\\\/#\\\/schema\\\/person\\\/2e7709b9c9cc313e452d1136af61690f\"},\"headline\":\"C\u00e9l\u00e9bration de la f\u00eate de l\u2019ind\u00e9pendance 2024 : Aucun Chef d\u2019Etat \u00e9tranger annonc\u00e9\",\"datePublished\":\"2024-07-31T17:16:31+00:00\",\"mainEntityOfPage\":{\"@id\":\"https:\\\/\\\/lepatriotebenin.com\\\/index.php\\\/2024\\\/07\\\/31\\\/celebration-de-la-fete-de-lindependance-2024-aucun-chef-detat-etranger-annonce\\\/\"},\"wordCount\":350,\"commentCount\":0,\"image\":{\"@id\":\"https:\\\/\\\/lepatriotebenin.com\\\/index.php\\\/2024\\\/07\\\/31\\\/celebration-de-la-fete-de-lindependance-2024-aucun-chef-detat-etranger-annonce\\\/#primaryimage\"},\"thumbnailUrl\":\"https:\\\/\\\/lepatriotebenin.com\\\/wp-content\\\/uploads\\\/2024\\\/07\\\/defile.jpg\",\"articleSection\":[\"Politique\"],\"inLanguage\":\"fr-FR\",\"potentialAction\":[{\"@type\":\"CommentAction\",\"name\":\"Comment\",\"target\":[\"https:\\\/\\\/lepatriotebenin.com\\\/index.php\\\/2024\\\/07\\\/31\\\/celebration-de-la-fete-de-lindependance-2024-aucun-chef-detat-etranger-annonce\\\/#respond\"]}]},{\"@type\":\"WebPage\",\"@id\":\"https:\\\/\\\/lepatriotebenin.com\\\/index.php\\\/2024\\\/07\\\/31\\\/celebration-de-la-fete-de-lindependance-2024-aucun-chef-detat-etranger-annonce\\\/\",\"url\":\"https:\\\/\\\/lepatriotebenin.com\\\/index.php\\\/2024\\\/07\\\/31\\\/celebration-de-la-fete-de-lindependance-2024-aucun-chef-detat-etranger-annonce\\\/\",\"name\":\"C\u00e9l\u00e9bration de la f\u00eate de l\u2019ind\u00e9pendance 2024 : Aucun Chef d\u2019Etat \u00e9tranger annonc\u00e9 - Le Patriote\",\"isPartOf\":{\"@id\":\"https:\\\/\\\/lepatriotebenin.com\\\/#website\"},\"primaryImageOfPage\":{\"@id\":\"https:\\\/\\\/lepatriotebenin.com\\\/index.php\\\/2024\\\/07\\\/31\\\/celebration-de-la-fete-de-lindependance-2024-aucun-chef-detat-etranger-annonce\\\/#primaryimage\"},\"image\":{\"@id\":\"https:\\\/\\\/lepatriotebenin.com\\\/index.php\\\/2024\\\/07\\\/31\\\/celebration-de-la-fete-de-lindependance-2024-aucun-chef-detat-etranger-annonce\\\/#primaryimage\"},\"thumbnailUrl\":\"https:\\\/\\\/lepatriotebenin.com\\\/wp-content\\\/uploads\\\/2024\\\/07\\\/defile.jpg\",\"datePublished\":\"2024-07-31T17:16:31+00:00\",\"author\":{\"@id\":\"https:\\\/\\\/lepatriotebenin.com\\\/#\\\/schema\\\/person\\\/2e7709b9c9cc313e452d1136af61690f\"},\"breadcrumb\":{\"@id\":\"https:\\\/\\\/lepatriotebenin.com\\\/index.php\\\/2024\\\/07\\\/31\\\/celebration-de-la-fete-de-lindependance-2024-aucun-chef-detat-etranger-annonce\\\/#breadcrumb\"},\"inLanguage\":\"fr-FR\",\"potentialAction\":[{\"@type\":\"ReadAction\",\"target\":[\"https:\\\/\\\/lepatriotebenin.com\\\/index.php\\\/2024\\\/07\\\/31\\\/celebration-de-la-fete-de-lindependance-2024-aucun-chef-detat-etranger-annonce\\\/\"]}]},{\"@type\":\"ImageObject\",\"inLanguage\":\"fr-FR\",\"@id\":\"https:\\\/\\\/lepatriotebenin.com\\\/index.php\\\/2024\\\/07\\\/31\\\/celebration-de-la-fete-de-lindependance-2024-aucun-chef-detat-etranger-annonce\\\/#primaryimage\",\"url\":\"https:\\\/\\\/lepatriotebenin.com\\\/wp-content\\\/uploads\\\/2024\\\/07\\\/defile.jpg\",\"contentUrl\":\"https:\\\/\\\/lepatriotebenin.com\\\/wp-content\\\/uploads\\\/2024\\\/07\\\/defile.jpg\",\"width\":850,\"height\":560},{\"@type\":\"BreadcrumbList\",\"@id\":\"https:\\\/\\\/lepatriotebenin.com\\\/index.php\\\/2024\\\/07\\\/31\\\/celebration-de-la-fete-de-lindependance-2024-aucun-chef-detat-etranger-annonce\\\/#breadcrumb\",\"itemListElement\":[{\"@type\":\"ListItem\",\"position\":1,\"name\":\"Accueil\",\"item\":\"https:\\\/\\\/lepatriotebenin.com\\\/\"},{\"@type\":\"ListItem\",\"position\":2,\"name\":\"C\u00e9l\u00e9bration de la f\u00eate de l\u2019ind\u00e9pendance 2024 : Aucun Chef d\u2019Etat \u00e9tranger annonc\u00e9\"}]},{\"@type\":\"WebSite\",\"@id\":\"https:\\\/\\\/lepatriotebenin.com\\\/#website\",\"url\":\"https:\\\/\\\/lepatriotebenin.com\\\/\",\"name\":\"Le Patriote\",\"description\":\"Le Patriote B\u00e9nin\",\"potentialAction\":[{\"@type\":\"SearchAction\",\"target\":{\"@type\":\"EntryPoint\",\"urlTemplate\":\"https:\\\/\\\/lepatriotebenin.com\\\/?s={search_term_string}\"},\"query-input\":{\"@type\":\"PropertyValueSpecification\",\"valueRequired\":true,\"valueName\":\"search_term_string\"}}],\"inLanguage\":\"fr-FR\"},{\"@type\":\"Person\",\"@id\":\"https:\\\/\\\/lepatriotebenin.com\\\/#\\\/schema\\\/person\\\/2e7709b9c9cc313e452d1136af61690f\",\"name\":\"Redaction\",\"image\":{\"@type\":\"ImageObject\",\"inLanguage\":\"fr-FR\",\"@id\":\"https:\\\/\\\/secure.gravatar.com\\\/avatar\\\/c4c509357859ea2ca2cbb6d8812898a73e4ef1ef9934c2e591d7e32face734d1?s=96&d=mm&r=g\",\"url\":\"https:\\\/\\\/secure.gravatar.com\\\/avatar\\\/c4c509357859ea2ca2cbb6d8812898a73e4ef1ef9934c2e591d7e32face734d1?s=96&d=mm&r=g\",\"contentUrl\":\"https:\\\/\\\/secure.gravatar.com\\\/avatar\\\/c4c509357859ea2ca2cbb6d8812898a73e4ef1ef9934c2e591d7e32face734d1?s=96&d=mm&r=g\",\"caption\":\"Redaction\"},\"url\":\"https:\\\/\\\/lepatriotebenin.com\"}]}<\/script>\n<!-- \/ Yoast SEO plugin. -->","yoast_head_json":{"title":"C\u00e9l\u00e9bration de la f\u00eate de l\u2019ind\u00e9pendance 2024 : Aucun Chef d\u2019Etat \u00e9tranger annonc\u00e9 - Le Patriote","robots":{"index":"index","follow":"follow","max-snippet":"max-snippet:-1","max-image-preview":"max-image-preview:large","max-video-preview":"max-video-preview:-1"},"canonical":"https:\/\/lepatriotebenin.com\/index.php\/2024\/07\/31\/celebration-de-la-fete-de-lindependance-2024-aucun-chef-detat-etranger-annonce\/","og_locale":"fr_FR","og_type":"article","og_title":"C\u00e9l\u00e9bration de la f\u00eate de l\u2019ind\u00e9pendance 2024 : Aucun Chef d\u2019Etat \u00e9tranger annonc\u00e9 - Le Patriote","og_description":"Le B\u00e9nin c\u00e9l\u00e8brera ce jeudi 1er Ao\u00fbt 2024 le 64\u00e8me anniversaire de son accession \u00e0 la souverainet\u00e9 nationale. D\u00e9j\u00e0, de petits plats seraient entrain d\u2019\u00eatre mis dans les grands pour&hellip;","og_url":"https:\/\/lepatriotebenin.com\/index.php\/2024\/07\/31\/celebration-de-la-fete-de-lindependance-2024-aucun-chef-detat-etranger-annonce\/","og_site_name":"Le Patriote","article_published_time":"2024-07-31T17:16:31+00:00","og_image":[{"width":850,"height":560,"url":"https:\/\/lepatriotebenin.com\/wp-content\/uploads\/2024\/07\/defile.jpg","type":"image\/jpeg"}],"author":"Redaction","twitter_card":"summary_large_image","twitter_misc":{"\u00c9crit par":"Redaction","Dur\u00e9e de lecture estim\u00e9e":"2 minutes"},"schema":{"@context":"https:\/\/schema.org","@graph":[{"@type":"Article","@id":"https:\/\/lepatriotebenin.com\/index.php\/2024\/07\/31\/celebration-de-la-fete-de-lindependance-2024-aucun-chef-detat-etranger-annonce\/#article","isPartOf":{"@id":"https:\/\/lepatriotebenin.com\/index.php\/2024\/07\/31\/celebration-de-la-fete-de-lindependance-2024-aucun-chef-detat-etranger-annonce\/"},"author":{"name":"Redaction","@id":"https:\/\/lepatriotebenin.com\/#\/schema\/person\/2e7709b9c9cc313e452d1136af61690f"},"headline":"C\u00e9l\u00e9bration de la f\u00eate de l\u2019ind\u00e9pendance 2024 : Aucun Chef d\u2019Etat \u00e9tranger annonc\u00e9","datePublished":"2024-07-31T17:16:31+00:00","mainEntityOfPage":{"@id":"https:\/\/lepatriotebenin.com\/index.php\/2024\/07\/31\/celebration-de-la-fete-de-lindependance-2024-aucun-chef-detat-etranger-annonce\/"},"wordCount":350,"commentCount":0,"image":{"@id":"https:\/\/lepatriotebenin.com\/index.php\/2024\/07\/31\/celebration-de-la-fete-de-lindependance-2024-aucun-chef-detat-etranger-annonce\/#primaryimage"},"thumbnailUrl":"https:\/\/lepatriotebenin.com\/wp-content\/uploads\/2024\/07\/defile.jpg","articleSection":["Politique"],"inLanguage":"fr-FR","potentialAction":[{"@type":"CommentAction","name":"Comment","target":["https:\/\/lepatriotebenin.com\/index.php\/2024\/07\/31\/celebration-de-la-fete-de-lindependance-2024-aucun-chef-detat-etranger-annonce\/#respond"]}]},{"@type":"WebPage","@id":"https:\/\/lepatriotebenin.com\/index.php\/2024\/07\/31\/celebration-de-la-fete-de-lindependance-2024-aucun-chef-detat-etranger-annonce\/","url":"https:\/\/lepatriotebenin.com\/index.php\/2024\/07\/31\/celebration-de-la-fete-de-lindependance-2024-aucun-chef-detat-etranger-annonce\/","name":"C\u00e9l\u00e9bration de la f\u00eate de l\u2019ind\u00e9pendance 2024 : Aucun Chef d\u2019Etat \u00e9tranger annonc\u00e9 - Le Patriote","isPartOf":{"@id":"https:\/\/lepatriotebenin.com\/#website"},"primaryImageOfPage":{"@id":"https:\/\/lepatriotebenin.com\/index.php\/2024\/07\/31\/celebration-de-la-fete-de-lindependance-2024-aucun-chef-detat-etranger-annonce\/#primaryimage"},"image":{"@id":"https:\/\/lepatriotebenin.com\/index.php\/2024\/07\/31\/celebration-de-la-fete-de-lindependance-2024-aucun-chef-detat-etranger-annonce\/#primaryimage"},"thumbnailUrl":"https:\/\/lepatriotebenin.com\/wp-content\/uploads\/2024\/07\/defile.jpg","datePublished":"2024-07-31T17:16:31+00:00","author":{"@id":"https:\/\/lepatriotebenin.com\/#\/schema\/person\/2e7709b9c9cc313e452d1136af61690f"},"breadcrumb":{"@id":"https:\/\/lepatriotebenin.com\/index.php\/2024\/07\/31\/celebration-de-la-fete-de-lindependance-2024-aucun-chef-detat-etranger-annonce\/#breadcrumb"},"inLanguage":"fr-FR","potentialAction":[{"@type":"ReadAction","target":["https:\/\/lepatriotebenin.com\/index.php\/2024\/07\/31\/celebration-de-la-fete-de-lindependance-2024-aucun-chef-detat-etranger-annonce\/"]}]},{"@type":"ImageObject","inLanguage":"fr-FR","@id":"https:\/\/lepatriotebenin.com\/index.php\/2024\/07\/31\/celebration-de-la-fete-de-lindependance-2024-aucun-chef-detat-etranger-annonce\/#primaryimage","url":"https:\/\/lepatriotebenin.com\/wp-content\/uploads\/2024\/07\/defile.jpg","contentUrl":"https:\/\/lepatriotebenin.com\/wp-content\/uploads\/2024\/07\/defile.jpg","width":850,"height":560},{"@type":"BreadcrumbList","@id":"https:\/\/lepatriotebenin.com\/index.php\/2024\/07\/31\/celebration-de-la-fete-de-lindependance-2024-aucun-chef-detat-etranger-annonce\/#breadcrumb","itemListElement":[{"@type":"ListItem","position":1,"name":"Accueil","item":"https:\/\/lepatriotebenin.com\/"},{"@type":"ListItem","position":2,"name":"C\u00e9l\u00e9bration de la f\u00eate de l\u2019ind\u00e9pendance 2024 : Aucun Chef d\u2019Etat \u00e9tranger annonc\u00e9"}]},{"@type":"WebSite","@id":"https:\/\/lepatriotebenin.com\/#website","url":"https:\/\/lepatriotebenin.com\/","name":"Le Patriote","description":"Le Patriote B\u00e9nin","potentialAction":[{"@type":"SearchAction","target":{"@type":"EntryPoint","urlTemplate":"https:\/\/lepatriotebenin.com\/?s={search_term_string}"},"query-input":{"@type":"PropertyValueSpecification","valueRequired":true,"valueName":"search_term_string"}}],"inLanguage":"fr-FR"},{"@type":"Person","@id":"https:\/\/lepatriotebenin.com\/#\/schema\/person\/2e7709b9c9cc313e452d1136af61690f","name":"Redaction","image":{"@type":"ImageObject","inLanguage":"fr-FR","@id":"https:\/\/secure.gravatar.com\/avatar\/c4c509357859ea2ca2cbb6d8812898a73e4ef1ef9934c2e591d7e32face734d1?s=96&d=mm&r=g","url":"https:\/\/secure.gravatar.com\/avatar\/c4c509357859ea2ca2cbb6d8812898a73e4ef1ef9934c2e591d7e32face734d1?s=96&d=mm&r=g","contentUrl":"https:\/\/secure.gravatar.com\/avatar\/c4c509357859ea2ca2cbb6d8812898a73e4ef1ef9934c2e591d7e32face734d1?s=96&d=mm&r=g","caption":"Redaction"},"url":"https:\/\/lepatriotebenin.com"}]}},"_links":{"self":[{"href":"https:\/\/lepatriotebenin.com\/index.php\/wp-json\/wp\/v2\/posts\/6957","targetHints":{"allow":["GET"]}}],"collection":[{"href":"https:\/\/lepatriotebenin.com\/index.php\/wp-json\/wp\/v2\/posts"}],"about":[{"href":"https:\/\/lepatriotebenin.com\/index.php\/wp-json\/wp\/v2\/types\/post"}],"author":[{"embeddable":true,"href":"https:\/\/lepatriotebenin.com\/index.php\/wp-json\/wp\/v2\/users\/5"}],"replies":[{"embeddable":true,"href":"https:\/\/lepatriotebenin.com\/index.php\/wp-json\/wp\/v2\/comments?post=6957"}],"version-history":[{"count":1,"href":"https:\/\/lepatriotebenin.com\/index.php\/wp-json\/wp\/v2\/posts\/6957\/revisions"}],"predecessor-version":[{"id":6959,"href":"https:\/\/lepatriotebenin.com\/index.php\/wp-json\/wp\/v2\/posts\/6957\/revisions\/6959"}],"wp:featuredmedia":[{"embeddable":true,"href":"https:\/\/lepatriotebenin.com\/index.php\/wp-json\/wp\/v2\/media\/6958"}],"wp:attachment":[{"href":"https:\/\/lepatriotebenin.com\/index.php\/wp-json\/wp\/v2\/media?parent=6957"}],"wp:term":[{"taxonomy":"category","embeddable":true,"href":"https:\/\/lepatriotebenin.com\/index.php\/wp-json\/wp\/v2\/categories?post=6957"},{"taxonomy":"post_tag","embeddable":true,"href":"https:\/\/lepatriotebenin.com\/index.php\/wp-json\/wp\/v2\/tags?post=6957"}],"curies":[{"name":"wp","href":"https:\/\/api.w.org\/{rel}","templated":true}]}}