{"id":6908,"date":"2024-07-29T02:15:48","date_gmt":"2024-07-29T00:15:48","guid":{"rendered":"https:\/\/lepatriotebenin.com\/?p=6908"},"modified":"2024-07-29T02:40:14","modified_gmt":"2024-07-29T00:40:14","slug":"gestion-de-media-detat-malaise-a-la-srtb","status":"publish","type":"post","link":"https:\/\/lepatriotebenin.com\/index.php\/2024\/07\/29\/gestion-de-media-detat-malaise-a-la-srtb\/","title":{"rendered":"Gestion de m\u00e9dia d\u2019Etat\u00a0: Malaise \u00e0 la SRTB"},"content":{"rendered":"\n<p>Jadis m\u00e9dia de service public tr\u00e8s appr\u00e9ci\u00e9 par les B\u00e9ninois, la Soci\u00e9t\u00e9 de Radiodiffusion et T\u00e9l\u00e9vision du B\u00e9nin (ex ORTB) perd de son prestige et de son superbe. Depuis 2016, les r\u00e9formes qui y sont exp\u00e9riment\u00e9es semblent donner le contraire de l\u2019effet escompt\u00e9, laissant l\u2019office devenu soci\u00e9t\u00e9 tomber dans l\u2019instabilit\u00e9 et mourir \u00e0 petits feux.<\/p>\n\n\n\n<p>A son arriv\u00e9e \u00e0 la t\u00eate du pays, le r\u00e9gime de la rupture a d\u00e9cid\u00e9 de contr\u00f4ler tous les secteurs importants du pays dont le m\u00e9dia du service public, chose normale puisque celui qui d\u00e9tient l\u2019information, d\u00e9tient le pouvoir, dit-on. Tr\u00e8s rapidement, la formule trouv\u00e9e est celle de nommer des Directeurs G\u00e9n\u00e9raux int\u00e9rimaires \u00e0 la t\u00eate de l\u2019Office. <strong>&nbsp;<\/strong>Ainsi, Georges AMLON prend la place de St\u00e9phane TODOME, Directeur G\u00e9n\u00e9ral nomm\u00e9 apr\u00e8s la proc\u00e9dure d\u2019appel \u00e0 candidature conduit par la HAAC. Le nouveau Directeur G\u00e9n\u00e9ral aura pass\u00e9 cinq mois \u00e0 la t\u00eate de l\u2019Office et fut remplac\u00e9 par un autre, du nom de Jo\u00ebl HOUNDOLO. Celui-ci dirigea l\u2019Office pendant deux ans neuf mois et c\u00e8de sa place \u00e0 un autre int\u00e9rimaire. C\u2019est ainsi que Jean \u2013Philippe Erick ABRAHAM a occup\u00e9 le poste de 2019 \u00e0 2024. Il d\u00e9tient pour le moment le record des int\u00e9rims. C\u2019est sous lui que le changement de d\u00e9nomination et de statut est intervenu en Novembre 2023. Par d\u00e9cret pris en Conseil des Ministres, l\u2019ORTB devient SRTB, une Soci\u00e9t\u00e9 Anonyme avec l\u2019Etat comme unique actionnaire. Le m\u00e9dia du service public prend une orientation commerciale et est dot\u00e9 de structures qui renforcent la mainmise du gouvernement. Il s\u2019agit entre autres d\u2019un Comit\u00e9 Editoriale pr\u00e9sid\u00e9 par le Directeur de la Communication de la Pr\u00e9sidence de la R\u00e9publique et Porte-parole du gouvernement &nbsp;Wilfried HOUNGBEDJI et d\u2019un Conseil d\u2019Administration pr\u00e9sid\u00e9 par la Ministre du Num\u00e9rique et de la Digitalisation Aur\u00e9lie ADAM SOULE ZOUMAROU. Aux dires des autorit\u00e9s, la cr\u00e9ation de la SRTB entre dans le cadre d\u2019une s\u00e9rie de r\u00e9formes pour r\u00e9pondre aux exigences du passage au num\u00e9rique. Mais pour transformer l\u2019ORTB en une soci\u00e9t\u00e9 \u00e9ditrice de programme, a-t-on besoin de faire de lui, une soci\u00e9t\u00e9 commerciale&nbsp;? La r\u00e9ponse est assur\u00e9ment non. En outre, le gouvernement a d\u00e9cid\u00e9 de faire beaucoup d\u2019investissements pour moderniser l\u2019Office et surtout de rassembler tous les m\u00e9dias du service public en une seule entit\u00e9. Ce qui est une initiative fort louable.&nbsp; Il faut donc faire remarquer que la SRTB est la fusion de l\u2019ex ORTB avec le Centre Multim\u00e9dia des Jeunes et Adolescents du B\u00e9nin (CMAJB). C\u2019est d\u2019ailleurs le Directeur de ce centre, Darius Dad\u00e9 qui fut bombard\u00e9 Directeur G\u00e9n\u00e9ral de la SRTB SA en 2024. Il n\u2019aura pass\u00e9 que deux mois au poste et fut remplac\u00e9 par l\u2019actuel du nom de Freddy KOUDAHOUA depuis le 5 juillet 2024. En huit ans de gestion du pays, le r\u00e9gime actuel a fait nommer cinq directeurs g\u00e9n\u00e9raux \u00e0 la t\u00eate de l\u2019ORTB dont deux seulement ont pu faire un temps moyennement long, deux autres auront pass\u00e9 entre trois et cinq mois. Visiblement, le r\u00e9gime est contre les proc\u00e9dures normales de recrutement de Directeurs g\u00e9n\u00e9raux.<\/p>\n\n\n\n<p><strong>Une tentative dite infructueuse de nomination par appel \u00e0 candidatures<\/strong><\/p>\n\n\n\n<p>Courant janvier-f\u00e9vrier 2024, la Haute Autorit\u00e9 de l\u2019Audiovisuel et de la Communication a lanc\u00e9 un appel \u00e0 candidatures afin de pourvoir aux diff\u00e9rents postes de direction au sein de la SRTB.&nbsp; Nos sources renseignent que soixante-dix-neuf (79) dossiers ont \u00e9t\u00e9 re\u00e7us au total pour les sept postes \u00e0 pourvoir \u00e0 savoir Direction g\u00e9n\u00e9rale, Direction B\u00e9nin TV, Direction B\u00e9nin TV Junior, Direction Kiff FM, Direction Radio B\u00e9nin, Direction Radio B\u00e9nin Alafia, Direction R\u00e9gionale Parakou. Contre toute attente, le processus est rest\u00e9 bloqu\u00e9. Les postulants ne connaitront jamais officiellement les r\u00e9sultats de la pr\u00e9-s\u00e9lection. Entre la Pr\u00e9sidence de la R\u00e9publique et la HAAC, beaucoup de choses se sont pass\u00e9es. Des indiscr\u00e9tions renseignent qu\u2019apr\u00e8s la pr\u00e9-s\u00e9lection, la plupart des postulants pr\u00e9 s\u00e9lectionn\u00e9es et remplissant les conditions sont des cadres en service \u00e0 l\u2019ORTB. C\u2019est alors qu\u2019une des charg\u00e9es de mission du Chef de l\u2019Etat,&nbsp; pique une grande col\u00e8re&nbsp; et arrive \u00e0 convaincre de la n\u00e9cessit\u00e9 de d\u00e9clarer l\u2019appel \u00e0 candidatures infructueux et par la suite, de rechercher d\u2019autres personnes \u00e0 nommer \u00e0 ces diff\u00e9rents postes. Quelques jours apr\u00e8s c\u2019est une d\u00e9cision de la HAAC qui a effectivement d\u00e9clar\u00e9 l\u2019appel \u00e0 candidatures infructueux. Cette instabilit\u00e9 install\u00e9e \u00e0 la t\u00eate de la soci\u00e9t\u00e9 a plong\u00e9 les travailleurs dans la psychose et l\u2019ins\u00e9curit\u00e9 professionnelle et a perturb\u00e9 profond\u00e9ment son fonctionnement et son rendement. Nous reviendrons dans une prochaine parution sur les autres pans de cette descente aux enfers de la maison ORTB devenue SRTB.&nbsp;<\/p>\n","protected":false},"excerpt":{"rendered":"<p>Jadis m\u00e9dia de service public tr\u00e8s appr\u00e9ci\u00e9 par les B\u00e9ninois, la Soci\u00e9t\u00e9 de Radiodiffusion et T\u00e9l\u00e9vision du B\u00e9nin (ex ORTB) perd de son prestige et de son superbe. Depuis 2016,&hellip;<\/p>\n","protected":false},"author":2,"featured_media":6911,"comment_status":"open","ping_status":"open","sticky":false,"template":"","format":"standard","meta":{"content-type":"","om_disable_all_campaigns":false,"_monsterinsights_skip_tracking":false,"_monsterinsights_sitenote_active":false,"_monsterinsights_sitenote_note":"","_monsterinsights_sitenote_category":0,"_uf_show_specific_survey":0,"_uf_disable_surveys":false,"footnotes":""},"categories":[20],"tags":[],"class_list":["post-6908","post","type-post","status-publish","format-standard","has-post-thumbnail","hentry","category-societe"],"aioseo_notices":[],"yoast_head":"<!-- This site is optimized with the Yoast SEO plugin v27.5 - https:\/\/yoast.com\/product\/yoast-seo-wordpress\/ -->\n<title>Gestion de m\u00e9dia d\u2019Etat\u00a0: Malaise \u00e0 la SRTB - Le Patriote<\/title>\n<meta name=\"robots\" content=\"index, follow, max-snippet:-1, max-image-preview:large, max-video-preview:-1\" \/>\n<link rel=\"canonical\" href=\"https:\/\/lepatriotebenin.com\/index.php\/2024\/07\/29\/gestion-de-media-detat-malaise-a-la-srtb\/\" \/>\n<meta property=\"og:locale\" content=\"fr_FR\" \/>\n<meta property=\"og:type\" content=\"article\" \/>\n<meta property=\"og:title\" content=\"Gestion de m\u00e9dia d\u2019Etat\u00a0: Malaise \u00e0 la SRTB - Le Patriote\" \/>\n<meta property=\"og:description\" content=\"Jadis m\u00e9dia de service public tr\u00e8s appr\u00e9ci\u00e9 par les B\u00e9ninois, la Soci\u00e9t\u00e9 de Radiodiffusion et T\u00e9l\u00e9vision du B\u00e9nin (ex ORTB) perd de son prestige et de son superbe. Depuis 2016,&hellip;\" \/>\n<meta property=\"og:url\" content=\"https:\/\/lepatriotebenin.com\/index.php\/2024\/07\/29\/gestion-de-media-detat-malaise-a-la-srtb\/\" \/>\n<meta property=\"og:site_name\" content=\"Le Patriote\" \/>\n<meta property=\"article:published_time\" content=\"2024-07-29T00:15:48+00:00\" \/>\n<meta property=\"article:modified_time\" content=\"2024-07-29T00:40:14+00:00\" \/>\n<meta property=\"og:image\" content=\"https:\/\/lepatriotebenin.com\/wp-content\/uploads\/2024\/07\/ortb-8ad68.png\" \/>\n\t<meta property=\"og:image:width\" content=\"600\" \/>\n\t<meta property=\"og:image:height\" content=\"512\" \/>\n\t<meta property=\"og:image:type\" content=\"image\/png\" \/>\n<meta name=\"author\" content=\"Marcel ZOUMENOU\" \/>\n<meta name=\"twitter:card\" content=\"summary_large_image\" \/>\n<meta name=\"twitter:label1\" content=\"\u00c9crit par\" \/>\n\t<meta name=\"twitter:data1\" content=\"Marcel ZOUMENOU\" \/>\n\t<meta name=\"twitter:label2\" content=\"Dur\u00e9e de lecture estim\u00e9e\" \/>\n\t<meta name=\"twitter:data2\" content=\"4 minutes\" \/>\n<script type=\"application\/ld+json\" class=\"yoast-schema-graph\">{\"@context\":\"https:\\\/\\\/schema.org\",\"@graph\":[{\"@type\":\"Article\",\"@id\":\"https:\\\/\\\/lepatriotebenin.com\\\/index.php\\\/2024\\\/07\\\/29\\\/gestion-de-media-detat-malaise-a-la-srtb\\\/#article\",\"isPartOf\":{\"@id\":\"https:\\\/\\\/lepatriotebenin.com\\\/index.php\\\/2024\\\/07\\\/29\\\/gestion-de-media-detat-malaise-a-la-srtb\\\/\"},\"author\":{\"name\":\"Marcel ZOUMENOU\",\"@id\":\"https:\\\/\\\/lepatriotebenin.com\\\/#\\\/schema\\\/person\\\/bc185387219a73c6f2f8698114720c49\"},\"headline\":\"Gestion de m\u00e9dia d\u2019Etat\u00a0: Malaise \u00e0 la SRTB\",\"datePublished\":\"2024-07-29T00:15:48+00:00\",\"dateModified\":\"2024-07-29T00:40:14+00:00\",\"mainEntityOfPage\":{\"@id\":\"https:\\\/\\\/lepatriotebenin.com\\\/index.php\\\/2024\\\/07\\\/29\\\/gestion-de-media-detat-malaise-a-la-srtb\\\/\"},\"wordCount\":883,\"commentCount\":0,\"image\":{\"@id\":\"https:\\\/\\\/lepatriotebenin.com\\\/index.php\\\/2024\\\/07\\\/29\\\/gestion-de-media-detat-malaise-a-la-srtb\\\/#primaryimage\"},\"thumbnailUrl\":\"https:\\\/\\\/lepatriotebenin.com\\\/wp-content\\\/uploads\\\/2024\\\/07\\\/ortb-8ad68.png\",\"articleSection\":[\"Soci\u00e9t\u00e9\"],\"inLanguage\":\"fr-FR\",\"potentialAction\":[{\"@type\":\"CommentAction\",\"name\":\"Comment\",\"target\":[\"https:\\\/\\\/lepatriotebenin.com\\\/index.php\\\/2024\\\/07\\\/29\\\/gestion-de-media-detat-malaise-a-la-srtb\\\/#respond\"]}]},{\"@type\":\"WebPage\",\"@id\":\"https:\\\/\\\/lepatriotebenin.com\\\/index.php\\\/2024\\\/07\\\/29\\\/gestion-de-media-detat-malaise-a-la-srtb\\\/\",\"url\":\"https:\\\/\\\/lepatriotebenin.com\\\/index.php\\\/2024\\\/07\\\/29\\\/gestion-de-media-detat-malaise-a-la-srtb\\\/\",\"name\":\"Gestion de m\u00e9dia d\u2019Etat\u00a0: Malaise \u00e0 la SRTB - Le Patriote\",\"isPartOf\":{\"@id\":\"https:\\\/\\\/lepatriotebenin.com\\\/#website\"},\"primaryImageOfPage\":{\"@id\":\"https:\\\/\\\/lepatriotebenin.com\\\/index.php\\\/2024\\\/07\\\/29\\\/gestion-de-media-detat-malaise-a-la-srtb\\\/#primaryimage\"},\"image\":{\"@id\":\"https:\\\/\\\/lepatriotebenin.com\\\/index.php\\\/2024\\\/07\\\/29\\\/gestion-de-media-detat-malaise-a-la-srtb\\\/#primaryimage\"},\"thumbnailUrl\":\"https:\\\/\\\/lepatriotebenin.com\\\/wp-content\\\/uploads\\\/2024\\\/07\\\/ortb-8ad68.png\",\"datePublished\":\"2024-07-29T00:15:48+00:00\",\"dateModified\":\"2024-07-29T00:40:14+00:00\",\"author\":{\"@id\":\"https:\\\/\\\/lepatriotebenin.com\\\/#\\\/schema\\\/person\\\/bc185387219a73c6f2f8698114720c49\"},\"breadcrumb\":{\"@id\":\"https:\\\/\\\/lepatriotebenin.com\\\/index.php\\\/2024\\\/07\\\/29\\\/gestion-de-media-detat-malaise-a-la-srtb\\\/#breadcrumb\"},\"inLanguage\":\"fr-FR\",\"potentialAction\":[{\"@type\":\"ReadAction\",\"target\":[\"https:\\\/\\\/lepatriotebenin.com\\\/index.php\\\/2024\\\/07\\\/29\\\/gestion-de-media-detat-malaise-a-la-srtb\\\/\"]}]},{\"@type\":\"ImageObject\",\"inLanguage\":\"fr-FR\",\"@id\":\"https:\\\/\\\/lepatriotebenin.com\\\/index.php\\\/2024\\\/07\\\/29\\\/gestion-de-media-detat-malaise-a-la-srtb\\\/#primaryimage\",\"url\":\"https:\\\/\\\/lepatriotebenin.com\\\/wp-content\\\/uploads\\\/2024\\\/07\\\/ortb-8ad68.png\",\"contentUrl\":\"https:\\\/\\\/lepatriotebenin.com\\\/wp-content\\\/uploads\\\/2024\\\/07\\\/ortb-8ad68.png\",\"width\":600,\"height\":512},{\"@type\":\"BreadcrumbList\",\"@id\":\"https:\\\/\\\/lepatriotebenin.com\\\/index.php\\\/2024\\\/07\\\/29\\\/gestion-de-media-detat-malaise-a-la-srtb\\\/#breadcrumb\",\"itemListElement\":[{\"@type\":\"ListItem\",\"position\":1,\"name\":\"Accueil\",\"item\":\"https:\\\/\\\/lepatriotebenin.com\\\/\"},{\"@type\":\"ListItem\",\"position\":2,\"name\":\"Gestion de m\u00e9dia d\u2019Etat\u00a0: Malaise \u00e0 la SRTB\"}]},{\"@type\":\"WebSite\",\"@id\":\"https:\\\/\\\/lepatriotebenin.com\\\/#website\",\"url\":\"https:\\\/\\\/lepatriotebenin.com\\\/\",\"name\":\"Le Patriote\",\"description\":\"Le Patriote B\u00e9nin\",\"potentialAction\":[{\"@type\":\"SearchAction\",\"target\":{\"@type\":\"EntryPoint\",\"urlTemplate\":\"https:\\\/\\\/lepatriotebenin.com\\\/?s={search_term_string}\"},\"query-input\":{\"@type\":\"PropertyValueSpecification\",\"valueRequired\":true,\"valueName\":\"search_term_string\"}}],\"inLanguage\":\"fr-FR\"},{\"@type\":\"Person\",\"@id\":\"https:\\\/\\\/lepatriotebenin.com\\\/#\\\/schema\\\/person\\\/bc185387219a73c6f2f8698114720c49\",\"name\":\"Marcel ZOUMENOU\",\"image\":{\"@type\":\"ImageObject\",\"inLanguage\":\"fr-FR\",\"@id\":\"https:\\\/\\\/secure.gravatar.com\\\/avatar\\\/55e60188ee1ca2050a14675489f7856c575861edc734548164d100bdb6565472?s=96&d=mm&r=g\",\"url\":\"https:\\\/\\\/secure.gravatar.com\\\/avatar\\\/55e60188ee1ca2050a14675489f7856c575861edc734548164d100bdb6565472?s=96&d=mm&r=g\",\"contentUrl\":\"https:\\\/\\\/secure.gravatar.com\\\/avatar\\\/55e60188ee1ca2050a14675489f7856c575861edc734548164d100bdb6565472?s=96&d=mm&r=g\",\"caption\":\"Marcel ZOUMENOU\"},\"url\":\"https:\\\/\\\/lepatriotebenin.com\"}]}<\/script>\n<!-- \/ Yoast SEO plugin. -->","yoast_head_json":{"title":"Gestion de m\u00e9dia d\u2019Etat\u00a0: Malaise \u00e0 la SRTB - Le Patriote","robots":{"index":"index","follow":"follow","max-snippet":"max-snippet:-1","max-image-preview":"max-image-preview:large","max-video-preview":"max-video-preview:-1"},"canonical":"https:\/\/lepatriotebenin.com\/index.php\/2024\/07\/29\/gestion-de-media-detat-malaise-a-la-srtb\/","og_locale":"fr_FR","og_type":"article","og_title":"Gestion de m\u00e9dia d\u2019Etat\u00a0: Malaise \u00e0 la SRTB - Le Patriote","og_description":"Jadis m\u00e9dia de service public tr\u00e8s appr\u00e9ci\u00e9 par les B\u00e9ninois, la Soci\u00e9t\u00e9 de Radiodiffusion et T\u00e9l\u00e9vision du B\u00e9nin (ex ORTB) perd de son prestige et de son superbe. Depuis 2016,&hellip;","og_url":"https:\/\/lepatriotebenin.com\/index.php\/2024\/07\/29\/gestion-de-media-detat-malaise-a-la-srtb\/","og_site_name":"Le Patriote","article_published_time":"2024-07-29T00:15:48+00:00","article_modified_time":"2024-07-29T00:40:14+00:00","og_image":[{"width":600,"height":512,"url":"https:\/\/lepatriotebenin.com\/wp-content\/uploads\/2024\/07\/ortb-8ad68.png","type":"image\/png"}],"author":"Marcel ZOUMENOU","twitter_card":"summary_large_image","twitter_misc":{"\u00c9crit par":"Marcel ZOUMENOU","Dur\u00e9e de lecture estim\u00e9e":"4 minutes"},"schema":{"@context":"https:\/\/schema.org","@graph":[{"@type":"Article","@id":"https:\/\/lepatriotebenin.com\/index.php\/2024\/07\/29\/gestion-de-media-detat-malaise-a-la-srtb\/#article","isPartOf":{"@id":"https:\/\/lepatriotebenin.com\/index.php\/2024\/07\/29\/gestion-de-media-detat-malaise-a-la-srtb\/"},"author":{"name":"Marcel ZOUMENOU","@id":"https:\/\/lepatriotebenin.com\/#\/schema\/person\/bc185387219a73c6f2f8698114720c49"},"headline":"Gestion de m\u00e9dia d\u2019Etat\u00a0: Malaise \u00e0 la SRTB","datePublished":"2024-07-29T00:15:48+00:00","dateModified":"2024-07-29T00:40:14+00:00","mainEntityOfPage":{"@id":"https:\/\/lepatriotebenin.com\/index.php\/2024\/07\/29\/gestion-de-media-detat-malaise-a-la-srtb\/"},"wordCount":883,"commentCount":0,"image":{"@id":"https:\/\/lepatriotebenin.com\/index.php\/2024\/07\/29\/gestion-de-media-detat-malaise-a-la-srtb\/#primaryimage"},"thumbnailUrl":"https:\/\/lepatriotebenin.com\/wp-content\/uploads\/2024\/07\/ortb-8ad68.png","articleSection":["Soci\u00e9t\u00e9"],"inLanguage":"fr-FR","potentialAction":[{"@type":"CommentAction","name":"Comment","target":["https:\/\/lepatriotebenin.com\/index.php\/2024\/07\/29\/gestion-de-media-detat-malaise-a-la-srtb\/#respond"]}]},{"@type":"WebPage","@id":"https:\/\/lepatriotebenin.com\/index.php\/2024\/07\/29\/gestion-de-media-detat-malaise-a-la-srtb\/","url":"https:\/\/lepatriotebenin.com\/index.php\/2024\/07\/29\/gestion-de-media-detat-malaise-a-la-srtb\/","name":"Gestion de m\u00e9dia d\u2019Etat\u00a0: Malaise \u00e0 la SRTB - Le Patriote","isPartOf":{"@id":"https:\/\/lepatriotebenin.com\/#website"},"primaryImageOfPage":{"@id":"https:\/\/lepatriotebenin.com\/index.php\/2024\/07\/29\/gestion-de-media-detat-malaise-a-la-srtb\/#primaryimage"},"image":{"@id":"https:\/\/lepatriotebenin.com\/index.php\/2024\/07\/29\/gestion-de-media-detat-malaise-a-la-srtb\/#primaryimage"},"thumbnailUrl":"https:\/\/lepatriotebenin.com\/wp-content\/uploads\/2024\/07\/ortb-8ad68.png","datePublished":"2024-07-29T00:15:48+00:00","dateModified":"2024-07-29T00:40:14+00:00","author":{"@id":"https:\/\/lepatriotebenin.com\/#\/schema\/person\/bc185387219a73c6f2f8698114720c49"},"breadcrumb":{"@id":"https:\/\/lepatriotebenin.com\/index.php\/2024\/07\/29\/gestion-de-media-detat-malaise-a-la-srtb\/#breadcrumb"},"inLanguage":"fr-FR","potentialAction":[{"@type":"ReadAction","target":["https:\/\/lepatriotebenin.com\/index.php\/2024\/07\/29\/gestion-de-media-detat-malaise-a-la-srtb\/"]}]},{"@type":"ImageObject","inLanguage":"fr-FR","@id":"https:\/\/lepatriotebenin.com\/index.php\/2024\/07\/29\/gestion-de-media-detat-malaise-a-la-srtb\/#primaryimage","url":"https:\/\/lepatriotebenin.com\/wp-content\/uploads\/2024\/07\/ortb-8ad68.png","contentUrl":"https:\/\/lepatriotebenin.com\/wp-content\/uploads\/2024\/07\/ortb-8ad68.png","width":600,"height":512},{"@type":"BreadcrumbList","@id":"https:\/\/lepatriotebenin.com\/index.php\/2024\/07\/29\/gestion-de-media-detat-malaise-a-la-srtb\/#breadcrumb","itemListElement":[{"@type":"ListItem","position":1,"name":"Accueil","item":"https:\/\/lepatriotebenin.com\/"},{"@type":"ListItem","position":2,"name":"Gestion de m\u00e9dia d\u2019Etat\u00a0: Malaise \u00e0 la SRTB"}]},{"@type":"WebSite","@id":"https:\/\/lepatriotebenin.com\/#website","url":"https:\/\/lepatriotebenin.com\/","name":"Le Patriote","description":"Le Patriote B\u00e9nin","potentialAction":[{"@type":"SearchAction","target":{"@type":"EntryPoint","urlTemplate":"https:\/\/lepatriotebenin.com\/?s={search_term_string}"},"query-input":{"@type":"PropertyValueSpecification","valueRequired":true,"valueName":"search_term_string"}}],"inLanguage":"fr-FR"},{"@type":"Person","@id":"https:\/\/lepatriotebenin.com\/#\/schema\/person\/bc185387219a73c6f2f8698114720c49","name":"Marcel ZOUMENOU","image":{"@type":"ImageObject","inLanguage":"fr-FR","@id":"https:\/\/secure.gravatar.com\/avatar\/55e60188ee1ca2050a14675489f7856c575861edc734548164d100bdb6565472?s=96&d=mm&r=g","url":"https:\/\/secure.gravatar.com\/avatar\/55e60188ee1ca2050a14675489f7856c575861edc734548164d100bdb6565472?s=96&d=mm&r=g","contentUrl":"https:\/\/secure.gravatar.com\/avatar\/55e60188ee1ca2050a14675489f7856c575861edc734548164d100bdb6565472?s=96&d=mm&r=g","caption":"Marcel ZOUMENOU"},"url":"https:\/\/lepatriotebenin.com"}]}},"_links":{"self":[{"href":"https:\/\/lepatriotebenin.com\/index.php\/wp-json\/wp\/v2\/posts\/6908","targetHints":{"allow":["GET"]}}],"collection":[{"href":"https:\/\/lepatriotebenin.com\/index.php\/wp-json\/wp\/v2\/posts"}],"about":[{"href":"https:\/\/lepatriotebenin.com\/index.php\/wp-json\/wp\/v2\/types\/post"}],"author":[{"embeddable":true,"href":"https:\/\/lepatriotebenin.com\/index.php\/wp-json\/wp\/v2\/users\/2"}],"replies":[{"embeddable":true,"href":"https:\/\/lepatriotebenin.com\/index.php\/wp-json\/wp\/v2\/comments?post=6908"}],"version-history":[{"count":1,"href":"https:\/\/lepatriotebenin.com\/index.php\/wp-json\/wp\/v2\/posts\/6908\/revisions"}],"predecessor-version":[{"id":6910,"href":"https:\/\/lepatriotebenin.com\/index.php\/wp-json\/wp\/v2\/posts\/6908\/revisions\/6910"}],"wp:featuredmedia":[{"embeddable":true,"href":"https:\/\/lepatriotebenin.com\/index.php\/wp-json\/wp\/v2\/media\/6911"}],"wp:attachment":[{"href":"https:\/\/lepatriotebenin.com\/index.php\/wp-json\/wp\/v2\/media?parent=6908"}],"wp:term":[{"taxonomy":"category","embeddable":true,"href":"https:\/\/lepatriotebenin.com\/index.php\/wp-json\/wp\/v2\/categories?post=6908"},{"taxonomy":"post_tag","embeddable":true,"href":"https:\/\/lepatriotebenin.com\/index.php\/wp-json\/wp\/v2\/tags?post=6908"}],"curies":[{"name":"wp","href":"https:\/\/api.w.org\/{rel}","templated":true}]}}