{"id":6905,"date":"2024-07-29T02:14:30","date_gmt":"2024-07-29T00:14:30","guid":{"rendered":"https:\/\/lepatriotebenin.com\/?p=6905"},"modified":"2024-07-29T02:14:31","modified_gmt":"2024-07-29T00:14:31","slug":"editorial-vindicte-dabeilles","status":"publish","type":"post","link":"https:\/\/lepatriotebenin.com\/index.php\/2024\/07\/29\/editorial-vindicte-dabeilles\/","title":{"rendered":"Editorial\u00a0: Vindicte d\u2019abeilles"},"content":{"rendered":"\n<p>Depuis la nuit des temps, l\u2019abeille a toujours \u00e9t\u00e9 un puissant animal de combat. Bien que cet hym\u00e9nopt\u00e8re soit l\u2019un des insectes les plus fragiles, il d\u00e9tient un redoutable pouvoir de d\u00e9stabilisation de l\u2019ennemi. Par son bourdonnement et ses piq\u00fbres, elle est capable de mettre en d\u00e9route une foule d\u2019hommes mobilis\u00e9s pour une cause. A ce point, l\u2019abeille constitue un animal extraordinaire, capable donc de r\u00e9ussir l\u00e0 o\u00f9 des centaines de soldas ont \u00e9chou\u00e9 car elle peut d\u00e9router des milliers de personnes. Personne ne peut r\u00e9sister \u00e0 ses piq\u00fbres, ni m\u00eame \u00e0 ses simples bourdonnements. En Afrique et surtout au B\u00e9nin, les abeilles ont \u00e9t\u00e9 souvent utilis\u00e9es mystiquement ou envoy\u00e9es en \u00ab&nbsp;mission&nbsp;\u00bb pour r\u00e9gler des comptes lorsque le rapport de force semble \u00eatre en d\u00e9faveur de ceux qui les envoie.<\/p>\n\n\n\n<p>A Klou\u00e9kanm\u00e8 ce weekend, les abeilles ont encore montr\u00e9 leur petit num\u00e9ro en r\u00e9ussissant \u00e0 perturber un meeting politique organis\u00e9 par les partis de la majorit\u00e9 pr\u00e9sidentielle pour rendre compte aux populations des actions du gouvernement. Leaders politiques, populations, tous ont pris leurs jambes \u00e0 leurs cous pour \u00e9chapper \u00e0 la furie de ses abeilles venues visiblement pour disperser la foule et emp\u00eacher la tenue du meeting politique. C\u2019\u00e9tait l\u2019expression d\u2019un d\u00e9sarroi face \u00e0 une tourn\u00e9e dite de \u00ab&nbsp;reddition de comptes&nbsp;\u00bb qui prenait l\u2019allure d\u2019une provocation ou d\u2019un arrogant m\u00e9pris pour les populations qui n\u2019en pouvaient pas de faire souffrir leurs tympans&nbsp; pour entendre les litanies gouvernementales. Face donc \u00e0 cette machine de propagande qui tourne depuis plusieurs mois et qui n\u2019a pas trop l\u2019air de se pr\u00e9occuper du sort des populations, la visite inopportune d\u2019abeilles mena\u00e7antes appara\u00eet comme une solution originale. Ses abeilles sont venues apporter deux messages principaux. Le premier est d\u2019exprimer l\u2019opposition des gens qu\u2019on a contraints au silence \u00e0 cette tourn\u00e9e qui semble ne pas \u00eatre leur pr\u00e9occupation du moment. Le second est de prouver au gouvernement qu\u2019il n\u2019est pas si puissant pour ne pas tenir compte des exigences et des souhaits des populations.<\/p>\n\n\n\n<p>A l\u2019heure actuelle, o\u00f9 la chert\u00e9 de la vie donne des vertiges \u00e0 tout p\u00e8re de famille, il n\u2019est pas \u00e9vident que la r\u00e9citation de chapelets de projets ou d\u2019embellissements de voies ne puisse pas venir en t\u00eate de leurs priorit\u00e9s du moment. En effet, depuis pr\u00e8s de deux mois que ministres, d\u00e9put\u00e9s, DG sillonnent le pays pour parler des \u0153uvres du gouvernement du pr\u00e9sident Talon, rien n\u2019a chang\u00e9 dans la vie des populations et aucune solution concr\u00e8te n\u2019a \u00e9t\u00e9 trouv\u00e9e pour att\u00e9nuer les souffrances des populations.<\/p>\n\n\n\n<p>Comment donc comprendre qu\u2019un gouvernement n\u2019e\u00fbt pas pens\u00e9 \u00e0 arr\u00eater ce vacarme assourdissant pour faire le deuil pendant quelques jours au nom de la dizaine de fils du pays tomb\u00e9e sous les feux des terroristes dans le parc W&nbsp;? Comment un gouvernement s\u00e9rieux peut-il \u00eatre si m\u00e9prisant et insensible \u00e0 la vie des m\u00eames populations qu\u2019il pr\u00e9tend rendre heureuses en d\u00e9veloppant le pays&nbsp;?<\/p>\n\n\n\n<p>Ces caprices des abeilles \u00e0 Klou\u00e9kanm\u00e8 renvoient aux autorit\u00e9s et leaders politiques le message r\u00e9el qui aurait \u00e9t\u00e9 celui des populations si elles avaient eu la libert\u00e9 d\u2019exprimer librement leurs opinions. Si l\u2019arrogance et le pouvoir intimidateur du r\u00e9gime Talon avait tenu compte des avis des populations, il y a longtemps qu\u2019il aura arr\u00eat\u00e9 sa balade pour se pencher sur les vrais probl\u00e8mes des populations qui sont d\u2019un autre ordre.<\/p>\n\n\n\n<p>Qu\u2019elles soient donc envoy\u00e9es mystiquement pour disperser les populations ou que c\u2019est le lieu du meeting qui s\u2019est retrouv\u00e9 dans leur champ de balade, les abeilles de Klou\u00e9kanm\u00e8 ont envoy\u00e9 un signal fort que le gouvernement doit bien d\u00e9crypter s\u2019il entend rester dans le c\u0153ur des populations.<\/p>\n","protected":false},"excerpt":{"rendered":"<p>Depuis la nuit des temps, l\u2019abeille a toujours \u00e9t\u00e9 un puissant animal de combat. Bien que cet hym\u00e9nopt\u00e8re soit l\u2019un des insectes les plus fragiles, il d\u00e9tient un redoutable pouvoir&hellip;<\/p>\n","protected":false},"author":2,"featured_media":6906,"comment_status":"open","ping_status":"open","sticky":false,"template":"","format":"standard","meta":{"content-type":"","om_disable_all_campaigns":false,"_monsterinsights_skip_tracking":false,"_monsterinsights_sitenote_active":false,"_monsterinsights_sitenote_note":"","_monsterinsights_sitenote_category":0,"_uf_show_specific_survey":0,"_uf_disable_surveys":false,"footnotes":""},"categories":[26],"tags":[],"class_list":["post-6905","post","type-post","status-publish","format-standard","has-post-thumbnail","hentry","category-politique"],"aioseo_notices":[],"yoast_head":"<!-- This site is optimized with the Yoast SEO plugin v27.5 - https:\/\/yoast.com\/product\/yoast-seo-wordpress\/ -->\n<title>Editorial\u00a0: Vindicte d\u2019abeilles - Le Patriote<\/title>\n<meta name=\"robots\" content=\"index, follow, max-snippet:-1, max-image-preview:large, max-video-preview:-1\" \/>\n<link rel=\"canonical\" href=\"https:\/\/lepatriotebenin.com\/index.php\/2024\/07\/29\/editorial-vindicte-dabeilles\/\" \/>\n<meta property=\"og:locale\" content=\"fr_FR\" \/>\n<meta property=\"og:type\" content=\"article\" \/>\n<meta property=\"og:title\" content=\"Editorial\u00a0: Vindicte d\u2019abeilles - Le Patriote\" \/>\n<meta property=\"og:description\" content=\"Depuis la nuit des temps, l\u2019abeille a toujours \u00e9t\u00e9 un puissant animal de combat. Bien que cet hym\u00e9nopt\u00e8re soit l\u2019un des insectes les plus fragiles, il d\u00e9tient un redoutable pouvoir&hellip;\" \/>\n<meta property=\"og:url\" content=\"https:\/\/lepatriotebenin.com\/index.php\/2024\/07\/29\/editorial-vindicte-dabeilles\/\" \/>\n<meta property=\"og:site_name\" content=\"Le Patriote\" \/>\n<meta property=\"article:published_time\" content=\"2024-07-29T00:14:30+00:00\" \/>\n<meta property=\"article:modified_time\" content=\"2024-07-29T00:14:31+00:00\" \/>\n<meta property=\"og:image\" content=\"https:\/\/lepatriotebenin.com\/wp-content\/uploads\/2024\/07\/abeilles-chez-moi-nuage-abeilles-kdet-annecy.jpg\" \/>\n\t<meta property=\"og:image:width\" content=\"800\" \/>\n\t<meta property=\"og:image:height\" content=\"1000\" \/>\n\t<meta property=\"og:image:type\" content=\"image\/jpeg\" \/>\n<meta name=\"author\" content=\"Marcel ZOUMENOU\" \/>\n<meta name=\"twitter:card\" content=\"summary_large_image\" \/>\n<meta name=\"twitter:label1\" content=\"\u00c9crit par\" \/>\n\t<meta name=\"twitter:data1\" content=\"Marcel ZOUMENOU\" \/>\n\t<meta name=\"twitter:label2\" content=\"Dur\u00e9e de lecture estim\u00e9e\" \/>\n\t<meta name=\"twitter:data2\" content=\"4 minutes\" \/>\n<script type=\"application\/ld+json\" class=\"yoast-schema-graph\">{\"@context\":\"https:\\\/\\\/schema.org\",\"@graph\":[{\"@type\":\"Article\",\"@id\":\"https:\\\/\\\/lepatriotebenin.com\\\/index.php\\\/2024\\\/07\\\/29\\\/editorial-vindicte-dabeilles\\\/#article\",\"isPartOf\":{\"@id\":\"https:\\\/\\\/lepatriotebenin.com\\\/index.php\\\/2024\\\/07\\\/29\\\/editorial-vindicte-dabeilles\\\/\"},\"author\":{\"name\":\"Marcel ZOUMENOU\",\"@id\":\"https:\\\/\\\/lepatriotebenin.com\\\/#\\\/schema\\\/person\\\/bc185387219a73c6f2f8698114720c49\"},\"headline\":\"Editorial\u00a0: Vindicte d\u2019abeilles\",\"datePublished\":\"2024-07-29T00:14:30+00:00\",\"dateModified\":\"2024-07-29T00:14:31+00:00\",\"mainEntityOfPage\":{\"@id\":\"https:\\\/\\\/lepatriotebenin.com\\\/index.php\\\/2024\\\/07\\\/29\\\/editorial-vindicte-dabeilles\\\/\"},\"wordCount\":689,\"commentCount\":0,\"image\":{\"@id\":\"https:\\\/\\\/lepatriotebenin.com\\\/index.php\\\/2024\\\/07\\\/29\\\/editorial-vindicte-dabeilles\\\/#primaryimage\"},\"thumbnailUrl\":\"https:\\\/\\\/lepatriotebenin.com\\\/wp-content\\\/uploads\\\/2024\\\/07\\\/abeilles-chez-moi-nuage-abeilles-kdet-annecy.jpg\",\"articleSection\":[\"Politique\"],\"inLanguage\":\"fr-FR\",\"potentialAction\":[{\"@type\":\"CommentAction\",\"name\":\"Comment\",\"target\":[\"https:\\\/\\\/lepatriotebenin.com\\\/index.php\\\/2024\\\/07\\\/29\\\/editorial-vindicte-dabeilles\\\/#respond\"]}]},{\"@type\":\"WebPage\",\"@id\":\"https:\\\/\\\/lepatriotebenin.com\\\/index.php\\\/2024\\\/07\\\/29\\\/editorial-vindicte-dabeilles\\\/\",\"url\":\"https:\\\/\\\/lepatriotebenin.com\\\/index.php\\\/2024\\\/07\\\/29\\\/editorial-vindicte-dabeilles\\\/\",\"name\":\"Editorial\u00a0: Vindicte d\u2019abeilles - Le Patriote\",\"isPartOf\":{\"@id\":\"https:\\\/\\\/lepatriotebenin.com\\\/#website\"},\"primaryImageOfPage\":{\"@id\":\"https:\\\/\\\/lepatriotebenin.com\\\/index.php\\\/2024\\\/07\\\/29\\\/editorial-vindicte-dabeilles\\\/#primaryimage\"},\"image\":{\"@id\":\"https:\\\/\\\/lepatriotebenin.com\\\/index.php\\\/2024\\\/07\\\/29\\\/editorial-vindicte-dabeilles\\\/#primaryimage\"},\"thumbnailUrl\":\"https:\\\/\\\/lepatriotebenin.com\\\/wp-content\\\/uploads\\\/2024\\\/07\\\/abeilles-chez-moi-nuage-abeilles-kdet-annecy.jpg\",\"datePublished\":\"2024-07-29T00:14:30+00:00\",\"dateModified\":\"2024-07-29T00:14:31+00:00\",\"author\":{\"@id\":\"https:\\\/\\\/lepatriotebenin.com\\\/#\\\/schema\\\/person\\\/bc185387219a73c6f2f8698114720c49\"},\"breadcrumb\":{\"@id\":\"https:\\\/\\\/lepatriotebenin.com\\\/index.php\\\/2024\\\/07\\\/29\\\/editorial-vindicte-dabeilles\\\/#breadcrumb\"},\"inLanguage\":\"fr-FR\",\"potentialAction\":[{\"@type\":\"ReadAction\",\"target\":[\"https:\\\/\\\/lepatriotebenin.com\\\/index.php\\\/2024\\\/07\\\/29\\\/editorial-vindicte-dabeilles\\\/\"]}]},{\"@type\":\"ImageObject\",\"inLanguage\":\"fr-FR\",\"@id\":\"https:\\\/\\\/lepatriotebenin.com\\\/index.php\\\/2024\\\/07\\\/29\\\/editorial-vindicte-dabeilles\\\/#primaryimage\",\"url\":\"https:\\\/\\\/lepatriotebenin.com\\\/wp-content\\\/uploads\\\/2024\\\/07\\\/abeilles-chez-moi-nuage-abeilles-kdet-annecy.jpg\",\"contentUrl\":\"https:\\\/\\\/lepatriotebenin.com\\\/wp-content\\\/uploads\\\/2024\\\/07\\\/abeilles-chez-moi-nuage-abeilles-kdet-annecy.jpg\",\"width\":800,\"height\":1000},{\"@type\":\"BreadcrumbList\",\"@id\":\"https:\\\/\\\/lepatriotebenin.com\\\/index.php\\\/2024\\\/07\\\/29\\\/editorial-vindicte-dabeilles\\\/#breadcrumb\",\"itemListElement\":[{\"@type\":\"ListItem\",\"position\":1,\"name\":\"Accueil\",\"item\":\"https:\\\/\\\/lepatriotebenin.com\\\/\"},{\"@type\":\"ListItem\",\"position\":2,\"name\":\"Editorial\u00a0: Vindicte d\u2019abeilles\"}]},{\"@type\":\"WebSite\",\"@id\":\"https:\\\/\\\/lepatriotebenin.com\\\/#website\",\"url\":\"https:\\\/\\\/lepatriotebenin.com\\\/\",\"name\":\"Le Patriote\",\"description\":\"Le Patriote B\u00e9nin\",\"potentialAction\":[{\"@type\":\"SearchAction\",\"target\":{\"@type\":\"EntryPoint\",\"urlTemplate\":\"https:\\\/\\\/lepatriotebenin.com\\\/?s={search_term_string}\"},\"query-input\":{\"@type\":\"PropertyValueSpecification\",\"valueRequired\":true,\"valueName\":\"search_term_string\"}}],\"inLanguage\":\"fr-FR\"},{\"@type\":\"Person\",\"@id\":\"https:\\\/\\\/lepatriotebenin.com\\\/#\\\/schema\\\/person\\\/bc185387219a73c6f2f8698114720c49\",\"name\":\"Marcel ZOUMENOU\",\"image\":{\"@type\":\"ImageObject\",\"inLanguage\":\"fr-FR\",\"@id\":\"https:\\\/\\\/secure.gravatar.com\\\/avatar\\\/55e60188ee1ca2050a14675489f7856c575861edc734548164d100bdb6565472?s=96&d=mm&r=g\",\"url\":\"https:\\\/\\\/secure.gravatar.com\\\/avatar\\\/55e60188ee1ca2050a14675489f7856c575861edc734548164d100bdb6565472?s=96&d=mm&r=g\",\"contentUrl\":\"https:\\\/\\\/secure.gravatar.com\\\/avatar\\\/55e60188ee1ca2050a14675489f7856c575861edc734548164d100bdb6565472?s=96&d=mm&r=g\",\"caption\":\"Marcel ZOUMENOU\"},\"url\":\"https:\\\/\\\/lepatriotebenin.com\"}]}<\/script>\n<!-- \/ Yoast SEO plugin. -->","yoast_head_json":{"title":"Editorial\u00a0: Vindicte d\u2019abeilles - Le Patriote","robots":{"index":"index","follow":"follow","max-snippet":"max-snippet:-1","max-image-preview":"max-image-preview:large","max-video-preview":"max-video-preview:-1"},"canonical":"https:\/\/lepatriotebenin.com\/index.php\/2024\/07\/29\/editorial-vindicte-dabeilles\/","og_locale":"fr_FR","og_type":"article","og_title":"Editorial\u00a0: Vindicte d\u2019abeilles - Le Patriote","og_description":"Depuis la nuit des temps, l\u2019abeille a toujours \u00e9t\u00e9 un puissant animal de combat. Bien que cet hym\u00e9nopt\u00e8re soit l\u2019un des insectes les plus fragiles, il d\u00e9tient un redoutable pouvoir&hellip;","og_url":"https:\/\/lepatriotebenin.com\/index.php\/2024\/07\/29\/editorial-vindicte-dabeilles\/","og_site_name":"Le Patriote","article_published_time":"2024-07-29T00:14:30+00:00","article_modified_time":"2024-07-29T00:14:31+00:00","og_image":[{"width":800,"height":1000,"url":"https:\/\/lepatriotebenin.com\/wp-content\/uploads\/2024\/07\/abeilles-chez-moi-nuage-abeilles-kdet-annecy.jpg","type":"image\/jpeg"}],"author":"Marcel ZOUMENOU","twitter_card":"summary_large_image","twitter_misc":{"\u00c9crit par":"Marcel ZOUMENOU","Dur\u00e9e de lecture estim\u00e9e":"4 minutes"},"schema":{"@context":"https:\/\/schema.org","@graph":[{"@type":"Article","@id":"https:\/\/lepatriotebenin.com\/index.php\/2024\/07\/29\/editorial-vindicte-dabeilles\/#article","isPartOf":{"@id":"https:\/\/lepatriotebenin.com\/index.php\/2024\/07\/29\/editorial-vindicte-dabeilles\/"},"author":{"name":"Marcel ZOUMENOU","@id":"https:\/\/lepatriotebenin.com\/#\/schema\/person\/bc185387219a73c6f2f8698114720c49"},"headline":"Editorial\u00a0: Vindicte d\u2019abeilles","datePublished":"2024-07-29T00:14:30+00:00","dateModified":"2024-07-29T00:14:31+00:00","mainEntityOfPage":{"@id":"https:\/\/lepatriotebenin.com\/index.php\/2024\/07\/29\/editorial-vindicte-dabeilles\/"},"wordCount":689,"commentCount":0,"image":{"@id":"https:\/\/lepatriotebenin.com\/index.php\/2024\/07\/29\/editorial-vindicte-dabeilles\/#primaryimage"},"thumbnailUrl":"https:\/\/lepatriotebenin.com\/wp-content\/uploads\/2024\/07\/abeilles-chez-moi-nuage-abeilles-kdet-annecy.jpg","articleSection":["Politique"],"inLanguage":"fr-FR","potentialAction":[{"@type":"CommentAction","name":"Comment","target":["https:\/\/lepatriotebenin.com\/index.php\/2024\/07\/29\/editorial-vindicte-dabeilles\/#respond"]}]},{"@type":"WebPage","@id":"https:\/\/lepatriotebenin.com\/index.php\/2024\/07\/29\/editorial-vindicte-dabeilles\/","url":"https:\/\/lepatriotebenin.com\/index.php\/2024\/07\/29\/editorial-vindicte-dabeilles\/","name":"Editorial\u00a0: Vindicte d\u2019abeilles - Le Patriote","isPartOf":{"@id":"https:\/\/lepatriotebenin.com\/#website"},"primaryImageOfPage":{"@id":"https:\/\/lepatriotebenin.com\/index.php\/2024\/07\/29\/editorial-vindicte-dabeilles\/#primaryimage"},"image":{"@id":"https:\/\/lepatriotebenin.com\/index.php\/2024\/07\/29\/editorial-vindicte-dabeilles\/#primaryimage"},"thumbnailUrl":"https:\/\/lepatriotebenin.com\/wp-content\/uploads\/2024\/07\/abeilles-chez-moi-nuage-abeilles-kdet-annecy.jpg","datePublished":"2024-07-29T00:14:30+00:00","dateModified":"2024-07-29T00:14:31+00:00","author":{"@id":"https:\/\/lepatriotebenin.com\/#\/schema\/person\/bc185387219a73c6f2f8698114720c49"},"breadcrumb":{"@id":"https:\/\/lepatriotebenin.com\/index.php\/2024\/07\/29\/editorial-vindicte-dabeilles\/#breadcrumb"},"inLanguage":"fr-FR","potentialAction":[{"@type":"ReadAction","target":["https:\/\/lepatriotebenin.com\/index.php\/2024\/07\/29\/editorial-vindicte-dabeilles\/"]}]},{"@type":"ImageObject","inLanguage":"fr-FR","@id":"https:\/\/lepatriotebenin.com\/index.php\/2024\/07\/29\/editorial-vindicte-dabeilles\/#primaryimage","url":"https:\/\/lepatriotebenin.com\/wp-content\/uploads\/2024\/07\/abeilles-chez-moi-nuage-abeilles-kdet-annecy.jpg","contentUrl":"https:\/\/lepatriotebenin.com\/wp-content\/uploads\/2024\/07\/abeilles-chez-moi-nuage-abeilles-kdet-annecy.jpg","width":800,"height":1000},{"@type":"BreadcrumbList","@id":"https:\/\/lepatriotebenin.com\/index.php\/2024\/07\/29\/editorial-vindicte-dabeilles\/#breadcrumb","itemListElement":[{"@type":"ListItem","position":1,"name":"Accueil","item":"https:\/\/lepatriotebenin.com\/"},{"@type":"ListItem","position":2,"name":"Editorial\u00a0: Vindicte d\u2019abeilles"}]},{"@type":"WebSite","@id":"https:\/\/lepatriotebenin.com\/#website","url":"https:\/\/lepatriotebenin.com\/","name":"Le Patriote","description":"Le Patriote B\u00e9nin","potentialAction":[{"@type":"SearchAction","target":{"@type":"EntryPoint","urlTemplate":"https:\/\/lepatriotebenin.com\/?s={search_term_string}"},"query-input":{"@type":"PropertyValueSpecification","valueRequired":true,"valueName":"search_term_string"}}],"inLanguage":"fr-FR"},{"@type":"Person","@id":"https:\/\/lepatriotebenin.com\/#\/schema\/person\/bc185387219a73c6f2f8698114720c49","name":"Marcel ZOUMENOU","image":{"@type":"ImageObject","inLanguage":"fr-FR","@id":"https:\/\/secure.gravatar.com\/avatar\/55e60188ee1ca2050a14675489f7856c575861edc734548164d100bdb6565472?s=96&d=mm&r=g","url":"https:\/\/secure.gravatar.com\/avatar\/55e60188ee1ca2050a14675489f7856c575861edc734548164d100bdb6565472?s=96&d=mm&r=g","contentUrl":"https:\/\/secure.gravatar.com\/avatar\/55e60188ee1ca2050a14675489f7856c575861edc734548164d100bdb6565472?s=96&d=mm&r=g","caption":"Marcel ZOUMENOU"},"url":"https:\/\/lepatriotebenin.com"}]}},"_links":{"self":[{"href":"https:\/\/lepatriotebenin.com\/index.php\/wp-json\/wp\/v2\/posts\/6905","targetHints":{"allow":["GET"]}}],"collection":[{"href":"https:\/\/lepatriotebenin.com\/index.php\/wp-json\/wp\/v2\/posts"}],"about":[{"href":"https:\/\/lepatriotebenin.com\/index.php\/wp-json\/wp\/v2\/types\/post"}],"author":[{"embeddable":true,"href":"https:\/\/lepatriotebenin.com\/index.php\/wp-json\/wp\/v2\/users\/2"}],"replies":[{"embeddable":true,"href":"https:\/\/lepatriotebenin.com\/index.php\/wp-json\/wp\/v2\/comments?post=6905"}],"version-history":[{"count":1,"href":"https:\/\/lepatriotebenin.com\/index.php\/wp-json\/wp\/v2\/posts\/6905\/revisions"}],"predecessor-version":[{"id":6907,"href":"https:\/\/lepatriotebenin.com\/index.php\/wp-json\/wp\/v2\/posts\/6905\/revisions\/6907"}],"wp:featuredmedia":[{"embeddable":true,"href":"https:\/\/lepatriotebenin.com\/index.php\/wp-json\/wp\/v2\/media\/6906"}],"wp:attachment":[{"href":"https:\/\/lepatriotebenin.com\/index.php\/wp-json\/wp\/v2\/media?parent=6905"}],"wp:term":[{"taxonomy":"category","embeddable":true,"href":"https:\/\/lepatriotebenin.com\/index.php\/wp-json\/wp\/v2\/categories?post=6905"},{"taxonomy":"post_tag","embeddable":true,"href":"https:\/\/lepatriotebenin.com\/index.php\/wp-json\/wp\/v2\/tags?post=6905"}],"curies":[{"name":"wp","href":"https:\/\/api.w.org\/{rel}","templated":true}]}}