{"id":6704,"date":"2024-07-18T02:53:12","date_gmt":"2024-07-18T00:53:12","guid":{"rendered":"https:\/\/lepatriotebenin.com\/?p=6704"},"modified":"2024-07-19T12:54:29","modified_gmt":"2024-07-19T10:54:29","slug":"creation-du-crp-samedi-prochain-a-parakou-un-ministre-detat-entame-la-destabilisation-de-lupr-et-br","status":"publish","type":"post","link":"https:\/\/lepatriotebenin.com\/index.php\/2024\/07\/18\/creation-du-crp-samedi-prochain-a-parakou-un-ministre-detat-entame-la-destabilisation-de-lupr-et-br\/","title":{"rendered":"Cr\u00e9ation du CRP samedi prochain \u00e0 Parakou: Un ministre d\u2019Etat entame la d\u00e9stabilisation de l\u2019UPR et BR"},"content":{"rendered":"\t\t<div data-elementor-type=\"wp-post\" data-elementor-id=\"6704\" class=\"elementor elementor-6704\" data-elementor-post-type=\"post\">\n\t\t\t\t\t\t<section class=\"penci-section penci-disSticky penci-structure-10 elementor-section elementor-top-section elementor-element elementor-element-145665ca elementor-section-boxed elementor-section-height-default elementor-section-height-default\" data-id=\"145665ca\" data-element_type=\"section\" data-e-type=\"section\">\n\t\t\t\t\t\t<div class=\"elementor-container elementor-column-gap-default\">\n\t\t\t\t\t<div class=\"penci-ercol-100 penci-ercol-order-1 penci-sticky-ct    elementor-column elementor-col-100 elementor-top-column elementor-element elementor-element-512a038c\" data-id=\"512a038c\" data-element_type=\"column\" data-e-type=\"column\">\n\t\t\t<div class=\"elementor-widget-wrap elementor-element-populated\">\n\t\t\t\t\t\t<div class=\"elementor-element elementor-element-2e2880fe elementor-widget elementor-widget-text-editor\" data-id=\"2e2880fe\" data-element_type=\"widget\" data-e-type=\"widget\" data-widget_type=\"text-editor.default\">\n\t\t\t\t<div class=\"elementor-widget-container\">\n\t\t\t\t\t\t\t\t\t\n<p>\u00a0<\/p>\n\n<p><strong><em>L\u2019ann\u00e9e 2026 ravive les app\u00e9tits politiques les plus fous. En dehors des pr\u00e9tendants aux titres de d\u00e9put\u00e9s et de maires, il y a ceux qui aspirent au prestigieux maroquin de chef de l\u2019Etat. Parmi eux, un ministre d\u2019Etat du pr\u00e9sident Talon qui, sans grand courage, peaufine en catimini une strat\u00e9gie de candidature en solitaire et en d\u00e9faveur des deux grands partis de la majorit\u00e9 pr\u00e9sidentielle qu\u2019il \u00e9tiole en y piochant des \u00e9l\u00e9ments pour cr\u00e9er samedi prochain \u00e0 Parakou le Cercle de R\u00e9flexion des Pionniers(CRP).<\/em><\/strong><\/p>\n\n<p>Dans une interview accord\u00e9e \u00e0 la t\u00e9l\u00e9vision nationale le 23 d\u00e9cembre 2023, le pr\u00e9sident Patrice Talon a abord\u00e9 la question de sa succession en 2026. Sans langue de bois, il s\u2019\u00e9tait prononc\u00e9 sur le cas de son ami Olivier Boko dont la candidature faisait, \u00e0 l\u2019\u00e9poque, objet d\u2019une grande campagne de vulgarisation \u00e0 travers tout le pays. Il avait clairement fait savoir qu\u2019il n\u2019est pas du genre \u00e0 \u00ab\u00a0faire la promotion\u00a0\u00bb de ses amis, de sa famille et de ses proches. Une posture intelligente dans l\u2019apparence qui semble bien l\u2019\u00e9loigner des intrigues et machinations pour imposer un candidat qui sera un parent ou un ami. Il avait aussi, telle une consigne, affirm\u00e9 que c\u2019\u00e9tait trop t\u00f4t pour lancer un tel projet. Les pr\u00e9tendants devraient donc attendre qu\u2019\u00e0 six mois de l\u2019\u00e9lection les partis politiques habilet\u00e9s ouvrent le d\u00e9bat et une proc\u00e9dure d\u2019enregistrement de candidature. Depuis, une relative accalmie est revenue dans son camp. Les lieutenants d\u2019Olivier Boko qui sillonnaient tout le pays pour y installer des cellules \u00e0 sa cause et faire des d\u00e9clarations pour susciter sa candidature se font plus rares, tout au moins plus discrets. Les autres pr\u00e9tendants, moins courageux, ne contentent de quelques initiatives sobres et de rencontres informelles pour chuchoter \u00e0 quelques affid\u00e9s leurs ambitions pour 2026. Entre temps, les amendements du Code Electoral ont d\u00e9finitivement scell\u00e9 les vell\u00e9it\u00e9s de beaucoup parmi eux qui r\u00eavaient de candidature. On peut donc dire que le chef de l\u2019Etat avait \u00e9t\u00e9 compris. Si bien compris que l\u2019un de ses ministres, qui avait b\u00e9n\u00e9fici\u00e9 aussi de quelques d\u00e9clarations \u00e9parses de soutien \u00e0 sa candidature avait siffl\u00e9 la fin de la r\u00e9cr\u00e9ation en affirmant dans un communiqu\u00e9\u00a0 qu\u2019il trouvait \u00ab\u00a0ind\u00e9cent\u00a0\u00bb et \u00ab\u00a0pr\u00e9matur\u00e9\u00a0\u00bb de \u00ab\u00a0s\u2019engager dans le d\u00e9bat sur les \u00e9lections pr\u00e9sidentielles de 2026 \u00e0 ce jour\u00a0\u00bb. On \u00e9tait le mardi 4 juillet 2023 et il entendait se mettre enti\u00e8rement au service de la mission que le chef de l\u2019Etat lui a confi\u00e9e. Au travail donc pour la r\u00e9alisation des objectifs du gouvernement et la poursuite des r\u00e9formes.<\/p>\n\n<p><strong>Boko bis<\/strong><\/p>\n\n<p>Mais pr\u00e8s d\u2019un an apr\u00e8s, alors qu\u2019on \u00e9graine les derniers 15 mois avant les d\u00e9p\u00f4ts des candidatures, chacun semble se rendre \u00e0 l\u2019\u00e9vidence de la n\u00e9cessit\u00e9 de prendre son destin politique en main et de battre le fer tant qu\u2019il est chaud afin qu\u2019il ne se refroidisse pas. M\u00eame ceux qui, voulant jouer aux \u00ab \u00e9l\u00e8ves disciplin\u00e9s\u00a0 de l\u2019\u00e9cole Talon \u00bb avaient affirm\u00e9 qu\u2019il \u00e9tait \u00ab ind\u00e9cent \u00bb d\u2019agiter une candidature en son temps ont d\u00e9cid\u00e9 de se jeter \u00e0 l\u2019eau. La conjoncture n\u2019est d\u2019ailleurs plus trop favorable : les deux partis de la majorit\u00e9 pr\u00e9sidentielle qui peuvent proposer des candidatures sont dirig\u00e9s par des candidats potentiels ou parrainent d\u2019autres au sein de leur parti. Le d\u00e9vou\u00e9 \u00ab\u00a0ministre du 4 juillet 2023\u00a0\u00bb cherche donc une parade pour cr\u00e9er une dynamique autour de sa personne. Et malheureusement, il est all\u00e9 chercher la plus mauvaise option qui risque d\u2019\u00eatre suicidaire pour la majorit\u00e9 pr\u00e9sidentielle et provoquer l\u2019ire du pr\u00e9sident Talon. Selon donc les indiscr\u00e9tions, ledit ministre a pris par le truchement d\u2019un de ses fid\u00e8les lieutenants bien connu pour cr\u00e9er un groupe politique. Pour se faire discret et ne r\u00e9veiller aucun soup\u00e7on, le groupe est baptis\u00e9 \u00ab Cercle de R\u00e9flexion des Pionniers \u00bb. Le groupe de mots \u00ab cercle de r\u00e9flexion \u00bb est souvent un bon emballage pour cacher les ambitions politiques inavou\u00e9es. Et donc ce CRP a sembl\u00e9 bien jouer le tour. Sauf que les plus curieux peuvent lire dans l\u2019introduction de leur brochure les int\u00e9r\u00eats manifestes pour la succession en 2026. \u00ab En 2026, le B\u00e9nin conna\u00eetra les \u00e9lections g\u00e9n\u00e9rales dont la pr\u00e9sidentielle constitue, \u00e0 n\u2019en point douter, la cl\u00e9 de vo\u00fbte. Des questions que se posent les B\u00e9ninoises et les B\u00e9ninois \u00e0 ce jour se r\u00e9sument, entre autres, \u00e0 celles-ci : qui pour consolider et p\u00e9renniser les acquis des 10 ann\u00e9es de gouvernance ? Allons-nous laisser un si pr\u00e9cieux h\u00e9ritage dans les mains d\u2019un aventurier politique ou un non-initi\u00e9 du couvent de la rupture qui sera peut \u00eatre pr\u00e9occup\u00e9 \u00e0 r\u00e9gler des comptes au lieu de continuer \u00e0 mobiliser les ressources financi\u00e8res \u00e0 l\u2019international\u00a0 pour poursuivre l\u2019\u0153uvre pharaonique engag\u00e9e ? \u00bb. Il est donc clair que ledit CRP est cr\u00e9\u00e9 pour trouver r\u00e9ponses \u00e0 ces questions. On y voit en filigrane d\u2019ailleurs un profil se dessiner. Et ce n\u2019est pas tout. Selon des informations concordantes, le fameux CRP pioche actuellement des militants dans l\u2019Union Progressiste le Renouveau (UPR) et surtout dans le Bloc R\u00e9publicain(BR) o\u00f9 les d\u00e9g\u00e2ts sont \u00e9normes. Plusieurs membres des bureaux politiques et des directions ex\u00e9cutives de ces partis sont appel\u00e9s, marchand\u00e9s pour y adh\u00e9rer. Ils sont convi\u00e9s une fois par semaine, tous les mardis, \u00e0 des r\u00e9unions pour peaufiner les strat\u00e9gies de conqu\u00eate et de mobilisation d\u2019adh\u00e9rents et de pr\u00e9paration du congr\u00e8s du cercle de r\u00e9flexion. Ceux qu\u2019on appelle donc des pionniers ne sont donc que les responsables d\u00e9bauch\u00e9s des partis. Des cadres de son minist\u00e8re et des Directeurs de r\u00e9gie financi\u00e8re ont particip\u00e9 plusieurs fois \u00e0 ces r\u00e9unions politiques. Certains, craignant de subir les repr\u00e9sailles du pr\u00e9sident Talon se font discrets et m\u00e9fiants. Il s\u2019agit d\u2019un projet politique con\u00e7u dans l\u2019hypocrisie pour affaiblir les partis et faire le boulevard \u00e0 un seul individu au d\u00e9triment des partis. Toute chose qui va contre la vision du chef de l\u2019Etat qui n\u2019a de cesse, \u0153uvr\u00e9 pour la consolidation des partis et un syst\u00e8me partisan assez clair et lisible. On se demande alors s\u2019il est au courant de ce projet de l\u2019un de ses ministres ou s\u2019il ferme les yeux sur \u00e7a par pure strat\u00e9gie politique ? Si tel est le cas, que reproche-t-on alors \u00e0 Olivier Boko dont les lieutenants, avaient eu une meilleure approche puisque les \u00e9l\u00e9ments mobilis\u00e9s pour les mouvements OB2026 ne provenaient pas des partis politiques ? Il s\u2019agira donc d\u2019un favoritisme qui risque d\u2019affaiblir cette mouvance davantage. \u00a0\u00a0Et surtout le pr\u00e9sident Talon qui se doit d\u2019arr\u00eater les vell\u00e9it\u00e9s de son ministre qui passe outre ses consignes.<\/p>\n\t\t\t\t\t\t\t\t<\/div>\n\t\t\t\t<\/div>\n\t\t\t\t\t<\/div>\n\t\t<\/div>\n\t\t\t\t\t<\/div>\n\t\t<\/section>\n\t\t\t\t<\/div>\n\t\t","protected":false},"excerpt":{"rendered":"<p>\u00a0 L\u2019ann\u00e9e 2026 ravive les app\u00e9tits politiques les plus fous. En dehors des pr\u00e9tendants aux titres de d\u00e9put\u00e9s et de maires, il y a ceux qui aspirent au prestigieux maroquin&hellip;<\/p>\n","protected":false},"author":2,"featured_media":6705,"comment_status":"open","ping_status":"open","sticky":false,"template":"","format":"standard","meta":{"content-type":"","om_disable_all_campaigns":false,"_monsterinsights_skip_tracking":false,"_monsterinsights_sitenote_active":false,"_monsterinsights_sitenote_note":"","_monsterinsights_sitenote_category":0,"_uf_show_specific_survey":0,"_uf_disable_surveys":false,"footnotes":""},"categories":[26],"tags":[],"class_list":["post-6704","post","type-post","status-publish","format-standard","has-post-thumbnail","hentry","category-politique"],"aioseo_notices":[],"yoast_head":"<!-- This site is optimized with the Yoast SEO plugin v27.5 - https:\/\/yoast.com\/product\/yoast-seo-wordpress\/ -->\n<title>Cr\u00e9ation du CRP samedi prochain \u00e0 Parakou: Un ministre d\u2019Etat entame la d\u00e9stabilisation de l\u2019UPR et BR - Le Patriote<\/title>\n<meta name=\"robots\" content=\"index, follow, max-snippet:-1, max-image-preview:large, max-video-preview:-1\" \/>\n<link rel=\"canonical\" href=\"https:\/\/lepatriotebenin.com\/index.php\/2024\/07\/18\/creation-du-crp-samedi-prochain-a-parakou-un-ministre-detat-entame-la-destabilisation-de-lupr-et-br\/\" \/>\n<meta property=\"og:locale\" content=\"fr_FR\" \/>\n<meta property=\"og:type\" content=\"article\" \/>\n<meta property=\"og:title\" content=\"Cr\u00e9ation du CRP samedi prochain \u00e0 Parakou: Un ministre d\u2019Etat entame la d\u00e9stabilisation de l\u2019UPR et BR - Le Patriote\" \/>\n<meta property=\"og:description\" content=\"\u00a0 L\u2019ann\u00e9e 2026 ravive les app\u00e9tits politiques les plus fous. En dehors des pr\u00e9tendants aux titres de d\u00e9put\u00e9s et de maires, il y a ceux qui aspirent au prestigieux maroquin&hellip;\" \/>\n<meta property=\"og:url\" content=\"https:\/\/lepatriotebenin.com\/index.php\/2024\/07\/18\/creation-du-crp-samedi-prochain-a-parakou-un-ministre-detat-entame-la-destabilisation-de-lupr-et-br\/\" \/>\n<meta property=\"og:site_name\" content=\"Le Patriote\" \/>\n<meta property=\"article:published_time\" content=\"2024-07-18T00:53:12+00:00\" \/>\n<meta property=\"article:modified_time\" content=\"2024-07-19T10:54:29+00:00\" \/>\n<meta property=\"og:image\" content=\"https:\/\/lepatriotebenin.com\/wp-content\/uploads\/2024\/07\/crj.jpg\" \/>\n\t<meta property=\"og:image:width\" content=\"357\" \/>\n\t<meta property=\"og:image:height\" content=\"376\" \/>\n\t<meta property=\"og:image:type\" content=\"image\/jpeg\" \/>\n<meta name=\"author\" content=\"Marcel ZOUMENOU\" \/>\n<meta name=\"twitter:card\" content=\"summary_large_image\" \/>\n<meta name=\"twitter:label1\" content=\"\u00c9crit par\" \/>\n\t<meta name=\"twitter:data1\" content=\"Marcel ZOUMENOU\" \/>\n\t<meta name=\"twitter:label2\" content=\"Dur\u00e9e de lecture estim\u00e9e\" \/>\n\t<meta name=\"twitter:data2\" content=\"6 minutes\" \/>\n<script type=\"application\/ld+json\" class=\"yoast-schema-graph\">{\"@context\":\"https:\\\/\\\/schema.org\",\"@graph\":[{\"@type\":\"Article\",\"@id\":\"https:\\\/\\\/lepatriotebenin.com\\\/index.php\\\/2024\\\/07\\\/18\\\/creation-du-crp-samedi-prochain-a-parakou-un-ministre-detat-entame-la-destabilisation-de-lupr-et-br\\\/#article\",\"isPartOf\":{\"@id\":\"https:\\\/\\\/lepatriotebenin.com\\\/index.php\\\/2024\\\/07\\\/18\\\/creation-du-crp-samedi-prochain-a-parakou-un-ministre-detat-entame-la-destabilisation-de-lupr-et-br\\\/\"},\"author\":{\"name\":\"Marcel ZOUMENOU\",\"@id\":\"https:\\\/\\\/lepatriotebenin.com\\\/#\\\/schema\\\/person\\\/bc185387219a73c6f2f8698114720c49\"},\"headline\":\"Cr\u00e9ation du CRP samedi prochain \u00e0 Parakou: Un ministre d\u2019Etat entame la d\u00e9stabilisation de l\u2019UPR et BR\",\"datePublished\":\"2024-07-18T00:53:12+00:00\",\"dateModified\":\"2024-07-19T10:54:29+00:00\",\"mainEntityOfPage\":{\"@id\":\"https:\\\/\\\/lepatriotebenin.com\\\/index.php\\\/2024\\\/07\\\/18\\\/creation-du-crp-samedi-prochain-a-parakou-un-ministre-detat-entame-la-destabilisation-de-lupr-et-br\\\/\"},\"wordCount\":1222,\"commentCount\":1,\"image\":{\"@id\":\"https:\\\/\\\/lepatriotebenin.com\\\/index.php\\\/2024\\\/07\\\/18\\\/creation-du-crp-samedi-prochain-a-parakou-un-ministre-detat-entame-la-destabilisation-de-lupr-et-br\\\/#primaryimage\"},\"thumbnailUrl\":\"https:\\\/\\\/lepatriotebenin.com\\\/wp-content\\\/uploads\\\/2024\\\/07\\\/crj.jpg\",\"articleSection\":[\"Politique\"],\"inLanguage\":\"fr-FR\",\"potentialAction\":[{\"@type\":\"CommentAction\",\"name\":\"Comment\",\"target\":[\"https:\\\/\\\/lepatriotebenin.com\\\/index.php\\\/2024\\\/07\\\/18\\\/creation-du-crp-samedi-prochain-a-parakou-un-ministre-detat-entame-la-destabilisation-de-lupr-et-br\\\/#respond\"]}]},{\"@type\":\"WebPage\",\"@id\":\"https:\\\/\\\/lepatriotebenin.com\\\/index.php\\\/2024\\\/07\\\/18\\\/creation-du-crp-samedi-prochain-a-parakou-un-ministre-detat-entame-la-destabilisation-de-lupr-et-br\\\/\",\"url\":\"https:\\\/\\\/lepatriotebenin.com\\\/index.php\\\/2024\\\/07\\\/18\\\/creation-du-crp-samedi-prochain-a-parakou-un-ministre-detat-entame-la-destabilisation-de-lupr-et-br\\\/\",\"name\":\"Cr\u00e9ation du CRP samedi prochain \u00e0 Parakou: Un ministre d\u2019Etat entame la d\u00e9stabilisation de l\u2019UPR et BR - Le Patriote\",\"isPartOf\":{\"@id\":\"https:\\\/\\\/lepatriotebenin.com\\\/#website\"},\"primaryImageOfPage\":{\"@id\":\"https:\\\/\\\/lepatriotebenin.com\\\/index.php\\\/2024\\\/07\\\/18\\\/creation-du-crp-samedi-prochain-a-parakou-un-ministre-detat-entame-la-destabilisation-de-lupr-et-br\\\/#primaryimage\"},\"image\":{\"@id\":\"https:\\\/\\\/lepatriotebenin.com\\\/index.php\\\/2024\\\/07\\\/18\\\/creation-du-crp-samedi-prochain-a-parakou-un-ministre-detat-entame-la-destabilisation-de-lupr-et-br\\\/#primaryimage\"},\"thumbnailUrl\":\"https:\\\/\\\/lepatriotebenin.com\\\/wp-content\\\/uploads\\\/2024\\\/07\\\/crj.jpg\",\"datePublished\":\"2024-07-18T00:53:12+00:00\",\"dateModified\":\"2024-07-19T10:54:29+00:00\",\"author\":{\"@id\":\"https:\\\/\\\/lepatriotebenin.com\\\/#\\\/schema\\\/person\\\/bc185387219a73c6f2f8698114720c49\"},\"breadcrumb\":{\"@id\":\"https:\\\/\\\/lepatriotebenin.com\\\/index.php\\\/2024\\\/07\\\/18\\\/creation-du-crp-samedi-prochain-a-parakou-un-ministre-detat-entame-la-destabilisation-de-lupr-et-br\\\/#breadcrumb\"},\"inLanguage\":\"fr-FR\",\"potentialAction\":[{\"@type\":\"ReadAction\",\"target\":[\"https:\\\/\\\/lepatriotebenin.com\\\/index.php\\\/2024\\\/07\\\/18\\\/creation-du-crp-samedi-prochain-a-parakou-un-ministre-detat-entame-la-destabilisation-de-lupr-et-br\\\/\"]}]},{\"@type\":\"ImageObject\",\"inLanguage\":\"fr-FR\",\"@id\":\"https:\\\/\\\/lepatriotebenin.com\\\/index.php\\\/2024\\\/07\\\/18\\\/creation-du-crp-samedi-prochain-a-parakou-un-ministre-detat-entame-la-destabilisation-de-lupr-et-br\\\/#primaryimage\",\"url\":\"https:\\\/\\\/lepatriotebenin.com\\\/wp-content\\\/uploads\\\/2024\\\/07\\\/crj.jpg\",\"contentUrl\":\"https:\\\/\\\/lepatriotebenin.com\\\/wp-content\\\/uploads\\\/2024\\\/07\\\/crj.jpg\",\"width\":357,\"height\":376},{\"@type\":\"BreadcrumbList\",\"@id\":\"https:\\\/\\\/lepatriotebenin.com\\\/index.php\\\/2024\\\/07\\\/18\\\/creation-du-crp-samedi-prochain-a-parakou-un-ministre-detat-entame-la-destabilisation-de-lupr-et-br\\\/#breadcrumb\",\"itemListElement\":[{\"@type\":\"ListItem\",\"position\":1,\"name\":\"Accueil\",\"item\":\"https:\\\/\\\/lepatriotebenin.com\\\/\"},{\"@type\":\"ListItem\",\"position\":2,\"name\":\"Cr\u00e9ation du CRP samedi prochain \u00e0 Parakou: Un ministre d\u2019Etat entame la d\u00e9stabilisation de l\u2019UPR et BR\"}]},{\"@type\":\"WebSite\",\"@id\":\"https:\\\/\\\/lepatriotebenin.com\\\/#website\",\"url\":\"https:\\\/\\\/lepatriotebenin.com\\\/\",\"name\":\"Le Patriote\",\"description\":\"Le Patriote B\u00e9nin\",\"potentialAction\":[{\"@type\":\"SearchAction\",\"target\":{\"@type\":\"EntryPoint\",\"urlTemplate\":\"https:\\\/\\\/lepatriotebenin.com\\\/?s={search_term_string}\"},\"query-input\":{\"@type\":\"PropertyValueSpecification\",\"valueRequired\":true,\"valueName\":\"search_term_string\"}}],\"inLanguage\":\"fr-FR\"},{\"@type\":\"Person\",\"@id\":\"https:\\\/\\\/lepatriotebenin.com\\\/#\\\/schema\\\/person\\\/bc185387219a73c6f2f8698114720c49\",\"name\":\"Marcel ZOUMENOU\",\"image\":{\"@type\":\"ImageObject\",\"inLanguage\":\"fr-FR\",\"@id\":\"https:\\\/\\\/secure.gravatar.com\\\/avatar\\\/55e60188ee1ca2050a14675489f7856c575861edc734548164d100bdb6565472?s=96&d=mm&r=g\",\"url\":\"https:\\\/\\\/secure.gravatar.com\\\/avatar\\\/55e60188ee1ca2050a14675489f7856c575861edc734548164d100bdb6565472?s=96&d=mm&r=g\",\"contentUrl\":\"https:\\\/\\\/secure.gravatar.com\\\/avatar\\\/55e60188ee1ca2050a14675489f7856c575861edc734548164d100bdb6565472?s=96&d=mm&r=g\",\"caption\":\"Marcel ZOUMENOU\"},\"url\":\"https:\\\/\\\/lepatriotebenin.com\"}]}<\/script>\n<!-- \/ Yoast SEO plugin. -->","yoast_head_json":{"title":"Cr\u00e9ation du CRP samedi prochain \u00e0 Parakou: Un ministre d\u2019Etat entame la d\u00e9stabilisation de l\u2019UPR et BR - Le Patriote","robots":{"index":"index","follow":"follow","max-snippet":"max-snippet:-1","max-image-preview":"max-image-preview:large","max-video-preview":"max-video-preview:-1"},"canonical":"https:\/\/lepatriotebenin.com\/index.php\/2024\/07\/18\/creation-du-crp-samedi-prochain-a-parakou-un-ministre-detat-entame-la-destabilisation-de-lupr-et-br\/","og_locale":"fr_FR","og_type":"article","og_title":"Cr\u00e9ation du CRP samedi prochain \u00e0 Parakou: Un ministre d\u2019Etat entame la d\u00e9stabilisation de l\u2019UPR et BR - Le Patriote","og_description":"\u00a0 L\u2019ann\u00e9e 2026 ravive les app\u00e9tits politiques les plus fous. En dehors des pr\u00e9tendants aux titres de d\u00e9put\u00e9s et de maires, il y a ceux qui aspirent au prestigieux maroquin&hellip;","og_url":"https:\/\/lepatriotebenin.com\/index.php\/2024\/07\/18\/creation-du-crp-samedi-prochain-a-parakou-un-ministre-detat-entame-la-destabilisation-de-lupr-et-br\/","og_site_name":"Le Patriote","article_published_time":"2024-07-18T00:53:12+00:00","article_modified_time":"2024-07-19T10:54:29+00:00","og_image":[{"width":357,"height":376,"url":"https:\/\/lepatriotebenin.com\/wp-content\/uploads\/2024\/07\/crj.jpg","type":"image\/jpeg"}],"author":"Marcel ZOUMENOU","twitter_card":"summary_large_image","twitter_misc":{"\u00c9crit par":"Marcel ZOUMENOU","Dur\u00e9e de lecture estim\u00e9e":"6 minutes"},"schema":{"@context":"https:\/\/schema.org","@graph":[{"@type":"Article","@id":"https:\/\/lepatriotebenin.com\/index.php\/2024\/07\/18\/creation-du-crp-samedi-prochain-a-parakou-un-ministre-detat-entame-la-destabilisation-de-lupr-et-br\/#article","isPartOf":{"@id":"https:\/\/lepatriotebenin.com\/index.php\/2024\/07\/18\/creation-du-crp-samedi-prochain-a-parakou-un-ministre-detat-entame-la-destabilisation-de-lupr-et-br\/"},"author":{"name":"Marcel ZOUMENOU","@id":"https:\/\/lepatriotebenin.com\/#\/schema\/person\/bc185387219a73c6f2f8698114720c49"},"headline":"Cr\u00e9ation du CRP samedi prochain \u00e0 Parakou: Un ministre d\u2019Etat entame la d\u00e9stabilisation de l\u2019UPR et BR","datePublished":"2024-07-18T00:53:12+00:00","dateModified":"2024-07-19T10:54:29+00:00","mainEntityOfPage":{"@id":"https:\/\/lepatriotebenin.com\/index.php\/2024\/07\/18\/creation-du-crp-samedi-prochain-a-parakou-un-ministre-detat-entame-la-destabilisation-de-lupr-et-br\/"},"wordCount":1222,"commentCount":1,"image":{"@id":"https:\/\/lepatriotebenin.com\/index.php\/2024\/07\/18\/creation-du-crp-samedi-prochain-a-parakou-un-ministre-detat-entame-la-destabilisation-de-lupr-et-br\/#primaryimage"},"thumbnailUrl":"https:\/\/lepatriotebenin.com\/wp-content\/uploads\/2024\/07\/crj.jpg","articleSection":["Politique"],"inLanguage":"fr-FR","potentialAction":[{"@type":"CommentAction","name":"Comment","target":["https:\/\/lepatriotebenin.com\/index.php\/2024\/07\/18\/creation-du-crp-samedi-prochain-a-parakou-un-ministre-detat-entame-la-destabilisation-de-lupr-et-br\/#respond"]}]},{"@type":"WebPage","@id":"https:\/\/lepatriotebenin.com\/index.php\/2024\/07\/18\/creation-du-crp-samedi-prochain-a-parakou-un-ministre-detat-entame-la-destabilisation-de-lupr-et-br\/","url":"https:\/\/lepatriotebenin.com\/index.php\/2024\/07\/18\/creation-du-crp-samedi-prochain-a-parakou-un-ministre-detat-entame-la-destabilisation-de-lupr-et-br\/","name":"Cr\u00e9ation du CRP samedi prochain \u00e0 Parakou: Un ministre d\u2019Etat entame la d\u00e9stabilisation de l\u2019UPR et BR - Le Patriote","isPartOf":{"@id":"https:\/\/lepatriotebenin.com\/#website"},"primaryImageOfPage":{"@id":"https:\/\/lepatriotebenin.com\/index.php\/2024\/07\/18\/creation-du-crp-samedi-prochain-a-parakou-un-ministre-detat-entame-la-destabilisation-de-lupr-et-br\/#primaryimage"},"image":{"@id":"https:\/\/lepatriotebenin.com\/index.php\/2024\/07\/18\/creation-du-crp-samedi-prochain-a-parakou-un-ministre-detat-entame-la-destabilisation-de-lupr-et-br\/#primaryimage"},"thumbnailUrl":"https:\/\/lepatriotebenin.com\/wp-content\/uploads\/2024\/07\/crj.jpg","datePublished":"2024-07-18T00:53:12+00:00","dateModified":"2024-07-19T10:54:29+00:00","author":{"@id":"https:\/\/lepatriotebenin.com\/#\/schema\/person\/bc185387219a73c6f2f8698114720c49"},"breadcrumb":{"@id":"https:\/\/lepatriotebenin.com\/index.php\/2024\/07\/18\/creation-du-crp-samedi-prochain-a-parakou-un-ministre-detat-entame-la-destabilisation-de-lupr-et-br\/#breadcrumb"},"inLanguage":"fr-FR","potentialAction":[{"@type":"ReadAction","target":["https:\/\/lepatriotebenin.com\/index.php\/2024\/07\/18\/creation-du-crp-samedi-prochain-a-parakou-un-ministre-detat-entame-la-destabilisation-de-lupr-et-br\/"]}]},{"@type":"ImageObject","inLanguage":"fr-FR","@id":"https:\/\/lepatriotebenin.com\/index.php\/2024\/07\/18\/creation-du-crp-samedi-prochain-a-parakou-un-ministre-detat-entame-la-destabilisation-de-lupr-et-br\/#primaryimage","url":"https:\/\/lepatriotebenin.com\/wp-content\/uploads\/2024\/07\/crj.jpg","contentUrl":"https:\/\/lepatriotebenin.com\/wp-content\/uploads\/2024\/07\/crj.jpg","width":357,"height":376},{"@type":"BreadcrumbList","@id":"https:\/\/lepatriotebenin.com\/index.php\/2024\/07\/18\/creation-du-crp-samedi-prochain-a-parakou-un-ministre-detat-entame-la-destabilisation-de-lupr-et-br\/#breadcrumb","itemListElement":[{"@type":"ListItem","position":1,"name":"Accueil","item":"https:\/\/lepatriotebenin.com\/"},{"@type":"ListItem","position":2,"name":"Cr\u00e9ation du CRP samedi prochain \u00e0 Parakou: Un ministre d\u2019Etat entame la d\u00e9stabilisation de l\u2019UPR et BR"}]},{"@type":"WebSite","@id":"https:\/\/lepatriotebenin.com\/#website","url":"https:\/\/lepatriotebenin.com\/","name":"Le Patriote","description":"Le Patriote B\u00e9nin","potentialAction":[{"@type":"SearchAction","target":{"@type":"EntryPoint","urlTemplate":"https:\/\/lepatriotebenin.com\/?s={search_term_string}"},"query-input":{"@type":"PropertyValueSpecification","valueRequired":true,"valueName":"search_term_string"}}],"inLanguage":"fr-FR"},{"@type":"Person","@id":"https:\/\/lepatriotebenin.com\/#\/schema\/person\/bc185387219a73c6f2f8698114720c49","name":"Marcel ZOUMENOU","image":{"@type":"ImageObject","inLanguage":"fr-FR","@id":"https:\/\/secure.gravatar.com\/avatar\/55e60188ee1ca2050a14675489f7856c575861edc734548164d100bdb6565472?s=96&d=mm&r=g","url":"https:\/\/secure.gravatar.com\/avatar\/55e60188ee1ca2050a14675489f7856c575861edc734548164d100bdb6565472?s=96&d=mm&r=g","contentUrl":"https:\/\/secure.gravatar.com\/avatar\/55e60188ee1ca2050a14675489f7856c575861edc734548164d100bdb6565472?s=96&d=mm&r=g","caption":"Marcel ZOUMENOU"},"url":"https:\/\/lepatriotebenin.com"}]}},"_links":{"self":[{"href":"https:\/\/lepatriotebenin.com\/index.php\/wp-json\/wp\/v2\/posts\/6704","targetHints":{"allow":["GET"]}}],"collection":[{"href":"https:\/\/lepatriotebenin.com\/index.php\/wp-json\/wp\/v2\/posts"}],"about":[{"href":"https:\/\/lepatriotebenin.com\/index.php\/wp-json\/wp\/v2\/types\/post"}],"author":[{"embeddable":true,"href":"https:\/\/lepatriotebenin.com\/index.php\/wp-json\/wp\/v2\/users\/2"}],"replies":[{"embeddable":true,"href":"https:\/\/lepatriotebenin.com\/index.php\/wp-json\/wp\/v2\/comments?post=6704"}],"version-history":[{"count":5,"href":"https:\/\/lepatriotebenin.com\/index.php\/wp-json\/wp\/v2\/posts\/6704\/revisions"}],"predecessor-version":[{"id":6746,"href":"https:\/\/lepatriotebenin.com\/index.php\/wp-json\/wp\/v2\/posts\/6704\/revisions\/6746"}],"wp:featuredmedia":[{"embeddable":true,"href":"https:\/\/lepatriotebenin.com\/index.php\/wp-json\/wp\/v2\/media\/6705"}],"wp:attachment":[{"href":"https:\/\/lepatriotebenin.com\/index.php\/wp-json\/wp\/v2\/media?parent=6704"}],"wp:term":[{"taxonomy":"category","embeddable":true,"href":"https:\/\/lepatriotebenin.com\/index.php\/wp-json\/wp\/v2\/categories?post=6704"},{"taxonomy":"post_tag","embeddable":true,"href":"https:\/\/lepatriotebenin.com\/index.php\/wp-json\/wp\/v2\/tags?post=6704"}],"curies":[{"name":"wp","href":"https:\/\/api.w.org\/{rel}","templated":true}]}}