{"id":6608,"date":"2024-07-15T00:03:29","date_gmt":"2024-07-14T22:03:29","guid":{"rendered":"https:\/\/lepatriotebenin.com\/?p=6608"},"modified":"2024-07-15T00:13:25","modified_gmt":"2024-07-14T22:13:25","slug":"deuil-a-srtb-lex-ortb-cousine-angele-nest-plus","status":"publish","type":"post","link":"https:\/\/lepatriotebenin.com\/index.php\/2024\/07\/15\/deuil-a-srtb-lex-ortb-cousine-angele-nest-plus\/","title":{"rendered":"Deuil \u00e0 SRTB l\u2019ex ORTB :\u00a0 \u201cCousine Ang\u00e8le\u201d n\u2019est plus"},"content":{"rendered":"\n<p><strong>Deuil \u00e0 SRTB l\u2019ex ORTB :&nbsp; \u201cCousine Ang\u00e8le\u201d n\u2019est plus<\/strong><\/p>\n\n\n\n<p><strong>Marie-Th\u00e9r\u00e8se Gomez Gon\u00e7alves<\/strong> affectueusement appel\u00e9e \u00ab&nbsp;<strong>Cousine Ang\u00e8le \u00bb<\/strong>&nbsp;&nbsp; est pass\u00e9e de vie \u00e0 tr\u00e9pas ce <strong>dimanche 14 juillet 2024<\/strong>. Elle a \u00e9t\u00e9 une journaliste et pr\u00e9sentatrice de renom qui a fait toute sa carri\u00e8re \u00e0 l\u2019ex Office de radio et t\u00e9l\u00e9vision du B\u00e9nin ( Ortb) et a berc\u00e9 pendant longtemps la jeunesse des enfants du B\u00e9nin pendant la p\u00e9riode de la R\u00e9volution populaire dirig\u00e9e par feu le G\u00e9n\u00e9ral <strong>Mathieu &nbsp;K\u00e9r\u00e9kou<\/strong> \u00e0 travers des \u00e9missions d\u00e9di\u00e9es aux enfants.&nbsp; Elle a donn\u00e9 le sourire aux l\u00e8vres et avec amour \u00e0 de millions de t\u00e9l\u00e9spectateurs. Feue Marie-Th\u00e9r\u00e8se Gomez Gon\u00e7alves est apparue pour la premi\u00e8re fois sur les \u00e9crans de la t\u00e9l\u00e9vision nationale le <strong>30 d\u00e9cembre 1978<\/strong>, date de lancement des \u00e9missions de l\u2019ex Ortb. &nbsp;Ardente d\u00e9fenseuse des droits des femmes et de la promotion de la scolarisation des filles, elle a <strong>\u00e9t\u00e9 <\/strong>Responsable \u00e0 la mobilisation sociale de l\u2019Unicef.<\/p>\n","protected":false},"excerpt":{"rendered":"<p>Deuil \u00e0 SRTB l\u2019ex ORTB :&nbsp; \u201cCousine Ang\u00e8le\u201d n\u2019est plus Marie-Th\u00e9r\u00e8se Gomez Gon\u00e7alves affectueusement appel\u00e9e \u00ab&nbsp;Cousine Ang\u00e8le \u00bb&nbsp;&nbsp; est pass\u00e9e de vie \u00e0 tr\u00e9pas ce dimanche 14 juillet 2024. Elle&hellip;<\/p>\n","protected":false},"author":6,"featured_media":6609,"comment_status":"open","ping_status":"open","sticky":false,"template":"","format":"standard","meta":{"content-type":"","om_disable_all_campaigns":false,"_monsterinsights_skip_tracking":false,"_monsterinsights_sitenote_active":false,"_monsterinsights_sitenote_note":"","_monsterinsights_sitenote_category":0,"_uf_show_specific_survey":0,"_uf_disable_surveys":false,"footnotes":""},"categories":[20],"tags":[],"class_list":["post-6608","post","type-post","status-publish","format-standard","has-post-thumbnail","hentry","category-societe"],"aioseo_notices":[],"yoast_head":"<!-- This site is optimized with the Yoast SEO plugin v27.5 - https:\/\/yoast.com\/product\/yoast-seo-wordpress\/ -->\n<title>Deuil \u00e0 SRTB l\u2019ex ORTB :\u00a0 \u201cCousine Ang\u00e8le\u201d n\u2019est plus - Le Patriote<\/title>\n<meta name=\"robots\" content=\"index, follow, max-snippet:-1, max-image-preview:large, max-video-preview:-1\" \/>\n<link rel=\"canonical\" href=\"https:\/\/lepatriotebenin.com\/index.php\/2024\/07\/15\/deuil-a-srtb-lex-ortb-cousine-angele-nest-plus\/\" \/>\n<meta property=\"og:locale\" content=\"fr_FR\" \/>\n<meta property=\"og:type\" content=\"article\" \/>\n<meta property=\"og:title\" content=\"Deuil \u00e0 SRTB l\u2019ex ORTB :\u00a0 \u201cCousine Ang\u00e8le\u201d n\u2019est plus - Le Patriote\" \/>\n<meta property=\"og:description\" content=\"Deuil \u00e0 SRTB l\u2019ex ORTB :&nbsp; \u201cCousine Ang\u00e8le\u201d n\u2019est plus Marie-Th\u00e9r\u00e8se Gomez Gon\u00e7alves affectueusement appel\u00e9e \u00ab&nbsp;Cousine Ang\u00e8le \u00bb&nbsp;&nbsp; est pass\u00e9e de vie \u00e0 tr\u00e9pas ce dimanche 14 juillet 2024. Elle&hellip;\" \/>\n<meta property=\"og:url\" content=\"https:\/\/lepatriotebenin.com\/index.php\/2024\/07\/15\/deuil-a-srtb-lex-ortb-cousine-angele-nest-plus\/\" \/>\n<meta property=\"og:site_name\" content=\"Le Patriote\" \/>\n<meta property=\"article:published_time\" content=\"2024-07-14T22:03:29+00:00\" \/>\n<meta property=\"article:modified_time\" content=\"2024-07-14T22:13:25+00:00\" \/>\n<meta property=\"og:image\" content=\"https:\/\/lepatriotebenin.com\/wp-content\/uploads\/2024\/07\/cousine-angele.jpg\" \/>\n\t<meta property=\"og:image:width\" content=\"720\" \/>\n\t<meta property=\"og:image:height\" content=\"890\" \/>\n\t<meta property=\"og:image:type\" content=\"image\/jpeg\" \/>\n<meta name=\"author\" content=\"Roland AFFANOU\" \/>\n<meta name=\"twitter:card\" content=\"summary_large_image\" \/>\n<meta name=\"twitter:label1\" content=\"\u00c9crit par\" \/>\n\t<meta name=\"twitter:data1\" content=\"Roland AFFANOU\" \/>\n\t<meta name=\"twitter:label2\" content=\"Dur\u00e9e de lecture estim\u00e9e\" \/>\n\t<meta name=\"twitter:data2\" content=\"1 minute\" \/>\n<script type=\"application\/ld+json\" class=\"yoast-schema-graph\">{\"@context\":\"https:\\\/\\\/schema.org\",\"@graph\":[{\"@type\":\"Article\",\"@id\":\"https:\\\/\\\/lepatriotebenin.com\\\/index.php\\\/2024\\\/07\\\/15\\\/deuil-a-srtb-lex-ortb-cousine-angele-nest-plus\\\/#article\",\"isPartOf\":{\"@id\":\"https:\\\/\\\/lepatriotebenin.com\\\/index.php\\\/2024\\\/07\\\/15\\\/deuil-a-srtb-lex-ortb-cousine-angele-nest-plus\\\/\"},\"author\":{\"name\":\"Roland AFFANOU\",\"@id\":\"https:\\\/\\\/lepatriotebenin.com\\\/#\\\/schema\\\/person\\\/4a9b67216c97d04045e01405c534c91f\"},\"headline\":\"Deuil \u00e0 SRTB l\u2019ex ORTB :\u00a0 \u201cCousine Ang\u00e8le\u201d n\u2019est plus\",\"datePublished\":\"2024-07-14T22:03:29+00:00\",\"dateModified\":\"2024-07-14T22:13:25+00:00\",\"mainEntityOfPage\":{\"@id\":\"https:\\\/\\\/lepatriotebenin.com\\\/index.php\\\/2024\\\/07\\\/15\\\/deuil-a-srtb-lex-ortb-cousine-angele-nest-plus\\\/\"},\"wordCount\":200,\"commentCount\":0,\"image\":{\"@id\":\"https:\\\/\\\/lepatriotebenin.com\\\/index.php\\\/2024\\\/07\\\/15\\\/deuil-a-srtb-lex-ortb-cousine-angele-nest-plus\\\/#primaryimage\"},\"thumbnailUrl\":\"https:\\\/\\\/lepatriotebenin.com\\\/wp-content\\\/uploads\\\/2024\\\/07\\\/cousine-angele.jpg\",\"articleSection\":[\"Soci\u00e9t\u00e9\"],\"inLanguage\":\"fr-FR\",\"potentialAction\":[{\"@type\":\"CommentAction\",\"name\":\"Comment\",\"target\":[\"https:\\\/\\\/lepatriotebenin.com\\\/index.php\\\/2024\\\/07\\\/15\\\/deuil-a-srtb-lex-ortb-cousine-angele-nest-plus\\\/#respond\"]}]},{\"@type\":\"WebPage\",\"@id\":\"https:\\\/\\\/lepatriotebenin.com\\\/index.php\\\/2024\\\/07\\\/15\\\/deuil-a-srtb-lex-ortb-cousine-angele-nest-plus\\\/\",\"url\":\"https:\\\/\\\/lepatriotebenin.com\\\/index.php\\\/2024\\\/07\\\/15\\\/deuil-a-srtb-lex-ortb-cousine-angele-nest-plus\\\/\",\"name\":\"Deuil \u00e0 SRTB l\u2019ex ORTB :\u00a0 \u201cCousine Ang\u00e8le\u201d n\u2019est plus - Le Patriote\",\"isPartOf\":{\"@id\":\"https:\\\/\\\/lepatriotebenin.com\\\/#website\"},\"primaryImageOfPage\":{\"@id\":\"https:\\\/\\\/lepatriotebenin.com\\\/index.php\\\/2024\\\/07\\\/15\\\/deuil-a-srtb-lex-ortb-cousine-angele-nest-plus\\\/#primaryimage\"},\"image\":{\"@id\":\"https:\\\/\\\/lepatriotebenin.com\\\/index.php\\\/2024\\\/07\\\/15\\\/deuil-a-srtb-lex-ortb-cousine-angele-nest-plus\\\/#primaryimage\"},\"thumbnailUrl\":\"https:\\\/\\\/lepatriotebenin.com\\\/wp-content\\\/uploads\\\/2024\\\/07\\\/cousine-angele.jpg\",\"datePublished\":\"2024-07-14T22:03:29+00:00\",\"dateModified\":\"2024-07-14T22:13:25+00:00\",\"author\":{\"@id\":\"https:\\\/\\\/lepatriotebenin.com\\\/#\\\/schema\\\/person\\\/4a9b67216c97d04045e01405c534c91f\"},\"breadcrumb\":{\"@id\":\"https:\\\/\\\/lepatriotebenin.com\\\/index.php\\\/2024\\\/07\\\/15\\\/deuil-a-srtb-lex-ortb-cousine-angele-nest-plus\\\/#breadcrumb\"},\"inLanguage\":\"fr-FR\",\"potentialAction\":[{\"@type\":\"ReadAction\",\"target\":[\"https:\\\/\\\/lepatriotebenin.com\\\/index.php\\\/2024\\\/07\\\/15\\\/deuil-a-srtb-lex-ortb-cousine-angele-nest-plus\\\/\"]}]},{\"@type\":\"ImageObject\",\"inLanguage\":\"fr-FR\",\"@id\":\"https:\\\/\\\/lepatriotebenin.com\\\/index.php\\\/2024\\\/07\\\/15\\\/deuil-a-srtb-lex-ortb-cousine-angele-nest-plus\\\/#primaryimage\",\"url\":\"https:\\\/\\\/lepatriotebenin.com\\\/wp-content\\\/uploads\\\/2024\\\/07\\\/cousine-angele.jpg\",\"contentUrl\":\"https:\\\/\\\/lepatriotebenin.com\\\/wp-content\\\/uploads\\\/2024\\\/07\\\/cousine-angele.jpg\",\"width\":720,\"height\":890},{\"@type\":\"BreadcrumbList\",\"@id\":\"https:\\\/\\\/lepatriotebenin.com\\\/index.php\\\/2024\\\/07\\\/15\\\/deuil-a-srtb-lex-ortb-cousine-angele-nest-plus\\\/#breadcrumb\",\"itemListElement\":[{\"@type\":\"ListItem\",\"position\":1,\"name\":\"Accueil\",\"item\":\"https:\\\/\\\/lepatriotebenin.com\\\/\"},{\"@type\":\"ListItem\",\"position\":2,\"name\":\"Deuil \u00e0 SRTB l\u2019ex ORTB :\u00a0 \u201cCousine Ang\u00e8le\u201d n\u2019est plus\"}]},{\"@type\":\"WebSite\",\"@id\":\"https:\\\/\\\/lepatriotebenin.com\\\/#website\",\"url\":\"https:\\\/\\\/lepatriotebenin.com\\\/\",\"name\":\"Le Patriote\",\"description\":\"Le Patriote B\u00e9nin\",\"potentialAction\":[{\"@type\":\"SearchAction\",\"target\":{\"@type\":\"EntryPoint\",\"urlTemplate\":\"https:\\\/\\\/lepatriotebenin.com\\\/?s={search_term_string}\"},\"query-input\":{\"@type\":\"PropertyValueSpecification\",\"valueRequired\":true,\"valueName\":\"search_term_string\"}}],\"inLanguage\":\"fr-FR\"},{\"@type\":\"Person\",\"@id\":\"https:\\\/\\\/lepatriotebenin.com\\\/#\\\/schema\\\/person\\\/4a9b67216c97d04045e01405c534c91f\",\"name\":\"Roland AFFANOU\",\"image\":{\"@type\":\"ImageObject\",\"inLanguage\":\"fr-FR\",\"@id\":\"https:\\\/\\\/secure.gravatar.com\\\/avatar\\\/7209d3f6d2d47ea4d0c67e14d3effb61feb10ae540a4381280c66265de5bd643?s=96&d=mm&r=g\",\"url\":\"https:\\\/\\\/secure.gravatar.com\\\/avatar\\\/7209d3f6d2d47ea4d0c67e14d3effb61feb10ae540a4381280c66265de5bd643?s=96&d=mm&r=g\",\"contentUrl\":\"https:\\\/\\\/secure.gravatar.com\\\/avatar\\\/7209d3f6d2d47ea4d0c67e14d3effb61feb10ae540a4381280c66265de5bd643?s=96&d=mm&r=g\",\"caption\":\"Roland AFFANOU\"},\"url\":\"https:\\\/\\\/lepatriotebenin.com\"}]}<\/script>\n<!-- \/ Yoast SEO plugin. -->","yoast_head_json":{"title":"Deuil \u00e0 SRTB l\u2019ex ORTB :\u00a0 \u201cCousine Ang\u00e8le\u201d n\u2019est plus - Le Patriote","robots":{"index":"index","follow":"follow","max-snippet":"max-snippet:-1","max-image-preview":"max-image-preview:large","max-video-preview":"max-video-preview:-1"},"canonical":"https:\/\/lepatriotebenin.com\/index.php\/2024\/07\/15\/deuil-a-srtb-lex-ortb-cousine-angele-nest-plus\/","og_locale":"fr_FR","og_type":"article","og_title":"Deuil \u00e0 SRTB l\u2019ex ORTB :\u00a0 \u201cCousine Ang\u00e8le\u201d n\u2019est plus - Le Patriote","og_description":"Deuil \u00e0 SRTB l\u2019ex ORTB :&nbsp; \u201cCousine Ang\u00e8le\u201d n\u2019est plus Marie-Th\u00e9r\u00e8se Gomez Gon\u00e7alves affectueusement appel\u00e9e \u00ab&nbsp;Cousine Ang\u00e8le \u00bb&nbsp;&nbsp; est pass\u00e9e de vie \u00e0 tr\u00e9pas ce dimanche 14 juillet 2024. Elle&hellip;","og_url":"https:\/\/lepatriotebenin.com\/index.php\/2024\/07\/15\/deuil-a-srtb-lex-ortb-cousine-angele-nest-plus\/","og_site_name":"Le Patriote","article_published_time":"2024-07-14T22:03:29+00:00","article_modified_time":"2024-07-14T22:13:25+00:00","og_image":[{"width":720,"height":890,"url":"https:\/\/lepatriotebenin.com\/wp-content\/uploads\/2024\/07\/cousine-angele.jpg","type":"image\/jpeg"}],"author":"Roland AFFANOU","twitter_card":"summary_large_image","twitter_misc":{"\u00c9crit par":"Roland AFFANOU","Dur\u00e9e de lecture estim\u00e9e":"1 minute"},"schema":{"@context":"https:\/\/schema.org","@graph":[{"@type":"Article","@id":"https:\/\/lepatriotebenin.com\/index.php\/2024\/07\/15\/deuil-a-srtb-lex-ortb-cousine-angele-nest-plus\/#article","isPartOf":{"@id":"https:\/\/lepatriotebenin.com\/index.php\/2024\/07\/15\/deuil-a-srtb-lex-ortb-cousine-angele-nest-plus\/"},"author":{"name":"Roland AFFANOU","@id":"https:\/\/lepatriotebenin.com\/#\/schema\/person\/4a9b67216c97d04045e01405c534c91f"},"headline":"Deuil \u00e0 SRTB l\u2019ex ORTB :\u00a0 \u201cCousine Ang\u00e8le\u201d n\u2019est plus","datePublished":"2024-07-14T22:03:29+00:00","dateModified":"2024-07-14T22:13:25+00:00","mainEntityOfPage":{"@id":"https:\/\/lepatriotebenin.com\/index.php\/2024\/07\/15\/deuil-a-srtb-lex-ortb-cousine-angele-nest-plus\/"},"wordCount":200,"commentCount":0,"image":{"@id":"https:\/\/lepatriotebenin.com\/index.php\/2024\/07\/15\/deuil-a-srtb-lex-ortb-cousine-angele-nest-plus\/#primaryimage"},"thumbnailUrl":"https:\/\/lepatriotebenin.com\/wp-content\/uploads\/2024\/07\/cousine-angele.jpg","articleSection":["Soci\u00e9t\u00e9"],"inLanguage":"fr-FR","potentialAction":[{"@type":"CommentAction","name":"Comment","target":["https:\/\/lepatriotebenin.com\/index.php\/2024\/07\/15\/deuil-a-srtb-lex-ortb-cousine-angele-nest-plus\/#respond"]}]},{"@type":"WebPage","@id":"https:\/\/lepatriotebenin.com\/index.php\/2024\/07\/15\/deuil-a-srtb-lex-ortb-cousine-angele-nest-plus\/","url":"https:\/\/lepatriotebenin.com\/index.php\/2024\/07\/15\/deuil-a-srtb-lex-ortb-cousine-angele-nest-plus\/","name":"Deuil \u00e0 SRTB l\u2019ex ORTB :\u00a0 \u201cCousine Ang\u00e8le\u201d n\u2019est plus - Le Patriote","isPartOf":{"@id":"https:\/\/lepatriotebenin.com\/#website"},"primaryImageOfPage":{"@id":"https:\/\/lepatriotebenin.com\/index.php\/2024\/07\/15\/deuil-a-srtb-lex-ortb-cousine-angele-nest-plus\/#primaryimage"},"image":{"@id":"https:\/\/lepatriotebenin.com\/index.php\/2024\/07\/15\/deuil-a-srtb-lex-ortb-cousine-angele-nest-plus\/#primaryimage"},"thumbnailUrl":"https:\/\/lepatriotebenin.com\/wp-content\/uploads\/2024\/07\/cousine-angele.jpg","datePublished":"2024-07-14T22:03:29+00:00","dateModified":"2024-07-14T22:13:25+00:00","author":{"@id":"https:\/\/lepatriotebenin.com\/#\/schema\/person\/4a9b67216c97d04045e01405c534c91f"},"breadcrumb":{"@id":"https:\/\/lepatriotebenin.com\/index.php\/2024\/07\/15\/deuil-a-srtb-lex-ortb-cousine-angele-nest-plus\/#breadcrumb"},"inLanguage":"fr-FR","potentialAction":[{"@type":"ReadAction","target":["https:\/\/lepatriotebenin.com\/index.php\/2024\/07\/15\/deuil-a-srtb-lex-ortb-cousine-angele-nest-plus\/"]}]},{"@type":"ImageObject","inLanguage":"fr-FR","@id":"https:\/\/lepatriotebenin.com\/index.php\/2024\/07\/15\/deuil-a-srtb-lex-ortb-cousine-angele-nest-plus\/#primaryimage","url":"https:\/\/lepatriotebenin.com\/wp-content\/uploads\/2024\/07\/cousine-angele.jpg","contentUrl":"https:\/\/lepatriotebenin.com\/wp-content\/uploads\/2024\/07\/cousine-angele.jpg","width":720,"height":890},{"@type":"BreadcrumbList","@id":"https:\/\/lepatriotebenin.com\/index.php\/2024\/07\/15\/deuil-a-srtb-lex-ortb-cousine-angele-nest-plus\/#breadcrumb","itemListElement":[{"@type":"ListItem","position":1,"name":"Accueil","item":"https:\/\/lepatriotebenin.com\/"},{"@type":"ListItem","position":2,"name":"Deuil \u00e0 SRTB l\u2019ex ORTB :\u00a0 \u201cCousine Ang\u00e8le\u201d n\u2019est plus"}]},{"@type":"WebSite","@id":"https:\/\/lepatriotebenin.com\/#website","url":"https:\/\/lepatriotebenin.com\/","name":"Le Patriote","description":"Le Patriote B\u00e9nin","potentialAction":[{"@type":"SearchAction","target":{"@type":"EntryPoint","urlTemplate":"https:\/\/lepatriotebenin.com\/?s={search_term_string}"},"query-input":{"@type":"PropertyValueSpecification","valueRequired":true,"valueName":"search_term_string"}}],"inLanguage":"fr-FR"},{"@type":"Person","@id":"https:\/\/lepatriotebenin.com\/#\/schema\/person\/4a9b67216c97d04045e01405c534c91f","name":"Roland AFFANOU","image":{"@type":"ImageObject","inLanguage":"fr-FR","@id":"https:\/\/secure.gravatar.com\/avatar\/7209d3f6d2d47ea4d0c67e14d3effb61feb10ae540a4381280c66265de5bd643?s=96&d=mm&r=g","url":"https:\/\/secure.gravatar.com\/avatar\/7209d3f6d2d47ea4d0c67e14d3effb61feb10ae540a4381280c66265de5bd643?s=96&d=mm&r=g","contentUrl":"https:\/\/secure.gravatar.com\/avatar\/7209d3f6d2d47ea4d0c67e14d3effb61feb10ae540a4381280c66265de5bd643?s=96&d=mm&r=g","caption":"Roland AFFANOU"},"url":"https:\/\/lepatriotebenin.com"}]}},"_links":{"self":[{"href":"https:\/\/lepatriotebenin.com\/index.php\/wp-json\/wp\/v2\/posts\/6608","targetHints":{"allow":["GET"]}}],"collection":[{"href":"https:\/\/lepatriotebenin.com\/index.php\/wp-json\/wp\/v2\/posts"}],"about":[{"href":"https:\/\/lepatriotebenin.com\/index.php\/wp-json\/wp\/v2\/types\/post"}],"author":[{"embeddable":true,"href":"https:\/\/lepatriotebenin.com\/index.php\/wp-json\/wp\/v2\/users\/6"}],"replies":[{"embeddable":true,"href":"https:\/\/lepatriotebenin.com\/index.php\/wp-json\/wp\/v2\/comments?post=6608"}],"version-history":[{"count":2,"href":"https:\/\/lepatriotebenin.com\/index.php\/wp-json\/wp\/v2\/posts\/6608\/revisions"}],"predecessor-version":[{"id":6614,"href":"https:\/\/lepatriotebenin.com\/index.php\/wp-json\/wp\/v2\/posts\/6608\/revisions\/6614"}],"wp:featuredmedia":[{"embeddable":true,"href":"https:\/\/lepatriotebenin.com\/index.php\/wp-json\/wp\/v2\/media\/6609"}],"wp:attachment":[{"href":"https:\/\/lepatriotebenin.com\/index.php\/wp-json\/wp\/v2\/media?parent=6608"}],"wp:term":[{"taxonomy":"category","embeddable":true,"href":"https:\/\/lepatriotebenin.com\/index.php\/wp-json\/wp\/v2\/categories?post=6608"},{"taxonomy":"post_tag","embeddable":true,"href":"https:\/\/lepatriotebenin.com\/index.php\/wp-json\/wp\/v2\/tags?post=6608"}],"curies":[{"name":"wp","href":"https:\/\/api.w.org\/{rel}","templated":true}]}}