{"id":6523,"date":"2024-07-09T08:52:40","date_gmt":"2024-07-09T06:52:40","guid":{"rendered":"https:\/\/lepatriotebenin.com\/?p=6523"},"modified":"2024-07-09T08:52:41","modified_gmt":"2024-07-09T06:52:41","slug":"fetes-religieuses-au-benin-bientot-les-lundis-de-ramadan-et-de-tabaski-chomes","status":"publish","type":"post","link":"https:\/\/lepatriotebenin.com\/index.php\/2024\/07\/09\/fetes-religieuses-au-benin-bientot-les-lundis-de-ramadan-et-de-tabaski-chomes\/","title":{"rendered":"F\u00eates religieuses au B\u00e9nin :\u00a0Bient\u00f4t les lundis de Ramadan et de Tabaski ch\u00f4m\u00e9s\u00a0"},"content":{"rendered":"\n<p>Dans la c\u00e9l\u00e9bration des f\u00eates traditionnelles et religieuses au B\u00e9nin, les d\u00e9put\u00e9s d\u00e9mocrates, en l\u2019occurrence Tairou Imorou et Souley Moucour\u00e9 Boko rel\u00e8vent\u00a0 une injustice qu\u2019ils d\u00e9cident de corriger. Pour cet faire, une proposition de loi modifiant et compl\u00e9tant la loi No.90 &#8211; 019 du 27 juillet 1990 fixant les f\u00eates l\u00e9gales en R\u00e9publique du B\u00e9nin, vient d\u2019\u00eatre d\u00e9pos\u00e9e at l\u2019Assembl\u00e9e Nationale pour examen et vote.\u00a0<\/p>\n\n\n\n<p>En effet, argumentent les \u00e9lus du peuple, \u00ab\u00e0 l&rsquo;instar de la plupart des pays au monde, le calendrier civil officiel en R\u00e9publique du B\u00e9nin comporte des jours sp\u00e9ciaux auxquels le l\u00e9gislateur attribue le caract\u00e8re de jours de f\u00eates l\u00e9gales en raison de plusieurs facteurs notamment religieux, confessionnels, administratifs voire de leur symbolique.<\/p>\n\n\n\n<p>Ces jours de f\u00eates pour la plupart d\u00e9coulent du calendrier gr\u00e9gorien et sont connus d&rsquo;avance. C&rsquo;est aussi le cas de la journ\u00e9e officiellement consacr\u00e9e aux religions traditionnelles ( cf. loi 97 &#8211; 031du 20 ao\u00fbt 1997 portant institution d&rsquo;une f\u00eate annuelle des religions traditionnelles en R\u00e9publique du B\u00e9nin).\u00bb<\/p>\n\n\n\n<p>\u00abEn revanche, d&rsquo;autres jours de f\u00eates ne sont pas \u00e9tablis \u00e0 l&rsquo;avance et d\u00e9pendent de facteurs naturels tels que les variations du cycle lunaire. Il s&rsquo;agit pour l&rsquo;essentiel des f\u00eates li\u00e9es \u00e0 la confession musulmane,\u00bb font savoir les auteurs de la loi, dans leur expos\u00e9 de motifs.&nbsp;<\/p>\n\n\n\n<p>Au regard de ces diff\u00e9rentes observations et en vertus des pr\u00e9rogatives que conf\u00e8rent la constitution en ses articles 79 alin\u00e9a 2 et 98, et le r\u00e8glement int\u00e9rieur de l\u2019Assembl\u00e9e nationale du B\u00e9nin, aux d\u00e9put\u00e9s,&nbsp; les honorables Ta\u00efrou Imorou et Souley Moucour\u00e9 Boko ont d\u00e9cid\u00e9 de soumettre \u00e0 l&rsquo;appr\u00e9ciation de la repr\u00e9sentation nationale, la proposition de loi modifiant et compl\u00e9tant la loi 90 &#8211; 019 du 27 juillet 1990 fixant les f\u00eates l\u00e9gales en R\u00e9publique du B\u00e9nin.<\/p>\n\n\n\n<p>Dans cette nouvelle loi, l\u2019article 3 stipule clairement que&nbsp; \u00ablorsque le Ramadan et la Tabaski tombent sur un dimanche, le lundi suivant est d\u00e9clar\u00e9 ch\u00f4m\u00e9 et pay\u00e9.\u00bb. Bient\u00f4t donc, les Lundis du Ramadan et de la Tabaski seront ch\u00f4m\u00e9s et pay\u00e9s en R\u00e9publique du B\u00e9nin si cette loi est vot\u00e9e. Un acte qui corrigera l\u2019injustice dans la c\u00e9l\u00e9bration des f\u00eates religieuses et confirmera totalement le caract\u00e8re laic de l\u2019\u00c9tat b\u00e9ninois. \u00c7a sera \u00e9galement un grand satisfecit pour la communaut\u00e9&nbsp; musulmane du B\u00e9nin.<\/p>\n\n\n\n<p>Comlan Paul ODAH<\/p>\n","protected":false},"excerpt":{"rendered":"<p>Dans la c\u00e9l\u00e9bration des f\u00eates traditionnelles et religieuses au B\u00e9nin, les d\u00e9put\u00e9s d\u00e9mocrates, en l\u2019occurrence Tairou Imorou et Souley Moucour\u00e9 Boko rel\u00e8vent\u00a0 une injustice qu\u2019ils d\u00e9cident de corriger. Pour cet&hellip;<\/p>\n","protected":false},"author":5,"featured_media":6293,"comment_status":"open","ping_status":"open","sticky":false,"template":"","format":"standard","meta":{"content-type":"","om_disable_all_campaigns":false,"_monsterinsights_skip_tracking":false,"_monsterinsights_sitenote_active":false,"_monsterinsights_sitenote_note":"","_monsterinsights_sitenote_category":0,"_uf_show_specific_survey":0,"_uf_disable_surveys":false,"footnotes":""},"categories":[26],"tags":[],"class_list":["post-6523","post","type-post","status-publish","format-standard","has-post-thumbnail","hentry","category-politique"],"aioseo_notices":[],"yoast_head":"<!-- This site is optimized with the Yoast SEO plugin v27.5 - https:\/\/yoast.com\/product\/yoast-seo-wordpress\/ -->\n<title>F\u00eates religieuses au B\u00e9nin :\u00a0Bient\u00f4t les lundis de Ramadan et de Tabaski ch\u00f4m\u00e9s\u00a0 - Le Patriote<\/title>\n<meta name=\"robots\" content=\"index, follow, max-snippet:-1, max-image-preview:large, max-video-preview:-1\" \/>\n<link rel=\"canonical\" href=\"https:\/\/lepatriotebenin.com\/index.php\/2024\/07\/09\/fetes-religieuses-au-benin-bientot-les-lundis-de-ramadan-et-de-tabaski-chomes\/\" \/>\n<meta property=\"og:locale\" content=\"fr_FR\" \/>\n<meta property=\"og:type\" content=\"article\" \/>\n<meta property=\"og:title\" content=\"F\u00eates religieuses au B\u00e9nin :\u00a0Bient\u00f4t les lundis de Ramadan et de Tabaski ch\u00f4m\u00e9s\u00a0 - Le Patriote\" \/>\n<meta property=\"og:description\" content=\"Dans la c\u00e9l\u00e9bration des f\u00eates traditionnelles et religieuses au B\u00e9nin, les d\u00e9put\u00e9s d\u00e9mocrates, en l\u2019occurrence Tairou Imorou et Souley Moucour\u00e9 Boko rel\u00e8vent\u00a0 une injustice qu\u2019ils d\u00e9cident de corriger. Pour cet&hellip;\" \/>\n<meta property=\"og:url\" content=\"https:\/\/lepatriotebenin.com\/index.php\/2024\/07\/09\/fetes-religieuses-au-benin-bientot-les-lundis-de-ramadan-et-de-tabaski-chomes\/\" \/>\n<meta property=\"og:site_name\" content=\"Le Patriote\" \/>\n<meta property=\"article:published_time\" content=\"2024-07-09T06:52:40+00:00\" \/>\n<meta property=\"article:modified_time\" content=\"2024-07-09T06:52:41+00:00\" \/>\n<meta property=\"og:image\" content=\"https:\/\/lepatriotebenin.com\/wp-content\/uploads\/2024\/07\/4aa4a3a8-9728-4f63-9fb6-005f9621a92f.png\" \/>\n\t<meta property=\"og:image:width\" content=\"771\" \/>\n\t<meta property=\"og:image:height\" content=\"1080\" \/>\n\t<meta property=\"og:image:type\" content=\"image\/png\" \/>\n<meta name=\"author\" content=\"Redaction\" \/>\n<meta name=\"twitter:card\" content=\"summary_large_image\" \/>\n<meta name=\"twitter:label1\" content=\"\u00c9crit par\" \/>\n\t<meta name=\"twitter:data1\" content=\"Redaction\" \/>\n\t<meta name=\"twitter:label2\" content=\"Dur\u00e9e de lecture estim\u00e9e\" \/>\n\t<meta name=\"twitter:data2\" content=\"2 minutes\" \/>\n<script type=\"application\/ld+json\" class=\"yoast-schema-graph\">{\"@context\":\"https:\\\/\\\/schema.org\",\"@graph\":[{\"@type\":\"Article\",\"@id\":\"https:\\\/\\\/lepatriotebenin.com\\\/index.php\\\/2024\\\/07\\\/09\\\/fetes-religieuses-au-benin-bientot-les-lundis-de-ramadan-et-de-tabaski-chomes\\\/#article\",\"isPartOf\":{\"@id\":\"https:\\\/\\\/lepatriotebenin.com\\\/index.php\\\/2024\\\/07\\\/09\\\/fetes-religieuses-au-benin-bientot-les-lundis-de-ramadan-et-de-tabaski-chomes\\\/\"},\"author\":{\"name\":\"Redaction\",\"@id\":\"https:\\\/\\\/lepatriotebenin.com\\\/#\\\/schema\\\/person\\\/2e7709b9c9cc313e452d1136af61690f\"},\"headline\":\"F\u00eates religieuses au B\u00e9nin :\u00a0Bient\u00f4t les lundis de Ramadan et de Tabaski ch\u00f4m\u00e9s\u00a0\",\"datePublished\":\"2024-07-09T06:52:40+00:00\",\"dateModified\":\"2024-07-09T06:52:41+00:00\",\"mainEntityOfPage\":{\"@id\":\"https:\\\/\\\/lepatriotebenin.com\\\/index.php\\\/2024\\\/07\\\/09\\\/fetes-religieuses-au-benin-bientot-les-lundis-de-ramadan-et-de-tabaski-chomes\\\/\"},\"wordCount\":464,\"commentCount\":0,\"image\":{\"@id\":\"https:\\\/\\\/lepatriotebenin.com\\\/index.php\\\/2024\\\/07\\\/09\\\/fetes-religieuses-au-benin-bientot-les-lundis-de-ramadan-et-de-tabaski-chomes\\\/#primaryimage\"},\"thumbnailUrl\":\"https:\\\/\\\/lepatriotebenin.com\\\/wp-content\\\/uploads\\\/2024\\\/07\\\/4aa4a3a8-9728-4f63-9fb6-005f9621a92f.png\",\"articleSection\":[\"Politique\"],\"inLanguage\":\"fr-FR\",\"potentialAction\":[{\"@type\":\"CommentAction\",\"name\":\"Comment\",\"target\":[\"https:\\\/\\\/lepatriotebenin.com\\\/index.php\\\/2024\\\/07\\\/09\\\/fetes-religieuses-au-benin-bientot-les-lundis-de-ramadan-et-de-tabaski-chomes\\\/#respond\"]}]},{\"@type\":\"WebPage\",\"@id\":\"https:\\\/\\\/lepatriotebenin.com\\\/index.php\\\/2024\\\/07\\\/09\\\/fetes-religieuses-au-benin-bientot-les-lundis-de-ramadan-et-de-tabaski-chomes\\\/\",\"url\":\"https:\\\/\\\/lepatriotebenin.com\\\/index.php\\\/2024\\\/07\\\/09\\\/fetes-religieuses-au-benin-bientot-les-lundis-de-ramadan-et-de-tabaski-chomes\\\/\",\"name\":\"F\u00eates religieuses au B\u00e9nin :\u00a0Bient\u00f4t les lundis de Ramadan et de Tabaski ch\u00f4m\u00e9s\u00a0 - Le Patriote\",\"isPartOf\":{\"@id\":\"https:\\\/\\\/lepatriotebenin.com\\\/#website\"},\"primaryImageOfPage\":{\"@id\":\"https:\\\/\\\/lepatriotebenin.com\\\/index.php\\\/2024\\\/07\\\/09\\\/fetes-religieuses-au-benin-bientot-les-lundis-de-ramadan-et-de-tabaski-chomes\\\/#primaryimage\"},\"image\":{\"@id\":\"https:\\\/\\\/lepatriotebenin.com\\\/index.php\\\/2024\\\/07\\\/09\\\/fetes-religieuses-au-benin-bientot-les-lundis-de-ramadan-et-de-tabaski-chomes\\\/#primaryimage\"},\"thumbnailUrl\":\"https:\\\/\\\/lepatriotebenin.com\\\/wp-content\\\/uploads\\\/2024\\\/07\\\/4aa4a3a8-9728-4f63-9fb6-005f9621a92f.png\",\"datePublished\":\"2024-07-09T06:52:40+00:00\",\"dateModified\":\"2024-07-09T06:52:41+00:00\",\"author\":{\"@id\":\"https:\\\/\\\/lepatriotebenin.com\\\/#\\\/schema\\\/person\\\/2e7709b9c9cc313e452d1136af61690f\"},\"breadcrumb\":{\"@id\":\"https:\\\/\\\/lepatriotebenin.com\\\/index.php\\\/2024\\\/07\\\/09\\\/fetes-religieuses-au-benin-bientot-les-lundis-de-ramadan-et-de-tabaski-chomes\\\/#breadcrumb\"},\"inLanguage\":\"fr-FR\",\"potentialAction\":[{\"@type\":\"ReadAction\",\"target\":[\"https:\\\/\\\/lepatriotebenin.com\\\/index.php\\\/2024\\\/07\\\/09\\\/fetes-religieuses-au-benin-bientot-les-lundis-de-ramadan-et-de-tabaski-chomes\\\/\"]}]},{\"@type\":\"ImageObject\",\"inLanguage\":\"fr-FR\",\"@id\":\"https:\\\/\\\/lepatriotebenin.com\\\/index.php\\\/2024\\\/07\\\/09\\\/fetes-religieuses-au-benin-bientot-les-lundis-de-ramadan-et-de-tabaski-chomes\\\/#primaryimage\",\"url\":\"https:\\\/\\\/lepatriotebenin.com\\\/wp-content\\\/uploads\\\/2024\\\/07\\\/4aa4a3a8-9728-4f63-9fb6-005f9621a92f.png\",\"contentUrl\":\"https:\\\/\\\/lepatriotebenin.com\\\/wp-content\\\/uploads\\\/2024\\\/07\\\/4aa4a3a8-9728-4f63-9fb6-005f9621a92f.png\",\"width\":771,\"height\":1080},{\"@type\":\"BreadcrumbList\",\"@id\":\"https:\\\/\\\/lepatriotebenin.com\\\/index.php\\\/2024\\\/07\\\/09\\\/fetes-religieuses-au-benin-bientot-les-lundis-de-ramadan-et-de-tabaski-chomes\\\/#breadcrumb\",\"itemListElement\":[{\"@type\":\"ListItem\",\"position\":1,\"name\":\"Accueil\",\"item\":\"https:\\\/\\\/lepatriotebenin.com\\\/\"},{\"@type\":\"ListItem\",\"position\":2,\"name\":\"F\u00eates religieuses au B\u00e9nin :\u00a0Bient\u00f4t les lundis de Ramadan et de Tabaski ch\u00f4m\u00e9s\u00a0\"}]},{\"@type\":\"WebSite\",\"@id\":\"https:\\\/\\\/lepatriotebenin.com\\\/#website\",\"url\":\"https:\\\/\\\/lepatriotebenin.com\\\/\",\"name\":\"Le Patriote\",\"description\":\"Le Patriote B\u00e9nin\",\"potentialAction\":[{\"@type\":\"SearchAction\",\"target\":{\"@type\":\"EntryPoint\",\"urlTemplate\":\"https:\\\/\\\/lepatriotebenin.com\\\/?s={search_term_string}\"},\"query-input\":{\"@type\":\"PropertyValueSpecification\",\"valueRequired\":true,\"valueName\":\"search_term_string\"}}],\"inLanguage\":\"fr-FR\"},{\"@type\":\"Person\",\"@id\":\"https:\\\/\\\/lepatriotebenin.com\\\/#\\\/schema\\\/person\\\/2e7709b9c9cc313e452d1136af61690f\",\"name\":\"Redaction\",\"image\":{\"@type\":\"ImageObject\",\"inLanguage\":\"fr-FR\",\"@id\":\"https:\\\/\\\/secure.gravatar.com\\\/avatar\\\/c4c509357859ea2ca2cbb6d8812898a73e4ef1ef9934c2e591d7e32face734d1?s=96&d=mm&r=g\",\"url\":\"https:\\\/\\\/secure.gravatar.com\\\/avatar\\\/c4c509357859ea2ca2cbb6d8812898a73e4ef1ef9934c2e591d7e32face734d1?s=96&d=mm&r=g\",\"contentUrl\":\"https:\\\/\\\/secure.gravatar.com\\\/avatar\\\/c4c509357859ea2ca2cbb6d8812898a73e4ef1ef9934c2e591d7e32face734d1?s=96&d=mm&r=g\",\"caption\":\"Redaction\"},\"url\":\"https:\\\/\\\/lepatriotebenin.com\"}]}<\/script>\n<!-- \/ Yoast SEO plugin. -->","yoast_head_json":{"title":"F\u00eates religieuses au B\u00e9nin :\u00a0Bient\u00f4t les lundis de Ramadan et de Tabaski ch\u00f4m\u00e9s\u00a0 - Le Patriote","robots":{"index":"index","follow":"follow","max-snippet":"max-snippet:-1","max-image-preview":"max-image-preview:large","max-video-preview":"max-video-preview:-1"},"canonical":"https:\/\/lepatriotebenin.com\/index.php\/2024\/07\/09\/fetes-religieuses-au-benin-bientot-les-lundis-de-ramadan-et-de-tabaski-chomes\/","og_locale":"fr_FR","og_type":"article","og_title":"F\u00eates religieuses au B\u00e9nin :\u00a0Bient\u00f4t les lundis de Ramadan et de Tabaski ch\u00f4m\u00e9s\u00a0 - Le Patriote","og_description":"Dans la c\u00e9l\u00e9bration des f\u00eates traditionnelles et religieuses au B\u00e9nin, les d\u00e9put\u00e9s d\u00e9mocrates, en l\u2019occurrence Tairou Imorou et Souley Moucour\u00e9 Boko rel\u00e8vent\u00a0 une injustice qu\u2019ils d\u00e9cident de corriger. Pour cet&hellip;","og_url":"https:\/\/lepatriotebenin.com\/index.php\/2024\/07\/09\/fetes-religieuses-au-benin-bientot-les-lundis-de-ramadan-et-de-tabaski-chomes\/","og_site_name":"Le Patriote","article_published_time":"2024-07-09T06:52:40+00:00","article_modified_time":"2024-07-09T06:52:41+00:00","og_image":[{"width":771,"height":1080,"url":"https:\/\/lepatriotebenin.com\/wp-content\/uploads\/2024\/07\/4aa4a3a8-9728-4f63-9fb6-005f9621a92f.png","type":"image\/png"}],"author":"Redaction","twitter_card":"summary_large_image","twitter_misc":{"\u00c9crit par":"Redaction","Dur\u00e9e de lecture estim\u00e9e":"2 minutes"},"schema":{"@context":"https:\/\/schema.org","@graph":[{"@type":"Article","@id":"https:\/\/lepatriotebenin.com\/index.php\/2024\/07\/09\/fetes-religieuses-au-benin-bientot-les-lundis-de-ramadan-et-de-tabaski-chomes\/#article","isPartOf":{"@id":"https:\/\/lepatriotebenin.com\/index.php\/2024\/07\/09\/fetes-religieuses-au-benin-bientot-les-lundis-de-ramadan-et-de-tabaski-chomes\/"},"author":{"name":"Redaction","@id":"https:\/\/lepatriotebenin.com\/#\/schema\/person\/2e7709b9c9cc313e452d1136af61690f"},"headline":"F\u00eates religieuses au B\u00e9nin :\u00a0Bient\u00f4t les lundis de Ramadan et de Tabaski ch\u00f4m\u00e9s\u00a0","datePublished":"2024-07-09T06:52:40+00:00","dateModified":"2024-07-09T06:52:41+00:00","mainEntityOfPage":{"@id":"https:\/\/lepatriotebenin.com\/index.php\/2024\/07\/09\/fetes-religieuses-au-benin-bientot-les-lundis-de-ramadan-et-de-tabaski-chomes\/"},"wordCount":464,"commentCount":0,"image":{"@id":"https:\/\/lepatriotebenin.com\/index.php\/2024\/07\/09\/fetes-religieuses-au-benin-bientot-les-lundis-de-ramadan-et-de-tabaski-chomes\/#primaryimage"},"thumbnailUrl":"https:\/\/lepatriotebenin.com\/wp-content\/uploads\/2024\/07\/4aa4a3a8-9728-4f63-9fb6-005f9621a92f.png","articleSection":["Politique"],"inLanguage":"fr-FR","potentialAction":[{"@type":"CommentAction","name":"Comment","target":["https:\/\/lepatriotebenin.com\/index.php\/2024\/07\/09\/fetes-religieuses-au-benin-bientot-les-lundis-de-ramadan-et-de-tabaski-chomes\/#respond"]}]},{"@type":"WebPage","@id":"https:\/\/lepatriotebenin.com\/index.php\/2024\/07\/09\/fetes-religieuses-au-benin-bientot-les-lundis-de-ramadan-et-de-tabaski-chomes\/","url":"https:\/\/lepatriotebenin.com\/index.php\/2024\/07\/09\/fetes-religieuses-au-benin-bientot-les-lundis-de-ramadan-et-de-tabaski-chomes\/","name":"F\u00eates religieuses au B\u00e9nin :\u00a0Bient\u00f4t les lundis de Ramadan et de Tabaski ch\u00f4m\u00e9s\u00a0 - Le Patriote","isPartOf":{"@id":"https:\/\/lepatriotebenin.com\/#website"},"primaryImageOfPage":{"@id":"https:\/\/lepatriotebenin.com\/index.php\/2024\/07\/09\/fetes-religieuses-au-benin-bientot-les-lundis-de-ramadan-et-de-tabaski-chomes\/#primaryimage"},"image":{"@id":"https:\/\/lepatriotebenin.com\/index.php\/2024\/07\/09\/fetes-religieuses-au-benin-bientot-les-lundis-de-ramadan-et-de-tabaski-chomes\/#primaryimage"},"thumbnailUrl":"https:\/\/lepatriotebenin.com\/wp-content\/uploads\/2024\/07\/4aa4a3a8-9728-4f63-9fb6-005f9621a92f.png","datePublished":"2024-07-09T06:52:40+00:00","dateModified":"2024-07-09T06:52:41+00:00","author":{"@id":"https:\/\/lepatriotebenin.com\/#\/schema\/person\/2e7709b9c9cc313e452d1136af61690f"},"breadcrumb":{"@id":"https:\/\/lepatriotebenin.com\/index.php\/2024\/07\/09\/fetes-religieuses-au-benin-bientot-les-lundis-de-ramadan-et-de-tabaski-chomes\/#breadcrumb"},"inLanguage":"fr-FR","potentialAction":[{"@type":"ReadAction","target":["https:\/\/lepatriotebenin.com\/index.php\/2024\/07\/09\/fetes-religieuses-au-benin-bientot-les-lundis-de-ramadan-et-de-tabaski-chomes\/"]}]},{"@type":"ImageObject","inLanguage":"fr-FR","@id":"https:\/\/lepatriotebenin.com\/index.php\/2024\/07\/09\/fetes-religieuses-au-benin-bientot-les-lundis-de-ramadan-et-de-tabaski-chomes\/#primaryimage","url":"https:\/\/lepatriotebenin.com\/wp-content\/uploads\/2024\/07\/4aa4a3a8-9728-4f63-9fb6-005f9621a92f.png","contentUrl":"https:\/\/lepatriotebenin.com\/wp-content\/uploads\/2024\/07\/4aa4a3a8-9728-4f63-9fb6-005f9621a92f.png","width":771,"height":1080},{"@type":"BreadcrumbList","@id":"https:\/\/lepatriotebenin.com\/index.php\/2024\/07\/09\/fetes-religieuses-au-benin-bientot-les-lundis-de-ramadan-et-de-tabaski-chomes\/#breadcrumb","itemListElement":[{"@type":"ListItem","position":1,"name":"Accueil","item":"https:\/\/lepatriotebenin.com\/"},{"@type":"ListItem","position":2,"name":"F\u00eates religieuses au B\u00e9nin :\u00a0Bient\u00f4t les lundis de Ramadan et de Tabaski ch\u00f4m\u00e9s\u00a0"}]},{"@type":"WebSite","@id":"https:\/\/lepatriotebenin.com\/#website","url":"https:\/\/lepatriotebenin.com\/","name":"Le Patriote","description":"Le Patriote B\u00e9nin","potentialAction":[{"@type":"SearchAction","target":{"@type":"EntryPoint","urlTemplate":"https:\/\/lepatriotebenin.com\/?s={search_term_string}"},"query-input":{"@type":"PropertyValueSpecification","valueRequired":true,"valueName":"search_term_string"}}],"inLanguage":"fr-FR"},{"@type":"Person","@id":"https:\/\/lepatriotebenin.com\/#\/schema\/person\/2e7709b9c9cc313e452d1136af61690f","name":"Redaction","image":{"@type":"ImageObject","inLanguage":"fr-FR","@id":"https:\/\/secure.gravatar.com\/avatar\/c4c509357859ea2ca2cbb6d8812898a73e4ef1ef9934c2e591d7e32face734d1?s=96&d=mm&r=g","url":"https:\/\/secure.gravatar.com\/avatar\/c4c509357859ea2ca2cbb6d8812898a73e4ef1ef9934c2e591d7e32face734d1?s=96&d=mm&r=g","contentUrl":"https:\/\/secure.gravatar.com\/avatar\/c4c509357859ea2ca2cbb6d8812898a73e4ef1ef9934c2e591d7e32face734d1?s=96&d=mm&r=g","caption":"Redaction"},"url":"https:\/\/lepatriotebenin.com"}]}},"_links":{"self":[{"href":"https:\/\/lepatriotebenin.com\/index.php\/wp-json\/wp\/v2\/posts\/6523","targetHints":{"allow":["GET"]}}],"collection":[{"href":"https:\/\/lepatriotebenin.com\/index.php\/wp-json\/wp\/v2\/posts"}],"about":[{"href":"https:\/\/lepatriotebenin.com\/index.php\/wp-json\/wp\/v2\/types\/post"}],"author":[{"embeddable":true,"href":"https:\/\/lepatriotebenin.com\/index.php\/wp-json\/wp\/v2\/users\/5"}],"replies":[{"embeddable":true,"href":"https:\/\/lepatriotebenin.com\/index.php\/wp-json\/wp\/v2\/comments?post=6523"}],"version-history":[{"count":1,"href":"https:\/\/lepatriotebenin.com\/index.php\/wp-json\/wp\/v2\/posts\/6523\/revisions"}],"predecessor-version":[{"id":6524,"href":"https:\/\/lepatriotebenin.com\/index.php\/wp-json\/wp\/v2\/posts\/6523\/revisions\/6524"}],"wp:featuredmedia":[{"embeddable":true,"href":"https:\/\/lepatriotebenin.com\/index.php\/wp-json\/wp\/v2\/media\/6293"}],"wp:attachment":[{"href":"https:\/\/lepatriotebenin.com\/index.php\/wp-json\/wp\/v2\/media?parent=6523"}],"wp:term":[{"taxonomy":"category","embeddable":true,"href":"https:\/\/lepatriotebenin.com\/index.php\/wp-json\/wp\/v2\/categories?post=6523"},{"taxonomy":"post_tag","embeddable":true,"href":"https:\/\/lepatriotebenin.com\/index.php\/wp-json\/wp\/v2\/tags?post=6523"}],"curies":[{"name":"wp","href":"https:\/\/api.w.org\/{rel}","templated":true}]}}