{"id":6520,"date":"2024-07-09T08:49:32","date_gmt":"2024-07-09T06:49:32","guid":{"rendered":"https:\/\/lepatriotebenin.com\/?p=6520"},"modified":"2024-07-09T08:49:33","modified_gmt":"2024-07-09T06:49:33","slug":"pour-leurs-investissements-pour-le-developpement-des-collines-salifou-awo-et-atchou-didier-distingues","status":"publish","type":"post","link":"https:\/\/lepatriotebenin.com\/index.php\/2024\/07\/09\/pour-leurs-investissements-pour-le-developpement-des-collines-salifou-awo-et-atchou-didier-distingues\/","title":{"rendered":"Pour leurs investissements pour le d\u00e9veloppement des Collines :\u00a0Salifou AWO et ATCHOU Didier distingu\u00e9s"},"content":{"rendered":"\n<p>Le Cercle des Jeunes Cadres pour le D\u00e9veloppement du d\u00e9partement des Collines (CJCDC) a organis\u00e9 ce samedi 06 Juillet 2024 \u00e0 Jeco h\u00f4tel \u00e0 Dassa-Zoum\u00e9, la ceremonie de remise des \u00abOscars des valeureux cadres du d\u00e9veloppement des\u00a0 Collines (OVCD)\u00bb. Au total, 12 valeureux cadres ont \u00e9t\u00e9 distingu\u00e9s. Parmi eux figure le DG Salifou Awo, un cadre de la commune de Bant\u00e8 qui depuis quelques annees ne cesse de multiplier des actions pour l\u2019\u00e9panouissement de la jeunesse de cette localit\u00e9. Aussi, le contr\u00f4leur g\u00e9n\u00e9ral de la police Didier ATCHOU aussi natif de la commune de Bant\u00e8 a-t-il \u00e9t\u00e9 distingu\u00e9s.\u00a0<\/p>\n\n\n\n<p>Membre de la coordination de la 9\u00e8me circonscription \u00e9lectorale du parti Les D\u00e9mocrates, Salifou Awo est l\u2019un des grands soutiens de l\u2019a\u2019cie\u2019s ministre de l\u2019economiz et des finances Komi Koutch\u00e9 dont les investissements pour le d\u00e9veloppement des Collines en particulier et du B\u00e9nin en g\u00e9n\u00e9ral n\u2019est plus \u00e0 d\u00e9montrer. Qui s\u2019asszmblent se ressemblent, n\u2019est-ce pas ? Ingenumieur en g\u00e9nie Civil et a\u00e9rodrome,&nbsp; sp\u00e9cialiste en management et Gestionnaires des a\u00e9roports, Salifou Awo vient donc d\u2019etre r\u00e9compens\u00e9 pour son engagement et son affirmation dans le combat&nbsp; pour le developpement du d\u00e9partement des Collines compos\u00e9 des communes de Bant\u00e8, Savalou et Dassa-Zoum\u00e9. Salifou Awo fut directeur G\u00e9n\u00e9ral des a\u00e9roports du B\u00e9nin pour le compte de l\u2019ASECNA avant d\u2019etre admis \u00e0 la retraite en 2018. Dans la vie associative, le r\u00e9cipiendaire Salifou Awo n\u2019a pas du tout ch\u00f4m\u00e9.&nbsp;<\/p>\n\n\n\n<p>Didier ATCHOU quant \u00e0 lui a occup\u00e9 plusieurs postes de responsabilit\u00e9 dans sa carri\u00e8re. Directeur g\u00e9n\u00e9ral de l\u2019emigration et de l\u2019immigration, directeur g\u00e9n\u00e9ral de la police Nationale, Directeur g\u00e9n\u00e9ral des renseignements g\u00e9n\u00e9raux et de la silurveillance du territoire, Conseiller \u00e0 l\u2019autorite de lutte contre la corruption (premi\u00e8re mandature), la liste est tr\u00e8s longue. Il est actuellement secr\u00e9taire permanent de la commission interminist\u00e9rielle de lutte contre l\u2019Abus des stup\u00e9fiants et des substances psychotropes. Ce samedi, il a \u00e9t\u00e9 distingu\u00e9 pour ses investissements pour le d\u00e9veloppement des Collines.&nbsp;<\/p>\n\n\n\n<p>Comlan Paul ODAH<\/p>\n","protected":false},"excerpt":{"rendered":"<p>Le Cercle des Jeunes Cadres pour le D\u00e9veloppement du d\u00e9partement des Collines (CJCDC) a organis\u00e9 ce samedi 06 Juillet 2024 \u00e0 Jeco h\u00f4tel \u00e0 Dassa-Zoum\u00e9, la ceremonie de remise des&hellip;<\/p>\n","protected":false},"author":5,"featured_media":6521,"comment_status":"open","ping_status":"open","sticky":false,"template":"","format":"standard","meta":{"content-type":"","om_disable_all_campaigns":false,"_monsterinsights_skip_tracking":false,"_monsterinsights_sitenote_active":false,"_monsterinsights_sitenote_note":"","_monsterinsights_sitenote_category":0,"_uf_show_specific_survey":0,"_uf_disable_surveys":false,"footnotes":""},"categories":[20],"tags":[],"class_list":["post-6520","post","type-post","status-publish","format-standard","has-post-thumbnail","hentry","category-societe"],"aioseo_notices":[],"yoast_head":"<!-- This site is optimized with the Yoast SEO plugin v27.5 - https:\/\/yoast.com\/product\/yoast-seo-wordpress\/ -->\n<title>Pour leurs investissements pour le d\u00e9veloppement des Collines :\u00a0Salifou AWO et ATCHOU Didier distingu\u00e9s - Le Patriote<\/title>\n<meta name=\"robots\" content=\"index, follow, max-snippet:-1, max-image-preview:large, max-video-preview:-1\" \/>\n<link rel=\"canonical\" href=\"https:\/\/lepatriotebenin.com\/index.php\/2024\/07\/09\/pour-leurs-investissements-pour-le-developpement-des-collines-salifou-awo-et-atchou-didier-distingues\/\" \/>\n<meta property=\"og:locale\" content=\"fr_FR\" \/>\n<meta property=\"og:type\" content=\"article\" \/>\n<meta property=\"og:title\" content=\"Pour leurs investissements pour le d\u00e9veloppement des Collines :\u00a0Salifou AWO et ATCHOU Didier distingu\u00e9s - Le Patriote\" \/>\n<meta property=\"og:description\" content=\"Le Cercle des Jeunes Cadres pour le D\u00e9veloppement du d\u00e9partement des Collines (CJCDC) a organis\u00e9 ce samedi 06 Juillet 2024 \u00e0 Jeco h\u00f4tel \u00e0 Dassa-Zoum\u00e9, la ceremonie de remise des&hellip;\" \/>\n<meta property=\"og:url\" content=\"https:\/\/lepatriotebenin.com\/index.php\/2024\/07\/09\/pour-leurs-investissements-pour-le-developpement-des-collines-salifou-awo-et-atchou-didier-distingues\/\" \/>\n<meta property=\"og:site_name\" content=\"Le Patriote\" \/>\n<meta property=\"article:published_time\" content=\"2024-07-09T06:49:32+00:00\" \/>\n<meta property=\"article:modified_time\" content=\"2024-07-09T06:49:33+00:00\" \/>\n<meta property=\"og:image\" content=\"https:\/\/lepatriotebenin.com\/wp-content\/uploads\/2024\/07\/inves.jpg\" \/>\n\t<meta property=\"og:image:width\" content=\"960\" \/>\n\t<meta property=\"og:image:height\" content=\"432\" \/>\n\t<meta property=\"og:image:type\" content=\"image\/jpeg\" \/>\n<meta name=\"author\" content=\"Redaction\" \/>\n<meta name=\"twitter:card\" content=\"summary_large_image\" \/>\n<meta name=\"twitter:label1\" content=\"\u00c9crit par\" \/>\n\t<meta name=\"twitter:data1\" content=\"Redaction\" \/>\n\t<meta name=\"twitter:label2\" content=\"Dur\u00e9e de lecture estim\u00e9e\" \/>\n\t<meta name=\"twitter:data2\" content=\"2 minutes\" \/>\n<script type=\"application\/ld+json\" class=\"yoast-schema-graph\">{\"@context\":\"https:\\\/\\\/schema.org\",\"@graph\":[{\"@type\":\"Article\",\"@id\":\"https:\\\/\\\/lepatriotebenin.com\\\/index.php\\\/2024\\\/07\\\/09\\\/pour-leurs-investissements-pour-le-developpement-des-collines-salifou-awo-et-atchou-didier-distingues\\\/#article\",\"isPartOf\":{\"@id\":\"https:\\\/\\\/lepatriotebenin.com\\\/index.php\\\/2024\\\/07\\\/09\\\/pour-leurs-investissements-pour-le-developpement-des-collines-salifou-awo-et-atchou-didier-distingues\\\/\"},\"author\":{\"name\":\"Redaction\",\"@id\":\"https:\\\/\\\/lepatriotebenin.com\\\/#\\\/schema\\\/person\\\/2e7709b9c9cc313e452d1136af61690f\"},\"headline\":\"Pour leurs investissements pour le d\u00e9veloppement des Collines :\u00a0Salifou AWO et ATCHOU Didier distingu\u00e9s\",\"datePublished\":\"2024-07-09T06:49:32+00:00\",\"dateModified\":\"2024-07-09T06:49:33+00:00\",\"mainEntityOfPage\":{\"@id\":\"https:\\\/\\\/lepatriotebenin.com\\\/index.php\\\/2024\\\/07\\\/09\\\/pour-leurs-investissements-pour-le-developpement-des-collines-salifou-awo-et-atchou-didier-distingues\\\/\"},\"wordCount\":389,\"commentCount\":0,\"image\":{\"@id\":\"https:\\\/\\\/lepatriotebenin.com\\\/index.php\\\/2024\\\/07\\\/09\\\/pour-leurs-investissements-pour-le-developpement-des-collines-salifou-awo-et-atchou-didier-distingues\\\/#primaryimage\"},\"thumbnailUrl\":\"https:\\\/\\\/lepatriotebenin.com\\\/wp-content\\\/uploads\\\/2024\\\/07\\\/inves.jpg\",\"articleSection\":[\"Soci\u00e9t\u00e9\"],\"inLanguage\":\"fr-FR\",\"potentialAction\":[{\"@type\":\"CommentAction\",\"name\":\"Comment\",\"target\":[\"https:\\\/\\\/lepatriotebenin.com\\\/index.php\\\/2024\\\/07\\\/09\\\/pour-leurs-investissements-pour-le-developpement-des-collines-salifou-awo-et-atchou-didier-distingues\\\/#respond\"]}]},{\"@type\":\"WebPage\",\"@id\":\"https:\\\/\\\/lepatriotebenin.com\\\/index.php\\\/2024\\\/07\\\/09\\\/pour-leurs-investissements-pour-le-developpement-des-collines-salifou-awo-et-atchou-didier-distingues\\\/\",\"url\":\"https:\\\/\\\/lepatriotebenin.com\\\/index.php\\\/2024\\\/07\\\/09\\\/pour-leurs-investissements-pour-le-developpement-des-collines-salifou-awo-et-atchou-didier-distingues\\\/\",\"name\":\"Pour leurs investissements pour le d\u00e9veloppement des Collines :\u00a0Salifou AWO et ATCHOU Didier distingu\u00e9s - Le Patriote\",\"isPartOf\":{\"@id\":\"https:\\\/\\\/lepatriotebenin.com\\\/#website\"},\"primaryImageOfPage\":{\"@id\":\"https:\\\/\\\/lepatriotebenin.com\\\/index.php\\\/2024\\\/07\\\/09\\\/pour-leurs-investissements-pour-le-developpement-des-collines-salifou-awo-et-atchou-didier-distingues\\\/#primaryimage\"},\"image\":{\"@id\":\"https:\\\/\\\/lepatriotebenin.com\\\/index.php\\\/2024\\\/07\\\/09\\\/pour-leurs-investissements-pour-le-developpement-des-collines-salifou-awo-et-atchou-didier-distingues\\\/#primaryimage\"},\"thumbnailUrl\":\"https:\\\/\\\/lepatriotebenin.com\\\/wp-content\\\/uploads\\\/2024\\\/07\\\/inves.jpg\",\"datePublished\":\"2024-07-09T06:49:32+00:00\",\"dateModified\":\"2024-07-09T06:49:33+00:00\",\"author\":{\"@id\":\"https:\\\/\\\/lepatriotebenin.com\\\/#\\\/schema\\\/person\\\/2e7709b9c9cc313e452d1136af61690f\"},\"breadcrumb\":{\"@id\":\"https:\\\/\\\/lepatriotebenin.com\\\/index.php\\\/2024\\\/07\\\/09\\\/pour-leurs-investissements-pour-le-developpement-des-collines-salifou-awo-et-atchou-didier-distingues\\\/#breadcrumb\"},\"inLanguage\":\"fr-FR\",\"potentialAction\":[{\"@type\":\"ReadAction\",\"target\":[\"https:\\\/\\\/lepatriotebenin.com\\\/index.php\\\/2024\\\/07\\\/09\\\/pour-leurs-investissements-pour-le-developpement-des-collines-salifou-awo-et-atchou-didier-distingues\\\/\"]}]},{\"@type\":\"ImageObject\",\"inLanguage\":\"fr-FR\",\"@id\":\"https:\\\/\\\/lepatriotebenin.com\\\/index.php\\\/2024\\\/07\\\/09\\\/pour-leurs-investissements-pour-le-developpement-des-collines-salifou-awo-et-atchou-didier-distingues\\\/#primaryimage\",\"url\":\"https:\\\/\\\/lepatriotebenin.com\\\/wp-content\\\/uploads\\\/2024\\\/07\\\/inves.jpg\",\"contentUrl\":\"https:\\\/\\\/lepatriotebenin.com\\\/wp-content\\\/uploads\\\/2024\\\/07\\\/inves.jpg\",\"width\":960,\"height\":432},{\"@type\":\"BreadcrumbList\",\"@id\":\"https:\\\/\\\/lepatriotebenin.com\\\/index.php\\\/2024\\\/07\\\/09\\\/pour-leurs-investissements-pour-le-developpement-des-collines-salifou-awo-et-atchou-didier-distingues\\\/#breadcrumb\",\"itemListElement\":[{\"@type\":\"ListItem\",\"position\":1,\"name\":\"Accueil\",\"item\":\"https:\\\/\\\/lepatriotebenin.com\\\/\"},{\"@type\":\"ListItem\",\"position\":2,\"name\":\"Pour leurs investissements pour le d\u00e9veloppement des Collines :\u00a0Salifou AWO et ATCHOU Didier distingu\u00e9s\"}]},{\"@type\":\"WebSite\",\"@id\":\"https:\\\/\\\/lepatriotebenin.com\\\/#website\",\"url\":\"https:\\\/\\\/lepatriotebenin.com\\\/\",\"name\":\"Le Patriote\",\"description\":\"Le Patriote B\u00e9nin\",\"potentialAction\":[{\"@type\":\"SearchAction\",\"target\":{\"@type\":\"EntryPoint\",\"urlTemplate\":\"https:\\\/\\\/lepatriotebenin.com\\\/?s={search_term_string}\"},\"query-input\":{\"@type\":\"PropertyValueSpecification\",\"valueRequired\":true,\"valueName\":\"search_term_string\"}}],\"inLanguage\":\"fr-FR\"},{\"@type\":\"Person\",\"@id\":\"https:\\\/\\\/lepatriotebenin.com\\\/#\\\/schema\\\/person\\\/2e7709b9c9cc313e452d1136af61690f\",\"name\":\"Redaction\",\"image\":{\"@type\":\"ImageObject\",\"inLanguage\":\"fr-FR\",\"@id\":\"https:\\\/\\\/secure.gravatar.com\\\/avatar\\\/c4c509357859ea2ca2cbb6d8812898a73e4ef1ef9934c2e591d7e32face734d1?s=96&d=mm&r=g\",\"url\":\"https:\\\/\\\/secure.gravatar.com\\\/avatar\\\/c4c509357859ea2ca2cbb6d8812898a73e4ef1ef9934c2e591d7e32face734d1?s=96&d=mm&r=g\",\"contentUrl\":\"https:\\\/\\\/secure.gravatar.com\\\/avatar\\\/c4c509357859ea2ca2cbb6d8812898a73e4ef1ef9934c2e591d7e32face734d1?s=96&d=mm&r=g\",\"caption\":\"Redaction\"},\"url\":\"https:\\\/\\\/lepatriotebenin.com\"}]}<\/script>\n<!-- \/ Yoast SEO plugin. -->","yoast_head_json":{"title":"Pour leurs investissements pour le d\u00e9veloppement des Collines :\u00a0Salifou AWO et ATCHOU Didier distingu\u00e9s - Le Patriote","robots":{"index":"index","follow":"follow","max-snippet":"max-snippet:-1","max-image-preview":"max-image-preview:large","max-video-preview":"max-video-preview:-1"},"canonical":"https:\/\/lepatriotebenin.com\/index.php\/2024\/07\/09\/pour-leurs-investissements-pour-le-developpement-des-collines-salifou-awo-et-atchou-didier-distingues\/","og_locale":"fr_FR","og_type":"article","og_title":"Pour leurs investissements pour le d\u00e9veloppement des Collines :\u00a0Salifou AWO et ATCHOU Didier distingu\u00e9s - Le Patriote","og_description":"Le Cercle des Jeunes Cadres pour le D\u00e9veloppement du d\u00e9partement des Collines (CJCDC) a organis\u00e9 ce samedi 06 Juillet 2024 \u00e0 Jeco h\u00f4tel \u00e0 Dassa-Zoum\u00e9, la ceremonie de remise des&hellip;","og_url":"https:\/\/lepatriotebenin.com\/index.php\/2024\/07\/09\/pour-leurs-investissements-pour-le-developpement-des-collines-salifou-awo-et-atchou-didier-distingues\/","og_site_name":"Le Patriote","article_published_time":"2024-07-09T06:49:32+00:00","article_modified_time":"2024-07-09T06:49:33+00:00","og_image":[{"width":960,"height":432,"url":"https:\/\/lepatriotebenin.com\/wp-content\/uploads\/2024\/07\/inves.jpg","type":"image\/jpeg"}],"author":"Redaction","twitter_card":"summary_large_image","twitter_misc":{"\u00c9crit par":"Redaction","Dur\u00e9e de lecture estim\u00e9e":"2 minutes"},"schema":{"@context":"https:\/\/schema.org","@graph":[{"@type":"Article","@id":"https:\/\/lepatriotebenin.com\/index.php\/2024\/07\/09\/pour-leurs-investissements-pour-le-developpement-des-collines-salifou-awo-et-atchou-didier-distingues\/#article","isPartOf":{"@id":"https:\/\/lepatriotebenin.com\/index.php\/2024\/07\/09\/pour-leurs-investissements-pour-le-developpement-des-collines-salifou-awo-et-atchou-didier-distingues\/"},"author":{"name":"Redaction","@id":"https:\/\/lepatriotebenin.com\/#\/schema\/person\/2e7709b9c9cc313e452d1136af61690f"},"headline":"Pour leurs investissements pour le d\u00e9veloppement des Collines :\u00a0Salifou AWO et ATCHOU Didier distingu\u00e9s","datePublished":"2024-07-09T06:49:32+00:00","dateModified":"2024-07-09T06:49:33+00:00","mainEntityOfPage":{"@id":"https:\/\/lepatriotebenin.com\/index.php\/2024\/07\/09\/pour-leurs-investissements-pour-le-developpement-des-collines-salifou-awo-et-atchou-didier-distingues\/"},"wordCount":389,"commentCount":0,"image":{"@id":"https:\/\/lepatriotebenin.com\/index.php\/2024\/07\/09\/pour-leurs-investissements-pour-le-developpement-des-collines-salifou-awo-et-atchou-didier-distingues\/#primaryimage"},"thumbnailUrl":"https:\/\/lepatriotebenin.com\/wp-content\/uploads\/2024\/07\/inves.jpg","articleSection":["Soci\u00e9t\u00e9"],"inLanguage":"fr-FR","potentialAction":[{"@type":"CommentAction","name":"Comment","target":["https:\/\/lepatriotebenin.com\/index.php\/2024\/07\/09\/pour-leurs-investissements-pour-le-developpement-des-collines-salifou-awo-et-atchou-didier-distingues\/#respond"]}]},{"@type":"WebPage","@id":"https:\/\/lepatriotebenin.com\/index.php\/2024\/07\/09\/pour-leurs-investissements-pour-le-developpement-des-collines-salifou-awo-et-atchou-didier-distingues\/","url":"https:\/\/lepatriotebenin.com\/index.php\/2024\/07\/09\/pour-leurs-investissements-pour-le-developpement-des-collines-salifou-awo-et-atchou-didier-distingues\/","name":"Pour leurs investissements pour le d\u00e9veloppement des Collines :\u00a0Salifou AWO et ATCHOU Didier distingu\u00e9s - Le Patriote","isPartOf":{"@id":"https:\/\/lepatriotebenin.com\/#website"},"primaryImageOfPage":{"@id":"https:\/\/lepatriotebenin.com\/index.php\/2024\/07\/09\/pour-leurs-investissements-pour-le-developpement-des-collines-salifou-awo-et-atchou-didier-distingues\/#primaryimage"},"image":{"@id":"https:\/\/lepatriotebenin.com\/index.php\/2024\/07\/09\/pour-leurs-investissements-pour-le-developpement-des-collines-salifou-awo-et-atchou-didier-distingues\/#primaryimage"},"thumbnailUrl":"https:\/\/lepatriotebenin.com\/wp-content\/uploads\/2024\/07\/inves.jpg","datePublished":"2024-07-09T06:49:32+00:00","dateModified":"2024-07-09T06:49:33+00:00","author":{"@id":"https:\/\/lepatriotebenin.com\/#\/schema\/person\/2e7709b9c9cc313e452d1136af61690f"},"breadcrumb":{"@id":"https:\/\/lepatriotebenin.com\/index.php\/2024\/07\/09\/pour-leurs-investissements-pour-le-developpement-des-collines-salifou-awo-et-atchou-didier-distingues\/#breadcrumb"},"inLanguage":"fr-FR","potentialAction":[{"@type":"ReadAction","target":["https:\/\/lepatriotebenin.com\/index.php\/2024\/07\/09\/pour-leurs-investissements-pour-le-developpement-des-collines-salifou-awo-et-atchou-didier-distingues\/"]}]},{"@type":"ImageObject","inLanguage":"fr-FR","@id":"https:\/\/lepatriotebenin.com\/index.php\/2024\/07\/09\/pour-leurs-investissements-pour-le-developpement-des-collines-salifou-awo-et-atchou-didier-distingues\/#primaryimage","url":"https:\/\/lepatriotebenin.com\/wp-content\/uploads\/2024\/07\/inves.jpg","contentUrl":"https:\/\/lepatriotebenin.com\/wp-content\/uploads\/2024\/07\/inves.jpg","width":960,"height":432},{"@type":"BreadcrumbList","@id":"https:\/\/lepatriotebenin.com\/index.php\/2024\/07\/09\/pour-leurs-investissements-pour-le-developpement-des-collines-salifou-awo-et-atchou-didier-distingues\/#breadcrumb","itemListElement":[{"@type":"ListItem","position":1,"name":"Accueil","item":"https:\/\/lepatriotebenin.com\/"},{"@type":"ListItem","position":2,"name":"Pour leurs investissements pour le d\u00e9veloppement des Collines :\u00a0Salifou AWO et ATCHOU Didier distingu\u00e9s"}]},{"@type":"WebSite","@id":"https:\/\/lepatriotebenin.com\/#website","url":"https:\/\/lepatriotebenin.com\/","name":"Le Patriote","description":"Le Patriote B\u00e9nin","potentialAction":[{"@type":"SearchAction","target":{"@type":"EntryPoint","urlTemplate":"https:\/\/lepatriotebenin.com\/?s={search_term_string}"},"query-input":{"@type":"PropertyValueSpecification","valueRequired":true,"valueName":"search_term_string"}}],"inLanguage":"fr-FR"},{"@type":"Person","@id":"https:\/\/lepatriotebenin.com\/#\/schema\/person\/2e7709b9c9cc313e452d1136af61690f","name":"Redaction","image":{"@type":"ImageObject","inLanguage":"fr-FR","@id":"https:\/\/secure.gravatar.com\/avatar\/c4c509357859ea2ca2cbb6d8812898a73e4ef1ef9934c2e591d7e32face734d1?s=96&d=mm&r=g","url":"https:\/\/secure.gravatar.com\/avatar\/c4c509357859ea2ca2cbb6d8812898a73e4ef1ef9934c2e591d7e32face734d1?s=96&d=mm&r=g","contentUrl":"https:\/\/secure.gravatar.com\/avatar\/c4c509357859ea2ca2cbb6d8812898a73e4ef1ef9934c2e591d7e32face734d1?s=96&d=mm&r=g","caption":"Redaction"},"url":"https:\/\/lepatriotebenin.com"}]}},"_links":{"self":[{"href":"https:\/\/lepatriotebenin.com\/index.php\/wp-json\/wp\/v2\/posts\/6520","targetHints":{"allow":["GET"]}}],"collection":[{"href":"https:\/\/lepatriotebenin.com\/index.php\/wp-json\/wp\/v2\/posts"}],"about":[{"href":"https:\/\/lepatriotebenin.com\/index.php\/wp-json\/wp\/v2\/types\/post"}],"author":[{"embeddable":true,"href":"https:\/\/lepatriotebenin.com\/index.php\/wp-json\/wp\/v2\/users\/5"}],"replies":[{"embeddable":true,"href":"https:\/\/lepatriotebenin.com\/index.php\/wp-json\/wp\/v2\/comments?post=6520"}],"version-history":[{"count":1,"href":"https:\/\/lepatriotebenin.com\/index.php\/wp-json\/wp\/v2\/posts\/6520\/revisions"}],"predecessor-version":[{"id":6522,"href":"https:\/\/lepatriotebenin.com\/index.php\/wp-json\/wp\/v2\/posts\/6520\/revisions\/6522"}],"wp:featuredmedia":[{"embeddable":true,"href":"https:\/\/lepatriotebenin.com\/index.php\/wp-json\/wp\/v2\/media\/6521"}],"wp:attachment":[{"href":"https:\/\/lepatriotebenin.com\/index.php\/wp-json\/wp\/v2\/media?parent=6520"}],"wp:term":[{"taxonomy":"category","embeddable":true,"href":"https:\/\/lepatriotebenin.com\/index.php\/wp-json\/wp\/v2\/categories?post=6520"},{"taxonomy":"post_tag","embeddable":true,"href":"https:\/\/lepatriotebenin.com\/index.php\/wp-json\/wp\/v2\/tags?post=6520"}],"curies":[{"name":"wp","href":"https:\/\/api.w.org\/{rel}","templated":true}]}}