{"id":6515,"date":"2024-07-08T16:53:03","date_gmt":"2024-07-08T14:53:03","guid":{"rendered":"https:\/\/lepatriotebenin.com\/?p=6515"},"modified":"2024-07-08T16:53:03","modified_gmt":"2024-07-08T14:53:03","slug":"condamnation-du-president-de-la-fecafoot-dans-laffaire-1xbet-samuel-etoo-fait-appel-du-verdict","status":"publish","type":"post","link":"https:\/\/lepatriotebenin.com\/index.php\/2024\/07\/08\/condamnation-du-president-de-la-fecafoot-dans-laffaire-1xbet-samuel-etoo-fait-appel-du-verdict\/","title":{"rendered":"Condamnation du pr\u00e9sident de la F\u00e9cafoot dans l&rsquo;affaire 1xbet : Samuel Eto&rsquo;o fait appel du verdict"},"content":{"rendered":"\n<p><em>Suppos\u00e9 avoir un contrat avec 1xbet, le pr\u00e9sident de la f\u00e9d\u00e9ration camerounaise de football (F\u00e9cafoot) fut condamn\u00e9 \u00e0 payer une amende de <strong>200 000 dollars US<\/strong> par la conf\u00e9d\u00e9ration africaine de football (CAF). Jugeant cette d\u00e9cision du jury de la CAF sans fondement par ses avocats, Samuel Eto&rsquo;o a fait appel du verdict.<\/em><\/p>\n\n\n\n<p>Samuel Eto&rsquo;o et ses avocats n&rsquo;arrivent pas \u00e0 accepter la d\u00e9cision du jury disciplinaire de la CAF concernant sa condamnation au paiement d&rsquo;une amende de 200 000 dollars US dans l&rsquo;affaire 1xbet. C&rsquo;est ainsi que l&rsquo;ancien attaquant du FC Barcelone a fait appel de cette condamnation. Pour eux, la CAF n&rsquo;est pas habilet\u00e9e \u00e0 travers son jury disciplinaire de prononcer une telle sanction. \u00ab<em> Le Jury Disciplinaire a cru pouvoir statuer sur des questions d\u2019\u00e9thique alors que la CAF ne dispose ni d\u2019un code d\u2019\u00e9thique, ni d\u2019une commission d\u2019\u00e9thique \u00bb, <\/em>a \u00e9crit le conseil du patron de la Fecafoot<\/p>\n\n\n\n<p>De son c\u00f4t\u00e9, la conf\u00e9d\u00e9ration africaine de football (CAF) reproche \u00e0 l&rsquo;ancien Pichichi de la Liga espagnole d&rsquo;avoir viol\u00e9 les principes d\u2019\u00e9thique, d\u2019int\u00e9grit\u00e9 et d\u2019esprit sportif pr\u00e9vus \u00e0 l\u2019article 2 alin\u00e9a 3 des statuts de la CAF en signant un contrat d\u2019ambassadeur de marque avec la soci\u00e9t\u00e9 1XBET.<\/p>\n\n\n\n<p>Suite \u00e0 cel\u00e0, les avocats de ce dernier ne sont pas rest\u00e9s sans voix en montrant l&rsquo;intention du pr\u00e9sident de la F\u00e9cafoot. \u00ab Le jury disciplinaire a cru pouvoir se prononcer alors que les faits reproch\u00e9s sont pendants devant d\u2019autres juridictions valablement saisies, en totale violation du code d\u2019\u00e9thique de la FIFA. Nous notons enfin que la d\u00e9cision ne respecte pas les prescriptions de l\u2019article 51 du code disciplinaire de la CAF notamment en ce qu\u2019elle n\u2019est nullement motiv\u00e9e, montrant, si besoin \u00e9tait, l\u2019embarras du Jury disciplinaire. Nous annon\u00e7ons par cons\u00e9quent l\u2019intention de Monsieur ETO\u2019O de faire appel de cette d\u00e9cision devant le Jury d\u2019Appel de la CAF, conform\u00e9ment aux dispositions des articles 54 et 58 du code disciplinaire de la CAF \u00e9tant entendu que cet appel est SUSPENSIF \u00bb, ont-ils r\u00e9agis. Le camp de Samuel Eto&rsquo;o esp\u00e8re quand m\u00eame avoir gain de cause dans cette affaire.<\/p>\n\n\n\n<p><strong>Gildas AHOGNI<\/strong><\/p>\n","protected":false},"excerpt":{"rendered":"<p>Suppos\u00e9 avoir un contrat avec 1xbet, le pr\u00e9sident de la f\u00e9d\u00e9ration camerounaise de football (F\u00e9cafoot) fut condamn\u00e9 \u00e0 payer une amende de 200 000 dollars US par la conf\u00e9d\u00e9ration africaine&hellip;<\/p>\n","protected":false},"author":5,"featured_media":6516,"comment_status":"open","ping_status":"open","sticky":false,"template":"","format":"standard","meta":{"content-type":"","om_disable_all_campaigns":false,"_monsterinsights_skip_tracking":false,"_monsterinsights_sitenote_active":false,"_monsterinsights_sitenote_note":"","_monsterinsights_sitenote_category":0,"_uf_show_specific_survey":0,"_uf_disable_surveys":false,"footnotes":""},"categories":[8],"tags":[],"class_list":["post-6515","post","type-post","status-publish","format-standard","has-post-thumbnail","hentry","category-sport"],"aioseo_notices":[],"yoast_head":"<!-- This site is optimized with the Yoast SEO plugin v27.5 - https:\/\/yoast.com\/product\/yoast-seo-wordpress\/ -->\n<title>Condamnation du pr\u00e9sident de la F\u00e9cafoot dans l&#039;affaire 1xbet : Samuel Eto&#039;o fait appel du verdict - Le Patriote<\/title>\n<meta name=\"robots\" content=\"index, follow, max-snippet:-1, max-image-preview:large, max-video-preview:-1\" \/>\n<link rel=\"canonical\" href=\"https:\/\/lepatriotebenin.com\/index.php\/2024\/07\/08\/condamnation-du-president-de-la-fecafoot-dans-laffaire-1xbet-samuel-etoo-fait-appel-du-verdict\/\" \/>\n<meta property=\"og:locale\" content=\"fr_FR\" \/>\n<meta property=\"og:type\" content=\"article\" \/>\n<meta property=\"og:title\" content=\"Condamnation du pr\u00e9sident de la F\u00e9cafoot dans l&#039;affaire 1xbet : Samuel Eto&#039;o fait appel du verdict - Le Patriote\" \/>\n<meta property=\"og:description\" content=\"Suppos\u00e9 avoir un contrat avec 1xbet, le pr\u00e9sident de la f\u00e9d\u00e9ration camerounaise de football (F\u00e9cafoot) fut condamn\u00e9 \u00e0 payer une amende de 200 000 dollars US par la conf\u00e9d\u00e9ration africaine&hellip;\" \/>\n<meta property=\"og:url\" content=\"https:\/\/lepatriotebenin.com\/index.php\/2024\/07\/08\/condamnation-du-president-de-la-fecafoot-dans-laffaire-1xbet-samuel-etoo-fait-appel-du-verdict\/\" \/>\n<meta property=\"og:site_name\" content=\"Le Patriote\" \/>\n<meta property=\"article:published_time\" content=\"2024-07-08T14:53:03+00:00\" \/>\n<meta property=\"og:image\" content=\"https:\/\/lepatriotebenin.com\/wp-content\/uploads\/2024\/07\/field-media-image-1382952-etoo-180823-tv5.jpg\" \/>\n\t<meta property=\"og:image:width\" content=\"908\" \/>\n\t<meta property=\"og:image:height\" content=\"605\" \/>\n\t<meta property=\"og:image:type\" content=\"image\/jpeg\" \/>\n<meta name=\"author\" content=\"Redaction\" \/>\n<meta name=\"twitter:card\" content=\"summary_large_image\" \/>\n<meta name=\"twitter:label1\" content=\"\u00c9crit par\" \/>\n\t<meta name=\"twitter:data1\" content=\"Redaction\" \/>\n\t<meta name=\"twitter:label2\" content=\"Dur\u00e9e de lecture estim\u00e9e\" \/>\n\t<meta name=\"twitter:data2\" content=\"2 minutes\" \/>\n<script type=\"application\/ld+json\" class=\"yoast-schema-graph\">{\"@context\":\"https:\\\/\\\/schema.org\",\"@graph\":[{\"@type\":\"Article\",\"@id\":\"https:\\\/\\\/lepatriotebenin.com\\\/index.php\\\/2024\\\/07\\\/08\\\/condamnation-du-president-de-la-fecafoot-dans-laffaire-1xbet-samuel-etoo-fait-appel-du-verdict\\\/#article\",\"isPartOf\":{\"@id\":\"https:\\\/\\\/lepatriotebenin.com\\\/index.php\\\/2024\\\/07\\\/08\\\/condamnation-du-president-de-la-fecafoot-dans-laffaire-1xbet-samuel-etoo-fait-appel-du-verdict\\\/\"},\"author\":{\"name\":\"Redaction\",\"@id\":\"https:\\\/\\\/lepatriotebenin.com\\\/#\\\/schema\\\/person\\\/2e7709b9c9cc313e452d1136af61690f\"},\"headline\":\"Condamnation du pr\u00e9sident de la F\u00e9cafoot dans l&rsquo;affaire 1xbet : Samuel Eto&rsquo;o fait appel du verdict\",\"datePublished\":\"2024-07-08T14:53:03+00:00\",\"mainEntityOfPage\":{\"@id\":\"https:\\\/\\\/lepatriotebenin.com\\\/index.php\\\/2024\\\/07\\\/08\\\/condamnation-du-president-de-la-fecafoot-dans-laffaire-1xbet-samuel-etoo-fait-appel-du-verdict\\\/\"},\"wordCount\":409,\"commentCount\":0,\"image\":{\"@id\":\"https:\\\/\\\/lepatriotebenin.com\\\/index.php\\\/2024\\\/07\\\/08\\\/condamnation-du-president-de-la-fecafoot-dans-laffaire-1xbet-samuel-etoo-fait-appel-du-verdict\\\/#primaryimage\"},\"thumbnailUrl\":\"https:\\\/\\\/lepatriotebenin.com\\\/wp-content\\\/uploads\\\/2024\\\/07\\\/field-media-image-1382952-etoo-180823-tv5.jpg\",\"articleSection\":[\"Sport\"],\"inLanguage\":\"fr-FR\",\"potentialAction\":[{\"@type\":\"CommentAction\",\"name\":\"Comment\",\"target\":[\"https:\\\/\\\/lepatriotebenin.com\\\/index.php\\\/2024\\\/07\\\/08\\\/condamnation-du-president-de-la-fecafoot-dans-laffaire-1xbet-samuel-etoo-fait-appel-du-verdict\\\/#respond\"]}]},{\"@type\":\"WebPage\",\"@id\":\"https:\\\/\\\/lepatriotebenin.com\\\/index.php\\\/2024\\\/07\\\/08\\\/condamnation-du-president-de-la-fecafoot-dans-laffaire-1xbet-samuel-etoo-fait-appel-du-verdict\\\/\",\"url\":\"https:\\\/\\\/lepatriotebenin.com\\\/index.php\\\/2024\\\/07\\\/08\\\/condamnation-du-president-de-la-fecafoot-dans-laffaire-1xbet-samuel-etoo-fait-appel-du-verdict\\\/\",\"name\":\"Condamnation du pr\u00e9sident de la F\u00e9cafoot dans l'affaire 1xbet : Samuel Eto'o fait appel du verdict - Le Patriote\",\"isPartOf\":{\"@id\":\"https:\\\/\\\/lepatriotebenin.com\\\/#website\"},\"primaryImageOfPage\":{\"@id\":\"https:\\\/\\\/lepatriotebenin.com\\\/index.php\\\/2024\\\/07\\\/08\\\/condamnation-du-president-de-la-fecafoot-dans-laffaire-1xbet-samuel-etoo-fait-appel-du-verdict\\\/#primaryimage\"},\"image\":{\"@id\":\"https:\\\/\\\/lepatriotebenin.com\\\/index.php\\\/2024\\\/07\\\/08\\\/condamnation-du-president-de-la-fecafoot-dans-laffaire-1xbet-samuel-etoo-fait-appel-du-verdict\\\/#primaryimage\"},\"thumbnailUrl\":\"https:\\\/\\\/lepatriotebenin.com\\\/wp-content\\\/uploads\\\/2024\\\/07\\\/field-media-image-1382952-etoo-180823-tv5.jpg\",\"datePublished\":\"2024-07-08T14:53:03+00:00\",\"author\":{\"@id\":\"https:\\\/\\\/lepatriotebenin.com\\\/#\\\/schema\\\/person\\\/2e7709b9c9cc313e452d1136af61690f\"},\"breadcrumb\":{\"@id\":\"https:\\\/\\\/lepatriotebenin.com\\\/index.php\\\/2024\\\/07\\\/08\\\/condamnation-du-president-de-la-fecafoot-dans-laffaire-1xbet-samuel-etoo-fait-appel-du-verdict\\\/#breadcrumb\"},\"inLanguage\":\"fr-FR\",\"potentialAction\":[{\"@type\":\"ReadAction\",\"target\":[\"https:\\\/\\\/lepatriotebenin.com\\\/index.php\\\/2024\\\/07\\\/08\\\/condamnation-du-president-de-la-fecafoot-dans-laffaire-1xbet-samuel-etoo-fait-appel-du-verdict\\\/\"]}]},{\"@type\":\"ImageObject\",\"inLanguage\":\"fr-FR\",\"@id\":\"https:\\\/\\\/lepatriotebenin.com\\\/index.php\\\/2024\\\/07\\\/08\\\/condamnation-du-president-de-la-fecafoot-dans-laffaire-1xbet-samuel-etoo-fait-appel-du-verdict\\\/#primaryimage\",\"url\":\"https:\\\/\\\/lepatriotebenin.com\\\/wp-content\\\/uploads\\\/2024\\\/07\\\/field-media-image-1382952-etoo-180823-tv5.jpg\",\"contentUrl\":\"https:\\\/\\\/lepatriotebenin.com\\\/wp-content\\\/uploads\\\/2024\\\/07\\\/field-media-image-1382952-etoo-180823-tv5.jpg\",\"width\":908,\"height\":605},{\"@type\":\"BreadcrumbList\",\"@id\":\"https:\\\/\\\/lepatriotebenin.com\\\/index.php\\\/2024\\\/07\\\/08\\\/condamnation-du-president-de-la-fecafoot-dans-laffaire-1xbet-samuel-etoo-fait-appel-du-verdict\\\/#breadcrumb\",\"itemListElement\":[{\"@type\":\"ListItem\",\"position\":1,\"name\":\"Accueil\",\"item\":\"https:\\\/\\\/lepatriotebenin.com\\\/\"},{\"@type\":\"ListItem\",\"position\":2,\"name\":\"Condamnation du pr\u00e9sident de la F\u00e9cafoot dans l&rsquo;affaire 1xbet : Samuel Eto&rsquo;o fait appel du verdict\"}]},{\"@type\":\"WebSite\",\"@id\":\"https:\\\/\\\/lepatriotebenin.com\\\/#website\",\"url\":\"https:\\\/\\\/lepatriotebenin.com\\\/\",\"name\":\"Le Patriote\",\"description\":\"Le Patriote B\u00e9nin\",\"potentialAction\":[{\"@type\":\"SearchAction\",\"target\":{\"@type\":\"EntryPoint\",\"urlTemplate\":\"https:\\\/\\\/lepatriotebenin.com\\\/?s={search_term_string}\"},\"query-input\":{\"@type\":\"PropertyValueSpecification\",\"valueRequired\":true,\"valueName\":\"search_term_string\"}}],\"inLanguage\":\"fr-FR\"},{\"@type\":\"Person\",\"@id\":\"https:\\\/\\\/lepatriotebenin.com\\\/#\\\/schema\\\/person\\\/2e7709b9c9cc313e452d1136af61690f\",\"name\":\"Redaction\",\"image\":{\"@type\":\"ImageObject\",\"inLanguage\":\"fr-FR\",\"@id\":\"https:\\\/\\\/secure.gravatar.com\\\/avatar\\\/c4c509357859ea2ca2cbb6d8812898a73e4ef1ef9934c2e591d7e32face734d1?s=96&d=mm&r=g\",\"url\":\"https:\\\/\\\/secure.gravatar.com\\\/avatar\\\/c4c509357859ea2ca2cbb6d8812898a73e4ef1ef9934c2e591d7e32face734d1?s=96&d=mm&r=g\",\"contentUrl\":\"https:\\\/\\\/secure.gravatar.com\\\/avatar\\\/c4c509357859ea2ca2cbb6d8812898a73e4ef1ef9934c2e591d7e32face734d1?s=96&d=mm&r=g\",\"caption\":\"Redaction\"},\"url\":\"https:\\\/\\\/lepatriotebenin.com\"}]}<\/script>\n<!-- \/ Yoast SEO plugin. -->","yoast_head_json":{"title":"Condamnation du pr\u00e9sident de la F\u00e9cafoot dans l'affaire 1xbet : Samuel Eto'o fait appel du verdict - Le Patriote","robots":{"index":"index","follow":"follow","max-snippet":"max-snippet:-1","max-image-preview":"max-image-preview:large","max-video-preview":"max-video-preview:-1"},"canonical":"https:\/\/lepatriotebenin.com\/index.php\/2024\/07\/08\/condamnation-du-president-de-la-fecafoot-dans-laffaire-1xbet-samuel-etoo-fait-appel-du-verdict\/","og_locale":"fr_FR","og_type":"article","og_title":"Condamnation du pr\u00e9sident de la F\u00e9cafoot dans l'affaire 1xbet : Samuel Eto'o fait appel du verdict - Le Patriote","og_description":"Suppos\u00e9 avoir un contrat avec 1xbet, le pr\u00e9sident de la f\u00e9d\u00e9ration camerounaise de football (F\u00e9cafoot) fut condamn\u00e9 \u00e0 payer une amende de 200 000 dollars US par la conf\u00e9d\u00e9ration africaine&hellip;","og_url":"https:\/\/lepatriotebenin.com\/index.php\/2024\/07\/08\/condamnation-du-president-de-la-fecafoot-dans-laffaire-1xbet-samuel-etoo-fait-appel-du-verdict\/","og_site_name":"Le Patriote","article_published_time":"2024-07-08T14:53:03+00:00","og_image":[{"width":908,"height":605,"url":"https:\/\/lepatriotebenin.com\/wp-content\/uploads\/2024\/07\/field-media-image-1382952-etoo-180823-tv5.jpg","type":"image\/jpeg"}],"author":"Redaction","twitter_card":"summary_large_image","twitter_misc":{"\u00c9crit par":"Redaction","Dur\u00e9e de lecture estim\u00e9e":"2 minutes"},"schema":{"@context":"https:\/\/schema.org","@graph":[{"@type":"Article","@id":"https:\/\/lepatriotebenin.com\/index.php\/2024\/07\/08\/condamnation-du-president-de-la-fecafoot-dans-laffaire-1xbet-samuel-etoo-fait-appel-du-verdict\/#article","isPartOf":{"@id":"https:\/\/lepatriotebenin.com\/index.php\/2024\/07\/08\/condamnation-du-president-de-la-fecafoot-dans-laffaire-1xbet-samuel-etoo-fait-appel-du-verdict\/"},"author":{"name":"Redaction","@id":"https:\/\/lepatriotebenin.com\/#\/schema\/person\/2e7709b9c9cc313e452d1136af61690f"},"headline":"Condamnation du pr\u00e9sident de la F\u00e9cafoot dans l&rsquo;affaire 1xbet : Samuel Eto&rsquo;o fait appel du verdict","datePublished":"2024-07-08T14:53:03+00:00","mainEntityOfPage":{"@id":"https:\/\/lepatriotebenin.com\/index.php\/2024\/07\/08\/condamnation-du-president-de-la-fecafoot-dans-laffaire-1xbet-samuel-etoo-fait-appel-du-verdict\/"},"wordCount":409,"commentCount":0,"image":{"@id":"https:\/\/lepatriotebenin.com\/index.php\/2024\/07\/08\/condamnation-du-president-de-la-fecafoot-dans-laffaire-1xbet-samuel-etoo-fait-appel-du-verdict\/#primaryimage"},"thumbnailUrl":"https:\/\/lepatriotebenin.com\/wp-content\/uploads\/2024\/07\/field-media-image-1382952-etoo-180823-tv5.jpg","articleSection":["Sport"],"inLanguage":"fr-FR","potentialAction":[{"@type":"CommentAction","name":"Comment","target":["https:\/\/lepatriotebenin.com\/index.php\/2024\/07\/08\/condamnation-du-president-de-la-fecafoot-dans-laffaire-1xbet-samuel-etoo-fait-appel-du-verdict\/#respond"]}]},{"@type":"WebPage","@id":"https:\/\/lepatriotebenin.com\/index.php\/2024\/07\/08\/condamnation-du-president-de-la-fecafoot-dans-laffaire-1xbet-samuel-etoo-fait-appel-du-verdict\/","url":"https:\/\/lepatriotebenin.com\/index.php\/2024\/07\/08\/condamnation-du-president-de-la-fecafoot-dans-laffaire-1xbet-samuel-etoo-fait-appel-du-verdict\/","name":"Condamnation du pr\u00e9sident de la F\u00e9cafoot dans l'affaire 1xbet : Samuel Eto'o fait appel du verdict - Le Patriote","isPartOf":{"@id":"https:\/\/lepatriotebenin.com\/#website"},"primaryImageOfPage":{"@id":"https:\/\/lepatriotebenin.com\/index.php\/2024\/07\/08\/condamnation-du-president-de-la-fecafoot-dans-laffaire-1xbet-samuel-etoo-fait-appel-du-verdict\/#primaryimage"},"image":{"@id":"https:\/\/lepatriotebenin.com\/index.php\/2024\/07\/08\/condamnation-du-president-de-la-fecafoot-dans-laffaire-1xbet-samuel-etoo-fait-appel-du-verdict\/#primaryimage"},"thumbnailUrl":"https:\/\/lepatriotebenin.com\/wp-content\/uploads\/2024\/07\/field-media-image-1382952-etoo-180823-tv5.jpg","datePublished":"2024-07-08T14:53:03+00:00","author":{"@id":"https:\/\/lepatriotebenin.com\/#\/schema\/person\/2e7709b9c9cc313e452d1136af61690f"},"breadcrumb":{"@id":"https:\/\/lepatriotebenin.com\/index.php\/2024\/07\/08\/condamnation-du-president-de-la-fecafoot-dans-laffaire-1xbet-samuel-etoo-fait-appel-du-verdict\/#breadcrumb"},"inLanguage":"fr-FR","potentialAction":[{"@type":"ReadAction","target":["https:\/\/lepatriotebenin.com\/index.php\/2024\/07\/08\/condamnation-du-president-de-la-fecafoot-dans-laffaire-1xbet-samuel-etoo-fait-appel-du-verdict\/"]}]},{"@type":"ImageObject","inLanguage":"fr-FR","@id":"https:\/\/lepatriotebenin.com\/index.php\/2024\/07\/08\/condamnation-du-president-de-la-fecafoot-dans-laffaire-1xbet-samuel-etoo-fait-appel-du-verdict\/#primaryimage","url":"https:\/\/lepatriotebenin.com\/wp-content\/uploads\/2024\/07\/field-media-image-1382952-etoo-180823-tv5.jpg","contentUrl":"https:\/\/lepatriotebenin.com\/wp-content\/uploads\/2024\/07\/field-media-image-1382952-etoo-180823-tv5.jpg","width":908,"height":605},{"@type":"BreadcrumbList","@id":"https:\/\/lepatriotebenin.com\/index.php\/2024\/07\/08\/condamnation-du-president-de-la-fecafoot-dans-laffaire-1xbet-samuel-etoo-fait-appel-du-verdict\/#breadcrumb","itemListElement":[{"@type":"ListItem","position":1,"name":"Accueil","item":"https:\/\/lepatriotebenin.com\/"},{"@type":"ListItem","position":2,"name":"Condamnation du pr\u00e9sident de la F\u00e9cafoot dans l&rsquo;affaire 1xbet : Samuel Eto&rsquo;o fait appel du verdict"}]},{"@type":"WebSite","@id":"https:\/\/lepatriotebenin.com\/#website","url":"https:\/\/lepatriotebenin.com\/","name":"Le Patriote","description":"Le Patriote B\u00e9nin","potentialAction":[{"@type":"SearchAction","target":{"@type":"EntryPoint","urlTemplate":"https:\/\/lepatriotebenin.com\/?s={search_term_string}"},"query-input":{"@type":"PropertyValueSpecification","valueRequired":true,"valueName":"search_term_string"}}],"inLanguage":"fr-FR"},{"@type":"Person","@id":"https:\/\/lepatriotebenin.com\/#\/schema\/person\/2e7709b9c9cc313e452d1136af61690f","name":"Redaction","image":{"@type":"ImageObject","inLanguage":"fr-FR","@id":"https:\/\/secure.gravatar.com\/avatar\/c4c509357859ea2ca2cbb6d8812898a73e4ef1ef9934c2e591d7e32face734d1?s=96&d=mm&r=g","url":"https:\/\/secure.gravatar.com\/avatar\/c4c509357859ea2ca2cbb6d8812898a73e4ef1ef9934c2e591d7e32face734d1?s=96&d=mm&r=g","contentUrl":"https:\/\/secure.gravatar.com\/avatar\/c4c509357859ea2ca2cbb6d8812898a73e4ef1ef9934c2e591d7e32face734d1?s=96&d=mm&r=g","caption":"Redaction"},"url":"https:\/\/lepatriotebenin.com"}]}},"_links":{"self":[{"href":"https:\/\/lepatriotebenin.com\/index.php\/wp-json\/wp\/v2\/posts\/6515","targetHints":{"allow":["GET"]}}],"collection":[{"href":"https:\/\/lepatriotebenin.com\/index.php\/wp-json\/wp\/v2\/posts"}],"about":[{"href":"https:\/\/lepatriotebenin.com\/index.php\/wp-json\/wp\/v2\/types\/post"}],"author":[{"embeddable":true,"href":"https:\/\/lepatriotebenin.com\/index.php\/wp-json\/wp\/v2\/users\/5"}],"replies":[{"embeddable":true,"href":"https:\/\/lepatriotebenin.com\/index.php\/wp-json\/wp\/v2\/comments?post=6515"}],"version-history":[{"count":1,"href":"https:\/\/lepatriotebenin.com\/index.php\/wp-json\/wp\/v2\/posts\/6515\/revisions"}],"predecessor-version":[{"id":6517,"href":"https:\/\/lepatriotebenin.com\/index.php\/wp-json\/wp\/v2\/posts\/6515\/revisions\/6517"}],"wp:featuredmedia":[{"embeddable":true,"href":"https:\/\/lepatriotebenin.com\/index.php\/wp-json\/wp\/v2\/media\/6516"}],"wp:attachment":[{"href":"https:\/\/lepatriotebenin.com\/index.php\/wp-json\/wp\/v2\/media?parent=6515"}],"wp:term":[{"taxonomy":"category","embeddable":true,"href":"https:\/\/lepatriotebenin.com\/index.php\/wp-json\/wp\/v2\/categories?post=6515"},{"taxonomy":"post_tag","embeddable":true,"href":"https:\/\/lepatriotebenin.com\/index.php\/wp-json\/wp\/v2\/tags?post=6515"}],"curies":[{"name":"wp","href":"https:\/\/api.w.org\/{rel}","templated":true}]}}