{"id":6512,"date":"2024-07-08T16:48:35","date_gmt":"2024-07-08T14:48:35","guid":{"rendered":"https:\/\/lepatriotebenin.com\/?p=6512"},"modified":"2024-07-08T16:48:36","modified_gmt":"2024-07-08T14:48:36","slug":"bac-2024-au-benin-la-premiere-deliberation-prevue-pour-cette-date","status":"publish","type":"post","link":"https:\/\/lepatriotebenin.com\/index.php\/2024\/07\/08\/bac-2024-au-benin-la-premiere-deliberation-prevue-pour-cette-date\/","title":{"rendered":"BAC\u00a0 2024 au B\u00e9nin : \u00a0La premi\u00e8re d\u00e9lib\u00e9ration pr\u00e9vue pour cette date"},"content":{"rendered":"\n<p>Les candidats \u00e0 l\u2019examen du Baccalaur\u00e9at session de juin 2024 seront fix\u00e9s sur leur sort le <strong>mercredi 10 juillet 2024<\/strong>. Cette premi\u00e8re date de d\u00e9lib\u00e9ration a \u00e9t\u00e9 annonc\u00e9e par la Direction de l\u2019Office du Baccalaur\u00e9at (DOB).\u00a0 D\u2019apr\u00e8s le Dob Alphonse da Silva, 7000 personnes ont \u00e9t\u00e9 mobilis\u00e9es pour la correction qui a pris fin le <strong>samedi 06 juillet 2024<\/strong>. La date du <strong>mercredi 10 juillet 2024 <\/strong>a \u00e9t\u00e9 confirm\u00e9 par le Ministre des Enseignements Secondaire, Technique et de la Formation Professionnelle, <strong>Yves Kouaro Chabi<\/strong> qui s\u2019est montr\u00e9 satisfait du d\u00e9roulement et de l\u2019organisation du Bac. <\/p>\n\n\n\n<p>\u201c<em>Je puis rassurer les parents, les apprenants, tous les acteurs du syst\u00e8me \u00e9ducatif que les choses se passent bien et la premi\u00e8re d\u00e9lib\u00e9ration pr\u00e9vue pour le mercredi 10 juillet prochain, sera effective\u201d<\/em> a-t-il d\u00e9clar\u00e9. Il est \u00e0 pr\u00e9ciser que les r\u00e9sultats seront publi\u00e9s en ligne sur la plateforme <strong>eresultats<\/strong> accessible \u00e0 l\u2019adresse <a href=\"https:\/\/eresultats.bj\">https:\/\/eresultats.bj<\/a> \u00a0.<\/p>\n","protected":false},"excerpt":{"rendered":"<p>Les candidats \u00e0 l\u2019examen du Baccalaur\u00e9at session de juin 2024 seront fix\u00e9s sur leur sort le mercredi 10 juillet 2024. Cette premi\u00e8re date de d\u00e9lib\u00e9ration a \u00e9t\u00e9 annonc\u00e9e par la&hellip;<\/p>\n","protected":false},"author":6,"featured_media":6513,"comment_status":"open","ping_status":"open","sticky":false,"template":"","format":"standard","meta":{"content-type":"","om_disable_all_campaigns":false,"_monsterinsights_skip_tracking":false,"_monsterinsights_sitenote_active":false,"_monsterinsights_sitenote_note":"","_monsterinsights_sitenote_category":0,"_uf_show_specific_survey":0,"_uf_disable_surveys":false,"footnotes":""},"categories":[20],"tags":[],"class_list":["post-6512","post","type-post","status-publish","format-standard","has-post-thumbnail","hentry","category-societe"],"aioseo_notices":[],"yoast_head":"<!-- This site is optimized with the Yoast SEO plugin v27.5 - https:\/\/yoast.com\/product\/yoast-seo-wordpress\/ -->\n<title>BAC\u00a0 2024 au B\u00e9nin : \u00a0La premi\u00e8re d\u00e9lib\u00e9ration pr\u00e9vue pour cette date - Le Patriote<\/title>\n<meta name=\"robots\" content=\"index, follow, max-snippet:-1, max-image-preview:large, max-video-preview:-1\" \/>\n<link rel=\"canonical\" href=\"https:\/\/lepatriotebenin.com\/index.php\/2024\/07\/08\/bac-2024-au-benin-la-premiere-deliberation-prevue-pour-cette-date\/\" \/>\n<meta property=\"og:locale\" content=\"fr_FR\" \/>\n<meta property=\"og:type\" content=\"article\" \/>\n<meta property=\"og:title\" content=\"BAC\u00a0 2024 au B\u00e9nin : \u00a0La premi\u00e8re d\u00e9lib\u00e9ration pr\u00e9vue pour cette date - Le Patriote\" \/>\n<meta property=\"og:description\" content=\"Les candidats \u00e0 l\u2019examen du Baccalaur\u00e9at session de juin 2024 seront fix\u00e9s sur leur sort le mercredi 10 juillet 2024. Cette premi\u00e8re date de d\u00e9lib\u00e9ration a \u00e9t\u00e9 annonc\u00e9e par la&hellip;\" \/>\n<meta property=\"og:url\" content=\"https:\/\/lepatriotebenin.com\/index.php\/2024\/07\/08\/bac-2024-au-benin-la-premiere-deliberation-prevue-pour-cette-date\/\" \/>\n<meta property=\"og:site_name\" content=\"Le Patriote\" \/>\n<meta property=\"article:published_time\" content=\"2024-07-08T14:48:35+00:00\" \/>\n<meta property=\"article:modified_time\" content=\"2024-07-08T14:48:36+00:00\" \/>\n<meta property=\"og:image\" content=\"https:\/\/lepatriotebenin.com\/wp-content\/uploads\/2024\/07\/benin-bac-2024-les-dernieres-precisions-sur-le-retrait-des-convocations-les-candidats-libres-le-deroulement-des-epreuves-6.jpg\" \/>\n\t<meta property=\"og:image:width\" content=\"489\" \/>\n\t<meta property=\"og:image:height\" content=\"355\" \/>\n\t<meta property=\"og:image:type\" content=\"image\/jpeg\" \/>\n<meta name=\"author\" content=\"Roland AFFANOU\" \/>\n<meta name=\"twitter:card\" content=\"summary_large_image\" \/>\n<meta name=\"twitter:label1\" content=\"\u00c9crit par\" \/>\n\t<meta name=\"twitter:data1\" content=\"Roland AFFANOU\" \/>\n\t<meta name=\"twitter:label2\" content=\"Dur\u00e9e de lecture estim\u00e9e\" \/>\n\t<meta name=\"twitter:data2\" content=\"1 minute\" \/>\n<script type=\"application\/ld+json\" class=\"yoast-schema-graph\">{\"@context\":\"https:\\\/\\\/schema.org\",\"@graph\":[{\"@type\":\"Article\",\"@id\":\"https:\\\/\\\/lepatriotebenin.com\\\/index.php\\\/2024\\\/07\\\/08\\\/bac-2024-au-benin-la-premiere-deliberation-prevue-pour-cette-date\\\/#article\",\"isPartOf\":{\"@id\":\"https:\\\/\\\/lepatriotebenin.com\\\/index.php\\\/2024\\\/07\\\/08\\\/bac-2024-au-benin-la-premiere-deliberation-prevue-pour-cette-date\\\/\"},\"author\":{\"name\":\"Roland AFFANOU\",\"@id\":\"https:\\\/\\\/lepatriotebenin.com\\\/#\\\/schema\\\/person\\\/4a9b67216c97d04045e01405c534c91f\"},\"headline\":\"BAC\u00a0 2024 au B\u00e9nin : \u00a0La premi\u00e8re d\u00e9lib\u00e9ration pr\u00e9vue pour cette date\",\"datePublished\":\"2024-07-08T14:48:35+00:00\",\"dateModified\":\"2024-07-08T14:48:36+00:00\",\"mainEntityOfPage\":{\"@id\":\"https:\\\/\\\/lepatriotebenin.com\\\/index.php\\\/2024\\\/07\\\/08\\\/bac-2024-au-benin-la-premiere-deliberation-prevue-pour-cette-date\\\/\"},\"wordCount\":178,\"commentCount\":0,\"image\":{\"@id\":\"https:\\\/\\\/lepatriotebenin.com\\\/index.php\\\/2024\\\/07\\\/08\\\/bac-2024-au-benin-la-premiere-deliberation-prevue-pour-cette-date\\\/#primaryimage\"},\"thumbnailUrl\":\"https:\\\/\\\/lepatriotebenin.com\\\/wp-content\\\/uploads\\\/2024\\\/07\\\/benin-bac-2024-les-dernieres-precisions-sur-le-retrait-des-convocations-les-candidats-libres-le-deroulement-des-epreuves-6.jpg\",\"articleSection\":[\"Soci\u00e9t\u00e9\"],\"inLanguage\":\"fr-FR\",\"potentialAction\":[{\"@type\":\"CommentAction\",\"name\":\"Comment\",\"target\":[\"https:\\\/\\\/lepatriotebenin.com\\\/index.php\\\/2024\\\/07\\\/08\\\/bac-2024-au-benin-la-premiere-deliberation-prevue-pour-cette-date\\\/#respond\"]}]},{\"@type\":\"WebPage\",\"@id\":\"https:\\\/\\\/lepatriotebenin.com\\\/index.php\\\/2024\\\/07\\\/08\\\/bac-2024-au-benin-la-premiere-deliberation-prevue-pour-cette-date\\\/\",\"url\":\"https:\\\/\\\/lepatriotebenin.com\\\/index.php\\\/2024\\\/07\\\/08\\\/bac-2024-au-benin-la-premiere-deliberation-prevue-pour-cette-date\\\/\",\"name\":\"BAC\u00a0 2024 au B\u00e9nin : \u00a0La premi\u00e8re d\u00e9lib\u00e9ration pr\u00e9vue pour cette date - Le Patriote\",\"isPartOf\":{\"@id\":\"https:\\\/\\\/lepatriotebenin.com\\\/#website\"},\"primaryImageOfPage\":{\"@id\":\"https:\\\/\\\/lepatriotebenin.com\\\/index.php\\\/2024\\\/07\\\/08\\\/bac-2024-au-benin-la-premiere-deliberation-prevue-pour-cette-date\\\/#primaryimage\"},\"image\":{\"@id\":\"https:\\\/\\\/lepatriotebenin.com\\\/index.php\\\/2024\\\/07\\\/08\\\/bac-2024-au-benin-la-premiere-deliberation-prevue-pour-cette-date\\\/#primaryimage\"},\"thumbnailUrl\":\"https:\\\/\\\/lepatriotebenin.com\\\/wp-content\\\/uploads\\\/2024\\\/07\\\/benin-bac-2024-les-dernieres-precisions-sur-le-retrait-des-convocations-les-candidats-libres-le-deroulement-des-epreuves-6.jpg\",\"datePublished\":\"2024-07-08T14:48:35+00:00\",\"dateModified\":\"2024-07-08T14:48:36+00:00\",\"author\":{\"@id\":\"https:\\\/\\\/lepatriotebenin.com\\\/#\\\/schema\\\/person\\\/4a9b67216c97d04045e01405c534c91f\"},\"breadcrumb\":{\"@id\":\"https:\\\/\\\/lepatriotebenin.com\\\/index.php\\\/2024\\\/07\\\/08\\\/bac-2024-au-benin-la-premiere-deliberation-prevue-pour-cette-date\\\/#breadcrumb\"},\"inLanguage\":\"fr-FR\",\"potentialAction\":[{\"@type\":\"ReadAction\",\"target\":[\"https:\\\/\\\/lepatriotebenin.com\\\/index.php\\\/2024\\\/07\\\/08\\\/bac-2024-au-benin-la-premiere-deliberation-prevue-pour-cette-date\\\/\"]}]},{\"@type\":\"ImageObject\",\"inLanguage\":\"fr-FR\",\"@id\":\"https:\\\/\\\/lepatriotebenin.com\\\/index.php\\\/2024\\\/07\\\/08\\\/bac-2024-au-benin-la-premiere-deliberation-prevue-pour-cette-date\\\/#primaryimage\",\"url\":\"https:\\\/\\\/lepatriotebenin.com\\\/wp-content\\\/uploads\\\/2024\\\/07\\\/benin-bac-2024-les-dernieres-precisions-sur-le-retrait-des-convocations-les-candidats-libres-le-deroulement-des-epreuves-6.jpg\",\"contentUrl\":\"https:\\\/\\\/lepatriotebenin.com\\\/wp-content\\\/uploads\\\/2024\\\/07\\\/benin-bac-2024-les-dernieres-precisions-sur-le-retrait-des-convocations-les-candidats-libres-le-deroulement-des-epreuves-6.jpg\",\"width\":489,\"height\":355},{\"@type\":\"BreadcrumbList\",\"@id\":\"https:\\\/\\\/lepatriotebenin.com\\\/index.php\\\/2024\\\/07\\\/08\\\/bac-2024-au-benin-la-premiere-deliberation-prevue-pour-cette-date\\\/#breadcrumb\",\"itemListElement\":[{\"@type\":\"ListItem\",\"position\":1,\"name\":\"Accueil\",\"item\":\"https:\\\/\\\/lepatriotebenin.com\\\/\"},{\"@type\":\"ListItem\",\"position\":2,\"name\":\"BAC\u00a0 2024 au B\u00e9nin : \u00a0La premi\u00e8re d\u00e9lib\u00e9ration pr\u00e9vue pour cette date\"}]},{\"@type\":\"WebSite\",\"@id\":\"https:\\\/\\\/lepatriotebenin.com\\\/#website\",\"url\":\"https:\\\/\\\/lepatriotebenin.com\\\/\",\"name\":\"Le Patriote\",\"description\":\"Le Patriote B\u00e9nin\",\"potentialAction\":[{\"@type\":\"SearchAction\",\"target\":{\"@type\":\"EntryPoint\",\"urlTemplate\":\"https:\\\/\\\/lepatriotebenin.com\\\/?s={search_term_string}\"},\"query-input\":{\"@type\":\"PropertyValueSpecification\",\"valueRequired\":true,\"valueName\":\"search_term_string\"}}],\"inLanguage\":\"fr-FR\"},{\"@type\":\"Person\",\"@id\":\"https:\\\/\\\/lepatriotebenin.com\\\/#\\\/schema\\\/person\\\/4a9b67216c97d04045e01405c534c91f\",\"name\":\"Roland AFFANOU\",\"image\":{\"@type\":\"ImageObject\",\"inLanguage\":\"fr-FR\",\"@id\":\"https:\\\/\\\/secure.gravatar.com\\\/avatar\\\/7209d3f6d2d47ea4d0c67e14d3effb61feb10ae540a4381280c66265de5bd643?s=96&d=mm&r=g\",\"url\":\"https:\\\/\\\/secure.gravatar.com\\\/avatar\\\/7209d3f6d2d47ea4d0c67e14d3effb61feb10ae540a4381280c66265de5bd643?s=96&d=mm&r=g\",\"contentUrl\":\"https:\\\/\\\/secure.gravatar.com\\\/avatar\\\/7209d3f6d2d47ea4d0c67e14d3effb61feb10ae540a4381280c66265de5bd643?s=96&d=mm&r=g\",\"caption\":\"Roland AFFANOU\"},\"url\":\"https:\\\/\\\/lepatriotebenin.com\"}]}<\/script>\n<!-- \/ Yoast SEO plugin. -->","yoast_head_json":{"title":"BAC\u00a0 2024 au B\u00e9nin : \u00a0La premi\u00e8re d\u00e9lib\u00e9ration pr\u00e9vue pour cette date - Le Patriote","robots":{"index":"index","follow":"follow","max-snippet":"max-snippet:-1","max-image-preview":"max-image-preview:large","max-video-preview":"max-video-preview:-1"},"canonical":"https:\/\/lepatriotebenin.com\/index.php\/2024\/07\/08\/bac-2024-au-benin-la-premiere-deliberation-prevue-pour-cette-date\/","og_locale":"fr_FR","og_type":"article","og_title":"BAC\u00a0 2024 au B\u00e9nin : \u00a0La premi\u00e8re d\u00e9lib\u00e9ration pr\u00e9vue pour cette date - Le Patriote","og_description":"Les candidats \u00e0 l\u2019examen du Baccalaur\u00e9at session de juin 2024 seront fix\u00e9s sur leur sort le mercredi 10 juillet 2024. Cette premi\u00e8re date de d\u00e9lib\u00e9ration a \u00e9t\u00e9 annonc\u00e9e par la&hellip;","og_url":"https:\/\/lepatriotebenin.com\/index.php\/2024\/07\/08\/bac-2024-au-benin-la-premiere-deliberation-prevue-pour-cette-date\/","og_site_name":"Le Patriote","article_published_time":"2024-07-08T14:48:35+00:00","article_modified_time":"2024-07-08T14:48:36+00:00","og_image":[{"width":489,"height":355,"url":"https:\/\/lepatriotebenin.com\/wp-content\/uploads\/2024\/07\/benin-bac-2024-les-dernieres-precisions-sur-le-retrait-des-convocations-les-candidats-libres-le-deroulement-des-epreuves-6.jpg","type":"image\/jpeg"}],"author":"Roland AFFANOU","twitter_card":"summary_large_image","twitter_misc":{"\u00c9crit par":"Roland AFFANOU","Dur\u00e9e de lecture estim\u00e9e":"1 minute"},"schema":{"@context":"https:\/\/schema.org","@graph":[{"@type":"Article","@id":"https:\/\/lepatriotebenin.com\/index.php\/2024\/07\/08\/bac-2024-au-benin-la-premiere-deliberation-prevue-pour-cette-date\/#article","isPartOf":{"@id":"https:\/\/lepatriotebenin.com\/index.php\/2024\/07\/08\/bac-2024-au-benin-la-premiere-deliberation-prevue-pour-cette-date\/"},"author":{"name":"Roland AFFANOU","@id":"https:\/\/lepatriotebenin.com\/#\/schema\/person\/4a9b67216c97d04045e01405c534c91f"},"headline":"BAC\u00a0 2024 au B\u00e9nin : \u00a0La premi\u00e8re d\u00e9lib\u00e9ration pr\u00e9vue pour cette date","datePublished":"2024-07-08T14:48:35+00:00","dateModified":"2024-07-08T14:48:36+00:00","mainEntityOfPage":{"@id":"https:\/\/lepatriotebenin.com\/index.php\/2024\/07\/08\/bac-2024-au-benin-la-premiere-deliberation-prevue-pour-cette-date\/"},"wordCount":178,"commentCount":0,"image":{"@id":"https:\/\/lepatriotebenin.com\/index.php\/2024\/07\/08\/bac-2024-au-benin-la-premiere-deliberation-prevue-pour-cette-date\/#primaryimage"},"thumbnailUrl":"https:\/\/lepatriotebenin.com\/wp-content\/uploads\/2024\/07\/benin-bac-2024-les-dernieres-precisions-sur-le-retrait-des-convocations-les-candidats-libres-le-deroulement-des-epreuves-6.jpg","articleSection":["Soci\u00e9t\u00e9"],"inLanguage":"fr-FR","potentialAction":[{"@type":"CommentAction","name":"Comment","target":["https:\/\/lepatriotebenin.com\/index.php\/2024\/07\/08\/bac-2024-au-benin-la-premiere-deliberation-prevue-pour-cette-date\/#respond"]}]},{"@type":"WebPage","@id":"https:\/\/lepatriotebenin.com\/index.php\/2024\/07\/08\/bac-2024-au-benin-la-premiere-deliberation-prevue-pour-cette-date\/","url":"https:\/\/lepatriotebenin.com\/index.php\/2024\/07\/08\/bac-2024-au-benin-la-premiere-deliberation-prevue-pour-cette-date\/","name":"BAC\u00a0 2024 au B\u00e9nin : \u00a0La premi\u00e8re d\u00e9lib\u00e9ration pr\u00e9vue pour cette date - Le Patriote","isPartOf":{"@id":"https:\/\/lepatriotebenin.com\/#website"},"primaryImageOfPage":{"@id":"https:\/\/lepatriotebenin.com\/index.php\/2024\/07\/08\/bac-2024-au-benin-la-premiere-deliberation-prevue-pour-cette-date\/#primaryimage"},"image":{"@id":"https:\/\/lepatriotebenin.com\/index.php\/2024\/07\/08\/bac-2024-au-benin-la-premiere-deliberation-prevue-pour-cette-date\/#primaryimage"},"thumbnailUrl":"https:\/\/lepatriotebenin.com\/wp-content\/uploads\/2024\/07\/benin-bac-2024-les-dernieres-precisions-sur-le-retrait-des-convocations-les-candidats-libres-le-deroulement-des-epreuves-6.jpg","datePublished":"2024-07-08T14:48:35+00:00","dateModified":"2024-07-08T14:48:36+00:00","author":{"@id":"https:\/\/lepatriotebenin.com\/#\/schema\/person\/4a9b67216c97d04045e01405c534c91f"},"breadcrumb":{"@id":"https:\/\/lepatriotebenin.com\/index.php\/2024\/07\/08\/bac-2024-au-benin-la-premiere-deliberation-prevue-pour-cette-date\/#breadcrumb"},"inLanguage":"fr-FR","potentialAction":[{"@type":"ReadAction","target":["https:\/\/lepatriotebenin.com\/index.php\/2024\/07\/08\/bac-2024-au-benin-la-premiere-deliberation-prevue-pour-cette-date\/"]}]},{"@type":"ImageObject","inLanguage":"fr-FR","@id":"https:\/\/lepatriotebenin.com\/index.php\/2024\/07\/08\/bac-2024-au-benin-la-premiere-deliberation-prevue-pour-cette-date\/#primaryimage","url":"https:\/\/lepatriotebenin.com\/wp-content\/uploads\/2024\/07\/benin-bac-2024-les-dernieres-precisions-sur-le-retrait-des-convocations-les-candidats-libres-le-deroulement-des-epreuves-6.jpg","contentUrl":"https:\/\/lepatriotebenin.com\/wp-content\/uploads\/2024\/07\/benin-bac-2024-les-dernieres-precisions-sur-le-retrait-des-convocations-les-candidats-libres-le-deroulement-des-epreuves-6.jpg","width":489,"height":355},{"@type":"BreadcrumbList","@id":"https:\/\/lepatriotebenin.com\/index.php\/2024\/07\/08\/bac-2024-au-benin-la-premiere-deliberation-prevue-pour-cette-date\/#breadcrumb","itemListElement":[{"@type":"ListItem","position":1,"name":"Accueil","item":"https:\/\/lepatriotebenin.com\/"},{"@type":"ListItem","position":2,"name":"BAC\u00a0 2024 au B\u00e9nin : \u00a0La premi\u00e8re d\u00e9lib\u00e9ration pr\u00e9vue pour cette date"}]},{"@type":"WebSite","@id":"https:\/\/lepatriotebenin.com\/#website","url":"https:\/\/lepatriotebenin.com\/","name":"Le Patriote","description":"Le Patriote B\u00e9nin","potentialAction":[{"@type":"SearchAction","target":{"@type":"EntryPoint","urlTemplate":"https:\/\/lepatriotebenin.com\/?s={search_term_string}"},"query-input":{"@type":"PropertyValueSpecification","valueRequired":true,"valueName":"search_term_string"}}],"inLanguage":"fr-FR"},{"@type":"Person","@id":"https:\/\/lepatriotebenin.com\/#\/schema\/person\/4a9b67216c97d04045e01405c534c91f","name":"Roland AFFANOU","image":{"@type":"ImageObject","inLanguage":"fr-FR","@id":"https:\/\/secure.gravatar.com\/avatar\/7209d3f6d2d47ea4d0c67e14d3effb61feb10ae540a4381280c66265de5bd643?s=96&d=mm&r=g","url":"https:\/\/secure.gravatar.com\/avatar\/7209d3f6d2d47ea4d0c67e14d3effb61feb10ae540a4381280c66265de5bd643?s=96&d=mm&r=g","contentUrl":"https:\/\/secure.gravatar.com\/avatar\/7209d3f6d2d47ea4d0c67e14d3effb61feb10ae540a4381280c66265de5bd643?s=96&d=mm&r=g","caption":"Roland AFFANOU"},"url":"https:\/\/lepatriotebenin.com"}]}},"_links":{"self":[{"href":"https:\/\/lepatriotebenin.com\/index.php\/wp-json\/wp\/v2\/posts\/6512","targetHints":{"allow":["GET"]}}],"collection":[{"href":"https:\/\/lepatriotebenin.com\/index.php\/wp-json\/wp\/v2\/posts"}],"about":[{"href":"https:\/\/lepatriotebenin.com\/index.php\/wp-json\/wp\/v2\/types\/post"}],"author":[{"embeddable":true,"href":"https:\/\/lepatriotebenin.com\/index.php\/wp-json\/wp\/v2\/users\/6"}],"replies":[{"embeddable":true,"href":"https:\/\/lepatriotebenin.com\/index.php\/wp-json\/wp\/v2\/comments?post=6512"}],"version-history":[{"count":1,"href":"https:\/\/lepatriotebenin.com\/index.php\/wp-json\/wp\/v2\/posts\/6512\/revisions"}],"predecessor-version":[{"id":6514,"href":"https:\/\/lepatriotebenin.com\/index.php\/wp-json\/wp\/v2\/posts\/6512\/revisions\/6514"}],"wp:featuredmedia":[{"embeddable":true,"href":"https:\/\/lepatriotebenin.com\/index.php\/wp-json\/wp\/v2\/media\/6513"}],"wp:attachment":[{"href":"https:\/\/lepatriotebenin.com\/index.php\/wp-json\/wp\/v2\/media?parent=6512"}],"wp:term":[{"taxonomy":"category","embeddable":true,"href":"https:\/\/lepatriotebenin.com\/index.php\/wp-json\/wp\/v2\/categories?post=6512"},{"taxonomy":"post_tag","embeddable":true,"href":"https:\/\/lepatriotebenin.com\/index.php\/wp-json\/wp\/v2\/tags?post=6512"}],"curies":[{"name":"wp","href":"https:\/\/api.w.org\/{rel}","templated":true}]}}