{"id":6508,"date":"2024-07-08T16:45:12","date_gmt":"2024-07-08T14:45:12","guid":{"rendered":"https:\/\/lepatriotebenin.com\/?p=6508"},"modified":"2024-07-08T16:45:13","modified_gmt":"2024-07-08T14:45:13","slug":"presidence-de-la-cedeao-tinubu-triomphe-sans-gloire","status":"publish","type":"post","link":"https:\/\/lepatriotebenin.com\/index.php\/2024\/07\/08\/presidence-de-la-cedeao-tinubu-triomphe-sans-gloire\/","title":{"rendered":"Pr\u00e9sidence de la CEDEAO \u00a0: Tinubu triomphe sans gloire"},"content":{"rendered":"\n<p>Le pr\u00e9sident nig\u00e9rian va encore diriger la Communaut\u00e9 \u00c9conomique des \u00c9tats de l&rsquo;Afrique de l&rsquo;Ouest (CEDEAO) pendant un an. C&rsquo;est l&rsquo;une des d\u00e9cisions phares de la 65e session ordinaire de l\u2019Autorit\u00e9 des chefs d\u2019\u00c9tat et de gouvernement de la CEDEAO qui se d\u00e9roule actuellement \u00e0 Abuja. En effet, le pr\u00e9sident en exercice de la Communaut\u00e9 \u00e9conomique des \u00c9tats de l\u2019Afrique de l\u2019Ouest (CEDEAO), <strong>Bola Tinubu a<\/strong> \u00e9t\u00e9 r\u00e9\u00e9lu \u00e0 la t\u00eate de l\u2019organisation sous-r\u00e9gionale environ un an apr\u00e8s avoir pris la direction du bloc r\u00e9gional.<\/p>\n\n\n\n<p>Malgr\u00e9 un bilan d\u00e9cevant et en l&rsquo;absence d&rsquo;un candidat potentiel, le dirigeant nig\u00e9rian arriv\u00e9 au pouvoir en mai 2023 a \u00e9t\u00e9 r\u00e9\u00e9lu \u00e0 la pr\u00e9sidence de la CEDEAO lors de la r\u00e9union par ses pairs.<\/p>\n\n\n\n<p>Il faut souligner que cette 65e session de la CEDEAO se poursuit toujours \u00e0 la Villa pr\u00e9sidentielle \u00e0 Abuja en l&rsquo;absence des pr\u00e9sidents du B\u00e9nin, du Togo et de la C\u00f4te d&rsquo;Ivoire. Dans le cadre de ce sommet, plusieurs autres d\u00e9cisions sont attendues.<\/p>\n\n\n\n<p>Gildas AHOGNI<\/p>\n","protected":false},"excerpt":{"rendered":"<p>Le pr\u00e9sident nig\u00e9rian va encore diriger la Communaut\u00e9 \u00c9conomique des \u00c9tats de l&rsquo;Afrique de l&rsquo;Ouest (CEDEAO) pendant un an. C&rsquo;est l&rsquo;une des d\u00e9cisions phares de la 65e session ordinaire de&hellip;<\/p>\n","protected":false},"author":5,"featured_media":6510,"comment_status":"open","ping_status":"open","sticky":false,"template":"","format":"standard","meta":{"content-type":"","om_disable_all_campaigns":false,"_monsterinsights_skip_tracking":false,"_monsterinsights_sitenote_active":false,"_monsterinsights_sitenote_note":"","_monsterinsights_sitenote_category":0,"_uf_show_specific_survey":0,"_uf_disable_surveys":false,"footnotes":""},"categories":[9],"tags":[],"class_list":["post-6508","post","type-post","status-publish","format-standard","has-post-thumbnail","hentry","category-uncategorized"],"aioseo_notices":[],"yoast_head":"<!-- This site is optimized with the Yoast SEO plugin v27.5 - https:\/\/yoast.com\/product\/yoast-seo-wordpress\/ -->\n<title>Pr\u00e9sidence de la CEDEAO \u00a0: Tinubu triomphe sans gloire - Le Patriote<\/title>\n<meta name=\"robots\" content=\"index, follow, max-snippet:-1, max-image-preview:large, max-video-preview:-1\" \/>\n<link rel=\"canonical\" href=\"https:\/\/lepatriotebenin.com\/index.php\/2024\/07\/08\/presidence-de-la-cedeao-tinubu-triomphe-sans-gloire\/\" \/>\n<meta property=\"og:locale\" content=\"fr_FR\" \/>\n<meta property=\"og:type\" content=\"article\" \/>\n<meta property=\"og:title\" content=\"Pr\u00e9sidence de la CEDEAO \u00a0: Tinubu triomphe sans gloire - Le Patriote\" \/>\n<meta property=\"og:description\" content=\"Le pr\u00e9sident nig\u00e9rian va encore diriger la Communaut\u00e9 \u00c9conomique des \u00c9tats de l&rsquo;Afrique de l&rsquo;Ouest (CEDEAO) pendant un an. C&rsquo;est l&rsquo;une des d\u00e9cisions phares de la 65e session ordinaire de&hellip;\" \/>\n<meta property=\"og:url\" content=\"https:\/\/lepatriotebenin.com\/index.php\/2024\/07\/08\/presidence-de-la-cedeao-tinubu-triomphe-sans-gloire\/\" \/>\n<meta property=\"og:site_name\" content=\"Le Patriote\" \/>\n<meta property=\"article:published_time\" content=\"2024-07-08T14:45:12+00:00\" \/>\n<meta property=\"article:modified_time\" content=\"2024-07-08T14:45:13+00:00\" \/>\n<meta property=\"og:image\" content=\"https:\/\/lepatriotebenin.com\/wp-content\/uploads\/2024\/07\/bola.jpg\" \/>\n\t<meta property=\"og:image:width\" content=\"612\" \/>\n\t<meta property=\"og:image:height\" content=\"408\" \/>\n\t<meta property=\"og:image:type\" content=\"image\/jpeg\" \/>\n<meta name=\"author\" content=\"Redaction\" \/>\n<meta name=\"twitter:card\" content=\"summary_large_image\" \/>\n<meta name=\"twitter:label1\" content=\"\u00c9crit par\" \/>\n\t<meta name=\"twitter:data1\" content=\"Redaction\" \/>\n\t<meta name=\"twitter:label2\" content=\"Dur\u00e9e de lecture estim\u00e9e\" \/>\n\t<meta name=\"twitter:data2\" content=\"1 minute\" \/>\n<script type=\"application\/ld+json\" class=\"yoast-schema-graph\">{\"@context\":\"https:\\\/\\\/schema.org\",\"@graph\":[{\"@type\":\"Article\",\"@id\":\"https:\\\/\\\/lepatriotebenin.com\\\/index.php\\\/2024\\\/07\\\/08\\\/presidence-de-la-cedeao-tinubu-triomphe-sans-gloire\\\/#article\",\"isPartOf\":{\"@id\":\"https:\\\/\\\/lepatriotebenin.com\\\/index.php\\\/2024\\\/07\\\/08\\\/presidence-de-la-cedeao-tinubu-triomphe-sans-gloire\\\/\"},\"author\":{\"name\":\"Redaction\",\"@id\":\"https:\\\/\\\/lepatriotebenin.com\\\/#\\\/schema\\\/person\\\/2e7709b9c9cc313e452d1136af61690f\"},\"headline\":\"Pr\u00e9sidence de la CEDEAO \u00a0: Tinubu triomphe sans gloire\",\"datePublished\":\"2024-07-08T14:45:12+00:00\",\"dateModified\":\"2024-07-08T14:45:13+00:00\",\"mainEntityOfPage\":{\"@id\":\"https:\\\/\\\/lepatriotebenin.com\\\/index.php\\\/2024\\\/07\\\/08\\\/presidence-de-la-cedeao-tinubu-triomphe-sans-gloire\\\/\"},\"wordCount\":201,\"commentCount\":0,\"image\":{\"@id\":\"https:\\\/\\\/lepatriotebenin.com\\\/index.php\\\/2024\\\/07\\\/08\\\/presidence-de-la-cedeao-tinubu-triomphe-sans-gloire\\\/#primaryimage\"},\"thumbnailUrl\":\"https:\\\/\\\/lepatriotebenin.com\\\/wp-content\\\/uploads\\\/2024\\\/07\\\/bola.jpg\",\"articleSection\":[\"Uncategorized\"],\"inLanguage\":\"fr-FR\",\"potentialAction\":[{\"@type\":\"CommentAction\",\"name\":\"Comment\",\"target\":[\"https:\\\/\\\/lepatriotebenin.com\\\/index.php\\\/2024\\\/07\\\/08\\\/presidence-de-la-cedeao-tinubu-triomphe-sans-gloire\\\/#respond\"]}]},{\"@type\":\"WebPage\",\"@id\":\"https:\\\/\\\/lepatriotebenin.com\\\/index.php\\\/2024\\\/07\\\/08\\\/presidence-de-la-cedeao-tinubu-triomphe-sans-gloire\\\/\",\"url\":\"https:\\\/\\\/lepatriotebenin.com\\\/index.php\\\/2024\\\/07\\\/08\\\/presidence-de-la-cedeao-tinubu-triomphe-sans-gloire\\\/\",\"name\":\"Pr\u00e9sidence de la CEDEAO \u00a0: Tinubu triomphe sans gloire - Le Patriote\",\"isPartOf\":{\"@id\":\"https:\\\/\\\/lepatriotebenin.com\\\/#website\"},\"primaryImageOfPage\":{\"@id\":\"https:\\\/\\\/lepatriotebenin.com\\\/index.php\\\/2024\\\/07\\\/08\\\/presidence-de-la-cedeao-tinubu-triomphe-sans-gloire\\\/#primaryimage\"},\"image\":{\"@id\":\"https:\\\/\\\/lepatriotebenin.com\\\/index.php\\\/2024\\\/07\\\/08\\\/presidence-de-la-cedeao-tinubu-triomphe-sans-gloire\\\/#primaryimage\"},\"thumbnailUrl\":\"https:\\\/\\\/lepatriotebenin.com\\\/wp-content\\\/uploads\\\/2024\\\/07\\\/bola.jpg\",\"datePublished\":\"2024-07-08T14:45:12+00:00\",\"dateModified\":\"2024-07-08T14:45:13+00:00\",\"author\":{\"@id\":\"https:\\\/\\\/lepatriotebenin.com\\\/#\\\/schema\\\/person\\\/2e7709b9c9cc313e452d1136af61690f\"},\"breadcrumb\":{\"@id\":\"https:\\\/\\\/lepatriotebenin.com\\\/index.php\\\/2024\\\/07\\\/08\\\/presidence-de-la-cedeao-tinubu-triomphe-sans-gloire\\\/#breadcrumb\"},\"inLanguage\":\"fr-FR\",\"potentialAction\":[{\"@type\":\"ReadAction\",\"target\":[\"https:\\\/\\\/lepatriotebenin.com\\\/index.php\\\/2024\\\/07\\\/08\\\/presidence-de-la-cedeao-tinubu-triomphe-sans-gloire\\\/\"]}]},{\"@type\":\"ImageObject\",\"inLanguage\":\"fr-FR\",\"@id\":\"https:\\\/\\\/lepatriotebenin.com\\\/index.php\\\/2024\\\/07\\\/08\\\/presidence-de-la-cedeao-tinubu-triomphe-sans-gloire\\\/#primaryimage\",\"url\":\"https:\\\/\\\/lepatriotebenin.com\\\/wp-content\\\/uploads\\\/2024\\\/07\\\/bola.jpg\",\"contentUrl\":\"https:\\\/\\\/lepatriotebenin.com\\\/wp-content\\\/uploads\\\/2024\\\/07\\\/bola.jpg\",\"width\":612,\"height\":408,\"caption\":\"Ruling party candidate Bola Tinubu, addresses supporters in Abuja on March 1, 2023 during celebrations at his campaign headquarters. - Ruling party candidate Bola Tinubu won Nigeria's highly disputed weekend election, electoral authorities said on Wednesday, securing the former Lagos governor the presidency of Africa's most populous democracy. With President Muhammadu Buhari stepping down after two terms, many Nigerians hoped Saturday's vote would usher in a leader capable of tackling the country's widening insecurity, economic malaise and growing poverty. (Photo by Kola SULAIMON \\\/ AFP) (Photo by KOLA SULAIMON\\\/AFP via Getty Images)\"},{\"@type\":\"BreadcrumbList\",\"@id\":\"https:\\\/\\\/lepatriotebenin.com\\\/index.php\\\/2024\\\/07\\\/08\\\/presidence-de-la-cedeao-tinubu-triomphe-sans-gloire\\\/#breadcrumb\",\"itemListElement\":[{\"@type\":\"ListItem\",\"position\":1,\"name\":\"Accueil\",\"item\":\"https:\\\/\\\/lepatriotebenin.com\\\/\"},{\"@type\":\"ListItem\",\"position\":2,\"name\":\"Pr\u00e9sidence de la CEDEAO \u00a0: Tinubu triomphe sans gloire\"}]},{\"@type\":\"WebSite\",\"@id\":\"https:\\\/\\\/lepatriotebenin.com\\\/#website\",\"url\":\"https:\\\/\\\/lepatriotebenin.com\\\/\",\"name\":\"Le Patriote\",\"description\":\"Le Patriote B\u00e9nin\",\"potentialAction\":[{\"@type\":\"SearchAction\",\"target\":{\"@type\":\"EntryPoint\",\"urlTemplate\":\"https:\\\/\\\/lepatriotebenin.com\\\/?s={search_term_string}\"},\"query-input\":{\"@type\":\"PropertyValueSpecification\",\"valueRequired\":true,\"valueName\":\"search_term_string\"}}],\"inLanguage\":\"fr-FR\"},{\"@type\":\"Person\",\"@id\":\"https:\\\/\\\/lepatriotebenin.com\\\/#\\\/schema\\\/person\\\/2e7709b9c9cc313e452d1136af61690f\",\"name\":\"Redaction\",\"image\":{\"@type\":\"ImageObject\",\"inLanguage\":\"fr-FR\",\"@id\":\"https:\\\/\\\/secure.gravatar.com\\\/avatar\\\/c4c509357859ea2ca2cbb6d8812898a73e4ef1ef9934c2e591d7e32face734d1?s=96&d=mm&r=g\",\"url\":\"https:\\\/\\\/secure.gravatar.com\\\/avatar\\\/c4c509357859ea2ca2cbb6d8812898a73e4ef1ef9934c2e591d7e32face734d1?s=96&d=mm&r=g\",\"contentUrl\":\"https:\\\/\\\/secure.gravatar.com\\\/avatar\\\/c4c509357859ea2ca2cbb6d8812898a73e4ef1ef9934c2e591d7e32face734d1?s=96&d=mm&r=g\",\"caption\":\"Redaction\"},\"url\":\"https:\\\/\\\/lepatriotebenin.com\"}]}<\/script>\n<!-- \/ Yoast SEO plugin. -->","yoast_head_json":{"title":"Pr\u00e9sidence de la CEDEAO \u00a0: Tinubu triomphe sans gloire - Le Patriote","robots":{"index":"index","follow":"follow","max-snippet":"max-snippet:-1","max-image-preview":"max-image-preview:large","max-video-preview":"max-video-preview:-1"},"canonical":"https:\/\/lepatriotebenin.com\/index.php\/2024\/07\/08\/presidence-de-la-cedeao-tinubu-triomphe-sans-gloire\/","og_locale":"fr_FR","og_type":"article","og_title":"Pr\u00e9sidence de la CEDEAO \u00a0: Tinubu triomphe sans gloire - Le Patriote","og_description":"Le pr\u00e9sident nig\u00e9rian va encore diriger la Communaut\u00e9 \u00c9conomique des \u00c9tats de l&rsquo;Afrique de l&rsquo;Ouest (CEDEAO) pendant un an. C&rsquo;est l&rsquo;une des d\u00e9cisions phares de la 65e session ordinaire de&hellip;","og_url":"https:\/\/lepatriotebenin.com\/index.php\/2024\/07\/08\/presidence-de-la-cedeao-tinubu-triomphe-sans-gloire\/","og_site_name":"Le Patriote","article_published_time":"2024-07-08T14:45:12+00:00","article_modified_time":"2024-07-08T14:45:13+00:00","og_image":[{"width":612,"height":408,"url":"https:\/\/lepatriotebenin.com\/wp-content\/uploads\/2024\/07\/bola.jpg","type":"image\/jpeg"}],"author":"Redaction","twitter_card":"summary_large_image","twitter_misc":{"\u00c9crit par":"Redaction","Dur\u00e9e de lecture estim\u00e9e":"1 minute"},"schema":{"@context":"https:\/\/schema.org","@graph":[{"@type":"Article","@id":"https:\/\/lepatriotebenin.com\/index.php\/2024\/07\/08\/presidence-de-la-cedeao-tinubu-triomphe-sans-gloire\/#article","isPartOf":{"@id":"https:\/\/lepatriotebenin.com\/index.php\/2024\/07\/08\/presidence-de-la-cedeao-tinubu-triomphe-sans-gloire\/"},"author":{"name":"Redaction","@id":"https:\/\/lepatriotebenin.com\/#\/schema\/person\/2e7709b9c9cc313e452d1136af61690f"},"headline":"Pr\u00e9sidence de la CEDEAO \u00a0: Tinubu triomphe sans gloire","datePublished":"2024-07-08T14:45:12+00:00","dateModified":"2024-07-08T14:45:13+00:00","mainEntityOfPage":{"@id":"https:\/\/lepatriotebenin.com\/index.php\/2024\/07\/08\/presidence-de-la-cedeao-tinubu-triomphe-sans-gloire\/"},"wordCount":201,"commentCount":0,"image":{"@id":"https:\/\/lepatriotebenin.com\/index.php\/2024\/07\/08\/presidence-de-la-cedeao-tinubu-triomphe-sans-gloire\/#primaryimage"},"thumbnailUrl":"https:\/\/lepatriotebenin.com\/wp-content\/uploads\/2024\/07\/bola.jpg","articleSection":["Uncategorized"],"inLanguage":"fr-FR","potentialAction":[{"@type":"CommentAction","name":"Comment","target":["https:\/\/lepatriotebenin.com\/index.php\/2024\/07\/08\/presidence-de-la-cedeao-tinubu-triomphe-sans-gloire\/#respond"]}]},{"@type":"WebPage","@id":"https:\/\/lepatriotebenin.com\/index.php\/2024\/07\/08\/presidence-de-la-cedeao-tinubu-triomphe-sans-gloire\/","url":"https:\/\/lepatriotebenin.com\/index.php\/2024\/07\/08\/presidence-de-la-cedeao-tinubu-triomphe-sans-gloire\/","name":"Pr\u00e9sidence de la CEDEAO \u00a0: Tinubu triomphe sans gloire - Le Patriote","isPartOf":{"@id":"https:\/\/lepatriotebenin.com\/#website"},"primaryImageOfPage":{"@id":"https:\/\/lepatriotebenin.com\/index.php\/2024\/07\/08\/presidence-de-la-cedeao-tinubu-triomphe-sans-gloire\/#primaryimage"},"image":{"@id":"https:\/\/lepatriotebenin.com\/index.php\/2024\/07\/08\/presidence-de-la-cedeao-tinubu-triomphe-sans-gloire\/#primaryimage"},"thumbnailUrl":"https:\/\/lepatriotebenin.com\/wp-content\/uploads\/2024\/07\/bola.jpg","datePublished":"2024-07-08T14:45:12+00:00","dateModified":"2024-07-08T14:45:13+00:00","author":{"@id":"https:\/\/lepatriotebenin.com\/#\/schema\/person\/2e7709b9c9cc313e452d1136af61690f"},"breadcrumb":{"@id":"https:\/\/lepatriotebenin.com\/index.php\/2024\/07\/08\/presidence-de-la-cedeao-tinubu-triomphe-sans-gloire\/#breadcrumb"},"inLanguage":"fr-FR","potentialAction":[{"@type":"ReadAction","target":["https:\/\/lepatriotebenin.com\/index.php\/2024\/07\/08\/presidence-de-la-cedeao-tinubu-triomphe-sans-gloire\/"]}]},{"@type":"ImageObject","inLanguage":"fr-FR","@id":"https:\/\/lepatriotebenin.com\/index.php\/2024\/07\/08\/presidence-de-la-cedeao-tinubu-triomphe-sans-gloire\/#primaryimage","url":"https:\/\/lepatriotebenin.com\/wp-content\/uploads\/2024\/07\/bola.jpg","contentUrl":"https:\/\/lepatriotebenin.com\/wp-content\/uploads\/2024\/07\/bola.jpg","width":612,"height":408,"caption":"Ruling party candidate Bola Tinubu, addresses supporters in Abuja on March 1, 2023 during celebrations at his campaign headquarters. - Ruling party candidate Bola Tinubu won Nigeria's highly disputed weekend election, electoral authorities said on Wednesday, securing the former Lagos governor the presidency of Africa's most populous democracy. With President Muhammadu Buhari stepping down after two terms, many Nigerians hoped Saturday's vote would usher in a leader capable of tackling the country's widening insecurity, economic malaise and growing poverty. (Photo by Kola SULAIMON \/ AFP) (Photo by KOLA SULAIMON\/AFP via Getty Images)"},{"@type":"BreadcrumbList","@id":"https:\/\/lepatriotebenin.com\/index.php\/2024\/07\/08\/presidence-de-la-cedeao-tinubu-triomphe-sans-gloire\/#breadcrumb","itemListElement":[{"@type":"ListItem","position":1,"name":"Accueil","item":"https:\/\/lepatriotebenin.com\/"},{"@type":"ListItem","position":2,"name":"Pr\u00e9sidence de la CEDEAO \u00a0: Tinubu triomphe sans gloire"}]},{"@type":"WebSite","@id":"https:\/\/lepatriotebenin.com\/#website","url":"https:\/\/lepatriotebenin.com\/","name":"Le Patriote","description":"Le Patriote B\u00e9nin","potentialAction":[{"@type":"SearchAction","target":{"@type":"EntryPoint","urlTemplate":"https:\/\/lepatriotebenin.com\/?s={search_term_string}"},"query-input":{"@type":"PropertyValueSpecification","valueRequired":true,"valueName":"search_term_string"}}],"inLanguage":"fr-FR"},{"@type":"Person","@id":"https:\/\/lepatriotebenin.com\/#\/schema\/person\/2e7709b9c9cc313e452d1136af61690f","name":"Redaction","image":{"@type":"ImageObject","inLanguage":"fr-FR","@id":"https:\/\/secure.gravatar.com\/avatar\/c4c509357859ea2ca2cbb6d8812898a73e4ef1ef9934c2e591d7e32face734d1?s=96&d=mm&r=g","url":"https:\/\/secure.gravatar.com\/avatar\/c4c509357859ea2ca2cbb6d8812898a73e4ef1ef9934c2e591d7e32face734d1?s=96&d=mm&r=g","contentUrl":"https:\/\/secure.gravatar.com\/avatar\/c4c509357859ea2ca2cbb6d8812898a73e4ef1ef9934c2e591d7e32face734d1?s=96&d=mm&r=g","caption":"Redaction"},"url":"https:\/\/lepatriotebenin.com"}]}},"_links":{"self":[{"href":"https:\/\/lepatriotebenin.com\/index.php\/wp-json\/wp\/v2\/posts\/6508","targetHints":{"allow":["GET"]}}],"collection":[{"href":"https:\/\/lepatriotebenin.com\/index.php\/wp-json\/wp\/v2\/posts"}],"about":[{"href":"https:\/\/lepatriotebenin.com\/index.php\/wp-json\/wp\/v2\/types\/post"}],"author":[{"embeddable":true,"href":"https:\/\/lepatriotebenin.com\/index.php\/wp-json\/wp\/v2\/users\/5"}],"replies":[{"embeddable":true,"href":"https:\/\/lepatriotebenin.com\/index.php\/wp-json\/wp\/v2\/comments?post=6508"}],"version-history":[{"count":1,"href":"https:\/\/lepatriotebenin.com\/index.php\/wp-json\/wp\/v2\/posts\/6508\/revisions"}],"predecessor-version":[{"id":6511,"href":"https:\/\/lepatriotebenin.com\/index.php\/wp-json\/wp\/v2\/posts\/6508\/revisions\/6511"}],"wp:featuredmedia":[{"embeddable":true,"href":"https:\/\/lepatriotebenin.com\/index.php\/wp-json\/wp\/v2\/media\/6510"}],"wp:attachment":[{"href":"https:\/\/lepatriotebenin.com\/index.php\/wp-json\/wp\/v2\/media?parent=6508"}],"wp:term":[{"taxonomy":"category","embeddable":true,"href":"https:\/\/lepatriotebenin.com\/index.php\/wp-json\/wp\/v2\/categories?post=6508"},{"taxonomy":"post_tag","embeddable":true,"href":"https:\/\/lepatriotebenin.com\/index.php\/wp-json\/wp\/v2\/tags?post=6508"}],"curies":[{"name":"wp","href":"https:\/\/api.w.org\/{rel}","templated":true}]}}