{"id":6505,"date":"2024-07-08T16:40:23","date_gmt":"2024-07-08T14:40:23","guid":{"rendered":"https:\/\/lepatriotebenin.com\/?p=6505"},"modified":"2024-07-08T16:40:24","modified_gmt":"2024-07-08T14:40:24","slug":"vague-de-demission-au-sein-de-lup-r-porto-novo-romaric-soton-tient-toujours-ferme","status":"publish","type":"post","link":"https:\/\/lepatriotebenin.com\/index.php\/2024\/07\/08\/vague-de-demission-au-sein-de-lup-r-porto-novo-romaric-soton-tient-toujours-ferme\/","title":{"rendered":"Vague de d\u00e9mission au sein de l&rsquo;UP-R Porto-Novo: Romaric Soton tient toujours ferme"},"content":{"rendered":"\n<p>\u00c0 l&rsquo;instar des onze autres d\u00e9partements, l&rsquo;Ou\u00e9m\u00e9 vit des heures de turbulences politiques dans le parti de l&rsquo;Union Progressiste le Renouveau. L&rsquo;ombre que procure le feuillage du g\u00e9ant baobab dans la ville capitale ne rassure plus. Apr\u00e8s les \u00e9chauffour\u00e9es comptant pour la vague de d\u00e9mission des militants UP-R de Porto-Novo avec \u00e0 leur t\u00eate <strong>Romaric Soton,<\/strong> porte-parole des d\u00e9missionnaires et auteur politique, les choses se pr\u00e9cisent et les nouvelles ne sont pas bonnes pour l&rsquo;actuelle mandature de l&rsquo;h\u00f4tel de ville de Porto-Novo.<\/p>\n\n\n\n<p>Pr\u00e9sent sur l&rsquo;\u00e9mission <strong>\u00ab\u00a0Expression directe\u00a0\u00bb<\/strong> de<strong> Gerdes FM <\/strong> le <strong>dimanche,07 juillet 2024<\/strong>,  Romaric Soton, puisque c&rsquo;est de lui qu&rsquo;il s&rsquo;agit, mesure bien les cons\u00e9quences de cet grand acte. Quelle est l&rsquo;opportunit\u00e9 de cette d\u00e9mission, la cause et la prochaine destination apr\u00e8s la d\u00e9mission, Romaric et ses pairs ont trouv\u00e9 la juste trajectoire.<\/p>\n\n\n\n<p>\u00ab\u00a0&#8230; <em>\u00c7a doit se passer cette d\u00e9mission quand vous vous trouvez dans un parti qui est sens\u00e9 faire le jeu d\u00e9mocratique et qui malheureusement fait feu de tout bois pour marginaliser la jeunesse \u00ab\u00a0<\/em> a commenc\u00e9 Romaric Soton. Pour lui apr\u00e8s autant d&rsquo;ann\u00e9es de fid\u00e9lit\u00e9 et de loyaux services au parti, le mieux serait de chercher ailleurs. Aussi, dit-il ne pas partager le mode de gestion des militants du parti de l&rsquo;Union Progressiste le Renouveau (UP-R). <em>\u00a0\u00bb Mes pairs et moi ne partageons pas les prises d\u00e9cisions par le sommet, lesquelles sont impos\u00e9es aux militants \u00e0 la base<\/em>\u00a0\u00bb a-t-il soutenu<\/p>\n\n\n\n<p>Quant \u00e0 la prochaine destination, faut-il le rappeler, Romaric Soton avait parcouru les contr\u00e9es du B\u00e9nin au profit de la r\u00e9\u00e9lection de Patrice Talon \u00e0 travers le label \u00ab\u00a0T<em>alon Caution 2021 (TC21)\u00a0\u00bb.<\/em> Ainsi, il n&rsquo;a pas ni\u00e9 son appartenance aux id\u00e9aux de l&rsquo;actuel gouvernement.<\/p>\n\n\n\n<p><strong>Junior Hounsa<\/strong><\/p>\n","protected":false},"excerpt":{"rendered":"<p>\u00c0 l&rsquo;instar des onze autres d\u00e9partements, l&rsquo;Ou\u00e9m\u00e9 vit des heures de turbulences politiques dans le parti de l&rsquo;Union Progressiste le Renouveau. L&rsquo;ombre que procure le feuillage du g\u00e9ant baobab dans&hellip;<\/p>\n","protected":false},"author":5,"featured_media":6506,"comment_status":"open","ping_status":"open","sticky":false,"template":"","format":"standard","meta":{"content-type":"","om_disable_all_campaigns":false,"_monsterinsights_skip_tracking":false,"_monsterinsights_sitenote_active":false,"_monsterinsights_sitenote_note":"","_monsterinsights_sitenote_category":0,"_uf_show_specific_survey":0,"_uf_disable_surveys":false,"footnotes":""},"categories":[26],"tags":[],"class_list":["post-6505","post","type-post","status-publish","format-standard","has-post-thumbnail","hentry","category-politique"],"aioseo_notices":[],"yoast_head":"<!-- This site is optimized with the Yoast SEO plugin v27.5 - https:\/\/yoast.com\/product\/yoast-seo-wordpress\/ -->\n<title>Vague de d\u00e9mission au sein de l&#039;UP-R Porto-Novo: Romaric Soton tient toujours ferme - Le Patriote<\/title>\n<meta name=\"robots\" content=\"index, follow, max-snippet:-1, max-image-preview:large, max-video-preview:-1\" \/>\n<link rel=\"canonical\" href=\"https:\/\/lepatriotebenin.com\/index.php\/2024\/07\/08\/vague-de-demission-au-sein-de-lup-r-porto-novo-romaric-soton-tient-toujours-ferme\/\" \/>\n<meta property=\"og:locale\" content=\"fr_FR\" \/>\n<meta property=\"og:type\" content=\"article\" \/>\n<meta property=\"og:title\" content=\"Vague de d\u00e9mission au sein de l&#039;UP-R Porto-Novo: Romaric Soton tient toujours ferme - Le Patriote\" \/>\n<meta property=\"og:description\" content=\"\u00c0 l&rsquo;instar des onze autres d\u00e9partements, l&rsquo;Ou\u00e9m\u00e9 vit des heures de turbulences politiques dans le parti de l&rsquo;Union Progressiste le Renouveau. L&rsquo;ombre que procure le feuillage du g\u00e9ant baobab dans&hellip;\" \/>\n<meta property=\"og:url\" content=\"https:\/\/lepatriotebenin.com\/index.php\/2024\/07\/08\/vague-de-demission-au-sein-de-lup-r-porto-novo-romaric-soton-tient-toujours-ferme\/\" \/>\n<meta property=\"og:site_name\" content=\"Le Patriote\" \/>\n<meta property=\"article:published_time\" content=\"2024-07-08T14:40:23+00:00\" \/>\n<meta property=\"article:modified_time\" content=\"2024-07-08T14:40:24+00:00\" \/>\n<meta property=\"og:image\" content=\"https:\/\/lepatriotebenin.com\/wp-content\/uploads\/2024\/07\/romaric-soton.jpg\" \/>\n\t<meta property=\"og:image:width\" content=\"914\" \/>\n\t<meta property=\"og:image:height\" content=\"1280\" \/>\n\t<meta property=\"og:image:type\" content=\"image\/jpeg\" \/>\n<meta name=\"author\" content=\"Redaction\" \/>\n<meta name=\"twitter:card\" content=\"summary_large_image\" \/>\n<meta name=\"twitter:label1\" content=\"\u00c9crit par\" \/>\n\t<meta name=\"twitter:data1\" content=\"Redaction\" \/>\n\t<meta name=\"twitter:label2\" content=\"Dur\u00e9e de lecture estim\u00e9e\" \/>\n\t<meta name=\"twitter:data2\" content=\"2 minutes\" \/>\n<script type=\"application\/ld+json\" class=\"yoast-schema-graph\">{\"@context\":\"https:\\\/\\\/schema.org\",\"@graph\":[{\"@type\":\"Article\",\"@id\":\"https:\\\/\\\/lepatriotebenin.com\\\/index.php\\\/2024\\\/07\\\/08\\\/vague-de-demission-au-sein-de-lup-r-porto-novo-romaric-soton-tient-toujours-ferme\\\/#article\",\"isPartOf\":{\"@id\":\"https:\\\/\\\/lepatriotebenin.com\\\/index.php\\\/2024\\\/07\\\/08\\\/vague-de-demission-au-sein-de-lup-r-porto-novo-romaric-soton-tient-toujours-ferme\\\/\"},\"author\":{\"name\":\"Redaction\",\"@id\":\"https:\\\/\\\/lepatriotebenin.com\\\/#\\\/schema\\\/person\\\/2e7709b9c9cc313e452d1136af61690f\"},\"headline\":\"Vague de d\u00e9mission au sein de l&rsquo;UP-R Porto-Novo: Romaric Soton tient toujours ferme\",\"datePublished\":\"2024-07-08T14:40:23+00:00\",\"dateModified\":\"2024-07-08T14:40:24+00:00\",\"mainEntityOfPage\":{\"@id\":\"https:\\\/\\\/lepatriotebenin.com\\\/index.php\\\/2024\\\/07\\\/08\\\/vague-de-demission-au-sein-de-lup-r-porto-novo-romaric-soton-tient-toujours-ferme\\\/\"},\"wordCount\":326,\"commentCount\":0,\"image\":{\"@id\":\"https:\\\/\\\/lepatriotebenin.com\\\/index.php\\\/2024\\\/07\\\/08\\\/vague-de-demission-au-sein-de-lup-r-porto-novo-romaric-soton-tient-toujours-ferme\\\/#primaryimage\"},\"thumbnailUrl\":\"https:\\\/\\\/lepatriotebenin.com\\\/wp-content\\\/uploads\\\/2024\\\/07\\\/romaric-soton.jpg\",\"articleSection\":[\"Politique\"],\"inLanguage\":\"fr-FR\",\"potentialAction\":[{\"@type\":\"CommentAction\",\"name\":\"Comment\",\"target\":[\"https:\\\/\\\/lepatriotebenin.com\\\/index.php\\\/2024\\\/07\\\/08\\\/vague-de-demission-au-sein-de-lup-r-porto-novo-romaric-soton-tient-toujours-ferme\\\/#respond\"]}]},{\"@type\":\"WebPage\",\"@id\":\"https:\\\/\\\/lepatriotebenin.com\\\/index.php\\\/2024\\\/07\\\/08\\\/vague-de-demission-au-sein-de-lup-r-porto-novo-romaric-soton-tient-toujours-ferme\\\/\",\"url\":\"https:\\\/\\\/lepatriotebenin.com\\\/index.php\\\/2024\\\/07\\\/08\\\/vague-de-demission-au-sein-de-lup-r-porto-novo-romaric-soton-tient-toujours-ferme\\\/\",\"name\":\"Vague de d\u00e9mission au sein de l'UP-R Porto-Novo: Romaric Soton tient toujours ferme - Le Patriote\",\"isPartOf\":{\"@id\":\"https:\\\/\\\/lepatriotebenin.com\\\/#website\"},\"primaryImageOfPage\":{\"@id\":\"https:\\\/\\\/lepatriotebenin.com\\\/index.php\\\/2024\\\/07\\\/08\\\/vague-de-demission-au-sein-de-lup-r-porto-novo-romaric-soton-tient-toujours-ferme\\\/#primaryimage\"},\"image\":{\"@id\":\"https:\\\/\\\/lepatriotebenin.com\\\/index.php\\\/2024\\\/07\\\/08\\\/vague-de-demission-au-sein-de-lup-r-porto-novo-romaric-soton-tient-toujours-ferme\\\/#primaryimage\"},\"thumbnailUrl\":\"https:\\\/\\\/lepatriotebenin.com\\\/wp-content\\\/uploads\\\/2024\\\/07\\\/romaric-soton.jpg\",\"datePublished\":\"2024-07-08T14:40:23+00:00\",\"dateModified\":\"2024-07-08T14:40:24+00:00\",\"author\":{\"@id\":\"https:\\\/\\\/lepatriotebenin.com\\\/#\\\/schema\\\/person\\\/2e7709b9c9cc313e452d1136af61690f\"},\"breadcrumb\":{\"@id\":\"https:\\\/\\\/lepatriotebenin.com\\\/index.php\\\/2024\\\/07\\\/08\\\/vague-de-demission-au-sein-de-lup-r-porto-novo-romaric-soton-tient-toujours-ferme\\\/#breadcrumb\"},\"inLanguage\":\"fr-FR\",\"potentialAction\":[{\"@type\":\"ReadAction\",\"target\":[\"https:\\\/\\\/lepatriotebenin.com\\\/index.php\\\/2024\\\/07\\\/08\\\/vague-de-demission-au-sein-de-lup-r-porto-novo-romaric-soton-tient-toujours-ferme\\\/\"]}]},{\"@type\":\"ImageObject\",\"inLanguage\":\"fr-FR\",\"@id\":\"https:\\\/\\\/lepatriotebenin.com\\\/index.php\\\/2024\\\/07\\\/08\\\/vague-de-demission-au-sein-de-lup-r-porto-novo-romaric-soton-tient-toujours-ferme\\\/#primaryimage\",\"url\":\"https:\\\/\\\/lepatriotebenin.com\\\/wp-content\\\/uploads\\\/2024\\\/07\\\/romaric-soton.jpg\",\"contentUrl\":\"https:\\\/\\\/lepatriotebenin.com\\\/wp-content\\\/uploads\\\/2024\\\/07\\\/romaric-soton.jpg\",\"width\":914,\"height\":1280},{\"@type\":\"BreadcrumbList\",\"@id\":\"https:\\\/\\\/lepatriotebenin.com\\\/index.php\\\/2024\\\/07\\\/08\\\/vague-de-demission-au-sein-de-lup-r-porto-novo-romaric-soton-tient-toujours-ferme\\\/#breadcrumb\",\"itemListElement\":[{\"@type\":\"ListItem\",\"position\":1,\"name\":\"Accueil\",\"item\":\"https:\\\/\\\/lepatriotebenin.com\\\/\"},{\"@type\":\"ListItem\",\"position\":2,\"name\":\"Vague de d\u00e9mission au sein de l&rsquo;UP-R Porto-Novo: Romaric Soton tient toujours ferme\"}]},{\"@type\":\"WebSite\",\"@id\":\"https:\\\/\\\/lepatriotebenin.com\\\/#website\",\"url\":\"https:\\\/\\\/lepatriotebenin.com\\\/\",\"name\":\"Le Patriote\",\"description\":\"Le Patriote B\u00e9nin\",\"potentialAction\":[{\"@type\":\"SearchAction\",\"target\":{\"@type\":\"EntryPoint\",\"urlTemplate\":\"https:\\\/\\\/lepatriotebenin.com\\\/?s={search_term_string}\"},\"query-input\":{\"@type\":\"PropertyValueSpecification\",\"valueRequired\":true,\"valueName\":\"search_term_string\"}}],\"inLanguage\":\"fr-FR\"},{\"@type\":\"Person\",\"@id\":\"https:\\\/\\\/lepatriotebenin.com\\\/#\\\/schema\\\/person\\\/2e7709b9c9cc313e452d1136af61690f\",\"name\":\"Redaction\",\"image\":{\"@type\":\"ImageObject\",\"inLanguage\":\"fr-FR\",\"@id\":\"https:\\\/\\\/secure.gravatar.com\\\/avatar\\\/c4c509357859ea2ca2cbb6d8812898a73e4ef1ef9934c2e591d7e32face734d1?s=96&d=mm&r=g\",\"url\":\"https:\\\/\\\/secure.gravatar.com\\\/avatar\\\/c4c509357859ea2ca2cbb6d8812898a73e4ef1ef9934c2e591d7e32face734d1?s=96&d=mm&r=g\",\"contentUrl\":\"https:\\\/\\\/secure.gravatar.com\\\/avatar\\\/c4c509357859ea2ca2cbb6d8812898a73e4ef1ef9934c2e591d7e32face734d1?s=96&d=mm&r=g\",\"caption\":\"Redaction\"},\"url\":\"https:\\\/\\\/lepatriotebenin.com\"}]}<\/script>\n<!-- \/ Yoast SEO plugin. -->","yoast_head_json":{"title":"Vague de d\u00e9mission au sein de l'UP-R Porto-Novo: Romaric Soton tient toujours ferme - Le Patriote","robots":{"index":"index","follow":"follow","max-snippet":"max-snippet:-1","max-image-preview":"max-image-preview:large","max-video-preview":"max-video-preview:-1"},"canonical":"https:\/\/lepatriotebenin.com\/index.php\/2024\/07\/08\/vague-de-demission-au-sein-de-lup-r-porto-novo-romaric-soton-tient-toujours-ferme\/","og_locale":"fr_FR","og_type":"article","og_title":"Vague de d\u00e9mission au sein de l'UP-R Porto-Novo: Romaric Soton tient toujours ferme - Le Patriote","og_description":"\u00c0 l&rsquo;instar des onze autres d\u00e9partements, l&rsquo;Ou\u00e9m\u00e9 vit des heures de turbulences politiques dans le parti de l&rsquo;Union Progressiste le Renouveau. L&rsquo;ombre que procure le feuillage du g\u00e9ant baobab dans&hellip;","og_url":"https:\/\/lepatriotebenin.com\/index.php\/2024\/07\/08\/vague-de-demission-au-sein-de-lup-r-porto-novo-romaric-soton-tient-toujours-ferme\/","og_site_name":"Le Patriote","article_published_time":"2024-07-08T14:40:23+00:00","article_modified_time":"2024-07-08T14:40:24+00:00","og_image":[{"width":914,"height":1280,"url":"https:\/\/lepatriotebenin.com\/wp-content\/uploads\/2024\/07\/romaric-soton.jpg","type":"image\/jpeg"}],"author":"Redaction","twitter_card":"summary_large_image","twitter_misc":{"\u00c9crit par":"Redaction","Dur\u00e9e de lecture estim\u00e9e":"2 minutes"},"schema":{"@context":"https:\/\/schema.org","@graph":[{"@type":"Article","@id":"https:\/\/lepatriotebenin.com\/index.php\/2024\/07\/08\/vague-de-demission-au-sein-de-lup-r-porto-novo-romaric-soton-tient-toujours-ferme\/#article","isPartOf":{"@id":"https:\/\/lepatriotebenin.com\/index.php\/2024\/07\/08\/vague-de-demission-au-sein-de-lup-r-porto-novo-romaric-soton-tient-toujours-ferme\/"},"author":{"name":"Redaction","@id":"https:\/\/lepatriotebenin.com\/#\/schema\/person\/2e7709b9c9cc313e452d1136af61690f"},"headline":"Vague de d\u00e9mission au sein de l&rsquo;UP-R Porto-Novo: Romaric Soton tient toujours ferme","datePublished":"2024-07-08T14:40:23+00:00","dateModified":"2024-07-08T14:40:24+00:00","mainEntityOfPage":{"@id":"https:\/\/lepatriotebenin.com\/index.php\/2024\/07\/08\/vague-de-demission-au-sein-de-lup-r-porto-novo-romaric-soton-tient-toujours-ferme\/"},"wordCount":326,"commentCount":0,"image":{"@id":"https:\/\/lepatriotebenin.com\/index.php\/2024\/07\/08\/vague-de-demission-au-sein-de-lup-r-porto-novo-romaric-soton-tient-toujours-ferme\/#primaryimage"},"thumbnailUrl":"https:\/\/lepatriotebenin.com\/wp-content\/uploads\/2024\/07\/romaric-soton.jpg","articleSection":["Politique"],"inLanguage":"fr-FR","potentialAction":[{"@type":"CommentAction","name":"Comment","target":["https:\/\/lepatriotebenin.com\/index.php\/2024\/07\/08\/vague-de-demission-au-sein-de-lup-r-porto-novo-romaric-soton-tient-toujours-ferme\/#respond"]}]},{"@type":"WebPage","@id":"https:\/\/lepatriotebenin.com\/index.php\/2024\/07\/08\/vague-de-demission-au-sein-de-lup-r-porto-novo-romaric-soton-tient-toujours-ferme\/","url":"https:\/\/lepatriotebenin.com\/index.php\/2024\/07\/08\/vague-de-demission-au-sein-de-lup-r-porto-novo-romaric-soton-tient-toujours-ferme\/","name":"Vague de d\u00e9mission au sein de l'UP-R Porto-Novo: Romaric Soton tient toujours ferme - Le Patriote","isPartOf":{"@id":"https:\/\/lepatriotebenin.com\/#website"},"primaryImageOfPage":{"@id":"https:\/\/lepatriotebenin.com\/index.php\/2024\/07\/08\/vague-de-demission-au-sein-de-lup-r-porto-novo-romaric-soton-tient-toujours-ferme\/#primaryimage"},"image":{"@id":"https:\/\/lepatriotebenin.com\/index.php\/2024\/07\/08\/vague-de-demission-au-sein-de-lup-r-porto-novo-romaric-soton-tient-toujours-ferme\/#primaryimage"},"thumbnailUrl":"https:\/\/lepatriotebenin.com\/wp-content\/uploads\/2024\/07\/romaric-soton.jpg","datePublished":"2024-07-08T14:40:23+00:00","dateModified":"2024-07-08T14:40:24+00:00","author":{"@id":"https:\/\/lepatriotebenin.com\/#\/schema\/person\/2e7709b9c9cc313e452d1136af61690f"},"breadcrumb":{"@id":"https:\/\/lepatriotebenin.com\/index.php\/2024\/07\/08\/vague-de-demission-au-sein-de-lup-r-porto-novo-romaric-soton-tient-toujours-ferme\/#breadcrumb"},"inLanguage":"fr-FR","potentialAction":[{"@type":"ReadAction","target":["https:\/\/lepatriotebenin.com\/index.php\/2024\/07\/08\/vague-de-demission-au-sein-de-lup-r-porto-novo-romaric-soton-tient-toujours-ferme\/"]}]},{"@type":"ImageObject","inLanguage":"fr-FR","@id":"https:\/\/lepatriotebenin.com\/index.php\/2024\/07\/08\/vague-de-demission-au-sein-de-lup-r-porto-novo-romaric-soton-tient-toujours-ferme\/#primaryimage","url":"https:\/\/lepatriotebenin.com\/wp-content\/uploads\/2024\/07\/romaric-soton.jpg","contentUrl":"https:\/\/lepatriotebenin.com\/wp-content\/uploads\/2024\/07\/romaric-soton.jpg","width":914,"height":1280},{"@type":"BreadcrumbList","@id":"https:\/\/lepatriotebenin.com\/index.php\/2024\/07\/08\/vague-de-demission-au-sein-de-lup-r-porto-novo-romaric-soton-tient-toujours-ferme\/#breadcrumb","itemListElement":[{"@type":"ListItem","position":1,"name":"Accueil","item":"https:\/\/lepatriotebenin.com\/"},{"@type":"ListItem","position":2,"name":"Vague de d\u00e9mission au sein de l&rsquo;UP-R Porto-Novo: Romaric Soton tient toujours ferme"}]},{"@type":"WebSite","@id":"https:\/\/lepatriotebenin.com\/#website","url":"https:\/\/lepatriotebenin.com\/","name":"Le Patriote","description":"Le Patriote B\u00e9nin","potentialAction":[{"@type":"SearchAction","target":{"@type":"EntryPoint","urlTemplate":"https:\/\/lepatriotebenin.com\/?s={search_term_string}"},"query-input":{"@type":"PropertyValueSpecification","valueRequired":true,"valueName":"search_term_string"}}],"inLanguage":"fr-FR"},{"@type":"Person","@id":"https:\/\/lepatriotebenin.com\/#\/schema\/person\/2e7709b9c9cc313e452d1136af61690f","name":"Redaction","image":{"@type":"ImageObject","inLanguage":"fr-FR","@id":"https:\/\/secure.gravatar.com\/avatar\/c4c509357859ea2ca2cbb6d8812898a73e4ef1ef9934c2e591d7e32face734d1?s=96&d=mm&r=g","url":"https:\/\/secure.gravatar.com\/avatar\/c4c509357859ea2ca2cbb6d8812898a73e4ef1ef9934c2e591d7e32face734d1?s=96&d=mm&r=g","contentUrl":"https:\/\/secure.gravatar.com\/avatar\/c4c509357859ea2ca2cbb6d8812898a73e4ef1ef9934c2e591d7e32face734d1?s=96&d=mm&r=g","caption":"Redaction"},"url":"https:\/\/lepatriotebenin.com"}]}},"_links":{"self":[{"href":"https:\/\/lepatriotebenin.com\/index.php\/wp-json\/wp\/v2\/posts\/6505","targetHints":{"allow":["GET"]}}],"collection":[{"href":"https:\/\/lepatriotebenin.com\/index.php\/wp-json\/wp\/v2\/posts"}],"about":[{"href":"https:\/\/lepatriotebenin.com\/index.php\/wp-json\/wp\/v2\/types\/post"}],"author":[{"embeddable":true,"href":"https:\/\/lepatriotebenin.com\/index.php\/wp-json\/wp\/v2\/users\/5"}],"replies":[{"embeddable":true,"href":"https:\/\/lepatriotebenin.com\/index.php\/wp-json\/wp\/v2\/comments?post=6505"}],"version-history":[{"count":1,"href":"https:\/\/lepatriotebenin.com\/index.php\/wp-json\/wp\/v2\/posts\/6505\/revisions"}],"predecessor-version":[{"id":6507,"href":"https:\/\/lepatriotebenin.com\/index.php\/wp-json\/wp\/v2\/posts\/6505\/revisions\/6507"}],"wp:featuredmedia":[{"embeddable":true,"href":"https:\/\/lepatriotebenin.com\/index.php\/wp-json\/wp\/v2\/media\/6506"}],"wp:attachment":[{"href":"https:\/\/lepatriotebenin.com\/index.php\/wp-json\/wp\/v2\/media?parent=6505"}],"wp:term":[{"taxonomy":"category","embeddable":true,"href":"https:\/\/lepatriotebenin.com\/index.php\/wp-json\/wp\/v2\/categories?post=6505"},{"taxonomy":"post_tag","embeddable":true,"href":"https:\/\/lepatriotebenin.com\/index.php\/wp-json\/wp\/v2\/tags?post=6505"}],"curies":[{"name":"wp","href":"https:\/\/api.w.org\/{rel}","templated":true}]}}