{"id":6498,"date":"2024-07-08T16:31:52","date_gmt":"2024-07-08T14:31:52","guid":{"rendered":"https:\/\/lepatriotebenin.com\/?p=6498"},"modified":"2024-07-08T16:32:36","modified_gmt":"2024-07-08T14:32:36","slug":"championnat-de-mini-foot-au-benin-wanvoegbe-annonce-une-competition-axee-sur-le-fair-play","status":"publish","type":"post","link":"https:\/\/lepatriotebenin.com\/index.php\/2024\/07\/08\/championnat-de-mini-foot-au-benin-wanvoegbe-annonce-une-competition-axee-sur-le-fair-play\/","title":{"rendered":"Championnat de mini-foot : Wanvoegb\u00e8 annonce une comp\u00e9tition ax\u00e9e sur le fair-play"},"content":{"rendered":"\n<p>La pelouse de Ren\u00e9 Pleven \u00e0 Cotonou au B\u00e9nin a abrit\u00e9 ce <strong>samedi 6 juillet 2024,<\/strong> la premi\u00e8re \u00e9dition du championnat de mini-foot au B\u00e9nin. C&rsquo;est une organisation de la nouvelle f\u00e9d\u00e9ration que dirige le Pr\u00e9sident<strong> Germain Wanvoegb\u00e8. <\/strong>Lors d&rsquo;un lancement riche en couleurs, la premi\u00e8re affiche a oppos\u00e9 les filles de l&rsquo;acad\u00e9mie Victoria \u00e0 celles de Dynastie FC.<\/p>\n\n\n\n<p><em>\u00ab\u00a0Nous sommes au lancement du championnat de mini-foot, et comme vous devez le comprend, le mini-foot c&rsquo;est une discipline de beaut\u00e9, une discipline de fair-play \u00ab\u00a0,<\/em> a commenc\u00e9 par expliquer le Pr\u00e9sident Wanvoegb\u00e8. Sur cette lanc\u00e9e, celui-ci a lanc\u00e9 comme dol\u00e9ances que le championnat soir ax\u00e9 sur l&rsquo;ambiance et toutes les beaut\u00e9s possibles. Pour y arriver, il a demand\u00e9 que les deux \u00e9quipes fassent bon match.<\/p>\n\n\n\n<p>Le mini-football est d\u00e9sormais au B\u00e9nin et ceci, dans toutes les cat\u00e9gories. Le B\u00e9nin s&rsquo;active au mieux pour avoir une bonne repr\u00e9sentation lors de la coupe d&rsquo;Afrique prochaine.<\/p>\n\n\n\n<p><strong>Affiche d&rsquo;ouverture<\/strong><\/p>\n\n\n\n<p>Apr\u00e8s le lancement, la premi\u00e8re affiche qui a oppos\u00e9 Victoria Kpondehou \u00e0 Dynastie de Calavi, les noirs parsem\u00e9s de blanc se sont montr\u00e9es tr\u00e8s t\u00f4t agressives en inscrivant le premier but. Tr\u00e8s revanchards, Victoria a multipli\u00e9 les assauts pour revenir \u00e0 la marque (1-1) avant la pause.<\/p>\n\n\n\n<p>De retour de la pause, il n&rsquo;y a pas eu une modification au score. Les deux \u00e9quipes se sont quitt\u00e9es sur le score de parit\u00e9 (1-1). Quant aux deux derni\u00e8res affiches, c&rsquo;est les hommes qui ont fait leur entr\u00e9e en sc\u00e8ne.<\/p>\n\n\n\n<p>Chez les v\u00e9t\u00e9rans, les hommes de Malanhoui se sont explos\u00e9s en battant (2-0) l&rsquo;\u00e9quipe de l&rsquo;Ajf FC. La derni\u00e8re affiche \u00e9tait celle des s\u00e9niors. Ainsi, les joueurs de Ebi Enabo se sont lourdement inclin\u00e9s (3-0) face \u00e0 la belle formation de Togbin AYLA FC.<\/p>\n\n\n\n<p><strong>Junior Hounsa<\/strong><\/p>\n","protected":false},"excerpt":{"rendered":"<p>La pelouse de Ren\u00e9 Pleven \u00e0 Cotonou au B\u00e9nin a abrit\u00e9 ce samedi 6 juillet 2024, la premi\u00e8re \u00e9dition du championnat de mini-foot au B\u00e9nin. C&rsquo;est une organisation de la&hellip;<\/p>\n","protected":false},"author":5,"featured_media":6499,"comment_status":"open","ping_status":"open","sticky":false,"template":"","format":"standard","meta":{"content-type":"","om_disable_all_campaigns":false,"_monsterinsights_skip_tracking":false,"_monsterinsights_sitenote_active":false,"_monsterinsights_sitenote_note":"","_monsterinsights_sitenote_category":0,"_uf_show_specific_survey":0,"_uf_disable_surveys":false,"footnotes":""},"categories":[8],"tags":[],"class_list":["post-6498","post","type-post","status-publish","format-standard","has-post-thumbnail","hentry","category-sport"],"aioseo_notices":[],"yoast_head":"<!-- This site is optimized with the Yoast SEO plugin v27.5 - https:\/\/yoast.com\/product\/yoast-seo-wordpress\/ -->\n<title>Championnat de mini-foot : Wanvoegb\u00e8 annonce une comp\u00e9tition ax\u00e9e sur le fair-play - Le Patriote<\/title>\n<meta name=\"robots\" content=\"index, follow, max-snippet:-1, max-image-preview:large, max-video-preview:-1\" \/>\n<link rel=\"canonical\" href=\"https:\/\/lepatriotebenin.com\/index.php\/2024\/07\/08\/championnat-de-mini-foot-au-benin-wanvoegbe-annonce-une-competition-axee-sur-le-fair-play\/\" \/>\n<meta property=\"og:locale\" content=\"fr_FR\" \/>\n<meta property=\"og:type\" content=\"article\" \/>\n<meta property=\"og:title\" content=\"Championnat de mini-foot : Wanvoegb\u00e8 annonce une comp\u00e9tition ax\u00e9e sur le fair-play - Le Patriote\" \/>\n<meta property=\"og:description\" content=\"La pelouse de Ren\u00e9 Pleven \u00e0 Cotonou au B\u00e9nin a abrit\u00e9 ce samedi 6 juillet 2024, la premi\u00e8re \u00e9dition du championnat de mini-foot au B\u00e9nin. C&rsquo;est une organisation de la&hellip;\" \/>\n<meta property=\"og:url\" content=\"https:\/\/lepatriotebenin.com\/index.php\/2024\/07\/08\/championnat-de-mini-foot-au-benin-wanvoegbe-annonce-une-competition-axee-sur-le-fair-play\/\" \/>\n<meta property=\"og:site_name\" content=\"Le Patriote\" \/>\n<meta property=\"article:published_time\" content=\"2024-07-08T14:31:52+00:00\" \/>\n<meta property=\"article:modified_time\" content=\"2024-07-08T14:32:36+00:00\" \/>\n<meta property=\"og:image\" content=\"https:\/\/lepatriotebenin.com\/wp-content\/uploads\/2024\/07\/champ.jpg\" \/>\n\t<meta property=\"og:image:width\" content=\"720\" \/>\n\t<meta property=\"og:image:height\" content=\"324\" \/>\n\t<meta property=\"og:image:type\" content=\"image\/jpeg\" \/>\n<meta name=\"author\" content=\"Redaction\" \/>\n<meta name=\"twitter:card\" content=\"summary_large_image\" \/>\n<meta name=\"twitter:label1\" content=\"\u00c9crit par\" \/>\n\t<meta name=\"twitter:data1\" content=\"Redaction\" \/>\n\t<meta name=\"twitter:label2\" content=\"Dur\u00e9e de lecture estim\u00e9e\" \/>\n\t<meta name=\"twitter:data2\" content=\"2 minutes\" \/>\n<script type=\"application\/ld+json\" class=\"yoast-schema-graph\">{\"@context\":\"https:\\\/\\\/schema.org\",\"@graph\":[{\"@type\":\"Article\",\"@id\":\"https:\\\/\\\/lepatriotebenin.com\\\/index.php\\\/2024\\\/07\\\/08\\\/championnat-de-mini-foot-au-benin-wanvoegbe-annonce-une-competition-axee-sur-le-fair-play\\\/#article\",\"isPartOf\":{\"@id\":\"https:\\\/\\\/lepatriotebenin.com\\\/index.php\\\/2024\\\/07\\\/08\\\/championnat-de-mini-foot-au-benin-wanvoegbe-annonce-une-competition-axee-sur-le-fair-play\\\/\"},\"author\":{\"name\":\"Redaction\",\"@id\":\"https:\\\/\\\/lepatriotebenin.com\\\/#\\\/schema\\\/person\\\/2e7709b9c9cc313e452d1136af61690f\"},\"headline\":\"Championnat de mini-foot : Wanvoegb\u00e8 annonce une comp\u00e9tition ax\u00e9e sur le fair-play\",\"datePublished\":\"2024-07-08T14:31:52+00:00\",\"dateModified\":\"2024-07-08T14:32:36+00:00\",\"mainEntityOfPage\":{\"@id\":\"https:\\\/\\\/lepatriotebenin.com\\\/index.php\\\/2024\\\/07\\\/08\\\/championnat-de-mini-foot-au-benin-wanvoegbe-annonce-une-competition-axee-sur-le-fair-play\\\/\"},\"wordCount\":340,\"commentCount\":0,\"image\":{\"@id\":\"https:\\\/\\\/lepatriotebenin.com\\\/index.php\\\/2024\\\/07\\\/08\\\/championnat-de-mini-foot-au-benin-wanvoegbe-annonce-une-competition-axee-sur-le-fair-play\\\/#primaryimage\"},\"thumbnailUrl\":\"https:\\\/\\\/lepatriotebenin.com\\\/wp-content\\\/uploads\\\/2024\\\/07\\\/champ.jpg\",\"articleSection\":[\"Sport\"],\"inLanguage\":\"fr-FR\",\"potentialAction\":[{\"@type\":\"CommentAction\",\"name\":\"Comment\",\"target\":[\"https:\\\/\\\/lepatriotebenin.com\\\/index.php\\\/2024\\\/07\\\/08\\\/championnat-de-mini-foot-au-benin-wanvoegbe-annonce-une-competition-axee-sur-le-fair-play\\\/#respond\"]}]},{\"@type\":\"WebPage\",\"@id\":\"https:\\\/\\\/lepatriotebenin.com\\\/index.php\\\/2024\\\/07\\\/08\\\/championnat-de-mini-foot-au-benin-wanvoegbe-annonce-une-competition-axee-sur-le-fair-play\\\/\",\"url\":\"https:\\\/\\\/lepatriotebenin.com\\\/index.php\\\/2024\\\/07\\\/08\\\/championnat-de-mini-foot-au-benin-wanvoegbe-annonce-une-competition-axee-sur-le-fair-play\\\/\",\"name\":\"Championnat de mini-foot : Wanvoegb\u00e8 annonce une comp\u00e9tition ax\u00e9e sur le fair-play - Le Patriote\",\"isPartOf\":{\"@id\":\"https:\\\/\\\/lepatriotebenin.com\\\/#website\"},\"primaryImageOfPage\":{\"@id\":\"https:\\\/\\\/lepatriotebenin.com\\\/index.php\\\/2024\\\/07\\\/08\\\/championnat-de-mini-foot-au-benin-wanvoegbe-annonce-une-competition-axee-sur-le-fair-play\\\/#primaryimage\"},\"image\":{\"@id\":\"https:\\\/\\\/lepatriotebenin.com\\\/index.php\\\/2024\\\/07\\\/08\\\/championnat-de-mini-foot-au-benin-wanvoegbe-annonce-une-competition-axee-sur-le-fair-play\\\/#primaryimage\"},\"thumbnailUrl\":\"https:\\\/\\\/lepatriotebenin.com\\\/wp-content\\\/uploads\\\/2024\\\/07\\\/champ.jpg\",\"datePublished\":\"2024-07-08T14:31:52+00:00\",\"dateModified\":\"2024-07-08T14:32:36+00:00\",\"author\":{\"@id\":\"https:\\\/\\\/lepatriotebenin.com\\\/#\\\/schema\\\/person\\\/2e7709b9c9cc313e452d1136af61690f\"},\"breadcrumb\":{\"@id\":\"https:\\\/\\\/lepatriotebenin.com\\\/index.php\\\/2024\\\/07\\\/08\\\/championnat-de-mini-foot-au-benin-wanvoegbe-annonce-une-competition-axee-sur-le-fair-play\\\/#breadcrumb\"},\"inLanguage\":\"fr-FR\",\"potentialAction\":[{\"@type\":\"ReadAction\",\"target\":[\"https:\\\/\\\/lepatriotebenin.com\\\/index.php\\\/2024\\\/07\\\/08\\\/championnat-de-mini-foot-au-benin-wanvoegbe-annonce-une-competition-axee-sur-le-fair-play\\\/\"]}]},{\"@type\":\"ImageObject\",\"inLanguage\":\"fr-FR\",\"@id\":\"https:\\\/\\\/lepatriotebenin.com\\\/index.php\\\/2024\\\/07\\\/08\\\/championnat-de-mini-foot-au-benin-wanvoegbe-annonce-une-competition-axee-sur-le-fair-play\\\/#primaryimage\",\"url\":\"https:\\\/\\\/lepatriotebenin.com\\\/wp-content\\\/uploads\\\/2024\\\/07\\\/champ.jpg\",\"contentUrl\":\"https:\\\/\\\/lepatriotebenin.com\\\/wp-content\\\/uploads\\\/2024\\\/07\\\/champ.jpg\",\"width\":720,\"height\":324},{\"@type\":\"BreadcrumbList\",\"@id\":\"https:\\\/\\\/lepatriotebenin.com\\\/index.php\\\/2024\\\/07\\\/08\\\/championnat-de-mini-foot-au-benin-wanvoegbe-annonce-une-competition-axee-sur-le-fair-play\\\/#breadcrumb\",\"itemListElement\":[{\"@type\":\"ListItem\",\"position\":1,\"name\":\"Accueil\",\"item\":\"https:\\\/\\\/lepatriotebenin.com\\\/\"},{\"@type\":\"ListItem\",\"position\":2,\"name\":\"Championnat de mini-foot : Wanvoegb\u00e8 annonce une comp\u00e9tition ax\u00e9e sur le fair-play\"}]},{\"@type\":\"WebSite\",\"@id\":\"https:\\\/\\\/lepatriotebenin.com\\\/#website\",\"url\":\"https:\\\/\\\/lepatriotebenin.com\\\/\",\"name\":\"Le Patriote\",\"description\":\"Le Patriote B\u00e9nin\",\"potentialAction\":[{\"@type\":\"SearchAction\",\"target\":{\"@type\":\"EntryPoint\",\"urlTemplate\":\"https:\\\/\\\/lepatriotebenin.com\\\/?s={search_term_string}\"},\"query-input\":{\"@type\":\"PropertyValueSpecification\",\"valueRequired\":true,\"valueName\":\"search_term_string\"}}],\"inLanguage\":\"fr-FR\"},{\"@type\":\"Person\",\"@id\":\"https:\\\/\\\/lepatriotebenin.com\\\/#\\\/schema\\\/person\\\/2e7709b9c9cc313e452d1136af61690f\",\"name\":\"Redaction\",\"image\":{\"@type\":\"ImageObject\",\"inLanguage\":\"fr-FR\",\"@id\":\"https:\\\/\\\/secure.gravatar.com\\\/avatar\\\/c4c509357859ea2ca2cbb6d8812898a73e4ef1ef9934c2e591d7e32face734d1?s=96&d=mm&r=g\",\"url\":\"https:\\\/\\\/secure.gravatar.com\\\/avatar\\\/c4c509357859ea2ca2cbb6d8812898a73e4ef1ef9934c2e591d7e32face734d1?s=96&d=mm&r=g\",\"contentUrl\":\"https:\\\/\\\/secure.gravatar.com\\\/avatar\\\/c4c509357859ea2ca2cbb6d8812898a73e4ef1ef9934c2e591d7e32face734d1?s=96&d=mm&r=g\",\"caption\":\"Redaction\"},\"url\":\"https:\\\/\\\/lepatriotebenin.com\"}]}<\/script>\n<!-- \/ Yoast SEO plugin. -->","yoast_head_json":{"title":"Championnat de mini-foot : Wanvoegb\u00e8 annonce une comp\u00e9tition ax\u00e9e sur le fair-play - Le Patriote","robots":{"index":"index","follow":"follow","max-snippet":"max-snippet:-1","max-image-preview":"max-image-preview:large","max-video-preview":"max-video-preview:-1"},"canonical":"https:\/\/lepatriotebenin.com\/index.php\/2024\/07\/08\/championnat-de-mini-foot-au-benin-wanvoegbe-annonce-une-competition-axee-sur-le-fair-play\/","og_locale":"fr_FR","og_type":"article","og_title":"Championnat de mini-foot : Wanvoegb\u00e8 annonce une comp\u00e9tition ax\u00e9e sur le fair-play - Le Patriote","og_description":"La pelouse de Ren\u00e9 Pleven \u00e0 Cotonou au B\u00e9nin a abrit\u00e9 ce samedi 6 juillet 2024, la premi\u00e8re \u00e9dition du championnat de mini-foot au B\u00e9nin. C&rsquo;est une organisation de la&hellip;","og_url":"https:\/\/lepatriotebenin.com\/index.php\/2024\/07\/08\/championnat-de-mini-foot-au-benin-wanvoegbe-annonce-une-competition-axee-sur-le-fair-play\/","og_site_name":"Le Patriote","article_published_time":"2024-07-08T14:31:52+00:00","article_modified_time":"2024-07-08T14:32:36+00:00","og_image":[{"width":720,"height":324,"url":"https:\/\/lepatriotebenin.com\/wp-content\/uploads\/2024\/07\/champ.jpg","type":"image\/jpeg"}],"author":"Redaction","twitter_card":"summary_large_image","twitter_misc":{"\u00c9crit par":"Redaction","Dur\u00e9e de lecture estim\u00e9e":"2 minutes"},"schema":{"@context":"https:\/\/schema.org","@graph":[{"@type":"Article","@id":"https:\/\/lepatriotebenin.com\/index.php\/2024\/07\/08\/championnat-de-mini-foot-au-benin-wanvoegbe-annonce-une-competition-axee-sur-le-fair-play\/#article","isPartOf":{"@id":"https:\/\/lepatriotebenin.com\/index.php\/2024\/07\/08\/championnat-de-mini-foot-au-benin-wanvoegbe-annonce-une-competition-axee-sur-le-fair-play\/"},"author":{"name":"Redaction","@id":"https:\/\/lepatriotebenin.com\/#\/schema\/person\/2e7709b9c9cc313e452d1136af61690f"},"headline":"Championnat de mini-foot : Wanvoegb\u00e8 annonce une comp\u00e9tition ax\u00e9e sur le fair-play","datePublished":"2024-07-08T14:31:52+00:00","dateModified":"2024-07-08T14:32:36+00:00","mainEntityOfPage":{"@id":"https:\/\/lepatriotebenin.com\/index.php\/2024\/07\/08\/championnat-de-mini-foot-au-benin-wanvoegbe-annonce-une-competition-axee-sur-le-fair-play\/"},"wordCount":340,"commentCount":0,"image":{"@id":"https:\/\/lepatriotebenin.com\/index.php\/2024\/07\/08\/championnat-de-mini-foot-au-benin-wanvoegbe-annonce-une-competition-axee-sur-le-fair-play\/#primaryimage"},"thumbnailUrl":"https:\/\/lepatriotebenin.com\/wp-content\/uploads\/2024\/07\/champ.jpg","articleSection":["Sport"],"inLanguage":"fr-FR","potentialAction":[{"@type":"CommentAction","name":"Comment","target":["https:\/\/lepatriotebenin.com\/index.php\/2024\/07\/08\/championnat-de-mini-foot-au-benin-wanvoegbe-annonce-une-competition-axee-sur-le-fair-play\/#respond"]}]},{"@type":"WebPage","@id":"https:\/\/lepatriotebenin.com\/index.php\/2024\/07\/08\/championnat-de-mini-foot-au-benin-wanvoegbe-annonce-une-competition-axee-sur-le-fair-play\/","url":"https:\/\/lepatriotebenin.com\/index.php\/2024\/07\/08\/championnat-de-mini-foot-au-benin-wanvoegbe-annonce-une-competition-axee-sur-le-fair-play\/","name":"Championnat de mini-foot : Wanvoegb\u00e8 annonce une comp\u00e9tition ax\u00e9e sur le fair-play - Le Patriote","isPartOf":{"@id":"https:\/\/lepatriotebenin.com\/#website"},"primaryImageOfPage":{"@id":"https:\/\/lepatriotebenin.com\/index.php\/2024\/07\/08\/championnat-de-mini-foot-au-benin-wanvoegbe-annonce-une-competition-axee-sur-le-fair-play\/#primaryimage"},"image":{"@id":"https:\/\/lepatriotebenin.com\/index.php\/2024\/07\/08\/championnat-de-mini-foot-au-benin-wanvoegbe-annonce-une-competition-axee-sur-le-fair-play\/#primaryimage"},"thumbnailUrl":"https:\/\/lepatriotebenin.com\/wp-content\/uploads\/2024\/07\/champ.jpg","datePublished":"2024-07-08T14:31:52+00:00","dateModified":"2024-07-08T14:32:36+00:00","author":{"@id":"https:\/\/lepatriotebenin.com\/#\/schema\/person\/2e7709b9c9cc313e452d1136af61690f"},"breadcrumb":{"@id":"https:\/\/lepatriotebenin.com\/index.php\/2024\/07\/08\/championnat-de-mini-foot-au-benin-wanvoegbe-annonce-une-competition-axee-sur-le-fair-play\/#breadcrumb"},"inLanguage":"fr-FR","potentialAction":[{"@type":"ReadAction","target":["https:\/\/lepatriotebenin.com\/index.php\/2024\/07\/08\/championnat-de-mini-foot-au-benin-wanvoegbe-annonce-une-competition-axee-sur-le-fair-play\/"]}]},{"@type":"ImageObject","inLanguage":"fr-FR","@id":"https:\/\/lepatriotebenin.com\/index.php\/2024\/07\/08\/championnat-de-mini-foot-au-benin-wanvoegbe-annonce-une-competition-axee-sur-le-fair-play\/#primaryimage","url":"https:\/\/lepatriotebenin.com\/wp-content\/uploads\/2024\/07\/champ.jpg","contentUrl":"https:\/\/lepatriotebenin.com\/wp-content\/uploads\/2024\/07\/champ.jpg","width":720,"height":324},{"@type":"BreadcrumbList","@id":"https:\/\/lepatriotebenin.com\/index.php\/2024\/07\/08\/championnat-de-mini-foot-au-benin-wanvoegbe-annonce-une-competition-axee-sur-le-fair-play\/#breadcrumb","itemListElement":[{"@type":"ListItem","position":1,"name":"Accueil","item":"https:\/\/lepatriotebenin.com\/"},{"@type":"ListItem","position":2,"name":"Championnat de mini-foot : Wanvoegb\u00e8 annonce une comp\u00e9tition ax\u00e9e sur le fair-play"}]},{"@type":"WebSite","@id":"https:\/\/lepatriotebenin.com\/#website","url":"https:\/\/lepatriotebenin.com\/","name":"Le Patriote","description":"Le Patriote B\u00e9nin","potentialAction":[{"@type":"SearchAction","target":{"@type":"EntryPoint","urlTemplate":"https:\/\/lepatriotebenin.com\/?s={search_term_string}"},"query-input":{"@type":"PropertyValueSpecification","valueRequired":true,"valueName":"search_term_string"}}],"inLanguage":"fr-FR"},{"@type":"Person","@id":"https:\/\/lepatriotebenin.com\/#\/schema\/person\/2e7709b9c9cc313e452d1136af61690f","name":"Redaction","image":{"@type":"ImageObject","inLanguage":"fr-FR","@id":"https:\/\/secure.gravatar.com\/avatar\/c4c509357859ea2ca2cbb6d8812898a73e4ef1ef9934c2e591d7e32face734d1?s=96&d=mm&r=g","url":"https:\/\/secure.gravatar.com\/avatar\/c4c509357859ea2ca2cbb6d8812898a73e4ef1ef9934c2e591d7e32face734d1?s=96&d=mm&r=g","contentUrl":"https:\/\/secure.gravatar.com\/avatar\/c4c509357859ea2ca2cbb6d8812898a73e4ef1ef9934c2e591d7e32face734d1?s=96&d=mm&r=g","caption":"Redaction"},"url":"https:\/\/lepatriotebenin.com"}]}},"_links":{"self":[{"href":"https:\/\/lepatriotebenin.com\/index.php\/wp-json\/wp\/v2\/posts\/6498","targetHints":{"allow":["GET"]}}],"collection":[{"href":"https:\/\/lepatriotebenin.com\/index.php\/wp-json\/wp\/v2\/posts"}],"about":[{"href":"https:\/\/lepatriotebenin.com\/index.php\/wp-json\/wp\/v2\/types\/post"}],"author":[{"embeddable":true,"href":"https:\/\/lepatriotebenin.com\/index.php\/wp-json\/wp\/v2\/users\/5"}],"replies":[{"embeddable":true,"href":"https:\/\/lepatriotebenin.com\/index.php\/wp-json\/wp\/v2\/comments?post=6498"}],"version-history":[{"count":2,"href":"https:\/\/lepatriotebenin.com\/index.php\/wp-json\/wp\/v2\/posts\/6498\/revisions"}],"predecessor-version":[{"id":6501,"href":"https:\/\/lepatriotebenin.com\/index.php\/wp-json\/wp\/v2\/posts\/6498\/revisions\/6501"}],"wp:featuredmedia":[{"embeddable":true,"href":"https:\/\/lepatriotebenin.com\/index.php\/wp-json\/wp\/v2\/media\/6499"}],"wp:attachment":[{"href":"https:\/\/lepatriotebenin.com\/index.php\/wp-json\/wp\/v2\/media?parent=6498"}],"wp:term":[{"taxonomy":"category","embeddable":true,"href":"https:\/\/lepatriotebenin.com\/index.php\/wp-json\/wp\/v2\/categories?post=6498"},{"taxonomy":"post_tag","embeddable":true,"href":"https:\/\/lepatriotebenin.com\/index.php\/wp-json\/wp\/v2\/tags?post=6498"}],"curies":[{"name":"wp","href":"https:\/\/api.w.org\/{rel}","templated":true}]}}