{"id":6491,"date":"2024-07-08T04:02:39","date_gmt":"2024-07-08T02:02:39","guid":{"rendered":"https:\/\/lepatriotebenin.com\/?p=6491"},"modified":"2024-07-08T04:02:39","modified_gmt":"2024-07-08T02:02:39","slug":"presse-et-communication-les-grands-defis-de-la-haac-loko","status":"publish","type":"post","link":"https:\/\/lepatriotebenin.com\/index.php\/2024\/07\/08\/presse-et-communication-les-grands-defis-de-la-haac-loko\/","title":{"rendered":"Presse et communication : Les grands d\u00e9fis de la HAAC LOKO"},"content":{"rendered":"\n<p>Souhait\u00e9 et r\u00e9clam\u00e9 par les professionnels des m\u00e9dias depuis plusieurs d\u00e9cennies, la Haute Autorit\u00e9 de l\u2019audiovisuelle et de la Communication (HAAC) est enfin pr\u00e9sid\u00e9 par un journaliste, et pas le moindre. Edouard Loko puisque c\u2019est de lui qu\u2019il s\u2019agit a \u00e9t\u00e9 nomm\u00e9 par le Pr\u00e9sident Patrice Talon pour pr\u00e9sider l\u2019institution charg\u00e9e de r\u00e9guler le secteur des m\u00e9dias et de la communication au B\u00e9nin. Ce v\u0153u exauc\u00e9 des animateurs de la presse b\u00e9ninoise pourra-t-il \u00e9tancher la soif du quatri\u00e8me pouvoir dont les conditions de vie et de travail sont depuis quelques ann\u00e9es des plus ex\u00e9crables ? De toute \u00e9vidence, l\u2019homme des m\u00e9dias malgr\u00e9 ses exp\u00e9riences a \u00e9t\u00e9 nomm\u00e9 par un politique qui a des objectifs politiques \u00e0 atteindre. Et c\u2019est l\u00e0 que se situe le premier d\u00e9fi auquel cette HAAC d\u2019Edouard Loko devra faire face. Comment se d\u00e9partir de la politique pour travailler \u00e0 la professionnalisation de la presse b\u00e9ninoise et \u00e0 l\u2019am\u00e9lioration des conditions de travail et de vie de ses acteurs ? Ce grand d\u00e9fi ne doit pourtant pas l\u2019emporter sur les besoins actuels de la corporation du d\u00e9sormais Pr\u00e9sident Edouard Loko. Et parmi ses besoins, il convient de citer :<\/p>\n\n\n\n<p><strong>L\u2019assainissement de la presse b\u00e9ninoise<\/strong><\/p>\n\n\n\n<p>Qui est journaliste et qui ne l\u2019est pas ? Cette question reste pos\u00e9e avec le d\u00e9veloppement des r\u00e9seaux sociaux et la prolif\u00e9ration des web activistes, les influenceurs. Du coup, il est difficile pour les consommateurs de distinguer les professionnels de la presse \u00e0 cette nouvelle cat\u00e9gorie de diffuseurs d\u2019informations. Cons\u00e9quence, le m\u00e9tier de journaliste est trait\u00e9 par terre et dans la boue au point o\u00f9 les acteurs des m\u00e9dias sont clochardis\u00e9s et r\u00e9duits \u00e0 z\u00e9ro.<\/p>\n\n\n\n<p>L\u2019arriv\u00e9e, \u00e0 la t\u00eate de la HAAC d\u2019un journaliste de la taille d\u2019Edouard Loko doit alors contribuer \u00e0 assainir cette corporation afin de lui redonner sa lettre de noblesse, et sortir la presse b\u00e9ninoise de son agonie.<\/p>\n\n\n\n<p><strong>Le r\u00e9tablissement et le renforcement de l\u2019aide de l\u2019Etat \u00e0 la presse<\/strong><\/p>\n\n\n\n<p>Ramener et renforcer l&rsquo;aide de l&rsquo;Etat \u00e0 la presse et en faciliter l&rsquo;obtention aux organes de presse est une priorit\u00e9 des priorit\u00e9s pour la HAAC.<\/p>\n\n\n\n<p>En effet, l\u2019Aide de l\u2019Etat \u00e0 la presse \u00e0 partir de 2016, devrait \u00eatre mut\u00e9e au Fonds d\u2019appui pour le d\u00e9veloppement des m\u00e9dias (FADeM), les patrons de presse tra\u00eenaient ce probl\u00e8me avant que la COVID-19 ne vienne empirer la situation. Et depuis, l\u2019aide a \u00e9t\u00e9 suspendue sans que personne ne dise quand elle pourra revenir pour soulager les organes de presse.&nbsp; Une situation qui a plong\u00e9 totalement la presse d\u00e9j\u00e0 souffrante des insertions publicitaires des entreprises \u00e0 cause de l\u2019\u00e9conomie nationale de jour en jour moribonde. A cette mandature, la HAAC pr\u00e9sid\u00e9e par le journaliste Loko doit faire du retour et du renforcement de l\u2019aide de l\u2019\u00e9tat \u00e0 la presse une priorit\u00e9 pour redonner de l\u2019espoir aux entreprises de presse et am\u00e9liorer les conditions de vie et de travail des professionnels des m\u00e9dias.<\/p>\n\n\n\n<p><strong>La mise \u00e0 jour et l\u2019application effective de la convention collective<\/strong><\/p>\n\n\n\n<p>Les journalistes b\u00e9ninois sont majoritairement sans salaire. Ceux qui en ont sont \u00e0 des miettes juste pour couvrir \u00e0 peine la 10\u00e8me de leurs besoins mensuels. Ceci pour cause, aucun dispositif juridique ne r\u00e9glemente v\u00e9ritablement ou n\u2019encadre le traitement salarial des professionnels des m\u00e9dias. Du coup, chaque patron de presse r\u00e9mun\u00e8re ses collaborateurs selon ses moyens et selon son bon vouloir. Le probl\u00e8me de ch\u00f4mage se posant avec acuit\u00e9 dans le pays, le professionnel des m\u00e9dias n\u2019a donc d\u2019autres choix que de se contenter des miettes appel\u00e9es salaires que son patron lui remet \u00e0 la fin de chaque mois ou parfois de fa\u00e7on sporadique.<\/p>\n\n\n\n<p>En mettant \u00e0 jour la convention collective existante et en faisant de son application une obligation pour tous les m\u00e9dias, la HAAC Loko aura relev\u00e9 un grand d\u00e9fi qui contribuera non seulement \u00e0 soigner beaucoup de maux dont souffre la presse b\u00e9ninoise aujourd\u2019hui mais aussi et surtout, responsabiliser les organes de presse qui pourront devenir de v\u00e9ritables entreprises de presse au B\u00e9nin.<\/p>\n\n\n\n<p><strong>La professionnalisation de la presse<\/strong><\/p>\n\n\n\n<p>N\u2019est pas journaliste qui veut mais qui peut. Les journalistes b\u00e9ninois apr\u00e8s leur sortie de l\u2019\u00e9cole manquent cruellement de recyclage. Pour les rendre plus professionnels, une mise \u00e0 jour r\u00e9guli\u00e8re de leurs connaissances doit \u00eatre encourag\u00e9e et soutenue aussi bien par leurs employeurs que par les associations des professionnels des m\u00e9dias et surtout par la HAAC. Chaque ann\u00e9e, un certain nombre de formations sur des th\u00e9matiques bien pr\u00e9cises doivent \u00eatre initi\u00e9es et financ\u00e9es par la Haute Autorit\u00e9 de l\u2019Audiovisuelle et de la communication pour le renforcement des capacit\u00e9s de ceux qui exercent le m\u00e9tier. La HAAC Loko doit contribuer \u00e0 la formation des journalistes en encourageant l&rsquo;octroi des bourses d&rsquo;\u00e9tudes aux acteurs des m\u00e9dias. Elle doit aussi accompagner le monde des m\u00e9dias dans la cr\u00e9ation de r\u00e9elles entreprises de presse qui nourrissent leurs animateurs et apportent de plus-value \u00e0 l&rsquo;\u00e9conomie nationale. A la fin de cette mandature, Edouard Loko doit s\u2019assurer que les conditions de vie et de travail des professionnels des m\u00e9dias sont consid\u00e9rablement am\u00e9lior\u00e9es. C\u2019est seulement \u00e0 ce prix que cette HAAC aura relev\u00e9 ces tr\u00e8s grands d\u00e9fis.<\/p>\n\n\n\n<p><strong>Comlan\u00a0Paul\u00a0ODAH<\/strong><\/p>\n\n\n\n<p>CPO<\/p>\n","protected":false},"excerpt":{"rendered":"<p>Souhait\u00e9 et r\u00e9clam\u00e9 par les professionnels des m\u00e9dias depuis plusieurs d\u00e9cennies, la Haute Autorit\u00e9 de l\u2019audiovisuelle et de la Communication (HAAC) est enfin pr\u00e9sid\u00e9 par un journaliste, et pas le&hellip;<\/p>\n","protected":false},"author":5,"featured_media":6492,"comment_status":"open","ping_status":"open","sticky":false,"template":"","format":"standard","meta":{"content-type":"","om_disable_all_campaigns":false,"_monsterinsights_skip_tracking":false,"_monsterinsights_sitenote_active":false,"_monsterinsights_sitenote_note":"","_monsterinsights_sitenote_category":0,"_uf_show_specific_survey":0,"_uf_disable_surveys":false,"footnotes":""},"categories":[26],"tags":[],"class_list":["post-6491","post","type-post","status-publish","format-standard","has-post-thumbnail","hentry","category-politique"],"aioseo_notices":[],"yoast_head":"<!-- This site is optimized with the Yoast SEO plugin v27.5 - https:\/\/yoast.com\/product\/yoast-seo-wordpress\/ -->\n<title>Presse et communication : Les grands d\u00e9fis de la HAAC LOKO - Le Patriote<\/title>\n<meta name=\"robots\" content=\"index, follow, max-snippet:-1, max-image-preview:large, max-video-preview:-1\" \/>\n<link rel=\"canonical\" href=\"https:\/\/lepatriotebenin.com\/index.php\/2024\/07\/08\/presse-et-communication-les-grands-defis-de-la-haac-loko\/\" \/>\n<meta property=\"og:locale\" content=\"fr_FR\" \/>\n<meta property=\"og:type\" content=\"article\" \/>\n<meta property=\"og:title\" content=\"Presse et communication : Les grands d\u00e9fis de la HAAC LOKO - Le Patriote\" \/>\n<meta property=\"og:description\" content=\"Souhait\u00e9 et r\u00e9clam\u00e9 par les professionnels des m\u00e9dias depuis plusieurs d\u00e9cennies, la Haute Autorit\u00e9 de l\u2019audiovisuelle et de la Communication (HAAC) est enfin pr\u00e9sid\u00e9 par un journaliste, et pas le&hellip;\" \/>\n<meta property=\"og:url\" content=\"https:\/\/lepatriotebenin.com\/index.php\/2024\/07\/08\/presse-et-communication-les-grands-defis-de-la-haac-loko\/\" \/>\n<meta property=\"og:site_name\" content=\"Le Patriote\" \/>\n<meta property=\"article:published_time\" content=\"2024-07-08T02:02:39+00:00\" \/>\n<meta property=\"og:image\" content=\"https:\/\/lepatriotebenin.com\/wp-content\/uploads\/2024\/07\/whatsapp-image-2024-07-08-a-02-58-07-cc71e1be.jpg\" \/>\n\t<meta property=\"og:image:width\" content=\"800\" \/>\n\t<meta property=\"og:image:height\" content=\"450\" \/>\n\t<meta property=\"og:image:type\" content=\"image\/jpeg\" \/>\n<meta name=\"author\" content=\"Redaction\" \/>\n<meta name=\"twitter:card\" content=\"summary_large_image\" \/>\n<meta name=\"twitter:label1\" content=\"\u00c9crit par\" \/>\n\t<meta name=\"twitter:data1\" content=\"Redaction\" \/>\n\t<meta name=\"twitter:label2\" content=\"Dur\u00e9e de lecture estim\u00e9e\" \/>\n\t<meta name=\"twitter:data2\" content=\"5 minutes\" \/>\n<script type=\"application\/ld+json\" class=\"yoast-schema-graph\">{\"@context\":\"https:\\\/\\\/schema.org\",\"@graph\":[{\"@type\":\"Article\",\"@id\":\"https:\\\/\\\/lepatriotebenin.com\\\/index.php\\\/2024\\\/07\\\/08\\\/presse-et-communication-les-grands-defis-de-la-haac-loko\\\/#article\",\"isPartOf\":{\"@id\":\"https:\\\/\\\/lepatriotebenin.com\\\/index.php\\\/2024\\\/07\\\/08\\\/presse-et-communication-les-grands-defis-de-la-haac-loko\\\/\"},\"author\":{\"name\":\"Redaction\",\"@id\":\"https:\\\/\\\/lepatriotebenin.com\\\/#\\\/schema\\\/person\\\/2e7709b9c9cc313e452d1136af61690f\"},\"headline\":\"Presse et communication : Les grands d\u00e9fis de la HAAC LOKO\",\"datePublished\":\"2024-07-08T02:02:39+00:00\",\"mainEntityOfPage\":{\"@id\":\"https:\\\/\\\/lepatriotebenin.com\\\/index.php\\\/2024\\\/07\\\/08\\\/presse-et-communication-les-grands-defis-de-la-haac-loko\\\/\"},\"wordCount\":961,\"commentCount\":0,\"image\":{\"@id\":\"https:\\\/\\\/lepatriotebenin.com\\\/index.php\\\/2024\\\/07\\\/08\\\/presse-et-communication-les-grands-defis-de-la-haac-loko\\\/#primaryimage\"},\"thumbnailUrl\":\"https:\\\/\\\/lepatriotebenin.com\\\/wp-content\\\/uploads\\\/2024\\\/07\\\/whatsapp-image-2024-07-08-a-02-58-07-cc71e1be.jpg\",\"articleSection\":[\"Politique\"],\"inLanguage\":\"fr-FR\",\"potentialAction\":[{\"@type\":\"CommentAction\",\"name\":\"Comment\",\"target\":[\"https:\\\/\\\/lepatriotebenin.com\\\/index.php\\\/2024\\\/07\\\/08\\\/presse-et-communication-les-grands-defis-de-la-haac-loko\\\/#respond\"]}]},{\"@type\":\"WebPage\",\"@id\":\"https:\\\/\\\/lepatriotebenin.com\\\/index.php\\\/2024\\\/07\\\/08\\\/presse-et-communication-les-grands-defis-de-la-haac-loko\\\/\",\"url\":\"https:\\\/\\\/lepatriotebenin.com\\\/index.php\\\/2024\\\/07\\\/08\\\/presse-et-communication-les-grands-defis-de-la-haac-loko\\\/\",\"name\":\"Presse et communication : Les grands d\u00e9fis de la HAAC LOKO - Le Patriote\",\"isPartOf\":{\"@id\":\"https:\\\/\\\/lepatriotebenin.com\\\/#website\"},\"primaryImageOfPage\":{\"@id\":\"https:\\\/\\\/lepatriotebenin.com\\\/index.php\\\/2024\\\/07\\\/08\\\/presse-et-communication-les-grands-defis-de-la-haac-loko\\\/#primaryimage\"},\"image\":{\"@id\":\"https:\\\/\\\/lepatriotebenin.com\\\/index.php\\\/2024\\\/07\\\/08\\\/presse-et-communication-les-grands-defis-de-la-haac-loko\\\/#primaryimage\"},\"thumbnailUrl\":\"https:\\\/\\\/lepatriotebenin.com\\\/wp-content\\\/uploads\\\/2024\\\/07\\\/whatsapp-image-2024-07-08-a-02-58-07-cc71e1be.jpg\",\"datePublished\":\"2024-07-08T02:02:39+00:00\",\"author\":{\"@id\":\"https:\\\/\\\/lepatriotebenin.com\\\/#\\\/schema\\\/person\\\/2e7709b9c9cc313e452d1136af61690f\"},\"breadcrumb\":{\"@id\":\"https:\\\/\\\/lepatriotebenin.com\\\/index.php\\\/2024\\\/07\\\/08\\\/presse-et-communication-les-grands-defis-de-la-haac-loko\\\/#breadcrumb\"},\"inLanguage\":\"fr-FR\",\"potentialAction\":[{\"@type\":\"ReadAction\",\"target\":[\"https:\\\/\\\/lepatriotebenin.com\\\/index.php\\\/2024\\\/07\\\/08\\\/presse-et-communication-les-grands-defis-de-la-haac-loko\\\/\"]}]},{\"@type\":\"ImageObject\",\"inLanguage\":\"fr-FR\",\"@id\":\"https:\\\/\\\/lepatriotebenin.com\\\/index.php\\\/2024\\\/07\\\/08\\\/presse-et-communication-les-grands-defis-de-la-haac-loko\\\/#primaryimage\",\"url\":\"https:\\\/\\\/lepatriotebenin.com\\\/wp-content\\\/uploads\\\/2024\\\/07\\\/whatsapp-image-2024-07-08-a-02-58-07-cc71e1be.jpg\",\"contentUrl\":\"https:\\\/\\\/lepatriotebenin.com\\\/wp-content\\\/uploads\\\/2024\\\/07\\\/whatsapp-image-2024-07-08-a-02-58-07-cc71e1be.jpg\",\"width\":800,\"height\":450},{\"@type\":\"BreadcrumbList\",\"@id\":\"https:\\\/\\\/lepatriotebenin.com\\\/index.php\\\/2024\\\/07\\\/08\\\/presse-et-communication-les-grands-defis-de-la-haac-loko\\\/#breadcrumb\",\"itemListElement\":[{\"@type\":\"ListItem\",\"position\":1,\"name\":\"Accueil\",\"item\":\"https:\\\/\\\/lepatriotebenin.com\\\/\"},{\"@type\":\"ListItem\",\"position\":2,\"name\":\"Presse et communication : Les grands d\u00e9fis de la HAAC LOKO\"}]},{\"@type\":\"WebSite\",\"@id\":\"https:\\\/\\\/lepatriotebenin.com\\\/#website\",\"url\":\"https:\\\/\\\/lepatriotebenin.com\\\/\",\"name\":\"Le Patriote\",\"description\":\"Le Patriote B\u00e9nin\",\"potentialAction\":[{\"@type\":\"SearchAction\",\"target\":{\"@type\":\"EntryPoint\",\"urlTemplate\":\"https:\\\/\\\/lepatriotebenin.com\\\/?s={search_term_string}\"},\"query-input\":{\"@type\":\"PropertyValueSpecification\",\"valueRequired\":true,\"valueName\":\"search_term_string\"}}],\"inLanguage\":\"fr-FR\"},{\"@type\":\"Person\",\"@id\":\"https:\\\/\\\/lepatriotebenin.com\\\/#\\\/schema\\\/person\\\/2e7709b9c9cc313e452d1136af61690f\",\"name\":\"Redaction\",\"image\":{\"@type\":\"ImageObject\",\"inLanguage\":\"fr-FR\",\"@id\":\"https:\\\/\\\/secure.gravatar.com\\\/avatar\\\/c4c509357859ea2ca2cbb6d8812898a73e4ef1ef9934c2e591d7e32face734d1?s=96&d=mm&r=g\",\"url\":\"https:\\\/\\\/secure.gravatar.com\\\/avatar\\\/c4c509357859ea2ca2cbb6d8812898a73e4ef1ef9934c2e591d7e32face734d1?s=96&d=mm&r=g\",\"contentUrl\":\"https:\\\/\\\/secure.gravatar.com\\\/avatar\\\/c4c509357859ea2ca2cbb6d8812898a73e4ef1ef9934c2e591d7e32face734d1?s=96&d=mm&r=g\",\"caption\":\"Redaction\"},\"url\":\"https:\\\/\\\/lepatriotebenin.com\"}]}<\/script>\n<!-- \/ Yoast SEO plugin. -->","yoast_head_json":{"title":"Presse et communication : Les grands d\u00e9fis de la HAAC LOKO - Le Patriote","robots":{"index":"index","follow":"follow","max-snippet":"max-snippet:-1","max-image-preview":"max-image-preview:large","max-video-preview":"max-video-preview:-1"},"canonical":"https:\/\/lepatriotebenin.com\/index.php\/2024\/07\/08\/presse-et-communication-les-grands-defis-de-la-haac-loko\/","og_locale":"fr_FR","og_type":"article","og_title":"Presse et communication : Les grands d\u00e9fis de la HAAC LOKO - Le Patriote","og_description":"Souhait\u00e9 et r\u00e9clam\u00e9 par les professionnels des m\u00e9dias depuis plusieurs d\u00e9cennies, la Haute Autorit\u00e9 de l\u2019audiovisuelle et de la Communication (HAAC) est enfin pr\u00e9sid\u00e9 par un journaliste, et pas le&hellip;","og_url":"https:\/\/lepatriotebenin.com\/index.php\/2024\/07\/08\/presse-et-communication-les-grands-defis-de-la-haac-loko\/","og_site_name":"Le Patriote","article_published_time":"2024-07-08T02:02:39+00:00","og_image":[{"width":800,"height":450,"url":"https:\/\/lepatriotebenin.com\/wp-content\/uploads\/2024\/07\/whatsapp-image-2024-07-08-a-02-58-07-cc71e1be.jpg","type":"image\/jpeg"}],"author":"Redaction","twitter_card":"summary_large_image","twitter_misc":{"\u00c9crit par":"Redaction","Dur\u00e9e de lecture estim\u00e9e":"5 minutes"},"schema":{"@context":"https:\/\/schema.org","@graph":[{"@type":"Article","@id":"https:\/\/lepatriotebenin.com\/index.php\/2024\/07\/08\/presse-et-communication-les-grands-defis-de-la-haac-loko\/#article","isPartOf":{"@id":"https:\/\/lepatriotebenin.com\/index.php\/2024\/07\/08\/presse-et-communication-les-grands-defis-de-la-haac-loko\/"},"author":{"name":"Redaction","@id":"https:\/\/lepatriotebenin.com\/#\/schema\/person\/2e7709b9c9cc313e452d1136af61690f"},"headline":"Presse et communication : Les grands d\u00e9fis de la HAAC LOKO","datePublished":"2024-07-08T02:02:39+00:00","mainEntityOfPage":{"@id":"https:\/\/lepatriotebenin.com\/index.php\/2024\/07\/08\/presse-et-communication-les-grands-defis-de-la-haac-loko\/"},"wordCount":961,"commentCount":0,"image":{"@id":"https:\/\/lepatriotebenin.com\/index.php\/2024\/07\/08\/presse-et-communication-les-grands-defis-de-la-haac-loko\/#primaryimage"},"thumbnailUrl":"https:\/\/lepatriotebenin.com\/wp-content\/uploads\/2024\/07\/whatsapp-image-2024-07-08-a-02-58-07-cc71e1be.jpg","articleSection":["Politique"],"inLanguage":"fr-FR","potentialAction":[{"@type":"CommentAction","name":"Comment","target":["https:\/\/lepatriotebenin.com\/index.php\/2024\/07\/08\/presse-et-communication-les-grands-defis-de-la-haac-loko\/#respond"]}]},{"@type":"WebPage","@id":"https:\/\/lepatriotebenin.com\/index.php\/2024\/07\/08\/presse-et-communication-les-grands-defis-de-la-haac-loko\/","url":"https:\/\/lepatriotebenin.com\/index.php\/2024\/07\/08\/presse-et-communication-les-grands-defis-de-la-haac-loko\/","name":"Presse et communication : Les grands d\u00e9fis de la HAAC LOKO - Le Patriote","isPartOf":{"@id":"https:\/\/lepatriotebenin.com\/#website"},"primaryImageOfPage":{"@id":"https:\/\/lepatriotebenin.com\/index.php\/2024\/07\/08\/presse-et-communication-les-grands-defis-de-la-haac-loko\/#primaryimage"},"image":{"@id":"https:\/\/lepatriotebenin.com\/index.php\/2024\/07\/08\/presse-et-communication-les-grands-defis-de-la-haac-loko\/#primaryimage"},"thumbnailUrl":"https:\/\/lepatriotebenin.com\/wp-content\/uploads\/2024\/07\/whatsapp-image-2024-07-08-a-02-58-07-cc71e1be.jpg","datePublished":"2024-07-08T02:02:39+00:00","author":{"@id":"https:\/\/lepatriotebenin.com\/#\/schema\/person\/2e7709b9c9cc313e452d1136af61690f"},"breadcrumb":{"@id":"https:\/\/lepatriotebenin.com\/index.php\/2024\/07\/08\/presse-et-communication-les-grands-defis-de-la-haac-loko\/#breadcrumb"},"inLanguage":"fr-FR","potentialAction":[{"@type":"ReadAction","target":["https:\/\/lepatriotebenin.com\/index.php\/2024\/07\/08\/presse-et-communication-les-grands-defis-de-la-haac-loko\/"]}]},{"@type":"ImageObject","inLanguage":"fr-FR","@id":"https:\/\/lepatriotebenin.com\/index.php\/2024\/07\/08\/presse-et-communication-les-grands-defis-de-la-haac-loko\/#primaryimage","url":"https:\/\/lepatriotebenin.com\/wp-content\/uploads\/2024\/07\/whatsapp-image-2024-07-08-a-02-58-07-cc71e1be.jpg","contentUrl":"https:\/\/lepatriotebenin.com\/wp-content\/uploads\/2024\/07\/whatsapp-image-2024-07-08-a-02-58-07-cc71e1be.jpg","width":800,"height":450},{"@type":"BreadcrumbList","@id":"https:\/\/lepatriotebenin.com\/index.php\/2024\/07\/08\/presse-et-communication-les-grands-defis-de-la-haac-loko\/#breadcrumb","itemListElement":[{"@type":"ListItem","position":1,"name":"Accueil","item":"https:\/\/lepatriotebenin.com\/"},{"@type":"ListItem","position":2,"name":"Presse et communication : Les grands d\u00e9fis de la HAAC LOKO"}]},{"@type":"WebSite","@id":"https:\/\/lepatriotebenin.com\/#website","url":"https:\/\/lepatriotebenin.com\/","name":"Le Patriote","description":"Le Patriote B\u00e9nin","potentialAction":[{"@type":"SearchAction","target":{"@type":"EntryPoint","urlTemplate":"https:\/\/lepatriotebenin.com\/?s={search_term_string}"},"query-input":{"@type":"PropertyValueSpecification","valueRequired":true,"valueName":"search_term_string"}}],"inLanguage":"fr-FR"},{"@type":"Person","@id":"https:\/\/lepatriotebenin.com\/#\/schema\/person\/2e7709b9c9cc313e452d1136af61690f","name":"Redaction","image":{"@type":"ImageObject","inLanguage":"fr-FR","@id":"https:\/\/secure.gravatar.com\/avatar\/c4c509357859ea2ca2cbb6d8812898a73e4ef1ef9934c2e591d7e32face734d1?s=96&d=mm&r=g","url":"https:\/\/secure.gravatar.com\/avatar\/c4c509357859ea2ca2cbb6d8812898a73e4ef1ef9934c2e591d7e32face734d1?s=96&d=mm&r=g","contentUrl":"https:\/\/secure.gravatar.com\/avatar\/c4c509357859ea2ca2cbb6d8812898a73e4ef1ef9934c2e591d7e32face734d1?s=96&d=mm&r=g","caption":"Redaction"},"url":"https:\/\/lepatriotebenin.com"}]}},"_links":{"self":[{"href":"https:\/\/lepatriotebenin.com\/index.php\/wp-json\/wp\/v2\/posts\/6491","targetHints":{"allow":["GET"]}}],"collection":[{"href":"https:\/\/lepatriotebenin.com\/index.php\/wp-json\/wp\/v2\/posts"}],"about":[{"href":"https:\/\/lepatriotebenin.com\/index.php\/wp-json\/wp\/v2\/types\/post"}],"author":[{"embeddable":true,"href":"https:\/\/lepatriotebenin.com\/index.php\/wp-json\/wp\/v2\/users\/5"}],"replies":[{"embeddable":true,"href":"https:\/\/lepatriotebenin.com\/index.php\/wp-json\/wp\/v2\/comments?post=6491"}],"version-history":[{"count":1,"href":"https:\/\/lepatriotebenin.com\/index.php\/wp-json\/wp\/v2\/posts\/6491\/revisions"}],"predecessor-version":[{"id":6493,"href":"https:\/\/lepatriotebenin.com\/index.php\/wp-json\/wp\/v2\/posts\/6491\/revisions\/6493"}],"wp:featuredmedia":[{"embeddable":true,"href":"https:\/\/lepatriotebenin.com\/index.php\/wp-json\/wp\/v2\/media\/6492"}],"wp:attachment":[{"href":"https:\/\/lepatriotebenin.com\/index.php\/wp-json\/wp\/v2\/media?parent=6491"}],"wp:term":[{"taxonomy":"category","embeddable":true,"href":"https:\/\/lepatriotebenin.com\/index.php\/wp-json\/wp\/v2\/categories?post=6491"},{"taxonomy":"post_tag","embeddable":true,"href":"https:\/\/lepatriotebenin.com\/index.php\/wp-json\/wp\/v2\/tags?post=6491"}],"curies":[{"name":"wp","href":"https:\/\/api.w.org\/{rel}","templated":true}]}}