{"id":6488,"date":"2024-07-08T03:58:23","date_gmt":"2024-07-08T01:58:23","guid":{"rendered":"https:\/\/lepatriotebenin.com\/?p=6488"},"modified":"2024-07-08T03:58:24","modified_gmt":"2024-07-08T01:58:24","slug":"centre-hospitalier-international-de-calavi-ces-verites-non-dites","status":"publish","type":"post","link":"https:\/\/lepatriotebenin.com\/index.php\/2024\/07\/08\/centre-hospitalier-international-de-calavi-ces-verites-non-dites\/","title":{"rendered":"Centre Hospitalier International de Calavi\u00a0: Ces v\u00e9rit\u00e9s non dites"},"content":{"rendered":"\n<p><em>Le B\u00e9nin dispose &nbsp;d\u2019un h\u00f4pital international de haut standing. Si le projet rehausse \u00e0 la fois l\u2019image du B\u00e9nin et de son pr\u00e9sident Patrice Talon, il n\u2019en demeure pas moins que la communication tapageuse qui l\u2019a entour\u00e9 ces derniers jours a embrouill\u00e9 plus d\u2019un. Elle semble avoir distill\u00e9 plus de contre-v\u00e9rit\u00e9s que de v\u00e9rit\u00e9s.<\/em><\/p>\n\n\n\n<p>Nul n\u2019est rest\u00e9 insensible aux premi\u00e8res images du Centre Hospitalier International de Calavi(CHIC) diffus\u00e9es en juin par le petit \u00e9cran. Il pr\u00e9sente une infrastructure hospitali\u00e8re de derni\u00e8re g\u00e9n\u00e9ration, avec des services de pointe et des sp\u00e9cialit\u00e9s tr\u00e8s recherch\u00e9es. Une fiert\u00e9 pour le B\u00e9nin qui voit son plateau technique r\u00e9nov\u00e9 sur le plan m\u00e9dical. Seulement voil\u00e0, tout s\u2019est pass\u00e9 dans ce dossier comme si l\u2019on voulait parer Patrice Talon des plumes de paon. Ainsi donc,&nbsp;les pr\u00e9pos\u00e9s \u00e0 la communication du palais ont salu\u00e9 le g\u00e9nie du chef de l\u2019Etat et de son gouvernement \u00e0 qui a \u00e9t\u00e9 attribu\u00e9e la paternit\u00e9 de ce projet. Le narratif gouvernemental n\u2019a pas h\u00e9las favoris\u00e9 l\u2019\u00e9closion de la v\u00e9rit\u00e9 autour de ce projet. Initialement, le projet est d\u00e9nomm\u00e9 Centre Hospitalier Universitaire d\u2019Abomey- Calavi. Ce qui devrait signifier CHUAC ou CHU d\u2019Abomey-Calavi. C\u2019est le gouvernement qui l\u2019a transform\u00e9 en Centre Hospitalier International de Calavi( CHIC) pour flatter ou impressionner. &nbsp;Les nombreux articles sur les sites de la Soci\u00e9t\u00e9 G\u00e9n\u00e9rale ou m\u00eame du groupe Bouygues renseignent suffisamment sur cette appellation.&nbsp; La premi\u00e8re est la banque qui a permis de lever le financement des 175 millions d\u2019Euros initialement pr\u00e9vus pour le montage financier, le design et la construction de ce h\u00f4pital. Le second est le groupe de BTP fran\u00e7ais qui a conduit les travaux. Le plan est con\u00e7u par le cabinet d\u2019architectes fran\u00e7ais Miche Beauvais. Sur le financement, la d\u00e9claration d\u2019Emmanuel Macron le lundi 05 mars 2018, date de la prise de la d\u00e9cision de financement de ce projet \u00e0 l\u2019Elys\u00e9e fait foi. On voit le pr\u00e9sident fran\u00e7ais en compagnie de son homologue du B\u00e9nin Patrice Talon affirmer urbi et orbi&nbsp;: \u00ab&nbsp;La&nbsp; premi\u00e8re priorit\u00e9 en mati\u00e8re de sant\u00e9 c\u2019est le futur Centre Hospitalier et Universitaire d\u2019Abomey-Calavi. Et, nous confirmons la garantie de la banque publique d\u2019investissement avec une assurance cr\u00e9dit de 175 millions d\u2019euros&nbsp;\u00bb. La France a donc confirm\u00e9 la garantie aupr\u00e8s de la banque publique d\u2019investissement et le financement est lui accord\u00e9 par la Soci\u00e9t\u00e9 G\u00e9n\u00e9rale. Ce discours tranche avec toutes les d\u00e9clarations post\u00e9rieures, en occurrence celle du porte-parole du gouvernement , qui affirmait le12 octobre 2022 que \u00ab&nbsp;C\u2019est le B\u00e9nin qui a lev\u00e9 des financements. C\u2019est le B\u00e9nin qui a apport\u00e9 le compl\u00e9ment des ressources du budget national et c\u2019est le B\u00e9nin qui met toute l\u2019attention qu\u2019il faut afin qu\u2019il soit r\u00e9alis\u00e9 aux normes et standards internationaux afin que demain, ils servent de plateforme sanitaire pour des \u00e9trangers, africains ou d\u2019ailleurs qui viennent en tourisme sanitaire. Ce serait tant mieux pour nous mais, \u00e7a n\u2019est pas une raison pour penser que ce que nous faisons avec autant d\u2019effort, avec autant d\u2019engagement de nos citoyens serait la propri\u00e9t\u00e9 d\u2019un autre \u00e9tat&nbsp;\u00bb. Il semble insinuer que c\u2019est un projet du gouvernement b\u00e9ninois. Dans un projet d\u2019infrastructures comme celui l\u00e0, il est important de savoir qui apporte le financement, qui con\u00e7oit le plan, qui construit\u2026&nbsp;\u00bb. Aucun des trois n\u2019est b\u00e9ninois comme le disait plus haut.&nbsp; Le B\u00e9nin n\u2019aura pas non plus la gestion de cet h\u00f4pital de r\u00e9f\u00e9rence. Elle est confi\u00e9e \u00e0 Assistance Publique- H\u00f4pitaux de Paris qui est&nbsp; \u00e9tablissement public de sant\u00e9 fran\u00e7ais qui exerce le r\u00f4le de centre hospitalier universitaire pour Paris et l&rsquo;\u00cele-de-France. Jusque l\u00e0, la seule intervention du B\u00e9nin dans le projet se limite \u00e0 l\u2019octroi du domaine de 400.000 m\u00e8tres carr\u00e9s. En un mot, il s\u2019agit d\u2019un projet BOT( Buld, Operate and Transfer). La France, construit, administre avant de transf\u00e9rer la gestion au B\u00e9nin quelques ann\u00e9es apr\u00e8s.<\/p>\n\n\n\n<p><strong>Pour le bonheur des autres<\/strong><\/p>\n\n\n\n<p>Mais le plus frustrant de ce projet c\u2019est que cet h\u00f4pital n\u2019est pas construit pour le public b\u00e9ninois. Selon nos recoupements, les h\u00f4pitaux de zone du B\u00e9nin ne peuvent pas r\u00e9f\u00e9rer leurs patients sur cet h\u00f4pital comme ils le font pour le Centre National Hospitalier et Universitaire. Le CHIC n\u2019est donc pas dans la carte sanitaire du B\u00e9nin. C\u2019est face aux maladies graves dont les diagnostics demandent un\u00a0 plateau technique de haut niveau et un traitement d\u00e9licat et de longue dur\u00e9e pour des maladies jug\u00e9es elles m\u00eames graves que les patients peuvent \u00eatre r\u00e9f\u00e9r\u00e9s \u00e0 cet h\u00f4pital. En termes claires, c\u2019est lorsque le cas du patient demande une intervention une \u00e9vacuation sur la France et d\u2019autres pays qu\u2019il peut y \u00eatre envoy\u00e9. Au regard de cel\u00e0, il appara\u00eet\u00a0 clairement que c\u2019est une \u00e9lite qui peut avoir acc\u00e8s \u00e0 cet h\u00f4pital et en b\u00e9n\u00e9ficier des services. Selon des sources concordantes, la France a d\u00e9cid\u00e9 de financer ce projet pour limiter, voire arr\u00eater le nombre de personnes qui envahissent la France chaque ann\u00e9e avec sans oublier les garde-malade.\u00a0 Le personnel\u00a0 estim\u00e9 pour servir dans l\u2019h\u00f4pital\u00a0 est de 1028. La France se serait taill\u00e9 la part de Lion avec plus de 40% du personnel, 30 % pour le B\u00e9nin et le restant pour les autres nationalit\u00e9s. Selon toujours les m\u00eames sources, la majorit\u00e9 des agents de l\u2019AP-HP\u00a0 affect\u00e9e \u00e0 Cotonou est en pr\u00e9retraite, soit environ\u00a0 400 personnes qui vont descendre \u00e0 Cotonou avec famille. Une client\u00e8le potentielle pour le lyc\u00e9e fran\u00e7ais Pierre Mano\u00ebl Talon qui ouvre bient\u00f4t ses portes \u00e0 Cotonou. Qui est fou\u00a0!\u00a0 \u00a0Construire et inaugurer un tel projet sous le mandat de Patrice Talon \u00e9tait d\u00e9j\u00e0 suffisant pour flatter les populations et vendre le produit \u00a0\u00bb Talon\u00a0\u00bb. Les autres arguments apparaissent superf\u00e9tatoires. Le diable malheureusement s&rsquo;est retrouv\u00e9 dans les d\u00e9tails.\u00a0<\/p>\n","protected":false},"excerpt":{"rendered":"<p>Le B\u00e9nin dispose &nbsp;d\u2019un h\u00f4pital international de haut standing. Si le projet rehausse \u00e0 la fois l\u2019image du B\u00e9nin et de son pr\u00e9sident Patrice Talon, il n\u2019en demeure pas moins&hellip;<\/p>\n","protected":false},"author":2,"featured_media":6489,"comment_status":"open","ping_status":"open","sticky":false,"template":"","format":"standard","meta":{"content-type":"","om_disable_all_campaigns":false,"_monsterinsights_skip_tracking":false,"_monsterinsights_sitenote_active":false,"_monsterinsights_sitenote_note":"","_monsterinsights_sitenote_category":0,"_uf_show_specific_survey":0,"_uf_disable_surveys":false,"footnotes":""},"categories":[26],"tags":[],"class_list":["post-6488","post","type-post","status-publish","format-standard","has-post-thumbnail","hentry","category-politique"],"aioseo_notices":[],"yoast_head":"<!-- This site is optimized with the Yoast SEO plugin v27.5 - https:\/\/yoast.com\/product\/yoast-seo-wordpress\/ -->\n<title>Centre Hospitalier International de Calavi\u00a0: Ces v\u00e9rit\u00e9s non dites - Le Patriote<\/title>\n<meta name=\"robots\" content=\"index, follow, max-snippet:-1, max-image-preview:large, max-video-preview:-1\" \/>\n<link rel=\"canonical\" href=\"https:\/\/lepatriotebenin.com\/index.php\/2024\/07\/08\/centre-hospitalier-international-de-calavi-ces-verites-non-dites\/\" \/>\n<meta property=\"og:locale\" content=\"fr_FR\" \/>\n<meta property=\"og:type\" content=\"article\" \/>\n<meta property=\"og:title\" content=\"Centre Hospitalier International de Calavi\u00a0: Ces v\u00e9rit\u00e9s non dites - Le Patriote\" \/>\n<meta property=\"og:description\" content=\"Le B\u00e9nin dispose &nbsp;d\u2019un h\u00f4pital international de haut standing. Si le projet rehausse \u00e0 la fois l\u2019image du B\u00e9nin et de son pr\u00e9sident Patrice Talon, il n\u2019en demeure pas moins&hellip;\" \/>\n<meta property=\"og:url\" content=\"https:\/\/lepatriotebenin.com\/index.php\/2024\/07\/08\/centre-hospitalier-international-de-calavi-ces-verites-non-dites\/\" \/>\n<meta property=\"og:site_name\" content=\"Le Patriote\" \/>\n<meta property=\"article:published_time\" content=\"2024-07-08T01:58:23+00:00\" \/>\n<meta property=\"article:modified_time\" content=\"2024-07-08T01:58:24+00:00\" \/>\n<meta property=\"og:image\" content=\"https:\/\/lepatriotebenin.com\/wp-content\/uploads\/2024\/07\/whatsapp-image-2024-07-08-a-02-57-30-9a347570.jpg\" \/>\n\t<meta property=\"og:image:width\" content=\"1080\" \/>\n\t<meta property=\"og:image:height\" content=\"604\" \/>\n\t<meta property=\"og:image:type\" content=\"image\/jpeg\" \/>\n<meta name=\"author\" content=\"Marcel ZOUMENOU\" \/>\n<meta name=\"twitter:card\" content=\"summary_large_image\" \/>\n<meta name=\"twitter:label1\" content=\"\u00c9crit par\" \/>\n\t<meta name=\"twitter:data1\" content=\"Marcel ZOUMENOU\" \/>\n\t<meta name=\"twitter:label2\" content=\"Dur\u00e9e de lecture estim\u00e9e\" \/>\n\t<meta name=\"twitter:data2\" content=\"5 minutes\" \/>\n<script type=\"application\/ld+json\" class=\"yoast-schema-graph\">{\"@context\":\"https:\\\/\\\/schema.org\",\"@graph\":[{\"@type\":\"Article\",\"@id\":\"https:\\\/\\\/lepatriotebenin.com\\\/index.php\\\/2024\\\/07\\\/08\\\/centre-hospitalier-international-de-calavi-ces-verites-non-dites\\\/#article\",\"isPartOf\":{\"@id\":\"https:\\\/\\\/lepatriotebenin.com\\\/index.php\\\/2024\\\/07\\\/08\\\/centre-hospitalier-international-de-calavi-ces-verites-non-dites\\\/\"},\"author\":{\"name\":\"Marcel ZOUMENOU\",\"@id\":\"https:\\\/\\\/lepatriotebenin.com\\\/#\\\/schema\\\/person\\\/bc185387219a73c6f2f8698114720c49\"},\"headline\":\"Centre Hospitalier International de Calavi\u00a0: Ces v\u00e9rit\u00e9s non dites\",\"datePublished\":\"2024-07-08T01:58:23+00:00\",\"dateModified\":\"2024-07-08T01:58:24+00:00\",\"mainEntityOfPage\":{\"@id\":\"https:\\\/\\\/lepatriotebenin.com\\\/index.php\\\/2024\\\/07\\\/08\\\/centre-hospitalier-international-de-calavi-ces-verites-non-dites\\\/\"},\"wordCount\":1102,\"commentCount\":0,\"image\":{\"@id\":\"https:\\\/\\\/lepatriotebenin.com\\\/index.php\\\/2024\\\/07\\\/08\\\/centre-hospitalier-international-de-calavi-ces-verites-non-dites\\\/#primaryimage\"},\"thumbnailUrl\":\"https:\\\/\\\/lepatriotebenin.com\\\/wp-content\\\/uploads\\\/2024\\\/07\\\/whatsapp-image-2024-07-08-a-02-57-30-9a347570.jpg\",\"articleSection\":[\"Politique\"],\"inLanguage\":\"fr-FR\",\"potentialAction\":[{\"@type\":\"CommentAction\",\"name\":\"Comment\",\"target\":[\"https:\\\/\\\/lepatriotebenin.com\\\/index.php\\\/2024\\\/07\\\/08\\\/centre-hospitalier-international-de-calavi-ces-verites-non-dites\\\/#respond\"]}]},{\"@type\":\"WebPage\",\"@id\":\"https:\\\/\\\/lepatriotebenin.com\\\/index.php\\\/2024\\\/07\\\/08\\\/centre-hospitalier-international-de-calavi-ces-verites-non-dites\\\/\",\"url\":\"https:\\\/\\\/lepatriotebenin.com\\\/index.php\\\/2024\\\/07\\\/08\\\/centre-hospitalier-international-de-calavi-ces-verites-non-dites\\\/\",\"name\":\"Centre Hospitalier International de Calavi\u00a0: Ces v\u00e9rit\u00e9s non dites - Le Patriote\",\"isPartOf\":{\"@id\":\"https:\\\/\\\/lepatriotebenin.com\\\/#website\"},\"primaryImageOfPage\":{\"@id\":\"https:\\\/\\\/lepatriotebenin.com\\\/index.php\\\/2024\\\/07\\\/08\\\/centre-hospitalier-international-de-calavi-ces-verites-non-dites\\\/#primaryimage\"},\"image\":{\"@id\":\"https:\\\/\\\/lepatriotebenin.com\\\/index.php\\\/2024\\\/07\\\/08\\\/centre-hospitalier-international-de-calavi-ces-verites-non-dites\\\/#primaryimage\"},\"thumbnailUrl\":\"https:\\\/\\\/lepatriotebenin.com\\\/wp-content\\\/uploads\\\/2024\\\/07\\\/whatsapp-image-2024-07-08-a-02-57-30-9a347570.jpg\",\"datePublished\":\"2024-07-08T01:58:23+00:00\",\"dateModified\":\"2024-07-08T01:58:24+00:00\",\"author\":{\"@id\":\"https:\\\/\\\/lepatriotebenin.com\\\/#\\\/schema\\\/person\\\/bc185387219a73c6f2f8698114720c49\"},\"breadcrumb\":{\"@id\":\"https:\\\/\\\/lepatriotebenin.com\\\/index.php\\\/2024\\\/07\\\/08\\\/centre-hospitalier-international-de-calavi-ces-verites-non-dites\\\/#breadcrumb\"},\"inLanguage\":\"fr-FR\",\"potentialAction\":[{\"@type\":\"ReadAction\",\"target\":[\"https:\\\/\\\/lepatriotebenin.com\\\/index.php\\\/2024\\\/07\\\/08\\\/centre-hospitalier-international-de-calavi-ces-verites-non-dites\\\/\"]}]},{\"@type\":\"ImageObject\",\"inLanguage\":\"fr-FR\",\"@id\":\"https:\\\/\\\/lepatriotebenin.com\\\/index.php\\\/2024\\\/07\\\/08\\\/centre-hospitalier-international-de-calavi-ces-verites-non-dites\\\/#primaryimage\",\"url\":\"https:\\\/\\\/lepatriotebenin.com\\\/wp-content\\\/uploads\\\/2024\\\/07\\\/whatsapp-image-2024-07-08-a-02-57-30-9a347570.jpg\",\"contentUrl\":\"https:\\\/\\\/lepatriotebenin.com\\\/wp-content\\\/uploads\\\/2024\\\/07\\\/whatsapp-image-2024-07-08-a-02-57-30-9a347570.jpg\",\"width\":1080,\"height\":604},{\"@type\":\"BreadcrumbList\",\"@id\":\"https:\\\/\\\/lepatriotebenin.com\\\/index.php\\\/2024\\\/07\\\/08\\\/centre-hospitalier-international-de-calavi-ces-verites-non-dites\\\/#breadcrumb\",\"itemListElement\":[{\"@type\":\"ListItem\",\"position\":1,\"name\":\"Accueil\",\"item\":\"https:\\\/\\\/lepatriotebenin.com\\\/\"},{\"@type\":\"ListItem\",\"position\":2,\"name\":\"Centre Hospitalier International de Calavi\u00a0: Ces v\u00e9rit\u00e9s non dites\"}]},{\"@type\":\"WebSite\",\"@id\":\"https:\\\/\\\/lepatriotebenin.com\\\/#website\",\"url\":\"https:\\\/\\\/lepatriotebenin.com\\\/\",\"name\":\"Le Patriote\",\"description\":\"Le Patriote B\u00e9nin\",\"potentialAction\":[{\"@type\":\"SearchAction\",\"target\":{\"@type\":\"EntryPoint\",\"urlTemplate\":\"https:\\\/\\\/lepatriotebenin.com\\\/?s={search_term_string}\"},\"query-input\":{\"@type\":\"PropertyValueSpecification\",\"valueRequired\":true,\"valueName\":\"search_term_string\"}}],\"inLanguage\":\"fr-FR\"},{\"@type\":\"Person\",\"@id\":\"https:\\\/\\\/lepatriotebenin.com\\\/#\\\/schema\\\/person\\\/bc185387219a73c6f2f8698114720c49\",\"name\":\"Marcel ZOUMENOU\",\"image\":{\"@type\":\"ImageObject\",\"inLanguage\":\"fr-FR\",\"@id\":\"https:\\\/\\\/secure.gravatar.com\\\/avatar\\\/55e60188ee1ca2050a14675489f7856c575861edc734548164d100bdb6565472?s=96&d=mm&r=g\",\"url\":\"https:\\\/\\\/secure.gravatar.com\\\/avatar\\\/55e60188ee1ca2050a14675489f7856c575861edc734548164d100bdb6565472?s=96&d=mm&r=g\",\"contentUrl\":\"https:\\\/\\\/secure.gravatar.com\\\/avatar\\\/55e60188ee1ca2050a14675489f7856c575861edc734548164d100bdb6565472?s=96&d=mm&r=g\",\"caption\":\"Marcel ZOUMENOU\"},\"url\":\"https:\\\/\\\/lepatriotebenin.com\"}]}<\/script>\n<!-- \/ Yoast SEO plugin. -->","yoast_head_json":{"title":"Centre Hospitalier International de Calavi\u00a0: Ces v\u00e9rit\u00e9s non dites - Le Patriote","robots":{"index":"index","follow":"follow","max-snippet":"max-snippet:-1","max-image-preview":"max-image-preview:large","max-video-preview":"max-video-preview:-1"},"canonical":"https:\/\/lepatriotebenin.com\/index.php\/2024\/07\/08\/centre-hospitalier-international-de-calavi-ces-verites-non-dites\/","og_locale":"fr_FR","og_type":"article","og_title":"Centre Hospitalier International de Calavi\u00a0: Ces v\u00e9rit\u00e9s non dites - Le Patriote","og_description":"Le B\u00e9nin dispose &nbsp;d\u2019un h\u00f4pital international de haut standing. Si le projet rehausse \u00e0 la fois l\u2019image du B\u00e9nin et de son pr\u00e9sident Patrice Talon, il n\u2019en demeure pas moins&hellip;","og_url":"https:\/\/lepatriotebenin.com\/index.php\/2024\/07\/08\/centre-hospitalier-international-de-calavi-ces-verites-non-dites\/","og_site_name":"Le Patriote","article_published_time":"2024-07-08T01:58:23+00:00","article_modified_time":"2024-07-08T01:58:24+00:00","og_image":[{"width":1080,"height":604,"url":"https:\/\/lepatriotebenin.com\/wp-content\/uploads\/2024\/07\/whatsapp-image-2024-07-08-a-02-57-30-9a347570.jpg","type":"image\/jpeg"}],"author":"Marcel ZOUMENOU","twitter_card":"summary_large_image","twitter_misc":{"\u00c9crit par":"Marcel ZOUMENOU","Dur\u00e9e de lecture estim\u00e9e":"5 minutes"},"schema":{"@context":"https:\/\/schema.org","@graph":[{"@type":"Article","@id":"https:\/\/lepatriotebenin.com\/index.php\/2024\/07\/08\/centre-hospitalier-international-de-calavi-ces-verites-non-dites\/#article","isPartOf":{"@id":"https:\/\/lepatriotebenin.com\/index.php\/2024\/07\/08\/centre-hospitalier-international-de-calavi-ces-verites-non-dites\/"},"author":{"name":"Marcel ZOUMENOU","@id":"https:\/\/lepatriotebenin.com\/#\/schema\/person\/bc185387219a73c6f2f8698114720c49"},"headline":"Centre Hospitalier International de Calavi\u00a0: Ces v\u00e9rit\u00e9s non dites","datePublished":"2024-07-08T01:58:23+00:00","dateModified":"2024-07-08T01:58:24+00:00","mainEntityOfPage":{"@id":"https:\/\/lepatriotebenin.com\/index.php\/2024\/07\/08\/centre-hospitalier-international-de-calavi-ces-verites-non-dites\/"},"wordCount":1102,"commentCount":0,"image":{"@id":"https:\/\/lepatriotebenin.com\/index.php\/2024\/07\/08\/centre-hospitalier-international-de-calavi-ces-verites-non-dites\/#primaryimage"},"thumbnailUrl":"https:\/\/lepatriotebenin.com\/wp-content\/uploads\/2024\/07\/whatsapp-image-2024-07-08-a-02-57-30-9a347570.jpg","articleSection":["Politique"],"inLanguage":"fr-FR","potentialAction":[{"@type":"CommentAction","name":"Comment","target":["https:\/\/lepatriotebenin.com\/index.php\/2024\/07\/08\/centre-hospitalier-international-de-calavi-ces-verites-non-dites\/#respond"]}]},{"@type":"WebPage","@id":"https:\/\/lepatriotebenin.com\/index.php\/2024\/07\/08\/centre-hospitalier-international-de-calavi-ces-verites-non-dites\/","url":"https:\/\/lepatriotebenin.com\/index.php\/2024\/07\/08\/centre-hospitalier-international-de-calavi-ces-verites-non-dites\/","name":"Centre Hospitalier International de Calavi\u00a0: Ces v\u00e9rit\u00e9s non dites - Le Patriote","isPartOf":{"@id":"https:\/\/lepatriotebenin.com\/#website"},"primaryImageOfPage":{"@id":"https:\/\/lepatriotebenin.com\/index.php\/2024\/07\/08\/centre-hospitalier-international-de-calavi-ces-verites-non-dites\/#primaryimage"},"image":{"@id":"https:\/\/lepatriotebenin.com\/index.php\/2024\/07\/08\/centre-hospitalier-international-de-calavi-ces-verites-non-dites\/#primaryimage"},"thumbnailUrl":"https:\/\/lepatriotebenin.com\/wp-content\/uploads\/2024\/07\/whatsapp-image-2024-07-08-a-02-57-30-9a347570.jpg","datePublished":"2024-07-08T01:58:23+00:00","dateModified":"2024-07-08T01:58:24+00:00","author":{"@id":"https:\/\/lepatriotebenin.com\/#\/schema\/person\/bc185387219a73c6f2f8698114720c49"},"breadcrumb":{"@id":"https:\/\/lepatriotebenin.com\/index.php\/2024\/07\/08\/centre-hospitalier-international-de-calavi-ces-verites-non-dites\/#breadcrumb"},"inLanguage":"fr-FR","potentialAction":[{"@type":"ReadAction","target":["https:\/\/lepatriotebenin.com\/index.php\/2024\/07\/08\/centre-hospitalier-international-de-calavi-ces-verites-non-dites\/"]}]},{"@type":"ImageObject","inLanguage":"fr-FR","@id":"https:\/\/lepatriotebenin.com\/index.php\/2024\/07\/08\/centre-hospitalier-international-de-calavi-ces-verites-non-dites\/#primaryimage","url":"https:\/\/lepatriotebenin.com\/wp-content\/uploads\/2024\/07\/whatsapp-image-2024-07-08-a-02-57-30-9a347570.jpg","contentUrl":"https:\/\/lepatriotebenin.com\/wp-content\/uploads\/2024\/07\/whatsapp-image-2024-07-08-a-02-57-30-9a347570.jpg","width":1080,"height":604},{"@type":"BreadcrumbList","@id":"https:\/\/lepatriotebenin.com\/index.php\/2024\/07\/08\/centre-hospitalier-international-de-calavi-ces-verites-non-dites\/#breadcrumb","itemListElement":[{"@type":"ListItem","position":1,"name":"Accueil","item":"https:\/\/lepatriotebenin.com\/"},{"@type":"ListItem","position":2,"name":"Centre Hospitalier International de Calavi\u00a0: Ces v\u00e9rit\u00e9s non dites"}]},{"@type":"WebSite","@id":"https:\/\/lepatriotebenin.com\/#website","url":"https:\/\/lepatriotebenin.com\/","name":"Le Patriote","description":"Le Patriote B\u00e9nin","potentialAction":[{"@type":"SearchAction","target":{"@type":"EntryPoint","urlTemplate":"https:\/\/lepatriotebenin.com\/?s={search_term_string}"},"query-input":{"@type":"PropertyValueSpecification","valueRequired":true,"valueName":"search_term_string"}}],"inLanguage":"fr-FR"},{"@type":"Person","@id":"https:\/\/lepatriotebenin.com\/#\/schema\/person\/bc185387219a73c6f2f8698114720c49","name":"Marcel ZOUMENOU","image":{"@type":"ImageObject","inLanguage":"fr-FR","@id":"https:\/\/secure.gravatar.com\/avatar\/55e60188ee1ca2050a14675489f7856c575861edc734548164d100bdb6565472?s=96&d=mm&r=g","url":"https:\/\/secure.gravatar.com\/avatar\/55e60188ee1ca2050a14675489f7856c575861edc734548164d100bdb6565472?s=96&d=mm&r=g","contentUrl":"https:\/\/secure.gravatar.com\/avatar\/55e60188ee1ca2050a14675489f7856c575861edc734548164d100bdb6565472?s=96&d=mm&r=g","caption":"Marcel ZOUMENOU"},"url":"https:\/\/lepatriotebenin.com"}]}},"_links":{"self":[{"href":"https:\/\/lepatriotebenin.com\/index.php\/wp-json\/wp\/v2\/posts\/6488","targetHints":{"allow":["GET"]}}],"collection":[{"href":"https:\/\/lepatriotebenin.com\/index.php\/wp-json\/wp\/v2\/posts"}],"about":[{"href":"https:\/\/lepatriotebenin.com\/index.php\/wp-json\/wp\/v2\/types\/post"}],"author":[{"embeddable":true,"href":"https:\/\/lepatriotebenin.com\/index.php\/wp-json\/wp\/v2\/users\/2"}],"replies":[{"embeddable":true,"href":"https:\/\/lepatriotebenin.com\/index.php\/wp-json\/wp\/v2\/comments?post=6488"}],"version-history":[{"count":1,"href":"https:\/\/lepatriotebenin.com\/index.php\/wp-json\/wp\/v2\/posts\/6488\/revisions"}],"predecessor-version":[{"id":6490,"href":"https:\/\/lepatriotebenin.com\/index.php\/wp-json\/wp\/v2\/posts\/6488\/revisions\/6490"}],"wp:featuredmedia":[{"embeddable":true,"href":"https:\/\/lepatriotebenin.com\/index.php\/wp-json\/wp\/v2\/media\/6489"}],"wp:attachment":[{"href":"https:\/\/lepatriotebenin.com\/index.php\/wp-json\/wp\/v2\/media?parent=6488"}],"wp:term":[{"taxonomy":"category","embeddable":true,"href":"https:\/\/lepatriotebenin.com\/index.php\/wp-json\/wp\/v2\/categories?post=6488"},{"taxonomy":"post_tag","embeddable":true,"href":"https:\/\/lepatriotebenin.com\/index.php\/wp-json\/wp\/v2\/tags?post=6488"}],"curies":[{"name":"wp","href":"https:\/\/api.w.org\/{rel}","templated":true}]}}