{"id":6483,"date":"2024-07-08T02:54:25","date_gmt":"2024-07-08T00:54:25","guid":{"rendered":"https:\/\/lepatriotebenin.com\/?p=6483"},"modified":"2024-07-08T14:12:14","modified_gmt":"2024-07-08T12:12:14","slug":"sante-la-femme-enceinte-face-a-lanemie","status":"publish","type":"post","link":"https:\/\/lepatriotebenin.com\/index.php\/2024\/07\/08\/sante-la-femme-enceinte-face-a-lanemie\/","title":{"rendered":"Sant\u00e9 : La femme enceinte face \u00e0 l\u2019an\u00e9mie"},"content":{"rendered":"\n<p>Un soir o\u00f9 je suis de garde aux urgences. Je vois une femme enceinte tr\u00e8s maigre soutenue par deux hommes, entrer dans la salle o\u00f9 je faisais ma consultation sans qu\u2019ils ne soient invit\u00e9s. Je retiens mon souffle et je convie mes h\u00f4tes \u00e0 s\u2019asseoir sur un banc install\u00e9 devant moi. En ce moment pr\u00e9cis, je suis occup\u00e9e par une femme enceinte dans ma salle de consultation. Je pr\u00e9sente mes excuses \u00e0 cette derni\u00e8re et je me suis tourn\u00e9e vers mes nouveaux convives. Devant moi, je vois une femme enceinte qui pouvait \u00e0 peine se soutenir debout. Je suis rest\u00e9e tr\u00e8s stup\u00e9faite et je demande l\u2019objet de leur visite. Un des hommes me tend un papier sur lequel est mentionn\u00e9 des examens faits \u00e0 notre dame. Mais elle n\u2019a jamais \u00e9t\u00e9 \u00e0 une consultation pr\u00e9natale. Rappelons qu\u2019elle a des difficult\u00e9s \u00e0 respirer. Dans ses mains, elle a des kaolins appel\u00e9s \u00ab&nbsp;Calabars&nbsp;\u00bb qu\u2019elle griotte all\u00e8grement. Je jette un coup d\u2019\u0153il rapidement sur le papier \u00e0 m\u2019y adresser par l\u2019un des accompagnateurs. Je lis tout simplement un taux d\u2019h\u00e9moglobine \u00e0 2 g\/dl et la densit\u00e9 parasitaire s\u2019\u00e9l\u00e8ve \u00e0 plus de 25000\/mm3 de sang. Un de ses hommes ajoute qu\u2019elle ne s\u2019alimente pas depuis le d\u00e9but de sa grossesse. En ce moment, je demande qu\u2019on mette la dame sur la table d\u2019examen pour qu\u2019on l\u2019examine rapidement. &nbsp;Je l\u2019ai conduite imm\u00e9diatement dans la salle d\u2019accouchement o\u00f9 se trouve mes sup\u00e9rieures hi\u00e9rarchiques. J\u2019ai pos\u00e9 un diagnostic d\u2019an\u00e9mie s\u00e9v\u00e8re associ\u00e9 \u00e0 un paludisme grave dans un \u00e9tat d\u2019anorexies aigue sur grossesse de six mois environ. L\u2019examen physique montre un \u00e9tat g\u00e9n\u00e9ralement peu alt\u00e9r\u00e9, une tension basse \u00e0 7\/5, une pulsation cardiaque tr\u00e8s acc\u00e9l\u00e9r\u00e9e, une fr\u00e9quence respiration comprise entre 25 et 30 cycles par minute, une pr\u00e9sence de tous les signes du paludisme. Voil\u00e0 une histoire qui nous a amen\u00e9 \u00e0 r\u00e9fl\u00e9chir. Tous les sympt\u00f4mes pr\u00e9curseurs \u00e0 un mal qui affecte souvent nos femmes enceintes et certaines couches tr\u00e8s v\u00e9n\u00e9rables de notre soci\u00e9t\u00e9. Dans notre pays, la saison pluvieuse favorise surtout cette maladie \u00e0 travers la prolif\u00e9ration des moustiques, vecteur de la malaria. &nbsp;C\u2019est donc les femmes qui sont les plus expos\u00e9es. Car les moustiques femelles appel\u00e9s anoph\u00e8les laissent des germes qui rendent leur immunit\u00e9 faible. M\u00eame certains ouvrages nous disent que ce mal attaque plus la femme enceinte souvent au troisi\u00e8me trimestre de leur grossesse. Le constat est pareil m\u00eame dans les pays d\u00e9velopp\u00e9s tels que la France et dans la plupart des pays africains et autres. Ledit mal s\u2019appelle l\u2019an\u00e9mie.<\/p>\n\n\n\n<p><strong>Causes et sympt\u00f4mes<\/strong><\/p>\n\n\n\n<p>Nous entendons tous parler de l\u2019an\u00e9mie. Elle est une affection qui touche g\u00e9n\u00e9ralement certaines couches vuln\u00e9rables de la soci\u00e9t\u00e9 notamment les femmes et les enfants. L\u2019an\u00e9mie se caract\u00e9rise donc par un taux anormal bas d\u2019h\u00e9moglobine, une prot\u00e9ine pr\u00e9sente dans les globules rouges qui assurent le transport de l\u2019oxyg\u00e8ne dans le corps vers les organes et les tissus qui constituent notre organisme. D\u2019apr\u00e8s l\u2019Organisation Mondiale de la Sant\u00e9 (OMS), l\u2019an\u00e9mie est \u00e9vitable et traitable. Nous pouvons avoir plusieurs types d\u2019an\u00e9mie qui sont li\u00e9s \u00e0 plusieurs causes. Par exemple <strong>l\u2019insuffisance de production de globules rouge, le manque de fer li\u00e9 \u00e0 une alimentation trop faible en fer (r\u00e9gime v\u00e9g\u00e9tarien mal \u00e9quilibr\u00e9), un d\u00e9ficit en vitamine B12, une carence en acide folique vitamine B9 li\u00e9 aussi \u00e0 une insuffisance de l\u00e9gumes verts<\/strong>.&nbsp; Il y a \u00e9galement d\u2019autres causes&nbsp;: les an\u00e9mies h\u00e9molytiques, les causes <strong>obst\u00e9triques <\/strong>(h\u00e9matomes retro placentaires, rupture ut\u00e9rine, placenta pr\u00e9avisa), <strong>gyn\u00e9cologiques<\/strong> (fibrome, cancer), <strong>h\u00e9r\u00e9ditaires <\/strong>telles que la dr\u00e9panocytose et <strong>iatrog\u00e8nes<\/strong>, l\u2019h\u00e9morragie du post partum imm\u00e9diate ou tardive, les r\u00e8gles abondantes (menstrue chez les femmes) et la maladie r\u00e9nale chronique.<\/p>\n\n\n\n<p>Il faut souligner que l\u2019an\u00e9mie s\u2019observe g\u00e9n\u00e9ralement chez la femme enceinte et les enfants. On reconnait les manifestations par certains sympt\u00f4mes comme <strong>la fatigue, les vertiges ou les sensations d\u2019\u00e9tourdissement, mains et pieds froids, les maux de t\u00eate, l\u2019essoufflement surtout \u00e0 l\u2019effort<\/strong>. Son retentissement se remarque par des muqueuses pales dans la bouche, le nez et sur la peau y compris sous les ongles, les paupi\u00e8res, la respiration et les fr\u00e9quences respiratoires cardiaques rapides et les ecchymoses se forment plus facilement. Voil\u00e0 les signes qui peuvent retenir \u00e0 la premi\u00e8re intention notre attention. Qu\u2019allons-nous faire imm\u00e9diatement ?<\/p>\n\n\n\n<p><strong>&nbsp;Solutions et traitement<\/strong><\/p>\n\n\n\n<p>&nbsp;&nbsp;La solution qui est pr\u00e9conis\u00e9e c\u2019est qu\u2019il faut amener rapidement la patiente \u00e0 l\u2019h\u00f4pital pour une meilleure prise en charge, donner des aliments et vitamines riches en fer et traiter la cause qui a induit le mal.<\/p>\n\n\n\n<p>Le traitement de l\u2019an\u00e9mie par carence en fer repose donc d\u2019abord sur un apport de fer par la prise de comprim\u00e9 (ou sirop pour les enfants) prescrit par un agent de sant\u00e9 asserment\u00e9.\u00a0 Nous devons traiter les carences en fer ou en vitamines B12 en important la vitamine pour le combattre, manger des aliments riches en fer comme la viande rouge, le foie, les crustac\u00e9s et consommer les aliments riches en iodes qui sont tr\u00e8s b\u00e9n\u00e9fiques pour la sant\u00e9 et le d\u00e9veloppement du f\u0153tus pendant la grossesse. On peut citer comme aliments riches en fer\u00a0: carottes, patates douces, citrouilles \u00e9pinards, l\u00e9gumes verts cuits, tomates, poivres et poivrons (riche en vitamine et potassium), l\u00e9gumes verts (moringa, chou) et poissons comme le saumon et la sole contiennent des om\u00e9ga 3 du magn\u00e9sium et de la vitamine. Ces derniers diminuent le risque des maladies cardiovasculaires. Les femmes enceintes doivent prendre beaucoup de nourritures riches en fer. Il faut emp\u00eacher toutes les femmes enceintes \u00e0 ne plus prendre du kaolin qui ne contient aucun \u00e9l\u00e9ment nutritif. C\u2019est pourquoi nous devons consommer chaque jour des aliments riches en fer. Car l\u2019an\u00e9mie mal trait\u00e9e ou non trait\u00e9e peut  conduire \u00e0 la mort.<\/p>\n\n\n\n<figure class=\"wp-block-image size-full\"><img fetchpriority=\"high\" decoding=\"async\" width=\"800\" height=\"350\" src=\"https:\/\/lepatriotebenin.com\/wp-content\/uploads\/2024\/07\/whatsapp-image-2024-07-08-a-02-05-56-f41da75f.jpg\" alt=\"\" class=\"wp-image-6486\" srcset=\"https:\/\/lepatriotebenin.com\/wp-content\/uploads\/2024\/07\/whatsapp-image-2024-07-08-a-02-05-56-f41da75f.jpg 800w, https:\/\/lepatriotebenin.com\/wp-content\/uploads\/2024\/07\/whatsapp-image-2024-07-08-a-02-05-56-f41da75f-300x131.jpg 300w, https:\/\/lepatriotebenin.com\/wp-content\/uploads\/2024\/07\/whatsapp-image-2024-07-08-a-02-05-56-f41da75f-768x336.jpg 768w, https:\/\/lepatriotebenin.com\/wp-content\/uploads\/2024\/07\/whatsapp-image-2024-07-08-a-02-05-56-f41da75f-585x256.jpg 585w\" sizes=\"(max-width: 800px) 100vw, 800px\" \/><\/figure>\n\n\n\n<p><strong>Eve Affanou<\/strong><\/p>\n\n\n\n<p><strong>&nbsp;Sage-femme dipl\u00f4m\u00e9e d\u2019Etat\/Echographiste<\/strong><\/p>\n\n\n\n<p><strong>D\u00e9l\u00e9gu\u00e9e du personnel du CHU-MEL<\/strong><\/p>\n","protected":false},"excerpt":{"rendered":"<p>Un soir o\u00f9 je suis de garde aux urgences. Je vois une femme enceinte tr\u00e8s maigre soutenue par deux hommes, entrer dans la salle o\u00f9 je faisais ma consultation sans&hellip;<\/p>\n","protected":false},"author":5,"featured_media":6484,"comment_status":"open","ping_status":"open","sticky":false,"template":"","format":"standard","meta":{"content-type":"","om_disable_all_campaigns":false,"_monsterinsights_skip_tracking":false,"_monsterinsights_sitenote_active":false,"_monsterinsights_sitenote_note":"","_monsterinsights_sitenote_category":0,"_uf_show_specific_survey":0,"_uf_disable_surveys":false,"footnotes":""},"categories":[19],"tags":[],"class_list":["post-6483","post","type-post","status-publish","format-standard","has-post-thumbnail","hentry","category-sante"],"aioseo_notices":[],"yoast_head":"<!-- This site is optimized with the Yoast SEO plugin v27.5 - https:\/\/yoast.com\/product\/yoast-seo-wordpress\/ -->\n<title>Sant\u00e9 : La femme enceinte face \u00e0 l\u2019an\u00e9mie - Le Patriote<\/title>\n<meta name=\"robots\" content=\"index, follow, max-snippet:-1, max-image-preview:large, max-video-preview:-1\" \/>\n<link rel=\"canonical\" href=\"https:\/\/lepatriotebenin.com\/index.php\/2024\/07\/08\/sante-la-femme-enceinte-face-a-lanemie\/\" \/>\n<meta property=\"og:locale\" content=\"fr_FR\" \/>\n<meta property=\"og:type\" content=\"article\" \/>\n<meta property=\"og:title\" content=\"Sant\u00e9 : La femme enceinte face \u00e0 l\u2019an\u00e9mie - Le Patriote\" \/>\n<meta property=\"og:description\" content=\"Un soir o\u00f9 je suis de garde aux urgences. Je vois une femme enceinte tr\u00e8s maigre soutenue par deux hommes, entrer dans la salle o\u00f9 je faisais ma consultation sans&hellip;\" \/>\n<meta property=\"og:url\" content=\"https:\/\/lepatriotebenin.com\/index.php\/2024\/07\/08\/sante-la-femme-enceinte-face-a-lanemie\/\" \/>\n<meta property=\"og:site_name\" content=\"Le Patriote\" \/>\n<meta property=\"article:published_time\" content=\"2024-07-08T00:54:25+00:00\" \/>\n<meta property=\"article:modified_time\" content=\"2024-07-08T12:12:14+00:00\" \/>\n<meta property=\"og:image\" content=\"https:\/\/lepatriotebenin.com\/wp-content\/uploads\/2024\/07\/eve.jpg\" \/>\n\t<meta property=\"og:image:width\" content=\"1080\" \/>\n\t<meta property=\"og:image:height\" content=\"540\" \/>\n\t<meta property=\"og:image:type\" content=\"image\/jpeg\" \/>\n<meta name=\"author\" content=\"Redaction\" \/>\n<meta name=\"twitter:card\" content=\"summary_large_image\" \/>\n<meta name=\"twitter:label1\" content=\"\u00c9crit par\" \/>\n\t<meta name=\"twitter:data1\" content=\"Redaction\" \/>\n\t<meta name=\"twitter:label2\" content=\"Dur\u00e9e de lecture estim\u00e9e\" \/>\n\t<meta name=\"twitter:data2\" content=\"6 minutes\" \/>\n<script type=\"application\/ld+json\" class=\"yoast-schema-graph\">{\"@context\":\"https:\\\/\\\/schema.org\",\"@graph\":[{\"@type\":\"Article\",\"@id\":\"https:\\\/\\\/lepatriotebenin.com\\\/index.php\\\/2024\\\/07\\\/08\\\/sante-la-femme-enceinte-face-a-lanemie\\\/#article\",\"isPartOf\":{\"@id\":\"https:\\\/\\\/lepatriotebenin.com\\\/index.php\\\/2024\\\/07\\\/08\\\/sante-la-femme-enceinte-face-a-lanemie\\\/\"},\"author\":{\"name\":\"Redaction\",\"@id\":\"https:\\\/\\\/lepatriotebenin.com\\\/#\\\/schema\\\/person\\\/2e7709b9c9cc313e452d1136af61690f\"},\"headline\":\"Sant\u00e9 : La femme enceinte face \u00e0 l\u2019an\u00e9mie\",\"datePublished\":\"2024-07-08T00:54:25+00:00\",\"dateModified\":\"2024-07-08T12:12:14+00:00\",\"mainEntityOfPage\":{\"@id\":\"https:\\\/\\\/lepatriotebenin.com\\\/index.php\\\/2024\\\/07\\\/08\\\/sante-la-femme-enceinte-face-a-lanemie\\\/\"},\"wordCount\":1101,\"commentCount\":0,\"image\":{\"@id\":\"https:\\\/\\\/lepatriotebenin.com\\\/index.php\\\/2024\\\/07\\\/08\\\/sante-la-femme-enceinte-face-a-lanemie\\\/#primaryimage\"},\"thumbnailUrl\":\"https:\\\/\\\/lepatriotebenin.com\\\/wp-content\\\/uploads\\\/2024\\\/07\\\/eve.jpg\",\"articleSection\":[\"Sant\u00e9\"],\"inLanguage\":\"fr-FR\",\"potentialAction\":[{\"@type\":\"CommentAction\",\"name\":\"Comment\",\"target\":[\"https:\\\/\\\/lepatriotebenin.com\\\/index.php\\\/2024\\\/07\\\/08\\\/sante-la-femme-enceinte-face-a-lanemie\\\/#respond\"]}]},{\"@type\":\"WebPage\",\"@id\":\"https:\\\/\\\/lepatriotebenin.com\\\/index.php\\\/2024\\\/07\\\/08\\\/sante-la-femme-enceinte-face-a-lanemie\\\/\",\"url\":\"https:\\\/\\\/lepatriotebenin.com\\\/index.php\\\/2024\\\/07\\\/08\\\/sante-la-femme-enceinte-face-a-lanemie\\\/\",\"name\":\"Sant\u00e9 : La femme enceinte face \u00e0 l\u2019an\u00e9mie - Le Patriote\",\"isPartOf\":{\"@id\":\"https:\\\/\\\/lepatriotebenin.com\\\/#website\"},\"primaryImageOfPage\":{\"@id\":\"https:\\\/\\\/lepatriotebenin.com\\\/index.php\\\/2024\\\/07\\\/08\\\/sante-la-femme-enceinte-face-a-lanemie\\\/#primaryimage\"},\"image\":{\"@id\":\"https:\\\/\\\/lepatriotebenin.com\\\/index.php\\\/2024\\\/07\\\/08\\\/sante-la-femme-enceinte-face-a-lanemie\\\/#primaryimage\"},\"thumbnailUrl\":\"https:\\\/\\\/lepatriotebenin.com\\\/wp-content\\\/uploads\\\/2024\\\/07\\\/eve.jpg\",\"datePublished\":\"2024-07-08T00:54:25+00:00\",\"dateModified\":\"2024-07-08T12:12:14+00:00\",\"author\":{\"@id\":\"https:\\\/\\\/lepatriotebenin.com\\\/#\\\/schema\\\/person\\\/2e7709b9c9cc313e452d1136af61690f\"},\"breadcrumb\":{\"@id\":\"https:\\\/\\\/lepatriotebenin.com\\\/index.php\\\/2024\\\/07\\\/08\\\/sante-la-femme-enceinte-face-a-lanemie\\\/#breadcrumb\"},\"inLanguage\":\"fr-FR\",\"potentialAction\":[{\"@type\":\"ReadAction\",\"target\":[\"https:\\\/\\\/lepatriotebenin.com\\\/index.php\\\/2024\\\/07\\\/08\\\/sante-la-femme-enceinte-face-a-lanemie\\\/\"]}]},{\"@type\":\"ImageObject\",\"inLanguage\":\"fr-FR\",\"@id\":\"https:\\\/\\\/lepatriotebenin.com\\\/index.php\\\/2024\\\/07\\\/08\\\/sante-la-femme-enceinte-face-a-lanemie\\\/#primaryimage\",\"url\":\"https:\\\/\\\/lepatriotebenin.com\\\/wp-content\\\/uploads\\\/2024\\\/07\\\/eve.jpg\",\"contentUrl\":\"https:\\\/\\\/lepatriotebenin.com\\\/wp-content\\\/uploads\\\/2024\\\/07\\\/eve.jpg\",\"width\":1080,\"height\":540},{\"@type\":\"BreadcrumbList\",\"@id\":\"https:\\\/\\\/lepatriotebenin.com\\\/index.php\\\/2024\\\/07\\\/08\\\/sante-la-femme-enceinte-face-a-lanemie\\\/#breadcrumb\",\"itemListElement\":[{\"@type\":\"ListItem\",\"position\":1,\"name\":\"Accueil\",\"item\":\"https:\\\/\\\/lepatriotebenin.com\\\/\"},{\"@type\":\"ListItem\",\"position\":2,\"name\":\"Sant\u00e9 : La femme enceinte face \u00e0 l\u2019an\u00e9mie\"}]},{\"@type\":\"WebSite\",\"@id\":\"https:\\\/\\\/lepatriotebenin.com\\\/#website\",\"url\":\"https:\\\/\\\/lepatriotebenin.com\\\/\",\"name\":\"Le Patriote\",\"description\":\"Le Patriote B\u00e9nin\",\"potentialAction\":[{\"@type\":\"SearchAction\",\"target\":{\"@type\":\"EntryPoint\",\"urlTemplate\":\"https:\\\/\\\/lepatriotebenin.com\\\/?s={search_term_string}\"},\"query-input\":{\"@type\":\"PropertyValueSpecification\",\"valueRequired\":true,\"valueName\":\"search_term_string\"}}],\"inLanguage\":\"fr-FR\"},{\"@type\":\"Person\",\"@id\":\"https:\\\/\\\/lepatriotebenin.com\\\/#\\\/schema\\\/person\\\/2e7709b9c9cc313e452d1136af61690f\",\"name\":\"Redaction\",\"image\":{\"@type\":\"ImageObject\",\"inLanguage\":\"fr-FR\",\"@id\":\"https:\\\/\\\/secure.gravatar.com\\\/avatar\\\/c4c509357859ea2ca2cbb6d8812898a73e4ef1ef9934c2e591d7e32face734d1?s=96&d=mm&r=g\",\"url\":\"https:\\\/\\\/secure.gravatar.com\\\/avatar\\\/c4c509357859ea2ca2cbb6d8812898a73e4ef1ef9934c2e591d7e32face734d1?s=96&d=mm&r=g\",\"contentUrl\":\"https:\\\/\\\/secure.gravatar.com\\\/avatar\\\/c4c509357859ea2ca2cbb6d8812898a73e4ef1ef9934c2e591d7e32face734d1?s=96&d=mm&r=g\",\"caption\":\"Redaction\"},\"url\":\"https:\\\/\\\/lepatriotebenin.com\"}]}<\/script>\n<!-- \/ Yoast SEO plugin. -->","yoast_head_json":{"title":"Sant\u00e9 : La femme enceinte face \u00e0 l\u2019an\u00e9mie - Le Patriote","robots":{"index":"index","follow":"follow","max-snippet":"max-snippet:-1","max-image-preview":"max-image-preview:large","max-video-preview":"max-video-preview:-1"},"canonical":"https:\/\/lepatriotebenin.com\/index.php\/2024\/07\/08\/sante-la-femme-enceinte-face-a-lanemie\/","og_locale":"fr_FR","og_type":"article","og_title":"Sant\u00e9 : La femme enceinte face \u00e0 l\u2019an\u00e9mie - Le Patriote","og_description":"Un soir o\u00f9 je suis de garde aux urgences. Je vois une femme enceinte tr\u00e8s maigre soutenue par deux hommes, entrer dans la salle o\u00f9 je faisais ma consultation sans&hellip;","og_url":"https:\/\/lepatriotebenin.com\/index.php\/2024\/07\/08\/sante-la-femme-enceinte-face-a-lanemie\/","og_site_name":"Le Patriote","article_published_time":"2024-07-08T00:54:25+00:00","article_modified_time":"2024-07-08T12:12:14+00:00","og_image":[{"width":1080,"height":540,"url":"https:\/\/lepatriotebenin.com\/wp-content\/uploads\/2024\/07\/eve.jpg","type":"image\/jpeg"}],"author":"Redaction","twitter_card":"summary_large_image","twitter_misc":{"\u00c9crit par":"Redaction","Dur\u00e9e de lecture estim\u00e9e":"6 minutes"},"schema":{"@context":"https:\/\/schema.org","@graph":[{"@type":"Article","@id":"https:\/\/lepatriotebenin.com\/index.php\/2024\/07\/08\/sante-la-femme-enceinte-face-a-lanemie\/#article","isPartOf":{"@id":"https:\/\/lepatriotebenin.com\/index.php\/2024\/07\/08\/sante-la-femme-enceinte-face-a-lanemie\/"},"author":{"name":"Redaction","@id":"https:\/\/lepatriotebenin.com\/#\/schema\/person\/2e7709b9c9cc313e452d1136af61690f"},"headline":"Sant\u00e9 : La femme enceinte face \u00e0 l\u2019an\u00e9mie","datePublished":"2024-07-08T00:54:25+00:00","dateModified":"2024-07-08T12:12:14+00:00","mainEntityOfPage":{"@id":"https:\/\/lepatriotebenin.com\/index.php\/2024\/07\/08\/sante-la-femme-enceinte-face-a-lanemie\/"},"wordCount":1101,"commentCount":0,"image":{"@id":"https:\/\/lepatriotebenin.com\/index.php\/2024\/07\/08\/sante-la-femme-enceinte-face-a-lanemie\/#primaryimage"},"thumbnailUrl":"https:\/\/lepatriotebenin.com\/wp-content\/uploads\/2024\/07\/eve.jpg","articleSection":["Sant\u00e9"],"inLanguage":"fr-FR","potentialAction":[{"@type":"CommentAction","name":"Comment","target":["https:\/\/lepatriotebenin.com\/index.php\/2024\/07\/08\/sante-la-femme-enceinte-face-a-lanemie\/#respond"]}]},{"@type":"WebPage","@id":"https:\/\/lepatriotebenin.com\/index.php\/2024\/07\/08\/sante-la-femme-enceinte-face-a-lanemie\/","url":"https:\/\/lepatriotebenin.com\/index.php\/2024\/07\/08\/sante-la-femme-enceinte-face-a-lanemie\/","name":"Sant\u00e9 : La femme enceinte face \u00e0 l\u2019an\u00e9mie - Le Patriote","isPartOf":{"@id":"https:\/\/lepatriotebenin.com\/#website"},"primaryImageOfPage":{"@id":"https:\/\/lepatriotebenin.com\/index.php\/2024\/07\/08\/sante-la-femme-enceinte-face-a-lanemie\/#primaryimage"},"image":{"@id":"https:\/\/lepatriotebenin.com\/index.php\/2024\/07\/08\/sante-la-femme-enceinte-face-a-lanemie\/#primaryimage"},"thumbnailUrl":"https:\/\/lepatriotebenin.com\/wp-content\/uploads\/2024\/07\/eve.jpg","datePublished":"2024-07-08T00:54:25+00:00","dateModified":"2024-07-08T12:12:14+00:00","author":{"@id":"https:\/\/lepatriotebenin.com\/#\/schema\/person\/2e7709b9c9cc313e452d1136af61690f"},"breadcrumb":{"@id":"https:\/\/lepatriotebenin.com\/index.php\/2024\/07\/08\/sante-la-femme-enceinte-face-a-lanemie\/#breadcrumb"},"inLanguage":"fr-FR","potentialAction":[{"@type":"ReadAction","target":["https:\/\/lepatriotebenin.com\/index.php\/2024\/07\/08\/sante-la-femme-enceinte-face-a-lanemie\/"]}]},{"@type":"ImageObject","inLanguage":"fr-FR","@id":"https:\/\/lepatriotebenin.com\/index.php\/2024\/07\/08\/sante-la-femme-enceinte-face-a-lanemie\/#primaryimage","url":"https:\/\/lepatriotebenin.com\/wp-content\/uploads\/2024\/07\/eve.jpg","contentUrl":"https:\/\/lepatriotebenin.com\/wp-content\/uploads\/2024\/07\/eve.jpg","width":1080,"height":540},{"@type":"BreadcrumbList","@id":"https:\/\/lepatriotebenin.com\/index.php\/2024\/07\/08\/sante-la-femme-enceinte-face-a-lanemie\/#breadcrumb","itemListElement":[{"@type":"ListItem","position":1,"name":"Accueil","item":"https:\/\/lepatriotebenin.com\/"},{"@type":"ListItem","position":2,"name":"Sant\u00e9 : La femme enceinte face \u00e0 l\u2019an\u00e9mie"}]},{"@type":"WebSite","@id":"https:\/\/lepatriotebenin.com\/#website","url":"https:\/\/lepatriotebenin.com\/","name":"Le Patriote","description":"Le Patriote B\u00e9nin","potentialAction":[{"@type":"SearchAction","target":{"@type":"EntryPoint","urlTemplate":"https:\/\/lepatriotebenin.com\/?s={search_term_string}"},"query-input":{"@type":"PropertyValueSpecification","valueRequired":true,"valueName":"search_term_string"}}],"inLanguage":"fr-FR"},{"@type":"Person","@id":"https:\/\/lepatriotebenin.com\/#\/schema\/person\/2e7709b9c9cc313e452d1136af61690f","name":"Redaction","image":{"@type":"ImageObject","inLanguage":"fr-FR","@id":"https:\/\/secure.gravatar.com\/avatar\/c4c509357859ea2ca2cbb6d8812898a73e4ef1ef9934c2e591d7e32face734d1?s=96&d=mm&r=g","url":"https:\/\/secure.gravatar.com\/avatar\/c4c509357859ea2ca2cbb6d8812898a73e4ef1ef9934c2e591d7e32face734d1?s=96&d=mm&r=g","contentUrl":"https:\/\/secure.gravatar.com\/avatar\/c4c509357859ea2ca2cbb6d8812898a73e4ef1ef9934c2e591d7e32face734d1?s=96&d=mm&r=g","caption":"Redaction"},"url":"https:\/\/lepatriotebenin.com"}]}},"_links":{"self":[{"href":"https:\/\/lepatriotebenin.com\/index.php\/wp-json\/wp\/v2\/posts\/6483","targetHints":{"allow":["GET"]}}],"collection":[{"href":"https:\/\/lepatriotebenin.com\/index.php\/wp-json\/wp\/v2\/posts"}],"about":[{"href":"https:\/\/lepatriotebenin.com\/index.php\/wp-json\/wp\/v2\/types\/post"}],"author":[{"embeddable":true,"href":"https:\/\/lepatriotebenin.com\/index.php\/wp-json\/wp\/v2\/users\/5"}],"replies":[{"embeddable":true,"href":"https:\/\/lepatriotebenin.com\/index.php\/wp-json\/wp\/v2\/comments?post=6483"}],"version-history":[{"count":3,"href":"https:\/\/lepatriotebenin.com\/index.php\/wp-json\/wp\/v2\/posts\/6483\/revisions"}],"predecessor-version":[{"id":6496,"href":"https:\/\/lepatriotebenin.com\/index.php\/wp-json\/wp\/v2\/posts\/6483\/revisions\/6496"}],"wp:featuredmedia":[{"embeddable":true,"href":"https:\/\/lepatriotebenin.com\/index.php\/wp-json\/wp\/v2\/media\/6484"}],"wp:attachment":[{"href":"https:\/\/lepatriotebenin.com\/index.php\/wp-json\/wp\/v2\/media?parent=6483"}],"wp:term":[{"taxonomy":"category","embeddable":true,"href":"https:\/\/lepatriotebenin.com\/index.php\/wp-json\/wp\/v2\/categories?post=6483"},{"taxonomy":"post_tag","embeddable":true,"href":"https:\/\/lepatriotebenin.com\/index.php\/wp-json\/wp\/v2\/tags?post=6483"}],"curies":[{"name":"wp","href":"https:\/\/api.w.org\/{rel}","templated":true}]}}