{"id":6476,"date":"2024-07-08T02:32:21","date_gmt":"2024-07-08T00:32:21","guid":{"rendered":"https:\/\/lepatriotebenin.com\/?p=6476"},"modified":"2024-07-08T02:32:21","modified_gmt":"2024-07-08T00:32:21","slug":"deces-du-jeune-etudiant-latif-radji-ca-ressemble-a-de-lassassinat-dixit-lazard-hounsa","status":"publish","type":"post","link":"https:\/\/lepatriotebenin.com\/index.php\/2024\/07\/08\/deces-du-jeune-etudiant-latif-radji-ca-ressemble-a-de-lassassinat-dixit-lazard-hounsa\/","title":{"rendered":"D\u00e9c\u00e8s du jeune \u00e9tudiant Latif Radji :\u00a0\u00bb\u00e7a ressemble \u00e0 de l&rsquo;assassinat, dixit Lazard Hounsa"},"content":{"rendered":"\n<p><em>Sur l&rsquo;\u00e9mission Grand Angle de ce dimanche 07 juillet 2024 anim\u00e9 par Virgile Ahouans\u00e8, il \u00e9tait question essentiellement du d\u00e9c\u00e8s du jeune \u00e9tudiant Latif Radji. Invit\u00e9 sur l&rsquo;\u00e9mission, le premier responsable du Collectif Action Pacifique (AcPa) a situ\u00e9 les responsabilit\u00e9s gouvernementales et celles de l&rsquo;opposition b\u00e9ninoise.<\/em><\/p>\n\n\n\n<p>Le d\u00e9c\u00e8s du jeune \u00e9tudiant prisonnier politique Latif Radji est une illustration de la mauvaise approche de la lutte politique de l\u2019opposition actuellement au B\u00e9nin. Telle est la substance de l&rsquo;intervention du premier responsable du Collectif Action Pacifique (AcPa) Lazard Hounsa sur l&rsquo;\u00e9mission Grand Angle de ce dimanche 07 juillet 2024. Le d\u00e9c\u00e8s du jeune \u00e9tudiant dans des conditions alarmant est rest\u00e9 grav\u00e9 dans la m\u00e9moire de tous. C&rsquo;est en raison de cel\u00e0 que Lazard Hounsa estime que les responsables doivent r\u00e9pondre de cet acte ignoble qui selon lui, ressemble \u00e0 de l&rsquo;assassinat.<\/p>\n\n\n\n<p>En effet, l&rsquo;invit\u00e9 de Virgile Ahouans\u00e8 n&rsquo;a pas manqu\u00e9 en premier lieu de situer les responsabilit\u00e9s de ce drame. Pour lui, et le gouvernement et l&rsquo;opposition en sont responsables. En accusant le gouvernement dans un premier temps, il estime que l&rsquo;\u00c9tat n&rsquo;a pas pris ses responsabilit\u00e9s. \u00ab\u00a0Le pr\u00e9sident Patrice Talon avait dit que les prisonniers seront lib\u00e9r\u00e9 mais rien n&rsquo;a \u00e9t\u00e9 fait. Le jeune \u00e9tudiant a \u00e9t\u00e9 victime de la lenteur de la justice. L&rsquo;\u00c9tat n&rsquo;a pas pris ses esponsabilit\u00e9s quand les premiers signes de sa maladie s&rsquo;\u00e9taient manifest\u00e9. C&rsquo;est du non assistance \u00e0 personne en danger\u00a0\u00bb a-t-il d\u00e9clar\u00e9. Pour lui, la violence dont fait preuve l&rsquo;\u00c9tat en est \u00e9galement la cause. \u00ab\u00a0Nous savons combien de fois le pouvoir actuel exerce sa violence sur les citoyens. La mort de Radji confirme de quel c\u00f4t\u00e9 la violence s&rsquo;exerce aujourd&rsquo;hui. Celui qui est responsable de la violence est l&rsquo;\u00c9tat parcequ&rsquo;il mobilise toutes ses arm\u00e9s. C&rsquo;est grave aujourd&rsquo;hui de voir un citoyen mourir comme \u00e7a. \u00c7a ressemble \u00e0 de l&rsquo;assassinat\u00a0\u00bb a-t-il poursuivi.<\/p>\n\n\n\n<p>Par ailleurs, s&rsquo;agissant de la responsabilit\u00e9 de l&rsquo;opposition dans le d\u00e9c\u00e8s du jeune \u00e9tudiant, Lazard Hounsa estime qu&rsquo;elle n&rsquo;a pas jou\u00e9 son r\u00f4le. \u00ab\u00a0Les acteurs politiques de l&rsquo;opposition sont aussi responsables dans cette affaire car ils n&rsquo;ont pas su s&rsquo;organiser. Personne n&rsquo;a fait une mobilisation pour mettre la pression sur ce gouvernement. Il faut que tout le monde sache que d\u00e9fendre les prisonniers, c&rsquo;est se d\u00e9fendre soi-m\u00eame. \u00c0 quoi sert l&rsquo;opposition si nous-m\u00eames on ne sert pas de rempart ?\u00a0\u00bb, fait-il savoir.<\/p>\n\n\n\n<p>Il n&rsquo;a pas manqu\u00e9 d&rsquo;exhorter les deux parties \u00e0 se pencher sur la question pour \u00e9viter ces drames \u00e0 l&rsquo;avenir. \u00ab\u00a0Nous, nous appelons \u00e0 la lib\u00e9ration des prisonniers politiques. La mesure que nous avons demand\u00e9 est une mesure qui fait table rase de la situation..donc l&rsquo;amnistie car si des citoyens peuvent mourir comme \u00e7a, c&rsquo;est que personne n&rsquo;est \u00e9pargn\u00e9e. Nous devons arr\u00eater de cr\u00e9er la peur autour des arrestations\u00a0\u00bb propose-t-il.<\/p>\n\n\n\n<p>Gildas AHOGNI<\/p>\n","protected":false},"excerpt":{"rendered":"<p>Sur l&rsquo;\u00e9mission Grand Angle de ce dimanche 07 juillet 2024 anim\u00e9 par Virgile Ahouans\u00e8, il \u00e9tait question essentiellement du d\u00e9c\u00e8s du jeune \u00e9tudiant Latif Radji. Invit\u00e9 sur l&rsquo;\u00e9mission, le premier&hellip;<\/p>\n","protected":false},"author":5,"featured_media":6477,"comment_status":"open","ping_status":"open","sticky":false,"template":"","format":"standard","meta":{"content-type":"","om_disable_all_campaigns":false,"_monsterinsights_skip_tracking":false,"_monsterinsights_sitenote_active":false,"_monsterinsights_sitenote_note":"","_monsterinsights_sitenote_category":0,"_uf_show_specific_survey":0,"_uf_disable_surveys":false,"footnotes":""},"categories":[26],"tags":[],"class_list":["post-6476","post","type-post","status-publish","format-standard","has-post-thumbnail","hentry","category-politique"],"aioseo_notices":[],"yoast_head":"<!-- This site is optimized with the Yoast SEO plugin v27.5 - https:\/\/yoast.com\/product\/yoast-seo-wordpress\/ -->\n<title>D\u00e9c\u00e8s du jeune \u00e9tudiant Latif Radji :&quot;\u00e7a ressemble \u00e0 de l&#039;assassinat, dixit Lazard Hounsa - Le Patriote<\/title>\n<meta name=\"robots\" content=\"index, follow, max-snippet:-1, max-image-preview:large, max-video-preview:-1\" \/>\n<link rel=\"canonical\" href=\"https:\/\/lepatriotebenin.com\/index.php\/2024\/07\/08\/deces-du-jeune-etudiant-latif-radji-ca-ressemble-a-de-lassassinat-dixit-lazard-hounsa\/\" \/>\n<meta property=\"og:locale\" content=\"fr_FR\" \/>\n<meta property=\"og:type\" content=\"article\" \/>\n<meta property=\"og:title\" content=\"D\u00e9c\u00e8s du jeune \u00e9tudiant Latif Radji :&quot;\u00e7a ressemble \u00e0 de l&#039;assassinat, dixit Lazard Hounsa - Le Patriote\" \/>\n<meta property=\"og:description\" content=\"Sur l&rsquo;\u00e9mission Grand Angle de ce dimanche 07 juillet 2024 anim\u00e9 par Virgile Ahouans\u00e8, il \u00e9tait question essentiellement du d\u00e9c\u00e8s du jeune \u00e9tudiant Latif Radji. Invit\u00e9 sur l&rsquo;\u00e9mission, le premier&hellip;\" \/>\n<meta property=\"og:url\" content=\"https:\/\/lepatriotebenin.com\/index.php\/2024\/07\/08\/deces-du-jeune-etudiant-latif-radji-ca-ressemble-a-de-lassassinat-dixit-lazard-hounsa\/\" \/>\n<meta property=\"og:site_name\" content=\"Le Patriote\" \/>\n<meta property=\"article:published_time\" content=\"2024-07-08T00:32:21+00:00\" \/>\n<meta property=\"og:image\" content=\"https:\/\/lepatriotebenin.com\/wp-content\/uploads\/2024\/07\/whatsapp-image-2024-07-08-a-01-31-20-d918c9f0.jpg\" \/>\n\t<meta property=\"og:image:width\" content=\"388\" \/>\n\t<meta property=\"og:image:height\" content=\"470\" \/>\n\t<meta property=\"og:image:type\" content=\"image\/jpeg\" \/>\n<meta name=\"author\" content=\"Redaction\" \/>\n<meta name=\"twitter:card\" content=\"summary_large_image\" \/>\n<meta name=\"twitter:label1\" content=\"\u00c9crit par\" \/>\n\t<meta name=\"twitter:data1\" content=\"Redaction\" \/>\n\t<meta name=\"twitter:label2\" content=\"Dur\u00e9e de lecture estim\u00e9e\" \/>\n\t<meta name=\"twitter:data2\" content=\"3 minutes\" \/>\n<script type=\"application\/ld+json\" class=\"yoast-schema-graph\">{\"@context\":\"https:\\\/\\\/schema.org\",\"@graph\":[{\"@type\":\"Article\",\"@id\":\"https:\\\/\\\/lepatriotebenin.com\\\/index.php\\\/2024\\\/07\\\/08\\\/deces-du-jeune-etudiant-latif-radji-ca-ressemble-a-de-lassassinat-dixit-lazard-hounsa\\\/#article\",\"isPartOf\":{\"@id\":\"https:\\\/\\\/lepatriotebenin.com\\\/index.php\\\/2024\\\/07\\\/08\\\/deces-du-jeune-etudiant-latif-radji-ca-ressemble-a-de-lassassinat-dixit-lazard-hounsa\\\/\"},\"author\":{\"name\":\"Redaction\",\"@id\":\"https:\\\/\\\/lepatriotebenin.com\\\/#\\\/schema\\\/person\\\/2e7709b9c9cc313e452d1136af61690f\"},\"headline\":\"D\u00e9c\u00e8s du jeune \u00e9tudiant Latif Radji :\u00a0\u00bb\u00e7a ressemble \u00e0 de l&rsquo;assassinat, dixit Lazard Hounsa\",\"datePublished\":\"2024-07-08T00:32:21+00:00\",\"mainEntityOfPage\":{\"@id\":\"https:\\\/\\\/lepatriotebenin.com\\\/index.php\\\/2024\\\/07\\\/08\\\/deces-du-jeune-etudiant-latif-radji-ca-ressemble-a-de-lassassinat-dixit-lazard-hounsa\\\/\"},\"wordCount\":539,\"commentCount\":0,\"image\":{\"@id\":\"https:\\\/\\\/lepatriotebenin.com\\\/index.php\\\/2024\\\/07\\\/08\\\/deces-du-jeune-etudiant-latif-radji-ca-ressemble-a-de-lassassinat-dixit-lazard-hounsa\\\/#primaryimage\"},\"thumbnailUrl\":\"https:\\\/\\\/lepatriotebenin.com\\\/wp-content\\\/uploads\\\/2024\\\/07\\\/whatsapp-image-2024-07-08-a-01-31-20-d918c9f0.jpg\",\"articleSection\":[\"Politique\"],\"inLanguage\":\"fr-FR\",\"potentialAction\":[{\"@type\":\"CommentAction\",\"name\":\"Comment\",\"target\":[\"https:\\\/\\\/lepatriotebenin.com\\\/index.php\\\/2024\\\/07\\\/08\\\/deces-du-jeune-etudiant-latif-radji-ca-ressemble-a-de-lassassinat-dixit-lazard-hounsa\\\/#respond\"]}]},{\"@type\":\"WebPage\",\"@id\":\"https:\\\/\\\/lepatriotebenin.com\\\/index.php\\\/2024\\\/07\\\/08\\\/deces-du-jeune-etudiant-latif-radji-ca-ressemble-a-de-lassassinat-dixit-lazard-hounsa\\\/\",\"url\":\"https:\\\/\\\/lepatriotebenin.com\\\/index.php\\\/2024\\\/07\\\/08\\\/deces-du-jeune-etudiant-latif-radji-ca-ressemble-a-de-lassassinat-dixit-lazard-hounsa\\\/\",\"name\":\"D\u00e9c\u00e8s du jeune \u00e9tudiant Latif Radji :\\\"\u00e7a ressemble \u00e0 de l'assassinat, dixit Lazard Hounsa - Le Patriote\",\"isPartOf\":{\"@id\":\"https:\\\/\\\/lepatriotebenin.com\\\/#website\"},\"primaryImageOfPage\":{\"@id\":\"https:\\\/\\\/lepatriotebenin.com\\\/index.php\\\/2024\\\/07\\\/08\\\/deces-du-jeune-etudiant-latif-radji-ca-ressemble-a-de-lassassinat-dixit-lazard-hounsa\\\/#primaryimage\"},\"image\":{\"@id\":\"https:\\\/\\\/lepatriotebenin.com\\\/index.php\\\/2024\\\/07\\\/08\\\/deces-du-jeune-etudiant-latif-radji-ca-ressemble-a-de-lassassinat-dixit-lazard-hounsa\\\/#primaryimage\"},\"thumbnailUrl\":\"https:\\\/\\\/lepatriotebenin.com\\\/wp-content\\\/uploads\\\/2024\\\/07\\\/whatsapp-image-2024-07-08-a-01-31-20-d918c9f0.jpg\",\"datePublished\":\"2024-07-08T00:32:21+00:00\",\"author\":{\"@id\":\"https:\\\/\\\/lepatriotebenin.com\\\/#\\\/schema\\\/person\\\/2e7709b9c9cc313e452d1136af61690f\"},\"breadcrumb\":{\"@id\":\"https:\\\/\\\/lepatriotebenin.com\\\/index.php\\\/2024\\\/07\\\/08\\\/deces-du-jeune-etudiant-latif-radji-ca-ressemble-a-de-lassassinat-dixit-lazard-hounsa\\\/#breadcrumb\"},\"inLanguage\":\"fr-FR\",\"potentialAction\":[{\"@type\":\"ReadAction\",\"target\":[\"https:\\\/\\\/lepatriotebenin.com\\\/index.php\\\/2024\\\/07\\\/08\\\/deces-du-jeune-etudiant-latif-radji-ca-ressemble-a-de-lassassinat-dixit-lazard-hounsa\\\/\"]}]},{\"@type\":\"ImageObject\",\"inLanguage\":\"fr-FR\",\"@id\":\"https:\\\/\\\/lepatriotebenin.com\\\/index.php\\\/2024\\\/07\\\/08\\\/deces-du-jeune-etudiant-latif-radji-ca-ressemble-a-de-lassassinat-dixit-lazard-hounsa\\\/#primaryimage\",\"url\":\"https:\\\/\\\/lepatriotebenin.com\\\/wp-content\\\/uploads\\\/2024\\\/07\\\/whatsapp-image-2024-07-08-a-01-31-20-d918c9f0.jpg\",\"contentUrl\":\"https:\\\/\\\/lepatriotebenin.com\\\/wp-content\\\/uploads\\\/2024\\\/07\\\/whatsapp-image-2024-07-08-a-01-31-20-d918c9f0.jpg\",\"width\":388,\"height\":470},{\"@type\":\"BreadcrumbList\",\"@id\":\"https:\\\/\\\/lepatriotebenin.com\\\/index.php\\\/2024\\\/07\\\/08\\\/deces-du-jeune-etudiant-latif-radji-ca-ressemble-a-de-lassassinat-dixit-lazard-hounsa\\\/#breadcrumb\",\"itemListElement\":[{\"@type\":\"ListItem\",\"position\":1,\"name\":\"Accueil\",\"item\":\"https:\\\/\\\/lepatriotebenin.com\\\/\"},{\"@type\":\"ListItem\",\"position\":2,\"name\":\"D\u00e9c\u00e8s du jeune \u00e9tudiant Latif Radji :\u00a0\u00bb\u00e7a ressemble \u00e0 de l&rsquo;assassinat, dixit Lazard Hounsa\"}]},{\"@type\":\"WebSite\",\"@id\":\"https:\\\/\\\/lepatriotebenin.com\\\/#website\",\"url\":\"https:\\\/\\\/lepatriotebenin.com\\\/\",\"name\":\"Le Patriote\",\"description\":\"Le Patriote B\u00e9nin\",\"potentialAction\":[{\"@type\":\"SearchAction\",\"target\":{\"@type\":\"EntryPoint\",\"urlTemplate\":\"https:\\\/\\\/lepatriotebenin.com\\\/?s={search_term_string}\"},\"query-input\":{\"@type\":\"PropertyValueSpecification\",\"valueRequired\":true,\"valueName\":\"search_term_string\"}}],\"inLanguage\":\"fr-FR\"},{\"@type\":\"Person\",\"@id\":\"https:\\\/\\\/lepatriotebenin.com\\\/#\\\/schema\\\/person\\\/2e7709b9c9cc313e452d1136af61690f\",\"name\":\"Redaction\",\"image\":{\"@type\":\"ImageObject\",\"inLanguage\":\"fr-FR\",\"@id\":\"https:\\\/\\\/secure.gravatar.com\\\/avatar\\\/c4c509357859ea2ca2cbb6d8812898a73e4ef1ef9934c2e591d7e32face734d1?s=96&d=mm&r=g\",\"url\":\"https:\\\/\\\/secure.gravatar.com\\\/avatar\\\/c4c509357859ea2ca2cbb6d8812898a73e4ef1ef9934c2e591d7e32face734d1?s=96&d=mm&r=g\",\"contentUrl\":\"https:\\\/\\\/secure.gravatar.com\\\/avatar\\\/c4c509357859ea2ca2cbb6d8812898a73e4ef1ef9934c2e591d7e32face734d1?s=96&d=mm&r=g\",\"caption\":\"Redaction\"},\"url\":\"https:\\\/\\\/lepatriotebenin.com\"}]}<\/script>\n<!-- \/ Yoast SEO plugin. -->","yoast_head_json":{"title":"D\u00e9c\u00e8s du jeune \u00e9tudiant Latif Radji :\"\u00e7a ressemble \u00e0 de l'assassinat, dixit Lazard Hounsa - Le Patriote","robots":{"index":"index","follow":"follow","max-snippet":"max-snippet:-1","max-image-preview":"max-image-preview:large","max-video-preview":"max-video-preview:-1"},"canonical":"https:\/\/lepatriotebenin.com\/index.php\/2024\/07\/08\/deces-du-jeune-etudiant-latif-radji-ca-ressemble-a-de-lassassinat-dixit-lazard-hounsa\/","og_locale":"fr_FR","og_type":"article","og_title":"D\u00e9c\u00e8s du jeune \u00e9tudiant Latif Radji :\"\u00e7a ressemble \u00e0 de l'assassinat, dixit Lazard Hounsa - Le Patriote","og_description":"Sur l&rsquo;\u00e9mission Grand Angle de ce dimanche 07 juillet 2024 anim\u00e9 par Virgile Ahouans\u00e8, il \u00e9tait question essentiellement du d\u00e9c\u00e8s du jeune \u00e9tudiant Latif Radji. Invit\u00e9 sur l&rsquo;\u00e9mission, le premier&hellip;","og_url":"https:\/\/lepatriotebenin.com\/index.php\/2024\/07\/08\/deces-du-jeune-etudiant-latif-radji-ca-ressemble-a-de-lassassinat-dixit-lazard-hounsa\/","og_site_name":"Le Patriote","article_published_time":"2024-07-08T00:32:21+00:00","og_image":[{"width":388,"height":470,"url":"https:\/\/lepatriotebenin.com\/wp-content\/uploads\/2024\/07\/whatsapp-image-2024-07-08-a-01-31-20-d918c9f0.jpg","type":"image\/jpeg"}],"author":"Redaction","twitter_card":"summary_large_image","twitter_misc":{"\u00c9crit par":"Redaction","Dur\u00e9e de lecture estim\u00e9e":"3 minutes"},"schema":{"@context":"https:\/\/schema.org","@graph":[{"@type":"Article","@id":"https:\/\/lepatriotebenin.com\/index.php\/2024\/07\/08\/deces-du-jeune-etudiant-latif-radji-ca-ressemble-a-de-lassassinat-dixit-lazard-hounsa\/#article","isPartOf":{"@id":"https:\/\/lepatriotebenin.com\/index.php\/2024\/07\/08\/deces-du-jeune-etudiant-latif-radji-ca-ressemble-a-de-lassassinat-dixit-lazard-hounsa\/"},"author":{"name":"Redaction","@id":"https:\/\/lepatriotebenin.com\/#\/schema\/person\/2e7709b9c9cc313e452d1136af61690f"},"headline":"D\u00e9c\u00e8s du jeune \u00e9tudiant Latif Radji :\u00a0\u00bb\u00e7a ressemble \u00e0 de l&rsquo;assassinat, dixit Lazard Hounsa","datePublished":"2024-07-08T00:32:21+00:00","mainEntityOfPage":{"@id":"https:\/\/lepatriotebenin.com\/index.php\/2024\/07\/08\/deces-du-jeune-etudiant-latif-radji-ca-ressemble-a-de-lassassinat-dixit-lazard-hounsa\/"},"wordCount":539,"commentCount":0,"image":{"@id":"https:\/\/lepatriotebenin.com\/index.php\/2024\/07\/08\/deces-du-jeune-etudiant-latif-radji-ca-ressemble-a-de-lassassinat-dixit-lazard-hounsa\/#primaryimage"},"thumbnailUrl":"https:\/\/lepatriotebenin.com\/wp-content\/uploads\/2024\/07\/whatsapp-image-2024-07-08-a-01-31-20-d918c9f0.jpg","articleSection":["Politique"],"inLanguage":"fr-FR","potentialAction":[{"@type":"CommentAction","name":"Comment","target":["https:\/\/lepatriotebenin.com\/index.php\/2024\/07\/08\/deces-du-jeune-etudiant-latif-radji-ca-ressemble-a-de-lassassinat-dixit-lazard-hounsa\/#respond"]}]},{"@type":"WebPage","@id":"https:\/\/lepatriotebenin.com\/index.php\/2024\/07\/08\/deces-du-jeune-etudiant-latif-radji-ca-ressemble-a-de-lassassinat-dixit-lazard-hounsa\/","url":"https:\/\/lepatriotebenin.com\/index.php\/2024\/07\/08\/deces-du-jeune-etudiant-latif-radji-ca-ressemble-a-de-lassassinat-dixit-lazard-hounsa\/","name":"D\u00e9c\u00e8s du jeune \u00e9tudiant Latif Radji :\"\u00e7a ressemble \u00e0 de l'assassinat, dixit Lazard Hounsa - Le Patriote","isPartOf":{"@id":"https:\/\/lepatriotebenin.com\/#website"},"primaryImageOfPage":{"@id":"https:\/\/lepatriotebenin.com\/index.php\/2024\/07\/08\/deces-du-jeune-etudiant-latif-radji-ca-ressemble-a-de-lassassinat-dixit-lazard-hounsa\/#primaryimage"},"image":{"@id":"https:\/\/lepatriotebenin.com\/index.php\/2024\/07\/08\/deces-du-jeune-etudiant-latif-radji-ca-ressemble-a-de-lassassinat-dixit-lazard-hounsa\/#primaryimage"},"thumbnailUrl":"https:\/\/lepatriotebenin.com\/wp-content\/uploads\/2024\/07\/whatsapp-image-2024-07-08-a-01-31-20-d918c9f0.jpg","datePublished":"2024-07-08T00:32:21+00:00","author":{"@id":"https:\/\/lepatriotebenin.com\/#\/schema\/person\/2e7709b9c9cc313e452d1136af61690f"},"breadcrumb":{"@id":"https:\/\/lepatriotebenin.com\/index.php\/2024\/07\/08\/deces-du-jeune-etudiant-latif-radji-ca-ressemble-a-de-lassassinat-dixit-lazard-hounsa\/#breadcrumb"},"inLanguage":"fr-FR","potentialAction":[{"@type":"ReadAction","target":["https:\/\/lepatriotebenin.com\/index.php\/2024\/07\/08\/deces-du-jeune-etudiant-latif-radji-ca-ressemble-a-de-lassassinat-dixit-lazard-hounsa\/"]}]},{"@type":"ImageObject","inLanguage":"fr-FR","@id":"https:\/\/lepatriotebenin.com\/index.php\/2024\/07\/08\/deces-du-jeune-etudiant-latif-radji-ca-ressemble-a-de-lassassinat-dixit-lazard-hounsa\/#primaryimage","url":"https:\/\/lepatriotebenin.com\/wp-content\/uploads\/2024\/07\/whatsapp-image-2024-07-08-a-01-31-20-d918c9f0.jpg","contentUrl":"https:\/\/lepatriotebenin.com\/wp-content\/uploads\/2024\/07\/whatsapp-image-2024-07-08-a-01-31-20-d918c9f0.jpg","width":388,"height":470},{"@type":"BreadcrumbList","@id":"https:\/\/lepatriotebenin.com\/index.php\/2024\/07\/08\/deces-du-jeune-etudiant-latif-radji-ca-ressemble-a-de-lassassinat-dixit-lazard-hounsa\/#breadcrumb","itemListElement":[{"@type":"ListItem","position":1,"name":"Accueil","item":"https:\/\/lepatriotebenin.com\/"},{"@type":"ListItem","position":2,"name":"D\u00e9c\u00e8s du jeune \u00e9tudiant Latif Radji :\u00a0\u00bb\u00e7a ressemble \u00e0 de l&rsquo;assassinat, dixit Lazard Hounsa"}]},{"@type":"WebSite","@id":"https:\/\/lepatriotebenin.com\/#website","url":"https:\/\/lepatriotebenin.com\/","name":"Le Patriote","description":"Le Patriote B\u00e9nin","potentialAction":[{"@type":"SearchAction","target":{"@type":"EntryPoint","urlTemplate":"https:\/\/lepatriotebenin.com\/?s={search_term_string}"},"query-input":{"@type":"PropertyValueSpecification","valueRequired":true,"valueName":"search_term_string"}}],"inLanguage":"fr-FR"},{"@type":"Person","@id":"https:\/\/lepatriotebenin.com\/#\/schema\/person\/2e7709b9c9cc313e452d1136af61690f","name":"Redaction","image":{"@type":"ImageObject","inLanguage":"fr-FR","@id":"https:\/\/secure.gravatar.com\/avatar\/c4c509357859ea2ca2cbb6d8812898a73e4ef1ef9934c2e591d7e32face734d1?s=96&d=mm&r=g","url":"https:\/\/secure.gravatar.com\/avatar\/c4c509357859ea2ca2cbb6d8812898a73e4ef1ef9934c2e591d7e32face734d1?s=96&d=mm&r=g","contentUrl":"https:\/\/secure.gravatar.com\/avatar\/c4c509357859ea2ca2cbb6d8812898a73e4ef1ef9934c2e591d7e32face734d1?s=96&d=mm&r=g","caption":"Redaction"},"url":"https:\/\/lepatriotebenin.com"}]}},"_links":{"self":[{"href":"https:\/\/lepatriotebenin.com\/index.php\/wp-json\/wp\/v2\/posts\/6476","targetHints":{"allow":["GET"]}}],"collection":[{"href":"https:\/\/lepatriotebenin.com\/index.php\/wp-json\/wp\/v2\/posts"}],"about":[{"href":"https:\/\/lepatriotebenin.com\/index.php\/wp-json\/wp\/v2\/types\/post"}],"author":[{"embeddable":true,"href":"https:\/\/lepatriotebenin.com\/index.php\/wp-json\/wp\/v2\/users\/5"}],"replies":[{"embeddable":true,"href":"https:\/\/lepatriotebenin.com\/index.php\/wp-json\/wp\/v2\/comments?post=6476"}],"version-history":[{"count":1,"href":"https:\/\/lepatriotebenin.com\/index.php\/wp-json\/wp\/v2\/posts\/6476\/revisions"}],"predecessor-version":[{"id":6478,"href":"https:\/\/lepatriotebenin.com\/index.php\/wp-json\/wp\/v2\/posts\/6476\/revisions\/6478"}],"wp:featuredmedia":[{"embeddable":true,"href":"https:\/\/lepatriotebenin.com\/index.php\/wp-json\/wp\/v2\/media\/6477"}],"wp:attachment":[{"href":"https:\/\/lepatriotebenin.com\/index.php\/wp-json\/wp\/v2\/media?parent=6476"}],"wp:term":[{"taxonomy":"category","embeddable":true,"href":"https:\/\/lepatriotebenin.com\/index.php\/wp-json\/wp\/v2\/categories?post=6476"},{"taxonomy":"post_tag","embeddable":true,"href":"https:\/\/lepatriotebenin.com\/index.php\/wp-json\/wp\/v2\/tags?post=6476"}],"curies":[{"name":"wp","href":"https:\/\/api.w.org\/{rel}","templated":true}]}}