{"id":6473,"date":"2024-07-08T01:50:17","date_gmt":"2024-07-07T23:50:17","guid":{"rendered":"https:\/\/lepatriotebenin.com\/?p=6473"},"modified":"2024-07-08T04:12:08","modified_gmt":"2024-07-08T02:12:08","slug":"mort-de-latifou-radji-omar-arouna-accuse-talon","status":"publish","type":"post","link":"https:\/\/lepatriotebenin.com\/index.php\/2024\/07\/08\/mort-de-latifou-radji-omar-arouna-accuse-talon\/","title":{"rendered":"D\u00e9c\u00e8s de Latifou Radji : \u00a0\u00bb c&rsquo;est un crime contre l&rsquo;humanit\u00e9\u00a0\u00bb, accuse Omar Arouna"},"content":{"rendered":"\n<p><strong>L\u2019indignation suscit\u00e9e par le mort du jeune Latifou Radji&nbsp; ne semble pas s\u2019estomper. Quelques jours apr\u00e8s ce d\u00e9c\u00e8s qui a attrist\u00e9 tout le pays, Omar Arouna, ancien ambassadeur du B\u00e9nin pr\u00e8s les Etats Unis revient \u00e0 la charge et qualifie cette mort de \u00ab&nbsp;crime contre l\u2019humanit\u00e9&nbsp;\u00bb, accusant au passage Patrice Talon d\u2019en \u00eatre responsable.<\/strong><\/p>\n\n\n\n<p>Latifou, arr\u00eat\u00e9 en 2019 sans jugement, a pass\u00e9 pr\u00e8s de quatre ans derri\u00e8re les barreaux avant de succomber \u00e0 une maladie, cons\u00e9quence directe du refus de soins m\u00e9dicaux par ses ge\u00f4liers.<\/p>\n\n\n\n<p>&nbsp;Ce drame est une illustration flagrante des abus graves et des violations des droits humains sous le r\u00e9gime de Patrice Talon, pr\u00e9sident du B\u00e9nin. Il est imp\u00e9ratif de d\u00e9noncer ce crime contre l\u2019humanit\u00e9 et de rappeler que le chef de l\u2019\u00c9tat en est le principal responsable.&nbsp;<\/p>\n\n\n\n<p>&nbsp;Latifou Radji, natif de Sav\u00e8, n\u2019avait commis aucun crime autre que celui de r\u00e9clamer justice et d\u00e9mocratie dans son pays. Arr\u00eat\u00e9 lors des manifestations \u00e9lectorales de 2019, il fait partie des nombreux prisonniers politiques enferm\u00e9s sans proc\u00e8s ni preuves tangibles. Il est le 79\u00e8me d\u00e9tenu sur une liste de 89, comme le r\u00e9v\u00e8le un rapport que j\u2019ai commandit\u00e9 il y a plus d\u2019un an.&nbsp;<\/p>\n\n\n\n<p>Ce rapport souligne que 90% des prisonniers politiques au B\u00e9nin proviennent du nord du pays, une r\u00e9gion pour laquelle Patrice Talon semble nourrir un d\u00e9dain particulier.&nbsp;<\/p>\n\n\n\n<p>&nbsp;Les conditions de d\u00e9tention des prisonniers politiques au B\u00e9nin sont effroyables. Priv\u00e9s de soins m\u00e9dicaux ad\u00e9quats, ces d\u00e9tenus sont souvent laiss\u00e9s \u00e0 leur sort, risquant de mourir dans l\u2019oubli et la douleur. La mort de Latifou Radji en est un triste exemple.&nbsp;<\/p>\n\n\n\n<p>Malgr\u00e9 des signes \u00e9vidents de d\u00e9t\u00e9rioration de sa sant\u00e9, les autorit\u00e9s p\u00e9nitentiaires ont refus\u00e9 de lui fournir les soins n\u00e9cessaires, le condamnant ainsi \u00e0 une mort lente et atroce.&nbsp;<\/p>\n\n\n\n<p>&nbsp;Depuis 2018, le B\u00e9nin a connu plusieurs vagues d\u2019arrestations politiques, principalement lors des p\u00e9riodes \u00e9lectorales. Des centaines de personnes ont \u00e9t\u00e9 arr\u00eat\u00e9es sous des accusations fabriqu\u00e9es, souvent li\u00e9es au terrorisme, pour l\u00e9gitimer leur d\u00e9tention. Ces arrestations massives visent principalement les opposants politiques et les militants des droits de l\u2019homme, cr\u00e9ant un climat de peur et de r\u00e9pression.&nbsp;<\/p>\n\n\n\n<p>&nbsp;Si Patrice Talon est le principal responsable de ce syst\u00e8me r\u00e9pressif, il ne doit pas \u00eatre le seul \u00e0 \u00eatre accus\u00e9. Tous ceux qui participent et soutiennent ce r\u00e9gime, y compris la pseudo-opposition qui conf\u00e8re une l\u00e9gitimit\u00e9 \u00e0 ce pouvoir dictatorial, portent \u00e9galement une part de responsabilit\u00e9. En tol\u00e9rant ces abus, le peuple b\u00e9ninois, souvent r\u00e9put\u00e9 pour son pacifisme, doit aussi prendre conscience de son r\u00f4le dans la perp\u00e9tuation de ce syst\u00e8me oppressif. &nbsp;<\/p>\n\n\n\n<p>La mort de Latifou Radji ne doit pas rester sans suite. Il est urgent de tirer la sonnette d\u2019alarme sur les conditions de d\u00e9tention des prisonniers politiques au B\u00e9nin et de mettre fin \u00e0 ces pratiques inhumaines. Une enqu\u00eate impartiale doit \u00eatre ouverte pour faire la lumi\u00e8re sur les circonstances de son d\u00e9c\u00e8s et traduire en justice les responsables de ce crime contre l\u2019humanit\u00e9.&nbsp;<\/p>\n\n\n\n<p>&nbsp;La mort de Latifou Radji est une trag\u00e9die qui illustre les d\u00e9rives autoritaires du r\u00e9gime de Patrice Talon. Il est temps de d\u00e9noncer ces abus et de lutter pour la libert\u00e9 et la justice au B\u00e9nin. Le silence et l\u2019inaction ne sont plus des options ; il en va de l\u2019avenir de la d\u00e9mocratie et des droits humains dans notre pays.&nbsp;<\/p>\n\n\n\n<p><em>Ambassadeur Omar Arouna, MBA<\/em><\/p>\n","protected":false},"excerpt":{"rendered":"<p>L\u2019indignation suscit\u00e9e par le mort du jeune Latifou Radji&nbsp; ne semble pas s\u2019estomper. Quelques jours apr\u00e8s ce d\u00e9c\u00e8s qui a attrist\u00e9 tout le pays, Omar Arouna, ancien ambassadeur du B\u00e9nin&hellip;<\/p>\n","protected":false},"author":5,"featured_media":6474,"comment_status":"open","ping_status":"open","sticky":false,"template":"","format":"standard","meta":{"content-type":"","om_disable_all_campaigns":false,"_monsterinsights_skip_tracking":false,"_monsterinsights_sitenote_active":false,"_monsterinsights_sitenote_note":"","_monsterinsights_sitenote_category":0,"_uf_show_specific_survey":0,"_uf_disable_surveys":false,"footnotes":""},"categories":[26],"tags":[],"class_list":["post-6473","post","type-post","status-publish","format-standard","has-post-thumbnail","hentry","category-politique"],"aioseo_notices":[],"yoast_head":"<!-- This site is optimized with the Yoast SEO plugin v27.5 - https:\/\/yoast.com\/product\/yoast-seo-wordpress\/ -->\n<title>D\u00e9c\u00e8s de Latifou Radji : &quot; c&#039;est un crime contre l&#039;humanit\u00e9&quot;, accuse Omar Arouna - Le Patriote<\/title>\n<meta name=\"robots\" content=\"index, follow, max-snippet:-1, max-image-preview:large, max-video-preview:-1\" \/>\n<link rel=\"canonical\" href=\"https:\/\/lepatriotebenin.com\/index.php\/2024\/07\/08\/mort-de-latifou-radji-omar-arouna-accuse-talon\/\" \/>\n<meta property=\"og:locale\" content=\"fr_FR\" \/>\n<meta property=\"og:type\" content=\"article\" \/>\n<meta property=\"og:title\" content=\"D\u00e9c\u00e8s de Latifou Radji : &quot; c&#039;est un crime contre l&#039;humanit\u00e9&quot;, accuse Omar Arouna - Le Patriote\" \/>\n<meta property=\"og:description\" content=\"L\u2019indignation suscit\u00e9e par le mort du jeune Latifou Radji&nbsp; ne semble pas s\u2019estomper. Quelques jours apr\u00e8s ce d\u00e9c\u00e8s qui a attrist\u00e9 tout le pays, Omar Arouna, ancien ambassadeur du B\u00e9nin&hellip;\" \/>\n<meta property=\"og:url\" content=\"https:\/\/lepatriotebenin.com\/index.php\/2024\/07\/08\/mort-de-latifou-radji-omar-arouna-accuse-talon\/\" \/>\n<meta property=\"og:site_name\" content=\"Le Patriote\" \/>\n<meta property=\"article:published_time\" content=\"2024-07-07T23:50:17+00:00\" \/>\n<meta property=\"article:modified_time\" content=\"2024-07-08T02:12:08+00:00\" \/>\n<meta property=\"og:image\" content=\"https:\/\/lepatriotebenin.com\/wp-content\/uploads\/2024\/07\/omar-boni.jpg\" \/>\n\t<meta property=\"og:image:width\" content=\"600\" \/>\n\t<meta property=\"og:image:height\" content=\"355\" \/>\n\t<meta property=\"og:image:type\" content=\"image\/jpeg\" \/>\n<meta name=\"author\" content=\"Redaction\" \/>\n<meta name=\"twitter:card\" content=\"summary_large_image\" \/>\n<meta name=\"twitter:label1\" content=\"\u00c9crit par\" \/>\n\t<meta name=\"twitter:data1\" content=\"Redaction\" \/>\n\t<meta name=\"twitter:label2\" content=\"Dur\u00e9e de lecture estim\u00e9e\" \/>\n\t<meta name=\"twitter:data2\" content=\"3 minutes\" \/>\n<script type=\"application\/ld+json\" class=\"yoast-schema-graph\">{\"@context\":\"https:\\\/\\\/schema.org\",\"@graph\":[{\"@type\":\"Article\",\"@id\":\"https:\\\/\\\/lepatriotebenin.com\\\/index.php\\\/2024\\\/07\\\/08\\\/mort-de-latifou-radji-omar-arouna-accuse-talon\\\/#article\",\"isPartOf\":{\"@id\":\"https:\\\/\\\/lepatriotebenin.com\\\/index.php\\\/2024\\\/07\\\/08\\\/mort-de-latifou-radji-omar-arouna-accuse-talon\\\/\"},\"author\":{\"name\":\"Redaction\",\"@id\":\"https:\\\/\\\/lepatriotebenin.com\\\/#\\\/schema\\\/person\\\/2e7709b9c9cc313e452d1136af61690f\"},\"headline\":\"D\u00e9c\u00e8s de Latifou Radji : \u00a0\u00bb c&rsquo;est un crime contre l&rsquo;humanit\u00e9\u00a0\u00bb, accuse Omar Arouna\",\"datePublished\":\"2024-07-07T23:50:17+00:00\",\"dateModified\":\"2024-07-08T02:12:08+00:00\",\"mainEntityOfPage\":{\"@id\":\"https:\\\/\\\/lepatriotebenin.com\\\/index.php\\\/2024\\\/07\\\/08\\\/mort-de-latifou-radji-omar-arouna-accuse-talon\\\/\"},\"wordCount\":661,\"commentCount\":1,\"image\":{\"@id\":\"https:\\\/\\\/lepatriotebenin.com\\\/index.php\\\/2024\\\/07\\\/08\\\/mort-de-latifou-radji-omar-arouna-accuse-talon\\\/#primaryimage\"},\"thumbnailUrl\":\"https:\\\/\\\/lepatriotebenin.com\\\/wp-content\\\/uploads\\\/2024\\\/07\\\/omar-boni.jpg\",\"articleSection\":[\"Politique\"],\"inLanguage\":\"fr-FR\",\"potentialAction\":[{\"@type\":\"CommentAction\",\"name\":\"Comment\",\"target\":[\"https:\\\/\\\/lepatriotebenin.com\\\/index.php\\\/2024\\\/07\\\/08\\\/mort-de-latifou-radji-omar-arouna-accuse-talon\\\/#respond\"]}]},{\"@type\":\"WebPage\",\"@id\":\"https:\\\/\\\/lepatriotebenin.com\\\/index.php\\\/2024\\\/07\\\/08\\\/mort-de-latifou-radji-omar-arouna-accuse-talon\\\/\",\"url\":\"https:\\\/\\\/lepatriotebenin.com\\\/index.php\\\/2024\\\/07\\\/08\\\/mort-de-latifou-radji-omar-arouna-accuse-talon\\\/\",\"name\":\"D\u00e9c\u00e8s de Latifou Radji : \\\" c'est un crime contre l'humanit\u00e9\\\", accuse Omar Arouna - Le Patriote\",\"isPartOf\":{\"@id\":\"https:\\\/\\\/lepatriotebenin.com\\\/#website\"},\"primaryImageOfPage\":{\"@id\":\"https:\\\/\\\/lepatriotebenin.com\\\/index.php\\\/2024\\\/07\\\/08\\\/mort-de-latifou-radji-omar-arouna-accuse-talon\\\/#primaryimage\"},\"image\":{\"@id\":\"https:\\\/\\\/lepatriotebenin.com\\\/index.php\\\/2024\\\/07\\\/08\\\/mort-de-latifou-radji-omar-arouna-accuse-talon\\\/#primaryimage\"},\"thumbnailUrl\":\"https:\\\/\\\/lepatriotebenin.com\\\/wp-content\\\/uploads\\\/2024\\\/07\\\/omar-boni.jpg\",\"datePublished\":\"2024-07-07T23:50:17+00:00\",\"dateModified\":\"2024-07-08T02:12:08+00:00\",\"author\":{\"@id\":\"https:\\\/\\\/lepatriotebenin.com\\\/#\\\/schema\\\/person\\\/2e7709b9c9cc313e452d1136af61690f\"},\"breadcrumb\":{\"@id\":\"https:\\\/\\\/lepatriotebenin.com\\\/index.php\\\/2024\\\/07\\\/08\\\/mort-de-latifou-radji-omar-arouna-accuse-talon\\\/#breadcrumb\"},\"inLanguage\":\"fr-FR\",\"potentialAction\":[{\"@type\":\"ReadAction\",\"target\":[\"https:\\\/\\\/lepatriotebenin.com\\\/index.php\\\/2024\\\/07\\\/08\\\/mort-de-latifou-radji-omar-arouna-accuse-talon\\\/\"]}]},{\"@type\":\"ImageObject\",\"inLanguage\":\"fr-FR\",\"@id\":\"https:\\\/\\\/lepatriotebenin.com\\\/index.php\\\/2024\\\/07\\\/08\\\/mort-de-latifou-radji-omar-arouna-accuse-talon\\\/#primaryimage\",\"url\":\"https:\\\/\\\/lepatriotebenin.com\\\/wp-content\\\/uploads\\\/2024\\\/07\\\/omar-boni.jpg\",\"contentUrl\":\"https:\\\/\\\/lepatriotebenin.com\\\/wp-content\\\/uploads\\\/2024\\\/07\\\/omar-boni.jpg\",\"width\":600,\"height\":355},{\"@type\":\"BreadcrumbList\",\"@id\":\"https:\\\/\\\/lepatriotebenin.com\\\/index.php\\\/2024\\\/07\\\/08\\\/mort-de-latifou-radji-omar-arouna-accuse-talon\\\/#breadcrumb\",\"itemListElement\":[{\"@type\":\"ListItem\",\"position\":1,\"name\":\"Accueil\",\"item\":\"https:\\\/\\\/lepatriotebenin.com\\\/\"},{\"@type\":\"ListItem\",\"position\":2,\"name\":\"D\u00e9c\u00e8s de Latifou Radji : \u00a0\u00bb c&rsquo;est un crime contre l&rsquo;humanit\u00e9\u00a0\u00bb, accuse Omar Arouna\"}]},{\"@type\":\"WebSite\",\"@id\":\"https:\\\/\\\/lepatriotebenin.com\\\/#website\",\"url\":\"https:\\\/\\\/lepatriotebenin.com\\\/\",\"name\":\"Le Patriote\",\"description\":\"Le Patriote B\u00e9nin\",\"potentialAction\":[{\"@type\":\"SearchAction\",\"target\":{\"@type\":\"EntryPoint\",\"urlTemplate\":\"https:\\\/\\\/lepatriotebenin.com\\\/?s={search_term_string}\"},\"query-input\":{\"@type\":\"PropertyValueSpecification\",\"valueRequired\":true,\"valueName\":\"search_term_string\"}}],\"inLanguage\":\"fr-FR\"},{\"@type\":\"Person\",\"@id\":\"https:\\\/\\\/lepatriotebenin.com\\\/#\\\/schema\\\/person\\\/2e7709b9c9cc313e452d1136af61690f\",\"name\":\"Redaction\",\"image\":{\"@type\":\"ImageObject\",\"inLanguage\":\"fr-FR\",\"@id\":\"https:\\\/\\\/secure.gravatar.com\\\/avatar\\\/c4c509357859ea2ca2cbb6d8812898a73e4ef1ef9934c2e591d7e32face734d1?s=96&d=mm&r=g\",\"url\":\"https:\\\/\\\/secure.gravatar.com\\\/avatar\\\/c4c509357859ea2ca2cbb6d8812898a73e4ef1ef9934c2e591d7e32face734d1?s=96&d=mm&r=g\",\"contentUrl\":\"https:\\\/\\\/secure.gravatar.com\\\/avatar\\\/c4c509357859ea2ca2cbb6d8812898a73e4ef1ef9934c2e591d7e32face734d1?s=96&d=mm&r=g\",\"caption\":\"Redaction\"},\"url\":\"https:\\\/\\\/lepatriotebenin.com\"}]}<\/script>\n<!-- \/ Yoast SEO plugin. -->","yoast_head_json":{"title":"D\u00e9c\u00e8s de Latifou Radji : \" c'est un crime contre l'humanit\u00e9\", accuse Omar Arouna - Le Patriote","robots":{"index":"index","follow":"follow","max-snippet":"max-snippet:-1","max-image-preview":"max-image-preview:large","max-video-preview":"max-video-preview:-1"},"canonical":"https:\/\/lepatriotebenin.com\/index.php\/2024\/07\/08\/mort-de-latifou-radji-omar-arouna-accuse-talon\/","og_locale":"fr_FR","og_type":"article","og_title":"D\u00e9c\u00e8s de Latifou Radji : \" c'est un crime contre l'humanit\u00e9\", accuse Omar Arouna - Le Patriote","og_description":"L\u2019indignation suscit\u00e9e par le mort du jeune Latifou Radji&nbsp; ne semble pas s\u2019estomper. Quelques jours apr\u00e8s ce d\u00e9c\u00e8s qui a attrist\u00e9 tout le pays, Omar Arouna, ancien ambassadeur du B\u00e9nin&hellip;","og_url":"https:\/\/lepatriotebenin.com\/index.php\/2024\/07\/08\/mort-de-latifou-radji-omar-arouna-accuse-talon\/","og_site_name":"Le Patriote","article_published_time":"2024-07-07T23:50:17+00:00","article_modified_time":"2024-07-08T02:12:08+00:00","og_image":[{"width":600,"height":355,"url":"https:\/\/lepatriotebenin.com\/wp-content\/uploads\/2024\/07\/omar-boni.jpg","type":"image\/jpeg"}],"author":"Redaction","twitter_card":"summary_large_image","twitter_misc":{"\u00c9crit par":"Redaction","Dur\u00e9e de lecture estim\u00e9e":"3 minutes"},"schema":{"@context":"https:\/\/schema.org","@graph":[{"@type":"Article","@id":"https:\/\/lepatriotebenin.com\/index.php\/2024\/07\/08\/mort-de-latifou-radji-omar-arouna-accuse-talon\/#article","isPartOf":{"@id":"https:\/\/lepatriotebenin.com\/index.php\/2024\/07\/08\/mort-de-latifou-radji-omar-arouna-accuse-talon\/"},"author":{"name":"Redaction","@id":"https:\/\/lepatriotebenin.com\/#\/schema\/person\/2e7709b9c9cc313e452d1136af61690f"},"headline":"D\u00e9c\u00e8s de Latifou Radji : \u00a0\u00bb c&rsquo;est un crime contre l&rsquo;humanit\u00e9\u00a0\u00bb, accuse Omar Arouna","datePublished":"2024-07-07T23:50:17+00:00","dateModified":"2024-07-08T02:12:08+00:00","mainEntityOfPage":{"@id":"https:\/\/lepatriotebenin.com\/index.php\/2024\/07\/08\/mort-de-latifou-radji-omar-arouna-accuse-talon\/"},"wordCount":661,"commentCount":1,"image":{"@id":"https:\/\/lepatriotebenin.com\/index.php\/2024\/07\/08\/mort-de-latifou-radji-omar-arouna-accuse-talon\/#primaryimage"},"thumbnailUrl":"https:\/\/lepatriotebenin.com\/wp-content\/uploads\/2024\/07\/omar-boni.jpg","articleSection":["Politique"],"inLanguage":"fr-FR","potentialAction":[{"@type":"CommentAction","name":"Comment","target":["https:\/\/lepatriotebenin.com\/index.php\/2024\/07\/08\/mort-de-latifou-radji-omar-arouna-accuse-talon\/#respond"]}]},{"@type":"WebPage","@id":"https:\/\/lepatriotebenin.com\/index.php\/2024\/07\/08\/mort-de-latifou-radji-omar-arouna-accuse-talon\/","url":"https:\/\/lepatriotebenin.com\/index.php\/2024\/07\/08\/mort-de-latifou-radji-omar-arouna-accuse-talon\/","name":"D\u00e9c\u00e8s de Latifou Radji : \" c'est un crime contre l'humanit\u00e9\", accuse Omar Arouna - Le Patriote","isPartOf":{"@id":"https:\/\/lepatriotebenin.com\/#website"},"primaryImageOfPage":{"@id":"https:\/\/lepatriotebenin.com\/index.php\/2024\/07\/08\/mort-de-latifou-radji-omar-arouna-accuse-talon\/#primaryimage"},"image":{"@id":"https:\/\/lepatriotebenin.com\/index.php\/2024\/07\/08\/mort-de-latifou-radji-omar-arouna-accuse-talon\/#primaryimage"},"thumbnailUrl":"https:\/\/lepatriotebenin.com\/wp-content\/uploads\/2024\/07\/omar-boni.jpg","datePublished":"2024-07-07T23:50:17+00:00","dateModified":"2024-07-08T02:12:08+00:00","author":{"@id":"https:\/\/lepatriotebenin.com\/#\/schema\/person\/2e7709b9c9cc313e452d1136af61690f"},"breadcrumb":{"@id":"https:\/\/lepatriotebenin.com\/index.php\/2024\/07\/08\/mort-de-latifou-radji-omar-arouna-accuse-talon\/#breadcrumb"},"inLanguage":"fr-FR","potentialAction":[{"@type":"ReadAction","target":["https:\/\/lepatriotebenin.com\/index.php\/2024\/07\/08\/mort-de-latifou-radji-omar-arouna-accuse-talon\/"]}]},{"@type":"ImageObject","inLanguage":"fr-FR","@id":"https:\/\/lepatriotebenin.com\/index.php\/2024\/07\/08\/mort-de-latifou-radji-omar-arouna-accuse-talon\/#primaryimage","url":"https:\/\/lepatriotebenin.com\/wp-content\/uploads\/2024\/07\/omar-boni.jpg","contentUrl":"https:\/\/lepatriotebenin.com\/wp-content\/uploads\/2024\/07\/omar-boni.jpg","width":600,"height":355},{"@type":"BreadcrumbList","@id":"https:\/\/lepatriotebenin.com\/index.php\/2024\/07\/08\/mort-de-latifou-radji-omar-arouna-accuse-talon\/#breadcrumb","itemListElement":[{"@type":"ListItem","position":1,"name":"Accueil","item":"https:\/\/lepatriotebenin.com\/"},{"@type":"ListItem","position":2,"name":"D\u00e9c\u00e8s de Latifou Radji : \u00a0\u00bb c&rsquo;est un crime contre l&rsquo;humanit\u00e9\u00a0\u00bb, accuse Omar Arouna"}]},{"@type":"WebSite","@id":"https:\/\/lepatriotebenin.com\/#website","url":"https:\/\/lepatriotebenin.com\/","name":"Le Patriote","description":"Le Patriote B\u00e9nin","potentialAction":[{"@type":"SearchAction","target":{"@type":"EntryPoint","urlTemplate":"https:\/\/lepatriotebenin.com\/?s={search_term_string}"},"query-input":{"@type":"PropertyValueSpecification","valueRequired":true,"valueName":"search_term_string"}}],"inLanguage":"fr-FR"},{"@type":"Person","@id":"https:\/\/lepatriotebenin.com\/#\/schema\/person\/2e7709b9c9cc313e452d1136af61690f","name":"Redaction","image":{"@type":"ImageObject","inLanguage":"fr-FR","@id":"https:\/\/secure.gravatar.com\/avatar\/c4c509357859ea2ca2cbb6d8812898a73e4ef1ef9934c2e591d7e32face734d1?s=96&d=mm&r=g","url":"https:\/\/secure.gravatar.com\/avatar\/c4c509357859ea2ca2cbb6d8812898a73e4ef1ef9934c2e591d7e32face734d1?s=96&d=mm&r=g","contentUrl":"https:\/\/secure.gravatar.com\/avatar\/c4c509357859ea2ca2cbb6d8812898a73e4ef1ef9934c2e591d7e32face734d1?s=96&d=mm&r=g","caption":"Redaction"},"url":"https:\/\/lepatriotebenin.com"}]}},"_links":{"self":[{"href":"https:\/\/lepatriotebenin.com\/index.php\/wp-json\/wp\/v2\/posts\/6473","targetHints":{"allow":["GET"]}}],"collection":[{"href":"https:\/\/lepatriotebenin.com\/index.php\/wp-json\/wp\/v2\/posts"}],"about":[{"href":"https:\/\/lepatriotebenin.com\/index.php\/wp-json\/wp\/v2\/types\/post"}],"author":[{"embeddable":true,"href":"https:\/\/lepatriotebenin.com\/index.php\/wp-json\/wp\/v2\/users\/5"}],"replies":[{"embeddable":true,"href":"https:\/\/lepatriotebenin.com\/index.php\/wp-json\/wp\/v2\/comments?post=6473"}],"version-history":[{"count":2,"href":"https:\/\/lepatriotebenin.com\/index.php\/wp-json\/wp\/v2\/posts\/6473\/revisions"}],"predecessor-version":[{"id":6494,"href":"https:\/\/lepatriotebenin.com\/index.php\/wp-json\/wp\/v2\/posts\/6473\/revisions\/6494"}],"wp:featuredmedia":[{"embeddable":true,"href":"https:\/\/lepatriotebenin.com\/index.php\/wp-json\/wp\/v2\/media\/6474"}],"wp:attachment":[{"href":"https:\/\/lepatriotebenin.com\/index.php\/wp-json\/wp\/v2\/media?parent=6473"}],"wp:term":[{"taxonomy":"category","embeddable":true,"href":"https:\/\/lepatriotebenin.com\/index.php\/wp-json\/wp\/v2\/categories?post=6473"},{"taxonomy":"post_tag","embeddable":true,"href":"https:\/\/lepatriotebenin.com\/index.php\/wp-json\/wp\/v2\/tags?post=6473"}],"curies":[{"name":"wp","href":"https:\/\/api.w.org\/{rel}","templated":true}]}}