{"id":6470,"date":"2024-07-08T01:46:48","date_gmt":"2024-07-07T23:46:48","guid":{"rendered":"https:\/\/lepatriotebenin.com\/?p=6470"},"modified":"2024-07-08T01:46:48","modified_gmt":"2024-07-07T23:46:48","slug":"thibaut-ogou-apres-38-mois-dabsence-jai-vu-un-benin-depourvu-de-toutes-ses-valeurs-morales-et-ethiques","status":"publish","type":"post","link":"https:\/\/lepatriotebenin.com\/index.php\/2024\/07\/08\/thibaut-ogou-apres-38-mois-dabsence-jai-vu-un-benin-depourvu-de-toutes-ses-valeurs-morales-et-ethiques\/","title":{"rendered":"\u00a0Thibaut Ogou :\u00a0 \u201cApr\u00e8s 38 mois d\u2019absence, j\u2019ai vu un B\u00e9nin d\u00e9pourvu de toutes ses valeurs morales et \u00e9thiques\u201d"},"content":{"rendered":"\n<p>Apr\u00e8s avoir pass\u00e9 38 mois derri\u00e8re les barreaux puis lib\u00e9r\u00e9 il y a un mois, ses amis et les membres de sa formation politique \u201c<strong>Alliance Conclave de la Jeunesse \u2018<\/strong> (ACJ) ont rendu, ce dimanche<strong> 07 juillet 2024<\/strong> dans un h\u00f4tel \u00e0 Cotonou au cours d\u2019une c\u00e9r\u00e9monie de bienvenue, un hommage m\u00e9rit\u00e9 \u00e0 un combattant de la libert\u00e9, <strong>Thibaut Ogou.<\/strong> Selon la pr\u00e9sidente du comit\u00e9 d\u2019organisation de cette c\u00e9r\u00e9monie d\u2019hommage, <strong>Donatienne Acakpo,<\/strong> Thibaut Ogou est <em>\u201d la preuve vivante que le Bien triomphe toujours du mal\u201d.<\/em> Pour elle, son <em>\u201csacrifice ne sera pas vain\u201d.<\/em> Quant \u00e0 <strong>Nadine Okoumassou,<\/strong> elle a demand\u00e9 au peuple de se mobiliser pour \u00e9crire une nouvelle page de l\u2019histoire de notre pays. Elle n\u2019a pas manqu\u00e9 d\u2019interpeller la conscience du pr\u00e9sident de la R\u00e9publique, son, excellence Patrice<strong> Talon<\/strong> <em>\u201c si il est fier qu\u2019on compte aujourd\u2019hui des jeunes \u201c<\/em> comme eux, <em>\u201c des jeunes comme Thibaut Ogou, d\u00e9tenu politique pour leur opinion, pour leur engagement\u201d. \u201c Le d\u00e9veloppement de ce pays nous interpelle tous\u201d <\/em>a \u2013 t-elle laiss\u00e9 entendre avant d\u2019ajouter : \u201d Ce qui reste encore est \u00e9norme\u201d. &nbsp;<strong>Fran\u00e7oise Sossou Holonou<\/strong>, pr\u00e9sidente du Comit\u00e9 de Soutien aux D\u00e9tenus et Exil\u00e9s Politiques, a pour son part d\u00e9clar\u00e9 que \u201c<em>la personne humaine est sacr\u00e9e\u201d<\/em> et que ce pays appartient \u00e0 tout le peuple b\u00e9ninois.&nbsp; Pour elle, \u201cl\u2019objectif de nos dirigeants, c\u2019est d\u2019humilier la personne humaine\u201d.<\/p>\n\n\n\n<p>\u201c <em>Thibaut Ogou n\u2019a pas peur de lui (Pr\u00e9sident Patrice Talon). Que celui va l\u2019enlever de l\u00e0 \u00e0 pour nom Thibaut Ogou\u201d<\/em> a l\u00e2ch\u00e9 le pr\u00e9sident de l\u2019Alliance Conclave de la Jeunesse. Tout en remerciant <em>\u201cDieu, le seul, l\u2019unique, le seul qui<\/em>\u201d lui a <em>\u201cdonn\u00e9 le courage de tenir pendant tout ce temps\u201d,<\/em> lui qui l\u2019a \u201c<em>permis de traverser cette \u00e9preuve douloureuse de\u201d <\/em>sa vie, <em>\u201cune \u00e9preuve que la jeunesse b\u00e9ninoise n\u2019a rien fait pour m\u00e9riter\u201d<\/em>, Thibaut Ogou a indiqu\u00e9 qu\u2019allergique \u00e0 la douleur du peuple, il a tr\u00e8s t\u00f4t fait son choix. &nbsp;\u201c<em>J\u2019ai fait mon choix de me battre au c\u00f4t\u00e9 des opprim\u00e9s contre un pouvoir de ruse et de rage. En effet un pouvoir qui cherche toujours \u00e0 intimider, un pouvoir qui cherche toujours \u00e0 semer la peur, la terreur dans le c\u0153ur de tous les B\u00e9ninois. En faisant ce choix, j\u2019\u00e9tais enti\u00e8rement conscient des inconv\u00e9nients<\/em>\u201d a-t-il fait savoir avant de poursuivre : <em>\u201c J\u2019aimerais bien rendre un vibrant hommage \u00e0 nos patriotes qui sont toujours dans les prisons juste parce qu\u2019ils d\u00e9fendent le juste et le bon. Mes hommages \u00e0 tous mes fr\u00e8res et s\u0153urs qui croupissent dans les prisons. Le peuple vous lib\u00e8rera un jour. &nbsp;Le B\u00e9nin vous lib\u00e8rera un jour<\/em>\u201d.<\/p>\n\n\n\n<p>&nbsp; Apr\u00e8s 38 mois d\u2019absence, dit-il, il a vu un B\u00e9nin m\u00e9connaissable par \u00e0 cause des rues ou des ruelles dans les vons, de la statue Bio Gu\u00e9ra en bottes d\u00e9plac\u00e9es au carrefour Erevan ou de la statue de l\u2019Amazone ni m\u00eame des fleurs plant\u00e9es derri\u00e8re la pr\u00e9sidence mais \u201c<em>un B\u00e9nin d\u00e9pourvu de toutes ses valeurs morales et \u00e9thiques<\/em>\u201d. Pour lui, \u201c<em>la jeunesse d\u00e9boussol\u00e9e et d\u00e9sorient\u00e9e se livre aux pratiques sexuelles <\/em>d\u00e9shonorantes sur les r\u00e9seaux sociaux<em>\u201d<\/em> et que \u201c<em>le ch\u00f4mage devient de plus en plus accentuant devant un gouvernement impuissant face \u00e0 cette situation. &nbsp;L\u2019intimidation et la peur se fait sentir sur tous les visages des b\u00e9ninois. L\u2019universit\u00e9 d\u2019Abomey Calavi, le haut lieu du savoir est devenu un camp militaire. La destruction et la liquidation des soci\u00e9t\u00e9s publiques devient le seul projet de soci\u00e9t\u00e9 du gouvernement en place<\/em>\u201d.&nbsp;Sur le plan politique, le pr\u00e9sident de l\u2019Alliance Conclave de la jeunesse a affirm\u00e9 que <em>\u201cl\u2019Assembl\u00e9e nationale, elle est devenue la Cour de d\u00e9cisions du pouvoir o\u00f9 les d\u00e9put\u00e9s de l\u2019opposition n\u2019existent que juste pour accompagner et \u00eatre t\u00e9moin des lois crisog\u00e8nes<\/em>\u201d et qu\u2019\u201d<em>\u00e0 petit coup , nous&nbsp; assistons au retour de la politique &nbsp;du d\u00e9mon \u00e0 trois t\u00e8tes<\/em>\u201d. &nbsp;&nbsp;Quant \u00e0 l\u2019opposition repr\u00e9sent\u00e9e aujourd\u2019hui \u00e0 l\u2019Assembl\u00e9e par le parti Les D\u00e9mocrates, il a signifi\u00e9 qu\u2019\u201celle doit savoir que <em>le combat est ailleurs \u201c<\/em> car la solution selon lui, les responsables de la plus grande formation politique de l\u2019opposition <em>\u201cle savent bien\u201d et que cela peut venir d\u2019eux.&nbsp; \u201cOn veut juste qu\u2019ils battent le vrai combat et non celui du bourreau. J\u2019appelle la conscience de tous \u00e0 repenser autrement pour qu\u2019ensemble on puisse renverser la donne car trop c\u2019est trop\u201d<\/em> a soulign\u00e9 Thibaut Ogou.<\/p>\n\n\n\n<p><strong>\u00a0<\/strong><\/p>\n","protected":false},"excerpt":{"rendered":"<p>Apr\u00e8s avoir pass\u00e9 38 mois derri\u00e8re les barreaux puis lib\u00e9r\u00e9 il y a un mois, ses amis et les membres de sa formation politique \u201cAlliance Conclave de la Jeunesse \u2018&hellip;<\/p>\n","protected":false},"author":6,"featured_media":6471,"comment_status":"open","ping_status":"open","sticky":false,"template":"","format":"standard","meta":{"content-type":"","om_disable_all_campaigns":false,"_monsterinsights_skip_tracking":false,"_monsterinsights_sitenote_active":false,"_monsterinsights_sitenote_note":"","_monsterinsights_sitenote_category":0,"_uf_show_specific_survey":0,"_uf_disable_surveys":false,"footnotes":""},"categories":[26],"tags":[],"class_list":["post-6470","post","type-post","status-publish","format-standard","has-post-thumbnail","hentry","category-politique"],"aioseo_notices":[],"yoast_head":"<!-- This site is optimized with the Yoast SEO plugin v27.5 - https:\/\/yoast.com\/product\/yoast-seo-wordpress\/ -->\n<title>\u00a0Thibaut Ogou :\u00a0 \u201cApr\u00e8s 38 mois d\u2019absence, j\u2019ai vu un B\u00e9nin d\u00e9pourvu de toutes ses valeurs morales et \u00e9thiques\u201d - Le Patriote<\/title>\n<meta name=\"robots\" content=\"index, follow, max-snippet:-1, max-image-preview:large, max-video-preview:-1\" \/>\n<link rel=\"canonical\" href=\"https:\/\/lepatriotebenin.com\/index.php\/2024\/07\/08\/thibaut-ogou-apres-38-mois-dabsence-jai-vu-un-benin-depourvu-de-toutes-ses-valeurs-morales-et-ethiques\/\" \/>\n<meta property=\"og:locale\" content=\"fr_FR\" \/>\n<meta property=\"og:type\" content=\"article\" \/>\n<meta property=\"og:title\" content=\"\u00a0Thibaut Ogou :\u00a0 \u201cApr\u00e8s 38 mois d\u2019absence, j\u2019ai vu un B\u00e9nin d\u00e9pourvu de toutes ses valeurs morales et \u00e9thiques\u201d - Le Patriote\" \/>\n<meta property=\"og:description\" content=\"Apr\u00e8s avoir pass\u00e9 38 mois derri\u00e8re les barreaux puis lib\u00e9r\u00e9 il y a un mois, ses amis et les membres de sa formation politique \u201cAlliance Conclave de la Jeunesse \u2018&hellip;\" \/>\n<meta property=\"og:url\" content=\"https:\/\/lepatriotebenin.com\/index.php\/2024\/07\/08\/thibaut-ogou-apres-38-mois-dabsence-jai-vu-un-benin-depourvu-de-toutes-ses-valeurs-morales-et-ethiques\/\" \/>\n<meta property=\"og:site_name\" content=\"Le Patriote\" \/>\n<meta property=\"article:published_time\" content=\"2024-07-07T23:46:48+00:00\" \/>\n<meta property=\"og:image\" content=\"https:\/\/lepatriotebenin.com\/wp-content\/uploads\/2024\/07\/suite-parution.jpg\" \/>\n\t<meta property=\"og:image:width\" content=\"1040\" \/>\n\t<meta property=\"og:image:height\" content=\"468\" \/>\n\t<meta property=\"og:image:type\" content=\"image\/jpeg\" \/>\n<meta name=\"author\" content=\"Roland AFFANOU\" \/>\n<meta name=\"twitter:card\" content=\"summary_large_image\" \/>\n<meta name=\"twitter:label1\" content=\"\u00c9crit par\" \/>\n\t<meta name=\"twitter:data1\" content=\"Roland AFFANOU\" \/>\n\t<meta name=\"twitter:label2\" content=\"Dur\u00e9e de lecture estim\u00e9e\" \/>\n\t<meta name=\"twitter:data2\" content=\"4 minutes\" \/>\n<script type=\"application\/ld+json\" class=\"yoast-schema-graph\">{\"@context\":\"https:\\\/\\\/schema.org\",\"@graph\":[{\"@type\":\"Article\",\"@id\":\"https:\\\/\\\/lepatriotebenin.com\\\/index.php\\\/2024\\\/07\\\/08\\\/thibaut-ogou-apres-38-mois-dabsence-jai-vu-un-benin-depourvu-de-toutes-ses-valeurs-morales-et-ethiques\\\/#article\",\"isPartOf\":{\"@id\":\"https:\\\/\\\/lepatriotebenin.com\\\/index.php\\\/2024\\\/07\\\/08\\\/thibaut-ogou-apres-38-mois-dabsence-jai-vu-un-benin-depourvu-de-toutes-ses-valeurs-morales-et-ethiques\\\/\"},\"author\":{\"name\":\"Roland AFFANOU\",\"@id\":\"https:\\\/\\\/lepatriotebenin.com\\\/#\\\/schema\\\/person\\\/4a9b67216c97d04045e01405c534c91f\"},\"headline\":\"\u00a0Thibaut Ogou :\u00a0 \u201cApr\u00e8s 38 mois d\u2019absence, j\u2019ai vu un B\u00e9nin d\u00e9pourvu de toutes ses valeurs morales et \u00e9thiques\u201d\",\"datePublished\":\"2024-07-07T23:46:48+00:00\",\"mainEntityOfPage\":{\"@id\":\"https:\\\/\\\/lepatriotebenin.com\\\/index.php\\\/2024\\\/07\\\/08\\\/thibaut-ogou-apres-38-mois-dabsence-jai-vu-un-benin-depourvu-de-toutes-ses-valeurs-morales-et-ethiques\\\/\"},\"wordCount\":831,\"commentCount\":0,\"image\":{\"@id\":\"https:\\\/\\\/lepatriotebenin.com\\\/index.php\\\/2024\\\/07\\\/08\\\/thibaut-ogou-apres-38-mois-dabsence-jai-vu-un-benin-depourvu-de-toutes-ses-valeurs-morales-et-ethiques\\\/#primaryimage\"},\"thumbnailUrl\":\"https:\\\/\\\/lepatriotebenin.com\\\/wp-content\\\/uploads\\\/2024\\\/07\\\/suite-parution.jpg\",\"articleSection\":[\"Politique\"],\"inLanguage\":\"fr-FR\",\"potentialAction\":[{\"@type\":\"CommentAction\",\"name\":\"Comment\",\"target\":[\"https:\\\/\\\/lepatriotebenin.com\\\/index.php\\\/2024\\\/07\\\/08\\\/thibaut-ogou-apres-38-mois-dabsence-jai-vu-un-benin-depourvu-de-toutes-ses-valeurs-morales-et-ethiques\\\/#respond\"]}]},{\"@type\":\"WebPage\",\"@id\":\"https:\\\/\\\/lepatriotebenin.com\\\/index.php\\\/2024\\\/07\\\/08\\\/thibaut-ogou-apres-38-mois-dabsence-jai-vu-un-benin-depourvu-de-toutes-ses-valeurs-morales-et-ethiques\\\/\",\"url\":\"https:\\\/\\\/lepatriotebenin.com\\\/index.php\\\/2024\\\/07\\\/08\\\/thibaut-ogou-apres-38-mois-dabsence-jai-vu-un-benin-depourvu-de-toutes-ses-valeurs-morales-et-ethiques\\\/\",\"name\":\"\u00a0Thibaut Ogou :\u00a0 \u201cApr\u00e8s 38 mois d\u2019absence, j\u2019ai vu un B\u00e9nin d\u00e9pourvu de toutes ses valeurs morales et \u00e9thiques\u201d - Le Patriote\",\"isPartOf\":{\"@id\":\"https:\\\/\\\/lepatriotebenin.com\\\/#website\"},\"primaryImageOfPage\":{\"@id\":\"https:\\\/\\\/lepatriotebenin.com\\\/index.php\\\/2024\\\/07\\\/08\\\/thibaut-ogou-apres-38-mois-dabsence-jai-vu-un-benin-depourvu-de-toutes-ses-valeurs-morales-et-ethiques\\\/#primaryimage\"},\"image\":{\"@id\":\"https:\\\/\\\/lepatriotebenin.com\\\/index.php\\\/2024\\\/07\\\/08\\\/thibaut-ogou-apres-38-mois-dabsence-jai-vu-un-benin-depourvu-de-toutes-ses-valeurs-morales-et-ethiques\\\/#primaryimage\"},\"thumbnailUrl\":\"https:\\\/\\\/lepatriotebenin.com\\\/wp-content\\\/uploads\\\/2024\\\/07\\\/suite-parution.jpg\",\"datePublished\":\"2024-07-07T23:46:48+00:00\",\"author\":{\"@id\":\"https:\\\/\\\/lepatriotebenin.com\\\/#\\\/schema\\\/person\\\/4a9b67216c97d04045e01405c534c91f\"},\"breadcrumb\":{\"@id\":\"https:\\\/\\\/lepatriotebenin.com\\\/index.php\\\/2024\\\/07\\\/08\\\/thibaut-ogou-apres-38-mois-dabsence-jai-vu-un-benin-depourvu-de-toutes-ses-valeurs-morales-et-ethiques\\\/#breadcrumb\"},\"inLanguage\":\"fr-FR\",\"potentialAction\":[{\"@type\":\"ReadAction\",\"target\":[\"https:\\\/\\\/lepatriotebenin.com\\\/index.php\\\/2024\\\/07\\\/08\\\/thibaut-ogou-apres-38-mois-dabsence-jai-vu-un-benin-depourvu-de-toutes-ses-valeurs-morales-et-ethiques\\\/\"]}]},{\"@type\":\"ImageObject\",\"inLanguage\":\"fr-FR\",\"@id\":\"https:\\\/\\\/lepatriotebenin.com\\\/index.php\\\/2024\\\/07\\\/08\\\/thibaut-ogou-apres-38-mois-dabsence-jai-vu-un-benin-depourvu-de-toutes-ses-valeurs-morales-et-ethiques\\\/#primaryimage\",\"url\":\"https:\\\/\\\/lepatriotebenin.com\\\/wp-content\\\/uploads\\\/2024\\\/07\\\/suite-parution.jpg\",\"contentUrl\":\"https:\\\/\\\/lepatriotebenin.com\\\/wp-content\\\/uploads\\\/2024\\\/07\\\/suite-parution.jpg\",\"width\":1040,\"height\":468},{\"@type\":\"BreadcrumbList\",\"@id\":\"https:\\\/\\\/lepatriotebenin.com\\\/index.php\\\/2024\\\/07\\\/08\\\/thibaut-ogou-apres-38-mois-dabsence-jai-vu-un-benin-depourvu-de-toutes-ses-valeurs-morales-et-ethiques\\\/#breadcrumb\",\"itemListElement\":[{\"@type\":\"ListItem\",\"position\":1,\"name\":\"Accueil\",\"item\":\"https:\\\/\\\/lepatriotebenin.com\\\/\"},{\"@type\":\"ListItem\",\"position\":2,\"name\":\"\u00a0Thibaut Ogou :\u00a0 \u201cApr\u00e8s 38 mois d\u2019absence, j\u2019ai vu un B\u00e9nin d\u00e9pourvu de toutes ses valeurs morales et \u00e9thiques\u201d\"}]},{\"@type\":\"WebSite\",\"@id\":\"https:\\\/\\\/lepatriotebenin.com\\\/#website\",\"url\":\"https:\\\/\\\/lepatriotebenin.com\\\/\",\"name\":\"Le Patriote\",\"description\":\"Le Patriote B\u00e9nin\",\"potentialAction\":[{\"@type\":\"SearchAction\",\"target\":{\"@type\":\"EntryPoint\",\"urlTemplate\":\"https:\\\/\\\/lepatriotebenin.com\\\/?s={search_term_string}\"},\"query-input\":{\"@type\":\"PropertyValueSpecification\",\"valueRequired\":true,\"valueName\":\"search_term_string\"}}],\"inLanguage\":\"fr-FR\"},{\"@type\":\"Person\",\"@id\":\"https:\\\/\\\/lepatriotebenin.com\\\/#\\\/schema\\\/person\\\/4a9b67216c97d04045e01405c534c91f\",\"name\":\"Roland AFFANOU\",\"image\":{\"@type\":\"ImageObject\",\"inLanguage\":\"fr-FR\",\"@id\":\"https:\\\/\\\/secure.gravatar.com\\\/avatar\\\/7209d3f6d2d47ea4d0c67e14d3effb61feb10ae540a4381280c66265de5bd643?s=96&d=mm&r=g\",\"url\":\"https:\\\/\\\/secure.gravatar.com\\\/avatar\\\/7209d3f6d2d47ea4d0c67e14d3effb61feb10ae540a4381280c66265de5bd643?s=96&d=mm&r=g\",\"contentUrl\":\"https:\\\/\\\/secure.gravatar.com\\\/avatar\\\/7209d3f6d2d47ea4d0c67e14d3effb61feb10ae540a4381280c66265de5bd643?s=96&d=mm&r=g\",\"caption\":\"Roland AFFANOU\"},\"url\":\"https:\\\/\\\/lepatriotebenin.com\"}]}<\/script>\n<!-- \/ Yoast SEO plugin. -->","yoast_head_json":{"title":"\u00a0Thibaut Ogou :\u00a0 \u201cApr\u00e8s 38 mois d\u2019absence, j\u2019ai vu un B\u00e9nin d\u00e9pourvu de toutes ses valeurs morales et \u00e9thiques\u201d - Le Patriote","robots":{"index":"index","follow":"follow","max-snippet":"max-snippet:-1","max-image-preview":"max-image-preview:large","max-video-preview":"max-video-preview:-1"},"canonical":"https:\/\/lepatriotebenin.com\/index.php\/2024\/07\/08\/thibaut-ogou-apres-38-mois-dabsence-jai-vu-un-benin-depourvu-de-toutes-ses-valeurs-morales-et-ethiques\/","og_locale":"fr_FR","og_type":"article","og_title":"\u00a0Thibaut Ogou :\u00a0 \u201cApr\u00e8s 38 mois d\u2019absence, j\u2019ai vu un B\u00e9nin d\u00e9pourvu de toutes ses valeurs morales et \u00e9thiques\u201d - Le Patriote","og_description":"Apr\u00e8s avoir pass\u00e9 38 mois derri\u00e8re les barreaux puis lib\u00e9r\u00e9 il y a un mois, ses amis et les membres de sa formation politique \u201cAlliance Conclave de la Jeunesse \u2018&hellip;","og_url":"https:\/\/lepatriotebenin.com\/index.php\/2024\/07\/08\/thibaut-ogou-apres-38-mois-dabsence-jai-vu-un-benin-depourvu-de-toutes-ses-valeurs-morales-et-ethiques\/","og_site_name":"Le Patriote","article_published_time":"2024-07-07T23:46:48+00:00","og_image":[{"width":1040,"height":468,"url":"https:\/\/lepatriotebenin.com\/wp-content\/uploads\/2024\/07\/suite-parution.jpg","type":"image\/jpeg"}],"author":"Roland AFFANOU","twitter_card":"summary_large_image","twitter_misc":{"\u00c9crit par":"Roland AFFANOU","Dur\u00e9e de lecture estim\u00e9e":"4 minutes"},"schema":{"@context":"https:\/\/schema.org","@graph":[{"@type":"Article","@id":"https:\/\/lepatriotebenin.com\/index.php\/2024\/07\/08\/thibaut-ogou-apres-38-mois-dabsence-jai-vu-un-benin-depourvu-de-toutes-ses-valeurs-morales-et-ethiques\/#article","isPartOf":{"@id":"https:\/\/lepatriotebenin.com\/index.php\/2024\/07\/08\/thibaut-ogou-apres-38-mois-dabsence-jai-vu-un-benin-depourvu-de-toutes-ses-valeurs-morales-et-ethiques\/"},"author":{"name":"Roland AFFANOU","@id":"https:\/\/lepatriotebenin.com\/#\/schema\/person\/4a9b67216c97d04045e01405c534c91f"},"headline":"\u00a0Thibaut Ogou :\u00a0 \u201cApr\u00e8s 38 mois d\u2019absence, j\u2019ai vu un B\u00e9nin d\u00e9pourvu de toutes ses valeurs morales et \u00e9thiques\u201d","datePublished":"2024-07-07T23:46:48+00:00","mainEntityOfPage":{"@id":"https:\/\/lepatriotebenin.com\/index.php\/2024\/07\/08\/thibaut-ogou-apres-38-mois-dabsence-jai-vu-un-benin-depourvu-de-toutes-ses-valeurs-morales-et-ethiques\/"},"wordCount":831,"commentCount":0,"image":{"@id":"https:\/\/lepatriotebenin.com\/index.php\/2024\/07\/08\/thibaut-ogou-apres-38-mois-dabsence-jai-vu-un-benin-depourvu-de-toutes-ses-valeurs-morales-et-ethiques\/#primaryimage"},"thumbnailUrl":"https:\/\/lepatriotebenin.com\/wp-content\/uploads\/2024\/07\/suite-parution.jpg","articleSection":["Politique"],"inLanguage":"fr-FR","potentialAction":[{"@type":"CommentAction","name":"Comment","target":["https:\/\/lepatriotebenin.com\/index.php\/2024\/07\/08\/thibaut-ogou-apres-38-mois-dabsence-jai-vu-un-benin-depourvu-de-toutes-ses-valeurs-morales-et-ethiques\/#respond"]}]},{"@type":"WebPage","@id":"https:\/\/lepatriotebenin.com\/index.php\/2024\/07\/08\/thibaut-ogou-apres-38-mois-dabsence-jai-vu-un-benin-depourvu-de-toutes-ses-valeurs-morales-et-ethiques\/","url":"https:\/\/lepatriotebenin.com\/index.php\/2024\/07\/08\/thibaut-ogou-apres-38-mois-dabsence-jai-vu-un-benin-depourvu-de-toutes-ses-valeurs-morales-et-ethiques\/","name":"\u00a0Thibaut Ogou :\u00a0 \u201cApr\u00e8s 38 mois d\u2019absence, j\u2019ai vu un B\u00e9nin d\u00e9pourvu de toutes ses valeurs morales et \u00e9thiques\u201d - Le Patriote","isPartOf":{"@id":"https:\/\/lepatriotebenin.com\/#website"},"primaryImageOfPage":{"@id":"https:\/\/lepatriotebenin.com\/index.php\/2024\/07\/08\/thibaut-ogou-apres-38-mois-dabsence-jai-vu-un-benin-depourvu-de-toutes-ses-valeurs-morales-et-ethiques\/#primaryimage"},"image":{"@id":"https:\/\/lepatriotebenin.com\/index.php\/2024\/07\/08\/thibaut-ogou-apres-38-mois-dabsence-jai-vu-un-benin-depourvu-de-toutes-ses-valeurs-morales-et-ethiques\/#primaryimage"},"thumbnailUrl":"https:\/\/lepatriotebenin.com\/wp-content\/uploads\/2024\/07\/suite-parution.jpg","datePublished":"2024-07-07T23:46:48+00:00","author":{"@id":"https:\/\/lepatriotebenin.com\/#\/schema\/person\/4a9b67216c97d04045e01405c534c91f"},"breadcrumb":{"@id":"https:\/\/lepatriotebenin.com\/index.php\/2024\/07\/08\/thibaut-ogou-apres-38-mois-dabsence-jai-vu-un-benin-depourvu-de-toutes-ses-valeurs-morales-et-ethiques\/#breadcrumb"},"inLanguage":"fr-FR","potentialAction":[{"@type":"ReadAction","target":["https:\/\/lepatriotebenin.com\/index.php\/2024\/07\/08\/thibaut-ogou-apres-38-mois-dabsence-jai-vu-un-benin-depourvu-de-toutes-ses-valeurs-morales-et-ethiques\/"]}]},{"@type":"ImageObject","inLanguage":"fr-FR","@id":"https:\/\/lepatriotebenin.com\/index.php\/2024\/07\/08\/thibaut-ogou-apres-38-mois-dabsence-jai-vu-un-benin-depourvu-de-toutes-ses-valeurs-morales-et-ethiques\/#primaryimage","url":"https:\/\/lepatriotebenin.com\/wp-content\/uploads\/2024\/07\/suite-parution.jpg","contentUrl":"https:\/\/lepatriotebenin.com\/wp-content\/uploads\/2024\/07\/suite-parution.jpg","width":1040,"height":468},{"@type":"BreadcrumbList","@id":"https:\/\/lepatriotebenin.com\/index.php\/2024\/07\/08\/thibaut-ogou-apres-38-mois-dabsence-jai-vu-un-benin-depourvu-de-toutes-ses-valeurs-morales-et-ethiques\/#breadcrumb","itemListElement":[{"@type":"ListItem","position":1,"name":"Accueil","item":"https:\/\/lepatriotebenin.com\/"},{"@type":"ListItem","position":2,"name":"\u00a0Thibaut Ogou :\u00a0 \u201cApr\u00e8s 38 mois d\u2019absence, j\u2019ai vu un B\u00e9nin d\u00e9pourvu de toutes ses valeurs morales et \u00e9thiques\u201d"}]},{"@type":"WebSite","@id":"https:\/\/lepatriotebenin.com\/#website","url":"https:\/\/lepatriotebenin.com\/","name":"Le Patriote","description":"Le Patriote B\u00e9nin","potentialAction":[{"@type":"SearchAction","target":{"@type":"EntryPoint","urlTemplate":"https:\/\/lepatriotebenin.com\/?s={search_term_string}"},"query-input":{"@type":"PropertyValueSpecification","valueRequired":true,"valueName":"search_term_string"}}],"inLanguage":"fr-FR"},{"@type":"Person","@id":"https:\/\/lepatriotebenin.com\/#\/schema\/person\/4a9b67216c97d04045e01405c534c91f","name":"Roland AFFANOU","image":{"@type":"ImageObject","inLanguage":"fr-FR","@id":"https:\/\/secure.gravatar.com\/avatar\/7209d3f6d2d47ea4d0c67e14d3effb61feb10ae540a4381280c66265de5bd643?s=96&d=mm&r=g","url":"https:\/\/secure.gravatar.com\/avatar\/7209d3f6d2d47ea4d0c67e14d3effb61feb10ae540a4381280c66265de5bd643?s=96&d=mm&r=g","contentUrl":"https:\/\/secure.gravatar.com\/avatar\/7209d3f6d2d47ea4d0c67e14d3effb61feb10ae540a4381280c66265de5bd643?s=96&d=mm&r=g","caption":"Roland AFFANOU"},"url":"https:\/\/lepatriotebenin.com"}]}},"_links":{"self":[{"href":"https:\/\/lepatriotebenin.com\/index.php\/wp-json\/wp\/v2\/posts\/6470","targetHints":{"allow":["GET"]}}],"collection":[{"href":"https:\/\/lepatriotebenin.com\/index.php\/wp-json\/wp\/v2\/posts"}],"about":[{"href":"https:\/\/lepatriotebenin.com\/index.php\/wp-json\/wp\/v2\/types\/post"}],"author":[{"embeddable":true,"href":"https:\/\/lepatriotebenin.com\/index.php\/wp-json\/wp\/v2\/users\/6"}],"replies":[{"embeddable":true,"href":"https:\/\/lepatriotebenin.com\/index.php\/wp-json\/wp\/v2\/comments?post=6470"}],"version-history":[{"count":1,"href":"https:\/\/lepatriotebenin.com\/index.php\/wp-json\/wp\/v2\/posts\/6470\/revisions"}],"predecessor-version":[{"id":6472,"href":"https:\/\/lepatriotebenin.com\/index.php\/wp-json\/wp\/v2\/posts\/6470\/revisions\/6472"}],"wp:featuredmedia":[{"embeddable":true,"href":"https:\/\/lepatriotebenin.com\/index.php\/wp-json\/wp\/v2\/media\/6471"}],"wp:attachment":[{"href":"https:\/\/lepatriotebenin.com\/index.php\/wp-json\/wp\/v2\/media?parent=6470"}],"wp:term":[{"taxonomy":"category","embeddable":true,"href":"https:\/\/lepatriotebenin.com\/index.php\/wp-json\/wp\/v2\/categories?post=6470"},{"taxonomy":"post_tag","embeddable":true,"href":"https:\/\/lepatriotebenin.com\/index.php\/wp-json\/wp\/v2\/tags?post=6470"}],"curies":[{"name":"wp","href":"https:\/\/api.w.org\/{rel}","templated":true}]}}