{"id":6460,"date":"2024-07-06T21:12:40","date_gmt":"2024-07-06T19:12:40","guid":{"rendered":"https:\/\/lepatriotebenin.com\/?p=6460"},"modified":"2024-07-08T00:42:52","modified_gmt":"2024-07-07T22:42:52","slug":"semaine-de-lafrique-des-solutions-2024-marcel-zoumenou-et-dautres-beninois-attendus-a-paris-pour-etre-decore","status":"publish","type":"post","link":"https:\/\/lepatriotebenin.com\/index.php\/2024\/07\/06\/semaine-de-lafrique-des-solutions-2024-marcel-zoumenou-et-dautres-beninois-attendus-a-paris-pour-etre-decore\/","title":{"rendered":"Semaine de l&rsquo;Afrique des Solutions 2024\u00a0: Marcel ZOUMENOU et d&rsquo;autres b\u00e9ninois \u00a0nomm\u00e9s ambassadeurs de solution"},"content":{"rendered":"\n<p><em>La deuxi\u00e8me \u00e9dition de la Semaine de l&rsquo;Afrique des Solutions (SAS) se tiendra en France et au Maroc respectivement en septembre et en octobre 2024. Et dans le cadre de cette \u00e9dition, 300 \u00e0 500 Ambassadeurs de Solution pour l&rsquo;Afrique seront d\u00e9cor\u00e9s dont notamment le journaliste Marcel ZOUMENOU et bien d&rsquo;autres b\u00e9ninois.<\/em><\/p>\n\n\n\n<p>Le journaliste Marcel ZOUMENOU, Directeur de Publication du quotidien \u00ab\u00a0Le Patriote\u00a0\u00bb fait la fiert\u00e9 des journalistes b\u00e9ninois \u00e0 l&rsquo;international. En effet, faisant partie des Ambassadeurs de Solution pour l&rsquo;Afrique, Marcel ZOUMENOU va recevoir la M\u00e9daille d&rsquo;Honneur avec d&rsquo;autres b\u00e9ninois dans le cadre de la deuxi\u00e8me \u00e9dition de la Semaine de l\u2019Afrique des Solutions (SAS), qui se tiendra \u00e0 la Mairie du 16\u00e8me arrondissement de Paris (France), du 20 au 21 septembre 2024, et \u00e0 l\u2019Universit\u00e9 Mohammed V de Rabat (Maroc), du 17 au 19 octobre 2024.<\/p>\n\n\n\n<p>Autrefois Secr\u00e9taire g\u00e9n\u00e9ral de l&rsquo;Observatoire de la D\u00e9ontologie et de l&rsquo;Ethique dans les M\u00e9dias (ODEM), le talentueux journaliste Marcel ZOUMENOU, actuel Directeur de Publication du quotidien \u00ab\u00a0Le Patriote\u00a0\u00bb accumule pour l&rsquo;heure 22 ans de professionnalisme dans le domaine journalistique. Pendant ces ann\u00e9es de travail, il n\u2019a jamais eu un proc\u00e8s en diffamation ou encore, n&rsquo;a jamais \u00e9t\u00e9 arr\u00eat\u00e9. Pourtant, il est l\u2019un des journalistes les plus critiques du pays. Il a \u00e9t\u00e9 pendant 12 ans le r\u00e9dacteur en chef du journal La Nouvelle Tribune avant d\u2019en devenir le Directeur de publication apr\u00e8s le d\u00e9c\u00e8s de son fondateur Vincent Foly en septembre 2021. Pendant son parcours, il a toujours fait preuve de professionnalisme, du respect de la d\u00e9ontologie et du sens du devoir. C&rsquo;est d&rsquo;ailleurs ce qui lui donne ce m\u00e9rite de faire partie des Ambassadeurs de Solution pour l&rsquo;Afrique avec d&rsquo;autres b\u00e9ninois comme Akim Adjibi, fondateur de l\u2019association IDEE France, Claire de M\u00e8ss\u00e8 Zinsou, fondatrice de la plateforme Impact Diaspo Afric, Eric Adja, Pr\u00e9sident de l\u2019AFRIA, Lionel Zinsou, ancien Premier ministre du B\u00e9nin, Omar Arouna, ancien ambassadeur du B\u00e9nin aux Etats Unis, Romain Da Costa, pr\u00e9sident du Haut Conseil des B\u00e9ninois de l\u2019Ext\u00e9rieur, Ulrich Adjovi, PDG du groupe Empire, Richard Odjarado&nbsp; fondateur de As World Tec, Richard Flash artiste\u2026et bien d\u2019autres.<\/p>\n\n\n\n<p>Il faut pr\u00e9ciser que la Semaine de l&rsquo;Afrique des Solutions est un grand r\u00e9seau vari\u00e9 d\u2019artisans de solutions, qui se consacrent \u00e0 identifier et amplifier les initiatives innovantes et constructives qui ont un impact positif sur les grands enjeux mondiaux et africains. Dans le lot, on note des pionniers, entrepreneurs, dirigeants d\u2019entreprise, femmes et hommes politiques, avocats, scientifiques, journalistes, sportifs, inventeurs, communicants, artistes, acteurs, enseignants, \u00e9lus, banquiers d\u2019affaires, coachs certifi\u00e9s, influenceurs cr\u00e9dibles\u2026 Ils sont gorg\u00e9s d&rsquo;histoire passionnant et inspirantes en constituant de ce fait une source in\u00e9puisable de force et de succ\u00e8s. De fa\u00e7on concr\u00e8te, ces Ambassadeurs de Solution pour l&rsquo;Afrique apportent une contribution durable \u00e0 la cr\u00e9ation d&rsquo;une Afrique meilleure, l\u2019Afrique d\u2019espoirs et des solutions dans les domaines de la sant\u00e9, de l&rsquo;\u00e9ducation, de la culture, de l&rsquo;environnement, du sport, de l&rsquo;agriculture, des nouvelles technologies, de la science, de l&rsquo;\u00e9conomie, du patrimoine, de l&rsquo;art et bien d&rsquo;autres. \u00c0 travers ces actions, ils font \u00e9voluer la soci\u00e9t\u00e9 et l&rsquo;influencent positivement. Courage, audace, d\u00e9termination, r\u00e9silience, pers\u00e9v\u00e9rance, attachement profond \u00e0 l\u2019Afrique peuvent les d\u00e9finir.<\/p>\n\n\n\n<p>Gildas AHOGNI<\/p>\n\n\n\n<p><\/p>\n\n\n\n<p><\/p>\n","protected":false},"excerpt":{"rendered":"<p>La deuxi\u00e8me \u00e9dition de la Semaine de l&rsquo;Afrique des Solutions (SAS) se tiendra en France et au Maroc respectivement en septembre et en octobre 2024. Et dans le cadre de&hellip;<\/p>\n","protected":false},"author":5,"featured_media":6469,"comment_status":"open","ping_status":"open","sticky":false,"template":"","format":"standard","meta":{"content-type":"","om_disable_all_campaigns":false,"_monsterinsights_skip_tracking":false,"_monsterinsights_sitenote_active":false,"_monsterinsights_sitenote_note":"","_monsterinsights_sitenote_category":0,"_uf_show_specific_survey":0,"_uf_disable_surveys":false,"footnotes":""},"categories":[20],"tags":[],"class_list":["post-6460","post","type-post","status-publish","format-standard","has-post-thumbnail","hentry","category-societe"],"aioseo_notices":[],"yoast_head":"<!-- This site is optimized with the Yoast SEO plugin v27.5 - https:\/\/yoast.com\/product\/yoast-seo-wordpress\/ -->\n<title>Semaine de l&#039;Afrique des Solutions 2024\u00a0: Marcel ZOUMENOU et d&#039;autres b\u00e9ninois \u00a0nomm\u00e9s ambassadeurs de solution - Le Patriote<\/title>\n<meta name=\"robots\" content=\"index, follow, max-snippet:-1, max-image-preview:large, max-video-preview:-1\" \/>\n<link rel=\"canonical\" href=\"https:\/\/lepatriotebenin.com\/index.php\/2024\/07\/06\/semaine-de-lafrique-des-solutions-2024-marcel-zoumenou-et-dautres-beninois-attendus-a-paris-pour-etre-decore\/\" \/>\n<meta property=\"og:locale\" content=\"fr_FR\" \/>\n<meta property=\"og:type\" content=\"article\" \/>\n<meta property=\"og:title\" content=\"Semaine de l&#039;Afrique des Solutions 2024\u00a0: Marcel ZOUMENOU et d&#039;autres b\u00e9ninois \u00a0nomm\u00e9s ambassadeurs de solution - Le Patriote\" \/>\n<meta property=\"og:description\" content=\"La deuxi\u00e8me \u00e9dition de la Semaine de l&rsquo;Afrique des Solutions (SAS) se tiendra en France et au Maroc respectivement en septembre et en octobre 2024. Et dans le cadre de&hellip;\" \/>\n<meta property=\"og:url\" content=\"https:\/\/lepatriotebenin.com\/index.php\/2024\/07\/06\/semaine-de-lafrique-des-solutions-2024-marcel-zoumenou-et-dautres-beninois-attendus-a-paris-pour-etre-decore\/\" \/>\n<meta property=\"og:site_name\" content=\"Le Patriote\" \/>\n<meta property=\"article:published_time\" content=\"2024-07-06T19:12:40+00:00\" \/>\n<meta property=\"article:modified_time\" content=\"2024-07-07T22:42:52+00:00\" \/>\n<meta property=\"og:image\" content=\"https:\/\/lepatriotebenin.com\/wp-content\/uploads\/2024\/07\/marcel.jpg\" \/>\n\t<meta property=\"og:image:width\" content=\"810\" \/>\n\t<meta property=\"og:image:height\" content=\"1080\" \/>\n\t<meta property=\"og:image:type\" content=\"image\/jpeg\" \/>\n<meta name=\"author\" content=\"Redaction\" \/>\n<meta name=\"twitter:card\" content=\"summary_large_image\" \/>\n<meta name=\"twitter:label1\" content=\"\u00c9crit par\" \/>\n\t<meta name=\"twitter:data1\" content=\"Redaction\" \/>\n\t<meta name=\"twitter:label2\" content=\"Dur\u00e9e de lecture estim\u00e9e\" \/>\n\t<meta name=\"twitter:data2\" content=\"3 minutes\" \/>\n<script type=\"application\/ld+json\" class=\"yoast-schema-graph\">{\"@context\":\"https:\\\/\\\/schema.org\",\"@graph\":[{\"@type\":\"Article\",\"@id\":\"https:\\\/\\\/lepatriotebenin.com\\\/index.php\\\/2024\\\/07\\\/06\\\/semaine-de-lafrique-des-solutions-2024-marcel-zoumenou-et-dautres-beninois-attendus-a-paris-pour-etre-decore\\\/#article\",\"isPartOf\":{\"@id\":\"https:\\\/\\\/lepatriotebenin.com\\\/index.php\\\/2024\\\/07\\\/06\\\/semaine-de-lafrique-des-solutions-2024-marcel-zoumenou-et-dautres-beninois-attendus-a-paris-pour-etre-decore\\\/\"},\"author\":{\"name\":\"Redaction\",\"@id\":\"https:\\\/\\\/lepatriotebenin.com\\\/#\\\/schema\\\/person\\\/2e7709b9c9cc313e452d1136af61690f\"},\"headline\":\"Semaine de l&rsquo;Afrique des Solutions 2024\u00a0: Marcel ZOUMENOU et d&rsquo;autres b\u00e9ninois \u00a0nomm\u00e9s ambassadeurs de solution\",\"datePublished\":\"2024-07-06T19:12:40+00:00\",\"dateModified\":\"2024-07-07T22:42:52+00:00\",\"mainEntityOfPage\":{\"@id\":\"https:\\\/\\\/lepatriotebenin.com\\\/index.php\\\/2024\\\/07\\\/06\\\/semaine-de-lafrique-des-solutions-2024-marcel-zoumenou-et-dautres-beninois-attendus-a-paris-pour-etre-decore\\\/\"},\"wordCount\":610,\"commentCount\":0,\"image\":{\"@id\":\"https:\\\/\\\/lepatriotebenin.com\\\/index.php\\\/2024\\\/07\\\/06\\\/semaine-de-lafrique-des-solutions-2024-marcel-zoumenou-et-dautres-beninois-attendus-a-paris-pour-etre-decore\\\/#primaryimage\"},\"thumbnailUrl\":\"https:\\\/\\\/lepatriotebenin.com\\\/wp-content\\\/uploads\\\/2024\\\/07\\\/marcel.jpg\",\"articleSection\":[\"Soci\u00e9t\u00e9\"],\"inLanguage\":\"fr-FR\",\"potentialAction\":[{\"@type\":\"CommentAction\",\"name\":\"Comment\",\"target\":[\"https:\\\/\\\/lepatriotebenin.com\\\/index.php\\\/2024\\\/07\\\/06\\\/semaine-de-lafrique-des-solutions-2024-marcel-zoumenou-et-dautres-beninois-attendus-a-paris-pour-etre-decore\\\/#respond\"]}]},{\"@type\":\"WebPage\",\"@id\":\"https:\\\/\\\/lepatriotebenin.com\\\/index.php\\\/2024\\\/07\\\/06\\\/semaine-de-lafrique-des-solutions-2024-marcel-zoumenou-et-dautres-beninois-attendus-a-paris-pour-etre-decore\\\/\",\"url\":\"https:\\\/\\\/lepatriotebenin.com\\\/index.php\\\/2024\\\/07\\\/06\\\/semaine-de-lafrique-des-solutions-2024-marcel-zoumenou-et-dautres-beninois-attendus-a-paris-pour-etre-decore\\\/\",\"name\":\"Semaine de l'Afrique des Solutions 2024\u00a0: Marcel ZOUMENOU et d'autres b\u00e9ninois \u00a0nomm\u00e9s ambassadeurs de solution - Le Patriote\",\"isPartOf\":{\"@id\":\"https:\\\/\\\/lepatriotebenin.com\\\/#website\"},\"primaryImageOfPage\":{\"@id\":\"https:\\\/\\\/lepatriotebenin.com\\\/index.php\\\/2024\\\/07\\\/06\\\/semaine-de-lafrique-des-solutions-2024-marcel-zoumenou-et-dautres-beninois-attendus-a-paris-pour-etre-decore\\\/#primaryimage\"},\"image\":{\"@id\":\"https:\\\/\\\/lepatriotebenin.com\\\/index.php\\\/2024\\\/07\\\/06\\\/semaine-de-lafrique-des-solutions-2024-marcel-zoumenou-et-dautres-beninois-attendus-a-paris-pour-etre-decore\\\/#primaryimage\"},\"thumbnailUrl\":\"https:\\\/\\\/lepatriotebenin.com\\\/wp-content\\\/uploads\\\/2024\\\/07\\\/marcel.jpg\",\"datePublished\":\"2024-07-06T19:12:40+00:00\",\"dateModified\":\"2024-07-07T22:42:52+00:00\",\"author\":{\"@id\":\"https:\\\/\\\/lepatriotebenin.com\\\/#\\\/schema\\\/person\\\/2e7709b9c9cc313e452d1136af61690f\"},\"breadcrumb\":{\"@id\":\"https:\\\/\\\/lepatriotebenin.com\\\/index.php\\\/2024\\\/07\\\/06\\\/semaine-de-lafrique-des-solutions-2024-marcel-zoumenou-et-dautres-beninois-attendus-a-paris-pour-etre-decore\\\/#breadcrumb\"},\"inLanguage\":\"fr-FR\",\"potentialAction\":[{\"@type\":\"ReadAction\",\"target\":[\"https:\\\/\\\/lepatriotebenin.com\\\/index.php\\\/2024\\\/07\\\/06\\\/semaine-de-lafrique-des-solutions-2024-marcel-zoumenou-et-dautres-beninois-attendus-a-paris-pour-etre-decore\\\/\"]}]},{\"@type\":\"ImageObject\",\"inLanguage\":\"fr-FR\",\"@id\":\"https:\\\/\\\/lepatriotebenin.com\\\/index.php\\\/2024\\\/07\\\/06\\\/semaine-de-lafrique-des-solutions-2024-marcel-zoumenou-et-dautres-beninois-attendus-a-paris-pour-etre-decore\\\/#primaryimage\",\"url\":\"https:\\\/\\\/lepatriotebenin.com\\\/wp-content\\\/uploads\\\/2024\\\/07\\\/marcel.jpg\",\"contentUrl\":\"https:\\\/\\\/lepatriotebenin.com\\\/wp-content\\\/uploads\\\/2024\\\/07\\\/marcel.jpg\",\"width\":810,\"height\":1080},{\"@type\":\"BreadcrumbList\",\"@id\":\"https:\\\/\\\/lepatriotebenin.com\\\/index.php\\\/2024\\\/07\\\/06\\\/semaine-de-lafrique-des-solutions-2024-marcel-zoumenou-et-dautres-beninois-attendus-a-paris-pour-etre-decore\\\/#breadcrumb\",\"itemListElement\":[{\"@type\":\"ListItem\",\"position\":1,\"name\":\"Accueil\",\"item\":\"https:\\\/\\\/lepatriotebenin.com\\\/\"},{\"@type\":\"ListItem\",\"position\":2,\"name\":\"Semaine de l&rsquo;Afrique des Solutions 2024\u00a0: Marcel ZOUMENOU et d&rsquo;autres b\u00e9ninois \u00a0nomm\u00e9s ambassadeurs de solution\"}]},{\"@type\":\"WebSite\",\"@id\":\"https:\\\/\\\/lepatriotebenin.com\\\/#website\",\"url\":\"https:\\\/\\\/lepatriotebenin.com\\\/\",\"name\":\"Le Patriote\",\"description\":\"Le Patriote B\u00e9nin\",\"potentialAction\":[{\"@type\":\"SearchAction\",\"target\":{\"@type\":\"EntryPoint\",\"urlTemplate\":\"https:\\\/\\\/lepatriotebenin.com\\\/?s={search_term_string}\"},\"query-input\":{\"@type\":\"PropertyValueSpecification\",\"valueRequired\":true,\"valueName\":\"search_term_string\"}}],\"inLanguage\":\"fr-FR\"},{\"@type\":\"Person\",\"@id\":\"https:\\\/\\\/lepatriotebenin.com\\\/#\\\/schema\\\/person\\\/2e7709b9c9cc313e452d1136af61690f\",\"name\":\"Redaction\",\"image\":{\"@type\":\"ImageObject\",\"inLanguage\":\"fr-FR\",\"@id\":\"https:\\\/\\\/secure.gravatar.com\\\/avatar\\\/c4c509357859ea2ca2cbb6d8812898a73e4ef1ef9934c2e591d7e32face734d1?s=96&d=mm&r=g\",\"url\":\"https:\\\/\\\/secure.gravatar.com\\\/avatar\\\/c4c509357859ea2ca2cbb6d8812898a73e4ef1ef9934c2e591d7e32face734d1?s=96&d=mm&r=g\",\"contentUrl\":\"https:\\\/\\\/secure.gravatar.com\\\/avatar\\\/c4c509357859ea2ca2cbb6d8812898a73e4ef1ef9934c2e591d7e32face734d1?s=96&d=mm&r=g\",\"caption\":\"Redaction\"},\"url\":\"https:\\\/\\\/lepatriotebenin.com\"}]}<\/script>\n<!-- \/ Yoast SEO plugin. -->","yoast_head_json":{"title":"Semaine de l'Afrique des Solutions 2024\u00a0: Marcel ZOUMENOU et d'autres b\u00e9ninois \u00a0nomm\u00e9s ambassadeurs de solution - Le Patriote","robots":{"index":"index","follow":"follow","max-snippet":"max-snippet:-1","max-image-preview":"max-image-preview:large","max-video-preview":"max-video-preview:-1"},"canonical":"https:\/\/lepatriotebenin.com\/index.php\/2024\/07\/06\/semaine-de-lafrique-des-solutions-2024-marcel-zoumenou-et-dautres-beninois-attendus-a-paris-pour-etre-decore\/","og_locale":"fr_FR","og_type":"article","og_title":"Semaine de l'Afrique des Solutions 2024\u00a0: Marcel ZOUMENOU et d'autres b\u00e9ninois \u00a0nomm\u00e9s ambassadeurs de solution - Le Patriote","og_description":"La deuxi\u00e8me \u00e9dition de la Semaine de l&rsquo;Afrique des Solutions (SAS) se tiendra en France et au Maroc respectivement en septembre et en octobre 2024. Et dans le cadre de&hellip;","og_url":"https:\/\/lepatriotebenin.com\/index.php\/2024\/07\/06\/semaine-de-lafrique-des-solutions-2024-marcel-zoumenou-et-dautres-beninois-attendus-a-paris-pour-etre-decore\/","og_site_name":"Le Patriote","article_published_time":"2024-07-06T19:12:40+00:00","article_modified_time":"2024-07-07T22:42:52+00:00","og_image":[{"width":810,"height":1080,"url":"https:\/\/lepatriotebenin.com\/wp-content\/uploads\/2024\/07\/marcel.jpg","type":"image\/jpeg"}],"author":"Redaction","twitter_card":"summary_large_image","twitter_misc":{"\u00c9crit par":"Redaction","Dur\u00e9e de lecture estim\u00e9e":"3 minutes"},"schema":{"@context":"https:\/\/schema.org","@graph":[{"@type":"Article","@id":"https:\/\/lepatriotebenin.com\/index.php\/2024\/07\/06\/semaine-de-lafrique-des-solutions-2024-marcel-zoumenou-et-dautres-beninois-attendus-a-paris-pour-etre-decore\/#article","isPartOf":{"@id":"https:\/\/lepatriotebenin.com\/index.php\/2024\/07\/06\/semaine-de-lafrique-des-solutions-2024-marcel-zoumenou-et-dautres-beninois-attendus-a-paris-pour-etre-decore\/"},"author":{"name":"Redaction","@id":"https:\/\/lepatriotebenin.com\/#\/schema\/person\/2e7709b9c9cc313e452d1136af61690f"},"headline":"Semaine de l&rsquo;Afrique des Solutions 2024\u00a0: Marcel ZOUMENOU et d&rsquo;autres b\u00e9ninois \u00a0nomm\u00e9s ambassadeurs de solution","datePublished":"2024-07-06T19:12:40+00:00","dateModified":"2024-07-07T22:42:52+00:00","mainEntityOfPage":{"@id":"https:\/\/lepatriotebenin.com\/index.php\/2024\/07\/06\/semaine-de-lafrique-des-solutions-2024-marcel-zoumenou-et-dautres-beninois-attendus-a-paris-pour-etre-decore\/"},"wordCount":610,"commentCount":0,"image":{"@id":"https:\/\/lepatriotebenin.com\/index.php\/2024\/07\/06\/semaine-de-lafrique-des-solutions-2024-marcel-zoumenou-et-dautres-beninois-attendus-a-paris-pour-etre-decore\/#primaryimage"},"thumbnailUrl":"https:\/\/lepatriotebenin.com\/wp-content\/uploads\/2024\/07\/marcel.jpg","articleSection":["Soci\u00e9t\u00e9"],"inLanguage":"fr-FR","potentialAction":[{"@type":"CommentAction","name":"Comment","target":["https:\/\/lepatriotebenin.com\/index.php\/2024\/07\/06\/semaine-de-lafrique-des-solutions-2024-marcel-zoumenou-et-dautres-beninois-attendus-a-paris-pour-etre-decore\/#respond"]}]},{"@type":"WebPage","@id":"https:\/\/lepatriotebenin.com\/index.php\/2024\/07\/06\/semaine-de-lafrique-des-solutions-2024-marcel-zoumenou-et-dautres-beninois-attendus-a-paris-pour-etre-decore\/","url":"https:\/\/lepatriotebenin.com\/index.php\/2024\/07\/06\/semaine-de-lafrique-des-solutions-2024-marcel-zoumenou-et-dautres-beninois-attendus-a-paris-pour-etre-decore\/","name":"Semaine de l'Afrique des Solutions 2024\u00a0: Marcel ZOUMENOU et d'autres b\u00e9ninois \u00a0nomm\u00e9s ambassadeurs de solution - Le Patriote","isPartOf":{"@id":"https:\/\/lepatriotebenin.com\/#website"},"primaryImageOfPage":{"@id":"https:\/\/lepatriotebenin.com\/index.php\/2024\/07\/06\/semaine-de-lafrique-des-solutions-2024-marcel-zoumenou-et-dautres-beninois-attendus-a-paris-pour-etre-decore\/#primaryimage"},"image":{"@id":"https:\/\/lepatriotebenin.com\/index.php\/2024\/07\/06\/semaine-de-lafrique-des-solutions-2024-marcel-zoumenou-et-dautres-beninois-attendus-a-paris-pour-etre-decore\/#primaryimage"},"thumbnailUrl":"https:\/\/lepatriotebenin.com\/wp-content\/uploads\/2024\/07\/marcel.jpg","datePublished":"2024-07-06T19:12:40+00:00","dateModified":"2024-07-07T22:42:52+00:00","author":{"@id":"https:\/\/lepatriotebenin.com\/#\/schema\/person\/2e7709b9c9cc313e452d1136af61690f"},"breadcrumb":{"@id":"https:\/\/lepatriotebenin.com\/index.php\/2024\/07\/06\/semaine-de-lafrique-des-solutions-2024-marcel-zoumenou-et-dautres-beninois-attendus-a-paris-pour-etre-decore\/#breadcrumb"},"inLanguage":"fr-FR","potentialAction":[{"@type":"ReadAction","target":["https:\/\/lepatriotebenin.com\/index.php\/2024\/07\/06\/semaine-de-lafrique-des-solutions-2024-marcel-zoumenou-et-dautres-beninois-attendus-a-paris-pour-etre-decore\/"]}]},{"@type":"ImageObject","inLanguage":"fr-FR","@id":"https:\/\/lepatriotebenin.com\/index.php\/2024\/07\/06\/semaine-de-lafrique-des-solutions-2024-marcel-zoumenou-et-dautres-beninois-attendus-a-paris-pour-etre-decore\/#primaryimage","url":"https:\/\/lepatriotebenin.com\/wp-content\/uploads\/2024\/07\/marcel.jpg","contentUrl":"https:\/\/lepatriotebenin.com\/wp-content\/uploads\/2024\/07\/marcel.jpg","width":810,"height":1080},{"@type":"BreadcrumbList","@id":"https:\/\/lepatriotebenin.com\/index.php\/2024\/07\/06\/semaine-de-lafrique-des-solutions-2024-marcel-zoumenou-et-dautres-beninois-attendus-a-paris-pour-etre-decore\/#breadcrumb","itemListElement":[{"@type":"ListItem","position":1,"name":"Accueil","item":"https:\/\/lepatriotebenin.com\/"},{"@type":"ListItem","position":2,"name":"Semaine de l&rsquo;Afrique des Solutions 2024\u00a0: Marcel ZOUMENOU et d&rsquo;autres b\u00e9ninois \u00a0nomm\u00e9s ambassadeurs de solution"}]},{"@type":"WebSite","@id":"https:\/\/lepatriotebenin.com\/#website","url":"https:\/\/lepatriotebenin.com\/","name":"Le Patriote","description":"Le Patriote B\u00e9nin","potentialAction":[{"@type":"SearchAction","target":{"@type":"EntryPoint","urlTemplate":"https:\/\/lepatriotebenin.com\/?s={search_term_string}"},"query-input":{"@type":"PropertyValueSpecification","valueRequired":true,"valueName":"search_term_string"}}],"inLanguage":"fr-FR"},{"@type":"Person","@id":"https:\/\/lepatriotebenin.com\/#\/schema\/person\/2e7709b9c9cc313e452d1136af61690f","name":"Redaction","image":{"@type":"ImageObject","inLanguage":"fr-FR","@id":"https:\/\/secure.gravatar.com\/avatar\/c4c509357859ea2ca2cbb6d8812898a73e4ef1ef9934c2e591d7e32face734d1?s=96&d=mm&r=g","url":"https:\/\/secure.gravatar.com\/avatar\/c4c509357859ea2ca2cbb6d8812898a73e4ef1ef9934c2e591d7e32face734d1?s=96&d=mm&r=g","contentUrl":"https:\/\/secure.gravatar.com\/avatar\/c4c509357859ea2ca2cbb6d8812898a73e4ef1ef9934c2e591d7e32face734d1?s=96&d=mm&r=g","caption":"Redaction"},"url":"https:\/\/lepatriotebenin.com"}]}},"_links":{"self":[{"href":"https:\/\/lepatriotebenin.com\/index.php\/wp-json\/wp\/v2\/posts\/6460","targetHints":{"allow":["GET"]}}],"collection":[{"href":"https:\/\/lepatriotebenin.com\/index.php\/wp-json\/wp\/v2\/posts"}],"about":[{"href":"https:\/\/lepatriotebenin.com\/index.php\/wp-json\/wp\/v2\/types\/post"}],"author":[{"embeddable":true,"href":"https:\/\/lepatriotebenin.com\/index.php\/wp-json\/wp\/v2\/users\/5"}],"replies":[{"embeddable":true,"href":"https:\/\/lepatriotebenin.com\/index.php\/wp-json\/wp\/v2\/comments?post=6460"}],"version-history":[{"count":3,"href":"https:\/\/lepatriotebenin.com\/index.php\/wp-json\/wp\/v2\/posts\/6460\/revisions"}],"predecessor-version":[{"id":6468,"href":"https:\/\/lepatriotebenin.com\/index.php\/wp-json\/wp\/v2\/posts\/6460\/revisions\/6468"}],"wp:featuredmedia":[{"embeddable":true,"href":"https:\/\/lepatriotebenin.com\/index.php\/wp-json\/wp\/v2\/media\/6469"}],"wp:attachment":[{"href":"https:\/\/lepatriotebenin.com\/index.php\/wp-json\/wp\/v2\/media?parent=6460"}],"wp:term":[{"taxonomy":"category","embeddable":true,"href":"https:\/\/lepatriotebenin.com\/index.php\/wp-json\/wp\/v2\/categories?post=6460"},{"taxonomy":"post_tag","embeddable":true,"href":"https:\/\/lepatriotebenin.com\/index.php\/wp-json\/wp\/v2\/tags?post=6460"}],"curies":[{"name":"wp","href":"https:\/\/api.w.org\/{rel}","templated":true}]}}