{"id":6458,"date":"2024-07-06T21:02:08","date_gmt":"2024-07-06T19:02:08","guid":{"rendered":"https:\/\/lepatriotebenin.com\/?p=6458"},"modified":"2024-07-06T21:02:13","modified_gmt":"2024-07-06T19:02:13","slug":"benin-lex-dg-de-labssa-epiphane-hossou-derriere-les-barreaux","status":"publish","type":"post","link":"https:\/\/lepatriotebenin.com\/index.php\/2024\/07\/06\/benin-lex-dg-de-labssa-epiphane-hossou-derriere-les-barreaux\/","title":{"rendered":"B\u00e9nin : L\u2019ex DG de l\u2019ABSSA, Epiphane HOSSOU derri\u00e8re les barreaux\u00a0"},"content":{"rendered":"\n<p>Pr\u00e9sent\u00e9 au procureur ce <strong>vendredi 5 juillet 2024,<\/strong> l&rsquo;ex DG de l&rsquo;ABSSA, l&rsquo;Agence B\u00e9ninoise de la S\u00e9curit\u00e9 Sanitaire des Aliments, <strong>\u00c9piphane Hossou <\/strong>est finalement plac\u00e9 sous mandat de d\u00e9p\u00f4t.\u00a0<\/p>\n\n\n\n<p>L&rsquo;ancien patron de l&rsquo;ABSSA a \u00e9t\u00e9 \u00e9cout\u00e9 par la police judiciaire avec l&rsquo;un de ses collaborateurs dans l&rsquo;affaire des ananas refoul\u00e9s en France. Lesquels ananas ont \u00e9t\u00e9 rappel\u00e9s des rayons par plusieurs supermarch\u00e9s, le 20 juin 2024, du fait d\u2019une contamination chimique ou une concentration \u00e9lev\u00e9e de r\u00e9sidus de pesticides.<\/p>\n\n\n\n<p>Les deux avaient \u00e9t\u00e9 plac\u00e9s en garde \u00e0 vue depuis le<strong> vendredi 29 juin.<\/strong><\/p>\n\n\n\n<figure class=\"wp-block-table\"><table><tbody><tr><td><img decoding=\"async\" src=\"https:\/\/lh3.googleusercontent.com\/a\/ACg8ocJR4TFXnc0pyO4HZc5L1GJCrNpO6CSA3gDxBdAlwnPjWOfC6w=s40-p-mo\"><\/td><td>R\u00e9pondreTransf\u00e9rerAjouter une r\u00e9action<\/td><\/tr><\/tbody><\/table><\/figure>\n","protected":false},"excerpt":{"rendered":"<p>Pr\u00e9sent\u00e9 au procureur ce vendredi 5 juillet 2024, l&rsquo;ex DG de l&rsquo;ABSSA, l&rsquo;Agence B\u00e9ninoise de la S\u00e9curit\u00e9 Sanitaire des Aliments, \u00c9piphane Hossou est finalement plac\u00e9 sous mandat de d\u00e9p\u00f4t.\u00a0 L&rsquo;ancien&hellip;<\/p>\n","protected":false},"author":5,"featured_media":6317,"comment_status":"open","ping_status":"open","sticky":false,"template":"","format":"standard","meta":{"content-type":"","om_disable_all_campaigns":false,"_monsterinsights_skip_tracking":false,"_monsterinsights_sitenote_active":false,"_monsterinsights_sitenote_note":"","_monsterinsights_sitenote_category":0,"_uf_show_specific_survey":0,"_uf_disable_surveys":false,"footnotes":""},"categories":[20],"tags":[],"class_list":["post-6458","post","type-post","status-publish","format-standard","has-post-thumbnail","hentry","category-societe"],"aioseo_notices":[],"yoast_head":"<!-- This site is optimized with the Yoast SEO plugin v27.5 - https:\/\/yoast.com\/product\/yoast-seo-wordpress\/ -->\n<title>B\u00e9nin : L\u2019ex DG de l\u2019ABSSA, Epiphane HOSSOU derri\u00e8re les barreaux\u00a0 - Le Patriote<\/title>\n<meta name=\"robots\" content=\"index, follow, max-snippet:-1, max-image-preview:large, max-video-preview:-1\" \/>\n<link rel=\"canonical\" href=\"https:\/\/lepatriotebenin.com\/index.php\/2024\/07\/06\/benin-lex-dg-de-labssa-epiphane-hossou-derriere-les-barreaux\/\" \/>\n<meta property=\"og:locale\" content=\"fr_FR\" \/>\n<meta property=\"og:type\" content=\"article\" \/>\n<meta property=\"og:title\" content=\"B\u00e9nin : L\u2019ex DG de l\u2019ABSSA, Epiphane HOSSOU derri\u00e8re les barreaux\u00a0 - Le Patriote\" \/>\n<meta property=\"og:description\" content=\"Pr\u00e9sent\u00e9 au procureur ce vendredi 5 juillet 2024, l&rsquo;ex DG de l&rsquo;ABSSA, l&rsquo;Agence B\u00e9ninoise de la S\u00e9curit\u00e9 Sanitaire des Aliments, \u00c9piphane Hossou est finalement plac\u00e9 sous mandat de d\u00e9p\u00f4t.\u00a0 L&rsquo;ancien&hellip;\" \/>\n<meta property=\"og:url\" content=\"https:\/\/lepatriotebenin.com\/index.php\/2024\/07\/06\/benin-lex-dg-de-labssa-epiphane-hossou-derriere-les-barreaux\/\" \/>\n<meta property=\"og:site_name\" content=\"Le Patriote\" \/>\n<meta property=\"article:published_time\" content=\"2024-07-06T19:02:08+00:00\" \/>\n<meta property=\"article:modified_time\" content=\"2024-07-06T19:02:13+00:00\" \/>\n<meta property=\"og:image\" content=\"https:\/\/lepatriotebenin.com\/wp-content\/uploads\/2024\/07\/prison-civile.webp\" \/>\n\t<meta property=\"og:image:width\" content=\"1280\" \/>\n\t<meta property=\"og:image:height\" content=\"720\" \/>\n\t<meta property=\"og:image:type\" content=\"image\/webp\" \/>\n<meta name=\"author\" content=\"Redaction\" \/>\n<meta name=\"twitter:card\" content=\"summary_large_image\" \/>\n<meta name=\"twitter:label1\" content=\"\u00c9crit par\" \/>\n\t<meta name=\"twitter:data1\" content=\"Redaction\" \/>\n\t<meta name=\"twitter:label2\" content=\"Dur\u00e9e de lecture estim\u00e9e\" \/>\n\t<meta name=\"twitter:data2\" content=\"1 minute\" \/>\n<script type=\"application\/ld+json\" class=\"yoast-schema-graph\">{\"@context\":\"https:\\\/\\\/schema.org\",\"@graph\":[{\"@type\":\"Article\",\"@id\":\"https:\\\/\\\/lepatriotebenin.com\\\/index.php\\\/2024\\\/07\\\/06\\\/benin-lex-dg-de-labssa-epiphane-hossou-derriere-les-barreaux\\\/#article\",\"isPartOf\":{\"@id\":\"https:\\\/\\\/lepatriotebenin.com\\\/index.php\\\/2024\\\/07\\\/06\\\/benin-lex-dg-de-labssa-epiphane-hossou-derriere-les-barreaux\\\/\"},\"author\":{\"name\":\"Redaction\",\"@id\":\"https:\\\/\\\/lepatriotebenin.com\\\/#\\\/schema\\\/person\\\/2e7709b9c9cc313e452d1136af61690f\"},\"headline\":\"B\u00e9nin : L\u2019ex DG de l\u2019ABSSA, Epiphane HOSSOU derri\u00e8re les barreaux\u00a0\",\"datePublished\":\"2024-07-06T19:02:08+00:00\",\"dateModified\":\"2024-07-06T19:02:13+00:00\",\"mainEntityOfPage\":{\"@id\":\"https:\\\/\\\/lepatriotebenin.com\\\/index.php\\\/2024\\\/07\\\/06\\\/benin-lex-dg-de-labssa-epiphane-hossou-derriere-les-barreaux\\\/\"},\"wordCount\":126,\"commentCount\":0,\"image\":{\"@id\":\"https:\\\/\\\/lepatriotebenin.com\\\/index.php\\\/2024\\\/07\\\/06\\\/benin-lex-dg-de-labssa-epiphane-hossou-derriere-les-barreaux\\\/#primaryimage\"},\"thumbnailUrl\":\"https:\\\/\\\/lepatriotebenin.com\\\/wp-content\\\/uploads\\\/2024\\\/07\\\/prison-civile.webp\",\"articleSection\":[\"Soci\u00e9t\u00e9\"],\"inLanguage\":\"fr-FR\",\"potentialAction\":[{\"@type\":\"CommentAction\",\"name\":\"Comment\",\"target\":[\"https:\\\/\\\/lepatriotebenin.com\\\/index.php\\\/2024\\\/07\\\/06\\\/benin-lex-dg-de-labssa-epiphane-hossou-derriere-les-barreaux\\\/#respond\"]}]},{\"@type\":\"WebPage\",\"@id\":\"https:\\\/\\\/lepatriotebenin.com\\\/index.php\\\/2024\\\/07\\\/06\\\/benin-lex-dg-de-labssa-epiphane-hossou-derriere-les-barreaux\\\/\",\"url\":\"https:\\\/\\\/lepatriotebenin.com\\\/index.php\\\/2024\\\/07\\\/06\\\/benin-lex-dg-de-labssa-epiphane-hossou-derriere-les-barreaux\\\/\",\"name\":\"B\u00e9nin : L\u2019ex DG de l\u2019ABSSA, Epiphane HOSSOU derri\u00e8re les barreaux\u00a0 - Le Patriote\",\"isPartOf\":{\"@id\":\"https:\\\/\\\/lepatriotebenin.com\\\/#website\"},\"primaryImageOfPage\":{\"@id\":\"https:\\\/\\\/lepatriotebenin.com\\\/index.php\\\/2024\\\/07\\\/06\\\/benin-lex-dg-de-labssa-epiphane-hossou-derriere-les-barreaux\\\/#primaryimage\"},\"image\":{\"@id\":\"https:\\\/\\\/lepatriotebenin.com\\\/index.php\\\/2024\\\/07\\\/06\\\/benin-lex-dg-de-labssa-epiphane-hossou-derriere-les-barreaux\\\/#primaryimage\"},\"thumbnailUrl\":\"https:\\\/\\\/lepatriotebenin.com\\\/wp-content\\\/uploads\\\/2024\\\/07\\\/prison-civile.webp\",\"datePublished\":\"2024-07-06T19:02:08+00:00\",\"dateModified\":\"2024-07-06T19:02:13+00:00\",\"author\":{\"@id\":\"https:\\\/\\\/lepatriotebenin.com\\\/#\\\/schema\\\/person\\\/2e7709b9c9cc313e452d1136af61690f\"},\"breadcrumb\":{\"@id\":\"https:\\\/\\\/lepatriotebenin.com\\\/index.php\\\/2024\\\/07\\\/06\\\/benin-lex-dg-de-labssa-epiphane-hossou-derriere-les-barreaux\\\/#breadcrumb\"},\"inLanguage\":\"fr-FR\",\"potentialAction\":[{\"@type\":\"ReadAction\",\"target\":[\"https:\\\/\\\/lepatriotebenin.com\\\/index.php\\\/2024\\\/07\\\/06\\\/benin-lex-dg-de-labssa-epiphane-hossou-derriere-les-barreaux\\\/\"]}]},{\"@type\":\"ImageObject\",\"inLanguage\":\"fr-FR\",\"@id\":\"https:\\\/\\\/lepatriotebenin.com\\\/index.php\\\/2024\\\/07\\\/06\\\/benin-lex-dg-de-labssa-epiphane-hossou-derriere-les-barreaux\\\/#primaryimage\",\"url\":\"https:\\\/\\\/lepatriotebenin.com\\\/wp-content\\\/uploads\\\/2024\\\/07\\\/prison-civile.webp\",\"contentUrl\":\"https:\\\/\\\/lepatriotebenin.com\\\/wp-content\\\/uploads\\\/2024\\\/07\\\/prison-civile.webp\",\"width\":1280,\"height\":720},{\"@type\":\"BreadcrumbList\",\"@id\":\"https:\\\/\\\/lepatriotebenin.com\\\/index.php\\\/2024\\\/07\\\/06\\\/benin-lex-dg-de-labssa-epiphane-hossou-derriere-les-barreaux\\\/#breadcrumb\",\"itemListElement\":[{\"@type\":\"ListItem\",\"position\":1,\"name\":\"Accueil\",\"item\":\"https:\\\/\\\/lepatriotebenin.com\\\/\"},{\"@type\":\"ListItem\",\"position\":2,\"name\":\"B\u00e9nin : L\u2019ex DG de l\u2019ABSSA, Epiphane HOSSOU derri\u00e8re les barreaux\u00a0\"}]},{\"@type\":\"WebSite\",\"@id\":\"https:\\\/\\\/lepatriotebenin.com\\\/#website\",\"url\":\"https:\\\/\\\/lepatriotebenin.com\\\/\",\"name\":\"Le Patriote\",\"description\":\"Le Patriote B\u00e9nin\",\"potentialAction\":[{\"@type\":\"SearchAction\",\"target\":{\"@type\":\"EntryPoint\",\"urlTemplate\":\"https:\\\/\\\/lepatriotebenin.com\\\/?s={search_term_string}\"},\"query-input\":{\"@type\":\"PropertyValueSpecification\",\"valueRequired\":true,\"valueName\":\"search_term_string\"}}],\"inLanguage\":\"fr-FR\"},{\"@type\":\"Person\",\"@id\":\"https:\\\/\\\/lepatriotebenin.com\\\/#\\\/schema\\\/person\\\/2e7709b9c9cc313e452d1136af61690f\",\"name\":\"Redaction\",\"image\":{\"@type\":\"ImageObject\",\"inLanguage\":\"fr-FR\",\"@id\":\"https:\\\/\\\/secure.gravatar.com\\\/avatar\\\/c4c509357859ea2ca2cbb6d8812898a73e4ef1ef9934c2e591d7e32face734d1?s=96&d=mm&r=g\",\"url\":\"https:\\\/\\\/secure.gravatar.com\\\/avatar\\\/c4c509357859ea2ca2cbb6d8812898a73e4ef1ef9934c2e591d7e32face734d1?s=96&d=mm&r=g\",\"contentUrl\":\"https:\\\/\\\/secure.gravatar.com\\\/avatar\\\/c4c509357859ea2ca2cbb6d8812898a73e4ef1ef9934c2e591d7e32face734d1?s=96&d=mm&r=g\",\"caption\":\"Redaction\"},\"url\":\"https:\\\/\\\/lepatriotebenin.com\"}]}<\/script>\n<!-- \/ Yoast SEO plugin. -->","yoast_head_json":{"title":"B\u00e9nin : L\u2019ex DG de l\u2019ABSSA, Epiphane HOSSOU derri\u00e8re les barreaux\u00a0 - Le Patriote","robots":{"index":"index","follow":"follow","max-snippet":"max-snippet:-1","max-image-preview":"max-image-preview:large","max-video-preview":"max-video-preview:-1"},"canonical":"https:\/\/lepatriotebenin.com\/index.php\/2024\/07\/06\/benin-lex-dg-de-labssa-epiphane-hossou-derriere-les-barreaux\/","og_locale":"fr_FR","og_type":"article","og_title":"B\u00e9nin : L\u2019ex DG de l\u2019ABSSA, Epiphane HOSSOU derri\u00e8re les barreaux\u00a0 - Le Patriote","og_description":"Pr\u00e9sent\u00e9 au procureur ce vendredi 5 juillet 2024, l&rsquo;ex DG de l&rsquo;ABSSA, l&rsquo;Agence B\u00e9ninoise de la S\u00e9curit\u00e9 Sanitaire des Aliments, \u00c9piphane Hossou est finalement plac\u00e9 sous mandat de d\u00e9p\u00f4t.\u00a0 L&rsquo;ancien&hellip;","og_url":"https:\/\/lepatriotebenin.com\/index.php\/2024\/07\/06\/benin-lex-dg-de-labssa-epiphane-hossou-derriere-les-barreaux\/","og_site_name":"Le Patriote","article_published_time":"2024-07-06T19:02:08+00:00","article_modified_time":"2024-07-06T19:02:13+00:00","og_image":[{"width":1280,"height":720,"url":"https:\/\/lepatriotebenin.com\/wp-content\/uploads\/2024\/07\/prison-civile.webp","type":"image\/webp"}],"author":"Redaction","twitter_card":"summary_large_image","twitter_misc":{"\u00c9crit par":"Redaction","Dur\u00e9e de lecture estim\u00e9e":"1 minute"},"schema":{"@context":"https:\/\/schema.org","@graph":[{"@type":"Article","@id":"https:\/\/lepatriotebenin.com\/index.php\/2024\/07\/06\/benin-lex-dg-de-labssa-epiphane-hossou-derriere-les-barreaux\/#article","isPartOf":{"@id":"https:\/\/lepatriotebenin.com\/index.php\/2024\/07\/06\/benin-lex-dg-de-labssa-epiphane-hossou-derriere-les-barreaux\/"},"author":{"name":"Redaction","@id":"https:\/\/lepatriotebenin.com\/#\/schema\/person\/2e7709b9c9cc313e452d1136af61690f"},"headline":"B\u00e9nin : L\u2019ex DG de l\u2019ABSSA, Epiphane HOSSOU derri\u00e8re les barreaux\u00a0","datePublished":"2024-07-06T19:02:08+00:00","dateModified":"2024-07-06T19:02:13+00:00","mainEntityOfPage":{"@id":"https:\/\/lepatriotebenin.com\/index.php\/2024\/07\/06\/benin-lex-dg-de-labssa-epiphane-hossou-derriere-les-barreaux\/"},"wordCount":126,"commentCount":0,"image":{"@id":"https:\/\/lepatriotebenin.com\/index.php\/2024\/07\/06\/benin-lex-dg-de-labssa-epiphane-hossou-derriere-les-barreaux\/#primaryimage"},"thumbnailUrl":"https:\/\/lepatriotebenin.com\/wp-content\/uploads\/2024\/07\/prison-civile.webp","articleSection":["Soci\u00e9t\u00e9"],"inLanguage":"fr-FR","potentialAction":[{"@type":"CommentAction","name":"Comment","target":["https:\/\/lepatriotebenin.com\/index.php\/2024\/07\/06\/benin-lex-dg-de-labssa-epiphane-hossou-derriere-les-barreaux\/#respond"]}]},{"@type":"WebPage","@id":"https:\/\/lepatriotebenin.com\/index.php\/2024\/07\/06\/benin-lex-dg-de-labssa-epiphane-hossou-derriere-les-barreaux\/","url":"https:\/\/lepatriotebenin.com\/index.php\/2024\/07\/06\/benin-lex-dg-de-labssa-epiphane-hossou-derriere-les-barreaux\/","name":"B\u00e9nin : L\u2019ex DG de l\u2019ABSSA, Epiphane HOSSOU derri\u00e8re les barreaux\u00a0 - Le Patriote","isPartOf":{"@id":"https:\/\/lepatriotebenin.com\/#website"},"primaryImageOfPage":{"@id":"https:\/\/lepatriotebenin.com\/index.php\/2024\/07\/06\/benin-lex-dg-de-labssa-epiphane-hossou-derriere-les-barreaux\/#primaryimage"},"image":{"@id":"https:\/\/lepatriotebenin.com\/index.php\/2024\/07\/06\/benin-lex-dg-de-labssa-epiphane-hossou-derriere-les-barreaux\/#primaryimage"},"thumbnailUrl":"https:\/\/lepatriotebenin.com\/wp-content\/uploads\/2024\/07\/prison-civile.webp","datePublished":"2024-07-06T19:02:08+00:00","dateModified":"2024-07-06T19:02:13+00:00","author":{"@id":"https:\/\/lepatriotebenin.com\/#\/schema\/person\/2e7709b9c9cc313e452d1136af61690f"},"breadcrumb":{"@id":"https:\/\/lepatriotebenin.com\/index.php\/2024\/07\/06\/benin-lex-dg-de-labssa-epiphane-hossou-derriere-les-barreaux\/#breadcrumb"},"inLanguage":"fr-FR","potentialAction":[{"@type":"ReadAction","target":["https:\/\/lepatriotebenin.com\/index.php\/2024\/07\/06\/benin-lex-dg-de-labssa-epiphane-hossou-derriere-les-barreaux\/"]}]},{"@type":"ImageObject","inLanguage":"fr-FR","@id":"https:\/\/lepatriotebenin.com\/index.php\/2024\/07\/06\/benin-lex-dg-de-labssa-epiphane-hossou-derriere-les-barreaux\/#primaryimage","url":"https:\/\/lepatriotebenin.com\/wp-content\/uploads\/2024\/07\/prison-civile.webp","contentUrl":"https:\/\/lepatriotebenin.com\/wp-content\/uploads\/2024\/07\/prison-civile.webp","width":1280,"height":720},{"@type":"BreadcrumbList","@id":"https:\/\/lepatriotebenin.com\/index.php\/2024\/07\/06\/benin-lex-dg-de-labssa-epiphane-hossou-derriere-les-barreaux\/#breadcrumb","itemListElement":[{"@type":"ListItem","position":1,"name":"Accueil","item":"https:\/\/lepatriotebenin.com\/"},{"@type":"ListItem","position":2,"name":"B\u00e9nin : L\u2019ex DG de l\u2019ABSSA, Epiphane HOSSOU derri\u00e8re les barreaux\u00a0"}]},{"@type":"WebSite","@id":"https:\/\/lepatriotebenin.com\/#website","url":"https:\/\/lepatriotebenin.com\/","name":"Le Patriote","description":"Le Patriote B\u00e9nin","potentialAction":[{"@type":"SearchAction","target":{"@type":"EntryPoint","urlTemplate":"https:\/\/lepatriotebenin.com\/?s={search_term_string}"},"query-input":{"@type":"PropertyValueSpecification","valueRequired":true,"valueName":"search_term_string"}}],"inLanguage":"fr-FR"},{"@type":"Person","@id":"https:\/\/lepatriotebenin.com\/#\/schema\/person\/2e7709b9c9cc313e452d1136af61690f","name":"Redaction","image":{"@type":"ImageObject","inLanguage":"fr-FR","@id":"https:\/\/secure.gravatar.com\/avatar\/c4c509357859ea2ca2cbb6d8812898a73e4ef1ef9934c2e591d7e32face734d1?s=96&d=mm&r=g","url":"https:\/\/secure.gravatar.com\/avatar\/c4c509357859ea2ca2cbb6d8812898a73e4ef1ef9934c2e591d7e32face734d1?s=96&d=mm&r=g","contentUrl":"https:\/\/secure.gravatar.com\/avatar\/c4c509357859ea2ca2cbb6d8812898a73e4ef1ef9934c2e591d7e32face734d1?s=96&d=mm&r=g","caption":"Redaction"},"url":"https:\/\/lepatriotebenin.com"}]}},"_links":{"self":[{"href":"https:\/\/lepatriotebenin.com\/index.php\/wp-json\/wp\/v2\/posts\/6458","targetHints":{"allow":["GET"]}}],"collection":[{"href":"https:\/\/lepatriotebenin.com\/index.php\/wp-json\/wp\/v2\/posts"}],"about":[{"href":"https:\/\/lepatriotebenin.com\/index.php\/wp-json\/wp\/v2\/types\/post"}],"author":[{"embeddable":true,"href":"https:\/\/lepatriotebenin.com\/index.php\/wp-json\/wp\/v2\/users\/5"}],"replies":[{"embeddable":true,"href":"https:\/\/lepatriotebenin.com\/index.php\/wp-json\/wp\/v2\/comments?post=6458"}],"version-history":[{"count":1,"href":"https:\/\/lepatriotebenin.com\/index.php\/wp-json\/wp\/v2\/posts\/6458\/revisions"}],"predecessor-version":[{"id":6459,"href":"https:\/\/lepatriotebenin.com\/index.php\/wp-json\/wp\/v2\/posts\/6458\/revisions\/6459"}],"wp:featuredmedia":[{"embeddable":true,"href":"https:\/\/lepatriotebenin.com\/index.php\/wp-json\/wp\/v2\/media\/6317"}],"wp:attachment":[{"href":"https:\/\/lepatriotebenin.com\/index.php\/wp-json\/wp\/v2\/media?parent=6458"}],"wp:term":[{"taxonomy":"category","embeddable":true,"href":"https:\/\/lepatriotebenin.com\/index.php\/wp-json\/wp\/v2\/categories?post=6458"},{"taxonomy":"post_tag","embeddable":true,"href":"https:\/\/lepatriotebenin.com\/index.php\/wp-json\/wp\/v2\/tags?post=6458"}],"curies":[{"name":"wp","href":"https:\/\/api.w.org\/{rel}","templated":true}]}}