{"id":6441,"date":"2024-07-05T17:23:14","date_gmt":"2024-07-05T15:23:14","guid":{"rendered":"https:\/\/lepatriotebenin.com\/?p=6441"},"modified":"2024-07-05T17:54:26","modified_gmt":"2024-07-05T15:54:26","slug":"bloccsge-des-avancements-dans-ladministration-publique-beninoise-edwige-tossah-sinsurge-contre-une-injustice-du-gouvernement","status":"publish","type":"post","link":"https:\/\/lepatriotebenin.com\/index.php\/2024\/07\/05\/bloccsge-des-avancements-dans-ladministration-publique-beninoise-edwige-tossah-sinsurge-contre-une-injustice-du-gouvernement\/","title":{"rendered":"Avancement dans l\u2019administration publique : L&rsquo;He Edwige Tossah s\u2019insurge contre une injustice du gouvernement"},"content":{"rendered":"\n<p>Ils sont des milliers de fonctionnaires b\u00e9ninois victimes d\u2019un blocage inexpliqu\u00e9 de leurs avancements depuis 2017. Cons\u00e9quence, leur carri\u00e8re stagne ainsi que leurs salaires malgr\u00e9 le co\u00fbt de la vie qui ne cesse de grimper. Ils sont bloqu\u00e9s <strong>\u00e0 l\u2019\u00e9chelon 11 <\/strong>alors qu\u2019ils auraient d\u00e9j\u00e0 \u00e9t\u00e9 avanc\u00e9s conform\u00e9ment aux dispositions l\u00e9gales en la mati\u00e8re. Non contente de cette situation et en tant que repr\u00e9sentante du peuple et donc de ces nombreux fonctionnaires d\u2019Etat b\u00e9ninois, l\u2019<strong>honorable Edwige O. Tossah, <\/strong>\u00e9lue d\u00e9mocrate de la <strong>10\u00e8me circonscription \u00e9lectorale<\/strong>, a interpell\u00e9 le gouvernement sur le sujet \u00e0 travers une question orale.  Face aux r\u00e9ponses tr\u00e8s peu convaincantes du gouvernement aux questions qui lui ont \u00e9t\u00e9 adress\u00e9es, l\u2019opposante n\u2019a pas manqu\u00e9 de fustiger la politique du gouvernement qui, au lieu d\u2019am\u00e9liorer les conditions de vie et de travail des b\u00e9ninois, les appauvrit et d\u00e9chire le tissu social malgr\u00e9 le <em>\u00absocial guidjooo\u00bb,<\/em> promis.<br>Selon l\u2019honorable Edwige Tossah<em>, \u00ab cette situation que vit cette cat\u00e9gorie d\u2019agent dont les avancements sont bloqu\u00e9s \u00e0 l\u2019\u00e9chelon 11, est une injustice sociale.\u00bb \u00abDepuis 2017 \u00e0 ce jour, beaucoup d\u2019agents encore en activit\u00e9 ont vu le d\u00e9roulement de leur carri\u00e8re bloqu\u00e9 \u00e0 l\u2019\u00e9chelon 11 avec pour corollaire le stationnement au m\u00eame salaire depuis plusieurs ann\u00e9es \u00bb<\/em>, a d\u00e9nonc\u00e9 la d\u00e9put\u00e9 le <strong>jeudi 4 Juillet 2024<\/strong> \u00e0 l\u2019h\u00e9micycle.<br>\u00ab<em>C\u2019est pour cette raison parmi tant d\u2019autres que pour les travailleurs b\u00e9ninois, le gouvernement de la Rupture les consid\u00e8re comme des b\u00eates de somme. Ils se sentent bless\u00e9s dans leur amour propre. Celui qui, en les saluant, a dit \u00ab\u00a0mi ku do xhov\u03b5<\/em>\u00a0\u00bb ne nous dira pas le contraire.<br>Subir les affres, les contraintes, les stresses li\u00e9s aux exigences de la fonction publique jusqu\u2019\u00e0 atteindre <strong>l\u2019\u00e9chelon 12,<\/strong> le grade hors classe, c\u2019est au minimum 24 ans r\u00e9volus de service fait. Ce n\u2019est pas chose ais\u00e9e. C\u2019est beaucoup de charges. C\u2019est subvenir aux diff\u00e9rents besoins de la famille avec des enfants majeurs majoritairement au ch\u00f4mage qui s\u2019amplifie de plus en plus suite \u00e0 la politique d\u2019emploi que votre gouvernement m\u00e8ne, c\u2019est aussi parfois vivre avec des maladies qui vous rendent d\u00e9pendant des produits pharmaceutiques. Et c\u2019est dans cette situation que depuis plus de 8 ans aujourd\u2019hui on est bloqu\u00e9 faute de d\u00e9cret d\u2019application\u2026\u00bb, soutient l&rsquo;honorable Edwige Tossah.<\/p>\n\n\n\n<p><strong>Comlan Paul ODAH<br>CPO<\/strong><\/p>\n","protected":false},"excerpt":{"rendered":"<p>Ils sont des milliers de fonctionnaires b\u00e9ninois victimes d\u2019un blocage inexpliqu\u00e9 de leurs avancements depuis 2017. Cons\u00e9quence, leur carri\u00e8re stagne ainsi que leurs salaires malgr\u00e9 le co\u00fbt de la vie&hellip;<\/p>\n","protected":false},"author":5,"featured_media":6442,"comment_status":"open","ping_status":"open","sticky":false,"template":"","format":"standard","meta":{"content-type":"","om_disable_all_campaigns":false,"_monsterinsights_skip_tracking":false,"_monsterinsights_sitenote_active":false,"_monsterinsights_sitenote_note":"","_monsterinsights_sitenote_category":0,"_uf_show_specific_survey":0,"_uf_disable_surveys":false,"footnotes":""},"categories":[26],"tags":[],"class_list":["post-6441","post","type-post","status-publish","format-standard","has-post-thumbnail","hentry","category-politique"],"aioseo_notices":[],"yoast_head":"<!-- This site is optimized with the Yoast SEO plugin v27.5 - https:\/\/yoast.com\/product\/yoast-seo-wordpress\/ -->\n<title>Avancement dans l\u2019administration publique : L&#039;He Edwige Tossah s\u2019insurge contre une injustice du gouvernement - Le Patriote<\/title>\n<meta name=\"robots\" content=\"index, follow, max-snippet:-1, max-image-preview:large, max-video-preview:-1\" \/>\n<link rel=\"canonical\" href=\"https:\/\/lepatriotebenin.com\/index.php\/2024\/07\/05\/bloccsge-des-avancements-dans-ladministration-publique-beninoise-edwige-tossah-sinsurge-contre-une-injustice-du-gouvernement\/\" \/>\n<meta property=\"og:locale\" content=\"fr_FR\" \/>\n<meta property=\"og:type\" content=\"article\" \/>\n<meta property=\"og:title\" content=\"Avancement dans l\u2019administration publique : L&#039;He Edwige Tossah s\u2019insurge contre une injustice du gouvernement - Le Patriote\" \/>\n<meta property=\"og:description\" content=\"Ils sont des milliers de fonctionnaires b\u00e9ninois victimes d\u2019un blocage inexpliqu\u00e9 de leurs avancements depuis 2017. Cons\u00e9quence, leur carri\u00e8re stagne ainsi que leurs salaires malgr\u00e9 le co\u00fbt de la vie&hellip;\" \/>\n<meta property=\"og:url\" content=\"https:\/\/lepatriotebenin.com\/index.php\/2024\/07\/05\/bloccsge-des-avancements-dans-ladministration-publique-beninoise-edwige-tossah-sinsurge-contre-une-injustice-du-gouvernement\/\" \/>\n<meta property=\"og:site_name\" content=\"Le Patriote\" \/>\n<meta property=\"article:published_time\" content=\"2024-07-05T15:23:14+00:00\" \/>\n<meta property=\"article:modified_time\" content=\"2024-07-05T15:54:26+00:00\" \/>\n<meta property=\"og:image\" content=\"https:\/\/lepatriotebenin.com\/wp-content\/uploads\/2024\/07\/tossa.jpg\" \/>\n\t<meta property=\"og:image:width\" content=\"190\" \/>\n\t<meta property=\"og:image:height\" content=\"266\" \/>\n\t<meta property=\"og:image:type\" content=\"image\/jpeg\" \/>\n<meta name=\"author\" content=\"Redaction\" \/>\n<meta name=\"twitter:card\" content=\"summary_large_image\" \/>\n<meta name=\"twitter:label1\" content=\"\u00c9crit par\" \/>\n\t<meta name=\"twitter:data1\" content=\"Redaction\" \/>\n\t<meta name=\"twitter:label2\" content=\"Dur\u00e9e de lecture estim\u00e9e\" \/>\n\t<meta name=\"twitter:data2\" content=\"2 minutes\" \/>\n<script type=\"application\/ld+json\" class=\"yoast-schema-graph\">{\"@context\":\"https:\\\/\\\/schema.org\",\"@graph\":[{\"@type\":\"Article\",\"@id\":\"https:\\\/\\\/lepatriotebenin.com\\\/index.php\\\/2024\\\/07\\\/05\\\/bloccsge-des-avancements-dans-ladministration-publique-beninoise-edwige-tossah-sinsurge-contre-une-injustice-du-gouvernement\\\/#article\",\"isPartOf\":{\"@id\":\"https:\\\/\\\/lepatriotebenin.com\\\/index.php\\\/2024\\\/07\\\/05\\\/bloccsge-des-avancements-dans-ladministration-publique-beninoise-edwige-tossah-sinsurge-contre-une-injustice-du-gouvernement\\\/\"},\"author\":{\"name\":\"Redaction\",\"@id\":\"https:\\\/\\\/lepatriotebenin.com\\\/#\\\/schema\\\/person\\\/2e7709b9c9cc313e452d1136af61690f\"},\"headline\":\"Avancement dans l\u2019administration publique : L&rsquo;He Edwige Tossah s\u2019insurge contre une injustice du gouvernement\",\"datePublished\":\"2024-07-05T15:23:14+00:00\",\"dateModified\":\"2024-07-05T15:54:26+00:00\",\"mainEntityOfPage\":{\"@id\":\"https:\\\/\\\/lepatriotebenin.com\\\/index.php\\\/2024\\\/07\\\/05\\\/bloccsge-des-avancements-dans-ladministration-publique-beninoise-edwige-tossah-sinsurge-contre-une-injustice-du-gouvernement\\\/\"},\"wordCount\":439,\"commentCount\":0,\"image\":{\"@id\":\"https:\\\/\\\/lepatriotebenin.com\\\/index.php\\\/2024\\\/07\\\/05\\\/bloccsge-des-avancements-dans-ladministration-publique-beninoise-edwige-tossah-sinsurge-contre-une-injustice-du-gouvernement\\\/#primaryimage\"},\"thumbnailUrl\":\"https:\\\/\\\/lepatriotebenin.com\\\/wp-content\\\/uploads\\\/2024\\\/07\\\/tossa.jpg\",\"articleSection\":[\"Politique\"],\"inLanguage\":\"fr-FR\",\"potentialAction\":[{\"@type\":\"CommentAction\",\"name\":\"Comment\",\"target\":[\"https:\\\/\\\/lepatriotebenin.com\\\/index.php\\\/2024\\\/07\\\/05\\\/bloccsge-des-avancements-dans-ladministration-publique-beninoise-edwige-tossah-sinsurge-contre-une-injustice-du-gouvernement\\\/#respond\"]}]},{\"@type\":\"WebPage\",\"@id\":\"https:\\\/\\\/lepatriotebenin.com\\\/index.php\\\/2024\\\/07\\\/05\\\/bloccsge-des-avancements-dans-ladministration-publique-beninoise-edwige-tossah-sinsurge-contre-une-injustice-du-gouvernement\\\/\",\"url\":\"https:\\\/\\\/lepatriotebenin.com\\\/index.php\\\/2024\\\/07\\\/05\\\/bloccsge-des-avancements-dans-ladministration-publique-beninoise-edwige-tossah-sinsurge-contre-une-injustice-du-gouvernement\\\/\",\"name\":\"Avancement dans l\u2019administration publique : L'He Edwige Tossah s\u2019insurge contre une injustice du gouvernement - Le Patriote\",\"isPartOf\":{\"@id\":\"https:\\\/\\\/lepatriotebenin.com\\\/#website\"},\"primaryImageOfPage\":{\"@id\":\"https:\\\/\\\/lepatriotebenin.com\\\/index.php\\\/2024\\\/07\\\/05\\\/bloccsge-des-avancements-dans-ladministration-publique-beninoise-edwige-tossah-sinsurge-contre-une-injustice-du-gouvernement\\\/#primaryimage\"},\"image\":{\"@id\":\"https:\\\/\\\/lepatriotebenin.com\\\/index.php\\\/2024\\\/07\\\/05\\\/bloccsge-des-avancements-dans-ladministration-publique-beninoise-edwige-tossah-sinsurge-contre-une-injustice-du-gouvernement\\\/#primaryimage\"},\"thumbnailUrl\":\"https:\\\/\\\/lepatriotebenin.com\\\/wp-content\\\/uploads\\\/2024\\\/07\\\/tossa.jpg\",\"datePublished\":\"2024-07-05T15:23:14+00:00\",\"dateModified\":\"2024-07-05T15:54:26+00:00\",\"author\":{\"@id\":\"https:\\\/\\\/lepatriotebenin.com\\\/#\\\/schema\\\/person\\\/2e7709b9c9cc313e452d1136af61690f\"},\"breadcrumb\":{\"@id\":\"https:\\\/\\\/lepatriotebenin.com\\\/index.php\\\/2024\\\/07\\\/05\\\/bloccsge-des-avancements-dans-ladministration-publique-beninoise-edwige-tossah-sinsurge-contre-une-injustice-du-gouvernement\\\/#breadcrumb\"},\"inLanguage\":\"fr-FR\",\"potentialAction\":[{\"@type\":\"ReadAction\",\"target\":[\"https:\\\/\\\/lepatriotebenin.com\\\/index.php\\\/2024\\\/07\\\/05\\\/bloccsge-des-avancements-dans-ladministration-publique-beninoise-edwige-tossah-sinsurge-contre-une-injustice-du-gouvernement\\\/\"]}]},{\"@type\":\"ImageObject\",\"inLanguage\":\"fr-FR\",\"@id\":\"https:\\\/\\\/lepatriotebenin.com\\\/index.php\\\/2024\\\/07\\\/05\\\/bloccsge-des-avancements-dans-ladministration-publique-beninoise-edwige-tossah-sinsurge-contre-une-injustice-du-gouvernement\\\/#primaryimage\",\"url\":\"https:\\\/\\\/lepatriotebenin.com\\\/wp-content\\\/uploads\\\/2024\\\/07\\\/tossa.jpg\",\"contentUrl\":\"https:\\\/\\\/lepatriotebenin.com\\\/wp-content\\\/uploads\\\/2024\\\/07\\\/tossa.jpg\",\"width\":190,\"height\":266},{\"@type\":\"BreadcrumbList\",\"@id\":\"https:\\\/\\\/lepatriotebenin.com\\\/index.php\\\/2024\\\/07\\\/05\\\/bloccsge-des-avancements-dans-ladministration-publique-beninoise-edwige-tossah-sinsurge-contre-une-injustice-du-gouvernement\\\/#breadcrumb\",\"itemListElement\":[{\"@type\":\"ListItem\",\"position\":1,\"name\":\"Accueil\",\"item\":\"https:\\\/\\\/lepatriotebenin.com\\\/\"},{\"@type\":\"ListItem\",\"position\":2,\"name\":\"Avancement dans l\u2019administration publique : L&rsquo;He Edwige Tossah s\u2019insurge contre une injustice du gouvernement\"}]},{\"@type\":\"WebSite\",\"@id\":\"https:\\\/\\\/lepatriotebenin.com\\\/#website\",\"url\":\"https:\\\/\\\/lepatriotebenin.com\\\/\",\"name\":\"Le Patriote\",\"description\":\"Le Patriote B\u00e9nin\",\"potentialAction\":[{\"@type\":\"SearchAction\",\"target\":{\"@type\":\"EntryPoint\",\"urlTemplate\":\"https:\\\/\\\/lepatriotebenin.com\\\/?s={search_term_string}\"},\"query-input\":{\"@type\":\"PropertyValueSpecification\",\"valueRequired\":true,\"valueName\":\"search_term_string\"}}],\"inLanguage\":\"fr-FR\"},{\"@type\":\"Person\",\"@id\":\"https:\\\/\\\/lepatriotebenin.com\\\/#\\\/schema\\\/person\\\/2e7709b9c9cc313e452d1136af61690f\",\"name\":\"Redaction\",\"image\":{\"@type\":\"ImageObject\",\"inLanguage\":\"fr-FR\",\"@id\":\"https:\\\/\\\/secure.gravatar.com\\\/avatar\\\/c4c509357859ea2ca2cbb6d8812898a73e4ef1ef9934c2e591d7e32face734d1?s=96&d=mm&r=g\",\"url\":\"https:\\\/\\\/secure.gravatar.com\\\/avatar\\\/c4c509357859ea2ca2cbb6d8812898a73e4ef1ef9934c2e591d7e32face734d1?s=96&d=mm&r=g\",\"contentUrl\":\"https:\\\/\\\/secure.gravatar.com\\\/avatar\\\/c4c509357859ea2ca2cbb6d8812898a73e4ef1ef9934c2e591d7e32face734d1?s=96&d=mm&r=g\",\"caption\":\"Redaction\"},\"url\":\"https:\\\/\\\/lepatriotebenin.com\"}]}<\/script>\n<!-- \/ Yoast SEO plugin. -->","yoast_head_json":{"title":"Avancement dans l\u2019administration publique : L'He Edwige Tossah s\u2019insurge contre une injustice du gouvernement - Le Patriote","robots":{"index":"index","follow":"follow","max-snippet":"max-snippet:-1","max-image-preview":"max-image-preview:large","max-video-preview":"max-video-preview:-1"},"canonical":"https:\/\/lepatriotebenin.com\/index.php\/2024\/07\/05\/bloccsge-des-avancements-dans-ladministration-publique-beninoise-edwige-tossah-sinsurge-contre-une-injustice-du-gouvernement\/","og_locale":"fr_FR","og_type":"article","og_title":"Avancement dans l\u2019administration publique : L'He Edwige Tossah s\u2019insurge contre une injustice du gouvernement - Le Patriote","og_description":"Ils sont des milliers de fonctionnaires b\u00e9ninois victimes d\u2019un blocage inexpliqu\u00e9 de leurs avancements depuis 2017. Cons\u00e9quence, leur carri\u00e8re stagne ainsi que leurs salaires malgr\u00e9 le co\u00fbt de la vie&hellip;","og_url":"https:\/\/lepatriotebenin.com\/index.php\/2024\/07\/05\/bloccsge-des-avancements-dans-ladministration-publique-beninoise-edwige-tossah-sinsurge-contre-une-injustice-du-gouvernement\/","og_site_name":"Le Patriote","article_published_time":"2024-07-05T15:23:14+00:00","article_modified_time":"2024-07-05T15:54:26+00:00","og_image":[{"width":190,"height":266,"url":"https:\/\/lepatriotebenin.com\/wp-content\/uploads\/2024\/07\/tossa.jpg","type":"image\/jpeg"}],"author":"Redaction","twitter_card":"summary_large_image","twitter_misc":{"\u00c9crit par":"Redaction","Dur\u00e9e de lecture estim\u00e9e":"2 minutes"},"schema":{"@context":"https:\/\/schema.org","@graph":[{"@type":"Article","@id":"https:\/\/lepatriotebenin.com\/index.php\/2024\/07\/05\/bloccsge-des-avancements-dans-ladministration-publique-beninoise-edwige-tossah-sinsurge-contre-une-injustice-du-gouvernement\/#article","isPartOf":{"@id":"https:\/\/lepatriotebenin.com\/index.php\/2024\/07\/05\/bloccsge-des-avancements-dans-ladministration-publique-beninoise-edwige-tossah-sinsurge-contre-une-injustice-du-gouvernement\/"},"author":{"name":"Redaction","@id":"https:\/\/lepatriotebenin.com\/#\/schema\/person\/2e7709b9c9cc313e452d1136af61690f"},"headline":"Avancement dans l\u2019administration publique : L&rsquo;He Edwige Tossah s\u2019insurge contre une injustice du gouvernement","datePublished":"2024-07-05T15:23:14+00:00","dateModified":"2024-07-05T15:54:26+00:00","mainEntityOfPage":{"@id":"https:\/\/lepatriotebenin.com\/index.php\/2024\/07\/05\/bloccsge-des-avancements-dans-ladministration-publique-beninoise-edwige-tossah-sinsurge-contre-une-injustice-du-gouvernement\/"},"wordCount":439,"commentCount":0,"image":{"@id":"https:\/\/lepatriotebenin.com\/index.php\/2024\/07\/05\/bloccsge-des-avancements-dans-ladministration-publique-beninoise-edwige-tossah-sinsurge-contre-une-injustice-du-gouvernement\/#primaryimage"},"thumbnailUrl":"https:\/\/lepatriotebenin.com\/wp-content\/uploads\/2024\/07\/tossa.jpg","articleSection":["Politique"],"inLanguage":"fr-FR","potentialAction":[{"@type":"CommentAction","name":"Comment","target":["https:\/\/lepatriotebenin.com\/index.php\/2024\/07\/05\/bloccsge-des-avancements-dans-ladministration-publique-beninoise-edwige-tossah-sinsurge-contre-une-injustice-du-gouvernement\/#respond"]}]},{"@type":"WebPage","@id":"https:\/\/lepatriotebenin.com\/index.php\/2024\/07\/05\/bloccsge-des-avancements-dans-ladministration-publique-beninoise-edwige-tossah-sinsurge-contre-une-injustice-du-gouvernement\/","url":"https:\/\/lepatriotebenin.com\/index.php\/2024\/07\/05\/bloccsge-des-avancements-dans-ladministration-publique-beninoise-edwige-tossah-sinsurge-contre-une-injustice-du-gouvernement\/","name":"Avancement dans l\u2019administration publique : L'He Edwige Tossah s\u2019insurge contre une injustice du gouvernement - Le Patriote","isPartOf":{"@id":"https:\/\/lepatriotebenin.com\/#website"},"primaryImageOfPage":{"@id":"https:\/\/lepatriotebenin.com\/index.php\/2024\/07\/05\/bloccsge-des-avancements-dans-ladministration-publique-beninoise-edwige-tossah-sinsurge-contre-une-injustice-du-gouvernement\/#primaryimage"},"image":{"@id":"https:\/\/lepatriotebenin.com\/index.php\/2024\/07\/05\/bloccsge-des-avancements-dans-ladministration-publique-beninoise-edwige-tossah-sinsurge-contre-une-injustice-du-gouvernement\/#primaryimage"},"thumbnailUrl":"https:\/\/lepatriotebenin.com\/wp-content\/uploads\/2024\/07\/tossa.jpg","datePublished":"2024-07-05T15:23:14+00:00","dateModified":"2024-07-05T15:54:26+00:00","author":{"@id":"https:\/\/lepatriotebenin.com\/#\/schema\/person\/2e7709b9c9cc313e452d1136af61690f"},"breadcrumb":{"@id":"https:\/\/lepatriotebenin.com\/index.php\/2024\/07\/05\/bloccsge-des-avancements-dans-ladministration-publique-beninoise-edwige-tossah-sinsurge-contre-une-injustice-du-gouvernement\/#breadcrumb"},"inLanguage":"fr-FR","potentialAction":[{"@type":"ReadAction","target":["https:\/\/lepatriotebenin.com\/index.php\/2024\/07\/05\/bloccsge-des-avancements-dans-ladministration-publique-beninoise-edwige-tossah-sinsurge-contre-une-injustice-du-gouvernement\/"]}]},{"@type":"ImageObject","inLanguage":"fr-FR","@id":"https:\/\/lepatriotebenin.com\/index.php\/2024\/07\/05\/bloccsge-des-avancements-dans-ladministration-publique-beninoise-edwige-tossah-sinsurge-contre-une-injustice-du-gouvernement\/#primaryimage","url":"https:\/\/lepatriotebenin.com\/wp-content\/uploads\/2024\/07\/tossa.jpg","contentUrl":"https:\/\/lepatriotebenin.com\/wp-content\/uploads\/2024\/07\/tossa.jpg","width":190,"height":266},{"@type":"BreadcrumbList","@id":"https:\/\/lepatriotebenin.com\/index.php\/2024\/07\/05\/bloccsge-des-avancements-dans-ladministration-publique-beninoise-edwige-tossah-sinsurge-contre-une-injustice-du-gouvernement\/#breadcrumb","itemListElement":[{"@type":"ListItem","position":1,"name":"Accueil","item":"https:\/\/lepatriotebenin.com\/"},{"@type":"ListItem","position":2,"name":"Avancement dans l\u2019administration publique : L&rsquo;He Edwige Tossah s\u2019insurge contre une injustice du gouvernement"}]},{"@type":"WebSite","@id":"https:\/\/lepatriotebenin.com\/#website","url":"https:\/\/lepatriotebenin.com\/","name":"Le Patriote","description":"Le Patriote B\u00e9nin","potentialAction":[{"@type":"SearchAction","target":{"@type":"EntryPoint","urlTemplate":"https:\/\/lepatriotebenin.com\/?s={search_term_string}"},"query-input":{"@type":"PropertyValueSpecification","valueRequired":true,"valueName":"search_term_string"}}],"inLanguage":"fr-FR"},{"@type":"Person","@id":"https:\/\/lepatriotebenin.com\/#\/schema\/person\/2e7709b9c9cc313e452d1136af61690f","name":"Redaction","image":{"@type":"ImageObject","inLanguage":"fr-FR","@id":"https:\/\/secure.gravatar.com\/avatar\/c4c509357859ea2ca2cbb6d8812898a73e4ef1ef9934c2e591d7e32face734d1?s=96&d=mm&r=g","url":"https:\/\/secure.gravatar.com\/avatar\/c4c509357859ea2ca2cbb6d8812898a73e4ef1ef9934c2e591d7e32face734d1?s=96&d=mm&r=g","contentUrl":"https:\/\/secure.gravatar.com\/avatar\/c4c509357859ea2ca2cbb6d8812898a73e4ef1ef9934c2e591d7e32face734d1?s=96&d=mm&r=g","caption":"Redaction"},"url":"https:\/\/lepatriotebenin.com"}]}},"_links":{"self":[{"href":"https:\/\/lepatriotebenin.com\/index.php\/wp-json\/wp\/v2\/posts\/6441","targetHints":{"allow":["GET"]}}],"collection":[{"href":"https:\/\/lepatriotebenin.com\/index.php\/wp-json\/wp\/v2\/posts"}],"about":[{"href":"https:\/\/lepatriotebenin.com\/index.php\/wp-json\/wp\/v2\/types\/post"}],"author":[{"embeddable":true,"href":"https:\/\/lepatriotebenin.com\/index.php\/wp-json\/wp\/v2\/users\/5"}],"replies":[{"embeddable":true,"href":"https:\/\/lepatriotebenin.com\/index.php\/wp-json\/wp\/v2\/comments?post=6441"}],"version-history":[{"count":3,"href":"https:\/\/lepatriotebenin.com\/index.php\/wp-json\/wp\/v2\/posts\/6441\/revisions"}],"predecessor-version":[{"id":6446,"href":"https:\/\/lepatriotebenin.com\/index.php\/wp-json\/wp\/v2\/posts\/6441\/revisions\/6446"}],"wp:featuredmedia":[{"embeddable":true,"href":"https:\/\/lepatriotebenin.com\/index.php\/wp-json\/wp\/v2\/media\/6442"}],"wp:attachment":[{"href":"https:\/\/lepatriotebenin.com\/index.php\/wp-json\/wp\/v2\/media?parent=6441"}],"wp:term":[{"taxonomy":"category","embeddable":true,"href":"https:\/\/lepatriotebenin.com\/index.php\/wp-json\/wp\/v2\/categories?post=6441"},{"taxonomy":"post_tag","embeddable":true,"href":"https:\/\/lepatriotebenin.com\/index.php\/wp-json\/wp\/v2\/tags?post=6441"}],"curies":[{"name":"wp","href":"https:\/\/api.w.org\/{rel}","templated":true}]}}