{"id":6438,"date":"2024-07-05T15:48:06","date_gmt":"2024-07-05T13:48:06","guid":{"rendered":"https:\/\/lepatriotebenin.com\/?p=6438"},"modified":"2024-07-05T17:56:00","modified_gmt":"2024-07-05T15:56:00","slug":"mercato-steve-mounie-sengage-pour-3-ans-avec-le-club-allemand-augsbourg","status":"publish","type":"post","link":"https:\/\/lepatriotebenin.com\/index.php\/2024\/07\/05\/mercato-steve-mounie-sengage-pour-3-ans-avec-le-club-allemand-augsbourg\/","title":{"rendered":"Mercato : Mouni\u00e9 s\u2019engage avec le club d&rsquo;Augsbourg"},"content":{"rendered":"\n<p>Apr\u00e8s <strong>Moussa Latoundji, Moudachirou Amadou et C\u00e8bio Soukou<\/strong> qui ont \u00e9volu\u00e9 dans le Bundesliga, c\u2019est le tour du capitaine des Gu\u00e9pards du B\u00e9nin <strong>Steve Mouni\u00e9<\/strong> de poser ses valises en <strong>Allemagne.<\/strong> L\u2019international b\u00e9ninois a sign\u00e9 un contrat de <strong>trois ans<\/strong> avec le club de Augsbourg, ans dont il est li\u00e9 au club jusqu\u2019au<strong> 30 juin 2027<\/strong>.Ce club allemand a occup\u00e9 \u00e9tait 11\u00e8me de Bundesliga la saison derni\u00e8re. Il faut pr\u00e9ciser que c\u2019est ce <strong>vendredi 05 juillet 2024<\/strong> que le club allemand a officialis\u00e9 l\u2019arriv\u00e9e de Steve Mouni\u00e9. &nbsp;Le capitaine de la s\u00e9lection nationale a quitt\u00e9 Brest, club de premi\u00e8re division fran\u00e7aise, sans avoir trouv\u00e9 d&rsquo;accord pour une prolongation de son contrat.<\/p>\n\n\n\n<p><em>\u00ab Malgr\u00e9 la perspective de la Ligue des champions, j\u2019ai simplement pris ce qui est pour moi la meilleure d\u00e9cision. Dans ma carri\u00e8re, d\u00e9couvrir un 3e grand championnat est pour moi un grand accomplissement<\/em> \u00bb, a-t-il d\u00e9clar\u00e9 ce <strong>jeudi 04 juillet 2024<\/strong> sur son compte Instagram. Pour les quatre &nbsp;&nbsp;saisons qu\u2019il a pass\u00e9 dans l\u2019\u00e9quipe brestoise, il a inscrit <strong>33 buts en 135<\/strong> matchs et particip\u00e9 \u00e0 qualifier ce club en Ligue des champions la saison derni\u00e8re.<\/p>\n","protected":false},"excerpt":{"rendered":"<p>Apr\u00e8s Moussa Latoundji, Moudachirou Amadou et C\u00e8bio Soukou qui ont \u00e9volu\u00e9 dans le Bundesliga, c\u2019est le tour du capitaine des Gu\u00e9pards du B\u00e9nin Steve Mouni\u00e9 de poser ses valises en&hellip;<\/p>\n","protected":false},"author":6,"featured_media":6439,"comment_status":"open","ping_status":"open","sticky":false,"template":"","format":"standard","meta":{"content-type":"","om_disable_all_campaigns":false,"_monsterinsights_skip_tracking":false,"_monsterinsights_sitenote_active":false,"_monsterinsights_sitenote_note":"","_monsterinsights_sitenote_category":0,"_uf_show_specific_survey":0,"_uf_disable_surveys":false,"footnotes":""},"categories":[8],"tags":[],"class_list":["post-6438","post","type-post","status-publish","format-standard","has-post-thumbnail","hentry","category-sport"],"aioseo_notices":[],"yoast_head":"<!-- This site is optimized with the Yoast SEO plugin v27.5 - https:\/\/yoast.com\/product\/yoast-seo-wordpress\/ -->\n<title>Mercato : Mouni\u00e9 s\u2019engage avec le club d&#039;Augsbourg - Le Patriote<\/title>\n<meta name=\"robots\" content=\"index, follow, max-snippet:-1, max-image-preview:large, max-video-preview:-1\" \/>\n<link rel=\"canonical\" href=\"https:\/\/lepatriotebenin.com\/index.php\/2024\/07\/05\/mercato-steve-mounie-sengage-pour-3-ans-avec-le-club-allemand-augsbourg\/\" \/>\n<meta property=\"og:locale\" content=\"fr_FR\" \/>\n<meta property=\"og:type\" content=\"article\" \/>\n<meta property=\"og:title\" content=\"Mercato : Mouni\u00e9 s\u2019engage avec le club d&#039;Augsbourg - Le Patriote\" \/>\n<meta property=\"og:description\" content=\"Apr\u00e8s Moussa Latoundji, Moudachirou Amadou et C\u00e8bio Soukou qui ont \u00e9volu\u00e9 dans le Bundesliga, c\u2019est le tour du capitaine des Gu\u00e9pards du B\u00e9nin Steve Mouni\u00e9 de poser ses valises en&hellip;\" \/>\n<meta property=\"og:url\" content=\"https:\/\/lepatriotebenin.com\/index.php\/2024\/07\/05\/mercato-steve-mounie-sengage-pour-3-ans-avec-le-club-allemand-augsbourg\/\" \/>\n<meta property=\"og:site_name\" content=\"Le Patriote\" \/>\n<meta property=\"article:published_time\" content=\"2024-07-05T13:48:06+00:00\" \/>\n<meta property=\"article:modified_time\" content=\"2024-07-05T15:56:00+00:00\" \/>\n<meta property=\"og:image\" content=\"https:\/\/lepatriotebenin.com\/wp-content\/uploads\/2024\/07\/mounie.jpeg\" \/>\n\t<meta property=\"og:image:width\" content=\"720\" \/>\n\t<meta property=\"og:image:height\" content=\"900\" \/>\n\t<meta property=\"og:image:type\" content=\"image\/jpeg\" \/>\n<meta name=\"author\" content=\"Roland AFFANOU\" \/>\n<meta name=\"twitter:card\" content=\"summary_large_image\" \/>\n<meta name=\"twitter:label1\" content=\"\u00c9crit par\" \/>\n\t<meta name=\"twitter:data1\" content=\"Roland AFFANOU\" \/>\n\t<meta name=\"twitter:label2\" content=\"Dur\u00e9e de lecture estim\u00e9e\" \/>\n\t<meta name=\"twitter:data2\" content=\"1 minute\" \/>\n<script type=\"application\/ld+json\" class=\"yoast-schema-graph\">{\"@context\":\"https:\\\/\\\/schema.org\",\"@graph\":[{\"@type\":\"Article\",\"@id\":\"https:\\\/\\\/lepatriotebenin.com\\\/index.php\\\/2024\\\/07\\\/05\\\/mercato-steve-mounie-sengage-pour-3-ans-avec-le-club-allemand-augsbourg\\\/#article\",\"isPartOf\":{\"@id\":\"https:\\\/\\\/lepatriotebenin.com\\\/index.php\\\/2024\\\/07\\\/05\\\/mercato-steve-mounie-sengage-pour-3-ans-avec-le-club-allemand-augsbourg\\\/\"},\"author\":{\"name\":\"Roland AFFANOU\",\"@id\":\"https:\\\/\\\/lepatriotebenin.com\\\/#\\\/schema\\\/person\\\/4a9b67216c97d04045e01405c534c91f\"},\"headline\":\"Mercato : Mouni\u00e9 s\u2019engage avec le club d&rsquo;Augsbourg\",\"datePublished\":\"2024-07-05T13:48:06+00:00\",\"dateModified\":\"2024-07-05T15:56:00+00:00\",\"mainEntityOfPage\":{\"@id\":\"https:\\\/\\\/lepatriotebenin.com\\\/index.php\\\/2024\\\/07\\\/05\\\/mercato-steve-mounie-sengage-pour-3-ans-avec-le-club-allemand-augsbourg\\\/\"},\"wordCount\":215,\"commentCount\":0,\"image\":{\"@id\":\"https:\\\/\\\/lepatriotebenin.com\\\/index.php\\\/2024\\\/07\\\/05\\\/mercato-steve-mounie-sengage-pour-3-ans-avec-le-club-allemand-augsbourg\\\/#primaryimage\"},\"thumbnailUrl\":\"https:\\\/\\\/lepatriotebenin.com\\\/wp-content\\\/uploads\\\/2024\\\/07\\\/mounie.jpeg\",\"articleSection\":[\"Sport\"],\"inLanguage\":\"fr-FR\",\"potentialAction\":[{\"@type\":\"CommentAction\",\"name\":\"Comment\",\"target\":[\"https:\\\/\\\/lepatriotebenin.com\\\/index.php\\\/2024\\\/07\\\/05\\\/mercato-steve-mounie-sengage-pour-3-ans-avec-le-club-allemand-augsbourg\\\/#respond\"]}]},{\"@type\":\"WebPage\",\"@id\":\"https:\\\/\\\/lepatriotebenin.com\\\/index.php\\\/2024\\\/07\\\/05\\\/mercato-steve-mounie-sengage-pour-3-ans-avec-le-club-allemand-augsbourg\\\/\",\"url\":\"https:\\\/\\\/lepatriotebenin.com\\\/index.php\\\/2024\\\/07\\\/05\\\/mercato-steve-mounie-sengage-pour-3-ans-avec-le-club-allemand-augsbourg\\\/\",\"name\":\"Mercato : Mouni\u00e9 s\u2019engage avec le club d'Augsbourg - Le Patriote\",\"isPartOf\":{\"@id\":\"https:\\\/\\\/lepatriotebenin.com\\\/#website\"},\"primaryImageOfPage\":{\"@id\":\"https:\\\/\\\/lepatriotebenin.com\\\/index.php\\\/2024\\\/07\\\/05\\\/mercato-steve-mounie-sengage-pour-3-ans-avec-le-club-allemand-augsbourg\\\/#primaryimage\"},\"image\":{\"@id\":\"https:\\\/\\\/lepatriotebenin.com\\\/index.php\\\/2024\\\/07\\\/05\\\/mercato-steve-mounie-sengage-pour-3-ans-avec-le-club-allemand-augsbourg\\\/#primaryimage\"},\"thumbnailUrl\":\"https:\\\/\\\/lepatriotebenin.com\\\/wp-content\\\/uploads\\\/2024\\\/07\\\/mounie.jpeg\",\"datePublished\":\"2024-07-05T13:48:06+00:00\",\"dateModified\":\"2024-07-05T15:56:00+00:00\",\"author\":{\"@id\":\"https:\\\/\\\/lepatriotebenin.com\\\/#\\\/schema\\\/person\\\/4a9b67216c97d04045e01405c534c91f\"},\"breadcrumb\":{\"@id\":\"https:\\\/\\\/lepatriotebenin.com\\\/index.php\\\/2024\\\/07\\\/05\\\/mercato-steve-mounie-sengage-pour-3-ans-avec-le-club-allemand-augsbourg\\\/#breadcrumb\"},\"inLanguage\":\"fr-FR\",\"potentialAction\":[{\"@type\":\"ReadAction\",\"target\":[\"https:\\\/\\\/lepatriotebenin.com\\\/index.php\\\/2024\\\/07\\\/05\\\/mercato-steve-mounie-sengage-pour-3-ans-avec-le-club-allemand-augsbourg\\\/\"]}]},{\"@type\":\"ImageObject\",\"inLanguage\":\"fr-FR\",\"@id\":\"https:\\\/\\\/lepatriotebenin.com\\\/index.php\\\/2024\\\/07\\\/05\\\/mercato-steve-mounie-sengage-pour-3-ans-avec-le-club-allemand-augsbourg\\\/#primaryimage\",\"url\":\"https:\\\/\\\/lepatriotebenin.com\\\/wp-content\\\/uploads\\\/2024\\\/07\\\/mounie.jpeg\",\"contentUrl\":\"https:\\\/\\\/lepatriotebenin.com\\\/wp-content\\\/uploads\\\/2024\\\/07\\\/mounie.jpeg\",\"width\":720,\"height\":900},{\"@type\":\"BreadcrumbList\",\"@id\":\"https:\\\/\\\/lepatriotebenin.com\\\/index.php\\\/2024\\\/07\\\/05\\\/mercato-steve-mounie-sengage-pour-3-ans-avec-le-club-allemand-augsbourg\\\/#breadcrumb\",\"itemListElement\":[{\"@type\":\"ListItem\",\"position\":1,\"name\":\"Accueil\",\"item\":\"https:\\\/\\\/lepatriotebenin.com\\\/\"},{\"@type\":\"ListItem\",\"position\":2,\"name\":\"Mercato : Mouni\u00e9 s\u2019engage avec le club d&rsquo;Augsbourg\"}]},{\"@type\":\"WebSite\",\"@id\":\"https:\\\/\\\/lepatriotebenin.com\\\/#website\",\"url\":\"https:\\\/\\\/lepatriotebenin.com\\\/\",\"name\":\"Le Patriote\",\"description\":\"Le Patriote B\u00e9nin\",\"potentialAction\":[{\"@type\":\"SearchAction\",\"target\":{\"@type\":\"EntryPoint\",\"urlTemplate\":\"https:\\\/\\\/lepatriotebenin.com\\\/?s={search_term_string}\"},\"query-input\":{\"@type\":\"PropertyValueSpecification\",\"valueRequired\":true,\"valueName\":\"search_term_string\"}}],\"inLanguage\":\"fr-FR\"},{\"@type\":\"Person\",\"@id\":\"https:\\\/\\\/lepatriotebenin.com\\\/#\\\/schema\\\/person\\\/4a9b67216c97d04045e01405c534c91f\",\"name\":\"Roland AFFANOU\",\"image\":{\"@type\":\"ImageObject\",\"inLanguage\":\"fr-FR\",\"@id\":\"https:\\\/\\\/secure.gravatar.com\\\/avatar\\\/7209d3f6d2d47ea4d0c67e14d3effb61feb10ae540a4381280c66265de5bd643?s=96&d=mm&r=g\",\"url\":\"https:\\\/\\\/secure.gravatar.com\\\/avatar\\\/7209d3f6d2d47ea4d0c67e14d3effb61feb10ae540a4381280c66265de5bd643?s=96&d=mm&r=g\",\"contentUrl\":\"https:\\\/\\\/secure.gravatar.com\\\/avatar\\\/7209d3f6d2d47ea4d0c67e14d3effb61feb10ae540a4381280c66265de5bd643?s=96&d=mm&r=g\",\"caption\":\"Roland AFFANOU\"},\"url\":\"https:\\\/\\\/lepatriotebenin.com\"}]}<\/script>\n<!-- \/ Yoast SEO plugin. -->","yoast_head_json":{"title":"Mercato : Mouni\u00e9 s\u2019engage avec le club d'Augsbourg - Le Patriote","robots":{"index":"index","follow":"follow","max-snippet":"max-snippet:-1","max-image-preview":"max-image-preview:large","max-video-preview":"max-video-preview:-1"},"canonical":"https:\/\/lepatriotebenin.com\/index.php\/2024\/07\/05\/mercato-steve-mounie-sengage-pour-3-ans-avec-le-club-allemand-augsbourg\/","og_locale":"fr_FR","og_type":"article","og_title":"Mercato : Mouni\u00e9 s\u2019engage avec le club d'Augsbourg - Le Patriote","og_description":"Apr\u00e8s Moussa Latoundji, Moudachirou Amadou et C\u00e8bio Soukou qui ont \u00e9volu\u00e9 dans le Bundesliga, c\u2019est le tour du capitaine des Gu\u00e9pards du B\u00e9nin Steve Mouni\u00e9 de poser ses valises en&hellip;","og_url":"https:\/\/lepatriotebenin.com\/index.php\/2024\/07\/05\/mercato-steve-mounie-sengage-pour-3-ans-avec-le-club-allemand-augsbourg\/","og_site_name":"Le Patriote","article_published_time":"2024-07-05T13:48:06+00:00","article_modified_time":"2024-07-05T15:56:00+00:00","og_image":[{"width":720,"height":900,"url":"https:\/\/lepatriotebenin.com\/wp-content\/uploads\/2024\/07\/mounie.jpeg","type":"image\/jpeg"}],"author":"Roland AFFANOU","twitter_card":"summary_large_image","twitter_misc":{"\u00c9crit par":"Roland AFFANOU","Dur\u00e9e de lecture estim\u00e9e":"1 minute"},"schema":{"@context":"https:\/\/schema.org","@graph":[{"@type":"Article","@id":"https:\/\/lepatriotebenin.com\/index.php\/2024\/07\/05\/mercato-steve-mounie-sengage-pour-3-ans-avec-le-club-allemand-augsbourg\/#article","isPartOf":{"@id":"https:\/\/lepatriotebenin.com\/index.php\/2024\/07\/05\/mercato-steve-mounie-sengage-pour-3-ans-avec-le-club-allemand-augsbourg\/"},"author":{"name":"Roland AFFANOU","@id":"https:\/\/lepatriotebenin.com\/#\/schema\/person\/4a9b67216c97d04045e01405c534c91f"},"headline":"Mercato : Mouni\u00e9 s\u2019engage avec le club d&rsquo;Augsbourg","datePublished":"2024-07-05T13:48:06+00:00","dateModified":"2024-07-05T15:56:00+00:00","mainEntityOfPage":{"@id":"https:\/\/lepatriotebenin.com\/index.php\/2024\/07\/05\/mercato-steve-mounie-sengage-pour-3-ans-avec-le-club-allemand-augsbourg\/"},"wordCount":215,"commentCount":0,"image":{"@id":"https:\/\/lepatriotebenin.com\/index.php\/2024\/07\/05\/mercato-steve-mounie-sengage-pour-3-ans-avec-le-club-allemand-augsbourg\/#primaryimage"},"thumbnailUrl":"https:\/\/lepatriotebenin.com\/wp-content\/uploads\/2024\/07\/mounie.jpeg","articleSection":["Sport"],"inLanguage":"fr-FR","potentialAction":[{"@type":"CommentAction","name":"Comment","target":["https:\/\/lepatriotebenin.com\/index.php\/2024\/07\/05\/mercato-steve-mounie-sengage-pour-3-ans-avec-le-club-allemand-augsbourg\/#respond"]}]},{"@type":"WebPage","@id":"https:\/\/lepatriotebenin.com\/index.php\/2024\/07\/05\/mercato-steve-mounie-sengage-pour-3-ans-avec-le-club-allemand-augsbourg\/","url":"https:\/\/lepatriotebenin.com\/index.php\/2024\/07\/05\/mercato-steve-mounie-sengage-pour-3-ans-avec-le-club-allemand-augsbourg\/","name":"Mercato : Mouni\u00e9 s\u2019engage avec le club d'Augsbourg - Le Patriote","isPartOf":{"@id":"https:\/\/lepatriotebenin.com\/#website"},"primaryImageOfPage":{"@id":"https:\/\/lepatriotebenin.com\/index.php\/2024\/07\/05\/mercato-steve-mounie-sengage-pour-3-ans-avec-le-club-allemand-augsbourg\/#primaryimage"},"image":{"@id":"https:\/\/lepatriotebenin.com\/index.php\/2024\/07\/05\/mercato-steve-mounie-sengage-pour-3-ans-avec-le-club-allemand-augsbourg\/#primaryimage"},"thumbnailUrl":"https:\/\/lepatriotebenin.com\/wp-content\/uploads\/2024\/07\/mounie.jpeg","datePublished":"2024-07-05T13:48:06+00:00","dateModified":"2024-07-05T15:56:00+00:00","author":{"@id":"https:\/\/lepatriotebenin.com\/#\/schema\/person\/4a9b67216c97d04045e01405c534c91f"},"breadcrumb":{"@id":"https:\/\/lepatriotebenin.com\/index.php\/2024\/07\/05\/mercato-steve-mounie-sengage-pour-3-ans-avec-le-club-allemand-augsbourg\/#breadcrumb"},"inLanguage":"fr-FR","potentialAction":[{"@type":"ReadAction","target":["https:\/\/lepatriotebenin.com\/index.php\/2024\/07\/05\/mercato-steve-mounie-sengage-pour-3-ans-avec-le-club-allemand-augsbourg\/"]}]},{"@type":"ImageObject","inLanguage":"fr-FR","@id":"https:\/\/lepatriotebenin.com\/index.php\/2024\/07\/05\/mercato-steve-mounie-sengage-pour-3-ans-avec-le-club-allemand-augsbourg\/#primaryimage","url":"https:\/\/lepatriotebenin.com\/wp-content\/uploads\/2024\/07\/mounie.jpeg","contentUrl":"https:\/\/lepatriotebenin.com\/wp-content\/uploads\/2024\/07\/mounie.jpeg","width":720,"height":900},{"@type":"BreadcrumbList","@id":"https:\/\/lepatriotebenin.com\/index.php\/2024\/07\/05\/mercato-steve-mounie-sengage-pour-3-ans-avec-le-club-allemand-augsbourg\/#breadcrumb","itemListElement":[{"@type":"ListItem","position":1,"name":"Accueil","item":"https:\/\/lepatriotebenin.com\/"},{"@type":"ListItem","position":2,"name":"Mercato : Mouni\u00e9 s\u2019engage avec le club d&rsquo;Augsbourg"}]},{"@type":"WebSite","@id":"https:\/\/lepatriotebenin.com\/#website","url":"https:\/\/lepatriotebenin.com\/","name":"Le Patriote","description":"Le Patriote B\u00e9nin","potentialAction":[{"@type":"SearchAction","target":{"@type":"EntryPoint","urlTemplate":"https:\/\/lepatriotebenin.com\/?s={search_term_string}"},"query-input":{"@type":"PropertyValueSpecification","valueRequired":true,"valueName":"search_term_string"}}],"inLanguage":"fr-FR"},{"@type":"Person","@id":"https:\/\/lepatriotebenin.com\/#\/schema\/person\/4a9b67216c97d04045e01405c534c91f","name":"Roland AFFANOU","image":{"@type":"ImageObject","inLanguage":"fr-FR","@id":"https:\/\/secure.gravatar.com\/avatar\/7209d3f6d2d47ea4d0c67e14d3effb61feb10ae540a4381280c66265de5bd643?s=96&d=mm&r=g","url":"https:\/\/secure.gravatar.com\/avatar\/7209d3f6d2d47ea4d0c67e14d3effb61feb10ae540a4381280c66265de5bd643?s=96&d=mm&r=g","contentUrl":"https:\/\/secure.gravatar.com\/avatar\/7209d3f6d2d47ea4d0c67e14d3effb61feb10ae540a4381280c66265de5bd643?s=96&d=mm&r=g","caption":"Roland AFFANOU"},"url":"https:\/\/lepatriotebenin.com"}]}},"_links":{"self":[{"href":"https:\/\/lepatriotebenin.com\/index.php\/wp-json\/wp\/v2\/posts\/6438","targetHints":{"allow":["GET"]}}],"collection":[{"href":"https:\/\/lepatriotebenin.com\/index.php\/wp-json\/wp\/v2\/posts"}],"about":[{"href":"https:\/\/lepatriotebenin.com\/index.php\/wp-json\/wp\/v2\/types\/post"}],"author":[{"embeddable":true,"href":"https:\/\/lepatriotebenin.com\/index.php\/wp-json\/wp\/v2\/users\/6"}],"replies":[{"embeddable":true,"href":"https:\/\/lepatriotebenin.com\/index.php\/wp-json\/wp\/v2\/comments?post=6438"}],"version-history":[{"count":2,"href":"https:\/\/lepatriotebenin.com\/index.php\/wp-json\/wp\/v2\/posts\/6438\/revisions"}],"predecessor-version":[{"id":6447,"href":"https:\/\/lepatriotebenin.com\/index.php\/wp-json\/wp\/v2\/posts\/6438\/revisions\/6447"}],"wp:featuredmedia":[{"embeddable":true,"href":"https:\/\/lepatriotebenin.com\/index.php\/wp-json\/wp\/v2\/media\/6439"}],"wp:attachment":[{"href":"https:\/\/lepatriotebenin.com\/index.php\/wp-json\/wp\/v2\/media?parent=6438"}],"wp:term":[{"taxonomy":"category","embeddable":true,"href":"https:\/\/lepatriotebenin.com\/index.php\/wp-json\/wp\/v2\/categories?post=6438"},{"taxonomy":"post_tag","embeddable":true,"href":"https:\/\/lepatriotebenin.com\/index.php\/wp-json\/wp\/v2\/tags?post=6438"}],"curies":[{"name":"wp","href":"https:\/\/api.w.org\/{rel}","templated":true}]}}