{"id":6435,"date":"2024-07-05T15:29:31","date_gmt":"2024-07-05T13:29:31","guid":{"rendered":"https:\/\/lepatriotebenin.com\/?p=6435"},"modified":"2024-07-05T15:29:32","modified_gmt":"2024-07-05T13:29:32","slug":"deces-du-jeune-detenu-politique-latif-radji-les-democrates-denoncent-et-exigent-une-enquete-impartiale","status":"publish","type":"post","link":"https:\/\/lepatriotebenin.com\/index.php\/2024\/07\/05\/deces-du-jeune-detenu-politique-latif-radji-les-democrates-denoncent-et-exigent-une-enquete-impartiale\/","title":{"rendered":"D\u00e9c\u00e8s du jeune d\u00e9tenu politique Latif Radji :Les D\u00e9mocrates d\u00e9noncent et exigent une enqu\u00eate impartiale"},"content":{"rendered":"\n<p>Le groupe parlementaire Les D\u00e9mocrates a effectu\u00e9 ce<strong> jeudi 04 Juillet 2024 <\/strong>une d\u00e9claration de presse sur les conditions de d\u00e9c\u00e8s du jeune <strong>Latif Radji. <\/strong>A l\u2019occasion, les d\u00e9put\u00e9s de l\u2019opposition ont d\u00e9nonc\u00e9 les conditions dans lesquelles leur camarade de lutte, arr\u00eat\u00e9 en pleine sant\u00e9 et d\u00e9tenu depuis plusieurs ann\u00e9es pour avoir r\u00e9clam\u00e9 justice et d\u00e9mocratie, est mort. L\u2019horrible image du d\u00e9tenu menott\u00e9 au lit de l\u2019h\u00f4pital jusqu\u2019\u00e0 sa mort a fait le tour des r\u00e9seaux sociaux et la UNE des journaux. <em>\u00ab\u2026le pouvoir de la rupture, une fois encore a accabl\u00e9 notre pays par une image insoutenable, inadmissible et profond\u00e9ment horrifiante. Il s\u2019agit de l&rsquo;image du jeune Latif RADJI, malade, encha\u00een\u00e9 dans un lit d&rsquo;h\u00f4pital jusqu&rsquo;\u00e0 ce que mort s&rsquo;en suive.\u00bb,<\/em> regrette le groupe parlementaire dans sa d\u00e9claration lue par le pr\u00e9sident <strong>Nour\u00e9nou Atchad\u00e9.<\/strong><em> \u00abA travers cette sortie publique, les d\u00e9put\u00e9s du groupe parlementaire LES DEMOCRATES condamnent ce traitement inhumain et fonci\u00e8rement d\u00e9gradant qu&rsquo;a subi jusqu&rsquo;\u00e0 sa mort le compatriote Latif RADJI.\u00bb,<\/em> souligne Nour\u00e9nou Atchad\u00e9 avant d\u2019exiger l\u2019ouverture d&rsquo;une enqu\u00eate impartiale sur les conditions de d\u00e9c\u00e8s du jeune Latif RADJI.<\/p>\n\n\n\n<p><strong>Lire l\u2019int\u00e9gralit\u00e9 de la d\u00e9claration<\/strong><\/p>\n\n\n\n<p><strong>DECLARATION DE PRESSE DU GROUPE PARLEMENTAIRE \u201cLES DEMOCRATES\u201c<\/strong><\/p>\n\n\n\n<p><strong>(au sujet du d\u00e9c\u00e8s du d\u00e9tenu Latif RADJI)<\/strong><\/p>\n\n\n\n<p>Il est universellement reconnu que la prison n\u2019est pas un lieu de soin, et de ce fait, le maintien en d\u00e9tention d\u2019une personne gravement malade pose un probl\u00e8me au regard de l\u2019exigence de respect de la dignit\u00e9 des personnes d\u00e9tenues.<\/p>\n\n\n\n<p>L\u2019article 8 de la constitution du B\u00e9nin nous enseigne : je cite<\/p>\n\n\n\n<p>\u201c La personne humaine est sacr\u00e9e et inviolable.<\/p>\n\n\n\n<p>L\u2019\u00c9tat a l\u2019obligation absolue de la respecter et de la prot\u00e9ger. Il lui garantit un plein \u00e9panouissement. A cet effet, il assure \u00e0 ses citoyens l\u2019\u00e9gal acc\u00e8s \u00e0 la sant\u00e9, \u00e0 l\u2019\u00e9ducation, \u00e0 la culture, \u00e0 l\u2019information, \u00e0 la formation professionnelle et \u00e0 l\u2019emploi. \u201c fin de citation<\/p>\n\n\n\n<p>Et l\u2019article 18 de la m\u00eame constitution dispose : je cite<\/p>\n\n\n\n<p>\u201c Nul n\u2019a le droit d\u2019emp\u00eacher un d\u00e9tenu ou un pr\u00e9venu de se faire examiner par un m\u00e9decin de son choix. \u201c fin de citation<\/p>\n\n\n\n<p>La sacralit\u00e9 de la vie humaine signifie dans sa version positive, que la vie humaine a une valeur sp\u00e9ciale et qu\u2019elle m\u00e9rite et doit \u00eatre prot\u00e9g\u00e9e et respect\u00e9e ; et dans sa version n\u00e9gative, elle ne peut \u00eatre prise sans ad\u00e9quate justification.<\/p>\n\n\n\n<p>Il est aussi universellement reconnu qu\u2019une personne d\u00e9tenue ne devrait pas \u00eatre maintenue dans les liens de d\u00e9tention si son pronostic vital est engag\u00e9 ou si son \u00e9tat de sant\u00e9 physique ou mental est durablement incompatible avec la prison.<\/p>\n\n\n\n<p>Tous ces enseignements semblent \u00e9chapp\u00e9s aux barons de notre gouvernement.<\/p>\n\n\n\n<p>Voil\u00e0 certainement pourquoi le pouvoir de la rupture, une fois encore a accabl\u00e9 notre pays par une image insoutenable, inadmissible et profond\u00e9ment horrifiante. Il s\u2019agit de l&rsquo;image du jeune Latif RADJI, malade, encha\u00een\u00e9 dans un lit d&rsquo;h\u00f4pital jusqu&rsquo;\u00e0 ce que mort s&rsquo;en suive.<\/p>\n\n\n\n<p>Et dire que cela se passe dans un pays d\u00e9mocratique, on en est plus encore choqu\u00e9, r\u00e9pugn\u00e9 et profond\u00e9ment r\u00e9volt\u00e9.<\/p>\n\n\n\n<p>Le compatriote Latif RADJI \u00e9tait bien portant et ne faisait l\u2019objet d\u2019aucune pathologie au moment o\u00f9 il a \u00e9t\u00e9 arr\u00eat\u00e9 dans le lot des prisonniers politiques, pour avoir r\u00e9clam\u00e9 des \u00e9lections \u00e9quitables dans son pays. C\u2019\u00e9tait un jeune \u00e9tudiant plein de vie.<\/p>\n\n\n\n<p>Latif RADJI est donc mort en martyr pour la d\u00e9mocratie et les libert\u00e9s fondamentales et m\u00e9rite \u00e0 ce titre sa place dans nos c\u0153urs que dans le panth\u00e9on de notre histoire, aux c\u00f4t\u00e9s des victimes de Cadj\u00e8houn, d\u2019Abomey-Calavi, de Sav\u00e8, de Tchaourou, de Kilibo, de Bant\u00e8 qui ont froidement p\u00e9ri sous les balles assassines de la rupture.<\/p>\n\n\n\n<p>Le r\u00e9gime du Pr\u00e9sident Patrice TALON est connu pour \u00eatre un pouvoir sans foi ni loi, mais aussi crapuleusement et de plus en plus, et \u00e0 travers ses tristes faits d&rsquo;armes, il s&rsquo;illustre comme un pouvoir cruel et sans c\u0153ur.<\/p>\n\n\n\n<p>\u2022&nbsp;&nbsp;&nbsp;&nbsp;&nbsp;&nbsp;&nbsp;&nbsp;&nbsp;&nbsp;&nbsp;&nbsp;&nbsp; Il faut \u00eatre un pouvoir cruel et sans c\u0153ur, pour priver un pensionnaire carc\u00e9ral malade, de soins appropri\u00e9s jusqu&rsquo;\u00e0 l&rsquo;aggravation du tableau clinique.<\/p>\n\n\n\n<p>\u2022&nbsp;&nbsp;&nbsp;&nbsp;&nbsp;&nbsp;&nbsp;&nbsp;&nbsp;&nbsp;&nbsp;&nbsp;&nbsp; Il faut \u00eatre un pouvoir cruel et sans c\u0153ur pour garder encha\u00een\u00e9 et sous assistance respiratoire, un prisonnier malade dans un lit d&rsquo;h\u00f4pital, alors que le pronostic vital de ce dernier est engag\u00e9.<\/p>\n\n\n\n<p>\u2022&nbsp;&nbsp;&nbsp;&nbsp;&nbsp;&nbsp;&nbsp;&nbsp;&nbsp;&nbsp;&nbsp;&nbsp;&nbsp; Il faut \u00eatre un pouvoir cruel et sans c\u0153ur pour maintenir encha\u00een\u00e9 dans un lit d&rsquo;h\u00f4pital un prisonnier malade jusqu&rsquo;\u00e0 ce qu&rsquo;il passe de vie \u00e0 tr\u00e9pas dans l&rsquo;humiliation et surtout l&rsquo;indignit\u00e9.<\/p>\n\n\n\n<p>A travers cette sortie publique, les d\u00e9put\u00e9s du groupe parlementaire LES DEMOCRATES condamnent ce traitement inhumain et fonci\u00e8rement d\u00e9gradant qu&rsquo;a subi jusqu&rsquo;\u00e0 sa mort le compatriote Latif RADJI.<\/p>\n\n\n\n<p>Les d\u00e9put\u00e9s du groupe parlementaire LES DEMOCRATES d\u00e9noncent cette d\u00e9shumanisation de notre pays depuis 2016 et r\u00e9it\u00e8re l&rsquo;exigence d&rsquo;une ouverture d&rsquo;enqu\u00eate impartiale sur les conditions de d\u00e9c\u00e8s de notre compatriote Latif RADJI.<\/p>\n\n\n\n<p>Sur toute la ligne, de la maison d\u2019arr\u00eat au sommet du minist\u00e8re de la justice en passant par son lieu de garde-\u00e0-vue et la juridiction qui a connu de son dossier, les responsabilit\u00e9s doivent \u00eatre situ\u00e9es et les fautifs, ch\u00e2ti\u00e9s \u00e0 la hauteur de leur forfait.<\/p>\n\n\n\n<p>Les d\u00e9put\u00e9s du groupe parlementaire LES DEMOCRATES attirent une fois encore l&rsquo;attention de l&rsquo;opinion publique nationale et internationale sur l&rsquo;enfer \u00e0 ciel ouvert qu&rsquo;est devenu le B\u00e9nin du Nouveau D\u00e9part.<\/p>\n\n\n\n<p><strong>Nos profondes compassions aux familles \u00e9plor\u00e9es et paix \u00e0 l&rsquo;\u00e2me\u00a0du\u00a0d\u00e9funt<\/strong><\/p>\n","protected":false},"excerpt":{"rendered":"<p>Le groupe parlementaire Les D\u00e9mocrates a effectu\u00e9 ce jeudi 04 Juillet 2024 une d\u00e9claration de presse sur les conditions de d\u00e9c\u00e8s du jeune Latif Radji. A l\u2019occasion, les d\u00e9put\u00e9s de&hellip;<\/p>\n","protected":false},"author":5,"featured_media":6436,"comment_status":"open","ping_status":"open","sticky":false,"template":"","format":"standard","meta":{"content-type":"","om_disable_all_campaigns":false,"_monsterinsights_skip_tracking":false,"_monsterinsights_sitenote_active":false,"_monsterinsights_sitenote_note":"","_monsterinsights_sitenote_category":0,"_uf_show_specific_survey":0,"_uf_disable_surveys":false,"footnotes":""},"categories":[26],"tags":[],"class_list":["post-6435","post","type-post","status-publish","format-standard","has-post-thumbnail","hentry","category-politique"],"aioseo_notices":[],"yoast_head":"<!-- This site is optimized with the Yoast SEO plugin v27.5 - https:\/\/yoast.com\/product\/yoast-seo-wordpress\/ -->\n<title>D\u00e9c\u00e8s du jeune d\u00e9tenu politique Latif Radji :Les D\u00e9mocrates d\u00e9noncent et exigent une enqu\u00eate impartiale - Le Patriote<\/title>\n<meta name=\"robots\" content=\"index, follow, max-snippet:-1, max-image-preview:large, max-video-preview:-1\" \/>\n<link rel=\"canonical\" href=\"https:\/\/lepatriotebenin.com\/index.php\/2024\/07\/05\/deces-du-jeune-detenu-politique-latif-radji-les-democrates-denoncent-et-exigent-une-enquete-impartiale\/\" \/>\n<meta property=\"og:locale\" content=\"fr_FR\" \/>\n<meta property=\"og:type\" content=\"article\" \/>\n<meta property=\"og:title\" content=\"D\u00e9c\u00e8s du jeune d\u00e9tenu politique Latif Radji :Les D\u00e9mocrates d\u00e9noncent et exigent une enqu\u00eate impartiale - Le Patriote\" \/>\n<meta property=\"og:description\" content=\"Le groupe parlementaire Les D\u00e9mocrates a effectu\u00e9 ce jeudi 04 Juillet 2024 une d\u00e9claration de presse sur les conditions de d\u00e9c\u00e8s du jeune Latif Radji. A l\u2019occasion, les d\u00e9put\u00e9s de&hellip;\" \/>\n<meta property=\"og:url\" content=\"https:\/\/lepatriotebenin.com\/index.php\/2024\/07\/05\/deces-du-jeune-detenu-politique-latif-radji-les-democrates-denoncent-et-exigent-une-enquete-impartiale\/\" \/>\n<meta property=\"og:site_name\" content=\"Le Patriote\" \/>\n<meta property=\"article:published_time\" content=\"2024-07-05T13:29:31+00:00\" \/>\n<meta property=\"article:modified_time\" content=\"2024-07-05T13:29:32+00:00\" \/>\n<meta property=\"og:image\" content=\"https:\/\/lepatriotebenin.com\/wp-content\/uploads\/2024\/07\/democrates-1.jpg\" \/>\n\t<meta property=\"og:image:width\" content=\"945\" \/>\n\t<meta property=\"og:image:height\" content=\"629\" \/>\n\t<meta property=\"og:image:type\" content=\"image\/jpeg\" \/>\n<meta name=\"author\" content=\"Redaction\" \/>\n<meta name=\"twitter:card\" content=\"summary_large_image\" \/>\n<meta name=\"twitter:label1\" content=\"\u00c9crit par\" \/>\n\t<meta name=\"twitter:data1\" content=\"Redaction\" \/>\n\t<meta name=\"twitter:label2\" content=\"Dur\u00e9e de lecture estim\u00e9e\" \/>\n\t<meta name=\"twitter:data2\" content=\"5 minutes\" \/>\n<script type=\"application\/ld+json\" class=\"yoast-schema-graph\">{\"@context\":\"https:\\\/\\\/schema.org\",\"@graph\":[{\"@type\":\"Article\",\"@id\":\"https:\\\/\\\/lepatriotebenin.com\\\/index.php\\\/2024\\\/07\\\/05\\\/deces-du-jeune-detenu-politique-latif-radji-les-democrates-denoncent-et-exigent-une-enquete-impartiale\\\/#article\",\"isPartOf\":{\"@id\":\"https:\\\/\\\/lepatriotebenin.com\\\/index.php\\\/2024\\\/07\\\/05\\\/deces-du-jeune-detenu-politique-latif-radji-les-democrates-denoncent-et-exigent-une-enquete-impartiale\\\/\"},\"author\":{\"name\":\"Redaction\",\"@id\":\"https:\\\/\\\/lepatriotebenin.com\\\/#\\\/schema\\\/person\\\/2e7709b9c9cc313e452d1136af61690f\"},\"headline\":\"D\u00e9c\u00e8s du jeune d\u00e9tenu politique Latif Radji :Les D\u00e9mocrates d\u00e9noncent et exigent une enqu\u00eate impartiale\",\"datePublished\":\"2024-07-05T13:29:31+00:00\",\"dateModified\":\"2024-07-05T13:29:32+00:00\",\"mainEntityOfPage\":{\"@id\":\"https:\\\/\\\/lepatriotebenin.com\\\/index.php\\\/2024\\\/07\\\/05\\\/deces-du-jeune-detenu-politique-latif-radji-les-democrates-denoncent-et-exigent-une-enquete-impartiale\\\/\"},\"wordCount\":1077,\"commentCount\":0,\"image\":{\"@id\":\"https:\\\/\\\/lepatriotebenin.com\\\/index.php\\\/2024\\\/07\\\/05\\\/deces-du-jeune-detenu-politique-latif-radji-les-democrates-denoncent-et-exigent-une-enquete-impartiale\\\/#primaryimage\"},\"thumbnailUrl\":\"https:\\\/\\\/lepatriotebenin.com\\\/wp-content\\\/uploads\\\/2024\\\/07\\\/democrates-1.jpg\",\"articleSection\":[\"Politique\"],\"inLanguage\":\"fr-FR\",\"potentialAction\":[{\"@type\":\"CommentAction\",\"name\":\"Comment\",\"target\":[\"https:\\\/\\\/lepatriotebenin.com\\\/index.php\\\/2024\\\/07\\\/05\\\/deces-du-jeune-detenu-politique-latif-radji-les-democrates-denoncent-et-exigent-une-enquete-impartiale\\\/#respond\"]}]},{\"@type\":\"WebPage\",\"@id\":\"https:\\\/\\\/lepatriotebenin.com\\\/index.php\\\/2024\\\/07\\\/05\\\/deces-du-jeune-detenu-politique-latif-radji-les-democrates-denoncent-et-exigent-une-enquete-impartiale\\\/\",\"url\":\"https:\\\/\\\/lepatriotebenin.com\\\/index.php\\\/2024\\\/07\\\/05\\\/deces-du-jeune-detenu-politique-latif-radji-les-democrates-denoncent-et-exigent-une-enquete-impartiale\\\/\",\"name\":\"D\u00e9c\u00e8s du jeune d\u00e9tenu politique Latif Radji :Les D\u00e9mocrates d\u00e9noncent et exigent une enqu\u00eate impartiale - Le Patriote\",\"isPartOf\":{\"@id\":\"https:\\\/\\\/lepatriotebenin.com\\\/#website\"},\"primaryImageOfPage\":{\"@id\":\"https:\\\/\\\/lepatriotebenin.com\\\/index.php\\\/2024\\\/07\\\/05\\\/deces-du-jeune-detenu-politique-latif-radji-les-democrates-denoncent-et-exigent-une-enquete-impartiale\\\/#primaryimage\"},\"image\":{\"@id\":\"https:\\\/\\\/lepatriotebenin.com\\\/index.php\\\/2024\\\/07\\\/05\\\/deces-du-jeune-detenu-politique-latif-radji-les-democrates-denoncent-et-exigent-une-enquete-impartiale\\\/#primaryimage\"},\"thumbnailUrl\":\"https:\\\/\\\/lepatriotebenin.com\\\/wp-content\\\/uploads\\\/2024\\\/07\\\/democrates-1.jpg\",\"datePublished\":\"2024-07-05T13:29:31+00:00\",\"dateModified\":\"2024-07-05T13:29:32+00:00\",\"author\":{\"@id\":\"https:\\\/\\\/lepatriotebenin.com\\\/#\\\/schema\\\/person\\\/2e7709b9c9cc313e452d1136af61690f\"},\"breadcrumb\":{\"@id\":\"https:\\\/\\\/lepatriotebenin.com\\\/index.php\\\/2024\\\/07\\\/05\\\/deces-du-jeune-detenu-politique-latif-radji-les-democrates-denoncent-et-exigent-une-enquete-impartiale\\\/#breadcrumb\"},\"inLanguage\":\"fr-FR\",\"potentialAction\":[{\"@type\":\"ReadAction\",\"target\":[\"https:\\\/\\\/lepatriotebenin.com\\\/index.php\\\/2024\\\/07\\\/05\\\/deces-du-jeune-detenu-politique-latif-radji-les-democrates-denoncent-et-exigent-une-enquete-impartiale\\\/\"]}]},{\"@type\":\"ImageObject\",\"inLanguage\":\"fr-FR\",\"@id\":\"https:\\\/\\\/lepatriotebenin.com\\\/index.php\\\/2024\\\/07\\\/05\\\/deces-du-jeune-detenu-politique-latif-radji-les-democrates-denoncent-et-exigent-une-enquete-impartiale\\\/#primaryimage\",\"url\":\"https:\\\/\\\/lepatriotebenin.com\\\/wp-content\\\/uploads\\\/2024\\\/07\\\/democrates-1.jpg\",\"contentUrl\":\"https:\\\/\\\/lepatriotebenin.com\\\/wp-content\\\/uploads\\\/2024\\\/07\\\/democrates-1.jpg\",\"width\":945,\"height\":629},{\"@type\":\"BreadcrumbList\",\"@id\":\"https:\\\/\\\/lepatriotebenin.com\\\/index.php\\\/2024\\\/07\\\/05\\\/deces-du-jeune-detenu-politique-latif-radji-les-democrates-denoncent-et-exigent-une-enquete-impartiale\\\/#breadcrumb\",\"itemListElement\":[{\"@type\":\"ListItem\",\"position\":1,\"name\":\"Accueil\",\"item\":\"https:\\\/\\\/lepatriotebenin.com\\\/\"},{\"@type\":\"ListItem\",\"position\":2,\"name\":\"D\u00e9c\u00e8s du jeune d\u00e9tenu politique Latif Radji :Les D\u00e9mocrates d\u00e9noncent et exigent une enqu\u00eate impartiale\"}]},{\"@type\":\"WebSite\",\"@id\":\"https:\\\/\\\/lepatriotebenin.com\\\/#website\",\"url\":\"https:\\\/\\\/lepatriotebenin.com\\\/\",\"name\":\"Le Patriote\",\"description\":\"Le Patriote B\u00e9nin\",\"potentialAction\":[{\"@type\":\"SearchAction\",\"target\":{\"@type\":\"EntryPoint\",\"urlTemplate\":\"https:\\\/\\\/lepatriotebenin.com\\\/?s={search_term_string}\"},\"query-input\":{\"@type\":\"PropertyValueSpecification\",\"valueRequired\":true,\"valueName\":\"search_term_string\"}}],\"inLanguage\":\"fr-FR\"},{\"@type\":\"Person\",\"@id\":\"https:\\\/\\\/lepatriotebenin.com\\\/#\\\/schema\\\/person\\\/2e7709b9c9cc313e452d1136af61690f\",\"name\":\"Redaction\",\"image\":{\"@type\":\"ImageObject\",\"inLanguage\":\"fr-FR\",\"@id\":\"https:\\\/\\\/secure.gravatar.com\\\/avatar\\\/c4c509357859ea2ca2cbb6d8812898a73e4ef1ef9934c2e591d7e32face734d1?s=96&d=mm&r=g\",\"url\":\"https:\\\/\\\/secure.gravatar.com\\\/avatar\\\/c4c509357859ea2ca2cbb6d8812898a73e4ef1ef9934c2e591d7e32face734d1?s=96&d=mm&r=g\",\"contentUrl\":\"https:\\\/\\\/secure.gravatar.com\\\/avatar\\\/c4c509357859ea2ca2cbb6d8812898a73e4ef1ef9934c2e591d7e32face734d1?s=96&d=mm&r=g\",\"caption\":\"Redaction\"},\"url\":\"https:\\\/\\\/lepatriotebenin.com\"}]}<\/script>\n<!-- \/ Yoast SEO plugin. -->","yoast_head_json":{"title":"D\u00e9c\u00e8s du jeune d\u00e9tenu politique Latif Radji :Les D\u00e9mocrates d\u00e9noncent et exigent une enqu\u00eate impartiale - Le Patriote","robots":{"index":"index","follow":"follow","max-snippet":"max-snippet:-1","max-image-preview":"max-image-preview:large","max-video-preview":"max-video-preview:-1"},"canonical":"https:\/\/lepatriotebenin.com\/index.php\/2024\/07\/05\/deces-du-jeune-detenu-politique-latif-radji-les-democrates-denoncent-et-exigent-une-enquete-impartiale\/","og_locale":"fr_FR","og_type":"article","og_title":"D\u00e9c\u00e8s du jeune d\u00e9tenu politique Latif Radji :Les D\u00e9mocrates d\u00e9noncent et exigent une enqu\u00eate impartiale - Le Patriote","og_description":"Le groupe parlementaire Les D\u00e9mocrates a effectu\u00e9 ce jeudi 04 Juillet 2024 une d\u00e9claration de presse sur les conditions de d\u00e9c\u00e8s du jeune Latif Radji. A l\u2019occasion, les d\u00e9put\u00e9s de&hellip;","og_url":"https:\/\/lepatriotebenin.com\/index.php\/2024\/07\/05\/deces-du-jeune-detenu-politique-latif-radji-les-democrates-denoncent-et-exigent-une-enquete-impartiale\/","og_site_name":"Le Patriote","article_published_time":"2024-07-05T13:29:31+00:00","article_modified_time":"2024-07-05T13:29:32+00:00","og_image":[{"width":945,"height":629,"url":"https:\/\/lepatriotebenin.com\/wp-content\/uploads\/2024\/07\/democrates-1.jpg","type":"image\/jpeg"}],"author":"Redaction","twitter_card":"summary_large_image","twitter_misc":{"\u00c9crit par":"Redaction","Dur\u00e9e de lecture estim\u00e9e":"5 minutes"},"schema":{"@context":"https:\/\/schema.org","@graph":[{"@type":"Article","@id":"https:\/\/lepatriotebenin.com\/index.php\/2024\/07\/05\/deces-du-jeune-detenu-politique-latif-radji-les-democrates-denoncent-et-exigent-une-enquete-impartiale\/#article","isPartOf":{"@id":"https:\/\/lepatriotebenin.com\/index.php\/2024\/07\/05\/deces-du-jeune-detenu-politique-latif-radji-les-democrates-denoncent-et-exigent-une-enquete-impartiale\/"},"author":{"name":"Redaction","@id":"https:\/\/lepatriotebenin.com\/#\/schema\/person\/2e7709b9c9cc313e452d1136af61690f"},"headline":"D\u00e9c\u00e8s du jeune d\u00e9tenu politique Latif Radji :Les D\u00e9mocrates d\u00e9noncent et exigent une enqu\u00eate impartiale","datePublished":"2024-07-05T13:29:31+00:00","dateModified":"2024-07-05T13:29:32+00:00","mainEntityOfPage":{"@id":"https:\/\/lepatriotebenin.com\/index.php\/2024\/07\/05\/deces-du-jeune-detenu-politique-latif-radji-les-democrates-denoncent-et-exigent-une-enquete-impartiale\/"},"wordCount":1077,"commentCount":0,"image":{"@id":"https:\/\/lepatriotebenin.com\/index.php\/2024\/07\/05\/deces-du-jeune-detenu-politique-latif-radji-les-democrates-denoncent-et-exigent-une-enquete-impartiale\/#primaryimage"},"thumbnailUrl":"https:\/\/lepatriotebenin.com\/wp-content\/uploads\/2024\/07\/democrates-1.jpg","articleSection":["Politique"],"inLanguage":"fr-FR","potentialAction":[{"@type":"CommentAction","name":"Comment","target":["https:\/\/lepatriotebenin.com\/index.php\/2024\/07\/05\/deces-du-jeune-detenu-politique-latif-radji-les-democrates-denoncent-et-exigent-une-enquete-impartiale\/#respond"]}]},{"@type":"WebPage","@id":"https:\/\/lepatriotebenin.com\/index.php\/2024\/07\/05\/deces-du-jeune-detenu-politique-latif-radji-les-democrates-denoncent-et-exigent-une-enquete-impartiale\/","url":"https:\/\/lepatriotebenin.com\/index.php\/2024\/07\/05\/deces-du-jeune-detenu-politique-latif-radji-les-democrates-denoncent-et-exigent-une-enquete-impartiale\/","name":"D\u00e9c\u00e8s du jeune d\u00e9tenu politique Latif Radji :Les D\u00e9mocrates d\u00e9noncent et exigent une enqu\u00eate impartiale - Le Patriote","isPartOf":{"@id":"https:\/\/lepatriotebenin.com\/#website"},"primaryImageOfPage":{"@id":"https:\/\/lepatriotebenin.com\/index.php\/2024\/07\/05\/deces-du-jeune-detenu-politique-latif-radji-les-democrates-denoncent-et-exigent-une-enquete-impartiale\/#primaryimage"},"image":{"@id":"https:\/\/lepatriotebenin.com\/index.php\/2024\/07\/05\/deces-du-jeune-detenu-politique-latif-radji-les-democrates-denoncent-et-exigent-une-enquete-impartiale\/#primaryimage"},"thumbnailUrl":"https:\/\/lepatriotebenin.com\/wp-content\/uploads\/2024\/07\/democrates-1.jpg","datePublished":"2024-07-05T13:29:31+00:00","dateModified":"2024-07-05T13:29:32+00:00","author":{"@id":"https:\/\/lepatriotebenin.com\/#\/schema\/person\/2e7709b9c9cc313e452d1136af61690f"},"breadcrumb":{"@id":"https:\/\/lepatriotebenin.com\/index.php\/2024\/07\/05\/deces-du-jeune-detenu-politique-latif-radji-les-democrates-denoncent-et-exigent-une-enquete-impartiale\/#breadcrumb"},"inLanguage":"fr-FR","potentialAction":[{"@type":"ReadAction","target":["https:\/\/lepatriotebenin.com\/index.php\/2024\/07\/05\/deces-du-jeune-detenu-politique-latif-radji-les-democrates-denoncent-et-exigent-une-enquete-impartiale\/"]}]},{"@type":"ImageObject","inLanguage":"fr-FR","@id":"https:\/\/lepatriotebenin.com\/index.php\/2024\/07\/05\/deces-du-jeune-detenu-politique-latif-radji-les-democrates-denoncent-et-exigent-une-enquete-impartiale\/#primaryimage","url":"https:\/\/lepatriotebenin.com\/wp-content\/uploads\/2024\/07\/democrates-1.jpg","contentUrl":"https:\/\/lepatriotebenin.com\/wp-content\/uploads\/2024\/07\/democrates-1.jpg","width":945,"height":629},{"@type":"BreadcrumbList","@id":"https:\/\/lepatriotebenin.com\/index.php\/2024\/07\/05\/deces-du-jeune-detenu-politique-latif-radji-les-democrates-denoncent-et-exigent-une-enquete-impartiale\/#breadcrumb","itemListElement":[{"@type":"ListItem","position":1,"name":"Accueil","item":"https:\/\/lepatriotebenin.com\/"},{"@type":"ListItem","position":2,"name":"D\u00e9c\u00e8s du jeune d\u00e9tenu politique Latif Radji :Les D\u00e9mocrates d\u00e9noncent et exigent une enqu\u00eate impartiale"}]},{"@type":"WebSite","@id":"https:\/\/lepatriotebenin.com\/#website","url":"https:\/\/lepatriotebenin.com\/","name":"Le Patriote","description":"Le Patriote B\u00e9nin","potentialAction":[{"@type":"SearchAction","target":{"@type":"EntryPoint","urlTemplate":"https:\/\/lepatriotebenin.com\/?s={search_term_string}"},"query-input":{"@type":"PropertyValueSpecification","valueRequired":true,"valueName":"search_term_string"}}],"inLanguage":"fr-FR"},{"@type":"Person","@id":"https:\/\/lepatriotebenin.com\/#\/schema\/person\/2e7709b9c9cc313e452d1136af61690f","name":"Redaction","image":{"@type":"ImageObject","inLanguage":"fr-FR","@id":"https:\/\/secure.gravatar.com\/avatar\/c4c509357859ea2ca2cbb6d8812898a73e4ef1ef9934c2e591d7e32face734d1?s=96&d=mm&r=g","url":"https:\/\/secure.gravatar.com\/avatar\/c4c509357859ea2ca2cbb6d8812898a73e4ef1ef9934c2e591d7e32face734d1?s=96&d=mm&r=g","contentUrl":"https:\/\/secure.gravatar.com\/avatar\/c4c509357859ea2ca2cbb6d8812898a73e4ef1ef9934c2e591d7e32face734d1?s=96&d=mm&r=g","caption":"Redaction"},"url":"https:\/\/lepatriotebenin.com"}]}},"_links":{"self":[{"href":"https:\/\/lepatriotebenin.com\/index.php\/wp-json\/wp\/v2\/posts\/6435","targetHints":{"allow":["GET"]}}],"collection":[{"href":"https:\/\/lepatriotebenin.com\/index.php\/wp-json\/wp\/v2\/posts"}],"about":[{"href":"https:\/\/lepatriotebenin.com\/index.php\/wp-json\/wp\/v2\/types\/post"}],"author":[{"embeddable":true,"href":"https:\/\/lepatriotebenin.com\/index.php\/wp-json\/wp\/v2\/users\/5"}],"replies":[{"embeddable":true,"href":"https:\/\/lepatriotebenin.com\/index.php\/wp-json\/wp\/v2\/comments?post=6435"}],"version-history":[{"count":1,"href":"https:\/\/lepatriotebenin.com\/index.php\/wp-json\/wp\/v2\/posts\/6435\/revisions"}],"predecessor-version":[{"id":6437,"href":"https:\/\/lepatriotebenin.com\/index.php\/wp-json\/wp\/v2\/posts\/6435\/revisions\/6437"}],"wp:featuredmedia":[{"embeddable":true,"href":"https:\/\/lepatriotebenin.com\/index.php\/wp-json\/wp\/v2\/media\/6436"}],"wp:attachment":[{"href":"https:\/\/lepatriotebenin.com\/index.php\/wp-json\/wp\/v2\/media?parent=6435"}],"wp:term":[{"taxonomy":"category","embeddable":true,"href":"https:\/\/lepatriotebenin.com\/index.php\/wp-json\/wp\/v2\/categories?post=6435"},{"taxonomy":"post_tag","embeddable":true,"href":"https:\/\/lepatriotebenin.com\/index.php\/wp-json\/wp\/v2\/tags?post=6435"}],"curies":[{"name":"wp","href":"https:\/\/api.w.org\/{rel}","templated":true}]}}