{"id":6429,"date":"2024-07-05T13:16:28","date_gmt":"2024-07-05T11:16:28","guid":{"rendered":"https:\/\/lepatriotebenin.com\/?p=6429"},"modified":"2024-07-05T13:16:29","modified_gmt":"2024-07-05T11:16:29","slug":"bepc-2024-les-resultats-prevus-pour-le-lundi-prochain","status":"publish","type":"post","link":"https:\/\/lepatriotebenin.com\/index.php\/2024\/07\/05\/bepc-2024-les-resultats-prevus-pour-le-lundi-prochain\/","title":{"rendered":"BEPC 2024 : Les r\u00e9sultats pr\u00e9vus pour le lundi prochain"},"content":{"rendered":"\n<p>&nbsp;Initialement annonc\u00e9e pour ce <strong>vendredi 05 juillet 2024,<\/strong> la d\u00e9lib\u00e9ration suivie de la proclamation des r\u00e9sultats de l\u2019examen du Brevet d\u2019\u00e9tudes du premier cycle (Bepc), session de juin 2024 &nbsp;&nbsp;aura effectivement lieu le <strong>lundi 08 juillet 2024.<\/strong><\/p>\n\n\n\n<p>&nbsp;<em>\u00ab&nbsp;En effet, conform\u00e9ment aux pr\u00e9visions du calendrier de gestion des t\u00e2ches et activit\u00e9s de l\u2019examen du BEPC, session de juin 2024 sign\u00e9 le 31 mai 2024, la d\u00e9lib\u00e9ration nationale de l\u2019admissibilit\u00e9 aura lieu le lundi 08 juillet 2024, dans la salle CODIR du Minist\u00e8re des Enseignements Secondaire, Technique et de la Formation Professionnelle \u00e0 Cotonou. Cette d\u00e9lib\u00e9ration sera suivie de la proclamation devant les m\u00e9dias. Comme pour les ann\u00e9es ant\u00e9rieures, les r\u00e9sultats seront imm\u00e9diatement disponibles sur les plateformes eResultats (&nbsp;<a href=\"https:\/\/www.eresultats.bj\/\">https:\/\/www.eresultats.bj<\/a>) et EducMaster&nbsp;<a href=\"http:\/\/(http\/dec.educmaster.bj\">(http:\/\/dec.educmaster.bj<\/a>&nbsp;).<\/em><\/p>\n\n\n\n<p><em>Les Directions D\u00e9partementales feront proclamer, le mardi 09 juillet 2024, lesdits r\u00e9sultats d\u2019admissibilit\u00e9 dans leurs d\u00e9partements respectifs et les \u00e9preuves orales et sportives d\u00e9buteront le mercredi 10 juillet 2024, \u00e0 partir de 07h 00 sur tout le territoire national<\/em>&nbsp;\u00bb renseigne le point focal communication du minist\u00e8re de l\u2019enseignement secondaire, technique et de la formation professionnelle. Il faut rappeler que <strong>124.860<\/strong>&nbsp;candidats inscrits au plan national dont&nbsp;<strong>61696&nbsp;<\/strong>filles et&nbsp;<strong>63164&nbsp;<\/strong>gar\u00e7ons ont compos\u00e9 sur toute l\u2019\u00e9tendue du territoire national pour la phase \u00e9crite du <strong>lundi 10 au mercredi 12 juin 2024 <\/strong>pour l\u2019examen du Brevet d\u2019\u00e9tudes du premier cycle (Bepc), session de juin 2024.&nbsp;<\/p>\n","protected":false},"excerpt":{"rendered":"<p>&nbsp;Initialement annonc\u00e9e pour ce vendredi 05 juillet 2024, la d\u00e9lib\u00e9ration suivie de la proclamation des r\u00e9sultats de l\u2019examen du Brevet d\u2019\u00e9tudes du premier cycle (Bepc), session de juin 2024 &nbsp;&nbsp;aura&hellip;<\/p>\n","protected":false},"author":6,"featured_media":6430,"comment_status":"open","ping_status":"open","sticky":false,"template":"","format":"standard","meta":{"content-type":"","om_disable_all_campaigns":false,"_monsterinsights_skip_tracking":false,"_monsterinsights_sitenote_active":false,"_monsterinsights_sitenote_note":"","_monsterinsights_sitenote_category":0,"_uf_show_specific_survey":0,"_uf_disable_surveys":false,"footnotes":""},"categories":[20],"tags":[],"class_list":["post-6429","post","type-post","status-publish","format-standard","has-post-thumbnail","hentry","category-societe"],"aioseo_notices":[],"yoast_head":"<!-- This site is optimized with the Yoast SEO plugin v27.5 - https:\/\/yoast.com\/product\/yoast-seo-wordpress\/ -->\n<title>BEPC 2024 : Les r\u00e9sultats pr\u00e9vus pour le lundi prochain - Le Patriote<\/title>\n<meta name=\"robots\" content=\"index, follow, max-snippet:-1, max-image-preview:large, max-video-preview:-1\" \/>\n<link rel=\"canonical\" href=\"https:\/\/lepatriotebenin.com\/index.php\/2024\/07\/05\/bepc-2024-les-resultats-prevus-pour-le-lundi-prochain\/\" \/>\n<meta property=\"og:locale\" content=\"fr_FR\" \/>\n<meta property=\"og:type\" content=\"article\" \/>\n<meta property=\"og:title\" content=\"BEPC 2024 : Les r\u00e9sultats pr\u00e9vus pour le lundi prochain - Le Patriote\" \/>\n<meta property=\"og:description\" content=\"&nbsp;Initialement annonc\u00e9e pour ce vendredi 05 juillet 2024, la d\u00e9lib\u00e9ration suivie de la proclamation des r\u00e9sultats de l\u2019examen du Brevet d\u2019\u00e9tudes du premier cycle (Bepc), session de juin 2024 &nbsp;&nbsp;aura&hellip;\" \/>\n<meta property=\"og:url\" content=\"https:\/\/lepatriotebenin.com\/index.php\/2024\/07\/05\/bepc-2024-les-resultats-prevus-pour-le-lundi-prochain\/\" \/>\n<meta property=\"og:site_name\" content=\"Le Patriote\" \/>\n<meta property=\"article:published_time\" content=\"2024-07-05T11:16:28+00:00\" \/>\n<meta property=\"article:modified_time\" content=\"2024-07-05T11:16:29+00:00\" \/>\n<meta property=\"og:image\" content=\"https:\/\/lepatriotebenin.com\/wp-content\/uploads\/2024\/07\/bepc-1.jpeg\" \/>\n\t<meta property=\"og:image:width\" content=\"321\" \/>\n\t<meta property=\"og:image:height\" content=\"157\" \/>\n\t<meta property=\"og:image:type\" content=\"image\/jpeg\" \/>\n<meta name=\"author\" content=\"Roland AFFANOU\" \/>\n<meta name=\"twitter:card\" content=\"summary_large_image\" \/>\n<meta name=\"twitter:label1\" content=\"\u00c9crit par\" \/>\n\t<meta name=\"twitter:data1\" content=\"Roland AFFANOU\" \/>\n\t<meta name=\"twitter:label2\" content=\"Dur\u00e9e de lecture estim\u00e9e\" \/>\n\t<meta name=\"twitter:data2\" content=\"2 minutes\" \/>\n<script type=\"application\/ld+json\" class=\"yoast-schema-graph\">{\"@context\":\"https:\\\/\\\/schema.org\",\"@graph\":[{\"@type\":\"Article\",\"@id\":\"https:\\\/\\\/lepatriotebenin.com\\\/index.php\\\/2024\\\/07\\\/05\\\/bepc-2024-les-resultats-prevus-pour-le-lundi-prochain\\\/#article\",\"isPartOf\":{\"@id\":\"https:\\\/\\\/lepatriotebenin.com\\\/index.php\\\/2024\\\/07\\\/05\\\/bepc-2024-les-resultats-prevus-pour-le-lundi-prochain\\\/\"},\"author\":{\"name\":\"Roland AFFANOU\",\"@id\":\"https:\\\/\\\/lepatriotebenin.com\\\/#\\\/schema\\\/person\\\/4a9b67216c97d04045e01405c534c91f\"},\"headline\":\"BEPC 2024 : Les r\u00e9sultats pr\u00e9vus pour le lundi prochain\",\"datePublished\":\"2024-07-05T11:16:28+00:00\",\"dateModified\":\"2024-07-05T11:16:29+00:00\",\"mainEntityOfPage\":{\"@id\":\"https:\\\/\\\/lepatriotebenin.com\\\/index.php\\\/2024\\\/07\\\/05\\\/bepc-2024-les-resultats-prevus-pour-le-lundi-prochain\\\/\"},\"wordCount\":264,\"commentCount\":0,\"image\":{\"@id\":\"https:\\\/\\\/lepatriotebenin.com\\\/index.php\\\/2024\\\/07\\\/05\\\/bepc-2024-les-resultats-prevus-pour-le-lundi-prochain\\\/#primaryimage\"},\"thumbnailUrl\":\"https:\\\/\\\/lepatriotebenin.com\\\/wp-content\\\/uploads\\\/2024\\\/07\\\/bepc-1.jpeg\",\"articleSection\":[\"Soci\u00e9t\u00e9\"],\"inLanguage\":\"fr-FR\",\"potentialAction\":[{\"@type\":\"CommentAction\",\"name\":\"Comment\",\"target\":[\"https:\\\/\\\/lepatriotebenin.com\\\/index.php\\\/2024\\\/07\\\/05\\\/bepc-2024-les-resultats-prevus-pour-le-lundi-prochain\\\/#respond\"]}]},{\"@type\":\"WebPage\",\"@id\":\"https:\\\/\\\/lepatriotebenin.com\\\/index.php\\\/2024\\\/07\\\/05\\\/bepc-2024-les-resultats-prevus-pour-le-lundi-prochain\\\/\",\"url\":\"https:\\\/\\\/lepatriotebenin.com\\\/index.php\\\/2024\\\/07\\\/05\\\/bepc-2024-les-resultats-prevus-pour-le-lundi-prochain\\\/\",\"name\":\"BEPC 2024 : Les r\u00e9sultats pr\u00e9vus pour le lundi prochain - Le Patriote\",\"isPartOf\":{\"@id\":\"https:\\\/\\\/lepatriotebenin.com\\\/#website\"},\"primaryImageOfPage\":{\"@id\":\"https:\\\/\\\/lepatriotebenin.com\\\/index.php\\\/2024\\\/07\\\/05\\\/bepc-2024-les-resultats-prevus-pour-le-lundi-prochain\\\/#primaryimage\"},\"image\":{\"@id\":\"https:\\\/\\\/lepatriotebenin.com\\\/index.php\\\/2024\\\/07\\\/05\\\/bepc-2024-les-resultats-prevus-pour-le-lundi-prochain\\\/#primaryimage\"},\"thumbnailUrl\":\"https:\\\/\\\/lepatriotebenin.com\\\/wp-content\\\/uploads\\\/2024\\\/07\\\/bepc-1.jpeg\",\"datePublished\":\"2024-07-05T11:16:28+00:00\",\"dateModified\":\"2024-07-05T11:16:29+00:00\",\"author\":{\"@id\":\"https:\\\/\\\/lepatriotebenin.com\\\/#\\\/schema\\\/person\\\/4a9b67216c97d04045e01405c534c91f\"},\"breadcrumb\":{\"@id\":\"https:\\\/\\\/lepatriotebenin.com\\\/index.php\\\/2024\\\/07\\\/05\\\/bepc-2024-les-resultats-prevus-pour-le-lundi-prochain\\\/#breadcrumb\"},\"inLanguage\":\"fr-FR\",\"potentialAction\":[{\"@type\":\"ReadAction\",\"target\":[\"https:\\\/\\\/lepatriotebenin.com\\\/index.php\\\/2024\\\/07\\\/05\\\/bepc-2024-les-resultats-prevus-pour-le-lundi-prochain\\\/\"]}]},{\"@type\":\"ImageObject\",\"inLanguage\":\"fr-FR\",\"@id\":\"https:\\\/\\\/lepatriotebenin.com\\\/index.php\\\/2024\\\/07\\\/05\\\/bepc-2024-les-resultats-prevus-pour-le-lundi-prochain\\\/#primaryimage\",\"url\":\"https:\\\/\\\/lepatriotebenin.com\\\/wp-content\\\/uploads\\\/2024\\\/07\\\/bepc-1.jpeg\",\"contentUrl\":\"https:\\\/\\\/lepatriotebenin.com\\\/wp-content\\\/uploads\\\/2024\\\/07\\\/bepc-1.jpeg\",\"width\":321,\"height\":157},{\"@type\":\"BreadcrumbList\",\"@id\":\"https:\\\/\\\/lepatriotebenin.com\\\/index.php\\\/2024\\\/07\\\/05\\\/bepc-2024-les-resultats-prevus-pour-le-lundi-prochain\\\/#breadcrumb\",\"itemListElement\":[{\"@type\":\"ListItem\",\"position\":1,\"name\":\"Accueil\",\"item\":\"https:\\\/\\\/lepatriotebenin.com\\\/\"},{\"@type\":\"ListItem\",\"position\":2,\"name\":\"BEPC 2024 : Les r\u00e9sultats pr\u00e9vus pour le lundi prochain\"}]},{\"@type\":\"WebSite\",\"@id\":\"https:\\\/\\\/lepatriotebenin.com\\\/#website\",\"url\":\"https:\\\/\\\/lepatriotebenin.com\\\/\",\"name\":\"Le Patriote\",\"description\":\"Le Patriote B\u00e9nin\",\"potentialAction\":[{\"@type\":\"SearchAction\",\"target\":{\"@type\":\"EntryPoint\",\"urlTemplate\":\"https:\\\/\\\/lepatriotebenin.com\\\/?s={search_term_string}\"},\"query-input\":{\"@type\":\"PropertyValueSpecification\",\"valueRequired\":true,\"valueName\":\"search_term_string\"}}],\"inLanguage\":\"fr-FR\"},{\"@type\":\"Person\",\"@id\":\"https:\\\/\\\/lepatriotebenin.com\\\/#\\\/schema\\\/person\\\/4a9b67216c97d04045e01405c534c91f\",\"name\":\"Roland AFFANOU\",\"image\":{\"@type\":\"ImageObject\",\"inLanguage\":\"fr-FR\",\"@id\":\"https:\\\/\\\/secure.gravatar.com\\\/avatar\\\/7209d3f6d2d47ea4d0c67e14d3effb61feb10ae540a4381280c66265de5bd643?s=96&d=mm&r=g\",\"url\":\"https:\\\/\\\/secure.gravatar.com\\\/avatar\\\/7209d3f6d2d47ea4d0c67e14d3effb61feb10ae540a4381280c66265de5bd643?s=96&d=mm&r=g\",\"contentUrl\":\"https:\\\/\\\/secure.gravatar.com\\\/avatar\\\/7209d3f6d2d47ea4d0c67e14d3effb61feb10ae540a4381280c66265de5bd643?s=96&d=mm&r=g\",\"caption\":\"Roland AFFANOU\"},\"url\":\"https:\\\/\\\/lepatriotebenin.com\"}]}<\/script>\n<!-- \/ Yoast SEO plugin. -->","yoast_head_json":{"title":"BEPC 2024 : Les r\u00e9sultats pr\u00e9vus pour le lundi prochain - Le Patriote","robots":{"index":"index","follow":"follow","max-snippet":"max-snippet:-1","max-image-preview":"max-image-preview:large","max-video-preview":"max-video-preview:-1"},"canonical":"https:\/\/lepatriotebenin.com\/index.php\/2024\/07\/05\/bepc-2024-les-resultats-prevus-pour-le-lundi-prochain\/","og_locale":"fr_FR","og_type":"article","og_title":"BEPC 2024 : Les r\u00e9sultats pr\u00e9vus pour le lundi prochain - Le Patriote","og_description":"&nbsp;Initialement annonc\u00e9e pour ce vendredi 05 juillet 2024, la d\u00e9lib\u00e9ration suivie de la proclamation des r\u00e9sultats de l\u2019examen du Brevet d\u2019\u00e9tudes du premier cycle (Bepc), session de juin 2024 &nbsp;&nbsp;aura&hellip;","og_url":"https:\/\/lepatriotebenin.com\/index.php\/2024\/07\/05\/bepc-2024-les-resultats-prevus-pour-le-lundi-prochain\/","og_site_name":"Le Patriote","article_published_time":"2024-07-05T11:16:28+00:00","article_modified_time":"2024-07-05T11:16:29+00:00","og_image":[{"width":321,"height":157,"url":"https:\/\/lepatriotebenin.com\/wp-content\/uploads\/2024\/07\/bepc-1.jpeg","type":"image\/jpeg"}],"author":"Roland AFFANOU","twitter_card":"summary_large_image","twitter_misc":{"\u00c9crit par":"Roland AFFANOU","Dur\u00e9e de lecture estim\u00e9e":"2 minutes"},"schema":{"@context":"https:\/\/schema.org","@graph":[{"@type":"Article","@id":"https:\/\/lepatriotebenin.com\/index.php\/2024\/07\/05\/bepc-2024-les-resultats-prevus-pour-le-lundi-prochain\/#article","isPartOf":{"@id":"https:\/\/lepatriotebenin.com\/index.php\/2024\/07\/05\/bepc-2024-les-resultats-prevus-pour-le-lundi-prochain\/"},"author":{"name":"Roland AFFANOU","@id":"https:\/\/lepatriotebenin.com\/#\/schema\/person\/4a9b67216c97d04045e01405c534c91f"},"headline":"BEPC 2024 : Les r\u00e9sultats pr\u00e9vus pour le lundi prochain","datePublished":"2024-07-05T11:16:28+00:00","dateModified":"2024-07-05T11:16:29+00:00","mainEntityOfPage":{"@id":"https:\/\/lepatriotebenin.com\/index.php\/2024\/07\/05\/bepc-2024-les-resultats-prevus-pour-le-lundi-prochain\/"},"wordCount":264,"commentCount":0,"image":{"@id":"https:\/\/lepatriotebenin.com\/index.php\/2024\/07\/05\/bepc-2024-les-resultats-prevus-pour-le-lundi-prochain\/#primaryimage"},"thumbnailUrl":"https:\/\/lepatriotebenin.com\/wp-content\/uploads\/2024\/07\/bepc-1.jpeg","articleSection":["Soci\u00e9t\u00e9"],"inLanguage":"fr-FR","potentialAction":[{"@type":"CommentAction","name":"Comment","target":["https:\/\/lepatriotebenin.com\/index.php\/2024\/07\/05\/bepc-2024-les-resultats-prevus-pour-le-lundi-prochain\/#respond"]}]},{"@type":"WebPage","@id":"https:\/\/lepatriotebenin.com\/index.php\/2024\/07\/05\/bepc-2024-les-resultats-prevus-pour-le-lundi-prochain\/","url":"https:\/\/lepatriotebenin.com\/index.php\/2024\/07\/05\/bepc-2024-les-resultats-prevus-pour-le-lundi-prochain\/","name":"BEPC 2024 : Les r\u00e9sultats pr\u00e9vus pour le lundi prochain - Le Patriote","isPartOf":{"@id":"https:\/\/lepatriotebenin.com\/#website"},"primaryImageOfPage":{"@id":"https:\/\/lepatriotebenin.com\/index.php\/2024\/07\/05\/bepc-2024-les-resultats-prevus-pour-le-lundi-prochain\/#primaryimage"},"image":{"@id":"https:\/\/lepatriotebenin.com\/index.php\/2024\/07\/05\/bepc-2024-les-resultats-prevus-pour-le-lundi-prochain\/#primaryimage"},"thumbnailUrl":"https:\/\/lepatriotebenin.com\/wp-content\/uploads\/2024\/07\/bepc-1.jpeg","datePublished":"2024-07-05T11:16:28+00:00","dateModified":"2024-07-05T11:16:29+00:00","author":{"@id":"https:\/\/lepatriotebenin.com\/#\/schema\/person\/4a9b67216c97d04045e01405c534c91f"},"breadcrumb":{"@id":"https:\/\/lepatriotebenin.com\/index.php\/2024\/07\/05\/bepc-2024-les-resultats-prevus-pour-le-lundi-prochain\/#breadcrumb"},"inLanguage":"fr-FR","potentialAction":[{"@type":"ReadAction","target":["https:\/\/lepatriotebenin.com\/index.php\/2024\/07\/05\/bepc-2024-les-resultats-prevus-pour-le-lundi-prochain\/"]}]},{"@type":"ImageObject","inLanguage":"fr-FR","@id":"https:\/\/lepatriotebenin.com\/index.php\/2024\/07\/05\/bepc-2024-les-resultats-prevus-pour-le-lundi-prochain\/#primaryimage","url":"https:\/\/lepatriotebenin.com\/wp-content\/uploads\/2024\/07\/bepc-1.jpeg","contentUrl":"https:\/\/lepatriotebenin.com\/wp-content\/uploads\/2024\/07\/bepc-1.jpeg","width":321,"height":157},{"@type":"BreadcrumbList","@id":"https:\/\/lepatriotebenin.com\/index.php\/2024\/07\/05\/bepc-2024-les-resultats-prevus-pour-le-lundi-prochain\/#breadcrumb","itemListElement":[{"@type":"ListItem","position":1,"name":"Accueil","item":"https:\/\/lepatriotebenin.com\/"},{"@type":"ListItem","position":2,"name":"BEPC 2024 : Les r\u00e9sultats pr\u00e9vus pour le lundi prochain"}]},{"@type":"WebSite","@id":"https:\/\/lepatriotebenin.com\/#website","url":"https:\/\/lepatriotebenin.com\/","name":"Le Patriote","description":"Le Patriote B\u00e9nin","potentialAction":[{"@type":"SearchAction","target":{"@type":"EntryPoint","urlTemplate":"https:\/\/lepatriotebenin.com\/?s={search_term_string}"},"query-input":{"@type":"PropertyValueSpecification","valueRequired":true,"valueName":"search_term_string"}}],"inLanguage":"fr-FR"},{"@type":"Person","@id":"https:\/\/lepatriotebenin.com\/#\/schema\/person\/4a9b67216c97d04045e01405c534c91f","name":"Roland AFFANOU","image":{"@type":"ImageObject","inLanguage":"fr-FR","@id":"https:\/\/secure.gravatar.com\/avatar\/7209d3f6d2d47ea4d0c67e14d3effb61feb10ae540a4381280c66265de5bd643?s=96&d=mm&r=g","url":"https:\/\/secure.gravatar.com\/avatar\/7209d3f6d2d47ea4d0c67e14d3effb61feb10ae540a4381280c66265de5bd643?s=96&d=mm&r=g","contentUrl":"https:\/\/secure.gravatar.com\/avatar\/7209d3f6d2d47ea4d0c67e14d3effb61feb10ae540a4381280c66265de5bd643?s=96&d=mm&r=g","caption":"Roland AFFANOU"},"url":"https:\/\/lepatriotebenin.com"}]}},"_links":{"self":[{"href":"https:\/\/lepatriotebenin.com\/index.php\/wp-json\/wp\/v2\/posts\/6429","targetHints":{"allow":["GET"]}}],"collection":[{"href":"https:\/\/lepatriotebenin.com\/index.php\/wp-json\/wp\/v2\/posts"}],"about":[{"href":"https:\/\/lepatriotebenin.com\/index.php\/wp-json\/wp\/v2\/types\/post"}],"author":[{"embeddable":true,"href":"https:\/\/lepatriotebenin.com\/index.php\/wp-json\/wp\/v2\/users\/6"}],"replies":[{"embeddable":true,"href":"https:\/\/lepatriotebenin.com\/index.php\/wp-json\/wp\/v2\/comments?post=6429"}],"version-history":[{"count":1,"href":"https:\/\/lepatriotebenin.com\/index.php\/wp-json\/wp\/v2\/posts\/6429\/revisions"}],"predecessor-version":[{"id":6431,"href":"https:\/\/lepatriotebenin.com\/index.php\/wp-json\/wp\/v2\/posts\/6429\/revisions\/6431"}],"wp:featuredmedia":[{"embeddable":true,"href":"https:\/\/lepatriotebenin.com\/index.php\/wp-json\/wp\/v2\/media\/6430"}],"wp:attachment":[{"href":"https:\/\/lepatriotebenin.com\/index.php\/wp-json\/wp\/v2\/media?parent=6429"}],"wp:term":[{"taxonomy":"category","embeddable":true,"href":"https:\/\/lepatriotebenin.com\/index.php\/wp-json\/wp\/v2\/categories?post=6429"},{"taxonomy":"post_tag","embeddable":true,"href":"https:\/\/lepatriotebenin.com\/index.php\/wp-json\/wp\/v2\/tags?post=6429"}],"curies":[{"name":"wp","href":"https:\/\/api.w.org\/{rel}","templated":true}]}}