{"id":6059,"date":"2024-06-24T17:49:22","date_gmt":"2024-06-24T15:49:22","guid":{"rendered":"https:\/\/lepatriotebenin.com\/?p=6059"},"modified":"2024-06-24T19:17:37","modified_gmt":"2024-06-24T17:17:37","slug":"benin-a-ze-un-jeune-artiste-decede-apres-avoir-delaye-du-gari","status":"publish","type":"post","link":"https:\/\/lepatriotebenin.com\/index.php\/2024\/06\/24\/benin-a-ze-un-jeune-artiste-decede-apres-avoir-delaye-du-gari\/","title":{"rendered":"B\u00e9nin : \u00e0 Z\u00e8, un jeune artiste d\u00e9c\u00e8de apr\u00e8s avoir d\u00e9lay\u00e9 du gari"},"content":{"rendered":"\n<p>Une situation peu ordinaire s&rsquo;est produite ces derniers jours \u00e0 <strong>Z\u00e8, <\/strong>une commune du d\u00e9partement de l&rsquo;<strong>Atlantique<\/strong>. Un jeune chanteur du nom de<strong> Djiv\u00e8d\u00e9<\/strong> est pass\u00e9 de vie \u00e0 tr\u00e9pas quelques jours apr\u00e8s avoir consomm\u00e9 du gari.<\/p>\n\n\n\n<p>Selon les informations laiss\u00e9es par la victime avant de mourir, sa femme serait \u00e0 la base du malheur qui lui est arriv\u00e9. Alors qu&rsquo;il revenait de la ville, il a constat\u00e9 que la maison qu&rsquo;il habite avec sa conjointe est vid\u00e9e de tout bagage par cette derni\u00e8re. Fait surprenant, celle-ci avait cependant laiss\u00e9 de c\u00f4t\u00e9 du gari et de l&rsquo;eau. Dans une note vocale qu&rsquo;il a laiss\u00e9 \u00e0 sa tante, la victime a pr\u00e9cis\u00e9 avoir pris du reste de ce gari et de l&rsquo;eau laiss\u00e9s par sa femme qui venait de le quitter. C&rsquo;est \u00e0 la suite que son malheur d\u00e9buta. En effet, il a \u00e9t\u00e9 pris d&rsquo;une diarrh\u00e9e chronique qu&rsquo;il a trimball\u00e9 avant de d\u00e9c\u00e9der finalement ce dimanche 23 juin 2024, selon Oxyg\u00e8ne info qui rapporte les faits.<\/p>\n\n\n\n<p>Le jeune chanteur du nom de Djiv\u00e8d\u00e9 \u00e9tait convaincu que sa mort n&rsquo;\u00e9tait pas naturelle. \u00c7a doit-\u00eatre un coup de sa femme. \u00abJ\u2019ai senti que m\u2019a femme m\u2019a empoisonn\u00e9. Mais qu\u2019est-ce que je lui ai fait si tant pour qu\u2019elle m\u2019empoissonne avant de partir?\u00bb, s&rsquo;est-il interrog\u00e9 quelques jours plus t\u00f4t avant son d\u00e9c\u00e8s.<\/p>\n\n\n\n<p><strong>Ignace TOSSOU<\/strong><\/p>\n","protected":false},"excerpt":{"rendered":"<p>Une situation peu ordinaire s&rsquo;est produite ces derniers jours \u00e0 Z\u00e8, une commune du d\u00e9partement de l&rsquo;Atlantique. Un jeune chanteur du nom de Djiv\u00e8d\u00e9 est pass\u00e9 de vie \u00e0 tr\u00e9pas&hellip;<\/p>\n","protected":false},"author":5,"featured_media":5874,"comment_status":"open","ping_status":"open","sticky":false,"template":"","format":"standard","meta":{"content-type":"","om_disable_all_campaigns":false,"_monsterinsights_skip_tracking":false,"_monsterinsights_sitenote_active":false,"_monsterinsights_sitenote_note":"","_monsterinsights_sitenote_category":0,"_uf_show_specific_survey":0,"_uf_disable_surveys":false,"footnotes":""},"categories":[20],"tags":[],"class_list":["post-6059","post","type-post","status-publish","format-standard","has-post-thumbnail","hentry","category-societe"],"aioseo_notices":[],"yoast_head":"<!-- This site is optimized with the Yoast SEO plugin v27.5 - https:\/\/yoast.com\/product\/yoast-seo-wordpress\/ -->\n<title>B\u00e9nin : \u00e0 Z\u00e8, un jeune artiste d\u00e9c\u00e8de apr\u00e8s avoir d\u00e9lay\u00e9 du gari - Le Patriote<\/title>\n<meta name=\"robots\" content=\"index, follow, max-snippet:-1, max-image-preview:large, max-video-preview:-1\" \/>\n<link rel=\"canonical\" href=\"https:\/\/lepatriotebenin.com\/index.php\/2024\/06\/24\/benin-a-ze-un-jeune-artiste-decede-apres-avoir-delaye-du-gari\/\" \/>\n<meta property=\"og:locale\" content=\"fr_FR\" \/>\n<meta property=\"og:type\" content=\"article\" \/>\n<meta property=\"og:title\" content=\"B\u00e9nin : \u00e0 Z\u00e8, un jeune artiste d\u00e9c\u00e8de apr\u00e8s avoir d\u00e9lay\u00e9 du gari - Le Patriote\" \/>\n<meta property=\"og:description\" content=\"Une situation peu ordinaire s&rsquo;est produite ces derniers jours \u00e0 Z\u00e8, une commune du d\u00e9partement de l&rsquo;Atlantique. Un jeune chanteur du nom de Djiv\u00e8d\u00e9 est pass\u00e9 de vie \u00e0 tr\u00e9pas&hellip;\" \/>\n<meta property=\"og:url\" content=\"https:\/\/lepatriotebenin.com\/index.php\/2024\/06\/24\/benin-a-ze-un-jeune-artiste-decede-apres-avoir-delaye-du-gari\/\" \/>\n<meta property=\"og:site_name\" content=\"Le Patriote\" \/>\n<meta property=\"article:published_time\" content=\"2024-06-24T15:49:22+00:00\" \/>\n<meta property=\"article:modified_time\" content=\"2024-06-24T17:17:37+00:00\" \/>\n<meta property=\"og:image\" content=\"https:\/\/lepatriotebenin.com\/wp-content\/uploads\/2024\/06\/drame-222-1.jpg\" \/>\n\t<meta property=\"og:image:width\" content=\"800\" \/>\n\t<meta property=\"og:image:height\" content=\"600\" \/>\n\t<meta property=\"og:image:type\" content=\"image\/jpeg\" \/>\n<meta name=\"author\" content=\"Redaction\" \/>\n<meta name=\"twitter:card\" content=\"summary_large_image\" \/>\n<meta name=\"twitter:label1\" content=\"\u00c9crit par\" \/>\n\t<meta name=\"twitter:data1\" content=\"Redaction\" \/>\n\t<meta name=\"twitter:label2\" content=\"Dur\u00e9e de lecture estim\u00e9e\" \/>\n\t<meta name=\"twitter:data2\" content=\"2 minutes\" \/>\n<script type=\"application\/ld+json\" class=\"yoast-schema-graph\">{\"@context\":\"https:\\\/\\\/schema.org\",\"@graph\":[{\"@type\":\"Article\",\"@id\":\"https:\\\/\\\/lepatriotebenin.com\\\/index.php\\\/2024\\\/06\\\/24\\\/benin-a-ze-un-jeune-artiste-decede-apres-avoir-delaye-du-gari\\\/#article\",\"isPartOf\":{\"@id\":\"https:\\\/\\\/lepatriotebenin.com\\\/index.php\\\/2024\\\/06\\\/24\\\/benin-a-ze-un-jeune-artiste-decede-apres-avoir-delaye-du-gari\\\/\"},\"author\":{\"name\":\"Redaction\",\"@id\":\"https:\\\/\\\/lepatriotebenin.com\\\/#\\\/schema\\\/person\\\/2e7709b9c9cc313e452d1136af61690f\"},\"headline\":\"B\u00e9nin : \u00e0 Z\u00e8, un jeune artiste d\u00e9c\u00e8de apr\u00e8s avoir d\u00e9lay\u00e9 du gari\",\"datePublished\":\"2024-06-24T15:49:22+00:00\",\"dateModified\":\"2024-06-24T17:17:37+00:00\",\"mainEntityOfPage\":{\"@id\":\"https:\\\/\\\/lepatriotebenin.com\\\/index.php\\\/2024\\\/06\\\/24\\\/benin-a-ze-un-jeune-artiste-decede-apres-avoir-delaye-du-gari\\\/\"},\"wordCount\":268,\"commentCount\":0,\"image\":{\"@id\":\"https:\\\/\\\/lepatriotebenin.com\\\/index.php\\\/2024\\\/06\\\/24\\\/benin-a-ze-un-jeune-artiste-decede-apres-avoir-delaye-du-gari\\\/#primaryimage\"},\"thumbnailUrl\":\"https:\\\/\\\/lepatriotebenin.com\\\/wp-content\\\/uploads\\\/2024\\\/06\\\/drame-222-1.jpg\",\"articleSection\":[\"Soci\u00e9t\u00e9\"],\"inLanguage\":\"fr-FR\",\"potentialAction\":[{\"@type\":\"CommentAction\",\"name\":\"Comment\",\"target\":[\"https:\\\/\\\/lepatriotebenin.com\\\/index.php\\\/2024\\\/06\\\/24\\\/benin-a-ze-un-jeune-artiste-decede-apres-avoir-delaye-du-gari\\\/#respond\"]}]},{\"@type\":\"WebPage\",\"@id\":\"https:\\\/\\\/lepatriotebenin.com\\\/index.php\\\/2024\\\/06\\\/24\\\/benin-a-ze-un-jeune-artiste-decede-apres-avoir-delaye-du-gari\\\/\",\"url\":\"https:\\\/\\\/lepatriotebenin.com\\\/index.php\\\/2024\\\/06\\\/24\\\/benin-a-ze-un-jeune-artiste-decede-apres-avoir-delaye-du-gari\\\/\",\"name\":\"B\u00e9nin : \u00e0 Z\u00e8, un jeune artiste d\u00e9c\u00e8de apr\u00e8s avoir d\u00e9lay\u00e9 du gari - Le Patriote\",\"isPartOf\":{\"@id\":\"https:\\\/\\\/lepatriotebenin.com\\\/#website\"},\"primaryImageOfPage\":{\"@id\":\"https:\\\/\\\/lepatriotebenin.com\\\/index.php\\\/2024\\\/06\\\/24\\\/benin-a-ze-un-jeune-artiste-decede-apres-avoir-delaye-du-gari\\\/#primaryimage\"},\"image\":{\"@id\":\"https:\\\/\\\/lepatriotebenin.com\\\/index.php\\\/2024\\\/06\\\/24\\\/benin-a-ze-un-jeune-artiste-decede-apres-avoir-delaye-du-gari\\\/#primaryimage\"},\"thumbnailUrl\":\"https:\\\/\\\/lepatriotebenin.com\\\/wp-content\\\/uploads\\\/2024\\\/06\\\/drame-222-1.jpg\",\"datePublished\":\"2024-06-24T15:49:22+00:00\",\"dateModified\":\"2024-06-24T17:17:37+00:00\",\"author\":{\"@id\":\"https:\\\/\\\/lepatriotebenin.com\\\/#\\\/schema\\\/person\\\/2e7709b9c9cc313e452d1136af61690f\"},\"breadcrumb\":{\"@id\":\"https:\\\/\\\/lepatriotebenin.com\\\/index.php\\\/2024\\\/06\\\/24\\\/benin-a-ze-un-jeune-artiste-decede-apres-avoir-delaye-du-gari\\\/#breadcrumb\"},\"inLanguage\":\"fr-FR\",\"potentialAction\":[{\"@type\":\"ReadAction\",\"target\":[\"https:\\\/\\\/lepatriotebenin.com\\\/index.php\\\/2024\\\/06\\\/24\\\/benin-a-ze-un-jeune-artiste-decede-apres-avoir-delaye-du-gari\\\/\"]}]},{\"@type\":\"ImageObject\",\"inLanguage\":\"fr-FR\",\"@id\":\"https:\\\/\\\/lepatriotebenin.com\\\/index.php\\\/2024\\\/06\\\/24\\\/benin-a-ze-un-jeune-artiste-decede-apres-avoir-delaye-du-gari\\\/#primaryimage\",\"url\":\"https:\\\/\\\/lepatriotebenin.com\\\/wp-content\\\/uploads\\\/2024\\\/06\\\/drame-222-1.jpg\",\"contentUrl\":\"https:\\\/\\\/lepatriotebenin.com\\\/wp-content\\\/uploads\\\/2024\\\/06\\\/drame-222-1.jpg\",\"width\":800,\"height\":600},{\"@type\":\"BreadcrumbList\",\"@id\":\"https:\\\/\\\/lepatriotebenin.com\\\/index.php\\\/2024\\\/06\\\/24\\\/benin-a-ze-un-jeune-artiste-decede-apres-avoir-delaye-du-gari\\\/#breadcrumb\",\"itemListElement\":[{\"@type\":\"ListItem\",\"position\":1,\"name\":\"Accueil\",\"item\":\"https:\\\/\\\/lepatriotebenin.com\\\/\"},{\"@type\":\"ListItem\",\"position\":2,\"name\":\"B\u00e9nin : \u00e0 Z\u00e8, un jeune artiste d\u00e9c\u00e8de apr\u00e8s avoir d\u00e9lay\u00e9 du gari\"}]},{\"@type\":\"WebSite\",\"@id\":\"https:\\\/\\\/lepatriotebenin.com\\\/#website\",\"url\":\"https:\\\/\\\/lepatriotebenin.com\\\/\",\"name\":\"Le Patriote\",\"description\":\"Le Patriote B\u00e9nin\",\"potentialAction\":[{\"@type\":\"SearchAction\",\"target\":{\"@type\":\"EntryPoint\",\"urlTemplate\":\"https:\\\/\\\/lepatriotebenin.com\\\/?s={search_term_string}\"},\"query-input\":{\"@type\":\"PropertyValueSpecification\",\"valueRequired\":true,\"valueName\":\"search_term_string\"}}],\"inLanguage\":\"fr-FR\"},{\"@type\":\"Person\",\"@id\":\"https:\\\/\\\/lepatriotebenin.com\\\/#\\\/schema\\\/person\\\/2e7709b9c9cc313e452d1136af61690f\",\"name\":\"Redaction\",\"image\":{\"@type\":\"ImageObject\",\"inLanguage\":\"fr-FR\",\"@id\":\"https:\\\/\\\/secure.gravatar.com\\\/avatar\\\/c4c509357859ea2ca2cbb6d8812898a73e4ef1ef9934c2e591d7e32face734d1?s=96&d=mm&r=g\",\"url\":\"https:\\\/\\\/secure.gravatar.com\\\/avatar\\\/c4c509357859ea2ca2cbb6d8812898a73e4ef1ef9934c2e591d7e32face734d1?s=96&d=mm&r=g\",\"contentUrl\":\"https:\\\/\\\/secure.gravatar.com\\\/avatar\\\/c4c509357859ea2ca2cbb6d8812898a73e4ef1ef9934c2e591d7e32face734d1?s=96&d=mm&r=g\",\"caption\":\"Redaction\"},\"url\":\"https:\\\/\\\/lepatriotebenin.com\"}]}<\/script>\n<!-- \/ Yoast SEO plugin. -->","yoast_head_json":{"title":"B\u00e9nin : \u00e0 Z\u00e8, un jeune artiste d\u00e9c\u00e8de apr\u00e8s avoir d\u00e9lay\u00e9 du gari - Le Patriote","robots":{"index":"index","follow":"follow","max-snippet":"max-snippet:-1","max-image-preview":"max-image-preview:large","max-video-preview":"max-video-preview:-1"},"canonical":"https:\/\/lepatriotebenin.com\/index.php\/2024\/06\/24\/benin-a-ze-un-jeune-artiste-decede-apres-avoir-delaye-du-gari\/","og_locale":"fr_FR","og_type":"article","og_title":"B\u00e9nin : \u00e0 Z\u00e8, un jeune artiste d\u00e9c\u00e8de apr\u00e8s avoir d\u00e9lay\u00e9 du gari - Le Patriote","og_description":"Une situation peu ordinaire s&rsquo;est produite ces derniers jours \u00e0 Z\u00e8, une commune du d\u00e9partement de l&rsquo;Atlantique. Un jeune chanteur du nom de Djiv\u00e8d\u00e9 est pass\u00e9 de vie \u00e0 tr\u00e9pas&hellip;","og_url":"https:\/\/lepatriotebenin.com\/index.php\/2024\/06\/24\/benin-a-ze-un-jeune-artiste-decede-apres-avoir-delaye-du-gari\/","og_site_name":"Le Patriote","article_published_time":"2024-06-24T15:49:22+00:00","article_modified_time":"2024-06-24T17:17:37+00:00","og_image":[{"width":800,"height":600,"url":"https:\/\/lepatriotebenin.com\/wp-content\/uploads\/2024\/06\/drame-222-1.jpg","type":"image\/jpeg"}],"author":"Redaction","twitter_card":"summary_large_image","twitter_misc":{"\u00c9crit par":"Redaction","Dur\u00e9e de lecture estim\u00e9e":"2 minutes"},"schema":{"@context":"https:\/\/schema.org","@graph":[{"@type":"Article","@id":"https:\/\/lepatriotebenin.com\/index.php\/2024\/06\/24\/benin-a-ze-un-jeune-artiste-decede-apres-avoir-delaye-du-gari\/#article","isPartOf":{"@id":"https:\/\/lepatriotebenin.com\/index.php\/2024\/06\/24\/benin-a-ze-un-jeune-artiste-decede-apres-avoir-delaye-du-gari\/"},"author":{"name":"Redaction","@id":"https:\/\/lepatriotebenin.com\/#\/schema\/person\/2e7709b9c9cc313e452d1136af61690f"},"headline":"B\u00e9nin : \u00e0 Z\u00e8, un jeune artiste d\u00e9c\u00e8de apr\u00e8s avoir d\u00e9lay\u00e9 du gari","datePublished":"2024-06-24T15:49:22+00:00","dateModified":"2024-06-24T17:17:37+00:00","mainEntityOfPage":{"@id":"https:\/\/lepatriotebenin.com\/index.php\/2024\/06\/24\/benin-a-ze-un-jeune-artiste-decede-apres-avoir-delaye-du-gari\/"},"wordCount":268,"commentCount":0,"image":{"@id":"https:\/\/lepatriotebenin.com\/index.php\/2024\/06\/24\/benin-a-ze-un-jeune-artiste-decede-apres-avoir-delaye-du-gari\/#primaryimage"},"thumbnailUrl":"https:\/\/lepatriotebenin.com\/wp-content\/uploads\/2024\/06\/drame-222-1.jpg","articleSection":["Soci\u00e9t\u00e9"],"inLanguage":"fr-FR","potentialAction":[{"@type":"CommentAction","name":"Comment","target":["https:\/\/lepatriotebenin.com\/index.php\/2024\/06\/24\/benin-a-ze-un-jeune-artiste-decede-apres-avoir-delaye-du-gari\/#respond"]}]},{"@type":"WebPage","@id":"https:\/\/lepatriotebenin.com\/index.php\/2024\/06\/24\/benin-a-ze-un-jeune-artiste-decede-apres-avoir-delaye-du-gari\/","url":"https:\/\/lepatriotebenin.com\/index.php\/2024\/06\/24\/benin-a-ze-un-jeune-artiste-decede-apres-avoir-delaye-du-gari\/","name":"B\u00e9nin : \u00e0 Z\u00e8, un jeune artiste d\u00e9c\u00e8de apr\u00e8s avoir d\u00e9lay\u00e9 du gari - Le Patriote","isPartOf":{"@id":"https:\/\/lepatriotebenin.com\/#website"},"primaryImageOfPage":{"@id":"https:\/\/lepatriotebenin.com\/index.php\/2024\/06\/24\/benin-a-ze-un-jeune-artiste-decede-apres-avoir-delaye-du-gari\/#primaryimage"},"image":{"@id":"https:\/\/lepatriotebenin.com\/index.php\/2024\/06\/24\/benin-a-ze-un-jeune-artiste-decede-apres-avoir-delaye-du-gari\/#primaryimage"},"thumbnailUrl":"https:\/\/lepatriotebenin.com\/wp-content\/uploads\/2024\/06\/drame-222-1.jpg","datePublished":"2024-06-24T15:49:22+00:00","dateModified":"2024-06-24T17:17:37+00:00","author":{"@id":"https:\/\/lepatriotebenin.com\/#\/schema\/person\/2e7709b9c9cc313e452d1136af61690f"},"breadcrumb":{"@id":"https:\/\/lepatriotebenin.com\/index.php\/2024\/06\/24\/benin-a-ze-un-jeune-artiste-decede-apres-avoir-delaye-du-gari\/#breadcrumb"},"inLanguage":"fr-FR","potentialAction":[{"@type":"ReadAction","target":["https:\/\/lepatriotebenin.com\/index.php\/2024\/06\/24\/benin-a-ze-un-jeune-artiste-decede-apres-avoir-delaye-du-gari\/"]}]},{"@type":"ImageObject","inLanguage":"fr-FR","@id":"https:\/\/lepatriotebenin.com\/index.php\/2024\/06\/24\/benin-a-ze-un-jeune-artiste-decede-apres-avoir-delaye-du-gari\/#primaryimage","url":"https:\/\/lepatriotebenin.com\/wp-content\/uploads\/2024\/06\/drame-222-1.jpg","contentUrl":"https:\/\/lepatriotebenin.com\/wp-content\/uploads\/2024\/06\/drame-222-1.jpg","width":800,"height":600},{"@type":"BreadcrumbList","@id":"https:\/\/lepatriotebenin.com\/index.php\/2024\/06\/24\/benin-a-ze-un-jeune-artiste-decede-apres-avoir-delaye-du-gari\/#breadcrumb","itemListElement":[{"@type":"ListItem","position":1,"name":"Accueil","item":"https:\/\/lepatriotebenin.com\/"},{"@type":"ListItem","position":2,"name":"B\u00e9nin : \u00e0 Z\u00e8, un jeune artiste d\u00e9c\u00e8de apr\u00e8s avoir d\u00e9lay\u00e9 du gari"}]},{"@type":"WebSite","@id":"https:\/\/lepatriotebenin.com\/#website","url":"https:\/\/lepatriotebenin.com\/","name":"Le Patriote","description":"Le Patriote B\u00e9nin","potentialAction":[{"@type":"SearchAction","target":{"@type":"EntryPoint","urlTemplate":"https:\/\/lepatriotebenin.com\/?s={search_term_string}"},"query-input":{"@type":"PropertyValueSpecification","valueRequired":true,"valueName":"search_term_string"}}],"inLanguage":"fr-FR"},{"@type":"Person","@id":"https:\/\/lepatriotebenin.com\/#\/schema\/person\/2e7709b9c9cc313e452d1136af61690f","name":"Redaction","image":{"@type":"ImageObject","inLanguage":"fr-FR","@id":"https:\/\/secure.gravatar.com\/avatar\/c4c509357859ea2ca2cbb6d8812898a73e4ef1ef9934c2e591d7e32face734d1?s=96&d=mm&r=g","url":"https:\/\/secure.gravatar.com\/avatar\/c4c509357859ea2ca2cbb6d8812898a73e4ef1ef9934c2e591d7e32face734d1?s=96&d=mm&r=g","contentUrl":"https:\/\/secure.gravatar.com\/avatar\/c4c509357859ea2ca2cbb6d8812898a73e4ef1ef9934c2e591d7e32face734d1?s=96&d=mm&r=g","caption":"Redaction"},"url":"https:\/\/lepatriotebenin.com"}]}},"_links":{"self":[{"href":"https:\/\/lepatriotebenin.com\/index.php\/wp-json\/wp\/v2\/posts\/6059","targetHints":{"allow":["GET"]}}],"collection":[{"href":"https:\/\/lepatriotebenin.com\/index.php\/wp-json\/wp\/v2\/posts"}],"about":[{"href":"https:\/\/lepatriotebenin.com\/index.php\/wp-json\/wp\/v2\/types\/post"}],"author":[{"embeddable":true,"href":"https:\/\/lepatriotebenin.com\/index.php\/wp-json\/wp\/v2\/users\/5"}],"replies":[{"embeddable":true,"href":"https:\/\/lepatriotebenin.com\/index.php\/wp-json\/wp\/v2\/comments?post=6059"}],"version-history":[{"count":2,"href":"https:\/\/lepatriotebenin.com\/index.php\/wp-json\/wp\/v2\/posts\/6059\/revisions"}],"predecessor-version":[{"id":6080,"href":"https:\/\/lepatriotebenin.com\/index.php\/wp-json\/wp\/v2\/posts\/6059\/revisions\/6080"}],"wp:featuredmedia":[{"embeddable":true,"href":"https:\/\/lepatriotebenin.com\/index.php\/wp-json\/wp\/v2\/media\/5874"}],"wp:attachment":[{"href":"https:\/\/lepatriotebenin.com\/index.php\/wp-json\/wp\/v2\/media?parent=6059"}],"wp:term":[{"taxonomy":"category","embeddable":true,"href":"https:\/\/lepatriotebenin.com\/index.php\/wp-json\/wp\/v2\/categories?post=6059"},{"taxonomy":"post_tag","embeddable":true,"href":"https:\/\/lepatriotebenin.com\/index.php\/wp-json\/wp\/v2\/tags?post=6059"}],"curies":[{"name":"wp","href":"https:\/\/api.w.org\/{rel}","templated":true}]}}