{"id":6042,"date":"2024-06-24T05:01:52","date_gmt":"2024-06-24T03:01:52","guid":{"rendered":"https:\/\/lepatriotebenin.com\/?p=6042"},"modified":"2024-06-24T05:04:30","modified_gmt":"2024-06-24T03:04:30","slug":"apres-une-bonne-organisation-des-50e-championnats-du-monde-de-petanque-le-benin-distingue-le-29-juin-a-marseille-en-france","status":"publish","type":"post","link":"https:\/\/lepatriotebenin.com\/index.php\/2024\/06\/24\/apres-une-bonne-organisation-des-50e-championnats-du-monde-de-petanque-le-benin-distingue-le-29-juin-a-marseille-en-france\/","title":{"rendered":"Apr\u00e8s une bonne organisation des 50\u00e8 Mondiaux de P\u00e9tanque : Le B\u00e9nin distingu\u00e9 le 29 juin en France \u00a0"},"content":{"rendered":"\n<p><em>Apr\u00e8s une parfaite organisation des 50\u00e8 Championnats du monde de P\u00e9tanque qui ont eu lieu \u00e0 Cotonou courant <strong>septembre 2023,<\/strong> le B\u00e9nin reste toujours sous les feux de la rampe. A cet effet, il a \u00e9t\u00e9 retenu par la F\u00e9d\u00e9ration Internationale de P\u00e9tanque et Jeu Proven\u00e7al (FIPJP) pour recevoir le Prix d\u2019Excellence le <strong>29 juin prochain \u00e0 Marseille<\/strong> en France. Ainsi, pour recevoir cette distinction honorifique au nom de la Nation b\u00e9ninoise, la F\u00e9d\u00e9ration B\u00e9ninoise de P\u00e9tanque (FBP) sera repr\u00e9sent\u00e9e par un ou plusieurs membres puisque son pr\u00e9sident et son vice-pr\u00e9sident sont sous sanctions de la Conf\u00e9d\u00e9ration Africaine des Sports Boules (CASB).<\/em><\/p>\n\n\n\n<figure class=\"wp-block-image size-large\"><img fetchpriority=\"high\" decoding=\"async\" width=\"748\" height=\"1024\" src=\"https:\/\/lepatriotebenin.com\/wp-content\/uploads\/2024\/06\/p-vmmmm-748x1024.jpeg\" alt=\"\" class=\"wp-image-6044\" srcset=\"https:\/\/lepatriotebenin.com\/wp-content\/uploads\/2024\/06\/p-vmmmm-748x1024.jpeg 748w, https:\/\/lepatriotebenin.com\/wp-content\/uploads\/2024\/06\/p-vmmmm-219x300.jpeg 219w, https:\/\/lepatriotebenin.com\/wp-content\/uploads\/2024\/06\/p-vmmmm-768x1051.jpeg 768w, https:\/\/lepatriotebenin.com\/wp-content\/uploads\/2024\/06\/p-vmmmm-585x801.jpeg 585w, https:\/\/lepatriotebenin.com\/wp-content\/uploads\/2024\/06\/p-vmmmm.jpeg 1022w\" sizes=\"(max-width: 748px) 100vw, 748px\" \/><\/figure>\n\n\n\n<figure class=\"wp-block-image size-large\"><img decoding=\"async\" width=\"729\" height=\"1024\" src=\"https:\/\/lepatriotebenin.com\/wp-content\/uploads\/2024\/06\/p1-v-729x1024.jpeg\" alt=\"\" class=\"wp-image-6045\" srcset=\"https:\/\/lepatriotebenin.com\/wp-content\/uploads\/2024\/06\/p1-v-729x1024.jpeg 729w, https:\/\/lepatriotebenin.com\/wp-content\/uploads\/2024\/06\/p1-v-214x300.jpeg 214w, https:\/\/lepatriotebenin.com\/wp-content\/uploads\/2024\/06\/p1-v-585x822.jpeg 585w, https:\/\/lepatriotebenin.com\/wp-content\/uploads\/2024\/06\/p1-v.jpeg 769w\" sizes=\"(max-width: 729px) 100vw, 729px\" \/><\/figure>\n\n\n\n<figure class=\"wp-block-image size-large\"><img decoding=\"async\" width=\"755\" height=\"1024\" src=\"https:\/\/lepatriotebenin.com\/wp-content\/uploads\/2024\/06\/p2v-755x1024.jpeg\" alt=\"\" class=\"wp-image-6046\" srcset=\"https:\/\/lepatriotebenin.com\/wp-content\/uploads\/2024\/06\/p2v-755x1024.jpeg 755w, https:\/\/lepatriotebenin.com\/wp-content\/uploads\/2024\/06\/p2v-221x300.jpeg 221w, https:\/\/lepatriotebenin.com\/wp-content\/uploads\/2024\/06\/p2v-768x1042.jpeg 768w, https:\/\/lepatriotebenin.com\/wp-content\/uploads\/2024\/06\/p2v-585x794.jpeg 585w, https:\/\/lepatriotebenin.com\/wp-content\/uploads\/2024\/06\/p2v-480x650.jpeg 480w, https:\/\/lepatriotebenin.com\/wp-content\/uploads\/2024\/06\/p2v.jpeg 796w\" sizes=\"(max-width: 755px) 100vw, 755px\" \/><\/figure>\n\n\n\n<figure class=\"wp-block-image size-large\"><img loading=\"lazy\" decoding=\"async\" width=\"730\" height=\"1024\" src=\"https:\/\/lepatriotebenin.com\/wp-content\/uploads\/2024\/06\/p3v-730x1024.jpeg\" alt=\"\" class=\"wp-image-6047\" srcset=\"https:\/\/lepatriotebenin.com\/wp-content\/uploads\/2024\/06\/p3v-730x1024.jpeg 730w, https:\/\/lepatriotebenin.com\/wp-content\/uploads\/2024\/06\/p3v-214x300.jpeg 214w, https:\/\/lepatriotebenin.com\/wp-content\/uploads\/2024\/06\/p3v-768x1077.jpeg 768w, https:\/\/lepatriotebenin.com\/wp-content\/uploads\/2024\/06\/p3v-585x820.jpeg 585w, https:\/\/lepatriotebenin.com\/wp-content\/uploads\/2024\/06\/p3v.jpeg 1080w\" sizes=\"(max-width: 730px) 100vw, 730px\" \/><\/figure>\n\n\n\n<p><strong>Les pr\u00e9cisions du Pr\u00e9sident de la CASB, l\u2019He Ibrahima Idrissou<\/strong><\/p>\n\n\n\n<p>A travers la&nbsp; note d\u2019Information N\u00b0005\/06\/CASB en date du 21 juin 2024,&nbsp; sign\u00e9e du Pr\u00e9sident de la CASB, <strong>l\u2019He El Ibrahima Idrissou<\/strong> et adress\u00e9e \u00e0 toutes les F\u00e9d\u00e9rations Nationales de P\u00e9tanque et Assimil\u00e9es, Membres de la CASB des clarifications ont \u00e9t\u00e9 apport\u00e9es \u00e0 cet effet<em>. \u00ab A l\u2019occasion de cette rencontre, la CASB a \u00e9t\u00e9 inform\u00e9e de ce que le m\u00e9rite de la R\u00e9publique du B\u00e9nin \u00e0 travers la F\u00e9d\u00e9ration B\u00e9ninoise de P\u00e9tanque (FBP) a \u00e9t\u00e9 reconnu pour avoir bien organis\u00e9 la 50\u00e8 \u00e9dition des Championnats du monde en septembre 2023 \u00e0 Cotonou, gr\u00e2ce \u00e0 l\u2019implication personnelle du Chef de l\u2019Etat b\u00e9ninois, Son Excellence <strong>Monsieur Patrice TALON<\/strong> et de son Gouvernement \u00bb,<\/em> a-t-il d\u00e9clar\u00e9. A en croire le Pr\u00e9sident de la CASB, la FBP d\u00e9signera en son sein un membre pour aller recevoir ce prix qui n\u2019est pas d\u00e9livr\u00e9 \u00e0 un individu. \u00ab Ainsi, la F\u00e9d\u00e9ration B\u00e9ninoise de P\u00e9tanque (FBP) est invit\u00e9e \u00e0 aller recevoir au nom du B\u00e9nin un Prix d\u2019Excellence \u00e0 Marseille en France le 29 juin 2024. La FBP d\u00e9signera en son sein pour aller recevoir ce prix au nom du B\u00e9nin, un ou des membres de son Comit\u00e9 Ex\u00e9cutif qui ne sont pas sous sanction de la CASB ou de la FIPJP. (\u2026) La CASB tient \u00e0 pr\u00e9ciser que le Prix d\u2019Excellence n\u2019est pas d\u00e9livr\u00e9 \u00e0 un individu mais \u00e0 un pays \u00e0 travers sa F\u00e9d\u00e9ration nationale \u00bb, a conclu le Pr\u00e9sident de la CASB, l\u2019He El Hadj Ibrahima Idrissou.<\/p>\n\n\n\n<p><strong>Les observations apr\u00e8s la Mission de la CASB aupr\u00e8s de la FIPJP \u00e0 Paris<\/strong><\/p>\n\n\n\n<p>Outre la note d\u2019Information, le Pr\u00e9sident de la CASB, l\u2019He El Hadj Idrissou Ibrahima \u00e0 travers la correspondance&nbsp; <strong>LN\u00b0063\/CASB.PDT\/SP en date du 21 juin 2024<\/strong> a saisi le Pr\u00e9sident de la FIPJP \u00e0 propos de la Mission de la CASB qu\u2019il a d\u00e9p\u00each\u00e9e aupr\u00e8s de l\u2019instance dont il a la charge (FIPJP) \u00e0 Paris. Dans cette lettre, le premier responsable des Sports Boules en Afrique a fait quelques observations apr\u00e8s le compte rendu qui lui a \u00e9t\u00e9 fait. Il s\u2019agit entre autres des tendances qui visent \u00e0 rompre avec les Championnats d\u2019Afrique qualificatifs qui permettent de d\u00e9signer les repr\u00e9sentants africains aux Championnats du monde ; du sacrifice et de l\u2019abn\u00e9gation de la CASB \u00e0 donner plus de visibilit\u00e9 \u00e0 la FIPJP ; de la reconduction \u00e0 l\u2019unanimit\u00e9 des d\u00e9l\u00e9gu\u00e9s pr\u00e9sents et repr\u00e9sent\u00e9s du Pr\u00e9sident de la CASB qui avait pourtant d\u00e9pos\u00e9 le tablier et la nouvelle mission de l\u2019Assembl\u00e9e G\u00e9n\u00e9rale, celle d\u2019aider la CASB \u00e0 avoir de bons textes fondamentaux en conformit\u00e9 avec les textes de la FIPJP. A cet effet, <em>\u00ab je m\u2019attacherai \u00e0 remplir seulement cette mission \u00bb,<\/em> a-t-il conclu. Il a pour finir demander que la CASB soit inscrite lors du prochain congr\u00e8s de la FIPJP en d\u00e9cembre 2024 \u00e0 Dijon pour pr\u00e9senter les r\u00e9els probl\u00e8mes et enjeux qui risquent \u00e0 l\u2019avenir de rendre la CASB non op\u00e9rationnelle apr\u00e8s tant d\u2019ann\u00e9es de dur labeur.<\/p>\n\n\n\n<p>\u00a0<\/p>\n","protected":false},"excerpt":{"rendered":"<p>Apr\u00e8s une parfaite organisation des 50\u00e8 Championnats du monde de P\u00e9tanque qui ont eu lieu \u00e0 Cotonou courant septembre 2023, le B\u00e9nin reste toujours sous les feux de la rampe.&hellip;<\/p>\n","protected":false},"author":6,"featured_media":6043,"comment_status":"open","ping_status":"open","sticky":false,"template":"","format":"standard","meta":{"content-type":"","om_disable_all_campaigns":false,"_monsterinsights_skip_tracking":false,"_monsterinsights_sitenote_active":false,"_monsterinsights_sitenote_note":"","_monsterinsights_sitenote_category":0,"_uf_show_specific_survey":0,"_uf_disable_surveys":false,"footnotes":""},"categories":[8],"tags":[],"class_list":["post-6042","post","type-post","status-publish","format-standard","has-post-thumbnail","hentry","category-sport"],"aioseo_notices":[],"yoast_head":"<!-- This site is optimized with the Yoast SEO plugin v27.5 - https:\/\/yoast.com\/product\/yoast-seo-wordpress\/ -->\n<title>Apr\u00e8s une bonne organisation des 50\u00e8 Mondiaux de P\u00e9tanque : Le B\u00e9nin distingu\u00e9 le 29 juin en France \u00a0 - Le Patriote<\/title>\n<meta name=\"robots\" content=\"index, follow, max-snippet:-1, max-image-preview:large, max-video-preview:-1\" \/>\n<link rel=\"canonical\" href=\"https:\/\/lepatriotebenin.com\/index.php\/2024\/06\/24\/apres-une-bonne-organisation-des-50e-championnats-du-monde-de-petanque-le-benin-distingue-le-29-juin-a-marseille-en-france\/\" \/>\n<meta property=\"og:locale\" content=\"fr_FR\" \/>\n<meta property=\"og:type\" content=\"article\" \/>\n<meta property=\"og:title\" content=\"Apr\u00e8s une bonne organisation des 50\u00e8 Mondiaux de P\u00e9tanque : Le B\u00e9nin distingu\u00e9 le 29 juin en France \u00a0 - Le Patriote\" \/>\n<meta property=\"og:description\" content=\"Apr\u00e8s une parfaite organisation des 50\u00e8 Championnats du monde de P\u00e9tanque qui ont eu lieu \u00e0 Cotonou courant septembre 2023, le B\u00e9nin reste toujours sous les feux de la rampe.&hellip;\" \/>\n<meta property=\"og:url\" content=\"https:\/\/lepatriotebenin.com\/index.php\/2024\/06\/24\/apres-une-bonne-organisation-des-50e-championnats-du-monde-de-petanque-le-benin-distingue-le-29-juin-a-marseille-en-france\/\" \/>\n<meta property=\"og:site_name\" content=\"Le Patriote\" \/>\n<meta property=\"article:published_time\" content=\"2024-06-24T03:01:52+00:00\" \/>\n<meta property=\"article:modified_time\" content=\"2024-06-24T03:04:30+00:00\" \/>\n<meta property=\"og:image\" content=\"https:\/\/lepatriotebenin.com\/wp-content\/uploads\/2024\/06\/idrissou-v-1.jpeg\" \/>\n\t<meta property=\"og:image:width\" content=\"1600\" \/>\n\t<meta property=\"og:image:height\" content=\"1066\" \/>\n\t<meta property=\"og:image:type\" content=\"image\/jpeg\" \/>\n<meta name=\"author\" content=\"Roland AFFANOU\" \/>\n<meta name=\"twitter:card\" content=\"summary_large_image\" \/>\n<meta name=\"twitter:label1\" content=\"\u00c9crit par\" \/>\n\t<meta name=\"twitter:data1\" content=\"Roland AFFANOU\" \/>\n\t<meta name=\"twitter:label2\" content=\"Dur\u00e9e de lecture estim\u00e9e\" \/>\n\t<meta name=\"twitter:data2\" content=\"4 minutes\" \/>\n<script type=\"application\/ld+json\" class=\"yoast-schema-graph\">{\"@context\":\"https:\\\/\\\/schema.org\",\"@graph\":[{\"@type\":\"Article\",\"@id\":\"https:\\\/\\\/lepatriotebenin.com\\\/index.php\\\/2024\\\/06\\\/24\\\/apres-une-bonne-organisation-des-50e-championnats-du-monde-de-petanque-le-benin-distingue-le-29-juin-a-marseille-en-france\\\/#article\",\"isPartOf\":{\"@id\":\"https:\\\/\\\/lepatriotebenin.com\\\/index.php\\\/2024\\\/06\\\/24\\\/apres-une-bonne-organisation-des-50e-championnats-du-monde-de-petanque-le-benin-distingue-le-29-juin-a-marseille-en-france\\\/\"},\"author\":{\"name\":\"Roland AFFANOU\",\"@id\":\"https:\\\/\\\/lepatriotebenin.com\\\/#\\\/schema\\\/person\\\/4a9b67216c97d04045e01405c534c91f\"},\"headline\":\"Apr\u00e8s une bonne organisation des 50\u00e8 Mondiaux de P\u00e9tanque : Le B\u00e9nin distingu\u00e9 le 29 juin en France \u00a0\",\"datePublished\":\"2024-06-24T03:01:52+00:00\",\"dateModified\":\"2024-06-24T03:04:30+00:00\",\"mainEntityOfPage\":{\"@id\":\"https:\\\/\\\/lepatriotebenin.com\\\/index.php\\\/2024\\\/06\\\/24\\\/apres-une-bonne-organisation-des-50e-championnats-du-monde-de-petanque-le-benin-distingue-le-29-juin-a-marseille-en-france\\\/\"},\"wordCount\":687,\"commentCount\":0,\"image\":{\"@id\":\"https:\\\/\\\/lepatriotebenin.com\\\/index.php\\\/2024\\\/06\\\/24\\\/apres-une-bonne-organisation-des-50e-championnats-du-monde-de-petanque-le-benin-distingue-le-29-juin-a-marseille-en-france\\\/#primaryimage\"},\"thumbnailUrl\":\"https:\\\/\\\/lepatriotebenin.com\\\/wp-content\\\/uploads\\\/2024\\\/06\\\/idrissou-v-1.jpeg\",\"articleSection\":[\"Sport\"],\"inLanguage\":\"fr-FR\",\"potentialAction\":[{\"@type\":\"CommentAction\",\"name\":\"Comment\",\"target\":[\"https:\\\/\\\/lepatriotebenin.com\\\/index.php\\\/2024\\\/06\\\/24\\\/apres-une-bonne-organisation-des-50e-championnats-du-monde-de-petanque-le-benin-distingue-le-29-juin-a-marseille-en-france\\\/#respond\"]}]},{\"@type\":\"WebPage\",\"@id\":\"https:\\\/\\\/lepatriotebenin.com\\\/index.php\\\/2024\\\/06\\\/24\\\/apres-une-bonne-organisation-des-50e-championnats-du-monde-de-petanque-le-benin-distingue-le-29-juin-a-marseille-en-france\\\/\",\"url\":\"https:\\\/\\\/lepatriotebenin.com\\\/index.php\\\/2024\\\/06\\\/24\\\/apres-une-bonne-organisation-des-50e-championnats-du-monde-de-petanque-le-benin-distingue-le-29-juin-a-marseille-en-france\\\/\",\"name\":\"Apr\u00e8s une bonne organisation des 50\u00e8 Mondiaux de P\u00e9tanque : Le B\u00e9nin distingu\u00e9 le 29 juin en France \u00a0 - Le Patriote\",\"isPartOf\":{\"@id\":\"https:\\\/\\\/lepatriotebenin.com\\\/#website\"},\"primaryImageOfPage\":{\"@id\":\"https:\\\/\\\/lepatriotebenin.com\\\/index.php\\\/2024\\\/06\\\/24\\\/apres-une-bonne-organisation-des-50e-championnats-du-monde-de-petanque-le-benin-distingue-le-29-juin-a-marseille-en-france\\\/#primaryimage\"},\"image\":{\"@id\":\"https:\\\/\\\/lepatriotebenin.com\\\/index.php\\\/2024\\\/06\\\/24\\\/apres-une-bonne-organisation-des-50e-championnats-du-monde-de-petanque-le-benin-distingue-le-29-juin-a-marseille-en-france\\\/#primaryimage\"},\"thumbnailUrl\":\"https:\\\/\\\/lepatriotebenin.com\\\/wp-content\\\/uploads\\\/2024\\\/06\\\/idrissou-v-1.jpeg\",\"datePublished\":\"2024-06-24T03:01:52+00:00\",\"dateModified\":\"2024-06-24T03:04:30+00:00\",\"author\":{\"@id\":\"https:\\\/\\\/lepatriotebenin.com\\\/#\\\/schema\\\/person\\\/4a9b67216c97d04045e01405c534c91f\"},\"breadcrumb\":{\"@id\":\"https:\\\/\\\/lepatriotebenin.com\\\/index.php\\\/2024\\\/06\\\/24\\\/apres-une-bonne-organisation-des-50e-championnats-du-monde-de-petanque-le-benin-distingue-le-29-juin-a-marseille-en-france\\\/#breadcrumb\"},\"inLanguage\":\"fr-FR\",\"potentialAction\":[{\"@type\":\"ReadAction\",\"target\":[\"https:\\\/\\\/lepatriotebenin.com\\\/index.php\\\/2024\\\/06\\\/24\\\/apres-une-bonne-organisation-des-50e-championnats-du-monde-de-petanque-le-benin-distingue-le-29-juin-a-marseille-en-france\\\/\"]}]},{\"@type\":\"ImageObject\",\"inLanguage\":\"fr-FR\",\"@id\":\"https:\\\/\\\/lepatriotebenin.com\\\/index.php\\\/2024\\\/06\\\/24\\\/apres-une-bonne-organisation-des-50e-championnats-du-monde-de-petanque-le-benin-distingue-le-29-juin-a-marseille-en-france\\\/#primaryimage\",\"url\":\"https:\\\/\\\/lepatriotebenin.com\\\/wp-content\\\/uploads\\\/2024\\\/06\\\/idrissou-v-1.jpeg\",\"contentUrl\":\"https:\\\/\\\/lepatriotebenin.com\\\/wp-content\\\/uploads\\\/2024\\\/06\\\/idrissou-v-1.jpeg\",\"width\":1600,\"height\":1066},{\"@type\":\"BreadcrumbList\",\"@id\":\"https:\\\/\\\/lepatriotebenin.com\\\/index.php\\\/2024\\\/06\\\/24\\\/apres-une-bonne-organisation-des-50e-championnats-du-monde-de-petanque-le-benin-distingue-le-29-juin-a-marseille-en-france\\\/#breadcrumb\",\"itemListElement\":[{\"@type\":\"ListItem\",\"position\":1,\"name\":\"Accueil\",\"item\":\"https:\\\/\\\/lepatriotebenin.com\\\/\"},{\"@type\":\"ListItem\",\"position\":2,\"name\":\"Apr\u00e8s une bonne organisation des 50\u00e8 Mondiaux de P\u00e9tanque : Le B\u00e9nin distingu\u00e9 le 29 juin en France \u00a0\"}]},{\"@type\":\"WebSite\",\"@id\":\"https:\\\/\\\/lepatriotebenin.com\\\/#website\",\"url\":\"https:\\\/\\\/lepatriotebenin.com\\\/\",\"name\":\"Le Patriote\",\"description\":\"Le Patriote B\u00e9nin\",\"potentialAction\":[{\"@type\":\"SearchAction\",\"target\":{\"@type\":\"EntryPoint\",\"urlTemplate\":\"https:\\\/\\\/lepatriotebenin.com\\\/?s={search_term_string}\"},\"query-input\":{\"@type\":\"PropertyValueSpecification\",\"valueRequired\":true,\"valueName\":\"search_term_string\"}}],\"inLanguage\":\"fr-FR\"},{\"@type\":\"Person\",\"@id\":\"https:\\\/\\\/lepatriotebenin.com\\\/#\\\/schema\\\/person\\\/4a9b67216c97d04045e01405c534c91f\",\"name\":\"Roland AFFANOU\",\"image\":{\"@type\":\"ImageObject\",\"inLanguage\":\"fr-FR\",\"@id\":\"https:\\\/\\\/secure.gravatar.com\\\/avatar\\\/7209d3f6d2d47ea4d0c67e14d3effb61feb10ae540a4381280c66265de5bd643?s=96&d=mm&r=g\",\"url\":\"https:\\\/\\\/secure.gravatar.com\\\/avatar\\\/7209d3f6d2d47ea4d0c67e14d3effb61feb10ae540a4381280c66265de5bd643?s=96&d=mm&r=g\",\"contentUrl\":\"https:\\\/\\\/secure.gravatar.com\\\/avatar\\\/7209d3f6d2d47ea4d0c67e14d3effb61feb10ae540a4381280c66265de5bd643?s=96&d=mm&r=g\",\"caption\":\"Roland AFFANOU\"},\"url\":\"https:\\\/\\\/lepatriotebenin.com\"}]}<\/script>\n<!-- \/ Yoast SEO plugin. -->","yoast_head_json":{"title":"Apr\u00e8s une bonne organisation des 50\u00e8 Mondiaux de P\u00e9tanque : Le B\u00e9nin distingu\u00e9 le 29 juin en France \u00a0 - Le Patriote","robots":{"index":"index","follow":"follow","max-snippet":"max-snippet:-1","max-image-preview":"max-image-preview:large","max-video-preview":"max-video-preview:-1"},"canonical":"https:\/\/lepatriotebenin.com\/index.php\/2024\/06\/24\/apres-une-bonne-organisation-des-50e-championnats-du-monde-de-petanque-le-benin-distingue-le-29-juin-a-marseille-en-france\/","og_locale":"fr_FR","og_type":"article","og_title":"Apr\u00e8s une bonne organisation des 50\u00e8 Mondiaux de P\u00e9tanque : Le B\u00e9nin distingu\u00e9 le 29 juin en France \u00a0 - Le Patriote","og_description":"Apr\u00e8s une parfaite organisation des 50\u00e8 Championnats du monde de P\u00e9tanque qui ont eu lieu \u00e0 Cotonou courant septembre 2023, le B\u00e9nin reste toujours sous les feux de la rampe.&hellip;","og_url":"https:\/\/lepatriotebenin.com\/index.php\/2024\/06\/24\/apres-une-bonne-organisation-des-50e-championnats-du-monde-de-petanque-le-benin-distingue-le-29-juin-a-marseille-en-france\/","og_site_name":"Le Patriote","article_published_time":"2024-06-24T03:01:52+00:00","article_modified_time":"2024-06-24T03:04:30+00:00","og_image":[{"width":1600,"height":1066,"url":"https:\/\/lepatriotebenin.com\/wp-content\/uploads\/2024\/06\/idrissou-v-1.jpeg","type":"image\/jpeg"}],"author":"Roland AFFANOU","twitter_card":"summary_large_image","twitter_misc":{"\u00c9crit par":"Roland AFFANOU","Dur\u00e9e de lecture estim\u00e9e":"4 minutes"},"schema":{"@context":"https:\/\/schema.org","@graph":[{"@type":"Article","@id":"https:\/\/lepatriotebenin.com\/index.php\/2024\/06\/24\/apres-une-bonne-organisation-des-50e-championnats-du-monde-de-petanque-le-benin-distingue-le-29-juin-a-marseille-en-france\/#article","isPartOf":{"@id":"https:\/\/lepatriotebenin.com\/index.php\/2024\/06\/24\/apres-une-bonne-organisation-des-50e-championnats-du-monde-de-petanque-le-benin-distingue-le-29-juin-a-marseille-en-france\/"},"author":{"name":"Roland AFFANOU","@id":"https:\/\/lepatriotebenin.com\/#\/schema\/person\/4a9b67216c97d04045e01405c534c91f"},"headline":"Apr\u00e8s une bonne organisation des 50\u00e8 Mondiaux de P\u00e9tanque : Le B\u00e9nin distingu\u00e9 le 29 juin en France \u00a0","datePublished":"2024-06-24T03:01:52+00:00","dateModified":"2024-06-24T03:04:30+00:00","mainEntityOfPage":{"@id":"https:\/\/lepatriotebenin.com\/index.php\/2024\/06\/24\/apres-une-bonne-organisation-des-50e-championnats-du-monde-de-petanque-le-benin-distingue-le-29-juin-a-marseille-en-france\/"},"wordCount":687,"commentCount":0,"image":{"@id":"https:\/\/lepatriotebenin.com\/index.php\/2024\/06\/24\/apres-une-bonne-organisation-des-50e-championnats-du-monde-de-petanque-le-benin-distingue-le-29-juin-a-marseille-en-france\/#primaryimage"},"thumbnailUrl":"https:\/\/lepatriotebenin.com\/wp-content\/uploads\/2024\/06\/idrissou-v-1.jpeg","articleSection":["Sport"],"inLanguage":"fr-FR","potentialAction":[{"@type":"CommentAction","name":"Comment","target":["https:\/\/lepatriotebenin.com\/index.php\/2024\/06\/24\/apres-une-bonne-organisation-des-50e-championnats-du-monde-de-petanque-le-benin-distingue-le-29-juin-a-marseille-en-france\/#respond"]}]},{"@type":"WebPage","@id":"https:\/\/lepatriotebenin.com\/index.php\/2024\/06\/24\/apres-une-bonne-organisation-des-50e-championnats-du-monde-de-petanque-le-benin-distingue-le-29-juin-a-marseille-en-france\/","url":"https:\/\/lepatriotebenin.com\/index.php\/2024\/06\/24\/apres-une-bonne-organisation-des-50e-championnats-du-monde-de-petanque-le-benin-distingue-le-29-juin-a-marseille-en-france\/","name":"Apr\u00e8s une bonne organisation des 50\u00e8 Mondiaux de P\u00e9tanque : Le B\u00e9nin distingu\u00e9 le 29 juin en France \u00a0 - Le Patriote","isPartOf":{"@id":"https:\/\/lepatriotebenin.com\/#website"},"primaryImageOfPage":{"@id":"https:\/\/lepatriotebenin.com\/index.php\/2024\/06\/24\/apres-une-bonne-organisation-des-50e-championnats-du-monde-de-petanque-le-benin-distingue-le-29-juin-a-marseille-en-france\/#primaryimage"},"image":{"@id":"https:\/\/lepatriotebenin.com\/index.php\/2024\/06\/24\/apres-une-bonne-organisation-des-50e-championnats-du-monde-de-petanque-le-benin-distingue-le-29-juin-a-marseille-en-france\/#primaryimage"},"thumbnailUrl":"https:\/\/lepatriotebenin.com\/wp-content\/uploads\/2024\/06\/idrissou-v-1.jpeg","datePublished":"2024-06-24T03:01:52+00:00","dateModified":"2024-06-24T03:04:30+00:00","author":{"@id":"https:\/\/lepatriotebenin.com\/#\/schema\/person\/4a9b67216c97d04045e01405c534c91f"},"breadcrumb":{"@id":"https:\/\/lepatriotebenin.com\/index.php\/2024\/06\/24\/apres-une-bonne-organisation-des-50e-championnats-du-monde-de-petanque-le-benin-distingue-le-29-juin-a-marseille-en-france\/#breadcrumb"},"inLanguage":"fr-FR","potentialAction":[{"@type":"ReadAction","target":["https:\/\/lepatriotebenin.com\/index.php\/2024\/06\/24\/apres-une-bonne-organisation-des-50e-championnats-du-monde-de-petanque-le-benin-distingue-le-29-juin-a-marseille-en-france\/"]}]},{"@type":"ImageObject","inLanguage":"fr-FR","@id":"https:\/\/lepatriotebenin.com\/index.php\/2024\/06\/24\/apres-une-bonne-organisation-des-50e-championnats-du-monde-de-petanque-le-benin-distingue-le-29-juin-a-marseille-en-france\/#primaryimage","url":"https:\/\/lepatriotebenin.com\/wp-content\/uploads\/2024\/06\/idrissou-v-1.jpeg","contentUrl":"https:\/\/lepatriotebenin.com\/wp-content\/uploads\/2024\/06\/idrissou-v-1.jpeg","width":1600,"height":1066},{"@type":"BreadcrumbList","@id":"https:\/\/lepatriotebenin.com\/index.php\/2024\/06\/24\/apres-une-bonne-organisation-des-50e-championnats-du-monde-de-petanque-le-benin-distingue-le-29-juin-a-marseille-en-france\/#breadcrumb","itemListElement":[{"@type":"ListItem","position":1,"name":"Accueil","item":"https:\/\/lepatriotebenin.com\/"},{"@type":"ListItem","position":2,"name":"Apr\u00e8s une bonne organisation des 50\u00e8 Mondiaux de P\u00e9tanque : Le B\u00e9nin distingu\u00e9 le 29 juin en France \u00a0"}]},{"@type":"WebSite","@id":"https:\/\/lepatriotebenin.com\/#website","url":"https:\/\/lepatriotebenin.com\/","name":"Le Patriote","description":"Le Patriote B\u00e9nin","potentialAction":[{"@type":"SearchAction","target":{"@type":"EntryPoint","urlTemplate":"https:\/\/lepatriotebenin.com\/?s={search_term_string}"},"query-input":{"@type":"PropertyValueSpecification","valueRequired":true,"valueName":"search_term_string"}}],"inLanguage":"fr-FR"},{"@type":"Person","@id":"https:\/\/lepatriotebenin.com\/#\/schema\/person\/4a9b67216c97d04045e01405c534c91f","name":"Roland AFFANOU","image":{"@type":"ImageObject","inLanguage":"fr-FR","@id":"https:\/\/secure.gravatar.com\/avatar\/7209d3f6d2d47ea4d0c67e14d3effb61feb10ae540a4381280c66265de5bd643?s=96&d=mm&r=g","url":"https:\/\/secure.gravatar.com\/avatar\/7209d3f6d2d47ea4d0c67e14d3effb61feb10ae540a4381280c66265de5bd643?s=96&d=mm&r=g","contentUrl":"https:\/\/secure.gravatar.com\/avatar\/7209d3f6d2d47ea4d0c67e14d3effb61feb10ae540a4381280c66265de5bd643?s=96&d=mm&r=g","caption":"Roland AFFANOU"},"url":"https:\/\/lepatriotebenin.com"}]}},"_links":{"self":[{"href":"https:\/\/lepatriotebenin.com\/index.php\/wp-json\/wp\/v2\/posts\/6042","targetHints":{"allow":["GET"]}}],"collection":[{"href":"https:\/\/lepatriotebenin.com\/index.php\/wp-json\/wp\/v2\/posts"}],"about":[{"href":"https:\/\/lepatriotebenin.com\/index.php\/wp-json\/wp\/v2\/types\/post"}],"author":[{"embeddable":true,"href":"https:\/\/lepatriotebenin.com\/index.php\/wp-json\/wp\/v2\/users\/6"}],"replies":[{"embeddable":true,"href":"https:\/\/lepatriotebenin.com\/index.php\/wp-json\/wp\/v2\/comments?post=6042"}],"version-history":[{"count":2,"href":"https:\/\/lepatriotebenin.com\/index.php\/wp-json\/wp\/v2\/posts\/6042\/revisions"}],"predecessor-version":[{"id":6050,"href":"https:\/\/lepatriotebenin.com\/index.php\/wp-json\/wp\/v2\/posts\/6042\/revisions\/6050"}],"wp:featuredmedia":[{"embeddable":true,"href":"https:\/\/lepatriotebenin.com\/index.php\/wp-json\/wp\/v2\/media\/6043"}],"wp:attachment":[{"href":"https:\/\/lepatriotebenin.com\/index.php\/wp-json\/wp\/v2\/media?parent=6042"}],"wp:term":[{"taxonomy":"category","embeddable":true,"href":"https:\/\/lepatriotebenin.com\/index.php\/wp-json\/wp\/v2\/categories?post=6042"},{"taxonomy":"post_tag","embeddable":true,"href":"https:\/\/lepatriotebenin.com\/index.php\/wp-json\/wp\/v2\/tags?post=6042"}],"curies":[{"name":"wp","href":"https:\/\/api.w.org\/{rel}","templated":true}]}}