{"id":6037,"date":"2024-06-24T03:05:00","date_gmt":"2024-06-24T01:05:00","guid":{"rendered":"https:\/\/lepatriotebenin.com\/?p=6037"},"modified":"2024-06-24T03:11:36","modified_gmt":"2024-06-24T01:11:36","slug":"crise-benino-nigerienne-lhonorable-tairou-imorou-denonce-puis-recommande","status":"publish","type":"post","link":"https:\/\/lepatriotebenin.com\/index.php\/2024\/06\/24\/crise-benino-nigerienne-lhonorable-tairou-imorou-denonce-puis-recommande\/","title":{"rendered":"Crise B\u00e9nino-nig\u00e9rienne : \u00a0L\u2019honorable Ta\u00efrou Imorou, d\u00e9nonce puis recommande"},"content":{"rendered":"\n<p>La crise qui pollue les relations entre le B\u00e9nin et Niger depuis Juillet 2023 ne laisse personne indiff\u00e9rent. La repr\u00e9sentation nationale surtout les d\u00e9put\u00e9s de l\u2019opposition ne dig\u00e8rent pas la mani\u00e8re dont le gouvernement \u00abqui est \u00e0 l\u2019origine de cette crise\u00bb, g\u00e8re la situation devenue pesante sur le quotidien des deux peuples fr\u00e8res. Dans un message, l\u2019honorable Ta\u00efrou IMOROU, \u00e9lu d\u00e9mocrate de la 13\u00e8me Circonscription \u00e9lectorale d\u00e9nonce la m\u00e9thode Talon dans la gestion de cette crise, regr\u00e8tte l\u2019isolement diplomatique du B\u00e9nin,&nbsp; fustige la noyade de la diplomatie b\u00e9ninoise par le r\u00e9gime Talon, s\u2019inqui\u00e8te de la tournure que prend cette situation et fait des recommandes pour un d\u00e9nouement heureux de la crise.<\/p>\n\n\n\n<p>Lire l\u2019int\u00e9gralit\u00e9 de son message<\/p>\n\n\n\n<p>Message d\u2019appel \u00e0 la paix de l\u2019honorable Ta\u00efrou IMOROU pour le d\u00e9nouement de la crise entre le B\u00e9nin et le Niger<\/p>\n\n\n\n<p>Peuple b\u00e9ninois,<\/p>\n\n\n\n<p>Mes chers concitoyens,<\/p>\n\n\n\n<p>Depuis plusieurs ann\u00e9es, notre pays le B\u00e9nin traverse une crise diplomatique jamais v\u00e9cue depuis 1960 o\u00f9 notre Nation acc\u00e9dait \u00e0 l\u2019ind\u00e9pendance. Notre pays s\u2019isole dans un monde pourtant globalis\u00e9 qui appelle \u00e0 une synergie d\u2019actions pour le d\u00e9veloppement des peuples surtout africains que nous sommes.<\/p>\n\n\n\n<p>Le pr\u00e9sident Patrice Talon et son gouvernement ont transform\u00e9 le B\u00e9nin en un couvent auquel aucun pays voisin n\u2019a acc\u00e8s. La politique de la ruse et de la rage adopt\u00e9e par ce r\u00e9gime dit de la rupture a an\u00e9anti tous les efforts consentis par les r\u00e9gimes pr\u00e9c\u00e9dents&nbsp; et qui ont fait rayonner notre nation \u00e0 travers le monde.<\/p>\n\n\n\n<p>En 2019, les fronti\u00e8res entre le B\u00e9nin et le Nigeria ont \u00e9t\u00e9 ferm\u00e9es pendant plus d\u2019un an.<\/p>\n\n\n\n<p>Depuis les campagnes agricoles de la derni\u00e8re saison, le gouvernement du B\u00e9nin a pris des mesures qui apparaissent clairement aujourd\u2019hui&nbsp; comme une fermeture des fronti\u00e8res entre notre pays et le Togo voisin. De toute \u00e9vidence, l\u2019\u2019ouverture de grandes et longues tranch\u00e9es ainsi que l\u2019utilisation de grosses pierres pour bloquer les voies d\u2019acc\u00e8s au Togo dans le but d\u2019empecher les producteurs d\u2019exporter leurs Cajou et Soja, est une fermeture d\u00e9guis\u00e9e des fronti\u00e8res entre les deux pays fr\u00e8res.<\/p>\n\n\n\n<p>Le pire aujourd\u2019hui reste la situation qui pr\u00e9vaut entre le B\u00e9nin et le Niger. De jour en jour, les relations entre les deux \u00c9tats pourrissent mettant en ins\u00e9curit\u00e9 totale les deux peuples pourtant fr\u00e8res.<\/p>\n\n\n\n<p>En notre qualit\u00e9 d\u2019\u00e9lu du peuple, nous voudrions inviter le gouvernement b\u00e9ninois \u00e0&nbsp; ramener compl\u00e8tement la balle \u00e0 terre pour d\u00e9nouer cette crise qui a trop perdur\u00e9, car \u00e0 vouloir trop tirer sur la corde elle finit par se casser, quelque soit sa rigidit\u00e9.<\/p>\n\n\n\n<p>Je voudrais \u00e9galement m\u2019associer aux souffrances des peuples nig\u00e9rien et b\u00e9ninois,&nbsp; saluer leurs sacrifices et surtout le calme qui les caract\u00e9risent depuis la fermeture des fronti\u00e8res entre nos deux \u00c9tats. Je m\u2019en voudrais de ne pas reconna\u00eetre la maturit\u00e9 des b\u00e9ninois qui, malgr\u00e9 la rage avec laquelle le gouvernement b\u00e9ninois g\u00e8re cette crise avec le Niger, la fraternit\u00e9 reconnue \u00e0 nos fr\u00e8res et soeurs nigeriens ici au B\u00e9nin comme au Niger n\u2019est nullement compromise.<\/p>\n\n\n\n<p>Je voudrais rassurer les peuples fr\u00e8res du B\u00e9nin et du Niger que le bout du tunnel n\u2019est plus loin. Dieu fera notre combat surtout face \u00e0&nbsp; un r\u00e9gime dit de la rupture qui se pr\u00e9occupe de tout sauf du bien \u00eatre de la masse.<\/p>\n\n\n\n<p>Comme dit la sagesse, \u00abLe m\u00e9decin soigne, mais c\u2019est Dieu qui gu\u00e9rit\u00bb. Dieu ne nous \u00e0 pas fait voisins l\u2019un de l\u2019autre au hasard. Nous ne partageons pas les m\u00eames fronti\u00e8res au hasard. C\u2019est l\u2019oeuvre de Dieu. Nig\u00e9riennes comme b\u00e9ninoises ou ailleurs, les autorit\u00e9s sont les m\u00e9decins qui soignent les peuples. Mais c\u2019est Dieu qui les gu\u00e9rit. Inverser ces r\u00f4les est tr\u00e8s dangereux pour la paix et la qui\u00e9tude des peuples fr\u00e8res que Dieu a voulu certainement gu\u00e9rir en les faisant voisins.<\/p>\n\n\n\n<p>A cet effet, j\u2019invite les autorit\u00e9s des deux pays surtout celles b\u00e9ninoises \u00e0 faire le n\u00e9cessaire afin de r\u00e9tablir les relations de bon voisinage qu\u2019entretenaient nos deux pays et favoriser les \u00e9changes commerciaux entre les deux \u00c9tats. Ce qui unit le B\u00e9nin et le Niger est plus fort que ce qui divise leurs dirigeants d\u2019aujourd\u2019hui.<\/p>\n\n\n\n<p>Vive le B\u00e9nin<\/p>\n\n\n\n<p>Vive le Niger<\/p>\n\n\n\n<p>Viviers les peuples fr\u00e8res de nos deux pays<\/p>\n\n\n\n<p>Vive la paix et le bon voisinage<\/p>\n\n\n\n<p>L\u2019honorable Ta\u00efrpu D\u00e9put\u00e9, \u00e9lu d\u00e9mocrate de la 13\u00e8me circonscription \u00e9lectorale<\/p>\n","protected":false},"excerpt":{"rendered":"<p>La crise qui pollue les relations entre le B\u00e9nin et Niger depuis Juillet 2023 ne laisse personne indiff\u00e9rent. La repr\u00e9sentation nationale surtout les d\u00e9put\u00e9s de l\u2019opposition ne dig\u00e8rent pas la&hellip;<\/p>\n","protected":false},"author":5,"featured_media":6038,"comment_status":"open","ping_status":"open","sticky":false,"template":"","format":"standard","meta":{"content-type":"","om_disable_all_campaigns":false,"_monsterinsights_skip_tracking":false,"_monsterinsights_sitenote_active":false,"_monsterinsights_sitenote_note":"","_monsterinsights_sitenote_category":0,"_uf_show_specific_survey":0,"_uf_disable_surveys":false,"footnotes":""},"categories":[9],"tags":[],"class_list":["post-6037","post","type-post","status-publish","format-standard","has-post-thumbnail","hentry","category-uncategorized"],"aioseo_notices":[],"yoast_head":"<!-- This site is optimized with the Yoast SEO plugin v27.5 - https:\/\/yoast.com\/product\/yoast-seo-wordpress\/ -->\n<title>Crise B\u00e9nino-nig\u00e9rienne : \u00a0L\u2019honorable Ta\u00efrou Imorou, d\u00e9nonce puis recommande - Le Patriote<\/title>\n<meta name=\"robots\" content=\"index, follow, max-snippet:-1, max-image-preview:large, max-video-preview:-1\" \/>\n<link rel=\"canonical\" href=\"https:\/\/lepatriotebenin.com\/index.php\/2024\/06\/24\/crise-benino-nigerienne-lhonorable-tairou-imorou-denonce-puis-recommande\/\" \/>\n<meta property=\"og:locale\" content=\"fr_FR\" \/>\n<meta property=\"og:type\" content=\"article\" \/>\n<meta property=\"og:title\" content=\"Crise B\u00e9nino-nig\u00e9rienne : \u00a0L\u2019honorable Ta\u00efrou Imorou, d\u00e9nonce puis recommande - Le Patriote\" \/>\n<meta property=\"og:description\" content=\"La crise qui pollue les relations entre le B\u00e9nin et Niger depuis Juillet 2023 ne laisse personne indiff\u00e9rent. La repr\u00e9sentation nationale surtout les d\u00e9put\u00e9s de l\u2019opposition ne dig\u00e8rent pas la&hellip;\" \/>\n<meta property=\"og:url\" content=\"https:\/\/lepatriotebenin.com\/index.php\/2024\/06\/24\/crise-benino-nigerienne-lhonorable-tairou-imorou-denonce-puis-recommande\/\" \/>\n<meta property=\"og:site_name\" content=\"Le Patriote\" \/>\n<meta property=\"article:published_time\" content=\"2024-06-24T01:05:00+00:00\" \/>\n<meta property=\"article:modified_time\" content=\"2024-06-24T01:11:36+00:00\" \/>\n<meta property=\"og:image\" content=\"https:\/\/lepatriotebenin.com\/wp-content\/uploads\/2024\/06\/tairou.jpeg\" \/>\n\t<meta property=\"og:image:width\" content=\"771\" \/>\n\t<meta property=\"og:image:height\" content=\"1080\" \/>\n\t<meta property=\"og:image:type\" content=\"image\/jpeg\" \/>\n<meta name=\"author\" content=\"Redaction\" \/>\n<meta name=\"twitter:card\" content=\"summary_large_image\" \/>\n<meta name=\"twitter:label1\" content=\"\u00c9crit par\" \/>\n\t<meta name=\"twitter:data1\" content=\"Redaction\" \/>\n\t<meta name=\"twitter:label2\" content=\"Dur\u00e9e de lecture estim\u00e9e\" \/>\n\t<meta name=\"twitter:data2\" content=\"4 minutes\" \/>\n<script type=\"application\/ld+json\" class=\"yoast-schema-graph\">{\"@context\":\"https:\\\/\\\/schema.org\",\"@graph\":[{\"@type\":\"Article\",\"@id\":\"https:\\\/\\\/lepatriotebenin.com\\\/index.php\\\/2024\\\/06\\\/24\\\/crise-benino-nigerienne-lhonorable-tairou-imorou-denonce-puis-recommande\\\/#article\",\"isPartOf\":{\"@id\":\"https:\\\/\\\/lepatriotebenin.com\\\/index.php\\\/2024\\\/06\\\/24\\\/crise-benino-nigerienne-lhonorable-tairou-imorou-denonce-puis-recommande\\\/\"},\"author\":{\"name\":\"Redaction\",\"@id\":\"https:\\\/\\\/lepatriotebenin.com\\\/#\\\/schema\\\/person\\\/2e7709b9c9cc313e452d1136af61690f\"},\"headline\":\"Crise B\u00e9nino-nig\u00e9rienne : \u00a0L\u2019honorable Ta\u00efrou Imorou, d\u00e9nonce puis recommande\",\"datePublished\":\"2024-06-24T01:05:00+00:00\",\"dateModified\":\"2024-06-24T01:11:36+00:00\",\"mainEntityOfPage\":{\"@id\":\"https:\\\/\\\/lepatriotebenin.com\\\/index.php\\\/2024\\\/06\\\/24\\\/crise-benino-nigerienne-lhonorable-tairou-imorou-denonce-puis-recommande\\\/\"},\"wordCount\":838,\"commentCount\":0,\"image\":{\"@id\":\"https:\\\/\\\/lepatriotebenin.com\\\/index.php\\\/2024\\\/06\\\/24\\\/crise-benino-nigerienne-lhonorable-tairou-imorou-denonce-puis-recommande\\\/#primaryimage\"},\"thumbnailUrl\":\"https:\\\/\\\/lepatriotebenin.com\\\/wp-content\\\/uploads\\\/2024\\\/06\\\/tairou.jpeg\",\"articleSection\":[\"Uncategorized\"],\"inLanguage\":\"fr-FR\",\"potentialAction\":[{\"@type\":\"CommentAction\",\"name\":\"Comment\",\"target\":[\"https:\\\/\\\/lepatriotebenin.com\\\/index.php\\\/2024\\\/06\\\/24\\\/crise-benino-nigerienne-lhonorable-tairou-imorou-denonce-puis-recommande\\\/#respond\"]}]},{\"@type\":\"WebPage\",\"@id\":\"https:\\\/\\\/lepatriotebenin.com\\\/index.php\\\/2024\\\/06\\\/24\\\/crise-benino-nigerienne-lhonorable-tairou-imorou-denonce-puis-recommande\\\/\",\"url\":\"https:\\\/\\\/lepatriotebenin.com\\\/index.php\\\/2024\\\/06\\\/24\\\/crise-benino-nigerienne-lhonorable-tairou-imorou-denonce-puis-recommande\\\/\",\"name\":\"Crise B\u00e9nino-nig\u00e9rienne : \u00a0L\u2019honorable Ta\u00efrou Imorou, d\u00e9nonce puis recommande - Le Patriote\",\"isPartOf\":{\"@id\":\"https:\\\/\\\/lepatriotebenin.com\\\/#website\"},\"primaryImageOfPage\":{\"@id\":\"https:\\\/\\\/lepatriotebenin.com\\\/index.php\\\/2024\\\/06\\\/24\\\/crise-benino-nigerienne-lhonorable-tairou-imorou-denonce-puis-recommande\\\/#primaryimage\"},\"image\":{\"@id\":\"https:\\\/\\\/lepatriotebenin.com\\\/index.php\\\/2024\\\/06\\\/24\\\/crise-benino-nigerienne-lhonorable-tairou-imorou-denonce-puis-recommande\\\/#primaryimage\"},\"thumbnailUrl\":\"https:\\\/\\\/lepatriotebenin.com\\\/wp-content\\\/uploads\\\/2024\\\/06\\\/tairou.jpeg\",\"datePublished\":\"2024-06-24T01:05:00+00:00\",\"dateModified\":\"2024-06-24T01:11:36+00:00\",\"author\":{\"@id\":\"https:\\\/\\\/lepatriotebenin.com\\\/#\\\/schema\\\/person\\\/2e7709b9c9cc313e452d1136af61690f\"},\"breadcrumb\":{\"@id\":\"https:\\\/\\\/lepatriotebenin.com\\\/index.php\\\/2024\\\/06\\\/24\\\/crise-benino-nigerienne-lhonorable-tairou-imorou-denonce-puis-recommande\\\/#breadcrumb\"},\"inLanguage\":\"fr-FR\",\"potentialAction\":[{\"@type\":\"ReadAction\",\"target\":[\"https:\\\/\\\/lepatriotebenin.com\\\/index.php\\\/2024\\\/06\\\/24\\\/crise-benino-nigerienne-lhonorable-tairou-imorou-denonce-puis-recommande\\\/\"]}]},{\"@type\":\"ImageObject\",\"inLanguage\":\"fr-FR\",\"@id\":\"https:\\\/\\\/lepatriotebenin.com\\\/index.php\\\/2024\\\/06\\\/24\\\/crise-benino-nigerienne-lhonorable-tairou-imorou-denonce-puis-recommande\\\/#primaryimage\",\"url\":\"https:\\\/\\\/lepatriotebenin.com\\\/wp-content\\\/uploads\\\/2024\\\/06\\\/tairou.jpeg\",\"contentUrl\":\"https:\\\/\\\/lepatriotebenin.com\\\/wp-content\\\/uploads\\\/2024\\\/06\\\/tairou.jpeg\",\"width\":771,\"height\":1080},{\"@type\":\"BreadcrumbList\",\"@id\":\"https:\\\/\\\/lepatriotebenin.com\\\/index.php\\\/2024\\\/06\\\/24\\\/crise-benino-nigerienne-lhonorable-tairou-imorou-denonce-puis-recommande\\\/#breadcrumb\",\"itemListElement\":[{\"@type\":\"ListItem\",\"position\":1,\"name\":\"Accueil\",\"item\":\"https:\\\/\\\/lepatriotebenin.com\\\/\"},{\"@type\":\"ListItem\",\"position\":2,\"name\":\"Crise B\u00e9nino-nig\u00e9rienne : \u00a0L\u2019honorable Ta\u00efrou Imorou, d\u00e9nonce puis recommande\"}]},{\"@type\":\"WebSite\",\"@id\":\"https:\\\/\\\/lepatriotebenin.com\\\/#website\",\"url\":\"https:\\\/\\\/lepatriotebenin.com\\\/\",\"name\":\"Le Patriote\",\"description\":\"Le Patriote B\u00e9nin\",\"potentialAction\":[{\"@type\":\"SearchAction\",\"target\":{\"@type\":\"EntryPoint\",\"urlTemplate\":\"https:\\\/\\\/lepatriotebenin.com\\\/?s={search_term_string}\"},\"query-input\":{\"@type\":\"PropertyValueSpecification\",\"valueRequired\":true,\"valueName\":\"search_term_string\"}}],\"inLanguage\":\"fr-FR\"},{\"@type\":\"Person\",\"@id\":\"https:\\\/\\\/lepatriotebenin.com\\\/#\\\/schema\\\/person\\\/2e7709b9c9cc313e452d1136af61690f\",\"name\":\"Redaction\",\"image\":{\"@type\":\"ImageObject\",\"inLanguage\":\"fr-FR\",\"@id\":\"https:\\\/\\\/secure.gravatar.com\\\/avatar\\\/c4c509357859ea2ca2cbb6d8812898a73e4ef1ef9934c2e591d7e32face734d1?s=96&d=mm&r=g\",\"url\":\"https:\\\/\\\/secure.gravatar.com\\\/avatar\\\/c4c509357859ea2ca2cbb6d8812898a73e4ef1ef9934c2e591d7e32face734d1?s=96&d=mm&r=g\",\"contentUrl\":\"https:\\\/\\\/secure.gravatar.com\\\/avatar\\\/c4c509357859ea2ca2cbb6d8812898a73e4ef1ef9934c2e591d7e32face734d1?s=96&d=mm&r=g\",\"caption\":\"Redaction\"},\"url\":\"https:\\\/\\\/lepatriotebenin.com\"}]}<\/script>\n<!-- \/ Yoast SEO plugin. -->","yoast_head_json":{"title":"Crise B\u00e9nino-nig\u00e9rienne : \u00a0L\u2019honorable Ta\u00efrou Imorou, d\u00e9nonce puis recommande - Le Patriote","robots":{"index":"index","follow":"follow","max-snippet":"max-snippet:-1","max-image-preview":"max-image-preview:large","max-video-preview":"max-video-preview:-1"},"canonical":"https:\/\/lepatriotebenin.com\/index.php\/2024\/06\/24\/crise-benino-nigerienne-lhonorable-tairou-imorou-denonce-puis-recommande\/","og_locale":"fr_FR","og_type":"article","og_title":"Crise B\u00e9nino-nig\u00e9rienne : \u00a0L\u2019honorable Ta\u00efrou Imorou, d\u00e9nonce puis recommande - Le Patriote","og_description":"La crise qui pollue les relations entre le B\u00e9nin et Niger depuis Juillet 2023 ne laisse personne indiff\u00e9rent. La repr\u00e9sentation nationale surtout les d\u00e9put\u00e9s de l\u2019opposition ne dig\u00e8rent pas la&hellip;","og_url":"https:\/\/lepatriotebenin.com\/index.php\/2024\/06\/24\/crise-benino-nigerienne-lhonorable-tairou-imorou-denonce-puis-recommande\/","og_site_name":"Le Patriote","article_published_time":"2024-06-24T01:05:00+00:00","article_modified_time":"2024-06-24T01:11:36+00:00","og_image":[{"width":771,"height":1080,"url":"https:\/\/lepatriotebenin.com\/wp-content\/uploads\/2024\/06\/tairou.jpeg","type":"image\/jpeg"}],"author":"Redaction","twitter_card":"summary_large_image","twitter_misc":{"\u00c9crit par":"Redaction","Dur\u00e9e de lecture estim\u00e9e":"4 minutes"},"schema":{"@context":"https:\/\/schema.org","@graph":[{"@type":"Article","@id":"https:\/\/lepatriotebenin.com\/index.php\/2024\/06\/24\/crise-benino-nigerienne-lhonorable-tairou-imorou-denonce-puis-recommande\/#article","isPartOf":{"@id":"https:\/\/lepatriotebenin.com\/index.php\/2024\/06\/24\/crise-benino-nigerienne-lhonorable-tairou-imorou-denonce-puis-recommande\/"},"author":{"name":"Redaction","@id":"https:\/\/lepatriotebenin.com\/#\/schema\/person\/2e7709b9c9cc313e452d1136af61690f"},"headline":"Crise B\u00e9nino-nig\u00e9rienne : \u00a0L\u2019honorable Ta\u00efrou Imorou, d\u00e9nonce puis recommande","datePublished":"2024-06-24T01:05:00+00:00","dateModified":"2024-06-24T01:11:36+00:00","mainEntityOfPage":{"@id":"https:\/\/lepatriotebenin.com\/index.php\/2024\/06\/24\/crise-benino-nigerienne-lhonorable-tairou-imorou-denonce-puis-recommande\/"},"wordCount":838,"commentCount":0,"image":{"@id":"https:\/\/lepatriotebenin.com\/index.php\/2024\/06\/24\/crise-benino-nigerienne-lhonorable-tairou-imorou-denonce-puis-recommande\/#primaryimage"},"thumbnailUrl":"https:\/\/lepatriotebenin.com\/wp-content\/uploads\/2024\/06\/tairou.jpeg","articleSection":["Uncategorized"],"inLanguage":"fr-FR","potentialAction":[{"@type":"CommentAction","name":"Comment","target":["https:\/\/lepatriotebenin.com\/index.php\/2024\/06\/24\/crise-benino-nigerienne-lhonorable-tairou-imorou-denonce-puis-recommande\/#respond"]}]},{"@type":"WebPage","@id":"https:\/\/lepatriotebenin.com\/index.php\/2024\/06\/24\/crise-benino-nigerienne-lhonorable-tairou-imorou-denonce-puis-recommande\/","url":"https:\/\/lepatriotebenin.com\/index.php\/2024\/06\/24\/crise-benino-nigerienne-lhonorable-tairou-imorou-denonce-puis-recommande\/","name":"Crise B\u00e9nino-nig\u00e9rienne : \u00a0L\u2019honorable Ta\u00efrou Imorou, d\u00e9nonce puis recommande - Le Patriote","isPartOf":{"@id":"https:\/\/lepatriotebenin.com\/#website"},"primaryImageOfPage":{"@id":"https:\/\/lepatriotebenin.com\/index.php\/2024\/06\/24\/crise-benino-nigerienne-lhonorable-tairou-imorou-denonce-puis-recommande\/#primaryimage"},"image":{"@id":"https:\/\/lepatriotebenin.com\/index.php\/2024\/06\/24\/crise-benino-nigerienne-lhonorable-tairou-imorou-denonce-puis-recommande\/#primaryimage"},"thumbnailUrl":"https:\/\/lepatriotebenin.com\/wp-content\/uploads\/2024\/06\/tairou.jpeg","datePublished":"2024-06-24T01:05:00+00:00","dateModified":"2024-06-24T01:11:36+00:00","author":{"@id":"https:\/\/lepatriotebenin.com\/#\/schema\/person\/2e7709b9c9cc313e452d1136af61690f"},"breadcrumb":{"@id":"https:\/\/lepatriotebenin.com\/index.php\/2024\/06\/24\/crise-benino-nigerienne-lhonorable-tairou-imorou-denonce-puis-recommande\/#breadcrumb"},"inLanguage":"fr-FR","potentialAction":[{"@type":"ReadAction","target":["https:\/\/lepatriotebenin.com\/index.php\/2024\/06\/24\/crise-benino-nigerienne-lhonorable-tairou-imorou-denonce-puis-recommande\/"]}]},{"@type":"ImageObject","inLanguage":"fr-FR","@id":"https:\/\/lepatriotebenin.com\/index.php\/2024\/06\/24\/crise-benino-nigerienne-lhonorable-tairou-imorou-denonce-puis-recommande\/#primaryimage","url":"https:\/\/lepatriotebenin.com\/wp-content\/uploads\/2024\/06\/tairou.jpeg","contentUrl":"https:\/\/lepatriotebenin.com\/wp-content\/uploads\/2024\/06\/tairou.jpeg","width":771,"height":1080},{"@type":"BreadcrumbList","@id":"https:\/\/lepatriotebenin.com\/index.php\/2024\/06\/24\/crise-benino-nigerienne-lhonorable-tairou-imorou-denonce-puis-recommande\/#breadcrumb","itemListElement":[{"@type":"ListItem","position":1,"name":"Accueil","item":"https:\/\/lepatriotebenin.com\/"},{"@type":"ListItem","position":2,"name":"Crise B\u00e9nino-nig\u00e9rienne : \u00a0L\u2019honorable Ta\u00efrou Imorou, d\u00e9nonce puis recommande"}]},{"@type":"WebSite","@id":"https:\/\/lepatriotebenin.com\/#website","url":"https:\/\/lepatriotebenin.com\/","name":"Le Patriote","description":"Le Patriote B\u00e9nin","potentialAction":[{"@type":"SearchAction","target":{"@type":"EntryPoint","urlTemplate":"https:\/\/lepatriotebenin.com\/?s={search_term_string}"},"query-input":{"@type":"PropertyValueSpecification","valueRequired":true,"valueName":"search_term_string"}}],"inLanguage":"fr-FR"},{"@type":"Person","@id":"https:\/\/lepatriotebenin.com\/#\/schema\/person\/2e7709b9c9cc313e452d1136af61690f","name":"Redaction","image":{"@type":"ImageObject","inLanguage":"fr-FR","@id":"https:\/\/secure.gravatar.com\/avatar\/c4c509357859ea2ca2cbb6d8812898a73e4ef1ef9934c2e591d7e32face734d1?s=96&d=mm&r=g","url":"https:\/\/secure.gravatar.com\/avatar\/c4c509357859ea2ca2cbb6d8812898a73e4ef1ef9934c2e591d7e32face734d1?s=96&d=mm&r=g","contentUrl":"https:\/\/secure.gravatar.com\/avatar\/c4c509357859ea2ca2cbb6d8812898a73e4ef1ef9934c2e591d7e32face734d1?s=96&d=mm&r=g","caption":"Redaction"},"url":"https:\/\/lepatriotebenin.com"}]}},"_links":{"self":[{"href":"https:\/\/lepatriotebenin.com\/index.php\/wp-json\/wp\/v2\/posts\/6037","targetHints":{"allow":["GET"]}}],"collection":[{"href":"https:\/\/lepatriotebenin.com\/index.php\/wp-json\/wp\/v2\/posts"}],"about":[{"href":"https:\/\/lepatriotebenin.com\/index.php\/wp-json\/wp\/v2\/types\/post"}],"author":[{"embeddable":true,"href":"https:\/\/lepatriotebenin.com\/index.php\/wp-json\/wp\/v2\/users\/5"}],"replies":[{"embeddable":true,"href":"https:\/\/lepatriotebenin.com\/index.php\/wp-json\/wp\/v2\/comments?post=6037"}],"version-history":[{"count":2,"href":"https:\/\/lepatriotebenin.com\/index.php\/wp-json\/wp\/v2\/posts\/6037\/revisions"}],"predecessor-version":[{"id":6041,"href":"https:\/\/lepatriotebenin.com\/index.php\/wp-json\/wp\/v2\/posts\/6037\/revisions\/6041"}],"wp:featuredmedia":[{"embeddable":true,"href":"https:\/\/lepatriotebenin.com\/index.php\/wp-json\/wp\/v2\/media\/6038"}],"wp:attachment":[{"href":"https:\/\/lepatriotebenin.com\/index.php\/wp-json\/wp\/v2\/media?parent=6037"}],"wp:term":[{"taxonomy":"category","embeddable":true,"href":"https:\/\/lepatriotebenin.com\/index.php\/wp-json\/wp\/v2\/categories?post=6037"},{"taxonomy":"post_tag","embeddable":true,"href":"https:\/\/lepatriotebenin.com\/index.php\/wp-json\/wp\/v2\/tags?post=6037"}],"curies":[{"name":"wp","href":"https:\/\/api.w.org\/{rel}","templated":true}]}}