{"id":5991,"date":"2024-06-21T18:39:22","date_gmt":"2024-06-21T16:39:22","guid":{"rendered":"https:\/\/lepatriotebenin.com\/?p=5991"},"modified":"2024-06-21T18:39:22","modified_gmt":"2024-06-21T16:39:22","slug":"mali-onze-opposants-politiques-arretes-pour-avoir-reclame-le-retour-a-lordre-constitutionnel","status":"publish","type":"post","link":"https:\/\/lepatriotebenin.com\/index.php\/2024\/06\/21\/mali-onze-opposants-politiques-arretes-pour-avoir-reclame-le-retour-a-lordre-constitutionnel\/","title":{"rendered":"Mali : onze opposants politiques arr\u00eat\u00e9s pour avoir r\u00e9clam\u00e9 le retour \u00e0 l&rsquo;ordre constitutionnel"},"content":{"rendered":"\n<p>Le  <strong>jeudi 20 juin 2024, <\/strong>des oppositions maliens ont \u00e9t\u00e9 interpell\u00e9s en pleine r\u00e9union par des forces de l&rsquo;ordre. La r\u00e9union avait r\u00e9uni la quasi-totalit\u00e9 des partis et organisations politiques du pays, oppos\u00e9s \u00e0 la prolongation de la transition malienne, qui aurait d\u00fb s&rsquo;achever il y a trois mois.<\/p>\n\n\n\n<p>Les opposants arr\u00eat\u00e9s sont pour la plupart, d&rsquo;anciens ministres et de hauts dirigeants de partis maliens, dont le Rassemblement pour le&nbsp;Mali (RPM) de l&rsquo;ancien pr\u00e9sident (2013-2020) Ibrahim Boubacar Ke\u00efta.<\/p>\n\n\n\n<p>Selon RFI, les mis en cause ont pass\u00e9 la nuit en d\u00e9tention. Certains sont actuellement dans les locaux de la BIJ, la brigade d&rsquo;investigation judiciaire, d&rsquo;autres dans le camp tandis que d&rsquo;autres sont gard\u00e9s \u00e0 la gendarmerie de Bamako. Selon la m\u00eame source, les pr\u00e9venus devraient \u00eatre pr\u00e9sent\u00e9s incessamment \u00e0 un procureur.<\/p>\n\n\n\n<p>\u00c0 noter que leur arrestation intervient quelques mois apr\u00e8s que les autorit\u00e9s maliennes de transition ont interdit, d\u00e9bit avril, toute activit\u00e9 politique, des partis ou des associations maliennes.<\/p>\n\n\n\n<p><strong>Ignace TOSSOU<\/strong><\/p>\n","protected":false},"excerpt":{"rendered":"<p>Le jeudi 20 juin 2024, des oppositions maliens ont \u00e9t\u00e9 interpell\u00e9s en pleine r\u00e9union par des forces de l&rsquo;ordre. La r\u00e9union avait r\u00e9uni la quasi-totalit\u00e9 des partis et organisations politiques&hellip;<\/p>\n","protected":false},"author":6,"featured_media":5992,"comment_status":"open","ping_status":"open","sticky":false,"template":"","format":"standard","meta":{"content-type":"","om_disable_all_campaigns":false,"_monsterinsights_skip_tracking":false,"_monsterinsights_sitenote_active":false,"_monsterinsights_sitenote_note":"","_monsterinsights_sitenote_category":0,"_uf_show_specific_survey":0,"_uf_disable_surveys":false,"footnotes":""},"categories":[9],"tags":[],"class_list":["post-5991","post","type-post","status-publish","format-standard","has-post-thumbnail","hentry","category-uncategorized"],"aioseo_notices":[],"yoast_head":"<!-- This site is optimized with the Yoast SEO plugin v27.5 - https:\/\/yoast.com\/product\/yoast-seo-wordpress\/ -->\n<title>Mali : onze opposants politiques arr\u00eat\u00e9s pour avoir r\u00e9clam\u00e9 le retour \u00e0 l&#039;ordre constitutionnel - Le Patriote<\/title>\n<meta name=\"robots\" content=\"index, follow, max-snippet:-1, max-image-preview:large, max-video-preview:-1\" \/>\n<link rel=\"canonical\" href=\"https:\/\/lepatriotebenin.com\/index.php\/2024\/06\/21\/mali-onze-opposants-politiques-arretes-pour-avoir-reclame-le-retour-a-lordre-constitutionnel\/\" \/>\n<meta property=\"og:locale\" content=\"fr_FR\" \/>\n<meta property=\"og:type\" content=\"article\" \/>\n<meta property=\"og:title\" content=\"Mali : onze opposants politiques arr\u00eat\u00e9s pour avoir r\u00e9clam\u00e9 le retour \u00e0 l&#039;ordre constitutionnel - Le Patriote\" \/>\n<meta property=\"og:description\" content=\"Le jeudi 20 juin 2024, des oppositions maliens ont \u00e9t\u00e9 interpell\u00e9s en pleine r\u00e9union par des forces de l&rsquo;ordre. La r\u00e9union avait r\u00e9uni la quasi-totalit\u00e9 des partis et organisations politiques&hellip;\" \/>\n<meta property=\"og:url\" content=\"https:\/\/lepatriotebenin.com\/index.php\/2024\/06\/21\/mali-onze-opposants-politiques-arretes-pour-avoir-reclame-le-retour-a-lordre-constitutionnel\/\" \/>\n<meta property=\"og:site_name\" content=\"Le Patriote\" \/>\n<meta property=\"article:published_time\" content=\"2024-06-21T16:39:22+00:00\" \/>\n<meta property=\"og:image\" content=\"https:\/\/lepatriotebenin.com\/wp-content\/uploads\/2024\/06\/goita.jpg\" \/>\n\t<meta property=\"og:image:width\" content=\"800\" \/>\n\t<meta property=\"og:image:height\" content=\"600\" \/>\n\t<meta property=\"og:image:type\" content=\"image\/jpeg\" \/>\n<meta name=\"author\" content=\"Roland AFFANOU\" \/>\n<meta name=\"twitter:card\" content=\"summary_large_image\" \/>\n<meta name=\"twitter:label1\" content=\"\u00c9crit par\" \/>\n\t<meta name=\"twitter:data1\" content=\"Roland AFFANOU\" \/>\n\t<meta name=\"twitter:label2\" content=\"Dur\u00e9e de lecture estim\u00e9e\" \/>\n\t<meta name=\"twitter:data2\" content=\"1 minute\" \/>\n<script type=\"application\/ld+json\" class=\"yoast-schema-graph\">{\"@context\":\"https:\\\/\\\/schema.org\",\"@graph\":[{\"@type\":\"Article\",\"@id\":\"https:\\\/\\\/lepatriotebenin.com\\\/index.php\\\/2024\\\/06\\\/21\\\/mali-onze-opposants-politiques-arretes-pour-avoir-reclame-le-retour-a-lordre-constitutionnel\\\/#article\",\"isPartOf\":{\"@id\":\"https:\\\/\\\/lepatriotebenin.com\\\/index.php\\\/2024\\\/06\\\/21\\\/mali-onze-opposants-politiques-arretes-pour-avoir-reclame-le-retour-a-lordre-constitutionnel\\\/\"},\"author\":{\"name\":\"Roland AFFANOU\",\"@id\":\"https:\\\/\\\/lepatriotebenin.com\\\/#\\\/schema\\\/person\\\/4a9b67216c97d04045e01405c534c91f\"},\"headline\":\"Mali : onze opposants politiques arr\u00eat\u00e9s pour avoir r\u00e9clam\u00e9 le retour \u00e0 l&rsquo;ordre constitutionnel\",\"datePublished\":\"2024-06-21T16:39:22+00:00\",\"mainEntityOfPage\":{\"@id\":\"https:\\\/\\\/lepatriotebenin.com\\\/index.php\\\/2024\\\/06\\\/21\\\/mali-onze-opposants-politiques-arretes-pour-avoir-reclame-le-retour-a-lordre-constitutionnel\\\/\"},\"wordCount\":197,\"commentCount\":0,\"image\":{\"@id\":\"https:\\\/\\\/lepatriotebenin.com\\\/index.php\\\/2024\\\/06\\\/21\\\/mali-onze-opposants-politiques-arretes-pour-avoir-reclame-le-retour-a-lordre-constitutionnel\\\/#primaryimage\"},\"thumbnailUrl\":\"https:\\\/\\\/lepatriotebenin.com\\\/wp-content\\\/uploads\\\/2024\\\/06\\\/goita.jpg\",\"articleSection\":[\"Uncategorized\"],\"inLanguage\":\"fr-FR\",\"potentialAction\":[{\"@type\":\"CommentAction\",\"name\":\"Comment\",\"target\":[\"https:\\\/\\\/lepatriotebenin.com\\\/index.php\\\/2024\\\/06\\\/21\\\/mali-onze-opposants-politiques-arretes-pour-avoir-reclame-le-retour-a-lordre-constitutionnel\\\/#respond\"]}]},{\"@type\":\"WebPage\",\"@id\":\"https:\\\/\\\/lepatriotebenin.com\\\/index.php\\\/2024\\\/06\\\/21\\\/mali-onze-opposants-politiques-arretes-pour-avoir-reclame-le-retour-a-lordre-constitutionnel\\\/\",\"url\":\"https:\\\/\\\/lepatriotebenin.com\\\/index.php\\\/2024\\\/06\\\/21\\\/mali-onze-opposants-politiques-arretes-pour-avoir-reclame-le-retour-a-lordre-constitutionnel\\\/\",\"name\":\"Mali : onze opposants politiques arr\u00eat\u00e9s pour avoir r\u00e9clam\u00e9 le retour \u00e0 l'ordre constitutionnel - Le Patriote\",\"isPartOf\":{\"@id\":\"https:\\\/\\\/lepatriotebenin.com\\\/#website\"},\"primaryImageOfPage\":{\"@id\":\"https:\\\/\\\/lepatriotebenin.com\\\/index.php\\\/2024\\\/06\\\/21\\\/mali-onze-opposants-politiques-arretes-pour-avoir-reclame-le-retour-a-lordre-constitutionnel\\\/#primaryimage\"},\"image\":{\"@id\":\"https:\\\/\\\/lepatriotebenin.com\\\/index.php\\\/2024\\\/06\\\/21\\\/mali-onze-opposants-politiques-arretes-pour-avoir-reclame-le-retour-a-lordre-constitutionnel\\\/#primaryimage\"},\"thumbnailUrl\":\"https:\\\/\\\/lepatriotebenin.com\\\/wp-content\\\/uploads\\\/2024\\\/06\\\/goita.jpg\",\"datePublished\":\"2024-06-21T16:39:22+00:00\",\"author\":{\"@id\":\"https:\\\/\\\/lepatriotebenin.com\\\/#\\\/schema\\\/person\\\/4a9b67216c97d04045e01405c534c91f\"},\"breadcrumb\":{\"@id\":\"https:\\\/\\\/lepatriotebenin.com\\\/index.php\\\/2024\\\/06\\\/21\\\/mali-onze-opposants-politiques-arretes-pour-avoir-reclame-le-retour-a-lordre-constitutionnel\\\/#breadcrumb\"},\"inLanguage\":\"fr-FR\",\"potentialAction\":[{\"@type\":\"ReadAction\",\"target\":[\"https:\\\/\\\/lepatriotebenin.com\\\/index.php\\\/2024\\\/06\\\/21\\\/mali-onze-opposants-politiques-arretes-pour-avoir-reclame-le-retour-a-lordre-constitutionnel\\\/\"]}]},{\"@type\":\"ImageObject\",\"inLanguage\":\"fr-FR\",\"@id\":\"https:\\\/\\\/lepatriotebenin.com\\\/index.php\\\/2024\\\/06\\\/21\\\/mali-onze-opposants-politiques-arretes-pour-avoir-reclame-le-retour-a-lordre-constitutionnel\\\/#primaryimage\",\"url\":\"https:\\\/\\\/lepatriotebenin.com\\\/wp-content\\\/uploads\\\/2024\\\/06\\\/goita.jpg\",\"contentUrl\":\"https:\\\/\\\/lepatriotebenin.com\\\/wp-content\\\/uploads\\\/2024\\\/06\\\/goita.jpg\",\"width\":800,\"height\":600},{\"@type\":\"BreadcrumbList\",\"@id\":\"https:\\\/\\\/lepatriotebenin.com\\\/index.php\\\/2024\\\/06\\\/21\\\/mali-onze-opposants-politiques-arretes-pour-avoir-reclame-le-retour-a-lordre-constitutionnel\\\/#breadcrumb\",\"itemListElement\":[{\"@type\":\"ListItem\",\"position\":1,\"name\":\"Accueil\",\"item\":\"https:\\\/\\\/lepatriotebenin.com\\\/\"},{\"@type\":\"ListItem\",\"position\":2,\"name\":\"Mali : onze opposants politiques arr\u00eat\u00e9s pour avoir r\u00e9clam\u00e9 le retour \u00e0 l&rsquo;ordre constitutionnel\"}]},{\"@type\":\"WebSite\",\"@id\":\"https:\\\/\\\/lepatriotebenin.com\\\/#website\",\"url\":\"https:\\\/\\\/lepatriotebenin.com\\\/\",\"name\":\"Le Patriote\",\"description\":\"Le Patriote B\u00e9nin\",\"potentialAction\":[{\"@type\":\"SearchAction\",\"target\":{\"@type\":\"EntryPoint\",\"urlTemplate\":\"https:\\\/\\\/lepatriotebenin.com\\\/?s={search_term_string}\"},\"query-input\":{\"@type\":\"PropertyValueSpecification\",\"valueRequired\":true,\"valueName\":\"search_term_string\"}}],\"inLanguage\":\"fr-FR\"},{\"@type\":\"Person\",\"@id\":\"https:\\\/\\\/lepatriotebenin.com\\\/#\\\/schema\\\/person\\\/4a9b67216c97d04045e01405c534c91f\",\"name\":\"Roland AFFANOU\",\"image\":{\"@type\":\"ImageObject\",\"inLanguage\":\"fr-FR\",\"@id\":\"https:\\\/\\\/secure.gravatar.com\\\/avatar\\\/7209d3f6d2d47ea4d0c67e14d3effb61feb10ae540a4381280c66265de5bd643?s=96&d=mm&r=g\",\"url\":\"https:\\\/\\\/secure.gravatar.com\\\/avatar\\\/7209d3f6d2d47ea4d0c67e14d3effb61feb10ae540a4381280c66265de5bd643?s=96&d=mm&r=g\",\"contentUrl\":\"https:\\\/\\\/secure.gravatar.com\\\/avatar\\\/7209d3f6d2d47ea4d0c67e14d3effb61feb10ae540a4381280c66265de5bd643?s=96&d=mm&r=g\",\"caption\":\"Roland AFFANOU\"},\"url\":\"https:\\\/\\\/lepatriotebenin.com\"}]}<\/script>\n<!-- \/ Yoast SEO plugin. -->","yoast_head_json":{"title":"Mali : onze opposants politiques arr\u00eat\u00e9s pour avoir r\u00e9clam\u00e9 le retour \u00e0 l'ordre constitutionnel - Le Patriote","robots":{"index":"index","follow":"follow","max-snippet":"max-snippet:-1","max-image-preview":"max-image-preview:large","max-video-preview":"max-video-preview:-1"},"canonical":"https:\/\/lepatriotebenin.com\/index.php\/2024\/06\/21\/mali-onze-opposants-politiques-arretes-pour-avoir-reclame-le-retour-a-lordre-constitutionnel\/","og_locale":"fr_FR","og_type":"article","og_title":"Mali : onze opposants politiques arr\u00eat\u00e9s pour avoir r\u00e9clam\u00e9 le retour \u00e0 l'ordre constitutionnel - Le Patriote","og_description":"Le jeudi 20 juin 2024, des oppositions maliens ont \u00e9t\u00e9 interpell\u00e9s en pleine r\u00e9union par des forces de l&rsquo;ordre. La r\u00e9union avait r\u00e9uni la quasi-totalit\u00e9 des partis et organisations politiques&hellip;","og_url":"https:\/\/lepatriotebenin.com\/index.php\/2024\/06\/21\/mali-onze-opposants-politiques-arretes-pour-avoir-reclame-le-retour-a-lordre-constitutionnel\/","og_site_name":"Le Patriote","article_published_time":"2024-06-21T16:39:22+00:00","og_image":[{"width":800,"height":600,"url":"https:\/\/lepatriotebenin.com\/wp-content\/uploads\/2024\/06\/goita.jpg","type":"image\/jpeg"}],"author":"Roland AFFANOU","twitter_card":"summary_large_image","twitter_misc":{"\u00c9crit par":"Roland AFFANOU","Dur\u00e9e de lecture estim\u00e9e":"1 minute"},"schema":{"@context":"https:\/\/schema.org","@graph":[{"@type":"Article","@id":"https:\/\/lepatriotebenin.com\/index.php\/2024\/06\/21\/mali-onze-opposants-politiques-arretes-pour-avoir-reclame-le-retour-a-lordre-constitutionnel\/#article","isPartOf":{"@id":"https:\/\/lepatriotebenin.com\/index.php\/2024\/06\/21\/mali-onze-opposants-politiques-arretes-pour-avoir-reclame-le-retour-a-lordre-constitutionnel\/"},"author":{"name":"Roland AFFANOU","@id":"https:\/\/lepatriotebenin.com\/#\/schema\/person\/4a9b67216c97d04045e01405c534c91f"},"headline":"Mali : onze opposants politiques arr\u00eat\u00e9s pour avoir r\u00e9clam\u00e9 le retour \u00e0 l&rsquo;ordre constitutionnel","datePublished":"2024-06-21T16:39:22+00:00","mainEntityOfPage":{"@id":"https:\/\/lepatriotebenin.com\/index.php\/2024\/06\/21\/mali-onze-opposants-politiques-arretes-pour-avoir-reclame-le-retour-a-lordre-constitutionnel\/"},"wordCount":197,"commentCount":0,"image":{"@id":"https:\/\/lepatriotebenin.com\/index.php\/2024\/06\/21\/mali-onze-opposants-politiques-arretes-pour-avoir-reclame-le-retour-a-lordre-constitutionnel\/#primaryimage"},"thumbnailUrl":"https:\/\/lepatriotebenin.com\/wp-content\/uploads\/2024\/06\/goita.jpg","articleSection":["Uncategorized"],"inLanguage":"fr-FR","potentialAction":[{"@type":"CommentAction","name":"Comment","target":["https:\/\/lepatriotebenin.com\/index.php\/2024\/06\/21\/mali-onze-opposants-politiques-arretes-pour-avoir-reclame-le-retour-a-lordre-constitutionnel\/#respond"]}]},{"@type":"WebPage","@id":"https:\/\/lepatriotebenin.com\/index.php\/2024\/06\/21\/mali-onze-opposants-politiques-arretes-pour-avoir-reclame-le-retour-a-lordre-constitutionnel\/","url":"https:\/\/lepatriotebenin.com\/index.php\/2024\/06\/21\/mali-onze-opposants-politiques-arretes-pour-avoir-reclame-le-retour-a-lordre-constitutionnel\/","name":"Mali : onze opposants politiques arr\u00eat\u00e9s pour avoir r\u00e9clam\u00e9 le retour \u00e0 l'ordre constitutionnel - Le Patriote","isPartOf":{"@id":"https:\/\/lepatriotebenin.com\/#website"},"primaryImageOfPage":{"@id":"https:\/\/lepatriotebenin.com\/index.php\/2024\/06\/21\/mali-onze-opposants-politiques-arretes-pour-avoir-reclame-le-retour-a-lordre-constitutionnel\/#primaryimage"},"image":{"@id":"https:\/\/lepatriotebenin.com\/index.php\/2024\/06\/21\/mali-onze-opposants-politiques-arretes-pour-avoir-reclame-le-retour-a-lordre-constitutionnel\/#primaryimage"},"thumbnailUrl":"https:\/\/lepatriotebenin.com\/wp-content\/uploads\/2024\/06\/goita.jpg","datePublished":"2024-06-21T16:39:22+00:00","author":{"@id":"https:\/\/lepatriotebenin.com\/#\/schema\/person\/4a9b67216c97d04045e01405c534c91f"},"breadcrumb":{"@id":"https:\/\/lepatriotebenin.com\/index.php\/2024\/06\/21\/mali-onze-opposants-politiques-arretes-pour-avoir-reclame-le-retour-a-lordre-constitutionnel\/#breadcrumb"},"inLanguage":"fr-FR","potentialAction":[{"@type":"ReadAction","target":["https:\/\/lepatriotebenin.com\/index.php\/2024\/06\/21\/mali-onze-opposants-politiques-arretes-pour-avoir-reclame-le-retour-a-lordre-constitutionnel\/"]}]},{"@type":"ImageObject","inLanguage":"fr-FR","@id":"https:\/\/lepatriotebenin.com\/index.php\/2024\/06\/21\/mali-onze-opposants-politiques-arretes-pour-avoir-reclame-le-retour-a-lordre-constitutionnel\/#primaryimage","url":"https:\/\/lepatriotebenin.com\/wp-content\/uploads\/2024\/06\/goita.jpg","contentUrl":"https:\/\/lepatriotebenin.com\/wp-content\/uploads\/2024\/06\/goita.jpg","width":800,"height":600},{"@type":"BreadcrumbList","@id":"https:\/\/lepatriotebenin.com\/index.php\/2024\/06\/21\/mali-onze-opposants-politiques-arretes-pour-avoir-reclame-le-retour-a-lordre-constitutionnel\/#breadcrumb","itemListElement":[{"@type":"ListItem","position":1,"name":"Accueil","item":"https:\/\/lepatriotebenin.com\/"},{"@type":"ListItem","position":2,"name":"Mali : onze opposants politiques arr\u00eat\u00e9s pour avoir r\u00e9clam\u00e9 le retour \u00e0 l&rsquo;ordre constitutionnel"}]},{"@type":"WebSite","@id":"https:\/\/lepatriotebenin.com\/#website","url":"https:\/\/lepatriotebenin.com\/","name":"Le Patriote","description":"Le Patriote B\u00e9nin","potentialAction":[{"@type":"SearchAction","target":{"@type":"EntryPoint","urlTemplate":"https:\/\/lepatriotebenin.com\/?s={search_term_string}"},"query-input":{"@type":"PropertyValueSpecification","valueRequired":true,"valueName":"search_term_string"}}],"inLanguage":"fr-FR"},{"@type":"Person","@id":"https:\/\/lepatriotebenin.com\/#\/schema\/person\/4a9b67216c97d04045e01405c534c91f","name":"Roland AFFANOU","image":{"@type":"ImageObject","inLanguage":"fr-FR","@id":"https:\/\/secure.gravatar.com\/avatar\/7209d3f6d2d47ea4d0c67e14d3effb61feb10ae540a4381280c66265de5bd643?s=96&d=mm&r=g","url":"https:\/\/secure.gravatar.com\/avatar\/7209d3f6d2d47ea4d0c67e14d3effb61feb10ae540a4381280c66265de5bd643?s=96&d=mm&r=g","contentUrl":"https:\/\/secure.gravatar.com\/avatar\/7209d3f6d2d47ea4d0c67e14d3effb61feb10ae540a4381280c66265de5bd643?s=96&d=mm&r=g","caption":"Roland AFFANOU"},"url":"https:\/\/lepatriotebenin.com"}]}},"_links":{"self":[{"href":"https:\/\/lepatriotebenin.com\/index.php\/wp-json\/wp\/v2\/posts\/5991","targetHints":{"allow":["GET"]}}],"collection":[{"href":"https:\/\/lepatriotebenin.com\/index.php\/wp-json\/wp\/v2\/posts"}],"about":[{"href":"https:\/\/lepatriotebenin.com\/index.php\/wp-json\/wp\/v2\/types\/post"}],"author":[{"embeddable":true,"href":"https:\/\/lepatriotebenin.com\/index.php\/wp-json\/wp\/v2\/users\/6"}],"replies":[{"embeddable":true,"href":"https:\/\/lepatriotebenin.com\/index.php\/wp-json\/wp\/v2\/comments?post=5991"}],"version-history":[{"count":1,"href":"https:\/\/lepatriotebenin.com\/index.php\/wp-json\/wp\/v2\/posts\/5991\/revisions"}],"predecessor-version":[{"id":5993,"href":"https:\/\/lepatriotebenin.com\/index.php\/wp-json\/wp\/v2\/posts\/5991\/revisions\/5993"}],"wp:featuredmedia":[{"embeddable":true,"href":"https:\/\/lepatriotebenin.com\/index.php\/wp-json\/wp\/v2\/media\/5992"}],"wp:attachment":[{"href":"https:\/\/lepatriotebenin.com\/index.php\/wp-json\/wp\/v2\/media?parent=5991"}],"wp:term":[{"taxonomy":"category","embeddable":true,"href":"https:\/\/lepatriotebenin.com\/index.php\/wp-json\/wp\/v2\/categories?post=5991"},{"taxonomy":"post_tag","embeddable":true,"href":"https:\/\/lepatriotebenin.com\/index.php\/wp-json\/wp\/v2\/tags?post=5991"}],"curies":[{"name":"wp","href":"https:\/\/api.w.org\/{rel}","templated":true}]}}