{"id":5987,"date":"2024-06-21T14:16:46","date_gmt":"2024-06-21T12:16:46","guid":{"rendered":"https:\/\/lepatriotebenin.com\/?p=5987"},"modified":"2024-06-21T16:57:48","modified_gmt":"2024-06-21T14:57:48","slug":"gabon-le-nouveau-code-electoral-adopte-mercredi-par-les-deputes-divise","status":"publish","type":"post","link":"https:\/\/lepatriotebenin.com\/index.php\/2024\/06\/21\/gabon-le-nouveau-code-electoral-adopte-mercredi-par-les-deputes-divise\/","title":{"rendered":"Gabon\u00a0: le nouveau code \u00e9lectoral adopt\u00e9 mercredi par les d\u00e9put\u00e9s, divise"},"content":{"rendered":"\n<p>Le <strong>Gabon<\/strong> a adopt\u00e9 <strong>mercredi 19 juin 2024 <\/strong>un nouveau code \u00e9lectoral. Le Code qui est adopt\u00e9 \u00e0 la majorit\u00e9 des d\u00e9put\u00e9s de l\u2019Assembl\u00e9e nationale, 8<strong>5 sur 98, <\/strong>est contest\u00e9 par une partie des d\u00e9put\u00e9s qui l&rsquo;accusent l&rsquo;accuse d\u2019\u00eatre un instrument du minist\u00e8re de l\u2019int\u00e9rieur pour favoriser la candidature du pr\u00e9sident au pourvoir.<\/p>\n\n\n\n<p>Apr\u00e8s son adoption mercredi par le parlement, le nouveau code \u00e9lectoral sera soumis au S\u00e9nat. Mais avant, le code divise les parlementaires. Pour la frange de d\u00e9put\u00e9s ayant vot\u00e9 \u00e0 l\u2019encontre du code, le texte, tel que vot\u00e9, conf\u00e8re une certaine puissance au minist\u00e8re de l\u2019int\u00e9rieur. <em>\u00ab&nbsp;Nous estimons que les amendements qui ont \u00e9t\u00e9 faits au niveau de e texte sont des amendements mineurs. Cela n\u2019enl\u00e8ve pas la toute-puissance du minist\u00e8re de l\u2019int\u00e9rieur sur l\u2019organisation des \u00e9lections. Le vrai probl\u00e8me, c\u2019est cela&nbsp;\u00bb<\/em>, a d\u00e9clar\u00e9 le d\u00e9put\u00e9 Jean-Valentin Layama. Une lecture que d\u00e9boute un autre d\u00e9put\u00e9, favorable au code. \u00ab<em>&nbsp;Cette lecture n\u2019est pas appropri\u00e9e. Le minist\u00e8re de l\u2019int\u00e9rieur n\u2019est que le minist\u00e8re pilote&nbsp;<\/em>\u00bb, a-t-il envoy\u00e9 \u00e0 son coll\u00e8gue dans des propos rapport\u00e9s par RFI.<\/p>\n\n\n\n<p>Avant d\u2019\u00eatre soumis aux d\u00e9put\u00e9s gabonais pour vote, le texte avait \u00e9t\u00e9 toilett\u00e9 pendant une dizaine de jours. \u00c0 noter que le pays de l\u2019Afrique centrale a \u00e9t\u00e9 secou\u00e9 par un coup d\u2019Etat dans la nuit 29 au 30 aout 2023 au lendemain de l\u2019annonce des r\u00e9sultats de l\u2019\u00e9lection pr\u00e9sidentielle fortement contest\u00e9s. Laquelle \u00e9lection donnait \u00e9lu, le pr\u00e9sident Ali Bongo pour un troisi\u00e8me mandat. Depuis, c\u2019est un militaire, le g\u00e9n\u00e9ral<strong> Brice Clotaire Oligui Nguema<\/strong> qui dirige la transition.<\/p>\n\n\n\n<p><strong>Ignace TOSSOU<\/strong><\/p>\n","protected":false},"excerpt":{"rendered":"<p>Le Gabon a adopt\u00e9 mercredi 19 juin 2024 un nouveau code \u00e9lectoral. Le Code qui est adopt\u00e9 \u00e0 la majorit\u00e9 des d\u00e9put\u00e9s de l\u2019Assembl\u00e9e nationale, 85 sur 98, est contest\u00e9&hellip;<\/p>\n","protected":false},"author":5,"featured_media":5988,"comment_status":"open","ping_status":"open","sticky":false,"template":"","format":"standard","meta":{"content-type":"","om_disable_all_campaigns":false,"_monsterinsights_skip_tracking":false,"_monsterinsights_sitenote_active":false,"_monsterinsights_sitenote_note":"","_monsterinsights_sitenote_category":0,"_uf_show_specific_survey":0,"_uf_disable_surveys":false,"footnotes":""},"categories":[9],"tags":[],"class_list":["post-5987","post","type-post","status-publish","format-standard","has-post-thumbnail","hentry","category-uncategorized"],"aioseo_notices":[],"yoast_head":"<!-- This site is optimized with the Yoast SEO plugin v27.5 - https:\/\/yoast.com\/product\/yoast-seo-wordpress\/ -->\n<title>Gabon\u00a0: le nouveau code \u00e9lectoral adopt\u00e9 mercredi par les d\u00e9put\u00e9s, divise - Le Patriote<\/title>\n<meta name=\"robots\" content=\"index, follow, max-snippet:-1, max-image-preview:large, max-video-preview:-1\" \/>\n<link rel=\"canonical\" href=\"https:\/\/lepatriotebenin.com\/index.php\/2024\/06\/21\/gabon-le-nouveau-code-electoral-adopte-mercredi-par-les-deputes-divise\/\" \/>\n<meta property=\"og:locale\" content=\"fr_FR\" \/>\n<meta property=\"og:type\" content=\"article\" \/>\n<meta property=\"og:title\" content=\"Gabon\u00a0: le nouveau code \u00e9lectoral adopt\u00e9 mercredi par les d\u00e9put\u00e9s, divise - Le Patriote\" \/>\n<meta property=\"og:description\" content=\"Le Gabon a adopt\u00e9 mercredi 19 juin 2024 un nouveau code \u00e9lectoral. Le Code qui est adopt\u00e9 \u00e0 la majorit\u00e9 des d\u00e9put\u00e9s de l\u2019Assembl\u00e9e nationale, 85 sur 98, est contest\u00e9&hellip;\" \/>\n<meta property=\"og:url\" content=\"https:\/\/lepatriotebenin.com\/index.php\/2024\/06\/21\/gabon-le-nouveau-code-electoral-adopte-mercredi-par-les-deputes-divise\/\" \/>\n<meta property=\"og:site_name\" content=\"Le Patriote\" \/>\n<meta property=\"article:published_time\" content=\"2024-06-21T12:16:46+00:00\" \/>\n<meta property=\"article:modified_time\" content=\"2024-06-21T14:57:48+00:00\" \/>\n<meta property=\"og:image\" content=\"https:\/\/lepatriotebenin.com\/wp-content\/uploads\/2024\/06\/31-12-23-d-copie.jpg\" \/>\n\t<meta property=\"og:image:width\" content=\"1446\" \/>\n\t<meta property=\"og:image:height\" content=\"1086\" \/>\n\t<meta property=\"og:image:type\" content=\"image\/jpeg\" \/>\n<meta name=\"author\" content=\"Redaction\" \/>\n<meta name=\"twitter:card\" content=\"summary_large_image\" \/>\n<meta name=\"twitter:label1\" content=\"\u00c9crit par\" \/>\n\t<meta name=\"twitter:data1\" content=\"Redaction\" \/>\n\t<meta name=\"twitter:label2\" content=\"Dur\u00e9e de lecture estim\u00e9e\" \/>\n\t<meta name=\"twitter:data2\" content=\"2 minutes\" \/>\n<script type=\"application\/ld+json\" class=\"yoast-schema-graph\">{\"@context\":\"https:\\\/\\\/schema.org\",\"@graph\":[{\"@type\":\"Article\",\"@id\":\"https:\\\/\\\/lepatriotebenin.com\\\/index.php\\\/2024\\\/06\\\/21\\\/gabon-le-nouveau-code-electoral-adopte-mercredi-par-les-deputes-divise\\\/#article\",\"isPartOf\":{\"@id\":\"https:\\\/\\\/lepatriotebenin.com\\\/index.php\\\/2024\\\/06\\\/21\\\/gabon-le-nouveau-code-electoral-adopte-mercredi-par-les-deputes-divise\\\/\"},\"author\":{\"name\":\"Redaction\",\"@id\":\"https:\\\/\\\/lepatriotebenin.com\\\/#\\\/schema\\\/person\\\/2e7709b9c9cc313e452d1136af61690f\"},\"headline\":\"Gabon\u00a0: le nouveau code \u00e9lectoral adopt\u00e9 mercredi par les d\u00e9put\u00e9s, divise\",\"datePublished\":\"2024-06-21T12:16:46+00:00\",\"dateModified\":\"2024-06-21T14:57:48+00:00\",\"mainEntityOfPage\":{\"@id\":\"https:\\\/\\\/lepatriotebenin.com\\\/index.php\\\/2024\\\/06\\\/21\\\/gabon-le-nouveau-code-electoral-adopte-mercredi-par-les-deputes-divise\\\/\"},\"wordCount\":320,\"commentCount\":0,\"image\":{\"@id\":\"https:\\\/\\\/lepatriotebenin.com\\\/index.php\\\/2024\\\/06\\\/21\\\/gabon-le-nouveau-code-electoral-adopte-mercredi-par-les-deputes-divise\\\/#primaryimage\"},\"thumbnailUrl\":\"https:\\\/\\\/lepatriotebenin.com\\\/wp-content\\\/uploads\\\/2024\\\/06\\\/31-12-23-d-copie.jpg\",\"articleSection\":[\"Uncategorized\"],\"inLanguage\":\"fr-FR\",\"potentialAction\":[{\"@type\":\"CommentAction\",\"name\":\"Comment\",\"target\":[\"https:\\\/\\\/lepatriotebenin.com\\\/index.php\\\/2024\\\/06\\\/21\\\/gabon-le-nouveau-code-electoral-adopte-mercredi-par-les-deputes-divise\\\/#respond\"]}]},{\"@type\":\"WebPage\",\"@id\":\"https:\\\/\\\/lepatriotebenin.com\\\/index.php\\\/2024\\\/06\\\/21\\\/gabon-le-nouveau-code-electoral-adopte-mercredi-par-les-deputes-divise\\\/\",\"url\":\"https:\\\/\\\/lepatriotebenin.com\\\/index.php\\\/2024\\\/06\\\/21\\\/gabon-le-nouveau-code-electoral-adopte-mercredi-par-les-deputes-divise\\\/\",\"name\":\"Gabon\u00a0: le nouveau code \u00e9lectoral adopt\u00e9 mercredi par les d\u00e9put\u00e9s, divise - Le Patriote\",\"isPartOf\":{\"@id\":\"https:\\\/\\\/lepatriotebenin.com\\\/#website\"},\"primaryImageOfPage\":{\"@id\":\"https:\\\/\\\/lepatriotebenin.com\\\/index.php\\\/2024\\\/06\\\/21\\\/gabon-le-nouveau-code-electoral-adopte-mercredi-par-les-deputes-divise\\\/#primaryimage\"},\"image\":{\"@id\":\"https:\\\/\\\/lepatriotebenin.com\\\/index.php\\\/2024\\\/06\\\/21\\\/gabon-le-nouveau-code-electoral-adopte-mercredi-par-les-deputes-divise\\\/#primaryimage\"},\"thumbnailUrl\":\"https:\\\/\\\/lepatriotebenin.com\\\/wp-content\\\/uploads\\\/2024\\\/06\\\/31-12-23-d-copie.jpg\",\"datePublished\":\"2024-06-21T12:16:46+00:00\",\"dateModified\":\"2024-06-21T14:57:48+00:00\",\"author\":{\"@id\":\"https:\\\/\\\/lepatriotebenin.com\\\/#\\\/schema\\\/person\\\/2e7709b9c9cc313e452d1136af61690f\"},\"breadcrumb\":{\"@id\":\"https:\\\/\\\/lepatriotebenin.com\\\/index.php\\\/2024\\\/06\\\/21\\\/gabon-le-nouveau-code-electoral-adopte-mercredi-par-les-deputes-divise\\\/#breadcrumb\"},\"inLanguage\":\"fr-FR\",\"potentialAction\":[{\"@type\":\"ReadAction\",\"target\":[\"https:\\\/\\\/lepatriotebenin.com\\\/index.php\\\/2024\\\/06\\\/21\\\/gabon-le-nouveau-code-electoral-adopte-mercredi-par-les-deputes-divise\\\/\"]}]},{\"@type\":\"ImageObject\",\"inLanguage\":\"fr-FR\",\"@id\":\"https:\\\/\\\/lepatriotebenin.com\\\/index.php\\\/2024\\\/06\\\/21\\\/gabon-le-nouveau-code-electoral-adopte-mercredi-par-les-deputes-divise\\\/#primaryimage\",\"url\":\"https:\\\/\\\/lepatriotebenin.com\\\/wp-content\\\/uploads\\\/2024\\\/06\\\/31-12-23-d-copie.jpg\",\"contentUrl\":\"https:\\\/\\\/lepatriotebenin.com\\\/wp-content\\\/uploads\\\/2024\\\/06\\\/31-12-23-d-copie.jpg\",\"width\":1446,\"height\":1086},{\"@type\":\"BreadcrumbList\",\"@id\":\"https:\\\/\\\/lepatriotebenin.com\\\/index.php\\\/2024\\\/06\\\/21\\\/gabon-le-nouveau-code-electoral-adopte-mercredi-par-les-deputes-divise\\\/#breadcrumb\",\"itemListElement\":[{\"@type\":\"ListItem\",\"position\":1,\"name\":\"Accueil\",\"item\":\"https:\\\/\\\/lepatriotebenin.com\\\/\"},{\"@type\":\"ListItem\",\"position\":2,\"name\":\"Gabon\u00a0: le nouveau code \u00e9lectoral adopt\u00e9 mercredi par les d\u00e9put\u00e9s, divise\"}]},{\"@type\":\"WebSite\",\"@id\":\"https:\\\/\\\/lepatriotebenin.com\\\/#website\",\"url\":\"https:\\\/\\\/lepatriotebenin.com\\\/\",\"name\":\"Le Patriote\",\"description\":\"Le Patriote B\u00e9nin\",\"potentialAction\":[{\"@type\":\"SearchAction\",\"target\":{\"@type\":\"EntryPoint\",\"urlTemplate\":\"https:\\\/\\\/lepatriotebenin.com\\\/?s={search_term_string}\"},\"query-input\":{\"@type\":\"PropertyValueSpecification\",\"valueRequired\":true,\"valueName\":\"search_term_string\"}}],\"inLanguage\":\"fr-FR\"},{\"@type\":\"Person\",\"@id\":\"https:\\\/\\\/lepatriotebenin.com\\\/#\\\/schema\\\/person\\\/2e7709b9c9cc313e452d1136af61690f\",\"name\":\"Redaction\",\"image\":{\"@type\":\"ImageObject\",\"inLanguage\":\"fr-FR\",\"@id\":\"https:\\\/\\\/secure.gravatar.com\\\/avatar\\\/c4c509357859ea2ca2cbb6d8812898a73e4ef1ef9934c2e591d7e32face734d1?s=96&d=mm&r=g\",\"url\":\"https:\\\/\\\/secure.gravatar.com\\\/avatar\\\/c4c509357859ea2ca2cbb6d8812898a73e4ef1ef9934c2e591d7e32face734d1?s=96&d=mm&r=g\",\"contentUrl\":\"https:\\\/\\\/secure.gravatar.com\\\/avatar\\\/c4c509357859ea2ca2cbb6d8812898a73e4ef1ef9934c2e591d7e32face734d1?s=96&d=mm&r=g\",\"caption\":\"Redaction\"},\"url\":\"https:\\\/\\\/lepatriotebenin.com\"}]}<\/script>\n<!-- \/ Yoast SEO plugin. -->","yoast_head_json":{"title":"Gabon\u00a0: le nouveau code \u00e9lectoral adopt\u00e9 mercredi par les d\u00e9put\u00e9s, divise - Le Patriote","robots":{"index":"index","follow":"follow","max-snippet":"max-snippet:-1","max-image-preview":"max-image-preview:large","max-video-preview":"max-video-preview:-1"},"canonical":"https:\/\/lepatriotebenin.com\/index.php\/2024\/06\/21\/gabon-le-nouveau-code-electoral-adopte-mercredi-par-les-deputes-divise\/","og_locale":"fr_FR","og_type":"article","og_title":"Gabon\u00a0: le nouveau code \u00e9lectoral adopt\u00e9 mercredi par les d\u00e9put\u00e9s, divise - Le Patriote","og_description":"Le Gabon a adopt\u00e9 mercredi 19 juin 2024 un nouveau code \u00e9lectoral. Le Code qui est adopt\u00e9 \u00e0 la majorit\u00e9 des d\u00e9put\u00e9s de l\u2019Assembl\u00e9e nationale, 85 sur 98, est contest\u00e9&hellip;","og_url":"https:\/\/lepatriotebenin.com\/index.php\/2024\/06\/21\/gabon-le-nouveau-code-electoral-adopte-mercredi-par-les-deputes-divise\/","og_site_name":"Le Patriote","article_published_time":"2024-06-21T12:16:46+00:00","article_modified_time":"2024-06-21T14:57:48+00:00","og_image":[{"width":1446,"height":1086,"url":"https:\/\/lepatriotebenin.com\/wp-content\/uploads\/2024\/06\/31-12-23-d-copie.jpg","type":"image\/jpeg"}],"author":"Redaction","twitter_card":"summary_large_image","twitter_misc":{"\u00c9crit par":"Redaction","Dur\u00e9e de lecture estim\u00e9e":"2 minutes"},"schema":{"@context":"https:\/\/schema.org","@graph":[{"@type":"Article","@id":"https:\/\/lepatriotebenin.com\/index.php\/2024\/06\/21\/gabon-le-nouveau-code-electoral-adopte-mercredi-par-les-deputes-divise\/#article","isPartOf":{"@id":"https:\/\/lepatriotebenin.com\/index.php\/2024\/06\/21\/gabon-le-nouveau-code-electoral-adopte-mercredi-par-les-deputes-divise\/"},"author":{"name":"Redaction","@id":"https:\/\/lepatriotebenin.com\/#\/schema\/person\/2e7709b9c9cc313e452d1136af61690f"},"headline":"Gabon\u00a0: le nouveau code \u00e9lectoral adopt\u00e9 mercredi par les d\u00e9put\u00e9s, divise","datePublished":"2024-06-21T12:16:46+00:00","dateModified":"2024-06-21T14:57:48+00:00","mainEntityOfPage":{"@id":"https:\/\/lepatriotebenin.com\/index.php\/2024\/06\/21\/gabon-le-nouveau-code-electoral-adopte-mercredi-par-les-deputes-divise\/"},"wordCount":320,"commentCount":0,"image":{"@id":"https:\/\/lepatriotebenin.com\/index.php\/2024\/06\/21\/gabon-le-nouveau-code-electoral-adopte-mercredi-par-les-deputes-divise\/#primaryimage"},"thumbnailUrl":"https:\/\/lepatriotebenin.com\/wp-content\/uploads\/2024\/06\/31-12-23-d-copie.jpg","articleSection":["Uncategorized"],"inLanguage":"fr-FR","potentialAction":[{"@type":"CommentAction","name":"Comment","target":["https:\/\/lepatriotebenin.com\/index.php\/2024\/06\/21\/gabon-le-nouveau-code-electoral-adopte-mercredi-par-les-deputes-divise\/#respond"]}]},{"@type":"WebPage","@id":"https:\/\/lepatriotebenin.com\/index.php\/2024\/06\/21\/gabon-le-nouveau-code-electoral-adopte-mercredi-par-les-deputes-divise\/","url":"https:\/\/lepatriotebenin.com\/index.php\/2024\/06\/21\/gabon-le-nouveau-code-electoral-adopte-mercredi-par-les-deputes-divise\/","name":"Gabon\u00a0: le nouveau code \u00e9lectoral adopt\u00e9 mercredi par les d\u00e9put\u00e9s, divise - Le Patriote","isPartOf":{"@id":"https:\/\/lepatriotebenin.com\/#website"},"primaryImageOfPage":{"@id":"https:\/\/lepatriotebenin.com\/index.php\/2024\/06\/21\/gabon-le-nouveau-code-electoral-adopte-mercredi-par-les-deputes-divise\/#primaryimage"},"image":{"@id":"https:\/\/lepatriotebenin.com\/index.php\/2024\/06\/21\/gabon-le-nouveau-code-electoral-adopte-mercredi-par-les-deputes-divise\/#primaryimage"},"thumbnailUrl":"https:\/\/lepatriotebenin.com\/wp-content\/uploads\/2024\/06\/31-12-23-d-copie.jpg","datePublished":"2024-06-21T12:16:46+00:00","dateModified":"2024-06-21T14:57:48+00:00","author":{"@id":"https:\/\/lepatriotebenin.com\/#\/schema\/person\/2e7709b9c9cc313e452d1136af61690f"},"breadcrumb":{"@id":"https:\/\/lepatriotebenin.com\/index.php\/2024\/06\/21\/gabon-le-nouveau-code-electoral-adopte-mercredi-par-les-deputes-divise\/#breadcrumb"},"inLanguage":"fr-FR","potentialAction":[{"@type":"ReadAction","target":["https:\/\/lepatriotebenin.com\/index.php\/2024\/06\/21\/gabon-le-nouveau-code-electoral-adopte-mercredi-par-les-deputes-divise\/"]}]},{"@type":"ImageObject","inLanguage":"fr-FR","@id":"https:\/\/lepatriotebenin.com\/index.php\/2024\/06\/21\/gabon-le-nouveau-code-electoral-adopte-mercredi-par-les-deputes-divise\/#primaryimage","url":"https:\/\/lepatriotebenin.com\/wp-content\/uploads\/2024\/06\/31-12-23-d-copie.jpg","contentUrl":"https:\/\/lepatriotebenin.com\/wp-content\/uploads\/2024\/06\/31-12-23-d-copie.jpg","width":1446,"height":1086},{"@type":"BreadcrumbList","@id":"https:\/\/lepatriotebenin.com\/index.php\/2024\/06\/21\/gabon-le-nouveau-code-electoral-adopte-mercredi-par-les-deputes-divise\/#breadcrumb","itemListElement":[{"@type":"ListItem","position":1,"name":"Accueil","item":"https:\/\/lepatriotebenin.com\/"},{"@type":"ListItem","position":2,"name":"Gabon\u00a0: le nouveau code \u00e9lectoral adopt\u00e9 mercredi par les d\u00e9put\u00e9s, divise"}]},{"@type":"WebSite","@id":"https:\/\/lepatriotebenin.com\/#website","url":"https:\/\/lepatriotebenin.com\/","name":"Le Patriote","description":"Le Patriote B\u00e9nin","potentialAction":[{"@type":"SearchAction","target":{"@type":"EntryPoint","urlTemplate":"https:\/\/lepatriotebenin.com\/?s={search_term_string}"},"query-input":{"@type":"PropertyValueSpecification","valueRequired":true,"valueName":"search_term_string"}}],"inLanguage":"fr-FR"},{"@type":"Person","@id":"https:\/\/lepatriotebenin.com\/#\/schema\/person\/2e7709b9c9cc313e452d1136af61690f","name":"Redaction","image":{"@type":"ImageObject","inLanguage":"fr-FR","@id":"https:\/\/secure.gravatar.com\/avatar\/c4c509357859ea2ca2cbb6d8812898a73e4ef1ef9934c2e591d7e32face734d1?s=96&d=mm&r=g","url":"https:\/\/secure.gravatar.com\/avatar\/c4c509357859ea2ca2cbb6d8812898a73e4ef1ef9934c2e591d7e32face734d1?s=96&d=mm&r=g","contentUrl":"https:\/\/secure.gravatar.com\/avatar\/c4c509357859ea2ca2cbb6d8812898a73e4ef1ef9934c2e591d7e32face734d1?s=96&d=mm&r=g","caption":"Redaction"},"url":"https:\/\/lepatriotebenin.com"}]}},"_links":{"self":[{"href":"https:\/\/lepatriotebenin.com\/index.php\/wp-json\/wp\/v2\/posts\/5987","targetHints":{"allow":["GET"]}}],"collection":[{"href":"https:\/\/lepatriotebenin.com\/index.php\/wp-json\/wp\/v2\/posts"}],"about":[{"href":"https:\/\/lepatriotebenin.com\/index.php\/wp-json\/wp\/v2\/types\/post"}],"author":[{"embeddable":true,"href":"https:\/\/lepatriotebenin.com\/index.php\/wp-json\/wp\/v2\/users\/5"}],"replies":[{"embeddable":true,"href":"https:\/\/lepatriotebenin.com\/index.php\/wp-json\/wp\/v2\/comments?post=5987"}],"version-history":[{"count":2,"href":"https:\/\/lepatriotebenin.com\/index.php\/wp-json\/wp\/v2\/posts\/5987\/revisions"}],"predecessor-version":[{"id":5990,"href":"https:\/\/lepatriotebenin.com\/index.php\/wp-json\/wp\/v2\/posts\/5987\/revisions\/5990"}],"wp:featuredmedia":[{"embeddable":true,"href":"https:\/\/lepatriotebenin.com\/index.php\/wp-json\/wp\/v2\/media\/5988"}],"wp:attachment":[{"href":"https:\/\/lepatriotebenin.com\/index.php\/wp-json\/wp\/v2\/media?parent=5987"}],"wp:term":[{"taxonomy":"category","embeddable":true,"href":"https:\/\/lepatriotebenin.com\/index.php\/wp-json\/wp\/v2\/categories?post=5987"},{"taxonomy":"post_tag","embeddable":true,"href":"https:\/\/lepatriotebenin.com\/index.php\/wp-json\/wp\/v2\/tags?post=5987"}],"curies":[{"name":"wp","href":"https:\/\/api.w.org\/{rel}","templated":true}]}}