{"id":5984,"date":"2024-06-21T12:53:29","date_gmt":"2024-06-21T10:53:29","guid":{"rendered":"https:\/\/lepatriotebenin.com\/?p=5984"},"modified":"2024-06-21T12:53:30","modified_gmt":"2024-06-21T10:53:30","slug":"elections-inclusives-et-transparentes-en-2026-la-conference-episcopale-du-benin-fait-8-recommandations","status":"publish","type":"post","link":"https:\/\/lepatriotebenin.com\/index.php\/2024\/06\/21\/elections-inclusives-et-transparentes-en-2026-la-conference-episcopale-du-benin-fait-8-recommandations\/","title":{"rendered":"\u00c9lections inclusives et transparentes en 2026 : la Conf\u00e9rence \u00e9piscopale du B\u00e9nin fait 8 recommandations"},"content":{"rendered":"\n<p><em>Dans une d\u00e9claration faite <strong>jeudi 20 juin 2024,<\/strong> la conf\u00e9rence Episcopale du B\u00e9nin a effectu\u00e9 8 recommandations sur le Code \u00e9lectorale. Ceci, quelques mois apr\u00e8s le colloque scientifique tenu en avril, o\u00f9 l&rsquo;\u00e9glise catholique a d\u00e9cr\u00e9t\u00e9 la n\u00e9cessit\u00e9 pour les dirigeants de proc\u00e9der \u00e0 une relecture du code, afin de cr\u00e9er un cadre inclusif, transparent, libre et d\u00e9mocratique autour des \u00e9lections g\u00e9n\u00e9rales de 2026.<\/em><\/p>\n\n\n\n<p>Dans le document consult\u00e9 par la r\u00e9daction de Le Patriote, les \u00e9v\u00eaques invitent :<\/p>\n\n\n\n<p>1- \u00ables autorit\u00e9s religieuses et traditionnelles \u00e0 continuer \u00e0 jouer leur partition pour le maintien de la paix, du consensus et du vivre-ensemble afin d\u2019anticiper les \u00e9ventuels risques de conflits pr\u00e9 ou post-\u00e9lectoraux susceptibles de perturber la qui\u00e9tude des B\u00e9ninois et des B\u00e9ninoises, ainsi que celle de tous les \u00e9trangers vivant parmi nous;<\/p>\n\n\n\n<p>2- le chef de l\u2019\u00c9tat \u00e0 renforcer le dialogue et la concertation avec toutes les parties prenantes au processus \u00e9lectoral en vue de solutions consensuelles aux diverses pr\u00e9occupations d\u00e9coulant de l\u2019analyse scientifique du Code \u00e9lectoral du B\u00e9nin par les divers experts qui se sont succ\u00e9d\u00e9 lors du colloque ; et \u00e0 \u0153uvrer en amont et en aval \u00e0 la r\u00e9solution des probl\u00e8mes li\u00e9s au Code \u00e9lectoral pour la tenue d\u2019un dialogue national en vue de la r\u00e9conciliation et du rassemblement de tous les fils et filles du B\u00e9nin ;<\/p>\n\n\n\n<p>3- le Gouvernement et l\u2019Assembl\u00e9e nationale \u00e0 \u0153uvrer \u00e0 une relecture consensuelle du Code \u00e9lectoral dans un esprit de v\u00e9rit\u00e9 et dans l\u2019int\u00e9r\u00eat sup\u00e9rieur de la Nation en faisant attention : \u00e0 l\u2019impact que son application peut avoir sur les r\u00e9sultats des l\u00e9gislatives de 2026. En effet, si avec 10 % de seuil au niveau national, seuls trois partis ont pu entrer au Parlement, que pourrait-on attendre de l\u2019application du seuil de 20 % non plus au niveau national, mais par circonscription \u00e9lectorale ?<\/p>\n\n\n\n<p>4- aux \u00e9ventualit\u00e9s possibles qui pourraient survenir \u00e0 l\u2019issue des \u00e9lections de 2026 et \u00e0 leurs cons\u00e9quences pour la gestion pacifique du pouvoir. Aucune des \u00e9ventualit\u00e9s possibles, \u00e0 l\u2019examen de la situation, n\u2019est rassurante pour la Nation ni pour aucun des partis politiques ; aux dispositions impr\u00e9cises dans la loi dont la mise en \u0153uvre peut \u00eatre source de probl\u00e8mes en 2026;<\/p>\n\n\n\n<p>5- le Gouvernement et tous les acteurs politiques \u00e0 prendre en compte le fait que la paix sociale, que favorisera la relecture du code \u00e9lectoral, repose \u00e9galement sur le dialogue, facteur de r\u00e9conciliation, de pardon mutuel et de rassemblement de toutes les parties pour le bien-\u00eatre de tous ; les partis politiques, toutes tendances confondues, \u00e0 faire preuve de flexibilit\u00e9 dans leurs diverses prises de position en tenant compte de l\u2019int\u00e9r\u00eat g\u00e9n\u00e9ral du peuple b\u00e9ninois qui n\u2019aspire qu\u2019\u00e0 la paix et au d\u00e9veloppement dans les circonstances actuelles ;<\/p>\n\n\n\n<p>6- l\u2019ensemble des acteurs politiques, la soci\u00e9t\u00e9 civile et les faiseurs d\u2019opinion \u00e0 promouvoir avec l\u2019\u00c9tat des relations et des projets qui respectent les aspirations du peuple b\u00e9ninois \u00e0 un Code \u00e9lectoral et \u00e0 des mesures garantissant la paix sociale et l\u2019organisation d\u2019\u00e9lections r\u00e9ellement inclusives, transparentes et d\u00e9mocratiques en 2026 ;<\/p>\n\n\n\n<p>7- toutes les parties prenantes \u00e0 mettre en place, et dans un partenariat des autorit\u00e9s morales avec l\u2019\u00c9tat, un Conseil national pour le vivre-ensemble et la paix qui soit un organe de veille citoyenne et morale pour le vivre-ensemble national, un creuset d\u2019\u00e9changes, de partages et de propositions sur toutes les questions devant garantir la paix sociale, gage d\u2019un ordre politique et de d\u00e9veloppement au profit de tous ;<\/p>\n\n\n\n<p>8- le peuple b\u00e9ninois : \u00e0 promouvoir, \u00e0 travers des comportements et des prises de position, la culture de la v\u00e9rit\u00e9, de la r\u00e9conciliation, du pardon mutuel et de la paix pour des \u00e9lections inclusives et paisibles en 2026 ; \u00e0 partager avec leurs repr\u00e9sentants au Parlement et leurs \u00e9lus locaux, les conclusions du colloque ; \u00e0 prier et \u00e0 je\u00fbner, dans un esprit de crainte de Dieu et de conversion qui favorise le changement des mentalit\u00e9s et des pratiques, afin que Dieu continue de b\u00e9nir et de prot\u00e9ger notre pays, le B\u00e9nin, pour le conduire \u00e0 travers la relecture du Code \u00e9lectoral, \u00e0 des \u00e9lections inclusives, pacifiques et cr\u00e9dibles en 2026 et au-del\u00e0\u00bb, selon des propos rapport\u00e9s par Les 4 v\u00e9rit\u00e9s.<\/p>\n","protected":false},"excerpt":{"rendered":"<p>Dans une d\u00e9claration faite jeudi 20 juin 2024, la conf\u00e9rence Episcopale du B\u00e9nin a effectu\u00e9 8 recommandations sur le Code \u00e9lectorale. Ceci, quelques mois apr\u00e8s le colloque scientifique tenu en&hellip;<\/p>\n","protected":false},"author":6,"featured_media":5985,"comment_status":"open","ping_status":"open","sticky":false,"template":"","format":"standard","meta":{"content-type":"","om_disable_all_campaigns":false,"_monsterinsights_skip_tracking":false,"_monsterinsights_sitenote_active":false,"_monsterinsights_sitenote_note":"","_monsterinsights_sitenote_category":0,"_uf_show_specific_survey":0,"_uf_disable_surveys":false,"footnotes":""},"categories":[26],"tags":[],"class_list":["post-5984","post","type-post","status-publish","format-standard","has-post-thumbnail","hentry","category-politique"],"aioseo_notices":[],"yoast_head":"<!-- This site is optimized with the Yoast SEO plugin v27.5 - https:\/\/yoast.com\/product\/yoast-seo-wordpress\/ -->\n<title>\u00c9lections inclusives et transparentes en 2026 : la Conf\u00e9rence \u00e9piscopale du B\u00e9nin fait 8 recommandations - Le Patriote<\/title>\n<meta name=\"robots\" content=\"index, follow, max-snippet:-1, max-image-preview:large, max-video-preview:-1\" \/>\n<link rel=\"canonical\" href=\"https:\/\/lepatriotebenin.com\/index.php\/2024\/06\/21\/elections-inclusives-et-transparentes-en-2026-la-conference-episcopale-du-benin-fait-8-recommandations\/\" \/>\n<meta property=\"og:locale\" content=\"fr_FR\" \/>\n<meta property=\"og:type\" content=\"article\" \/>\n<meta property=\"og:title\" content=\"\u00c9lections inclusives et transparentes en 2026 : la Conf\u00e9rence \u00e9piscopale du B\u00e9nin fait 8 recommandations - Le Patriote\" \/>\n<meta property=\"og:description\" content=\"Dans une d\u00e9claration faite jeudi 20 juin 2024, la conf\u00e9rence Episcopale du B\u00e9nin a effectu\u00e9 8 recommandations sur le Code \u00e9lectorale. Ceci, quelques mois apr\u00e8s le colloque scientifique tenu en&hellip;\" \/>\n<meta property=\"og:url\" content=\"https:\/\/lepatriotebenin.com\/index.php\/2024\/06\/21\/elections-inclusives-et-transparentes-en-2026-la-conference-episcopale-du-benin-fait-8-recommandations\/\" \/>\n<meta property=\"og:site_name\" content=\"Le Patriote\" \/>\n<meta property=\"article:published_time\" content=\"2024-06-21T10:53:29+00:00\" \/>\n<meta property=\"article:modified_time\" content=\"2024-06-21T10:53:30+00:00\" \/>\n<meta property=\"og:image\" content=\"https:\/\/lepatriotebenin.com\/wp-content\/uploads\/2024\/06\/cep.webp\" \/>\n\t<meta property=\"og:image:width\" content=\"770\" \/>\n\t<meta property=\"og:image:height\" content=\"470\" \/>\n\t<meta property=\"og:image:type\" content=\"image\/webp\" \/>\n<meta name=\"author\" content=\"Roland AFFANOU\" \/>\n<meta name=\"twitter:card\" content=\"summary_large_image\" \/>\n<meta name=\"twitter:label1\" content=\"\u00c9crit par\" \/>\n\t<meta name=\"twitter:data1\" content=\"Roland AFFANOU\" \/>\n\t<meta name=\"twitter:label2\" content=\"Dur\u00e9e de lecture estim\u00e9e\" \/>\n\t<meta name=\"twitter:data2\" content=\"4 minutes\" \/>\n<script type=\"application\/ld+json\" class=\"yoast-schema-graph\">{\"@context\":\"https:\\\/\\\/schema.org\",\"@graph\":[{\"@type\":\"Article\",\"@id\":\"https:\\\/\\\/lepatriotebenin.com\\\/index.php\\\/2024\\\/06\\\/21\\\/elections-inclusives-et-transparentes-en-2026-la-conference-episcopale-du-benin-fait-8-recommandations\\\/#article\",\"isPartOf\":{\"@id\":\"https:\\\/\\\/lepatriotebenin.com\\\/index.php\\\/2024\\\/06\\\/21\\\/elections-inclusives-et-transparentes-en-2026-la-conference-episcopale-du-benin-fait-8-recommandations\\\/\"},\"author\":{\"name\":\"Roland AFFANOU\",\"@id\":\"https:\\\/\\\/lepatriotebenin.com\\\/#\\\/schema\\\/person\\\/4a9b67216c97d04045e01405c534c91f\"},\"headline\":\"\u00c9lections inclusives et transparentes en 2026 : la Conf\u00e9rence \u00e9piscopale du B\u00e9nin fait 8 recommandations\",\"datePublished\":\"2024-06-21T10:53:29+00:00\",\"dateModified\":\"2024-06-21T10:53:30+00:00\",\"mainEntityOfPage\":{\"@id\":\"https:\\\/\\\/lepatriotebenin.com\\\/index.php\\\/2024\\\/06\\\/21\\\/elections-inclusives-et-transparentes-en-2026-la-conference-episcopale-du-benin-fait-8-recommandations\\\/\"},\"wordCount\":746,\"commentCount\":0,\"image\":{\"@id\":\"https:\\\/\\\/lepatriotebenin.com\\\/index.php\\\/2024\\\/06\\\/21\\\/elections-inclusives-et-transparentes-en-2026-la-conference-episcopale-du-benin-fait-8-recommandations\\\/#primaryimage\"},\"thumbnailUrl\":\"https:\\\/\\\/lepatriotebenin.com\\\/wp-content\\\/uploads\\\/2024\\\/06\\\/cep.webp\",\"articleSection\":[\"Politique\"],\"inLanguage\":\"fr-FR\",\"potentialAction\":[{\"@type\":\"CommentAction\",\"name\":\"Comment\",\"target\":[\"https:\\\/\\\/lepatriotebenin.com\\\/index.php\\\/2024\\\/06\\\/21\\\/elections-inclusives-et-transparentes-en-2026-la-conference-episcopale-du-benin-fait-8-recommandations\\\/#respond\"]}]},{\"@type\":\"WebPage\",\"@id\":\"https:\\\/\\\/lepatriotebenin.com\\\/index.php\\\/2024\\\/06\\\/21\\\/elections-inclusives-et-transparentes-en-2026-la-conference-episcopale-du-benin-fait-8-recommandations\\\/\",\"url\":\"https:\\\/\\\/lepatriotebenin.com\\\/index.php\\\/2024\\\/06\\\/21\\\/elections-inclusives-et-transparentes-en-2026-la-conference-episcopale-du-benin-fait-8-recommandations\\\/\",\"name\":\"\u00c9lections inclusives et transparentes en 2026 : la Conf\u00e9rence \u00e9piscopale du B\u00e9nin fait 8 recommandations - Le Patriote\",\"isPartOf\":{\"@id\":\"https:\\\/\\\/lepatriotebenin.com\\\/#website\"},\"primaryImageOfPage\":{\"@id\":\"https:\\\/\\\/lepatriotebenin.com\\\/index.php\\\/2024\\\/06\\\/21\\\/elections-inclusives-et-transparentes-en-2026-la-conference-episcopale-du-benin-fait-8-recommandations\\\/#primaryimage\"},\"image\":{\"@id\":\"https:\\\/\\\/lepatriotebenin.com\\\/index.php\\\/2024\\\/06\\\/21\\\/elections-inclusives-et-transparentes-en-2026-la-conference-episcopale-du-benin-fait-8-recommandations\\\/#primaryimage\"},\"thumbnailUrl\":\"https:\\\/\\\/lepatriotebenin.com\\\/wp-content\\\/uploads\\\/2024\\\/06\\\/cep.webp\",\"datePublished\":\"2024-06-21T10:53:29+00:00\",\"dateModified\":\"2024-06-21T10:53:30+00:00\",\"author\":{\"@id\":\"https:\\\/\\\/lepatriotebenin.com\\\/#\\\/schema\\\/person\\\/4a9b67216c97d04045e01405c534c91f\"},\"breadcrumb\":{\"@id\":\"https:\\\/\\\/lepatriotebenin.com\\\/index.php\\\/2024\\\/06\\\/21\\\/elections-inclusives-et-transparentes-en-2026-la-conference-episcopale-du-benin-fait-8-recommandations\\\/#breadcrumb\"},\"inLanguage\":\"fr-FR\",\"potentialAction\":[{\"@type\":\"ReadAction\",\"target\":[\"https:\\\/\\\/lepatriotebenin.com\\\/index.php\\\/2024\\\/06\\\/21\\\/elections-inclusives-et-transparentes-en-2026-la-conference-episcopale-du-benin-fait-8-recommandations\\\/\"]}]},{\"@type\":\"ImageObject\",\"inLanguage\":\"fr-FR\",\"@id\":\"https:\\\/\\\/lepatriotebenin.com\\\/index.php\\\/2024\\\/06\\\/21\\\/elections-inclusives-et-transparentes-en-2026-la-conference-episcopale-du-benin-fait-8-recommandations\\\/#primaryimage\",\"url\":\"https:\\\/\\\/lepatriotebenin.com\\\/wp-content\\\/uploads\\\/2024\\\/06\\\/cep.webp\",\"contentUrl\":\"https:\\\/\\\/lepatriotebenin.com\\\/wp-content\\\/uploads\\\/2024\\\/06\\\/cep.webp\",\"width\":770,\"height\":470},{\"@type\":\"BreadcrumbList\",\"@id\":\"https:\\\/\\\/lepatriotebenin.com\\\/index.php\\\/2024\\\/06\\\/21\\\/elections-inclusives-et-transparentes-en-2026-la-conference-episcopale-du-benin-fait-8-recommandations\\\/#breadcrumb\",\"itemListElement\":[{\"@type\":\"ListItem\",\"position\":1,\"name\":\"Accueil\",\"item\":\"https:\\\/\\\/lepatriotebenin.com\\\/\"},{\"@type\":\"ListItem\",\"position\":2,\"name\":\"\u00c9lections inclusives et transparentes en 2026 : la Conf\u00e9rence \u00e9piscopale du B\u00e9nin fait 8 recommandations\"}]},{\"@type\":\"WebSite\",\"@id\":\"https:\\\/\\\/lepatriotebenin.com\\\/#website\",\"url\":\"https:\\\/\\\/lepatriotebenin.com\\\/\",\"name\":\"Le Patriote\",\"description\":\"Le Patriote B\u00e9nin\",\"potentialAction\":[{\"@type\":\"SearchAction\",\"target\":{\"@type\":\"EntryPoint\",\"urlTemplate\":\"https:\\\/\\\/lepatriotebenin.com\\\/?s={search_term_string}\"},\"query-input\":{\"@type\":\"PropertyValueSpecification\",\"valueRequired\":true,\"valueName\":\"search_term_string\"}}],\"inLanguage\":\"fr-FR\"},{\"@type\":\"Person\",\"@id\":\"https:\\\/\\\/lepatriotebenin.com\\\/#\\\/schema\\\/person\\\/4a9b67216c97d04045e01405c534c91f\",\"name\":\"Roland AFFANOU\",\"image\":{\"@type\":\"ImageObject\",\"inLanguage\":\"fr-FR\",\"@id\":\"https:\\\/\\\/secure.gravatar.com\\\/avatar\\\/7209d3f6d2d47ea4d0c67e14d3effb61feb10ae540a4381280c66265de5bd643?s=96&d=mm&r=g\",\"url\":\"https:\\\/\\\/secure.gravatar.com\\\/avatar\\\/7209d3f6d2d47ea4d0c67e14d3effb61feb10ae540a4381280c66265de5bd643?s=96&d=mm&r=g\",\"contentUrl\":\"https:\\\/\\\/secure.gravatar.com\\\/avatar\\\/7209d3f6d2d47ea4d0c67e14d3effb61feb10ae540a4381280c66265de5bd643?s=96&d=mm&r=g\",\"caption\":\"Roland AFFANOU\"},\"url\":\"https:\\\/\\\/lepatriotebenin.com\"}]}<\/script>\n<!-- \/ Yoast SEO plugin. -->","yoast_head_json":{"title":"\u00c9lections inclusives et transparentes en 2026 : la Conf\u00e9rence \u00e9piscopale du B\u00e9nin fait 8 recommandations - Le Patriote","robots":{"index":"index","follow":"follow","max-snippet":"max-snippet:-1","max-image-preview":"max-image-preview:large","max-video-preview":"max-video-preview:-1"},"canonical":"https:\/\/lepatriotebenin.com\/index.php\/2024\/06\/21\/elections-inclusives-et-transparentes-en-2026-la-conference-episcopale-du-benin-fait-8-recommandations\/","og_locale":"fr_FR","og_type":"article","og_title":"\u00c9lections inclusives et transparentes en 2026 : la Conf\u00e9rence \u00e9piscopale du B\u00e9nin fait 8 recommandations - Le Patriote","og_description":"Dans une d\u00e9claration faite jeudi 20 juin 2024, la conf\u00e9rence Episcopale du B\u00e9nin a effectu\u00e9 8 recommandations sur le Code \u00e9lectorale. Ceci, quelques mois apr\u00e8s le colloque scientifique tenu en&hellip;","og_url":"https:\/\/lepatriotebenin.com\/index.php\/2024\/06\/21\/elections-inclusives-et-transparentes-en-2026-la-conference-episcopale-du-benin-fait-8-recommandations\/","og_site_name":"Le Patriote","article_published_time":"2024-06-21T10:53:29+00:00","article_modified_time":"2024-06-21T10:53:30+00:00","og_image":[{"width":770,"height":470,"url":"https:\/\/lepatriotebenin.com\/wp-content\/uploads\/2024\/06\/cep.webp","type":"image\/webp"}],"author":"Roland AFFANOU","twitter_card":"summary_large_image","twitter_misc":{"\u00c9crit par":"Roland AFFANOU","Dur\u00e9e de lecture estim\u00e9e":"4 minutes"},"schema":{"@context":"https:\/\/schema.org","@graph":[{"@type":"Article","@id":"https:\/\/lepatriotebenin.com\/index.php\/2024\/06\/21\/elections-inclusives-et-transparentes-en-2026-la-conference-episcopale-du-benin-fait-8-recommandations\/#article","isPartOf":{"@id":"https:\/\/lepatriotebenin.com\/index.php\/2024\/06\/21\/elections-inclusives-et-transparentes-en-2026-la-conference-episcopale-du-benin-fait-8-recommandations\/"},"author":{"name":"Roland AFFANOU","@id":"https:\/\/lepatriotebenin.com\/#\/schema\/person\/4a9b67216c97d04045e01405c534c91f"},"headline":"\u00c9lections inclusives et transparentes en 2026 : la Conf\u00e9rence \u00e9piscopale du B\u00e9nin fait 8 recommandations","datePublished":"2024-06-21T10:53:29+00:00","dateModified":"2024-06-21T10:53:30+00:00","mainEntityOfPage":{"@id":"https:\/\/lepatriotebenin.com\/index.php\/2024\/06\/21\/elections-inclusives-et-transparentes-en-2026-la-conference-episcopale-du-benin-fait-8-recommandations\/"},"wordCount":746,"commentCount":0,"image":{"@id":"https:\/\/lepatriotebenin.com\/index.php\/2024\/06\/21\/elections-inclusives-et-transparentes-en-2026-la-conference-episcopale-du-benin-fait-8-recommandations\/#primaryimage"},"thumbnailUrl":"https:\/\/lepatriotebenin.com\/wp-content\/uploads\/2024\/06\/cep.webp","articleSection":["Politique"],"inLanguage":"fr-FR","potentialAction":[{"@type":"CommentAction","name":"Comment","target":["https:\/\/lepatriotebenin.com\/index.php\/2024\/06\/21\/elections-inclusives-et-transparentes-en-2026-la-conference-episcopale-du-benin-fait-8-recommandations\/#respond"]}]},{"@type":"WebPage","@id":"https:\/\/lepatriotebenin.com\/index.php\/2024\/06\/21\/elections-inclusives-et-transparentes-en-2026-la-conference-episcopale-du-benin-fait-8-recommandations\/","url":"https:\/\/lepatriotebenin.com\/index.php\/2024\/06\/21\/elections-inclusives-et-transparentes-en-2026-la-conference-episcopale-du-benin-fait-8-recommandations\/","name":"\u00c9lections inclusives et transparentes en 2026 : la Conf\u00e9rence \u00e9piscopale du B\u00e9nin fait 8 recommandations - Le Patriote","isPartOf":{"@id":"https:\/\/lepatriotebenin.com\/#website"},"primaryImageOfPage":{"@id":"https:\/\/lepatriotebenin.com\/index.php\/2024\/06\/21\/elections-inclusives-et-transparentes-en-2026-la-conference-episcopale-du-benin-fait-8-recommandations\/#primaryimage"},"image":{"@id":"https:\/\/lepatriotebenin.com\/index.php\/2024\/06\/21\/elections-inclusives-et-transparentes-en-2026-la-conference-episcopale-du-benin-fait-8-recommandations\/#primaryimage"},"thumbnailUrl":"https:\/\/lepatriotebenin.com\/wp-content\/uploads\/2024\/06\/cep.webp","datePublished":"2024-06-21T10:53:29+00:00","dateModified":"2024-06-21T10:53:30+00:00","author":{"@id":"https:\/\/lepatriotebenin.com\/#\/schema\/person\/4a9b67216c97d04045e01405c534c91f"},"breadcrumb":{"@id":"https:\/\/lepatriotebenin.com\/index.php\/2024\/06\/21\/elections-inclusives-et-transparentes-en-2026-la-conference-episcopale-du-benin-fait-8-recommandations\/#breadcrumb"},"inLanguage":"fr-FR","potentialAction":[{"@type":"ReadAction","target":["https:\/\/lepatriotebenin.com\/index.php\/2024\/06\/21\/elections-inclusives-et-transparentes-en-2026-la-conference-episcopale-du-benin-fait-8-recommandations\/"]}]},{"@type":"ImageObject","inLanguage":"fr-FR","@id":"https:\/\/lepatriotebenin.com\/index.php\/2024\/06\/21\/elections-inclusives-et-transparentes-en-2026-la-conference-episcopale-du-benin-fait-8-recommandations\/#primaryimage","url":"https:\/\/lepatriotebenin.com\/wp-content\/uploads\/2024\/06\/cep.webp","contentUrl":"https:\/\/lepatriotebenin.com\/wp-content\/uploads\/2024\/06\/cep.webp","width":770,"height":470},{"@type":"BreadcrumbList","@id":"https:\/\/lepatriotebenin.com\/index.php\/2024\/06\/21\/elections-inclusives-et-transparentes-en-2026-la-conference-episcopale-du-benin-fait-8-recommandations\/#breadcrumb","itemListElement":[{"@type":"ListItem","position":1,"name":"Accueil","item":"https:\/\/lepatriotebenin.com\/"},{"@type":"ListItem","position":2,"name":"\u00c9lections inclusives et transparentes en 2026 : la Conf\u00e9rence \u00e9piscopale du B\u00e9nin fait 8 recommandations"}]},{"@type":"WebSite","@id":"https:\/\/lepatriotebenin.com\/#website","url":"https:\/\/lepatriotebenin.com\/","name":"Le Patriote","description":"Le Patriote B\u00e9nin","potentialAction":[{"@type":"SearchAction","target":{"@type":"EntryPoint","urlTemplate":"https:\/\/lepatriotebenin.com\/?s={search_term_string}"},"query-input":{"@type":"PropertyValueSpecification","valueRequired":true,"valueName":"search_term_string"}}],"inLanguage":"fr-FR"},{"@type":"Person","@id":"https:\/\/lepatriotebenin.com\/#\/schema\/person\/4a9b67216c97d04045e01405c534c91f","name":"Roland AFFANOU","image":{"@type":"ImageObject","inLanguage":"fr-FR","@id":"https:\/\/secure.gravatar.com\/avatar\/7209d3f6d2d47ea4d0c67e14d3effb61feb10ae540a4381280c66265de5bd643?s=96&d=mm&r=g","url":"https:\/\/secure.gravatar.com\/avatar\/7209d3f6d2d47ea4d0c67e14d3effb61feb10ae540a4381280c66265de5bd643?s=96&d=mm&r=g","contentUrl":"https:\/\/secure.gravatar.com\/avatar\/7209d3f6d2d47ea4d0c67e14d3effb61feb10ae540a4381280c66265de5bd643?s=96&d=mm&r=g","caption":"Roland AFFANOU"},"url":"https:\/\/lepatriotebenin.com"}]}},"_links":{"self":[{"href":"https:\/\/lepatriotebenin.com\/index.php\/wp-json\/wp\/v2\/posts\/5984","targetHints":{"allow":["GET"]}}],"collection":[{"href":"https:\/\/lepatriotebenin.com\/index.php\/wp-json\/wp\/v2\/posts"}],"about":[{"href":"https:\/\/lepatriotebenin.com\/index.php\/wp-json\/wp\/v2\/types\/post"}],"author":[{"embeddable":true,"href":"https:\/\/lepatriotebenin.com\/index.php\/wp-json\/wp\/v2\/users\/6"}],"replies":[{"embeddable":true,"href":"https:\/\/lepatriotebenin.com\/index.php\/wp-json\/wp\/v2\/comments?post=5984"}],"version-history":[{"count":1,"href":"https:\/\/lepatriotebenin.com\/index.php\/wp-json\/wp\/v2\/posts\/5984\/revisions"}],"predecessor-version":[{"id":5986,"href":"https:\/\/lepatriotebenin.com\/index.php\/wp-json\/wp\/v2\/posts\/5984\/revisions\/5986"}],"wp:featuredmedia":[{"embeddable":true,"href":"https:\/\/lepatriotebenin.com\/index.php\/wp-json\/wp\/v2\/media\/5985"}],"wp:attachment":[{"href":"https:\/\/lepatriotebenin.com\/index.php\/wp-json\/wp\/v2\/media?parent=5984"}],"wp:term":[{"taxonomy":"category","embeddable":true,"href":"https:\/\/lepatriotebenin.com\/index.php\/wp-json\/wp\/v2\/categories?post=5984"},{"taxonomy":"post_tag","embeddable":true,"href":"https:\/\/lepatriotebenin.com\/index.php\/wp-json\/wp\/v2\/tags?post=5984"}],"curies":[{"name":"wp","href":"https:\/\/api.w.org\/{rel}","templated":true}]}}