{"id":5981,"date":"2024-06-21T11:38:24","date_gmt":"2024-06-21T09:38:24","guid":{"rendered":"https:\/\/lepatriotebenin.com\/?p=5981"},"modified":"2024-06-21T11:38:25","modified_gmt":"2024-06-21T09:38:25","slug":"promesse-de-la-nationalite-beninoise-aux-afro-descendants-a-toutes-mes-questions-posees-les-reponses-sont-vagues-dixit-eric-houndete","status":"publish","type":"post","link":"https:\/\/lepatriotebenin.com\/index.php\/2024\/06\/21\/promesse-de-la-nationalite-beninoise-aux-afro-descendants-a-toutes-mes-questions-posees-les-reponses-sont-vagues-dixit-eric-houndete\/","title":{"rendered":"Promesse de la nationalit\u00e9 b\u00e9ninoise aux afro-descendants \u00a0: \u00ab A toutes mes questions pos\u00e9es, les r\u00e9ponses sont vagues \u00bb dixit Eric Hound\u00e9t\u00e9"},"content":{"rendered":"\n<p><em>Suite au questionnaire de l&rsquo;honorable <strong>\u00c9ric Hound\u00e9t\u00e9<\/strong> adress\u00e9 au gouvernement pour comprendre les motivations de la promesse d&rsquo;octroyer la nationalit\u00e9 b\u00e9ninoise aux Afro-descendants, le gouvernement de la rupture a fourni des \u00e9l\u00e9ments de r\u00e9ponse. C&rsquo;\u00e9tait ce jeudi 20 juin 2024 au parlement par le chef de la diplomatie. Ces r\u00e9ponses fournies ne sont pas satisfaisante pour le premier vice-pr\u00e9sident du parti Les D\u00e9mocrates.<\/em><\/p>\n\n\n\n<p>C&rsquo;est l&rsquo;insatisfaction totale pour \u00c9ric Hound\u00e9t\u00e9 suite aux r\u00e9ponses fournies par le gouvernement de la rupture aux 08 questions du d\u00e9put\u00e9 par rapport \u00e0 l&rsquo;octroi de la nationalit\u00e9 b\u00e9ninoise aux Afro-descendants. Qu&rsquo;il vous souvienne que pendant sa visite du <strong>22 au 26 mai 2024<\/strong> au Br\u00e9sil, le pr\u00e9sident <strong>Patrice Talon<\/strong> a fait savoir que la nationalit\u00e9 b\u00e9ninoise serait accord\u00e9e aux Afro-descendants qui le souhaitent. C&rsquo;est suite \u00e0 cel\u00e0, que l&rsquo;honorable \u00c9ric Hound\u00e9t\u00e9 avait adress\u00e9 au gouvernement un questionnaire le<strong> 28 mai 2024<\/strong> afin de comprendre les fondements de cette d\u00e9cision.<\/p>\n\n\n\n<p>C&rsquo;est ainsi que l&rsquo;auteur du questionnaire a pr\u00e9sent\u00e9, ce <strong>jeudi 20 juin 2024,<\/strong> ses questions au ministre repr\u00e9sentant du gouvernement. \u00c0 travers les r\u00e9ponses fournies par le chef de la diplomatie, le d\u00e9put\u00e9 \u00c9ric Hound\u00e9t\u00e9 est rest\u00e9 sur sa faim.<em> \u00ab A toutes mes questions pos\u00e9es, les r\u00e9ponses sont vagues <\/em>\u00bb, a-t-il d\u00e9plor\u00e9. Il estime que cette d\u00e9cision du pr\u00e9sident Patrice Talon est prise sous l&rsquo;effet de l&rsquo;\u00e9motion. <em>\u00ab L e chef de l&rsquo;\u00c9tat Patrice Talon a pris une une d\u00e9cision \u00e9motionnelle qui m\u00e9rite un recul en vue de trouver des explications scientifiquement d\u00e9fendables face \u00e0 une telle d\u00e9cision qui engage la souverainet\u00e9 du pays\u00a0 \u00bb <\/em>a-t-il laiss\u00e9 entendre. Convaincu qu&rsquo;il y a anguille sous roche, le premier vice-pr\u00e9sident du parti Les D\u00e9mocrates esp\u00e8re avoir plus d&rsquo;\u00e9claircissement sur son questionnaire.<\/p>\n\n\n\n<p><strong>Gildas AHOGNI<\/strong><\/p>\n","protected":false},"excerpt":{"rendered":"<p>Suite au questionnaire de l&rsquo;honorable \u00c9ric Hound\u00e9t\u00e9 adress\u00e9 au gouvernement pour comprendre les motivations de la promesse d&rsquo;octroyer la nationalit\u00e9 b\u00e9ninoise aux Afro-descendants, le gouvernement de la rupture a fourni&hellip;<\/p>\n","protected":false},"author":5,"featured_media":5982,"comment_status":"open","ping_status":"open","sticky":false,"template":"","format":"standard","meta":{"content-type":"","om_disable_all_campaigns":false,"_monsterinsights_skip_tracking":false,"_monsterinsights_sitenote_active":false,"_monsterinsights_sitenote_note":"","_monsterinsights_sitenote_category":0,"_uf_show_specific_survey":0,"_uf_disable_surveys":false,"footnotes":""},"categories":[26],"tags":[],"class_list":["post-5981","post","type-post","status-publish","format-standard","has-post-thumbnail","hentry","category-politique"],"aioseo_notices":[],"yoast_head":"<!-- This site is optimized with the Yoast SEO plugin v27.5 - https:\/\/yoast.com\/product\/yoast-seo-wordpress\/ -->\n<title>Promesse de la nationalit\u00e9 b\u00e9ninoise aux afro-descendants \u00a0: \u00ab A toutes mes questions pos\u00e9es, les r\u00e9ponses sont vagues \u00bb dixit Eric Hound\u00e9t\u00e9 - Le Patriote<\/title>\n<meta name=\"robots\" content=\"index, follow, max-snippet:-1, max-image-preview:large, max-video-preview:-1\" \/>\n<link rel=\"canonical\" href=\"https:\/\/lepatriotebenin.com\/index.php\/2024\/06\/21\/promesse-de-la-nationalite-beninoise-aux-afro-descendants-a-toutes-mes-questions-posees-les-reponses-sont-vagues-dixit-eric-houndete\/\" \/>\n<meta property=\"og:locale\" content=\"fr_FR\" \/>\n<meta property=\"og:type\" content=\"article\" \/>\n<meta property=\"og:title\" content=\"Promesse de la nationalit\u00e9 b\u00e9ninoise aux afro-descendants \u00a0: \u00ab A toutes mes questions pos\u00e9es, les r\u00e9ponses sont vagues \u00bb dixit Eric Hound\u00e9t\u00e9 - Le Patriote\" \/>\n<meta property=\"og:description\" content=\"Suite au questionnaire de l&rsquo;honorable \u00c9ric Hound\u00e9t\u00e9 adress\u00e9 au gouvernement pour comprendre les motivations de la promesse d&rsquo;octroyer la nationalit\u00e9 b\u00e9ninoise aux Afro-descendants, le gouvernement de la rupture a fourni&hellip;\" \/>\n<meta property=\"og:url\" content=\"https:\/\/lepatriotebenin.com\/index.php\/2024\/06\/21\/promesse-de-la-nationalite-beninoise-aux-afro-descendants-a-toutes-mes-questions-posees-les-reponses-sont-vagues-dixit-eric-houndete\/\" \/>\n<meta property=\"og:site_name\" content=\"Le Patriote\" \/>\n<meta property=\"article:published_time\" content=\"2024-06-21T09:38:24+00:00\" \/>\n<meta property=\"article:modified_time\" content=\"2024-06-21T09:38:25+00:00\" \/>\n<meta property=\"og:image\" content=\"https:\/\/lepatriotebenin.com\/wp-content\/uploads\/2024\/06\/erichoudete.jpg\" \/>\n\t<meta property=\"og:image:width\" content=\"720\" \/>\n\t<meta property=\"og:image:height\" content=\"483\" \/>\n\t<meta property=\"og:image:type\" content=\"image\/jpeg\" \/>\n<meta name=\"author\" content=\"Redaction\" \/>\n<meta name=\"twitter:card\" content=\"summary_large_image\" \/>\n<meta name=\"twitter:label1\" content=\"\u00c9crit par\" \/>\n\t<meta name=\"twitter:data1\" content=\"Redaction\" \/>\n\t<meta name=\"twitter:label2\" content=\"Dur\u00e9e de lecture estim\u00e9e\" \/>\n\t<meta name=\"twitter:data2\" content=\"2 minutes\" \/>\n<script type=\"application\/ld+json\" class=\"yoast-schema-graph\">{\"@context\":\"https:\\\/\\\/schema.org\",\"@graph\":[{\"@type\":\"Article\",\"@id\":\"https:\\\/\\\/lepatriotebenin.com\\\/index.php\\\/2024\\\/06\\\/21\\\/promesse-de-la-nationalite-beninoise-aux-afro-descendants-a-toutes-mes-questions-posees-les-reponses-sont-vagues-dixit-eric-houndete\\\/#article\",\"isPartOf\":{\"@id\":\"https:\\\/\\\/lepatriotebenin.com\\\/index.php\\\/2024\\\/06\\\/21\\\/promesse-de-la-nationalite-beninoise-aux-afro-descendants-a-toutes-mes-questions-posees-les-reponses-sont-vagues-dixit-eric-houndete\\\/\"},\"author\":{\"name\":\"Redaction\",\"@id\":\"https:\\\/\\\/lepatriotebenin.com\\\/#\\\/schema\\\/person\\\/2e7709b9c9cc313e452d1136af61690f\"},\"headline\":\"Promesse de la nationalit\u00e9 b\u00e9ninoise aux afro-descendants \u00a0: \u00ab A toutes mes questions pos\u00e9es, les r\u00e9ponses sont vagues \u00bb dixit Eric Hound\u00e9t\u00e9\",\"datePublished\":\"2024-06-21T09:38:24+00:00\",\"dateModified\":\"2024-06-21T09:38:25+00:00\",\"mainEntityOfPage\":{\"@id\":\"https:\\\/\\\/lepatriotebenin.com\\\/index.php\\\/2024\\\/06\\\/21\\\/promesse-de-la-nationalite-beninoise-aux-afro-descendants-a-toutes-mes-questions-posees-les-reponses-sont-vagues-dixit-eric-houndete\\\/\"},\"wordCount\":340,\"commentCount\":0,\"image\":{\"@id\":\"https:\\\/\\\/lepatriotebenin.com\\\/index.php\\\/2024\\\/06\\\/21\\\/promesse-de-la-nationalite-beninoise-aux-afro-descendants-a-toutes-mes-questions-posees-les-reponses-sont-vagues-dixit-eric-houndete\\\/#primaryimage\"},\"thumbnailUrl\":\"https:\\\/\\\/lepatriotebenin.com\\\/wp-content\\\/uploads\\\/2024\\\/06\\\/erichoudete.jpg\",\"articleSection\":[\"Politique\"],\"inLanguage\":\"fr-FR\",\"potentialAction\":[{\"@type\":\"CommentAction\",\"name\":\"Comment\",\"target\":[\"https:\\\/\\\/lepatriotebenin.com\\\/index.php\\\/2024\\\/06\\\/21\\\/promesse-de-la-nationalite-beninoise-aux-afro-descendants-a-toutes-mes-questions-posees-les-reponses-sont-vagues-dixit-eric-houndete\\\/#respond\"]}]},{\"@type\":\"WebPage\",\"@id\":\"https:\\\/\\\/lepatriotebenin.com\\\/index.php\\\/2024\\\/06\\\/21\\\/promesse-de-la-nationalite-beninoise-aux-afro-descendants-a-toutes-mes-questions-posees-les-reponses-sont-vagues-dixit-eric-houndete\\\/\",\"url\":\"https:\\\/\\\/lepatriotebenin.com\\\/index.php\\\/2024\\\/06\\\/21\\\/promesse-de-la-nationalite-beninoise-aux-afro-descendants-a-toutes-mes-questions-posees-les-reponses-sont-vagues-dixit-eric-houndete\\\/\",\"name\":\"Promesse de la nationalit\u00e9 b\u00e9ninoise aux afro-descendants \u00a0: \u00ab A toutes mes questions pos\u00e9es, les r\u00e9ponses sont vagues \u00bb dixit Eric Hound\u00e9t\u00e9 - Le Patriote\",\"isPartOf\":{\"@id\":\"https:\\\/\\\/lepatriotebenin.com\\\/#website\"},\"primaryImageOfPage\":{\"@id\":\"https:\\\/\\\/lepatriotebenin.com\\\/index.php\\\/2024\\\/06\\\/21\\\/promesse-de-la-nationalite-beninoise-aux-afro-descendants-a-toutes-mes-questions-posees-les-reponses-sont-vagues-dixit-eric-houndete\\\/#primaryimage\"},\"image\":{\"@id\":\"https:\\\/\\\/lepatriotebenin.com\\\/index.php\\\/2024\\\/06\\\/21\\\/promesse-de-la-nationalite-beninoise-aux-afro-descendants-a-toutes-mes-questions-posees-les-reponses-sont-vagues-dixit-eric-houndete\\\/#primaryimage\"},\"thumbnailUrl\":\"https:\\\/\\\/lepatriotebenin.com\\\/wp-content\\\/uploads\\\/2024\\\/06\\\/erichoudete.jpg\",\"datePublished\":\"2024-06-21T09:38:24+00:00\",\"dateModified\":\"2024-06-21T09:38:25+00:00\",\"author\":{\"@id\":\"https:\\\/\\\/lepatriotebenin.com\\\/#\\\/schema\\\/person\\\/2e7709b9c9cc313e452d1136af61690f\"},\"breadcrumb\":{\"@id\":\"https:\\\/\\\/lepatriotebenin.com\\\/index.php\\\/2024\\\/06\\\/21\\\/promesse-de-la-nationalite-beninoise-aux-afro-descendants-a-toutes-mes-questions-posees-les-reponses-sont-vagues-dixit-eric-houndete\\\/#breadcrumb\"},\"inLanguage\":\"fr-FR\",\"potentialAction\":[{\"@type\":\"ReadAction\",\"target\":[\"https:\\\/\\\/lepatriotebenin.com\\\/index.php\\\/2024\\\/06\\\/21\\\/promesse-de-la-nationalite-beninoise-aux-afro-descendants-a-toutes-mes-questions-posees-les-reponses-sont-vagues-dixit-eric-houndete\\\/\"]}]},{\"@type\":\"ImageObject\",\"inLanguage\":\"fr-FR\",\"@id\":\"https:\\\/\\\/lepatriotebenin.com\\\/index.php\\\/2024\\\/06\\\/21\\\/promesse-de-la-nationalite-beninoise-aux-afro-descendants-a-toutes-mes-questions-posees-les-reponses-sont-vagues-dixit-eric-houndete\\\/#primaryimage\",\"url\":\"https:\\\/\\\/lepatriotebenin.com\\\/wp-content\\\/uploads\\\/2024\\\/06\\\/erichoudete.jpg\",\"contentUrl\":\"https:\\\/\\\/lepatriotebenin.com\\\/wp-content\\\/uploads\\\/2024\\\/06\\\/erichoudete.jpg\",\"width\":720,\"height\":483},{\"@type\":\"BreadcrumbList\",\"@id\":\"https:\\\/\\\/lepatriotebenin.com\\\/index.php\\\/2024\\\/06\\\/21\\\/promesse-de-la-nationalite-beninoise-aux-afro-descendants-a-toutes-mes-questions-posees-les-reponses-sont-vagues-dixit-eric-houndete\\\/#breadcrumb\",\"itemListElement\":[{\"@type\":\"ListItem\",\"position\":1,\"name\":\"Accueil\",\"item\":\"https:\\\/\\\/lepatriotebenin.com\\\/\"},{\"@type\":\"ListItem\",\"position\":2,\"name\":\"Promesse de la nationalit\u00e9 b\u00e9ninoise aux afro-descendants \u00a0: \u00ab A toutes mes questions pos\u00e9es, les r\u00e9ponses sont vagues \u00bb dixit Eric Hound\u00e9t\u00e9\"}]},{\"@type\":\"WebSite\",\"@id\":\"https:\\\/\\\/lepatriotebenin.com\\\/#website\",\"url\":\"https:\\\/\\\/lepatriotebenin.com\\\/\",\"name\":\"Le Patriote\",\"description\":\"Le Patriote B\u00e9nin\",\"potentialAction\":[{\"@type\":\"SearchAction\",\"target\":{\"@type\":\"EntryPoint\",\"urlTemplate\":\"https:\\\/\\\/lepatriotebenin.com\\\/?s={search_term_string}\"},\"query-input\":{\"@type\":\"PropertyValueSpecification\",\"valueRequired\":true,\"valueName\":\"search_term_string\"}}],\"inLanguage\":\"fr-FR\"},{\"@type\":\"Person\",\"@id\":\"https:\\\/\\\/lepatriotebenin.com\\\/#\\\/schema\\\/person\\\/2e7709b9c9cc313e452d1136af61690f\",\"name\":\"Redaction\",\"image\":{\"@type\":\"ImageObject\",\"inLanguage\":\"fr-FR\",\"@id\":\"https:\\\/\\\/secure.gravatar.com\\\/avatar\\\/c4c509357859ea2ca2cbb6d8812898a73e4ef1ef9934c2e591d7e32face734d1?s=96&d=mm&r=g\",\"url\":\"https:\\\/\\\/secure.gravatar.com\\\/avatar\\\/c4c509357859ea2ca2cbb6d8812898a73e4ef1ef9934c2e591d7e32face734d1?s=96&d=mm&r=g\",\"contentUrl\":\"https:\\\/\\\/secure.gravatar.com\\\/avatar\\\/c4c509357859ea2ca2cbb6d8812898a73e4ef1ef9934c2e591d7e32face734d1?s=96&d=mm&r=g\",\"caption\":\"Redaction\"},\"url\":\"https:\\\/\\\/lepatriotebenin.com\"}]}<\/script>\n<!-- \/ Yoast SEO plugin. -->","yoast_head_json":{"title":"Promesse de la nationalit\u00e9 b\u00e9ninoise aux afro-descendants \u00a0: \u00ab A toutes mes questions pos\u00e9es, les r\u00e9ponses sont vagues \u00bb dixit Eric Hound\u00e9t\u00e9 - Le Patriote","robots":{"index":"index","follow":"follow","max-snippet":"max-snippet:-1","max-image-preview":"max-image-preview:large","max-video-preview":"max-video-preview:-1"},"canonical":"https:\/\/lepatriotebenin.com\/index.php\/2024\/06\/21\/promesse-de-la-nationalite-beninoise-aux-afro-descendants-a-toutes-mes-questions-posees-les-reponses-sont-vagues-dixit-eric-houndete\/","og_locale":"fr_FR","og_type":"article","og_title":"Promesse de la nationalit\u00e9 b\u00e9ninoise aux afro-descendants \u00a0: \u00ab A toutes mes questions pos\u00e9es, les r\u00e9ponses sont vagues \u00bb dixit Eric Hound\u00e9t\u00e9 - Le Patriote","og_description":"Suite au questionnaire de l&rsquo;honorable \u00c9ric Hound\u00e9t\u00e9 adress\u00e9 au gouvernement pour comprendre les motivations de la promesse d&rsquo;octroyer la nationalit\u00e9 b\u00e9ninoise aux Afro-descendants, le gouvernement de la rupture a fourni&hellip;","og_url":"https:\/\/lepatriotebenin.com\/index.php\/2024\/06\/21\/promesse-de-la-nationalite-beninoise-aux-afro-descendants-a-toutes-mes-questions-posees-les-reponses-sont-vagues-dixit-eric-houndete\/","og_site_name":"Le Patriote","article_published_time":"2024-06-21T09:38:24+00:00","article_modified_time":"2024-06-21T09:38:25+00:00","og_image":[{"width":720,"height":483,"url":"https:\/\/lepatriotebenin.com\/wp-content\/uploads\/2024\/06\/erichoudete.jpg","type":"image\/jpeg"}],"author":"Redaction","twitter_card":"summary_large_image","twitter_misc":{"\u00c9crit par":"Redaction","Dur\u00e9e de lecture estim\u00e9e":"2 minutes"},"schema":{"@context":"https:\/\/schema.org","@graph":[{"@type":"Article","@id":"https:\/\/lepatriotebenin.com\/index.php\/2024\/06\/21\/promesse-de-la-nationalite-beninoise-aux-afro-descendants-a-toutes-mes-questions-posees-les-reponses-sont-vagues-dixit-eric-houndete\/#article","isPartOf":{"@id":"https:\/\/lepatriotebenin.com\/index.php\/2024\/06\/21\/promesse-de-la-nationalite-beninoise-aux-afro-descendants-a-toutes-mes-questions-posees-les-reponses-sont-vagues-dixit-eric-houndete\/"},"author":{"name":"Redaction","@id":"https:\/\/lepatriotebenin.com\/#\/schema\/person\/2e7709b9c9cc313e452d1136af61690f"},"headline":"Promesse de la nationalit\u00e9 b\u00e9ninoise aux afro-descendants \u00a0: \u00ab A toutes mes questions pos\u00e9es, les r\u00e9ponses sont vagues \u00bb dixit Eric Hound\u00e9t\u00e9","datePublished":"2024-06-21T09:38:24+00:00","dateModified":"2024-06-21T09:38:25+00:00","mainEntityOfPage":{"@id":"https:\/\/lepatriotebenin.com\/index.php\/2024\/06\/21\/promesse-de-la-nationalite-beninoise-aux-afro-descendants-a-toutes-mes-questions-posees-les-reponses-sont-vagues-dixit-eric-houndete\/"},"wordCount":340,"commentCount":0,"image":{"@id":"https:\/\/lepatriotebenin.com\/index.php\/2024\/06\/21\/promesse-de-la-nationalite-beninoise-aux-afro-descendants-a-toutes-mes-questions-posees-les-reponses-sont-vagues-dixit-eric-houndete\/#primaryimage"},"thumbnailUrl":"https:\/\/lepatriotebenin.com\/wp-content\/uploads\/2024\/06\/erichoudete.jpg","articleSection":["Politique"],"inLanguage":"fr-FR","potentialAction":[{"@type":"CommentAction","name":"Comment","target":["https:\/\/lepatriotebenin.com\/index.php\/2024\/06\/21\/promesse-de-la-nationalite-beninoise-aux-afro-descendants-a-toutes-mes-questions-posees-les-reponses-sont-vagues-dixit-eric-houndete\/#respond"]}]},{"@type":"WebPage","@id":"https:\/\/lepatriotebenin.com\/index.php\/2024\/06\/21\/promesse-de-la-nationalite-beninoise-aux-afro-descendants-a-toutes-mes-questions-posees-les-reponses-sont-vagues-dixit-eric-houndete\/","url":"https:\/\/lepatriotebenin.com\/index.php\/2024\/06\/21\/promesse-de-la-nationalite-beninoise-aux-afro-descendants-a-toutes-mes-questions-posees-les-reponses-sont-vagues-dixit-eric-houndete\/","name":"Promesse de la nationalit\u00e9 b\u00e9ninoise aux afro-descendants \u00a0: \u00ab A toutes mes questions pos\u00e9es, les r\u00e9ponses sont vagues \u00bb dixit Eric Hound\u00e9t\u00e9 - Le Patriote","isPartOf":{"@id":"https:\/\/lepatriotebenin.com\/#website"},"primaryImageOfPage":{"@id":"https:\/\/lepatriotebenin.com\/index.php\/2024\/06\/21\/promesse-de-la-nationalite-beninoise-aux-afro-descendants-a-toutes-mes-questions-posees-les-reponses-sont-vagues-dixit-eric-houndete\/#primaryimage"},"image":{"@id":"https:\/\/lepatriotebenin.com\/index.php\/2024\/06\/21\/promesse-de-la-nationalite-beninoise-aux-afro-descendants-a-toutes-mes-questions-posees-les-reponses-sont-vagues-dixit-eric-houndete\/#primaryimage"},"thumbnailUrl":"https:\/\/lepatriotebenin.com\/wp-content\/uploads\/2024\/06\/erichoudete.jpg","datePublished":"2024-06-21T09:38:24+00:00","dateModified":"2024-06-21T09:38:25+00:00","author":{"@id":"https:\/\/lepatriotebenin.com\/#\/schema\/person\/2e7709b9c9cc313e452d1136af61690f"},"breadcrumb":{"@id":"https:\/\/lepatriotebenin.com\/index.php\/2024\/06\/21\/promesse-de-la-nationalite-beninoise-aux-afro-descendants-a-toutes-mes-questions-posees-les-reponses-sont-vagues-dixit-eric-houndete\/#breadcrumb"},"inLanguage":"fr-FR","potentialAction":[{"@type":"ReadAction","target":["https:\/\/lepatriotebenin.com\/index.php\/2024\/06\/21\/promesse-de-la-nationalite-beninoise-aux-afro-descendants-a-toutes-mes-questions-posees-les-reponses-sont-vagues-dixit-eric-houndete\/"]}]},{"@type":"ImageObject","inLanguage":"fr-FR","@id":"https:\/\/lepatriotebenin.com\/index.php\/2024\/06\/21\/promesse-de-la-nationalite-beninoise-aux-afro-descendants-a-toutes-mes-questions-posees-les-reponses-sont-vagues-dixit-eric-houndete\/#primaryimage","url":"https:\/\/lepatriotebenin.com\/wp-content\/uploads\/2024\/06\/erichoudete.jpg","contentUrl":"https:\/\/lepatriotebenin.com\/wp-content\/uploads\/2024\/06\/erichoudete.jpg","width":720,"height":483},{"@type":"BreadcrumbList","@id":"https:\/\/lepatriotebenin.com\/index.php\/2024\/06\/21\/promesse-de-la-nationalite-beninoise-aux-afro-descendants-a-toutes-mes-questions-posees-les-reponses-sont-vagues-dixit-eric-houndete\/#breadcrumb","itemListElement":[{"@type":"ListItem","position":1,"name":"Accueil","item":"https:\/\/lepatriotebenin.com\/"},{"@type":"ListItem","position":2,"name":"Promesse de la nationalit\u00e9 b\u00e9ninoise aux afro-descendants \u00a0: \u00ab A toutes mes questions pos\u00e9es, les r\u00e9ponses sont vagues \u00bb dixit Eric Hound\u00e9t\u00e9"}]},{"@type":"WebSite","@id":"https:\/\/lepatriotebenin.com\/#website","url":"https:\/\/lepatriotebenin.com\/","name":"Le Patriote","description":"Le Patriote B\u00e9nin","potentialAction":[{"@type":"SearchAction","target":{"@type":"EntryPoint","urlTemplate":"https:\/\/lepatriotebenin.com\/?s={search_term_string}"},"query-input":{"@type":"PropertyValueSpecification","valueRequired":true,"valueName":"search_term_string"}}],"inLanguage":"fr-FR"},{"@type":"Person","@id":"https:\/\/lepatriotebenin.com\/#\/schema\/person\/2e7709b9c9cc313e452d1136af61690f","name":"Redaction","image":{"@type":"ImageObject","inLanguage":"fr-FR","@id":"https:\/\/secure.gravatar.com\/avatar\/c4c509357859ea2ca2cbb6d8812898a73e4ef1ef9934c2e591d7e32face734d1?s=96&d=mm&r=g","url":"https:\/\/secure.gravatar.com\/avatar\/c4c509357859ea2ca2cbb6d8812898a73e4ef1ef9934c2e591d7e32face734d1?s=96&d=mm&r=g","contentUrl":"https:\/\/secure.gravatar.com\/avatar\/c4c509357859ea2ca2cbb6d8812898a73e4ef1ef9934c2e591d7e32face734d1?s=96&d=mm&r=g","caption":"Redaction"},"url":"https:\/\/lepatriotebenin.com"}]}},"_links":{"self":[{"href":"https:\/\/lepatriotebenin.com\/index.php\/wp-json\/wp\/v2\/posts\/5981","targetHints":{"allow":["GET"]}}],"collection":[{"href":"https:\/\/lepatriotebenin.com\/index.php\/wp-json\/wp\/v2\/posts"}],"about":[{"href":"https:\/\/lepatriotebenin.com\/index.php\/wp-json\/wp\/v2\/types\/post"}],"author":[{"embeddable":true,"href":"https:\/\/lepatriotebenin.com\/index.php\/wp-json\/wp\/v2\/users\/5"}],"replies":[{"embeddable":true,"href":"https:\/\/lepatriotebenin.com\/index.php\/wp-json\/wp\/v2\/comments?post=5981"}],"version-history":[{"count":1,"href":"https:\/\/lepatriotebenin.com\/index.php\/wp-json\/wp\/v2\/posts\/5981\/revisions"}],"predecessor-version":[{"id":5983,"href":"https:\/\/lepatriotebenin.com\/index.php\/wp-json\/wp\/v2\/posts\/5981\/revisions\/5983"}],"wp:featuredmedia":[{"embeddable":true,"href":"https:\/\/lepatriotebenin.com\/index.php\/wp-json\/wp\/v2\/media\/5982"}],"wp:attachment":[{"href":"https:\/\/lepatriotebenin.com\/index.php\/wp-json\/wp\/v2\/media?parent=5981"}],"wp:term":[{"taxonomy":"category","embeddable":true,"href":"https:\/\/lepatriotebenin.com\/index.php\/wp-json\/wp\/v2\/categories?post=5981"},{"taxonomy":"post_tag","embeddable":true,"href":"https:\/\/lepatriotebenin.com\/index.php\/wp-json\/wp\/v2\/tags?post=5981"}],"curies":[{"name":"wp","href":"https:\/\/api.w.org\/{rel}","templated":true}]}}