{"id":5977,"date":"2024-06-21T11:32:34","date_gmt":"2024-06-21T09:32:34","guid":{"rendered":"https:\/\/lepatriotebenin.com\/?p=5977"},"modified":"2024-06-21T11:32:35","modified_gmt":"2024-06-21T09:32:35","slug":"benin-le-theme-de-la-drepanocytose-au-centre-dun-congres-international-en-octobre-prochain-a-cotonou","status":"publish","type":"post","link":"https:\/\/lepatriotebenin.com\/index.php\/2024\/06\/21\/benin-le-theme-de-la-drepanocytose-au-centre-dun-congres-international-en-octobre-prochain-a-cotonou\/","title":{"rendered":"B\u00e9nin\u00a0: le th\u00e8me de la dr\u00e9panocytose au centre d\u2019un congr\u00e8s international en octobre prochain \u00e0 Cotonou"},"content":{"rendered":"\n<p><strong>Reconnu<\/strong><strong>e<\/strong><strong> en 1995 par les Nations Unies comme un probl\u00e8me de sant\u00e9 publique, la maladie de la dr\u00e9panocytose touche \u00e0 peu pr\u00e8s un tiers de la population b\u00e9ninoise, soit environ 4%. Entre les d\u00e9fis li\u00e9s \u00e0 l\u2019accessibilit\u00e9 des soins de sant\u00e9 publique et le regard de la soci\u00e9t\u00e9, les personnes atteintes de cette maladie vivent dans une spirale de stigmatisation et sont malheureusement livr\u00e9es \u00e0 leur sort. Pour pallier ces probl\u00e8mes, un congr\u00e8s international sera organis\u00e9 en octobre prochain, au B\u00e9nin, pour briser les tabous et faire des propositions concr\u00e8tes aux gouvernants en vue de faciliter l\u2019acc\u00e8s aux soins des patients atteints de la dr\u00e9panocytose.&nbsp;<\/strong><\/p>\n\n\n\n<p>Du <strong>10 au 12 octobre 2024, <\/strong>Cotonou sera le carrefour mondial de la dr\u00e9panocytose. Apr\u00e8s 18 \u00e9ditions organis\u00e9es \u00e0 Strasbourg en France, la 19e \u00e9dition du congr\u00e8s international de la\u00a0 dr\u00e9panocytose pose ses valises \u00e0 Cotonou. Il s\u2019agit d\u2019un \u00e9v\u00e8nement organis\u00e9 par Dorys, une association de lutte contre la Dr\u00e9panocytose localis\u00e9e \u00e0<strong> Strasbourg. <\/strong>Il est soutenu par la Fondation Claudine Talon et b\u00e9n\u00e9ficie \u00e9galement du soutien du minist\u00e8re b\u00e9ninois de la Sant\u00e9.<\/p>\n\n\n\n<p>Dans le cadre de l\u2019organisation de cet \u00e9v\u00e8nement qui va mettre le B\u00e9nin sous les projecteurs, une conf\u00e9rence de presse a \u00e9t\u00e9 donn\u00e9e ce <strong>mercredi 19 juin 2024 <\/strong>\u00e0 la maison des m\u00e9dias \u00e0 Cotonou. Anim\u00e9e par Docteur <strong>Constant Vodouhe,<\/strong> Pr\u00e9sident de Dorys association, elle a permis de lever un coin de voile sur les subtilit\u00e9s en rapport avec la maladie de la dr\u00e9panocytose ainsi que les d\u00e9fis et perspectives de cet important rendez-vous de sant\u00e9.<\/p>\n\n\n\n<figure class=\"wp-block-image size-large\"><img fetchpriority=\"high\" decoding=\"async\" width=\"660\" height=\"1024\" src=\"https:\/\/lepatriotebenin.com\/wp-content\/uploads\/2024\/06\/drap-1v-660x1024.jpeg\" alt=\"\" class=\"wp-image-5979\" srcset=\"https:\/\/lepatriotebenin.com\/wp-content\/uploads\/2024\/06\/drap-1v-660x1024.jpeg 660w, https:\/\/lepatriotebenin.com\/wp-content\/uploads\/2024\/06\/drap-1v-193x300.jpeg 193w, https:\/\/lepatriotebenin.com\/wp-content\/uploads\/2024\/06\/drap-1v-585x907.jpeg 585w, https:\/\/lepatriotebenin.com\/wp-content\/uploads\/2024\/06\/drap-1v.jpeg 719w\" sizes=\"(max-width: 660px) 100vw, 660px\" \/><\/figure>\n\n\n\n<p>Abordant la question de l\u2019accessibilit\u00e9 aux soins de sant\u00e9 par les patients atteints de la dr\u00e9panocytose, Dr Constant Vodouhe d\u00e9clare\u00a0: <em>\u00ab\u00a0On a vraiment avanc\u00e9 dans la recherche, il y a des m\u00e9dicaments qui sont mis sur le march\u00e9. Mais le probl\u00e8me reste toujours le m\u00eame. C\u2019est que ces m\u00e9dicaments sont tr\u00e8s on\u00e9reux pour nos populations. Mais il y a beaucoup de choses qui sont faites en ce moment pour diminuer le co\u00fbt des m\u00e9dicaments pour les rendre accessibles \u00e0 nos populations en Afrique\u00a0<\/em>\u00bb, a-t-il confi\u00e9.<\/p>\n\n\n\n<p>A l\u2019en croire, le congr\u00e8s international sur la dr\u00e9panocytose sera un creuset important pour la prise de d\u00e9cision cruciale dans le sens de faciliter beaucoup plus l\u2019acc\u00e8s aux soins des patients. Le congr\u00e8s sera \u00e9galement l\u2019occasion de mettre en avant la situation de la maladie au B\u00e9nin. Ce qui permettra \u00e0 la population de cerner davantage les non-dits sur la maladie. \u00ab<em>\u00a0Et apr\u00e8s, ce sont l\u2019accessibilit\u00e9 aux soins. On va voit aussi l\u2019\u00e9tat du B\u00e9nin par rapport \u00e0 l\u2019accessibilit\u00e9 aux soins. J\u2019ai parl\u00e9 du plaidoyer des associations, c\u2019est-\u00e0-dire que nous, associations, on va d\u00e9finir des points strat\u00e9giques qu\u2019on va soumettre aux gouvernements et s\u2019ils appliquent ces\u00a0 points strat\u00e9giques, \u00e7a va permettre aux patients d\u2019avoir une qualit\u00e9 de vie meilleure\u00a0\u00bb<\/em>, a soulign\u00e9 Constant Vodouhe, Chercheur en pharmacologie et Biologie cellulaire, Expert en recherche clinique.<\/p>\n\n\n\n<p>Le 19 e congr\u00e8s international sur la dr\u00e9panocytose est coupl\u00e9 au 20 e anniversaire de l\u2019association Dorys. Il va r\u00e9unir au B\u00e9nin, toutes les associations du monde qui se r\u00e9clament de la lutte pour le bien-\u00eatre des personnes dr\u00e9panocytaires dans le monde, l\u2019Afrique en particulier.<\/p>\n\n\n\n<p><strong>Ignace TOSSOU<\/strong><\/p>\n","protected":false},"excerpt":{"rendered":"<p>Reconnue en 1995 par les Nations Unies comme un probl\u00e8me de sant\u00e9 publique, la maladie de la dr\u00e9panocytose touche \u00e0 peu pr\u00e8s un tiers de la population b\u00e9ninoise, soit environ&hellip;<\/p>\n","protected":false},"author":5,"featured_media":5978,"comment_status":"open","ping_status":"open","sticky":false,"template":"","format":"standard","meta":{"content-type":"","om_disable_all_campaigns":false,"_monsterinsights_skip_tracking":false,"_monsterinsights_sitenote_active":false,"_monsterinsights_sitenote_note":"","_monsterinsights_sitenote_category":0,"_uf_show_specific_survey":0,"_uf_disable_surveys":false,"footnotes":""},"categories":[19],"tags":[],"class_list":["post-5977","post","type-post","status-publish","format-standard","has-post-thumbnail","hentry","category-sante"],"aioseo_notices":[],"yoast_head":"<!-- This site is optimized with the Yoast SEO plugin v27.5 - https:\/\/yoast.com\/product\/yoast-seo-wordpress\/ -->\n<title>B\u00e9nin\u00a0: le th\u00e8me de la dr\u00e9panocytose au centre d\u2019un congr\u00e8s international en octobre prochain \u00e0 Cotonou - Le Patriote<\/title>\n<meta name=\"robots\" content=\"index, follow, max-snippet:-1, max-image-preview:large, max-video-preview:-1\" \/>\n<link rel=\"canonical\" href=\"https:\/\/lepatriotebenin.com\/index.php\/2024\/06\/21\/benin-le-theme-de-la-drepanocytose-au-centre-dun-congres-international-en-octobre-prochain-a-cotonou\/\" \/>\n<meta property=\"og:locale\" content=\"fr_FR\" \/>\n<meta property=\"og:type\" content=\"article\" \/>\n<meta property=\"og:title\" content=\"B\u00e9nin\u00a0: le th\u00e8me de la dr\u00e9panocytose au centre d\u2019un congr\u00e8s international en octobre prochain \u00e0 Cotonou - Le Patriote\" \/>\n<meta property=\"og:description\" content=\"Reconnue en 1995 par les Nations Unies comme un probl\u00e8me de sant\u00e9 publique, la maladie de la dr\u00e9panocytose touche \u00e0 peu pr\u00e8s un tiers de la population b\u00e9ninoise, soit environ&hellip;\" \/>\n<meta property=\"og:url\" content=\"https:\/\/lepatriotebenin.com\/index.php\/2024\/06\/21\/benin-le-theme-de-la-drepanocytose-au-centre-dun-congres-international-en-octobre-prochain-a-cotonou\/\" \/>\n<meta property=\"og:site_name\" content=\"Le Patriote\" \/>\n<meta property=\"article:published_time\" content=\"2024-06-21T09:32:34+00:00\" \/>\n<meta property=\"article:modified_time\" content=\"2024-06-21T09:32:35+00:00\" \/>\n<meta property=\"og:image\" content=\"https:\/\/lepatriotebenin.com\/wp-content\/uploads\/2024\/06\/constant.jpeg\" \/>\n\t<meta property=\"og:image:width\" content=\"1280\" \/>\n\t<meta property=\"og:image:height\" content=\"696\" \/>\n\t<meta property=\"og:image:type\" content=\"image\/jpeg\" \/>\n<meta name=\"author\" content=\"Redaction\" \/>\n<meta name=\"twitter:card\" content=\"summary_large_image\" \/>\n<meta name=\"twitter:label1\" content=\"\u00c9crit par\" \/>\n\t<meta name=\"twitter:data1\" content=\"Redaction\" \/>\n\t<meta name=\"twitter:label2\" content=\"Dur\u00e9e de lecture estim\u00e9e\" \/>\n\t<meta name=\"twitter:data2\" content=\"3 minutes\" \/>\n<script type=\"application\/ld+json\" class=\"yoast-schema-graph\">{\"@context\":\"https:\\\/\\\/schema.org\",\"@graph\":[{\"@type\":\"Article\",\"@id\":\"https:\\\/\\\/lepatriotebenin.com\\\/index.php\\\/2024\\\/06\\\/21\\\/benin-le-theme-de-la-drepanocytose-au-centre-dun-congres-international-en-octobre-prochain-a-cotonou\\\/#article\",\"isPartOf\":{\"@id\":\"https:\\\/\\\/lepatriotebenin.com\\\/index.php\\\/2024\\\/06\\\/21\\\/benin-le-theme-de-la-drepanocytose-au-centre-dun-congres-international-en-octobre-prochain-a-cotonou\\\/\"},\"author\":{\"name\":\"Redaction\",\"@id\":\"https:\\\/\\\/lepatriotebenin.com\\\/#\\\/schema\\\/person\\\/2e7709b9c9cc313e452d1136af61690f\"},\"headline\":\"B\u00e9nin\u00a0: le th\u00e8me de la dr\u00e9panocytose au centre d\u2019un congr\u00e8s international en octobre prochain \u00e0 Cotonou\",\"datePublished\":\"2024-06-21T09:32:34+00:00\",\"dateModified\":\"2024-06-21T09:32:35+00:00\",\"mainEntityOfPage\":{\"@id\":\"https:\\\/\\\/lepatriotebenin.com\\\/index.php\\\/2024\\\/06\\\/21\\\/benin-le-theme-de-la-drepanocytose-au-centre-dun-congres-international-en-octobre-prochain-a-cotonou\\\/\"},\"wordCount\":604,\"commentCount\":0,\"image\":{\"@id\":\"https:\\\/\\\/lepatriotebenin.com\\\/index.php\\\/2024\\\/06\\\/21\\\/benin-le-theme-de-la-drepanocytose-au-centre-dun-congres-international-en-octobre-prochain-a-cotonou\\\/#primaryimage\"},\"thumbnailUrl\":\"https:\\\/\\\/lepatriotebenin.com\\\/wp-content\\\/uploads\\\/2024\\\/06\\\/constant.jpeg\",\"articleSection\":[\"Sant\u00e9\"],\"inLanguage\":\"fr-FR\",\"potentialAction\":[{\"@type\":\"CommentAction\",\"name\":\"Comment\",\"target\":[\"https:\\\/\\\/lepatriotebenin.com\\\/index.php\\\/2024\\\/06\\\/21\\\/benin-le-theme-de-la-drepanocytose-au-centre-dun-congres-international-en-octobre-prochain-a-cotonou\\\/#respond\"]}]},{\"@type\":\"WebPage\",\"@id\":\"https:\\\/\\\/lepatriotebenin.com\\\/index.php\\\/2024\\\/06\\\/21\\\/benin-le-theme-de-la-drepanocytose-au-centre-dun-congres-international-en-octobre-prochain-a-cotonou\\\/\",\"url\":\"https:\\\/\\\/lepatriotebenin.com\\\/index.php\\\/2024\\\/06\\\/21\\\/benin-le-theme-de-la-drepanocytose-au-centre-dun-congres-international-en-octobre-prochain-a-cotonou\\\/\",\"name\":\"B\u00e9nin\u00a0: le th\u00e8me de la dr\u00e9panocytose au centre d\u2019un congr\u00e8s international en octobre prochain \u00e0 Cotonou - Le Patriote\",\"isPartOf\":{\"@id\":\"https:\\\/\\\/lepatriotebenin.com\\\/#website\"},\"primaryImageOfPage\":{\"@id\":\"https:\\\/\\\/lepatriotebenin.com\\\/index.php\\\/2024\\\/06\\\/21\\\/benin-le-theme-de-la-drepanocytose-au-centre-dun-congres-international-en-octobre-prochain-a-cotonou\\\/#primaryimage\"},\"image\":{\"@id\":\"https:\\\/\\\/lepatriotebenin.com\\\/index.php\\\/2024\\\/06\\\/21\\\/benin-le-theme-de-la-drepanocytose-au-centre-dun-congres-international-en-octobre-prochain-a-cotonou\\\/#primaryimage\"},\"thumbnailUrl\":\"https:\\\/\\\/lepatriotebenin.com\\\/wp-content\\\/uploads\\\/2024\\\/06\\\/constant.jpeg\",\"datePublished\":\"2024-06-21T09:32:34+00:00\",\"dateModified\":\"2024-06-21T09:32:35+00:00\",\"author\":{\"@id\":\"https:\\\/\\\/lepatriotebenin.com\\\/#\\\/schema\\\/person\\\/2e7709b9c9cc313e452d1136af61690f\"},\"breadcrumb\":{\"@id\":\"https:\\\/\\\/lepatriotebenin.com\\\/index.php\\\/2024\\\/06\\\/21\\\/benin-le-theme-de-la-drepanocytose-au-centre-dun-congres-international-en-octobre-prochain-a-cotonou\\\/#breadcrumb\"},\"inLanguage\":\"fr-FR\",\"potentialAction\":[{\"@type\":\"ReadAction\",\"target\":[\"https:\\\/\\\/lepatriotebenin.com\\\/index.php\\\/2024\\\/06\\\/21\\\/benin-le-theme-de-la-drepanocytose-au-centre-dun-congres-international-en-octobre-prochain-a-cotonou\\\/\"]}]},{\"@type\":\"ImageObject\",\"inLanguage\":\"fr-FR\",\"@id\":\"https:\\\/\\\/lepatriotebenin.com\\\/index.php\\\/2024\\\/06\\\/21\\\/benin-le-theme-de-la-drepanocytose-au-centre-dun-congres-international-en-octobre-prochain-a-cotonou\\\/#primaryimage\",\"url\":\"https:\\\/\\\/lepatriotebenin.com\\\/wp-content\\\/uploads\\\/2024\\\/06\\\/constant.jpeg\",\"contentUrl\":\"https:\\\/\\\/lepatriotebenin.com\\\/wp-content\\\/uploads\\\/2024\\\/06\\\/constant.jpeg\",\"width\":1280,\"height\":696},{\"@type\":\"BreadcrumbList\",\"@id\":\"https:\\\/\\\/lepatriotebenin.com\\\/index.php\\\/2024\\\/06\\\/21\\\/benin-le-theme-de-la-drepanocytose-au-centre-dun-congres-international-en-octobre-prochain-a-cotonou\\\/#breadcrumb\",\"itemListElement\":[{\"@type\":\"ListItem\",\"position\":1,\"name\":\"Accueil\",\"item\":\"https:\\\/\\\/lepatriotebenin.com\\\/\"},{\"@type\":\"ListItem\",\"position\":2,\"name\":\"B\u00e9nin\u00a0: le th\u00e8me de la dr\u00e9panocytose au centre d\u2019un congr\u00e8s international en octobre prochain \u00e0 Cotonou\"}]},{\"@type\":\"WebSite\",\"@id\":\"https:\\\/\\\/lepatriotebenin.com\\\/#website\",\"url\":\"https:\\\/\\\/lepatriotebenin.com\\\/\",\"name\":\"Le Patriote\",\"description\":\"Le Patriote B\u00e9nin\",\"potentialAction\":[{\"@type\":\"SearchAction\",\"target\":{\"@type\":\"EntryPoint\",\"urlTemplate\":\"https:\\\/\\\/lepatriotebenin.com\\\/?s={search_term_string}\"},\"query-input\":{\"@type\":\"PropertyValueSpecification\",\"valueRequired\":true,\"valueName\":\"search_term_string\"}}],\"inLanguage\":\"fr-FR\"},{\"@type\":\"Person\",\"@id\":\"https:\\\/\\\/lepatriotebenin.com\\\/#\\\/schema\\\/person\\\/2e7709b9c9cc313e452d1136af61690f\",\"name\":\"Redaction\",\"image\":{\"@type\":\"ImageObject\",\"inLanguage\":\"fr-FR\",\"@id\":\"https:\\\/\\\/secure.gravatar.com\\\/avatar\\\/c4c509357859ea2ca2cbb6d8812898a73e4ef1ef9934c2e591d7e32face734d1?s=96&d=mm&r=g\",\"url\":\"https:\\\/\\\/secure.gravatar.com\\\/avatar\\\/c4c509357859ea2ca2cbb6d8812898a73e4ef1ef9934c2e591d7e32face734d1?s=96&d=mm&r=g\",\"contentUrl\":\"https:\\\/\\\/secure.gravatar.com\\\/avatar\\\/c4c509357859ea2ca2cbb6d8812898a73e4ef1ef9934c2e591d7e32face734d1?s=96&d=mm&r=g\",\"caption\":\"Redaction\"},\"url\":\"https:\\\/\\\/lepatriotebenin.com\"}]}<\/script>\n<!-- \/ Yoast SEO plugin. -->","yoast_head_json":{"title":"B\u00e9nin\u00a0: le th\u00e8me de la dr\u00e9panocytose au centre d\u2019un congr\u00e8s international en octobre prochain \u00e0 Cotonou - Le Patriote","robots":{"index":"index","follow":"follow","max-snippet":"max-snippet:-1","max-image-preview":"max-image-preview:large","max-video-preview":"max-video-preview:-1"},"canonical":"https:\/\/lepatriotebenin.com\/index.php\/2024\/06\/21\/benin-le-theme-de-la-drepanocytose-au-centre-dun-congres-international-en-octobre-prochain-a-cotonou\/","og_locale":"fr_FR","og_type":"article","og_title":"B\u00e9nin\u00a0: le th\u00e8me de la dr\u00e9panocytose au centre d\u2019un congr\u00e8s international en octobre prochain \u00e0 Cotonou - Le Patriote","og_description":"Reconnue en 1995 par les Nations Unies comme un probl\u00e8me de sant\u00e9 publique, la maladie de la dr\u00e9panocytose touche \u00e0 peu pr\u00e8s un tiers de la population b\u00e9ninoise, soit environ&hellip;","og_url":"https:\/\/lepatriotebenin.com\/index.php\/2024\/06\/21\/benin-le-theme-de-la-drepanocytose-au-centre-dun-congres-international-en-octobre-prochain-a-cotonou\/","og_site_name":"Le Patriote","article_published_time":"2024-06-21T09:32:34+00:00","article_modified_time":"2024-06-21T09:32:35+00:00","og_image":[{"width":1280,"height":696,"url":"https:\/\/lepatriotebenin.com\/wp-content\/uploads\/2024\/06\/constant.jpeg","type":"image\/jpeg"}],"author":"Redaction","twitter_card":"summary_large_image","twitter_misc":{"\u00c9crit par":"Redaction","Dur\u00e9e de lecture estim\u00e9e":"3 minutes"},"schema":{"@context":"https:\/\/schema.org","@graph":[{"@type":"Article","@id":"https:\/\/lepatriotebenin.com\/index.php\/2024\/06\/21\/benin-le-theme-de-la-drepanocytose-au-centre-dun-congres-international-en-octobre-prochain-a-cotonou\/#article","isPartOf":{"@id":"https:\/\/lepatriotebenin.com\/index.php\/2024\/06\/21\/benin-le-theme-de-la-drepanocytose-au-centre-dun-congres-international-en-octobre-prochain-a-cotonou\/"},"author":{"name":"Redaction","@id":"https:\/\/lepatriotebenin.com\/#\/schema\/person\/2e7709b9c9cc313e452d1136af61690f"},"headline":"B\u00e9nin\u00a0: le th\u00e8me de la dr\u00e9panocytose au centre d\u2019un congr\u00e8s international en octobre prochain \u00e0 Cotonou","datePublished":"2024-06-21T09:32:34+00:00","dateModified":"2024-06-21T09:32:35+00:00","mainEntityOfPage":{"@id":"https:\/\/lepatriotebenin.com\/index.php\/2024\/06\/21\/benin-le-theme-de-la-drepanocytose-au-centre-dun-congres-international-en-octobre-prochain-a-cotonou\/"},"wordCount":604,"commentCount":0,"image":{"@id":"https:\/\/lepatriotebenin.com\/index.php\/2024\/06\/21\/benin-le-theme-de-la-drepanocytose-au-centre-dun-congres-international-en-octobre-prochain-a-cotonou\/#primaryimage"},"thumbnailUrl":"https:\/\/lepatriotebenin.com\/wp-content\/uploads\/2024\/06\/constant.jpeg","articleSection":["Sant\u00e9"],"inLanguage":"fr-FR","potentialAction":[{"@type":"CommentAction","name":"Comment","target":["https:\/\/lepatriotebenin.com\/index.php\/2024\/06\/21\/benin-le-theme-de-la-drepanocytose-au-centre-dun-congres-international-en-octobre-prochain-a-cotonou\/#respond"]}]},{"@type":"WebPage","@id":"https:\/\/lepatriotebenin.com\/index.php\/2024\/06\/21\/benin-le-theme-de-la-drepanocytose-au-centre-dun-congres-international-en-octobre-prochain-a-cotonou\/","url":"https:\/\/lepatriotebenin.com\/index.php\/2024\/06\/21\/benin-le-theme-de-la-drepanocytose-au-centre-dun-congres-international-en-octobre-prochain-a-cotonou\/","name":"B\u00e9nin\u00a0: le th\u00e8me de la dr\u00e9panocytose au centre d\u2019un congr\u00e8s international en octobre prochain \u00e0 Cotonou - Le Patriote","isPartOf":{"@id":"https:\/\/lepatriotebenin.com\/#website"},"primaryImageOfPage":{"@id":"https:\/\/lepatriotebenin.com\/index.php\/2024\/06\/21\/benin-le-theme-de-la-drepanocytose-au-centre-dun-congres-international-en-octobre-prochain-a-cotonou\/#primaryimage"},"image":{"@id":"https:\/\/lepatriotebenin.com\/index.php\/2024\/06\/21\/benin-le-theme-de-la-drepanocytose-au-centre-dun-congres-international-en-octobre-prochain-a-cotonou\/#primaryimage"},"thumbnailUrl":"https:\/\/lepatriotebenin.com\/wp-content\/uploads\/2024\/06\/constant.jpeg","datePublished":"2024-06-21T09:32:34+00:00","dateModified":"2024-06-21T09:32:35+00:00","author":{"@id":"https:\/\/lepatriotebenin.com\/#\/schema\/person\/2e7709b9c9cc313e452d1136af61690f"},"breadcrumb":{"@id":"https:\/\/lepatriotebenin.com\/index.php\/2024\/06\/21\/benin-le-theme-de-la-drepanocytose-au-centre-dun-congres-international-en-octobre-prochain-a-cotonou\/#breadcrumb"},"inLanguage":"fr-FR","potentialAction":[{"@type":"ReadAction","target":["https:\/\/lepatriotebenin.com\/index.php\/2024\/06\/21\/benin-le-theme-de-la-drepanocytose-au-centre-dun-congres-international-en-octobre-prochain-a-cotonou\/"]}]},{"@type":"ImageObject","inLanguage":"fr-FR","@id":"https:\/\/lepatriotebenin.com\/index.php\/2024\/06\/21\/benin-le-theme-de-la-drepanocytose-au-centre-dun-congres-international-en-octobre-prochain-a-cotonou\/#primaryimage","url":"https:\/\/lepatriotebenin.com\/wp-content\/uploads\/2024\/06\/constant.jpeg","contentUrl":"https:\/\/lepatriotebenin.com\/wp-content\/uploads\/2024\/06\/constant.jpeg","width":1280,"height":696},{"@type":"BreadcrumbList","@id":"https:\/\/lepatriotebenin.com\/index.php\/2024\/06\/21\/benin-le-theme-de-la-drepanocytose-au-centre-dun-congres-international-en-octobre-prochain-a-cotonou\/#breadcrumb","itemListElement":[{"@type":"ListItem","position":1,"name":"Accueil","item":"https:\/\/lepatriotebenin.com\/"},{"@type":"ListItem","position":2,"name":"B\u00e9nin\u00a0: le th\u00e8me de la dr\u00e9panocytose au centre d\u2019un congr\u00e8s international en octobre prochain \u00e0 Cotonou"}]},{"@type":"WebSite","@id":"https:\/\/lepatriotebenin.com\/#website","url":"https:\/\/lepatriotebenin.com\/","name":"Le Patriote","description":"Le Patriote B\u00e9nin","potentialAction":[{"@type":"SearchAction","target":{"@type":"EntryPoint","urlTemplate":"https:\/\/lepatriotebenin.com\/?s={search_term_string}"},"query-input":{"@type":"PropertyValueSpecification","valueRequired":true,"valueName":"search_term_string"}}],"inLanguage":"fr-FR"},{"@type":"Person","@id":"https:\/\/lepatriotebenin.com\/#\/schema\/person\/2e7709b9c9cc313e452d1136af61690f","name":"Redaction","image":{"@type":"ImageObject","inLanguage":"fr-FR","@id":"https:\/\/secure.gravatar.com\/avatar\/c4c509357859ea2ca2cbb6d8812898a73e4ef1ef9934c2e591d7e32face734d1?s=96&d=mm&r=g","url":"https:\/\/secure.gravatar.com\/avatar\/c4c509357859ea2ca2cbb6d8812898a73e4ef1ef9934c2e591d7e32face734d1?s=96&d=mm&r=g","contentUrl":"https:\/\/secure.gravatar.com\/avatar\/c4c509357859ea2ca2cbb6d8812898a73e4ef1ef9934c2e591d7e32face734d1?s=96&d=mm&r=g","caption":"Redaction"},"url":"https:\/\/lepatriotebenin.com"}]}},"_links":{"self":[{"href":"https:\/\/lepatriotebenin.com\/index.php\/wp-json\/wp\/v2\/posts\/5977","targetHints":{"allow":["GET"]}}],"collection":[{"href":"https:\/\/lepatriotebenin.com\/index.php\/wp-json\/wp\/v2\/posts"}],"about":[{"href":"https:\/\/lepatriotebenin.com\/index.php\/wp-json\/wp\/v2\/types\/post"}],"author":[{"embeddable":true,"href":"https:\/\/lepatriotebenin.com\/index.php\/wp-json\/wp\/v2\/users\/5"}],"replies":[{"embeddable":true,"href":"https:\/\/lepatriotebenin.com\/index.php\/wp-json\/wp\/v2\/comments?post=5977"}],"version-history":[{"count":1,"href":"https:\/\/lepatriotebenin.com\/index.php\/wp-json\/wp\/v2\/posts\/5977\/revisions"}],"predecessor-version":[{"id":5980,"href":"https:\/\/lepatriotebenin.com\/index.php\/wp-json\/wp\/v2\/posts\/5977\/revisions\/5980"}],"wp:featuredmedia":[{"embeddable":true,"href":"https:\/\/lepatriotebenin.com\/index.php\/wp-json\/wp\/v2\/media\/5978"}],"wp:attachment":[{"href":"https:\/\/lepatriotebenin.com\/index.php\/wp-json\/wp\/v2\/media?parent=5977"}],"wp:term":[{"taxonomy":"category","embeddable":true,"href":"https:\/\/lepatriotebenin.com\/index.php\/wp-json\/wp\/v2\/categories?post=5977"},{"taxonomy":"post_tag","embeddable":true,"href":"https:\/\/lepatriotebenin.com\/index.php\/wp-json\/wp\/v2\/tags?post=5977"}],"curies":[{"name":"wp","href":"https:\/\/api.w.org\/{rel}","templated":true}]}}