{"id":5973,"date":"2024-06-20T19:22:12","date_gmt":"2024-06-20T17:22:12","guid":{"rendered":"https:\/\/lepatriotebenin.com\/?p=5973"},"modified":"2024-06-20T19:24:48","modified_gmt":"2024-06-20T17:24:48","slug":"assemblee-nationale-les-deputes-rejettent-en-letat-le-projet-de-loi-sur-lurbanisme","status":"publish","type":"post","link":"https:\/\/lepatriotebenin.com\/index.php\/2024\/06\/20\/assemblee-nationale-les-deputes-rejettent-en-letat-le-projet-de-loi-sur-lurbanisme\/","title":{"rendered":"Assembl\u00e9e nationale : Les d\u00e9put\u00e9s rejettent en l\u2019\u00e9tat, le projet de loi sur l\u2019urbanisme\u00a0"},"content":{"rendered":"\n<p>Apr\u00e8s une longue p\u00e9riode de tr\u00eave, les d\u00e9put\u00e9s ont repris ce<strong> jeudi 20 juin 2024 <\/strong>le chemin du palais des gouverneurs de <strong>Porto-Novo. <\/strong>L\u00e0-bas, un lot important de dossier les y attendent. Notamment l\u2019examen du projet de loi sur l\u2019urbanisme. A l\u2019occasion, les d\u00e9put\u00e9s ont unanimement oppos\u00e9 leur droit de veto sur cette loi.\u00a0<\/p>\n\n\n\n<p>Dans une action concert\u00e9e et empreinte de solidarit\u00e9, les d\u00e9put\u00e9s de l\u2019Assembl\u00e9e se sont rang\u00e9s derri\u00e8re le d\u00e9put\u00e9 A<strong>ssan S\u00e9ibou<\/strong>, rejetant le projet de loi sur l\u2019urbanisme. Tel que pr\u00e9sent\u00e9, ce projet de loi, s\u2019opposent fonci\u00e8rement aux int\u00e9r\u00eats des populations, ont-ils unanimement reconnu. En effet, le dernier livre, le livre des r\u00e9pressions contient des dispositions jug\u00e9es en d\u00e9phasage avec les r\u00e9alit\u00e9s des populations. Pour cela, les d\u00e9put\u00e9s ont souhait\u00e9 que cette partie de la loi soit revisit\u00e9e aux fins d\u2019\u00eatre adapt\u00e9s aux r\u00e9alit\u00e9s des populations. Car <em>\u00ab la loi aussi n\u2019est pas que sanction, elle doit s\u2019inscrire aussi dans une d\u00e9marche d\u2019\u00e9ducation. Vous voyez un projet de loi qui s\u2019\u00e9carte totalement des r\u00e9alit\u00e9s\u00bb,<\/em> d\u00e9nonce le d\u00e9put\u00e9<strong> C\u00e9lestin Hounsou.\u00a0<\/strong><\/p>\n\n\n\n<p>S\u2019inscrivant dans ce m\u00eame registre, le d\u00e9put\u00e9 <strong>Eric Hound\u00e9t\u00e9<\/strong> du parti Les d\u00e9mocrates d\u00e9clare : <em>\u00ab M. le pr\u00e9sident, il y a des ing\u00e9nieurs pr\u00e9tendument appel\u00e9s professionnels qui ont construits des immeubles qui se sont \u00e9croul\u00e9s et il y a ceux que vous n\u2019avez pas le courage d\u2019appeler professionnels, qui ont appris sur le tas, qui ont construits des maisons depuis 50 ans qui tiennent debout et qui ont m\u00eame r\u00e9alis\u00e9 des \u00e9conomies pour ceux qui ont construits. Comment on distingue ces gens-l\u00e0 pour savoir s\u2019ils sont professionnels ou pas ? Mes coll\u00e8gues ont d\u00e9j\u00e0 expliqu\u00e9. Il faut gouverner pour les hommes et non pour les choses et non pour la mode et non pour le mim\u00e9tisme ; c\u2019est pour \u00e7a que je souscris comme tout le monde \u00e0 la n\u00e9cessit\u00e9 de prendre du recul pour regarder la loi que nous voulons prendre et la mettre en harmonie avec les hommes pour lesquels nous prenons la loi. \u00bb<\/em><\/p>\n\n\n\n<p>Le discours reste donc le m\u00eame : \u201cTenir compte de la r\u00e9alit\u00e9 de nos populations\u201c, a \u00e9t\u00e9 le maitre mot au cours de l\u2019examen du projet de loi sur l\u2019urbanisme.&nbsp;&nbsp;<\/p>\n\n\n\n<p><strong>Ignace TOSSOU<\/strong><\/p>\n","protected":false},"excerpt":{"rendered":"<p>Apr\u00e8s une longue p\u00e9riode de tr\u00eave, les d\u00e9put\u00e9s ont repris ce jeudi 20 juin 2024 le chemin du palais des gouverneurs de Porto-Novo. L\u00e0-bas, un lot important de dossier les&hellip;<\/p>\n","protected":false},"author":5,"featured_media":5943,"comment_status":"open","ping_status":"open","sticky":false,"template":"","format":"standard","meta":{"content-type":"","om_disable_all_campaigns":false,"_monsterinsights_skip_tracking":false,"_monsterinsights_sitenote_active":false,"_monsterinsights_sitenote_note":"","_monsterinsights_sitenote_category":0,"_uf_show_specific_survey":0,"_uf_disable_surveys":false,"footnotes":""},"categories":[26],"tags":[],"class_list":["post-5973","post","type-post","status-publish","format-standard","has-post-thumbnail","hentry","category-politique"],"aioseo_notices":[],"yoast_head":"<!-- This site is optimized with the Yoast SEO plugin v27.5 - https:\/\/yoast.com\/product\/yoast-seo-wordpress\/ -->\n<title>Assembl\u00e9e nationale : Les d\u00e9put\u00e9s rejettent en l\u2019\u00e9tat, le projet de loi sur l\u2019urbanisme\u00a0 - Le Patriote<\/title>\n<meta name=\"robots\" content=\"index, follow, max-snippet:-1, max-image-preview:large, max-video-preview:-1\" \/>\n<link rel=\"canonical\" href=\"https:\/\/lepatriotebenin.com\/index.php\/2024\/06\/20\/assemblee-nationale-les-deputes-rejettent-en-letat-le-projet-de-loi-sur-lurbanisme\/\" \/>\n<meta property=\"og:locale\" content=\"fr_FR\" \/>\n<meta property=\"og:type\" content=\"article\" \/>\n<meta property=\"og:title\" content=\"Assembl\u00e9e nationale : Les d\u00e9put\u00e9s rejettent en l\u2019\u00e9tat, le projet de loi sur l\u2019urbanisme\u00a0 - Le Patriote\" \/>\n<meta property=\"og:description\" content=\"Apr\u00e8s une longue p\u00e9riode de tr\u00eave, les d\u00e9put\u00e9s ont repris ce jeudi 20 juin 2024 le chemin du palais des gouverneurs de Porto-Novo. L\u00e0-bas, un lot important de dossier les&hellip;\" \/>\n<meta property=\"og:url\" content=\"https:\/\/lepatriotebenin.com\/index.php\/2024\/06\/20\/assemblee-nationale-les-deputes-rejettent-en-letat-le-projet-de-loi-sur-lurbanisme\/\" \/>\n<meta property=\"og:site_name\" content=\"Le Patriote\" \/>\n<meta property=\"article:published_time\" content=\"2024-06-20T17:22:12+00:00\" \/>\n<meta property=\"article:modified_time\" content=\"2024-06-20T17:24:48+00:00\" \/>\n<meta property=\"og:image\" content=\"https:\/\/lepatriotebenin.com\/wp-content\/uploads\/2024\/06\/les-deputes-poursuivent-la-mise-en-place-des-groupes-parlementaires-et-commissions-permanentes-ce-mardi.jpeg\" \/>\n\t<meta property=\"og:image:width\" content=\"960\" \/>\n\t<meta property=\"og:image:height\" content=\"640\" \/>\n\t<meta property=\"og:image:type\" content=\"image\/jpeg\" \/>\n<meta name=\"author\" content=\"Redaction\" \/>\n<meta name=\"twitter:card\" content=\"summary_large_image\" \/>\n<meta name=\"twitter:label1\" content=\"\u00c9crit par\" \/>\n\t<meta name=\"twitter:data1\" content=\"Redaction\" \/>\n\t<meta name=\"twitter:label2\" content=\"Dur\u00e9e de lecture estim\u00e9e\" \/>\n\t<meta name=\"twitter:data2\" content=\"2 minutes\" \/>\n<script type=\"application\/ld+json\" class=\"yoast-schema-graph\">{\"@context\":\"https:\\\/\\\/schema.org\",\"@graph\":[{\"@type\":\"Article\",\"@id\":\"https:\\\/\\\/lepatriotebenin.com\\\/index.php\\\/2024\\\/06\\\/20\\\/assemblee-nationale-les-deputes-rejettent-en-letat-le-projet-de-loi-sur-lurbanisme\\\/#article\",\"isPartOf\":{\"@id\":\"https:\\\/\\\/lepatriotebenin.com\\\/index.php\\\/2024\\\/06\\\/20\\\/assemblee-nationale-les-deputes-rejettent-en-letat-le-projet-de-loi-sur-lurbanisme\\\/\"},\"author\":{\"name\":\"Redaction\",\"@id\":\"https:\\\/\\\/lepatriotebenin.com\\\/#\\\/schema\\\/person\\\/2e7709b9c9cc313e452d1136af61690f\"},\"headline\":\"Assembl\u00e9e nationale : Les d\u00e9put\u00e9s rejettent en l\u2019\u00e9tat, le projet de loi sur l\u2019urbanisme\u00a0\",\"datePublished\":\"2024-06-20T17:22:12+00:00\",\"dateModified\":\"2024-06-20T17:24:48+00:00\",\"mainEntityOfPage\":{\"@id\":\"https:\\\/\\\/lepatriotebenin.com\\\/index.php\\\/2024\\\/06\\\/20\\\/assemblee-nationale-les-deputes-rejettent-en-letat-le-projet-de-loi-sur-lurbanisme\\\/\"},\"wordCount\":444,\"commentCount\":0,\"image\":{\"@id\":\"https:\\\/\\\/lepatriotebenin.com\\\/index.php\\\/2024\\\/06\\\/20\\\/assemblee-nationale-les-deputes-rejettent-en-letat-le-projet-de-loi-sur-lurbanisme\\\/#primaryimage\"},\"thumbnailUrl\":\"https:\\\/\\\/lepatriotebenin.com\\\/wp-content\\\/uploads\\\/2024\\\/06\\\/les-deputes-poursuivent-la-mise-en-place-des-groupes-parlementaires-et-commissions-permanentes-ce-mardi.jpeg\",\"articleSection\":[\"Politique\"],\"inLanguage\":\"fr-FR\",\"potentialAction\":[{\"@type\":\"CommentAction\",\"name\":\"Comment\",\"target\":[\"https:\\\/\\\/lepatriotebenin.com\\\/index.php\\\/2024\\\/06\\\/20\\\/assemblee-nationale-les-deputes-rejettent-en-letat-le-projet-de-loi-sur-lurbanisme\\\/#respond\"]}]},{\"@type\":\"WebPage\",\"@id\":\"https:\\\/\\\/lepatriotebenin.com\\\/index.php\\\/2024\\\/06\\\/20\\\/assemblee-nationale-les-deputes-rejettent-en-letat-le-projet-de-loi-sur-lurbanisme\\\/\",\"url\":\"https:\\\/\\\/lepatriotebenin.com\\\/index.php\\\/2024\\\/06\\\/20\\\/assemblee-nationale-les-deputes-rejettent-en-letat-le-projet-de-loi-sur-lurbanisme\\\/\",\"name\":\"Assembl\u00e9e nationale : Les d\u00e9put\u00e9s rejettent en l\u2019\u00e9tat, le projet de loi sur l\u2019urbanisme\u00a0 - Le Patriote\",\"isPartOf\":{\"@id\":\"https:\\\/\\\/lepatriotebenin.com\\\/#website\"},\"primaryImageOfPage\":{\"@id\":\"https:\\\/\\\/lepatriotebenin.com\\\/index.php\\\/2024\\\/06\\\/20\\\/assemblee-nationale-les-deputes-rejettent-en-letat-le-projet-de-loi-sur-lurbanisme\\\/#primaryimage\"},\"image\":{\"@id\":\"https:\\\/\\\/lepatriotebenin.com\\\/index.php\\\/2024\\\/06\\\/20\\\/assemblee-nationale-les-deputes-rejettent-en-letat-le-projet-de-loi-sur-lurbanisme\\\/#primaryimage\"},\"thumbnailUrl\":\"https:\\\/\\\/lepatriotebenin.com\\\/wp-content\\\/uploads\\\/2024\\\/06\\\/les-deputes-poursuivent-la-mise-en-place-des-groupes-parlementaires-et-commissions-permanentes-ce-mardi.jpeg\",\"datePublished\":\"2024-06-20T17:22:12+00:00\",\"dateModified\":\"2024-06-20T17:24:48+00:00\",\"author\":{\"@id\":\"https:\\\/\\\/lepatriotebenin.com\\\/#\\\/schema\\\/person\\\/2e7709b9c9cc313e452d1136af61690f\"},\"breadcrumb\":{\"@id\":\"https:\\\/\\\/lepatriotebenin.com\\\/index.php\\\/2024\\\/06\\\/20\\\/assemblee-nationale-les-deputes-rejettent-en-letat-le-projet-de-loi-sur-lurbanisme\\\/#breadcrumb\"},\"inLanguage\":\"fr-FR\",\"potentialAction\":[{\"@type\":\"ReadAction\",\"target\":[\"https:\\\/\\\/lepatriotebenin.com\\\/index.php\\\/2024\\\/06\\\/20\\\/assemblee-nationale-les-deputes-rejettent-en-letat-le-projet-de-loi-sur-lurbanisme\\\/\"]}]},{\"@type\":\"ImageObject\",\"inLanguage\":\"fr-FR\",\"@id\":\"https:\\\/\\\/lepatriotebenin.com\\\/index.php\\\/2024\\\/06\\\/20\\\/assemblee-nationale-les-deputes-rejettent-en-letat-le-projet-de-loi-sur-lurbanisme\\\/#primaryimage\",\"url\":\"https:\\\/\\\/lepatriotebenin.com\\\/wp-content\\\/uploads\\\/2024\\\/06\\\/les-deputes-poursuivent-la-mise-en-place-des-groupes-parlementaires-et-commissions-permanentes-ce-mardi.jpeg\",\"contentUrl\":\"https:\\\/\\\/lepatriotebenin.com\\\/wp-content\\\/uploads\\\/2024\\\/06\\\/les-deputes-poursuivent-la-mise-en-place-des-groupes-parlementaires-et-commissions-permanentes-ce-mardi.jpeg\",\"width\":960,\"height\":640},{\"@type\":\"BreadcrumbList\",\"@id\":\"https:\\\/\\\/lepatriotebenin.com\\\/index.php\\\/2024\\\/06\\\/20\\\/assemblee-nationale-les-deputes-rejettent-en-letat-le-projet-de-loi-sur-lurbanisme\\\/#breadcrumb\",\"itemListElement\":[{\"@type\":\"ListItem\",\"position\":1,\"name\":\"Accueil\",\"item\":\"https:\\\/\\\/lepatriotebenin.com\\\/\"},{\"@type\":\"ListItem\",\"position\":2,\"name\":\"Assembl\u00e9e nationale : Les d\u00e9put\u00e9s rejettent en l\u2019\u00e9tat, le projet de loi sur l\u2019urbanisme\u00a0\"}]},{\"@type\":\"WebSite\",\"@id\":\"https:\\\/\\\/lepatriotebenin.com\\\/#website\",\"url\":\"https:\\\/\\\/lepatriotebenin.com\\\/\",\"name\":\"Le Patriote\",\"description\":\"Le Patriote B\u00e9nin\",\"potentialAction\":[{\"@type\":\"SearchAction\",\"target\":{\"@type\":\"EntryPoint\",\"urlTemplate\":\"https:\\\/\\\/lepatriotebenin.com\\\/?s={search_term_string}\"},\"query-input\":{\"@type\":\"PropertyValueSpecification\",\"valueRequired\":true,\"valueName\":\"search_term_string\"}}],\"inLanguage\":\"fr-FR\"},{\"@type\":\"Person\",\"@id\":\"https:\\\/\\\/lepatriotebenin.com\\\/#\\\/schema\\\/person\\\/2e7709b9c9cc313e452d1136af61690f\",\"name\":\"Redaction\",\"image\":{\"@type\":\"ImageObject\",\"inLanguage\":\"fr-FR\",\"@id\":\"https:\\\/\\\/secure.gravatar.com\\\/avatar\\\/c4c509357859ea2ca2cbb6d8812898a73e4ef1ef9934c2e591d7e32face734d1?s=96&d=mm&r=g\",\"url\":\"https:\\\/\\\/secure.gravatar.com\\\/avatar\\\/c4c509357859ea2ca2cbb6d8812898a73e4ef1ef9934c2e591d7e32face734d1?s=96&d=mm&r=g\",\"contentUrl\":\"https:\\\/\\\/secure.gravatar.com\\\/avatar\\\/c4c509357859ea2ca2cbb6d8812898a73e4ef1ef9934c2e591d7e32face734d1?s=96&d=mm&r=g\",\"caption\":\"Redaction\"},\"url\":\"https:\\\/\\\/lepatriotebenin.com\"}]}<\/script>\n<!-- \/ Yoast SEO plugin. -->","yoast_head_json":{"title":"Assembl\u00e9e nationale : Les d\u00e9put\u00e9s rejettent en l\u2019\u00e9tat, le projet de loi sur l\u2019urbanisme\u00a0 - Le Patriote","robots":{"index":"index","follow":"follow","max-snippet":"max-snippet:-1","max-image-preview":"max-image-preview:large","max-video-preview":"max-video-preview:-1"},"canonical":"https:\/\/lepatriotebenin.com\/index.php\/2024\/06\/20\/assemblee-nationale-les-deputes-rejettent-en-letat-le-projet-de-loi-sur-lurbanisme\/","og_locale":"fr_FR","og_type":"article","og_title":"Assembl\u00e9e nationale : Les d\u00e9put\u00e9s rejettent en l\u2019\u00e9tat, le projet de loi sur l\u2019urbanisme\u00a0 - Le Patriote","og_description":"Apr\u00e8s une longue p\u00e9riode de tr\u00eave, les d\u00e9put\u00e9s ont repris ce jeudi 20 juin 2024 le chemin du palais des gouverneurs de Porto-Novo. L\u00e0-bas, un lot important de dossier les&hellip;","og_url":"https:\/\/lepatriotebenin.com\/index.php\/2024\/06\/20\/assemblee-nationale-les-deputes-rejettent-en-letat-le-projet-de-loi-sur-lurbanisme\/","og_site_name":"Le Patriote","article_published_time":"2024-06-20T17:22:12+00:00","article_modified_time":"2024-06-20T17:24:48+00:00","og_image":[{"width":960,"height":640,"url":"https:\/\/lepatriotebenin.com\/wp-content\/uploads\/2024\/06\/les-deputes-poursuivent-la-mise-en-place-des-groupes-parlementaires-et-commissions-permanentes-ce-mardi.jpeg","type":"image\/jpeg"}],"author":"Redaction","twitter_card":"summary_large_image","twitter_misc":{"\u00c9crit par":"Redaction","Dur\u00e9e de lecture estim\u00e9e":"2 minutes"},"schema":{"@context":"https:\/\/schema.org","@graph":[{"@type":"Article","@id":"https:\/\/lepatriotebenin.com\/index.php\/2024\/06\/20\/assemblee-nationale-les-deputes-rejettent-en-letat-le-projet-de-loi-sur-lurbanisme\/#article","isPartOf":{"@id":"https:\/\/lepatriotebenin.com\/index.php\/2024\/06\/20\/assemblee-nationale-les-deputes-rejettent-en-letat-le-projet-de-loi-sur-lurbanisme\/"},"author":{"name":"Redaction","@id":"https:\/\/lepatriotebenin.com\/#\/schema\/person\/2e7709b9c9cc313e452d1136af61690f"},"headline":"Assembl\u00e9e nationale : Les d\u00e9put\u00e9s rejettent en l\u2019\u00e9tat, le projet de loi sur l\u2019urbanisme\u00a0","datePublished":"2024-06-20T17:22:12+00:00","dateModified":"2024-06-20T17:24:48+00:00","mainEntityOfPage":{"@id":"https:\/\/lepatriotebenin.com\/index.php\/2024\/06\/20\/assemblee-nationale-les-deputes-rejettent-en-letat-le-projet-de-loi-sur-lurbanisme\/"},"wordCount":444,"commentCount":0,"image":{"@id":"https:\/\/lepatriotebenin.com\/index.php\/2024\/06\/20\/assemblee-nationale-les-deputes-rejettent-en-letat-le-projet-de-loi-sur-lurbanisme\/#primaryimage"},"thumbnailUrl":"https:\/\/lepatriotebenin.com\/wp-content\/uploads\/2024\/06\/les-deputes-poursuivent-la-mise-en-place-des-groupes-parlementaires-et-commissions-permanentes-ce-mardi.jpeg","articleSection":["Politique"],"inLanguage":"fr-FR","potentialAction":[{"@type":"CommentAction","name":"Comment","target":["https:\/\/lepatriotebenin.com\/index.php\/2024\/06\/20\/assemblee-nationale-les-deputes-rejettent-en-letat-le-projet-de-loi-sur-lurbanisme\/#respond"]}]},{"@type":"WebPage","@id":"https:\/\/lepatriotebenin.com\/index.php\/2024\/06\/20\/assemblee-nationale-les-deputes-rejettent-en-letat-le-projet-de-loi-sur-lurbanisme\/","url":"https:\/\/lepatriotebenin.com\/index.php\/2024\/06\/20\/assemblee-nationale-les-deputes-rejettent-en-letat-le-projet-de-loi-sur-lurbanisme\/","name":"Assembl\u00e9e nationale : Les d\u00e9put\u00e9s rejettent en l\u2019\u00e9tat, le projet de loi sur l\u2019urbanisme\u00a0 - Le Patriote","isPartOf":{"@id":"https:\/\/lepatriotebenin.com\/#website"},"primaryImageOfPage":{"@id":"https:\/\/lepatriotebenin.com\/index.php\/2024\/06\/20\/assemblee-nationale-les-deputes-rejettent-en-letat-le-projet-de-loi-sur-lurbanisme\/#primaryimage"},"image":{"@id":"https:\/\/lepatriotebenin.com\/index.php\/2024\/06\/20\/assemblee-nationale-les-deputes-rejettent-en-letat-le-projet-de-loi-sur-lurbanisme\/#primaryimage"},"thumbnailUrl":"https:\/\/lepatriotebenin.com\/wp-content\/uploads\/2024\/06\/les-deputes-poursuivent-la-mise-en-place-des-groupes-parlementaires-et-commissions-permanentes-ce-mardi.jpeg","datePublished":"2024-06-20T17:22:12+00:00","dateModified":"2024-06-20T17:24:48+00:00","author":{"@id":"https:\/\/lepatriotebenin.com\/#\/schema\/person\/2e7709b9c9cc313e452d1136af61690f"},"breadcrumb":{"@id":"https:\/\/lepatriotebenin.com\/index.php\/2024\/06\/20\/assemblee-nationale-les-deputes-rejettent-en-letat-le-projet-de-loi-sur-lurbanisme\/#breadcrumb"},"inLanguage":"fr-FR","potentialAction":[{"@type":"ReadAction","target":["https:\/\/lepatriotebenin.com\/index.php\/2024\/06\/20\/assemblee-nationale-les-deputes-rejettent-en-letat-le-projet-de-loi-sur-lurbanisme\/"]}]},{"@type":"ImageObject","inLanguage":"fr-FR","@id":"https:\/\/lepatriotebenin.com\/index.php\/2024\/06\/20\/assemblee-nationale-les-deputes-rejettent-en-letat-le-projet-de-loi-sur-lurbanisme\/#primaryimage","url":"https:\/\/lepatriotebenin.com\/wp-content\/uploads\/2024\/06\/les-deputes-poursuivent-la-mise-en-place-des-groupes-parlementaires-et-commissions-permanentes-ce-mardi.jpeg","contentUrl":"https:\/\/lepatriotebenin.com\/wp-content\/uploads\/2024\/06\/les-deputes-poursuivent-la-mise-en-place-des-groupes-parlementaires-et-commissions-permanentes-ce-mardi.jpeg","width":960,"height":640},{"@type":"BreadcrumbList","@id":"https:\/\/lepatriotebenin.com\/index.php\/2024\/06\/20\/assemblee-nationale-les-deputes-rejettent-en-letat-le-projet-de-loi-sur-lurbanisme\/#breadcrumb","itemListElement":[{"@type":"ListItem","position":1,"name":"Accueil","item":"https:\/\/lepatriotebenin.com\/"},{"@type":"ListItem","position":2,"name":"Assembl\u00e9e nationale : Les d\u00e9put\u00e9s rejettent en l\u2019\u00e9tat, le projet de loi sur l\u2019urbanisme\u00a0"}]},{"@type":"WebSite","@id":"https:\/\/lepatriotebenin.com\/#website","url":"https:\/\/lepatriotebenin.com\/","name":"Le Patriote","description":"Le Patriote B\u00e9nin","potentialAction":[{"@type":"SearchAction","target":{"@type":"EntryPoint","urlTemplate":"https:\/\/lepatriotebenin.com\/?s={search_term_string}"},"query-input":{"@type":"PropertyValueSpecification","valueRequired":true,"valueName":"search_term_string"}}],"inLanguage":"fr-FR"},{"@type":"Person","@id":"https:\/\/lepatriotebenin.com\/#\/schema\/person\/2e7709b9c9cc313e452d1136af61690f","name":"Redaction","image":{"@type":"ImageObject","inLanguage":"fr-FR","@id":"https:\/\/secure.gravatar.com\/avatar\/c4c509357859ea2ca2cbb6d8812898a73e4ef1ef9934c2e591d7e32face734d1?s=96&d=mm&r=g","url":"https:\/\/secure.gravatar.com\/avatar\/c4c509357859ea2ca2cbb6d8812898a73e4ef1ef9934c2e591d7e32face734d1?s=96&d=mm&r=g","contentUrl":"https:\/\/secure.gravatar.com\/avatar\/c4c509357859ea2ca2cbb6d8812898a73e4ef1ef9934c2e591d7e32face734d1?s=96&d=mm&r=g","caption":"Redaction"},"url":"https:\/\/lepatriotebenin.com"}]}},"_links":{"self":[{"href":"https:\/\/lepatriotebenin.com\/index.php\/wp-json\/wp\/v2\/posts\/5973","targetHints":{"allow":["GET"]}}],"collection":[{"href":"https:\/\/lepatriotebenin.com\/index.php\/wp-json\/wp\/v2\/posts"}],"about":[{"href":"https:\/\/lepatriotebenin.com\/index.php\/wp-json\/wp\/v2\/types\/post"}],"author":[{"embeddable":true,"href":"https:\/\/lepatriotebenin.com\/index.php\/wp-json\/wp\/v2\/users\/5"}],"replies":[{"embeddable":true,"href":"https:\/\/lepatriotebenin.com\/index.php\/wp-json\/wp\/v2\/comments?post=5973"}],"version-history":[{"count":2,"href":"https:\/\/lepatriotebenin.com\/index.php\/wp-json\/wp\/v2\/posts\/5973\/revisions"}],"predecessor-version":[{"id":5976,"href":"https:\/\/lepatriotebenin.com\/index.php\/wp-json\/wp\/v2\/posts\/5973\/revisions\/5976"}],"wp:featuredmedia":[{"embeddable":true,"href":"https:\/\/lepatriotebenin.com\/index.php\/wp-json\/wp\/v2\/media\/5943"}],"wp:attachment":[{"href":"https:\/\/lepatriotebenin.com\/index.php\/wp-json\/wp\/v2\/media?parent=5973"}],"wp:term":[{"taxonomy":"category","embeddable":true,"href":"https:\/\/lepatriotebenin.com\/index.php\/wp-json\/wp\/v2\/categories?post=5973"},{"taxonomy":"post_tag","embeddable":true,"href":"https:\/\/lepatriotebenin.com\/index.php\/wp-json\/wp\/v2\/tags?post=5973"}],"curies":[{"name":"wp","href":"https:\/\/api.w.org\/{rel}","templated":true}]}}