{"id":5964,"date":"2024-06-20T16:27:03","date_gmt":"2024-06-20T14:27:03","guid":{"rendered":"https:\/\/lepatriotebenin.com\/?p=5964"},"modified":"2024-06-20T16:27:04","modified_gmt":"2024-06-20T14:27:04","slug":"23eme-championnat-dafrique-dathletisme-a-douala","status":"publish","type":"post","link":"https:\/\/lepatriotebenin.com\/index.php\/2024\/06\/20\/23eme-championnat-dafrique-dathletisme-a-douala\/","title":{"rendered":"23\u00e8me Championnat d\u2019Afrique d\u2019athl\u00e9tisme \u00e0 Douala"},"content":{"rendered":"\n<p>&nbsp; 13 athl\u00e8tes repr\u00e9sentent le B\u00e9nin<\/p>\n\n\n\n<p>\u00a0Du 21 au 26 juin 2024, le Complexe sportif Japoma de Douala au Cameroun\u00a0\u00a0 va accueillir \u00e0 partir de ce vendredi 21 juin 2024 jusqu\u2019 au mercredi 26 juin 2024 la 23\u00e8me \u00e9dition des Championnats d\u2019Afrique d\u2019athl\u00e9tisme. \u00a0Pour ces Championnats d\u2019Afrique d\u2019athl\u00e9tisme, le B\u00e9nin sera repr\u00e9sent\u00e9 par 13 athl\u00e8tes\u00a0\u00a0 dont 4 femmes et 9 hommes.\u00a0 Parmi ces 4 femmes, on retrouve la double championne d\u2019Afrique en heptathlon, <strong>Odile Ahouanwanou.<\/strong>\u00a0 La double championne d\u2019Afrique en heptathlon est en train de chercher les minima pour se qualifier pour les Jeux Olympiques Paris 2024.\u00a0 <\/p>\n\n\n\n<p>A part Odile Ahouanwanou, il y a <strong>Odette Saanw\u00e9koua<\/strong> engag\u00e9e aux <strong>800 m et 1500 m<\/strong> dames et les sprinteuses <strong>B\u00e9atrice Midomid\u00e9 et Elsiane Adjinda.<\/strong> \u00a0Chez les hommes, la s\u00e9lection b\u00e9ninoise est compos\u00e9e de <strong>Sylvain Azonhin,<\/strong> sp\u00e9cialiste de demi-fond, des sprinteurs <strong>Didier Kiki,R\u00e9mi Adandjo, J\u00e9r\u00f6me Kounnou<\/strong>, <strong>Edmond Hounthon,Jules Wa\u00efga<\/strong> et <strong>G\u00e9rard Houessou<\/strong>, tous engag\u00e9s dans les \u00e9preuves individuelles et au niveau\u00a0 des relais 4 X100 et\u00a0 4 X400 m hommes. \u00a0<strong>Rom\u00e9o N\u2019Tia<\/strong>, sp\u00e9cialiste du saut en longueur et <strong>Yohan Awanssou,<\/strong> triple sauteur font partie de la s\u00e9lection b\u00e9ninoise. Les repr\u00e9sentants b\u00e9ninois avec leurs accompagnateurs ont quitt\u00e9 ce <strong>mercredi 19 juin 2024<\/strong> pour la capitale \u00e9conomique camerounaise. \u00a0\u00a0Pour le Directeur technique de la F\u00e9d\u00e9ration b\u00e9ninoise d\u2019athl\u00e9tisme (FBA) , \u00a0<\/p>\n","protected":false},"excerpt":{"rendered":"<p>&nbsp; 13 athl\u00e8tes repr\u00e9sentent le B\u00e9nin \u00a0Du 21 au 26 juin 2024, le Complexe sportif Japoma de Douala au Cameroun\u00a0\u00a0 va accueillir \u00e0 partir de ce vendredi 21 juin 2024&hellip;<\/p>\n","protected":false},"author":6,"featured_media":5965,"comment_status":"open","ping_status":"open","sticky":false,"template":"","format":"standard","meta":{"content-type":"","om_disable_all_campaigns":false,"_monsterinsights_skip_tracking":false,"_monsterinsights_sitenote_active":false,"_monsterinsights_sitenote_note":"","_monsterinsights_sitenote_category":0,"_uf_show_specific_survey":0,"_uf_disable_surveys":false,"footnotes":""},"categories":[8],"tags":[],"class_list":["post-5964","post","type-post","status-publish","format-standard","has-post-thumbnail","hentry","category-sport"],"aioseo_notices":[],"yoast_head":"<!-- This site is optimized with the Yoast SEO plugin v27.5 - https:\/\/yoast.com\/product\/yoast-seo-wordpress\/ -->\n<title>23\u00e8me Championnat d\u2019Afrique d\u2019athl\u00e9tisme \u00e0 Douala - Le Patriote<\/title>\n<meta name=\"robots\" content=\"index, follow, max-snippet:-1, max-image-preview:large, max-video-preview:-1\" \/>\n<link rel=\"canonical\" href=\"https:\/\/lepatriotebenin.com\/index.php\/2024\/06\/20\/23eme-championnat-dafrique-dathletisme-a-douala\/\" \/>\n<meta property=\"og:locale\" content=\"fr_FR\" \/>\n<meta property=\"og:type\" content=\"article\" \/>\n<meta property=\"og:title\" content=\"23\u00e8me Championnat d\u2019Afrique d\u2019athl\u00e9tisme \u00e0 Douala - Le Patriote\" \/>\n<meta property=\"og:description\" content=\"&nbsp; 13 athl\u00e8tes repr\u00e9sentent le B\u00e9nin \u00a0Du 21 au 26 juin 2024, le Complexe sportif Japoma de Douala au Cameroun\u00a0\u00a0 va accueillir \u00e0 partir de ce vendredi 21 juin 2024&hellip;\" \/>\n<meta property=\"og:url\" content=\"https:\/\/lepatriotebenin.com\/index.php\/2024\/06\/20\/23eme-championnat-dafrique-dathletisme-a-douala\/\" \/>\n<meta property=\"og:site_name\" content=\"Le Patriote\" \/>\n<meta property=\"article:published_time\" content=\"2024-06-20T14:27:03+00:00\" \/>\n<meta property=\"article:modified_time\" content=\"2024-06-20T14:27:04+00:00\" \/>\n<meta property=\"og:image\" content=\"https:\/\/lepatriotebenin.com\/wp-content\/uploads\/2024\/06\/odile-f.jpeg\" \/>\n\t<meta property=\"og:image:width\" content=\"2048\" \/>\n\t<meta property=\"og:image:height\" content=\"1366\" \/>\n\t<meta property=\"og:image:type\" content=\"image\/jpeg\" \/>\n<meta name=\"author\" content=\"Roland AFFANOU\" \/>\n<meta name=\"twitter:card\" content=\"summary_large_image\" \/>\n<meta name=\"twitter:label1\" content=\"\u00c9crit par\" \/>\n\t<meta name=\"twitter:data1\" content=\"Roland AFFANOU\" \/>\n\t<meta name=\"twitter:label2\" content=\"Dur\u00e9e de lecture estim\u00e9e\" \/>\n\t<meta name=\"twitter:data2\" content=\"2 minutes\" \/>\n<script type=\"application\/ld+json\" class=\"yoast-schema-graph\">{\"@context\":\"https:\\\/\\\/schema.org\",\"@graph\":[{\"@type\":\"Article\",\"@id\":\"https:\\\/\\\/lepatriotebenin.com\\\/index.php\\\/2024\\\/06\\\/20\\\/23eme-championnat-dafrique-dathletisme-a-douala\\\/#article\",\"isPartOf\":{\"@id\":\"https:\\\/\\\/lepatriotebenin.com\\\/index.php\\\/2024\\\/06\\\/20\\\/23eme-championnat-dafrique-dathletisme-a-douala\\\/\"},\"author\":{\"name\":\"Roland AFFANOU\",\"@id\":\"https:\\\/\\\/lepatriotebenin.com\\\/#\\\/schema\\\/person\\\/4a9b67216c97d04045e01405c534c91f\"},\"headline\":\"23\u00e8me Championnat d\u2019Afrique d\u2019athl\u00e9tisme \u00e0 Douala\",\"datePublished\":\"2024-06-20T14:27:03+00:00\",\"dateModified\":\"2024-06-20T14:27:04+00:00\",\"mainEntityOfPage\":{\"@id\":\"https:\\\/\\\/lepatriotebenin.com\\\/index.php\\\/2024\\\/06\\\/20\\\/23eme-championnat-dafrique-dathletisme-a-douala\\\/\"},\"wordCount\":242,\"commentCount\":0,\"image\":{\"@id\":\"https:\\\/\\\/lepatriotebenin.com\\\/index.php\\\/2024\\\/06\\\/20\\\/23eme-championnat-dafrique-dathletisme-a-douala\\\/#primaryimage\"},\"thumbnailUrl\":\"https:\\\/\\\/lepatriotebenin.com\\\/wp-content\\\/uploads\\\/2024\\\/06\\\/odile-f.jpeg\",\"articleSection\":[\"Sport\"],\"inLanguage\":\"fr-FR\",\"potentialAction\":[{\"@type\":\"CommentAction\",\"name\":\"Comment\",\"target\":[\"https:\\\/\\\/lepatriotebenin.com\\\/index.php\\\/2024\\\/06\\\/20\\\/23eme-championnat-dafrique-dathletisme-a-douala\\\/#respond\"]}]},{\"@type\":\"WebPage\",\"@id\":\"https:\\\/\\\/lepatriotebenin.com\\\/index.php\\\/2024\\\/06\\\/20\\\/23eme-championnat-dafrique-dathletisme-a-douala\\\/\",\"url\":\"https:\\\/\\\/lepatriotebenin.com\\\/index.php\\\/2024\\\/06\\\/20\\\/23eme-championnat-dafrique-dathletisme-a-douala\\\/\",\"name\":\"23\u00e8me Championnat d\u2019Afrique d\u2019athl\u00e9tisme \u00e0 Douala - Le Patriote\",\"isPartOf\":{\"@id\":\"https:\\\/\\\/lepatriotebenin.com\\\/#website\"},\"primaryImageOfPage\":{\"@id\":\"https:\\\/\\\/lepatriotebenin.com\\\/index.php\\\/2024\\\/06\\\/20\\\/23eme-championnat-dafrique-dathletisme-a-douala\\\/#primaryimage\"},\"image\":{\"@id\":\"https:\\\/\\\/lepatriotebenin.com\\\/index.php\\\/2024\\\/06\\\/20\\\/23eme-championnat-dafrique-dathletisme-a-douala\\\/#primaryimage\"},\"thumbnailUrl\":\"https:\\\/\\\/lepatriotebenin.com\\\/wp-content\\\/uploads\\\/2024\\\/06\\\/odile-f.jpeg\",\"datePublished\":\"2024-06-20T14:27:03+00:00\",\"dateModified\":\"2024-06-20T14:27:04+00:00\",\"author\":{\"@id\":\"https:\\\/\\\/lepatriotebenin.com\\\/#\\\/schema\\\/person\\\/4a9b67216c97d04045e01405c534c91f\"},\"breadcrumb\":{\"@id\":\"https:\\\/\\\/lepatriotebenin.com\\\/index.php\\\/2024\\\/06\\\/20\\\/23eme-championnat-dafrique-dathletisme-a-douala\\\/#breadcrumb\"},\"inLanguage\":\"fr-FR\",\"potentialAction\":[{\"@type\":\"ReadAction\",\"target\":[\"https:\\\/\\\/lepatriotebenin.com\\\/index.php\\\/2024\\\/06\\\/20\\\/23eme-championnat-dafrique-dathletisme-a-douala\\\/\"]}]},{\"@type\":\"ImageObject\",\"inLanguage\":\"fr-FR\",\"@id\":\"https:\\\/\\\/lepatriotebenin.com\\\/index.php\\\/2024\\\/06\\\/20\\\/23eme-championnat-dafrique-dathletisme-a-douala\\\/#primaryimage\",\"url\":\"https:\\\/\\\/lepatriotebenin.com\\\/wp-content\\\/uploads\\\/2024\\\/06\\\/odile-f.jpeg\",\"contentUrl\":\"https:\\\/\\\/lepatriotebenin.com\\\/wp-content\\\/uploads\\\/2024\\\/06\\\/odile-f.jpeg\",\"width\":2048,\"height\":1366},{\"@type\":\"BreadcrumbList\",\"@id\":\"https:\\\/\\\/lepatriotebenin.com\\\/index.php\\\/2024\\\/06\\\/20\\\/23eme-championnat-dafrique-dathletisme-a-douala\\\/#breadcrumb\",\"itemListElement\":[{\"@type\":\"ListItem\",\"position\":1,\"name\":\"Accueil\",\"item\":\"https:\\\/\\\/lepatriotebenin.com\\\/\"},{\"@type\":\"ListItem\",\"position\":2,\"name\":\"23\u00e8me Championnat d\u2019Afrique d\u2019athl\u00e9tisme \u00e0 Douala\"}]},{\"@type\":\"WebSite\",\"@id\":\"https:\\\/\\\/lepatriotebenin.com\\\/#website\",\"url\":\"https:\\\/\\\/lepatriotebenin.com\\\/\",\"name\":\"Le Patriote\",\"description\":\"Le Patriote B\u00e9nin\",\"potentialAction\":[{\"@type\":\"SearchAction\",\"target\":{\"@type\":\"EntryPoint\",\"urlTemplate\":\"https:\\\/\\\/lepatriotebenin.com\\\/?s={search_term_string}\"},\"query-input\":{\"@type\":\"PropertyValueSpecification\",\"valueRequired\":true,\"valueName\":\"search_term_string\"}}],\"inLanguage\":\"fr-FR\"},{\"@type\":\"Person\",\"@id\":\"https:\\\/\\\/lepatriotebenin.com\\\/#\\\/schema\\\/person\\\/4a9b67216c97d04045e01405c534c91f\",\"name\":\"Roland AFFANOU\",\"image\":{\"@type\":\"ImageObject\",\"inLanguage\":\"fr-FR\",\"@id\":\"https:\\\/\\\/secure.gravatar.com\\\/avatar\\\/7209d3f6d2d47ea4d0c67e14d3effb61feb10ae540a4381280c66265de5bd643?s=96&d=mm&r=g\",\"url\":\"https:\\\/\\\/secure.gravatar.com\\\/avatar\\\/7209d3f6d2d47ea4d0c67e14d3effb61feb10ae540a4381280c66265de5bd643?s=96&d=mm&r=g\",\"contentUrl\":\"https:\\\/\\\/secure.gravatar.com\\\/avatar\\\/7209d3f6d2d47ea4d0c67e14d3effb61feb10ae540a4381280c66265de5bd643?s=96&d=mm&r=g\",\"caption\":\"Roland AFFANOU\"},\"url\":\"https:\\\/\\\/lepatriotebenin.com\"}]}<\/script>\n<!-- \/ Yoast SEO plugin. -->","yoast_head_json":{"title":"23\u00e8me Championnat d\u2019Afrique d\u2019athl\u00e9tisme \u00e0 Douala - Le Patriote","robots":{"index":"index","follow":"follow","max-snippet":"max-snippet:-1","max-image-preview":"max-image-preview:large","max-video-preview":"max-video-preview:-1"},"canonical":"https:\/\/lepatriotebenin.com\/index.php\/2024\/06\/20\/23eme-championnat-dafrique-dathletisme-a-douala\/","og_locale":"fr_FR","og_type":"article","og_title":"23\u00e8me Championnat d\u2019Afrique d\u2019athl\u00e9tisme \u00e0 Douala - Le Patriote","og_description":"&nbsp; 13 athl\u00e8tes repr\u00e9sentent le B\u00e9nin \u00a0Du 21 au 26 juin 2024, le Complexe sportif Japoma de Douala au Cameroun\u00a0\u00a0 va accueillir \u00e0 partir de ce vendredi 21 juin 2024&hellip;","og_url":"https:\/\/lepatriotebenin.com\/index.php\/2024\/06\/20\/23eme-championnat-dafrique-dathletisme-a-douala\/","og_site_name":"Le Patriote","article_published_time":"2024-06-20T14:27:03+00:00","article_modified_time":"2024-06-20T14:27:04+00:00","og_image":[{"width":2048,"height":1366,"url":"https:\/\/lepatriotebenin.com\/wp-content\/uploads\/2024\/06\/odile-f.jpeg","type":"image\/jpeg"}],"author":"Roland AFFANOU","twitter_card":"summary_large_image","twitter_misc":{"\u00c9crit par":"Roland AFFANOU","Dur\u00e9e de lecture estim\u00e9e":"2 minutes"},"schema":{"@context":"https:\/\/schema.org","@graph":[{"@type":"Article","@id":"https:\/\/lepatriotebenin.com\/index.php\/2024\/06\/20\/23eme-championnat-dafrique-dathletisme-a-douala\/#article","isPartOf":{"@id":"https:\/\/lepatriotebenin.com\/index.php\/2024\/06\/20\/23eme-championnat-dafrique-dathletisme-a-douala\/"},"author":{"name":"Roland AFFANOU","@id":"https:\/\/lepatriotebenin.com\/#\/schema\/person\/4a9b67216c97d04045e01405c534c91f"},"headline":"23\u00e8me Championnat d\u2019Afrique d\u2019athl\u00e9tisme \u00e0 Douala","datePublished":"2024-06-20T14:27:03+00:00","dateModified":"2024-06-20T14:27:04+00:00","mainEntityOfPage":{"@id":"https:\/\/lepatriotebenin.com\/index.php\/2024\/06\/20\/23eme-championnat-dafrique-dathletisme-a-douala\/"},"wordCount":242,"commentCount":0,"image":{"@id":"https:\/\/lepatriotebenin.com\/index.php\/2024\/06\/20\/23eme-championnat-dafrique-dathletisme-a-douala\/#primaryimage"},"thumbnailUrl":"https:\/\/lepatriotebenin.com\/wp-content\/uploads\/2024\/06\/odile-f.jpeg","articleSection":["Sport"],"inLanguage":"fr-FR","potentialAction":[{"@type":"CommentAction","name":"Comment","target":["https:\/\/lepatriotebenin.com\/index.php\/2024\/06\/20\/23eme-championnat-dafrique-dathletisme-a-douala\/#respond"]}]},{"@type":"WebPage","@id":"https:\/\/lepatriotebenin.com\/index.php\/2024\/06\/20\/23eme-championnat-dafrique-dathletisme-a-douala\/","url":"https:\/\/lepatriotebenin.com\/index.php\/2024\/06\/20\/23eme-championnat-dafrique-dathletisme-a-douala\/","name":"23\u00e8me Championnat d\u2019Afrique d\u2019athl\u00e9tisme \u00e0 Douala - Le Patriote","isPartOf":{"@id":"https:\/\/lepatriotebenin.com\/#website"},"primaryImageOfPage":{"@id":"https:\/\/lepatriotebenin.com\/index.php\/2024\/06\/20\/23eme-championnat-dafrique-dathletisme-a-douala\/#primaryimage"},"image":{"@id":"https:\/\/lepatriotebenin.com\/index.php\/2024\/06\/20\/23eme-championnat-dafrique-dathletisme-a-douala\/#primaryimage"},"thumbnailUrl":"https:\/\/lepatriotebenin.com\/wp-content\/uploads\/2024\/06\/odile-f.jpeg","datePublished":"2024-06-20T14:27:03+00:00","dateModified":"2024-06-20T14:27:04+00:00","author":{"@id":"https:\/\/lepatriotebenin.com\/#\/schema\/person\/4a9b67216c97d04045e01405c534c91f"},"breadcrumb":{"@id":"https:\/\/lepatriotebenin.com\/index.php\/2024\/06\/20\/23eme-championnat-dafrique-dathletisme-a-douala\/#breadcrumb"},"inLanguage":"fr-FR","potentialAction":[{"@type":"ReadAction","target":["https:\/\/lepatriotebenin.com\/index.php\/2024\/06\/20\/23eme-championnat-dafrique-dathletisme-a-douala\/"]}]},{"@type":"ImageObject","inLanguage":"fr-FR","@id":"https:\/\/lepatriotebenin.com\/index.php\/2024\/06\/20\/23eme-championnat-dafrique-dathletisme-a-douala\/#primaryimage","url":"https:\/\/lepatriotebenin.com\/wp-content\/uploads\/2024\/06\/odile-f.jpeg","contentUrl":"https:\/\/lepatriotebenin.com\/wp-content\/uploads\/2024\/06\/odile-f.jpeg","width":2048,"height":1366},{"@type":"BreadcrumbList","@id":"https:\/\/lepatriotebenin.com\/index.php\/2024\/06\/20\/23eme-championnat-dafrique-dathletisme-a-douala\/#breadcrumb","itemListElement":[{"@type":"ListItem","position":1,"name":"Accueil","item":"https:\/\/lepatriotebenin.com\/"},{"@type":"ListItem","position":2,"name":"23\u00e8me Championnat d\u2019Afrique d\u2019athl\u00e9tisme \u00e0 Douala"}]},{"@type":"WebSite","@id":"https:\/\/lepatriotebenin.com\/#website","url":"https:\/\/lepatriotebenin.com\/","name":"Le Patriote","description":"Le Patriote B\u00e9nin","potentialAction":[{"@type":"SearchAction","target":{"@type":"EntryPoint","urlTemplate":"https:\/\/lepatriotebenin.com\/?s={search_term_string}"},"query-input":{"@type":"PropertyValueSpecification","valueRequired":true,"valueName":"search_term_string"}}],"inLanguage":"fr-FR"},{"@type":"Person","@id":"https:\/\/lepatriotebenin.com\/#\/schema\/person\/4a9b67216c97d04045e01405c534c91f","name":"Roland AFFANOU","image":{"@type":"ImageObject","inLanguage":"fr-FR","@id":"https:\/\/secure.gravatar.com\/avatar\/7209d3f6d2d47ea4d0c67e14d3effb61feb10ae540a4381280c66265de5bd643?s=96&d=mm&r=g","url":"https:\/\/secure.gravatar.com\/avatar\/7209d3f6d2d47ea4d0c67e14d3effb61feb10ae540a4381280c66265de5bd643?s=96&d=mm&r=g","contentUrl":"https:\/\/secure.gravatar.com\/avatar\/7209d3f6d2d47ea4d0c67e14d3effb61feb10ae540a4381280c66265de5bd643?s=96&d=mm&r=g","caption":"Roland AFFANOU"},"url":"https:\/\/lepatriotebenin.com"}]}},"_links":{"self":[{"href":"https:\/\/lepatriotebenin.com\/index.php\/wp-json\/wp\/v2\/posts\/5964","targetHints":{"allow":["GET"]}}],"collection":[{"href":"https:\/\/lepatriotebenin.com\/index.php\/wp-json\/wp\/v2\/posts"}],"about":[{"href":"https:\/\/lepatriotebenin.com\/index.php\/wp-json\/wp\/v2\/types\/post"}],"author":[{"embeddable":true,"href":"https:\/\/lepatriotebenin.com\/index.php\/wp-json\/wp\/v2\/users\/6"}],"replies":[{"embeddable":true,"href":"https:\/\/lepatriotebenin.com\/index.php\/wp-json\/wp\/v2\/comments?post=5964"}],"version-history":[{"count":1,"href":"https:\/\/lepatriotebenin.com\/index.php\/wp-json\/wp\/v2\/posts\/5964\/revisions"}],"predecessor-version":[{"id":5966,"href":"https:\/\/lepatriotebenin.com\/index.php\/wp-json\/wp\/v2\/posts\/5964\/revisions\/5966"}],"wp:featuredmedia":[{"embeddable":true,"href":"https:\/\/lepatriotebenin.com\/index.php\/wp-json\/wp\/v2\/media\/5965"}],"wp:attachment":[{"href":"https:\/\/lepatriotebenin.com\/index.php\/wp-json\/wp\/v2\/media?parent=5964"}],"wp:term":[{"taxonomy":"category","embeddable":true,"href":"https:\/\/lepatriotebenin.com\/index.php\/wp-json\/wp\/v2\/categories?post=5964"},{"taxonomy":"post_tag","embeddable":true,"href":"https:\/\/lepatriotebenin.com\/index.php\/wp-json\/wp\/v2\/tags?post=5964"}],"curies":[{"name":"wp","href":"https:\/\/api.w.org\/{rel}","templated":true}]}}