{"id":5931,"date":"2024-06-20T02:08:36","date_gmt":"2024-06-20T00:08:36","guid":{"rendered":"https:\/\/lepatriotebenin.com\/?p=5931"},"modified":"2024-06-20T15:47:14","modified_gmt":"2024-06-20T13:47:14","slug":"editorial-made-by-talon-contre-made-by-yayi","status":"publish","type":"post","link":"https:\/\/lepatriotebenin.com\/index.php\/2024\/06\/20\/editorial-made-by-talon-contre-made-by-yayi\/","title":{"rendered":"Editorial:\u00ab\u00a0Made by Talon\u00a0\u00bb contre \u00ab\u00a0made by Yayi\u00a0\u00bb"},"content":{"rendered":"\n<p>Dans les <strong>ann\u00e9es 70<\/strong>, l\u2019ic\u00f4ne et fondateur de l\u2019afrobeat <strong>Fela Anikulapo Kuti <\/strong>avait cr\u00e9\u00e9 une dr\u00f4le de r\u00e9publique&nbsp;: la <strong>\u00ab&nbsp;Kalakuta Republic&nbsp;\u00bb <\/strong>au Nig\u00e9ria. Cette r\u00e9publique n\u2019en est une que de nom. Il s\u2019agit d\u2019une simple d\u00e9nomination que l\u2019artiste, connu d\u2019ailleurs pour ses excentricit\u00e9s et son souci permanent de provocation de l\u2019appareil gouvernemental, a donn\u00e9e \u00e0 sa r\u00e9sidence situ\u00e9 \u00e0 Mushin dans la banlieue de Lagos.&nbsp; Ses relents frondeurs l\u2019avaient amen\u00e9 \u00e0 d\u00e9clarer une ind\u00e9pendance vis-\u00e0-vis du gouvernement f\u00e9d\u00e9ral du Nig\u00e9ria et \u00e0 vivre  en r\u00e9clusion. Il \u00e9tait donc dans sa <em>\u00ab&nbsp;r\u00e9publique&nbsp;\u00bb<\/em> dans la r\u00e9publique. Bien que subversive, sa conception de la r\u00e9publique dans la r\u00e9publique avait son bien-fond\u00e9 puisqu\u2019il est le r\u00e9sultat de ses frustrations de citoyen en qu\u00eate de justice. Quid de celui qui n\u2019a connu la moindre&nbsp; frustration et qui en g\u00e9n\u00e8re pour autrui&nbsp;? Chose curieuse, c\u2019est pourtant celui l\u00e0 qui cr\u00e9e une r\u00e9publique dans la r\u00e9publique.<\/p>\n\n\n\n<p>Depuis 2016, la construction des infrastructures a \u00e9t\u00e9 empreinte d\u2019une maligne intention. Elle a \u00e9t\u00e9 dans un esprit de partition r\u00e9publicaine inqui\u00e9tante. Les infrastructures ont \u00e9t\u00e9 construites pour se distinguer de celles qui existaient. C\u2019est ainsi que vous pouvez voir une nouvelle route flambant neuve se d\u00e9terminer par une vieille dans un \u00e9tat de d\u00e9labrement avanc\u00e9. Les voitures et les motos sont habitu\u00e9es \u00e0 subir les d\u00e9nivellements brusques de niveau d\u2019asphalte passant ainsi des chauss\u00e9es \u00ab&nbsp;made by Talon&nbsp;\u00bb sur les chauss\u00e9es \u00ab&nbsp;made by Yayi&nbsp;\u00bb. Les usagers ont fini, avec le temps, par s\u2019habituer aussi \u00e0 des variations de lumi\u00e8re lorsqu\u2019ils passent de ces routes fortement \u00e9lectrifi\u00e9es \u00e0 celles qui manquent du moindre \u00e9clairage. Ils voient, m\u00e9dus\u00e9s, l\u2019extr\u00eame exub\u00e9rance \u00e0 c\u00f4t\u00e9 de l\u2019extr\u00eame aust\u00e9rit\u00e9. &nbsp;Dans un premier cas, on voit des lampes align\u00e9es au d\u00e9cam\u00e8tre et les unes en face des autres dans une sorte d\u2019abondance qui frise \u00e0 la fois l\u2019abus et le gaspillage et dans le second, il n\u2019y a rien, rien d\u2019autre que les lampadaires g\u00e2t\u00e9s. Dans Cotonou et les grandes villes, on voit les brouillaminis entre rue bitum\u00e9e et non bitum\u00e9e, entre vieux pav\u00e9 et&nbsp; nouveau pav\u00e9. On voit en un mot, l\u2019ancien et le nouveau. L\u2019ancien abandonn\u00e9 clairement au profit du nouveau. Lorsqu\u2019on en vient \u00e0 toucher \u00e0 l\u2019ancien c\u2019est pour le transformer totalement et de s\u2019en approprier la nouveaut\u00e9.<\/p>\n\n\n\n<p>Tout ceci est fait \u00e0 dessein pour que les usagers notent la diff\u00e9rence entre ce qui est fait hier et ce qui est fait aujourd\u2019hui.&nbsp; C\u2019est \u00e0 peine si l\u2019id\u00e9e n\u2019avait pas travers\u00e9 les esprits des responsables d\u2019aujourd\u2019hui de mettre des murs pour s\u00e9parer ce qu\u2019ils ont construit \u00e0 prix d\u2019or de ce qui existait. S\u2019ils ne l\u2019ont pas fait c\u2019est parce que cela \u00e9tait impossible. Les intentions malignes d\u00e9nonc\u00e9es ici ne sont pas si secr\u00e8tes que \u00e7a puisque, me dira-t-on, le concepteur de la rupture aurait&nbsp; dit qu\u2019il r\u00e9alisera ses \u0153uvres \u00e0 part pour que demain, les citoyens puissent bien comparer et faire la diff\u00e9rence.<\/p>\n\n\n\n<p>Ce genre de fonctionnement qui&nbsp; dessert s\u00e9rieusement le pays r\u00e9v\u00e8le la petitesse d\u2019esprit de ceux qui en sont les concepteurs. Il prouve \u00e0 suffisance qu\u2019ils ont \u00e9t\u00e9 fa\u00e7onn\u00e9s dans des moules d\u2019\u00e9gotisme et du mercantilisme, loin des effluves de l\u2019esprit r\u00e9publicain. Car, la construction d\u2019un pays n\u2019est gu\u00e8re une affaire de \u00ab&nbsp;chacun fait pour lui&nbsp;\u00bb pour prouver sa bravoure demain. Si le pays \u00e9tait un b\u00e2timent, sa beaut\u00e9 viendra de l\u2019harmonie avec laquelle les ma\u00e7ons, bien qu\u2019ils soient nombreux et divers, arrivent \u00e0 agencer les briques. Sa beaut\u00e9 viendra du maillage r\u00e9ussi afin que l\u2019on ne remarque pas les contrastes sur les murs.&nbsp; De m\u00eame, et c\u2019est l\u00e0 l\u2019erreur, ce qui est beau et solide aujourd\u2019hui veut devenir laid et peut se d\u00e9t\u00e9riorer demain. Ce qui est vieux aujourd\u2019hui \u00e9tait neuf et attrayant hier. La R\u00e9publique est si grande et si transcendante qu\u2019elle ne peut \u00eatre l\u2019otage de ces petites intrigues pr\u00e9sidentielles. K\u00e9r\u00e9kou a forc\u00e9ment continuer et am\u00e9liorer les \u0153uvres de Soglo. Yayi a \u00e9galement poursuivi et rendu perfectible des chantiers laiss\u00e9s par K\u00e9r\u00e9kou. La R\u00e9publique se d\u00e9veloppe dans la continuit\u00e9 et la complicit\u00e9 de ses dirigeants. Et les chefs d\u2019Etat qui entrent dans l\u2019histoire en sont pas forc\u00e9ment ceux qui \u00e9rigent les plus belles infrastructures partout mais ceux qui construisent les nations et tirent leurs peuples des situations difficiles. Que cela soit pris pour dit. &nbsp;<\/p>\n","protected":false},"excerpt":{"rendered":"<p>Dans les ann\u00e9es 70, l\u2019ic\u00f4ne et fondateur de l\u2019afrobeat Fela Anikulapo Kuti avait cr\u00e9\u00e9 une dr\u00f4le de r\u00e9publique&nbsp;: la \u00ab&nbsp;Kalakuta Republic&nbsp;\u00bb au Nig\u00e9ria. Cette r\u00e9publique n\u2019en est une que de&hellip;<\/p>\n","protected":false},"author":2,"featured_media":5952,"comment_status":"open","ping_status":"open","sticky":false,"template":"","format":"standard","meta":{"content-type":"","om_disable_all_campaigns":false,"_monsterinsights_skip_tracking":false,"_monsterinsights_sitenote_active":false,"_monsterinsights_sitenote_note":"","_monsterinsights_sitenote_category":0,"_uf_show_specific_survey":0,"_uf_disable_surveys":false,"footnotes":""},"categories":[26],"tags":[],"class_list":["post-5931","post","type-post","status-publish","format-standard","has-post-thumbnail","hentry","category-politique"],"aioseo_notices":[],"yoast_head":"<!-- This site is optimized with the Yoast SEO plugin v27.5 - https:\/\/yoast.com\/product\/yoast-seo-wordpress\/ -->\n<title>Editorial:\u00ab\u00a0Made by Talon\u00a0\u00bb contre \u00ab\u00a0made by Yayi\u00a0\u00bb - Le Patriote<\/title>\n<meta name=\"robots\" content=\"index, follow, max-snippet:-1, max-image-preview:large, max-video-preview:-1\" \/>\n<link rel=\"canonical\" href=\"https:\/\/lepatriotebenin.com\/index.php\/2024\/06\/20\/editorial-made-by-talon-contre-made-by-yayi\/\" \/>\n<meta property=\"og:locale\" content=\"fr_FR\" \/>\n<meta property=\"og:type\" content=\"article\" \/>\n<meta property=\"og:title\" content=\"Editorial:\u00ab\u00a0Made by Talon\u00a0\u00bb contre \u00ab\u00a0made by Yayi\u00a0\u00bb - Le Patriote\" \/>\n<meta property=\"og:description\" content=\"Dans les ann\u00e9es 70, l\u2019ic\u00f4ne et fondateur de l\u2019afrobeat Fela Anikulapo Kuti avait cr\u00e9\u00e9 une dr\u00f4le de r\u00e9publique&nbsp;: la \u00ab&nbsp;Kalakuta Republic&nbsp;\u00bb au Nig\u00e9ria. Cette r\u00e9publique n\u2019en est une que de&hellip;\" \/>\n<meta property=\"og:url\" content=\"https:\/\/lepatriotebenin.com\/index.php\/2024\/06\/20\/editorial-made-by-talon-contre-made-by-yayi\/\" \/>\n<meta property=\"og:site_name\" content=\"Le Patriote\" \/>\n<meta property=\"article:published_time\" content=\"2024-06-20T00:08:36+00:00\" \/>\n<meta property=\"article:modified_time\" content=\"2024-06-20T13:47:14+00:00\" \/>\n<meta property=\"og:image\" content=\"https:\/\/lepatriotebenin.com\/wp-content\/uploads\/2024\/06\/talon-yayi-v.jpeg\" \/>\n\t<meta property=\"og:image:width\" content=\"1280\" \/>\n\t<meta property=\"og:image:height\" content=\"1024\" \/>\n\t<meta property=\"og:image:type\" content=\"image\/jpeg\" \/>\n<meta name=\"author\" content=\"Marcel ZOUMENOU\" \/>\n<meta name=\"twitter:card\" content=\"summary_large_image\" \/>\n<meta name=\"twitter:label1\" content=\"\u00c9crit par\" \/>\n\t<meta name=\"twitter:data1\" content=\"Marcel ZOUMENOU\" \/>\n\t<meta name=\"twitter:label2\" content=\"Dur\u00e9e de lecture estim\u00e9e\" \/>\n\t<meta name=\"twitter:data2\" content=\"4 minutes\" \/>\n<script type=\"application\/ld+json\" class=\"yoast-schema-graph\">{\"@context\":\"https:\\\/\\\/schema.org\",\"@graph\":[{\"@type\":\"Article\",\"@id\":\"https:\\\/\\\/lepatriotebenin.com\\\/index.php\\\/2024\\\/06\\\/20\\\/editorial-made-by-talon-contre-made-by-yayi\\\/#article\",\"isPartOf\":{\"@id\":\"https:\\\/\\\/lepatriotebenin.com\\\/index.php\\\/2024\\\/06\\\/20\\\/editorial-made-by-talon-contre-made-by-yayi\\\/\"},\"author\":{\"name\":\"Marcel ZOUMENOU\",\"@id\":\"https:\\\/\\\/lepatriotebenin.com\\\/#\\\/schema\\\/person\\\/bc185387219a73c6f2f8698114720c49\"},\"headline\":\"Editorial:\u00ab\u00a0Made by Talon\u00a0\u00bb contre \u00ab\u00a0made by Yayi\u00a0\u00bb\",\"datePublished\":\"2024-06-20T00:08:36+00:00\",\"dateModified\":\"2024-06-20T13:47:14+00:00\",\"mainEntityOfPage\":{\"@id\":\"https:\\\/\\\/lepatriotebenin.com\\\/index.php\\\/2024\\\/06\\\/20\\\/editorial-made-by-talon-contre-made-by-yayi\\\/\"},\"wordCount\":858,\"commentCount\":0,\"image\":{\"@id\":\"https:\\\/\\\/lepatriotebenin.com\\\/index.php\\\/2024\\\/06\\\/20\\\/editorial-made-by-talon-contre-made-by-yayi\\\/#primaryimage\"},\"thumbnailUrl\":\"https:\\\/\\\/lepatriotebenin.com\\\/wp-content\\\/uploads\\\/2024\\\/06\\\/talon-yayi-v.jpeg\",\"articleSection\":[\"Politique\"],\"inLanguage\":\"fr-FR\",\"potentialAction\":[{\"@type\":\"CommentAction\",\"name\":\"Comment\",\"target\":[\"https:\\\/\\\/lepatriotebenin.com\\\/index.php\\\/2024\\\/06\\\/20\\\/editorial-made-by-talon-contre-made-by-yayi\\\/#respond\"]}]},{\"@type\":\"WebPage\",\"@id\":\"https:\\\/\\\/lepatriotebenin.com\\\/index.php\\\/2024\\\/06\\\/20\\\/editorial-made-by-talon-contre-made-by-yayi\\\/\",\"url\":\"https:\\\/\\\/lepatriotebenin.com\\\/index.php\\\/2024\\\/06\\\/20\\\/editorial-made-by-talon-contre-made-by-yayi\\\/\",\"name\":\"Editorial:\u00ab\u00a0Made by Talon\u00a0\u00bb contre \u00ab\u00a0made by Yayi\u00a0\u00bb - Le Patriote\",\"isPartOf\":{\"@id\":\"https:\\\/\\\/lepatriotebenin.com\\\/#website\"},\"primaryImageOfPage\":{\"@id\":\"https:\\\/\\\/lepatriotebenin.com\\\/index.php\\\/2024\\\/06\\\/20\\\/editorial-made-by-talon-contre-made-by-yayi\\\/#primaryimage\"},\"image\":{\"@id\":\"https:\\\/\\\/lepatriotebenin.com\\\/index.php\\\/2024\\\/06\\\/20\\\/editorial-made-by-talon-contre-made-by-yayi\\\/#primaryimage\"},\"thumbnailUrl\":\"https:\\\/\\\/lepatriotebenin.com\\\/wp-content\\\/uploads\\\/2024\\\/06\\\/talon-yayi-v.jpeg\",\"datePublished\":\"2024-06-20T00:08:36+00:00\",\"dateModified\":\"2024-06-20T13:47:14+00:00\",\"author\":{\"@id\":\"https:\\\/\\\/lepatriotebenin.com\\\/#\\\/schema\\\/person\\\/bc185387219a73c6f2f8698114720c49\"},\"breadcrumb\":{\"@id\":\"https:\\\/\\\/lepatriotebenin.com\\\/index.php\\\/2024\\\/06\\\/20\\\/editorial-made-by-talon-contre-made-by-yayi\\\/#breadcrumb\"},\"inLanguage\":\"fr-FR\",\"potentialAction\":[{\"@type\":\"ReadAction\",\"target\":[\"https:\\\/\\\/lepatriotebenin.com\\\/index.php\\\/2024\\\/06\\\/20\\\/editorial-made-by-talon-contre-made-by-yayi\\\/\"]}]},{\"@type\":\"ImageObject\",\"inLanguage\":\"fr-FR\",\"@id\":\"https:\\\/\\\/lepatriotebenin.com\\\/index.php\\\/2024\\\/06\\\/20\\\/editorial-made-by-talon-contre-made-by-yayi\\\/#primaryimage\",\"url\":\"https:\\\/\\\/lepatriotebenin.com\\\/wp-content\\\/uploads\\\/2024\\\/06\\\/talon-yayi-v.jpeg\",\"contentUrl\":\"https:\\\/\\\/lepatriotebenin.com\\\/wp-content\\\/uploads\\\/2024\\\/06\\\/talon-yayi-v.jpeg\",\"width\":1280,\"height\":1024},{\"@type\":\"BreadcrumbList\",\"@id\":\"https:\\\/\\\/lepatriotebenin.com\\\/index.php\\\/2024\\\/06\\\/20\\\/editorial-made-by-talon-contre-made-by-yayi\\\/#breadcrumb\",\"itemListElement\":[{\"@type\":\"ListItem\",\"position\":1,\"name\":\"Accueil\",\"item\":\"https:\\\/\\\/lepatriotebenin.com\\\/\"},{\"@type\":\"ListItem\",\"position\":2,\"name\":\"Editorial:\u00ab\u00a0Made by Talon\u00a0\u00bb contre \u00ab\u00a0made by Yayi\u00a0\u00bb\"}]},{\"@type\":\"WebSite\",\"@id\":\"https:\\\/\\\/lepatriotebenin.com\\\/#website\",\"url\":\"https:\\\/\\\/lepatriotebenin.com\\\/\",\"name\":\"Le Patriote\",\"description\":\"Le Patriote B\u00e9nin\",\"potentialAction\":[{\"@type\":\"SearchAction\",\"target\":{\"@type\":\"EntryPoint\",\"urlTemplate\":\"https:\\\/\\\/lepatriotebenin.com\\\/?s={search_term_string}\"},\"query-input\":{\"@type\":\"PropertyValueSpecification\",\"valueRequired\":true,\"valueName\":\"search_term_string\"}}],\"inLanguage\":\"fr-FR\"},{\"@type\":\"Person\",\"@id\":\"https:\\\/\\\/lepatriotebenin.com\\\/#\\\/schema\\\/person\\\/bc185387219a73c6f2f8698114720c49\",\"name\":\"Marcel ZOUMENOU\",\"image\":{\"@type\":\"ImageObject\",\"inLanguage\":\"fr-FR\",\"@id\":\"https:\\\/\\\/secure.gravatar.com\\\/avatar\\\/55e60188ee1ca2050a14675489f7856c575861edc734548164d100bdb6565472?s=96&d=mm&r=g\",\"url\":\"https:\\\/\\\/secure.gravatar.com\\\/avatar\\\/55e60188ee1ca2050a14675489f7856c575861edc734548164d100bdb6565472?s=96&d=mm&r=g\",\"contentUrl\":\"https:\\\/\\\/secure.gravatar.com\\\/avatar\\\/55e60188ee1ca2050a14675489f7856c575861edc734548164d100bdb6565472?s=96&d=mm&r=g\",\"caption\":\"Marcel ZOUMENOU\"},\"url\":\"https:\\\/\\\/lepatriotebenin.com\"}]}<\/script>\n<!-- \/ Yoast SEO plugin. -->","yoast_head_json":{"title":"Editorial:\u00ab\u00a0Made by Talon\u00a0\u00bb contre \u00ab\u00a0made by Yayi\u00a0\u00bb - Le Patriote","robots":{"index":"index","follow":"follow","max-snippet":"max-snippet:-1","max-image-preview":"max-image-preview:large","max-video-preview":"max-video-preview:-1"},"canonical":"https:\/\/lepatriotebenin.com\/index.php\/2024\/06\/20\/editorial-made-by-talon-contre-made-by-yayi\/","og_locale":"fr_FR","og_type":"article","og_title":"Editorial:\u00ab\u00a0Made by Talon\u00a0\u00bb contre \u00ab\u00a0made by Yayi\u00a0\u00bb - Le Patriote","og_description":"Dans les ann\u00e9es 70, l\u2019ic\u00f4ne et fondateur de l\u2019afrobeat Fela Anikulapo Kuti avait cr\u00e9\u00e9 une dr\u00f4le de r\u00e9publique&nbsp;: la \u00ab&nbsp;Kalakuta Republic&nbsp;\u00bb au Nig\u00e9ria. Cette r\u00e9publique n\u2019en est une que de&hellip;","og_url":"https:\/\/lepatriotebenin.com\/index.php\/2024\/06\/20\/editorial-made-by-talon-contre-made-by-yayi\/","og_site_name":"Le Patriote","article_published_time":"2024-06-20T00:08:36+00:00","article_modified_time":"2024-06-20T13:47:14+00:00","og_image":[{"width":1280,"height":1024,"url":"https:\/\/lepatriotebenin.com\/wp-content\/uploads\/2024\/06\/talon-yayi-v.jpeg","type":"image\/jpeg"}],"author":"Marcel ZOUMENOU","twitter_card":"summary_large_image","twitter_misc":{"\u00c9crit par":"Marcel ZOUMENOU","Dur\u00e9e de lecture estim\u00e9e":"4 minutes"},"schema":{"@context":"https:\/\/schema.org","@graph":[{"@type":"Article","@id":"https:\/\/lepatriotebenin.com\/index.php\/2024\/06\/20\/editorial-made-by-talon-contre-made-by-yayi\/#article","isPartOf":{"@id":"https:\/\/lepatriotebenin.com\/index.php\/2024\/06\/20\/editorial-made-by-talon-contre-made-by-yayi\/"},"author":{"name":"Marcel ZOUMENOU","@id":"https:\/\/lepatriotebenin.com\/#\/schema\/person\/bc185387219a73c6f2f8698114720c49"},"headline":"Editorial:\u00ab\u00a0Made by Talon\u00a0\u00bb contre \u00ab\u00a0made by Yayi\u00a0\u00bb","datePublished":"2024-06-20T00:08:36+00:00","dateModified":"2024-06-20T13:47:14+00:00","mainEntityOfPage":{"@id":"https:\/\/lepatriotebenin.com\/index.php\/2024\/06\/20\/editorial-made-by-talon-contre-made-by-yayi\/"},"wordCount":858,"commentCount":0,"image":{"@id":"https:\/\/lepatriotebenin.com\/index.php\/2024\/06\/20\/editorial-made-by-talon-contre-made-by-yayi\/#primaryimage"},"thumbnailUrl":"https:\/\/lepatriotebenin.com\/wp-content\/uploads\/2024\/06\/talon-yayi-v.jpeg","articleSection":["Politique"],"inLanguage":"fr-FR","potentialAction":[{"@type":"CommentAction","name":"Comment","target":["https:\/\/lepatriotebenin.com\/index.php\/2024\/06\/20\/editorial-made-by-talon-contre-made-by-yayi\/#respond"]}]},{"@type":"WebPage","@id":"https:\/\/lepatriotebenin.com\/index.php\/2024\/06\/20\/editorial-made-by-talon-contre-made-by-yayi\/","url":"https:\/\/lepatriotebenin.com\/index.php\/2024\/06\/20\/editorial-made-by-talon-contre-made-by-yayi\/","name":"Editorial:\u00ab\u00a0Made by Talon\u00a0\u00bb contre \u00ab\u00a0made by Yayi\u00a0\u00bb - Le Patriote","isPartOf":{"@id":"https:\/\/lepatriotebenin.com\/#website"},"primaryImageOfPage":{"@id":"https:\/\/lepatriotebenin.com\/index.php\/2024\/06\/20\/editorial-made-by-talon-contre-made-by-yayi\/#primaryimage"},"image":{"@id":"https:\/\/lepatriotebenin.com\/index.php\/2024\/06\/20\/editorial-made-by-talon-contre-made-by-yayi\/#primaryimage"},"thumbnailUrl":"https:\/\/lepatriotebenin.com\/wp-content\/uploads\/2024\/06\/talon-yayi-v.jpeg","datePublished":"2024-06-20T00:08:36+00:00","dateModified":"2024-06-20T13:47:14+00:00","author":{"@id":"https:\/\/lepatriotebenin.com\/#\/schema\/person\/bc185387219a73c6f2f8698114720c49"},"breadcrumb":{"@id":"https:\/\/lepatriotebenin.com\/index.php\/2024\/06\/20\/editorial-made-by-talon-contre-made-by-yayi\/#breadcrumb"},"inLanguage":"fr-FR","potentialAction":[{"@type":"ReadAction","target":["https:\/\/lepatriotebenin.com\/index.php\/2024\/06\/20\/editorial-made-by-talon-contre-made-by-yayi\/"]}]},{"@type":"ImageObject","inLanguage":"fr-FR","@id":"https:\/\/lepatriotebenin.com\/index.php\/2024\/06\/20\/editorial-made-by-talon-contre-made-by-yayi\/#primaryimage","url":"https:\/\/lepatriotebenin.com\/wp-content\/uploads\/2024\/06\/talon-yayi-v.jpeg","contentUrl":"https:\/\/lepatriotebenin.com\/wp-content\/uploads\/2024\/06\/talon-yayi-v.jpeg","width":1280,"height":1024},{"@type":"BreadcrumbList","@id":"https:\/\/lepatriotebenin.com\/index.php\/2024\/06\/20\/editorial-made-by-talon-contre-made-by-yayi\/#breadcrumb","itemListElement":[{"@type":"ListItem","position":1,"name":"Accueil","item":"https:\/\/lepatriotebenin.com\/"},{"@type":"ListItem","position":2,"name":"Editorial:\u00ab\u00a0Made by Talon\u00a0\u00bb contre \u00ab\u00a0made by Yayi\u00a0\u00bb"}]},{"@type":"WebSite","@id":"https:\/\/lepatriotebenin.com\/#website","url":"https:\/\/lepatriotebenin.com\/","name":"Le Patriote","description":"Le Patriote B\u00e9nin","potentialAction":[{"@type":"SearchAction","target":{"@type":"EntryPoint","urlTemplate":"https:\/\/lepatriotebenin.com\/?s={search_term_string}"},"query-input":{"@type":"PropertyValueSpecification","valueRequired":true,"valueName":"search_term_string"}}],"inLanguage":"fr-FR"},{"@type":"Person","@id":"https:\/\/lepatriotebenin.com\/#\/schema\/person\/bc185387219a73c6f2f8698114720c49","name":"Marcel ZOUMENOU","image":{"@type":"ImageObject","inLanguage":"fr-FR","@id":"https:\/\/secure.gravatar.com\/avatar\/55e60188ee1ca2050a14675489f7856c575861edc734548164d100bdb6565472?s=96&d=mm&r=g","url":"https:\/\/secure.gravatar.com\/avatar\/55e60188ee1ca2050a14675489f7856c575861edc734548164d100bdb6565472?s=96&d=mm&r=g","contentUrl":"https:\/\/secure.gravatar.com\/avatar\/55e60188ee1ca2050a14675489f7856c575861edc734548164d100bdb6565472?s=96&d=mm&r=g","caption":"Marcel ZOUMENOU"},"url":"https:\/\/lepatriotebenin.com"}]}},"_links":{"self":[{"href":"https:\/\/lepatriotebenin.com\/index.php\/wp-json\/wp\/v2\/posts\/5931","targetHints":{"allow":["GET"]}}],"collection":[{"href":"https:\/\/lepatriotebenin.com\/index.php\/wp-json\/wp\/v2\/posts"}],"about":[{"href":"https:\/\/lepatriotebenin.com\/index.php\/wp-json\/wp\/v2\/types\/post"}],"author":[{"embeddable":true,"href":"https:\/\/lepatriotebenin.com\/index.php\/wp-json\/wp\/v2\/users\/2"}],"replies":[{"embeddable":true,"href":"https:\/\/lepatriotebenin.com\/index.php\/wp-json\/wp\/v2\/comments?post=5931"}],"version-history":[{"count":4,"href":"https:\/\/lepatriotebenin.com\/index.php\/wp-json\/wp\/v2\/posts\/5931\/revisions"}],"predecessor-version":[{"id":5954,"href":"https:\/\/lepatriotebenin.com\/index.php\/wp-json\/wp\/v2\/posts\/5931\/revisions\/5954"}],"wp:featuredmedia":[{"embeddable":true,"href":"https:\/\/lepatriotebenin.com\/index.php\/wp-json\/wp\/v2\/media\/5952"}],"wp:attachment":[{"href":"https:\/\/lepatriotebenin.com\/index.php\/wp-json\/wp\/v2\/media?parent=5931"}],"wp:term":[{"taxonomy":"category","embeddable":true,"href":"https:\/\/lepatriotebenin.com\/index.php\/wp-json\/wp\/v2\/categories?post=5931"},{"taxonomy":"post_tag","embeddable":true,"href":"https:\/\/lepatriotebenin.com\/index.php\/wp-json\/wp\/v2\/tags?post=5931"}],"curies":[{"name":"wp","href":"https:\/\/api.w.org\/{rel}","templated":true}]}}