{"id":5923,"date":"2024-06-20T01:50:49","date_gmt":"2024-06-19T23:50:49","guid":{"rendered":"https:\/\/lepatriotebenin.com\/?p=5923"},"modified":"2024-06-20T01:50:49","modified_gmt":"2024-06-19T23:50:49","slug":"obtention-du-permis-de-conduire-au-benin-richard-dada-en-guerre-contre-les-mauvaises-pratiques","status":"publish","type":"post","link":"https:\/\/lepatriotebenin.com\/index.php\/2024\/06\/20\/obtention-du-permis-de-conduire-au-benin-richard-dada-en-guerre-contre-les-mauvaises-pratiques\/","title":{"rendered":"Obtention du permis de conduire au B\u00e9nin\u00a0: Richard Dada en guerre contre les mauvaises pratiques\u00a0"},"content":{"rendered":"\n<p>\u00a0L&rsquo;Agence Nationale des Transports Terrestres (ANaTT) est pr\u00e9occup\u00e9e par la cr\u00e9dibilit\u00e9 du permis de conduire b\u00e9ninois. Pendant deux semaines,\u00a0 une\u00a0 forte\u00a0 d\u00e9l\u00e9gation conduite en personne par le Directeur G\u00e9n\u00e9ral R<strong>ichard Dada<\/strong> \u00e9tait \u00e0 la rencontre des promoteurs d&rsquo;auto-\u00e9coles et autres acteurs impliqu\u00e9s dans le processus d&rsquo;obtention du permis de conduire sur l&rsquo;ensemble du territoire b\u00e9ninois.<\/p>\n\n\n\n<p>Plusieurs d\u00e9partements ont re\u00e7u la visite de la d\u00e9l\u00e9gation de l\u2019agence. Il s\u2019agit des d\u00e9partements du Borgou, de l&rsquo;Alibori, de l&rsquo;Atacora, du Zou, des Collines, de l&rsquo;Atlantique, du Mono, de l&rsquo;Ou\u00e9m\u00e9 et du Littoral. La d\u00e9l\u00e9gation&nbsp; avec sa feuille de route bien \u00e9tablie \u00e9tait en effet all\u00e9e \u00e0 la rencontre des promoteurs d&rsquo;auto-\u00e9cole et autres acteurs du secteur des&nbsp; d\u00e9partements \u00e0 l&rsquo;int\u00e9rieur du pays&nbsp;non seulement pour mieux s&rsquo;assurer du bon d\u00e9roulement des activit\u00e9s mais surtout pour les sensibiliser sur les bonnes pratiques \u00e0 avoir. \u00c0 cet effet, le Directeur G\u00e9n\u00e9ral de l&rsquo;ANaTT, Richard Dada, a estim\u00e9 de la n\u00e9cessit\u00e9 de revoir les pratiques et de rendre plus cr\u00e9dible le syst\u00e8me afin de faire du permis de conduire, un instrument de s\u00e9curit\u00e9 plut\u00f4t qu&rsquo;un blanc seing pour des accidents mortels sur nos axes routiers. C&rsquo;\u00e9tait d&rsquo;ailleurs une occasion pour lui et sa suite de revenir sur les soup\u00e7ons de collusion malsaine entre certains promoteurs d&rsquo;auto-\u00e9cole et&nbsp; examinateurs lors des sessions du passage du permis de conduire&nbsp; dans certains centres, une pratique qui nonobstant toutes les dispositions prises a visiblement encore la peau dure par endroit. Conscients de la justesse de cette tourn\u00e9e et des objectifs qui ont milit\u00e9 \u00e0 sa tenue, le management de&nbsp; l&rsquo;ANaTT et les promoteurs de structures d\u00e9di\u00e9es \u00e0 faciliter l&rsquo;obtention du permis de conduire aux B\u00e9ninois , n&rsquo;ont pas manqu\u00e9 d&rsquo;appr\u00e9cier \u00e0 leur juste valeur, le train de r\u00e9formes engag\u00e9es dans le secteur, surtout la publication des r\u00e9sultats de l&rsquo;examen le m\u00eame jour et ont pris par la m\u00eame occasion l&rsquo;engagement de travailler de concert afin d&rsquo;aller enti\u00e8rement dans les meilleurs d\u00e9lais vers la professionnalisation du maillons de la cha\u00eene du permis de conduire au B\u00e9nin. Il a aussi \u00e9t\u00e9 not\u00e9 une mobilisation massive des promoteurs dans tous les d\u00e9partements lors du passage du DG de l&rsquo;ANaTT.&nbsp;<\/p>\n\n\n\n<p>\u00c0 l&rsquo;occasion, les titres de transport en attente\u00a0 ont \u00e9t\u00e9 restitu\u00e9s avec la promesse d&rsquo;impliquer les promoteurs des auto-\u00e9coles \u00e0 la d\u00e9livrance du permis de conduire. Ce fut aussi l&rsquo;opportunit\u00e9 pour lui de pr\u00e9senter aux participants par la voix de son Chef Service des Permis de Conduire Monsieur DEGBEY Th\u00e9ophile , le projet de mise en \u0153uvre du nouveau syst\u00e8me de permis de conduire qui apportera beaucoup d&rsquo;innovations dans la pr\u00e9paration, le suivi des apprenants et la d\u00e9livrance du permis de conduire enti\u00e8rement num\u00e9ris\u00e9. Il faut \u00e9galement pr\u00e9ciser que la lutte contre les auto-\u00e9coles clandestines est enclench\u00e9e pour que le bon grain soit s\u00e9par\u00e9 de l&rsquo;ivraie et que la s\u00e9curit\u00e9 routi\u00e8re soit d\u00e9sormais le credo de tous les\u00a0 acteurs du secteur.<\/p>\n\n\n\n<p><strong>A.Z<\/strong><\/p>\n\n\n\n<figure class=\"wp-block-image size-full\"><img fetchpriority=\"high\" decoding=\"async\" width=\"992\" height=\"832\" src=\"https:\/\/lepatriotebenin.com\/wp-content\/uploads\/2024\/06\/dada-2-v.jpeg\" alt=\"\" class=\"wp-image-5925\" srcset=\"https:\/\/lepatriotebenin.com\/wp-content\/uploads\/2024\/06\/dada-2-v.jpeg 992w, https:\/\/lepatriotebenin.com\/wp-content\/uploads\/2024\/06\/dada-2-v-300x252.jpeg 300w, https:\/\/lepatriotebenin.com\/wp-content\/uploads\/2024\/06\/dada-2-v-768x644.jpeg 768w, https:\/\/lepatriotebenin.com\/wp-content\/uploads\/2024\/06\/dada-2-v-585x491.jpeg 585w\" sizes=\"(max-width: 992px) 100vw, 992px\" \/><\/figure>\n","protected":false},"excerpt":{"rendered":"<p>\u00a0L&rsquo;Agence Nationale des Transports Terrestres (ANaTT) est pr\u00e9occup\u00e9e par la cr\u00e9dibilit\u00e9 du permis de conduire b\u00e9ninois. Pendant deux semaines,\u00a0 une\u00a0 forte\u00a0 d\u00e9l\u00e9gation conduite en personne par le Directeur G\u00e9n\u00e9ral Richard&hellip;<\/p>\n","protected":false},"author":5,"featured_media":5924,"comment_status":"open","ping_status":"open","sticky":false,"template":"","format":"standard","meta":{"content-type":"","om_disable_all_campaigns":false,"_monsterinsights_skip_tracking":false,"_monsterinsights_sitenote_active":false,"_monsterinsights_sitenote_note":"","_monsterinsights_sitenote_category":0,"_uf_show_specific_survey":0,"_uf_disable_surveys":false,"footnotes":""},"categories":[26],"tags":[],"class_list":["post-5923","post","type-post","status-publish","format-standard","has-post-thumbnail","hentry","category-politique"],"aioseo_notices":[],"yoast_head":"<!-- This site is optimized with the Yoast SEO plugin v27.5 - https:\/\/yoast.com\/product\/yoast-seo-wordpress\/ -->\n<title>Obtention du permis de conduire au B\u00e9nin\u00a0: Richard Dada en guerre contre les mauvaises pratiques\u00a0 - Le Patriote<\/title>\n<meta name=\"robots\" content=\"index, follow, max-snippet:-1, max-image-preview:large, max-video-preview:-1\" \/>\n<link rel=\"canonical\" href=\"https:\/\/lepatriotebenin.com\/index.php\/2024\/06\/20\/obtention-du-permis-de-conduire-au-benin-richard-dada-en-guerre-contre-les-mauvaises-pratiques\/\" \/>\n<meta property=\"og:locale\" content=\"fr_FR\" \/>\n<meta property=\"og:type\" content=\"article\" \/>\n<meta property=\"og:title\" content=\"Obtention du permis de conduire au B\u00e9nin\u00a0: Richard Dada en guerre contre les mauvaises pratiques\u00a0 - Le Patriote\" \/>\n<meta property=\"og:description\" content=\"\u00a0L&rsquo;Agence Nationale des Transports Terrestres (ANaTT) est pr\u00e9occup\u00e9e par la cr\u00e9dibilit\u00e9 du permis de conduire b\u00e9ninois. Pendant deux semaines,\u00a0 une\u00a0 forte\u00a0 d\u00e9l\u00e9gation conduite en personne par le Directeur G\u00e9n\u00e9ral Richard&hellip;\" \/>\n<meta property=\"og:url\" content=\"https:\/\/lepatriotebenin.com\/index.php\/2024\/06\/20\/obtention-du-permis-de-conduire-au-benin-richard-dada-en-guerre-contre-les-mauvaises-pratiques\/\" \/>\n<meta property=\"og:site_name\" content=\"Le Patriote\" \/>\n<meta property=\"article:published_time\" content=\"2024-06-19T23:50:49+00:00\" \/>\n<meta property=\"og:image\" content=\"https:\/\/lepatriotebenin.com\/wp-content\/uploads\/2024\/06\/dada-v.jpeg\" \/>\n\t<meta property=\"og:image:width\" content=\"992\" \/>\n\t<meta property=\"og:image:height\" content=\"832\" \/>\n\t<meta property=\"og:image:type\" content=\"image\/jpeg\" \/>\n<meta name=\"author\" content=\"Redaction\" \/>\n<meta name=\"twitter:card\" content=\"summary_large_image\" \/>\n<meta name=\"twitter:label1\" content=\"\u00c9crit par\" \/>\n\t<meta name=\"twitter:data1\" content=\"Redaction\" \/>\n\t<meta name=\"twitter:label2\" content=\"Dur\u00e9e de lecture estim\u00e9e\" \/>\n\t<meta name=\"twitter:data2\" content=\"3 minutes\" \/>\n<script type=\"application\/ld+json\" class=\"yoast-schema-graph\">{\"@context\":\"https:\\\/\\\/schema.org\",\"@graph\":[{\"@type\":\"Article\",\"@id\":\"https:\\\/\\\/lepatriotebenin.com\\\/index.php\\\/2024\\\/06\\\/20\\\/obtention-du-permis-de-conduire-au-benin-richard-dada-en-guerre-contre-les-mauvaises-pratiques\\\/#article\",\"isPartOf\":{\"@id\":\"https:\\\/\\\/lepatriotebenin.com\\\/index.php\\\/2024\\\/06\\\/20\\\/obtention-du-permis-de-conduire-au-benin-richard-dada-en-guerre-contre-les-mauvaises-pratiques\\\/\"},\"author\":{\"name\":\"Redaction\",\"@id\":\"https:\\\/\\\/lepatriotebenin.com\\\/#\\\/schema\\\/person\\\/2e7709b9c9cc313e452d1136af61690f\"},\"headline\":\"Obtention du permis de conduire au B\u00e9nin\u00a0: Richard Dada en guerre contre les mauvaises pratiques\u00a0\",\"datePublished\":\"2024-06-19T23:50:49+00:00\",\"mainEntityOfPage\":{\"@id\":\"https:\\\/\\\/lepatriotebenin.com\\\/index.php\\\/2024\\\/06\\\/20\\\/obtention-du-permis-de-conduire-au-benin-richard-dada-en-guerre-contre-les-mauvaises-pratiques\\\/\"},\"wordCount\":587,\"commentCount\":0,\"image\":{\"@id\":\"https:\\\/\\\/lepatriotebenin.com\\\/index.php\\\/2024\\\/06\\\/20\\\/obtention-du-permis-de-conduire-au-benin-richard-dada-en-guerre-contre-les-mauvaises-pratiques\\\/#primaryimage\"},\"thumbnailUrl\":\"https:\\\/\\\/lepatriotebenin.com\\\/wp-content\\\/uploads\\\/2024\\\/06\\\/dada-v.jpeg\",\"articleSection\":[\"Politique\"],\"inLanguage\":\"fr-FR\",\"potentialAction\":[{\"@type\":\"CommentAction\",\"name\":\"Comment\",\"target\":[\"https:\\\/\\\/lepatriotebenin.com\\\/index.php\\\/2024\\\/06\\\/20\\\/obtention-du-permis-de-conduire-au-benin-richard-dada-en-guerre-contre-les-mauvaises-pratiques\\\/#respond\"]}]},{\"@type\":\"WebPage\",\"@id\":\"https:\\\/\\\/lepatriotebenin.com\\\/index.php\\\/2024\\\/06\\\/20\\\/obtention-du-permis-de-conduire-au-benin-richard-dada-en-guerre-contre-les-mauvaises-pratiques\\\/\",\"url\":\"https:\\\/\\\/lepatriotebenin.com\\\/index.php\\\/2024\\\/06\\\/20\\\/obtention-du-permis-de-conduire-au-benin-richard-dada-en-guerre-contre-les-mauvaises-pratiques\\\/\",\"name\":\"Obtention du permis de conduire au B\u00e9nin\u00a0: Richard Dada en guerre contre les mauvaises pratiques\u00a0 - Le Patriote\",\"isPartOf\":{\"@id\":\"https:\\\/\\\/lepatriotebenin.com\\\/#website\"},\"primaryImageOfPage\":{\"@id\":\"https:\\\/\\\/lepatriotebenin.com\\\/index.php\\\/2024\\\/06\\\/20\\\/obtention-du-permis-de-conduire-au-benin-richard-dada-en-guerre-contre-les-mauvaises-pratiques\\\/#primaryimage\"},\"image\":{\"@id\":\"https:\\\/\\\/lepatriotebenin.com\\\/index.php\\\/2024\\\/06\\\/20\\\/obtention-du-permis-de-conduire-au-benin-richard-dada-en-guerre-contre-les-mauvaises-pratiques\\\/#primaryimage\"},\"thumbnailUrl\":\"https:\\\/\\\/lepatriotebenin.com\\\/wp-content\\\/uploads\\\/2024\\\/06\\\/dada-v.jpeg\",\"datePublished\":\"2024-06-19T23:50:49+00:00\",\"author\":{\"@id\":\"https:\\\/\\\/lepatriotebenin.com\\\/#\\\/schema\\\/person\\\/2e7709b9c9cc313e452d1136af61690f\"},\"breadcrumb\":{\"@id\":\"https:\\\/\\\/lepatriotebenin.com\\\/index.php\\\/2024\\\/06\\\/20\\\/obtention-du-permis-de-conduire-au-benin-richard-dada-en-guerre-contre-les-mauvaises-pratiques\\\/#breadcrumb\"},\"inLanguage\":\"fr-FR\",\"potentialAction\":[{\"@type\":\"ReadAction\",\"target\":[\"https:\\\/\\\/lepatriotebenin.com\\\/index.php\\\/2024\\\/06\\\/20\\\/obtention-du-permis-de-conduire-au-benin-richard-dada-en-guerre-contre-les-mauvaises-pratiques\\\/\"]}]},{\"@type\":\"ImageObject\",\"inLanguage\":\"fr-FR\",\"@id\":\"https:\\\/\\\/lepatriotebenin.com\\\/index.php\\\/2024\\\/06\\\/20\\\/obtention-du-permis-de-conduire-au-benin-richard-dada-en-guerre-contre-les-mauvaises-pratiques\\\/#primaryimage\",\"url\":\"https:\\\/\\\/lepatriotebenin.com\\\/wp-content\\\/uploads\\\/2024\\\/06\\\/dada-v.jpeg\",\"contentUrl\":\"https:\\\/\\\/lepatriotebenin.com\\\/wp-content\\\/uploads\\\/2024\\\/06\\\/dada-v.jpeg\",\"width\":992,\"height\":832},{\"@type\":\"BreadcrumbList\",\"@id\":\"https:\\\/\\\/lepatriotebenin.com\\\/index.php\\\/2024\\\/06\\\/20\\\/obtention-du-permis-de-conduire-au-benin-richard-dada-en-guerre-contre-les-mauvaises-pratiques\\\/#breadcrumb\",\"itemListElement\":[{\"@type\":\"ListItem\",\"position\":1,\"name\":\"Accueil\",\"item\":\"https:\\\/\\\/lepatriotebenin.com\\\/\"},{\"@type\":\"ListItem\",\"position\":2,\"name\":\"Obtention du permis de conduire au B\u00e9nin\u00a0: Richard Dada en guerre contre les mauvaises pratiques\u00a0\"}]},{\"@type\":\"WebSite\",\"@id\":\"https:\\\/\\\/lepatriotebenin.com\\\/#website\",\"url\":\"https:\\\/\\\/lepatriotebenin.com\\\/\",\"name\":\"Le Patriote\",\"description\":\"Le Patriote B\u00e9nin\",\"potentialAction\":[{\"@type\":\"SearchAction\",\"target\":{\"@type\":\"EntryPoint\",\"urlTemplate\":\"https:\\\/\\\/lepatriotebenin.com\\\/?s={search_term_string}\"},\"query-input\":{\"@type\":\"PropertyValueSpecification\",\"valueRequired\":true,\"valueName\":\"search_term_string\"}}],\"inLanguage\":\"fr-FR\"},{\"@type\":\"Person\",\"@id\":\"https:\\\/\\\/lepatriotebenin.com\\\/#\\\/schema\\\/person\\\/2e7709b9c9cc313e452d1136af61690f\",\"name\":\"Redaction\",\"image\":{\"@type\":\"ImageObject\",\"inLanguage\":\"fr-FR\",\"@id\":\"https:\\\/\\\/secure.gravatar.com\\\/avatar\\\/c4c509357859ea2ca2cbb6d8812898a73e4ef1ef9934c2e591d7e32face734d1?s=96&d=mm&r=g\",\"url\":\"https:\\\/\\\/secure.gravatar.com\\\/avatar\\\/c4c509357859ea2ca2cbb6d8812898a73e4ef1ef9934c2e591d7e32face734d1?s=96&d=mm&r=g\",\"contentUrl\":\"https:\\\/\\\/secure.gravatar.com\\\/avatar\\\/c4c509357859ea2ca2cbb6d8812898a73e4ef1ef9934c2e591d7e32face734d1?s=96&d=mm&r=g\",\"caption\":\"Redaction\"},\"url\":\"https:\\\/\\\/lepatriotebenin.com\"}]}<\/script>\n<!-- \/ Yoast SEO plugin. -->","yoast_head_json":{"title":"Obtention du permis de conduire au B\u00e9nin\u00a0: Richard Dada en guerre contre les mauvaises pratiques\u00a0 - Le Patriote","robots":{"index":"index","follow":"follow","max-snippet":"max-snippet:-1","max-image-preview":"max-image-preview:large","max-video-preview":"max-video-preview:-1"},"canonical":"https:\/\/lepatriotebenin.com\/index.php\/2024\/06\/20\/obtention-du-permis-de-conduire-au-benin-richard-dada-en-guerre-contre-les-mauvaises-pratiques\/","og_locale":"fr_FR","og_type":"article","og_title":"Obtention du permis de conduire au B\u00e9nin\u00a0: Richard Dada en guerre contre les mauvaises pratiques\u00a0 - Le Patriote","og_description":"\u00a0L&rsquo;Agence Nationale des Transports Terrestres (ANaTT) est pr\u00e9occup\u00e9e par la cr\u00e9dibilit\u00e9 du permis de conduire b\u00e9ninois. Pendant deux semaines,\u00a0 une\u00a0 forte\u00a0 d\u00e9l\u00e9gation conduite en personne par le Directeur G\u00e9n\u00e9ral Richard&hellip;","og_url":"https:\/\/lepatriotebenin.com\/index.php\/2024\/06\/20\/obtention-du-permis-de-conduire-au-benin-richard-dada-en-guerre-contre-les-mauvaises-pratiques\/","og_site_name":"Le Patriote","article_published_time":"2024-06-19T23:50:49+00:00","og_image":[{"width":992,"height":832,"url":"https:\/\/lepatriotebenin.com\/wp-content\/uploads\/2024\/06\/dada-v.jpeg","type":"image\/jpeg"}],"author":"Redaction","twitter_card":"summary_large_image","twitter_misc":{"\u00c9crit par":"Redaction","Dur\u00e9e de lecture estim\u00e9e":"3 minutes"},"schema":{"@context":"https:\/\/schema.org","@graph":[{"@type":"Article","@id":"https:\/\/lepatriotebenin.com\/index.php\/2024\/06\/20\/obtention-du-permis-de-conduire-au-benin-richard-dada-en-guerre-contre-les-mauvaises-pratiques\/#article","isPartOf":{"@id":"https:\/\/lepatriotebenin.com\/index.php\/2024\/06\/20\/obtention-du-permis-de-conduire-au-benin-richard-dada-en-guerre-contre-les-mauvaises-pratiques\/"},"author":{"name":"Redaction","@id":"https:\/\/lepatriotebenin.com\/#\/schema\/person\/2e7709b9c9cc313e452d1136af61690f"},"headline":"Obtention du permis de conduire au B\u00e9nin\u00a0: Richard Dada en guerre contre les mauvaises pratiques\u00a0","datePublished":"2024-06-19T23:50:49+00:00","mainEntityOfPage":{"@id":"https:\/\/lepatriotebenin.com\/index.php\/2024\/06\/20\/obtention-du-permis-de-conduire-au-benin-richard-dada-en-guerre-contre-les-mauvaises-pratiques\/"},"wordCount":587,"commentCount":0,"image":{"@id":"https:\/\/lepatriotebenin.com\/index.php\/2024\/06\/20\/obtention-du-permis-de-conduire-au-benin-richard-dada-en-guerre-contre-les-mauvaises-pratiques\/#primaryimage"},"thumbnailUrl":"https:\/\/lepatriotebenin.com\/wp-content\/uploads\/2024\/06\/dada-v.jpeg","articleSection":["Politique"],"inLanguage":"fr-FR","potentialAction":[{"@type":"CommentAction","name":"Comment","target":["https:\/\/lepatriotebenin.com\/index.php\/2024\/06\/20\/obtention-du-permis-de-conduire-au-benin-richard-dada-en-guerre-contre-les-mauvaises-pratiques\/#respond"]}]},{"@type":"WebPage","@id":"https:\/\/lepatriotebenin.com\/index.php\/2024\/06\/20\/obtention-du-permis-de-conduire-au-benin-richard-dada-en-guerre-contre-les-mauvaises-pratiques\/","url":"https:\/\/lepatriotebenin.com\/index.php\/2024\/06\/20\/obtention-du-permis-de-conduire-au-benin-richard-dada-en-guerre-contre-les-mauvaises-pratiques\/","name":"Obtention du permis de conduire au B\u00e9nin\u00a0: Richard Dada en guerre contre les mauvaises pratiques\u00a0 - Le Patriote","isPartOf":{"@id":"https:\/\/lepatriotebenin.com\/#website"},"primaryImageOfPage":{"@id":"https:\/\/lepatriotebenin.com\/index.php\/2024\/06\/20\/obtention-du-permis-de-conduire-au-benin-richard-dada-en-guerre-contre-les-mauvaises-pratiques\/#primaryimage"},"image":{"@id":"https:\/\/lepatriotebenin.com\/index.php\/2024\/06\/20\/obtention-du-permis-de-conduire-au-benin-richard-dada-en-guerre-contre-les-mauvaises-pratiques\/#primaryimage"},"thumbnailUrl":"https:\/\/lepatriotebenin.com\/wp-content\/uploads\/2024\/06\/dada-v.jpeg","datePublished":"2024-06-19T23:50:49+00:00","author":{"@id":"https:\/\/lepatriotebenin.com\/#\/schema\/person\/2e7709b9c9cc313e452d1136af61690f"},"breadcrumb":{"@id":"https:\/\/lepatriotebenin.com\/index.php\/2024\/06\/20\/obtention-du-permis-de-conduire-au-benin-richard-dada-en-guerre-contre-les-mauvaises-pratiques\/#breadcrumb"},"inLanguage":"fr-FR","potentialAction":[{"@type":"ReadAction","target":["https:\/\/lepatriotebenin.com\/index.php\/2024\/06\/20\/obtention-du-permis-de-conduire-au-benin-richard-dada-en-guerre-contre-les-mauvaises-pratiques\/"]}]},{"@type":"ImageObject","inLanguage":"fr-FR","@id":"https:\/\/lepatriotebenin.com\/index.php\/2024\/06\/20\/obtention-du-permis-de-conduire-au-benin-richard-dada-en-guerre-contre-les-mauvaises-pratiques\/#primaryimage","url":"https:\/\/lepatriotebenin.com\/wp-content\/uploads\/2024\/06\/dada-v.jpeg","contentUrl":"https:\/\/lepatriotebenin.com\/wp-content\/uploads\/2024\/06\/dada-v.jpeg","width":992,"height":832},{"@type":"BreadcrumbList","@id":"https:\/\/lepatriotebenin.com\/index.php\/2024\/06\/20\/obtention-du-permis-de-conduire-au-benin-richard-dada-en-guerre-contre-les-mauvaises-pratiques\/#breadcrumb","itemListElement":[{"@type":"ListItem","position":1,"name":"Accueil","item":"https:\/\/lepatriotebenin.com\/"},{"@type":"ListItem","position":2,"name":"Obtention du permis de conduire au B\u00e9nin\u00a0: Richard Dada en guerre contre les mauvaises pratiques\u00a0"}]},{"@type":"WebSite","@id":"https:\/\/lepatriotebenin.com\/#website","url":"https:\/\/lepatriotebenin.com\/","name":"Le Patriote","description":"Le Patriote B\u00e9nin","potentialAction":[{"@type":"SearchAction","target":{"@type":"EntryPoint","urlTemplate":"https:\/\/lepatriotebenin.com\/?s={search_term_string}"},"query-input":{"@type":"PropertyValueSpecification","valueRequired":true,"valueName":"search_term_string"}}],"inLanguage":"fr-FR"},{"@type":"Person","@id":"https:\/\/lepatriotebenin.com\/#\/schema\/person\/2e7709b9c9cc313e452d1136af61690f","name":"Redaction","image":{"@type":"ImageObject","inLanguage":"fr-FR","@id":"https:\/\/secure.gravatar.com\/avatar\/c4c509357859ea2ca2cbb6d8812898a73e4ef1ef9934c2e591d7e32face734d1?s=96&d=mm&r=g","url":"https:\/\/secure.gravatar.com\/avatar\/c4c509357859ea2ca2cbb6d8812898a73e4ef1ef9934c2e591d7e32face734d1?s=96&d=mm&r=g","contentUrl":"https:\/\/secure.gravatar.com\/avatar\/c4c509357859ea2ca2cbb6d8812898a73e4ef1ef9934c2e591d7e32face734d1?s=96&d=mm&r=g","caption":"Redaction"},"url":"https:\/\/lepatriotebenin.com"}]}},"_links":{"self":[{"href":"https:\/\/lepatriotebenin.com\/index.php\/wp-json\/wp\/v2\/posts\/5923","targetHints":{"allow":["GET"]}}],"collection":[{"href":"https:\/\/lepatriotebenin.com\/index.php\/wp-json\/wp\/v2\/posts"}],"about":[{"href":"https:\/\/lepatriotebenin.com\/index.php\/wp-json\/wp\/v2\/types\/post"}],"author":[{"embeddable":true,"href":"https:\/\/lepatriotebenin.com\/index.php\/wp-json\/wp\/v2\/users\/5"}],"replies":[{"embeddable":true,"href":"https:\/\/lepatriotebenin.com\/index.php\/wp-json\/wp\/v2\/comments?post=5923"}],"version-history":[{"count":1,"href":"https:\/\/lepatriotebenin.com\/index.php\/wp-json\/wp\/v2\/posts\/5923\/revisions"}],"predecessor-version":[{"id":5926,"href":"https:\/\/lepatriotebenin.com\/index.php\/wp-json\/wp\/v2\/posts\/5923\/revisions\/5926"}],"wp:featuredmedia":[{"embeddable":true,"href":"https:\/\/lepatriotebenin.com\/index.php\/wp-json\/wp\/v2\/media\/5924"}],"wp:attachment":[{"href":"https:\/\/lepatriotebenin.com\/index.php\/wp-json\/wp\/v2\/media?parent=5923"}],"wp:term":[{"taxonomy":"category","embeddable":true,"href":"https:\/\/lepatriotebenin.com\/index.php\/wp-json\/wp\/v2\/categories?post=5923"},{"taxonomy":"post_tag","embeddable":true,"href":"https:\/\/lepatriotebenin.com\/index.php\/wp-json\/wp\/v2\/tags?post=5923"}],"curies":[{"name":"wp","href":"https:\/\/api.w.org\/{rel}","templated":true}]}}