{"id":5880,"date":"2024-06-17T20:03:11","date_gmt":"2024-06-17T18:03:11","guid":{"rendered":"https:\/\/lepatriotebenin.com\/?p=5880"},"modified":"2024-06-18T17:15:49","modified_gmt":"2024-06-18T15:15:49","slug":"benin-le-parti-les-democrates-depose-un-recours-contre-la-vice-presidente-de-la-republique","status":"publish","type":"post","link":"https:\/\/lepatriotebenin.com\/index.php\/2024\/06\/17\/benin-le-parti-les-democrates-depose-un-recours-contre-la-vice-presidente-de-la-republique\/","title":{"rendered":"B\u00e9nin : Le parti Les d\u00e9mocrates d\u00e9pose un recours contre la Vice pr\u00e9sidente de la R\u00e9publique"},"content":{"rendered":"\n<p>Chose promise chose due.&nbsp; Le parti d&rsquo;opposition Les d\u00e9mocrates vient d&rsquo;introduire, ce <strong>lundi 17 juin 2024<\/strong>, \u00e0 la Cour constitutionnelle du B\u00e9nin, un recours  en inconstitutionnalit\u00e9 contre la Vice pr\u00e9sidente de la R\u00e9publique, <strong>Mariam Chabi Talata.<\/strong> Dans son recours, dont la r\u00e9daction de votre journal a eu copie, le parti reproche au num\u00e9ro 2 b\u00e9ninois d&rsquo;avoir tenu des propos \u00ab <em>attentatoire \u00e0 la d\u00e9mocratie <\/em>\u00bb. Il fait ainsi allusion \u00e0 de r\u00e9centes d\u00e9clarations faites par cette derni\u00e8re \u00e0 <strong>Allada,<\/strong> lors de la tourn\u00e9e gouvernementale de reddition de compte.<\/p>\n\n\n\n<p>La Vice pr\u00e9sidente de la R\u00e9publique du B\u00e9nin a dans ses propos d\u00e9clar\u00e9s : \u00ab <em>J\u2019ai beaucoup appr\u00e9ci\u00e9 l\u2019intervention de la femme qui est \u00e0 c\u00f4t\u00e9 et qui a dit qu\u2019au niveau d\u2019 Allada , il vous manque&nbsp; de routes. Vous n\u2019en avez pas &nbsp;suffisamment mais elle a ajout\u00e9 quelque chose . Si Talon ne fait pas cette route &nbsp;&nbsp;&nbsp;s\u2019il le faut, on va le ramener pour un 3\u00e8me mandat &#8230;Cela veut dire qu\u2019elle sait qu\u2019en dehors de Talon et de son \u00e9quipe au B\u00e9nin, c\u2019est rare de trouver des b\u00e2tisseurs. Que si vous voulez des routes au B\u00e9nin, si vous voulez des \u00e9coles, si vous voulez que la dynamique en cours se poursuive, il faut des gens comme Talon, des gens de l\u2019\u00e9quipe de Talon. Autrement, poursuit-elle, vous aurez quoi ? Ce qu\u2019on a toujours eu : la politisation \u00e0 outrance de tout \u00bb<\/em> . Cette d\u00e9claration de Mariam Chabi Talata a &nbsp;suscit\u00e9 la possibilit\u00e9 d&rsquo;un troisi\u00e8me mandat au pr\u00e9sident Patrice Talon et&nbsp; un &nbsp;recours&nbsp; du Secr\u00e9taire national \u00e0 la communication du parti Les&nbsp; D\u00e9mocrates Dr <strong>Guy Dossou Mitokp\u00e8&nbsp; <\/strong>assist\u00e9&nbsp; de l\u2019 avocat &nbsp;de la plus grande formation politique de l\u2019 opposition, Ma\u00eetre <strong>Renaud Vignil\u00e9 Agbodjo.<\/strong><\/p>\n\n\n\n<p>&nbsp;Dans ses arguments, le requ\u00e9rant a laiss\u00e9 &nbsp;entendre entre autres que <em>\u00ab cette d\u00e9claration de la vice-pr\u00e9sidente s\u2019entrevoit comme une apologie manifeste d\u2019un 3\u00e8me mandat anticonstitutionnel au sens de l<strong>\u2019article 42 nouveau <\/strong>de la loi N\u00b02019-40 du 07 Novembre 2019 portant r\u00e9vision de la loi N\u00b090-32 du 11 D\u00e9cembre 1990 portant Constitution de la R\u00e9publique du B\u00e9nin qui dispose : \u00ab <strong>le pr\u00e9sident de la R\u00e9publique est \u00e9lu au suffrage universel direct, pour un mandat de cinq ans, renouvelable une seule fois<\/strong>. <strong>En aucun cas, nul ne peut, de sa vie, exercer plus de deux mandats de pr\u00e9sident de la R\u00e9publique <\/strong>\u00bb. \u00ab<\/em> <em>Il r\u00e9sulte de ces dispositions constitutionnelles que la d\u00e9claration de la vice-pr\u00e9sidente en appui \u00e0 l\u2019avis d\u2019une citoyenne est contraire \u00e0 la constitution, car la constitution du B\u00e9nin limite au maximum \u00e0 deux (02) le nombre de mandats pr\u00e9sidentiels en R\u00e9publique du B\u00e9nin\u00bb a<\/em> indiqu\u00e9 Dr Guy Dossou Mitokp\u00e8<em> &nbsp;avant de souligner &nbsp;: \u00ab Une telle d\u00e9claration venant de la vice-pr\u00e9sidente, une figure aussi importante du pays qui devrait incarner l\u2019adh\u00e9sion scrupuleuse \u00e0 l\u2019ordre constitutionnel en vigueur au B\u00e9nin, est une menace directe \u00e0 la d\u00e9mocratie et \u00e0 l\u2019int\u00e9grit\u00e9 constitutionnelle du B\u00e9nin, jadis une r\u00e9f\u00e9rence en d\u00e9mocratie au regard de son attachement aux valeurs et principes d\u00e9mocratiques\u00bb.<\/em><\/p>\n\n\n\n<p><em>&nbsp;Le Secr\u00e9taire national \u00e0 la Communication du parti Les D\u00e9mocrates a d\u00e9clar\u00e9 que la<\/em> vice-pr\u00e9sidente a non seulement viol\u00e9 les dispositions de <strong>l\u2019article 42 nouveau<\/strong> de la constitution pr\u00e9cit\u00e9, mais \u00e9galement les dispositions de l\u2019article 34 de la constitution du 11 d\u00e9cembre 1990 qui pr\u00e9cisent : \u00ab <em>tout citoyen b\u00e9ninois, civil ou militaire, a le devoir sacr\u00e9 de respecter, en toutes circonstances, la Constitution et l\u2019ordre constitutionnel \u00e9tabli ainsi que les lois et r\u00e8glements de la R\u00e9publique<\/em> \u00bb &nbsp;et&nbsp; qu\u201d au surplus, <strong>l\u2019article 23<\/strong> de la constitution du <strong>11 d\u00e9cembre 1990<\/strong> pr\u00e9cise : <em>\u00ab toute personne a droit \u00e0 la libert\u00e9 de pens\u00e9e, de conscience de religion, de culte, d&rsquo;opinion et d&rsquo;expression, dans le respect de l\u2019ordre public \u00e9tabli par la loi et les r\u00e8glements<\/em> \u00bb et qu&rsquo; \u00ab\u00a0\u00e9voquant l\u2019\u00e9ventualit\u00e9 d\u2019un troisi\u00e8me mandat pour le pr\u00e9sident Patrice Talon dont la fin de son second mandat et dernier mandat constitutionnel est pour le<strong> 23 mai 2026,<\/strong> la vice pr\u00e9sidente a non seulement viol\u00e9 les dispositions de l\u2019article 42 nouveau de la constitution pr\u00e9cit\u00e9, mais \u00e9galement les dispositions de <strong>l\u2019article 34 <\/strong>de la constitution du 11 d\u00e9cembre 1990 qui pr\u00e9cisent : \u00ab<strong> <\/strong><em>tout citoyen b\u00e9ninois, civil ou militaire, a le devoir sacr\u00e9 de respecter, en toutes circonstances, la Constitution et l\u2019ordre constitutionnel \u00e9tabli ainsi que les lois et r\u00e8glements de la R\u00e9publique<\/em> \u00bb \u00ab\u00a0.<\/p>\n\n\n\n<p>&nbsp;Pour Dr Guy Dossou Mitokp\u00e8, la vice-pr\u00e9sidente, Mariam ChabI Talata a viol\u00e9 les dispositions des articles <strong>23, 34 et 42<\/strong> de la constitution \u201cen faisant l\u2019apologie d\u2019un \u00e9ventuel 3\u00e8me mandat anticonstitutionnel pour le pr\u00e9sident Patrice Talon presqu\u2019en fin de son second et dernier mandat constitutionnel\u201d. &nbsp;C\u2019est pour cela que le Secr\u00e9taire national \u00e0 la Communication du parti Les D\u00e9mocrates a demand\u00e9 \u00e0 la Cour constitutionnelle \u201c<em>de d\u00e9clarer contraires \u00e0 la Constitution, les propos tenus par madame la vice-pr\u00e9sidente, Mariam CHABI TALATA \u00e0 Allada le 25 mai 2024<\/em>\u201d.<\/p>\n","protected":false},"excerpt":{"rendered":"<p>Chose promise chose due.&nbsp; Le parti d&rsquo;opposition Les d\u00e9mocrates vient d&rsquo;introduire, ce lundi 17 juin 2024, \u00e0 la Cour constitutionnelle du B\u00e9nin, un recours en inconstitutionnalit\u00e9 contre la Vice pr\u00e9sidente&hellip;<\/p>\n","protected":false},"author":6,"featured_media":5903,"comment_status":"open","ping_status":"open","sticky":false,"template":"","format":"standard","meta":{"content-type":"","om_disable_all_campaigns":false,"_monsterinsights_skip_tracking":false,"_monsterinsights_sitenote_active":false,"_monsterinsights_sitenote_note":"","_monsterinsights_sitenote_category":0,"_uf_show_specific_survey":0,"_uf_disable_surveys":false,"footnotes":""},"categories":[26],"tags":[],"class_list":["post-5880","post","type-post","status-publish","format-standard","has-post-thumbnail","hentry","category-politique"],"aioseo_notices":[],"yoast_head":"<!-- This site is optimized with the Yoast SEO plugin v27.5 - https:\/\/yoast.com\/product\/yoast-seo-wordpress\/ -->\n<title>B\u00e9nin : Le parti Les d\u00e9mocrates d\u00e9pose un recours contre la Vice pr\u00e9sidente de la R\u00e9publique - Le Patriote<\/title>\n<meta name=\"robots\" content=\"index, follow, max-snippet:-1, max-image-preview:large, max-video-preview:-1\" \/>\n<link rel=\"canonical\" href=\"https:\/\/lepatriotebenin.com\/index.php\/2024\/06\/17\/benin-le-parti-les-democrates-depose-un-recours-contre-la-vice-presidente-de-la-republique\/\" \/>\n<meta property=\"og:locale\" content=\"fr_FR\" \/>\n<meta property=\"og:type\" content=\"article\" \/>\n<meta property=\"og:title\" content=\"B\u00e9nin : Le parti Les d\u00e9mocrates d\u00e9pose un recours contre la Vice pr\u00e9sidente de la R\u00e9publique - Le Patriote\" \/>\n<meta property=\"og:description\" content=\"Chose promise chose due.&nbsp; Le parti d&rsquo;opposition Les d\u00e9mocrates vient d&rsquo;introduire, ce lundi 17 juin 2024, \u00e0 la Cour constitutionnelle du B\u00e9nin, un recours en inconstitutionnalit\u00e9 contre la Vice pr\u00e9sidente&hellip;\" \/>\n<meta property=\"og:url\" content=\"https:\/\/lepatriotebenin.com\/index.php\/2024\/06\/17\/benin-le-parti-les-democrates-depose-un-recours-contre-la-vice-presidente-de-la-republique\/\" \/>\n<meta property=\"og:site_name\" content=\"Le Patriote\" \/>\n<meta property=\"article:published_time\" content=\"2024-06-17T18:03:11+00:00\" \/>\n<meta property=\"article:modified_time\" content=\"2024-06-18T15:15:49+00:00\" \/>\n<meta property=\"og:image\" content=\"https:\/\/lepatriotebenin.com\/wp-content\/uploads\/2024\/06\/mitokpe-v.jpeg\" \/>\n\t<meta property=\"og:image:width\" content=\"719\" \/>\n\t<meta property=\"og:image:height\" content=\"1080\" \/>\n\t<meta property=\"og:image:type\" content=\"image\/jpeg\" \/>\n<meta name=\"author\" content=\"Roland AFFANOU\" \/>\n<meta name=\"twitter:card\" content=\"summary_large_image\" \/>\n<meta name=\"twitter:label1\" content=\"\u00c9crit par\" \/>\n\t<meta name=\"twitter:data1\" content=\"Roland AFFANOU\" \/>\n\t<meta name=\"twitter:label2\" content=\"Dur\u00e9e de lecture estim\u00e9e\" \/>\n\t<meta name=\"twitter:data2\" content=\"4 minutes\" \/>\n<script type=\"application\/ld+json\" class=\"yoast-schema-graph\">{\"@context\":\"https:\\\/\\\/schema.org\",\"@graph\":[{\"@type\":\"Article\",\"@id\":\"https:\\\/\\\/lepatriotebenin.com\\\/index.php\\\/2024\\\/06\\\/17\\\/benin-le-parti-les-democrates-depose-un-recours-contre-la-vice-presidente-de-la-republique\\\/#article\",\"isPartOf\":{\"@id\":\"https:\\\/\\\/lepatriotebenin.com\\\/index.php\\\/2024\\\/06\\\/17\\\/benin-le-parti-les-democrates-depose-un-recours-contre-la-vice-presidente-de-la-republique\\\/\"},\"author\":{\"name\":\"Roland AFFANOU\",\"@id\":\"https:\\\/\\\/lepatriotebenin.com\\\/#\\\/schema\\\/person\\\/4a9b67216c97d04045e01405c534c91f\"},\"headline\":\"B\u00e9nin : Le parti Les d\u00e9mocrates d\u00e9pose un recours contre la Vice pr\u00e9sidente de la R\u00e9publique\",\"datePublished\":\"2024-06-17T18:03:11+00:00\",\"dateModified\":\"2024-06-18T15:15:49+00:00\",\"mainEntityOfPage\":{\"@id\":\"https:\\\/\\\/lepatriotebenin.com\\\/index.php\\\/2024\\\/06\\\/17\\\/benin-le-parti-les-democrates-depose-un-recours-contre-la-vice-presidente-de-la-republique\\\/\"},\"wordCount\":900,\"commentCount\":1,\"image\":{\"@id\":\"https:\\\/\\\/lepatriotebenin.com\\\/index.php\\\/2024\\\/06\\\/17\\\/benin-le-parti-les-democrates-depose-un-recours-contre-la-vice-presidente-de-la-republique\\\/#primaryimage\"},\"thumbnailUrl\":\"https:\\\/\\\/lepatriotebenin.com\\\/wp-content\\\/uploads\\\/2024\\\/06\\\/mitokpe-v.jpeg\",\"articleSection\":[\"Politique\"],\"inLanguage\":\"fr-FR\",\"potentialAction\":[{\"@type\":\"CommentAction\",\"name\":\"Comment\",\"target\":[\"https:\\\/\\\/lepatriotebenin.com\\\/index.php\\\/2024\\\/06\\\/17\\\/benin-le-parti-les-democrates-depose-un-recours-contre-la-vice-presidente-de-la-republique\\\/#respond\"]}]},{\"@type\":\"WebPage\",\"@id\":\"https:\\\/\\\/lepatriotebenin.com\\\/index.php\\\/2024\\\/06\\\/17\\\/benin-le-parti-les-democrates-depose-un-recours-contre-la-vice-presidente-de-la-republique\\\/\",\"url\":\"https:\\\/\\\/lepatriotebenin.com\\\/index.php\\\/2024\\\/06\\\/17\\\/benin-le-parti-les-democrates-depose-un-recours-contre-la-vice-presidente-de-la-republique\\\/\",\"name\":\"B\u00e9nin : Le parti Les d\u00e9mocrates d\u00e9pose un recours contre la Vice pr\u00e9sidente de la R\u00e9publique - Le Patriote\",\"isPartOf\":{\"@id\":\"https:\\\/\\\/lepatriotebenin.com\\\/#website\"},\"primaryImageOfPage\":{\"@id\":\"https:\\\/\\\/lepatriotebenin.com\\\/index.php\\\/2024\\\/06\\\/17\\\/benin-le-parti-les-democrates-depose-un-recours-contre-la-vice-presidente-de-la-republique\\\/#primaryimage\"},\"image\":{\"@id\":\"https:\\\/\\\/lepatriotebenin.com\\\/index.php\\\/2024\\\/06\\\/17\\\/benin-le-parti-les-democrates-depose-un-recours-contre-la-vice-presidente-de-la-republique\\\/#primaryimage\"},\"thumbnailUrl\":\"https:\\\/\\\/lepatriotebenin.com\\\/wp-content\\\/uploads\\\/2024\\\/06\\\/mitokpe-v.jpeg\",\"datePublished\":\"2024-06-17T18:03:11+00:00\",\"dateModified\":\"2024-06-18T15:15:49+00:00\",\"author\":{\"@id\":\"https:\\\/\\\/lepatriotebenin.com\\\/#\\\/schema\\\/person\\\/4a9b67216c97d04045e01405c534c91f\"},\"breadcrumb\":{\"@id\":\"https:\\\/\\\/lepatriotebenin.com\\\/index.php\\\/2024\\\/06\\\/17\\\/benin-le-parti-les-democrates-depose-un-recours-contre-la-vice-presidente-de-la-republique\\\/#breadcrumb\"},\"inLanguage\":\"fr-FR\",\"potentialAction\":[{\"@type\":\"ReadAction\",\"target\":[\"https:\\\/\\\/lepatriotebenin.com\\\/index.php\\\/2024\\\/06\\\/17\\\/benin-le-parti-les-democrates-depose-un-recours-contre-la-vice-presidente-de-la-republique\\\/\"]}]},{\"@type\":\"ImageObject\",\"inLanguage\":\"fr-FR\",\"@id\":\"https:\\\/\\\/lepatriotebenin.com\\\/index.php\\\/2024\\\/06\\\/17\\\/benin-le-parti-les-democrates-depose-un-recours-contre-la-vice-presidente-de-la-republique\\\/#primaryimage\",\"url\":\"https:\\\/\\\/lepatriotebenin.com\\\/wp-content\\\/uploads\\\/2024\\\/06\\\/mitokpe-v.jpeg\",\"contentUrl\":\"https:\\\/\\\/lepatriotebenin.com\\\/wp-content\\\/uploads\\\/2024\\\/06\\\/mitokpe-v.jpeg\",\"width\":719,\"height\":1080},{\"@type\":\"BreadcrumbList\",\"@id\":\"https:\\\/\\\/lepatriotebenin.com\\\/index.php\\\/2024\\\/06\\\/17\\\/benin-le-parti-les-democrates-depose-un-recours-contre-la-vice-presidente-de-la-republique\\\/#breadcrumb\",\"itemListElement\":[{\"@type\":\"ListItem\",\"position\":1,\"name\":\"Accueil\",\"item\":\"https:\\\/\\\/lepatriotebenin.com\\\/\"},{\"@type\":\"ListItem\",\"position\":2,\"name\":\"B\u00e9nin : Le parti Les d\u00e9mocrates d\u00e9pose un recours contre la Vice pr\u00e9sidente de la R\u00e9publique\"}]},{\"@type\":\"WebSite\",\"@id\":\"https:\\\/\\\/lepatriotebenin.com\\\/#website\",\"url\":\"https:\\\/\\\/lepatriotebenin.com\\\/\",\"name\":\"Le Patriote\",\"description\":\"Le Patriote B\u00e9nin\",\"potentialAction\":[{\"@type\":\"SearchAction\",\"target\":{\"@type\":\"EntryPoint\",\"urlTemplate\":\"https:\\\/\\\/lepatriotebenin.com\\\/?s={search_term_string}\"},\"query-input\":{\"@type\":\"PropertyValueSpecification\",\"valueRequired\":true,\"valueName\":\"search_term_string\"}}],\"inLanguage\":\"fr-FR\"},{\"@type\":\"Person\",\"@id\":\"https:\\\/\\\/lepatriotebenin.com\\\/#\\\/schema\\\/person\\\/4a9b67216c97d04045e01405c534c91f\",\"name\":\"Roland AFFANOU\",\"image\":{\"@type\":\"ImageObject\",\"inLanguage\":\"fr-FR\",\"@id\":\"https:\\\/\\\/secure.gravatar.com\\\/avatar\\\/7209d3f6d2d47ea4d0c67e14d3effb61feb10ae540a4381280c66265de5bd643?s=96&d=mm&r=g\",\"url\":\"https:\\\/\\\/secure.gravatar.com\\\/avatar\\\/7209d3f6d2d47ea4d0c67e14d3effb61feb10ae540a4381280c66265de5bd643?s=96&d=mm&r=g\",\"contentUrl\":\"https:\\\/\\\/secure.gravatar.com\\\/avatar\\\/7209d3f6d2d47ea4d0c67e14d3effb61feb10ae540a4381280c66265de5bd643?s=96&d=mm&r=g\",\"caption\":\"Roland AFFANOU\"},\"url\":\"https:\\\/\\\/lepatriotebenin.com\"}]}<\/script>\n<!-- \/ Yoast SEO plugin. -->","yoast_head_json":{"title":"B\u00e9nin : Le parti Les d\u00e9mocrates d\u00e9pose un recours contre la Vice pr\u00e9sidente de la R\u00e9publique - Le Patriote","robots":{"index":"index","follow":"follow","max-snippet":"max-snippet:-1","max-image-preview":"max-image-preview:large","max-video-preview":"max-video-preview:-1"},"canonical":"https:\/\/lepatriotebenin.com\/index.php\/2024\/06\/17\/benin-le-parti-les-democrates-depose-un-recours-contre-la-vice-presidente-de-la-republique\/","og_locale":"fr_FR","og_type":"article","og_title":"B\u00e9nin : Le parti Les d\u00e9mocrates d\u00e9pose un recours contre la Vice pr\u00e9sidente de la R\u00e9publique - Le Patriote","og_description":"Chose promise chose due.&nbsp; Le parti d&rsquo;opposition Les d\u00e9mocrates vient d&rsquo;introduire, ce lundi 17 juin 2024, \u00e0 la Cour constitutionnelle du B\u00e9nin, un recours en inconstitutionnalit\u00e9 contre la Vice pr\u00e9sidente&hellip;","og_url":"https:\/\/lepatriotebenin.com\/index.php\/2024\/06\/17\/benin-le-parti-les-democrates-depose-un-recours-contre-la-vice-presidente-de-la-republique\/","og_site_name":"Le Patriote","article_published_time":"2024-06-17T18:03:11+00:00","article_modified_time":"2024-06-18T15:15:49+00:00","og_image":[{"width":719,"height":1080,"url":"https:\/\/lepatriotebenin.com\/wp-content\/uploads\/2024\/06\/mitokpe-v.jpeg","type":"image\/jpeg"}],"author":"Roland AFFANOU","twitter_card":"summary_large_image","twitter_misc":{"\u00c9crit par":"Roland AFFANOU","Dur\u00e9e de lecture estim\u00e9e":"4 minutes"},"schema":{"@context":"https:\/\/schema.org","@graph":[{"@type":"Article","@id":"https:\/\/lepatriotebenin.com\/index.php\/2024\/06\/17\/benin-le-parti-les-democrates-depose-un-recours-contre-la-vice-presidente-de-la-republique\/#article","isPartOf":{"@id":"https:\/\/lepatriotebenin.com\/index.php\/2024\/06\/17\/benin-le-parti-les-democrates-depose-un-recours-contre-la-vice-presidente-de-la-republique\/"},"author":{"name":"Roland AFFANOU","@id":"https:\/\/lepatriotebenin.com\/#\/schema\/person\/4a9b67216c97d04045e01405c534c91f"},"headline":"B\u00e9nin : Le parti Les d\u00e9mocrates d\u00e9pose un recours contre la Vice pr\u00e9sidente de la R\u00e9publique","datePublished":"2024-06-17T18:03:11+00:00","dateModified":"2024-06-18T15:15:49+00:00","mainEntityOfPage":{"@id":"https:\/\/lepatriotebenin.com\/index.php\/2024\/06\/17\/benin-le-parti-les-democrates-depose-un-recours-contre-la-vice-presidente-de-la-republique\/"},"wordCount":900,"commentCount":1,"image":{"@id":"https:\/\/lepatriotebenin.com\/index.php\/2024\/06\/17\/benin-le-parti-les-democrates-depose-un-recours-contre-la-vice-presidente-de-la-republique\/#primaryimage"},"thumbnailUrl":"https:\/\/lepatriotebenin.com\/wp-content\/uploads\/2024\/06\/mitokpe-v.jpeg","articleSection":["Politique"],"inLanguage":"fr-FR","potentialAction":[{"@type":"CommentAction","name":"Comment","target":["https:\/\/lepatriotebenin.com\/index.php\/2024\/06\/17\/benin-le-parti-les-democrates-depose-un-recours-contre-la-vice-presidente-de-la-republique\/#respond"]}]},{"@type":"WebPage","@id":"https:\/\/lepatriotebenin.com\/index.php\/2024\/06\/17\/benin-le-parti-les-democrates-depose-un-recours-contre-la-vice-presidente-de-la-republique\/","url":"https:\/\/lepatriotebenin.com\/index.php\/2024\/06\/17\/benin-le-parti-les-democrates-depose-un-recours-contre-la-vice-presidente-de-la-republique\/","name":"B\u00e9nin : Le parti Les d\u00e9mocrates d\u00e9pose un recours contre la Vice pr\u00e9sidente de la R\u00e9publique - Le Patriote","isPartOf":{"@id":"https:\/\/lepatriotebenin.com\/#website"},"primaryImageOfPage":{"@id":"https:\/\/lepatriotebenin.com\/index.php\/2024\/06\/17\/benin-le-parti-les-democrates-depose-un-recours-contre-la-vice-presidente-de-la-republique\/#primaryimage"},"image":{"@id":"https:\/\/lepatriotebenin.com\/index.php\/2024\/06\/17\/benin-le-parti-les-democrates-depose-un-recours-contre-la-vice-presidente-de-la-republique\/#primaryimage"},"thumbnailUrl":"https:\/\/lepatriotebenin.com\/wp-content\/uploads\/2024\/06\/mitokpe-v.jpeg","datePublished":"2024-06-17T18:03:11+00:00","dateModified":"2024-06-18T15:15:49+00:00","author":{"@id":"https:\/\/lepatriotebenin.com\/#\/schema\/person\/4a9b67216c97d04045e01405c534c91f"},"breadcrumb":{"@id":"https:\/\/lepatriotebenin.com\/index.php\/2024\/06\/17\/benin-le-parti-les-democrates-depose-un-recours-contre-la-vice-presidente-de-la-republique\/#breadcrumb"},"inLanguage":"fr-FR","potentialAction":[{"@type":"ReadAction","target":["https:\/\/lepatriotebenin.com\/index.php\/2024\/06\/17\/benin-le-parti-les-democrates-depose-un-recours-contre-la-vice-presidente-de-la-republique\/"]}]},{"@type":"ImageObject","inLanguage":"fr-FR","@id":"https:\/\/lepatriotebenin.com\/index.php\/2024\/06\/17\/benin-le-parti-les-democrates-depose-un-recours-contre-la-vice-presidente-de-la-republique\/#primaryimage","url":"https:\/\/lepatriotebenin.com\/wp-content\/uploads\/2024\/06\/mitokpe-v.jpeg","contentUrl":"https:\/\/lepatriotebenin.com\/wp-content\/uploads\/2024\/06\/mitokpe-v.jpeg","width":719,"height":1080},{"@type":"BreadcrumbList","@id":"https:\/\/lepatriotebenin.com\/index.php\/2024\/06\/17\/benin-le-parti-les-democrates-depose-un-recours-contre-la-vice-presidente-de-la-republique\/#breadcrumb","itemListElement":[{"@type":"ListItem","position":1,"name":"Accueil","item":"https:\/\/lepatriotebenin.com\/"},{"@type":"ListItem","position":2,"name":"B\u00e9nin : Le parti Les d\u00e9mocrates d\u00e9pose un recours contre la Vice pr\u00e9sidente de la R\u00e9publique"}]},{"@type":"WebSite","@id":"https:\/\/lepatriotebenin.com\/#website","url":"https:\/\/lepatriotebenin.com\/","name":"Le Patriote","description":"Le Patriote B\u00e9nin","potentialAction":[{"@type":"SearchAction","target":{"@type":"EntryPoint","urlTemplate":"https:\/\/lepatriotebenin.com\/?s={search_term_string}"},"query-input":{"@type":"PropertyValueSpecification","valueRequired":true,"valueName":"search_term_string"}}],"inLanguage":"fr-FR"},{"@type":"Person","@id":"https:\/\/lepatriotebenin.com\/#\/schema\/person\/4a9b67216c97d04045e01405c534c91f","name":"Roland AFFANOU","image":{"@type":"ImageObject","inLanguage":"fr-FR","@id":"https:\/\/secure.gravatar.com\/avatar\/7209d3f6d2d47ea4d0c67e14d3effb61feb10ae540a4381280c66265de5bd643?s=96&d=mm&r=g","url":"https:\/\/secure.gravatar.com\/avatar\/7209d3f6d2d47ea4d0c67e14d3effb61feb10ae540a4381280c66265de5bd643?s=96&d=mm&r=g","contentUrl":"https:\/\/secure.gravatar.com\/avatar\/7209d3f6d2d47ea4d0c67e14d3effb61feb10ae540a4381280c66265de5bd643?s=96&d=mm&r=g","caption":"Roland AFFANOU"},"url":"https:\/\/lepatriotebenin.com"}]}},"_links":{"self":[{"href":"https:\/\/lepatriotebenin.com\/index.php\/wp-json\/wp\/v2\/posts\/5880","targetHints":{"allow":["GET"]}}],"collection":[{"href":"https:\/\/lepatriotebenin.com\/index.php\/wp-json\/wp\/v2\/posts"}],"about":[{"href":"https:\/\/lepatriotebenin.com\/index.php\/wp-json\/wp\/v2\/types\/post"}],"author":[{"embeddable":true,"href":"https:\/\/lepatriotebenin.com\/index.php\/wp-json\/wp\/v2\/users\/6"}],"replies":[{"embeddable":true,"href":"https:\/\/lepatriotebenin.com\/index.php\/wp-json\/wp\/v2\/comments?post=5880"}],"version-history":[{"count":5,"href":"https:\/\/lepatriotebenin.com\/index.php\/wp-json\/wp\/v2\/posts\/5880\/revisions"}],"predecessor-version":[{"id":5904,"href":"https:\/\/lepatriotebenin.com\/index.php\/wp-json\/wp\/v2\/posts\/5880\/revisions\/5904"}],"wp:featuredmedia":[{"embeddable":true,"href":"https:\/\/lepatriotebenin.com\/index.php\/wp-json\/wp\/v2\/media\/5903"}],"wp:attachment":[{"href":"https:\/\/lepatriotebenin.com\/index.php\/wp-json\/wp\/v2\/media?parent=5880"}],"wp:term":[{"taxonomy":"category","embeddable":true,"href":"https:\/\/lepatriotebenin.com\/index.php\/wp-json\/wp\/v2\/categories?post=5880"},{"taxonomy":"post_tag","embeddable":true,"href":"https:\/\/lepatriotebenin.com\/index.php\/wp-json\/wp\/v2\/tags?post=5880"}],"curies":[{"name":"wp","href":"https:\/\/api.w.org\/{rel}","templated":true}]}}