{"id":5584,"date":"2024-06-05T18:46:00","date_gmt":"2024-06-05T16:46:00","guid":{"rendered":"https:\/\/lepatriotebenin.com\/?p=5584"},"modified":"2024-06-05T18:46:00","modified_gmt":"2024-06-05T16:46:00","slug":"uac-elections-a-la-fneb-marius-tchomakou-elu-president","status":"publish","type":"post","link":"https:\/\/lepatriotebenin.com\/index.php\/2024\/06\/05\/uac-elections-a-la-fneb-marius-tchomakou-elu-president\/","title":{"rendered":"UAC\/\u00c9lections \u00e0 la FNEB: Marius Tchomakou  \u00e9lu Pr\u00e9sident"},"content":{"rendered":"\n<p><em>Une semaine apr\u00e8s le scrutin du <strong>22 mai 2024<\/strong> \u00e0 l&rsquo;Universit\u00e9 d&rsquo;Abomey-Calavi, le Conseil Central F\u00e9d\u00e9ral (CCF) de la F\u00e9d\u00e9ration Nationale des \u00c9tudiants du B\u00e9nin (FNEB) a confirm\u00e9 le nom du nouveau pr\u00e9sident de l&rsquo;organisation. Il s&rsquo;agit de <strong>Marius Tchomakou<\/strong> qui tient d\u00e9sormais les r\u00eanes de l&rsquo;organisation.<\/em><\/p>\n\n\n\n<p>La F\u00e9d\u00e9ration Nationale des \u00c9tudiants du B\u00e9nin (FNEB) a d\u00e9sormais un nouveau pr\u00e9sident. Marius Tchomakou, puisque c&rsquo;est de lui qu&rsquo;il s&rsquo;agit, a \u00e9t\u00e9 \u00e9lu pour d\u00e9fendre les int\u00e9r\u00eats des \u00e9tudiants pendant les 12 prochains mois. Cette d\u00e9cision du Conseil Central F\u00e9d\u00e9ral vient confirmer les r\u00e9sultats provisoires de la Commission \u00e9lectorale f\u00e9d\u00e9rale autonome (CEFA), qui avait d\u00e9clar\u00e9 gagnante la liste <strong>\u00ab\u00a0La Renaissance\u00a0\u00bb<\/strong> de Marius Tchomakou, avec <strong>2 591 voix sur 2 797 \u00e9lecteurs.<\/strong><\/p>\n\n\n\n<p>En effet, le successeur de V\u00e9ritas In\u2019tisor Koudogbo fut pr\u00e9sident du Bureau d&rsquo;Union d&rsquo;Entit\u00e9 (BUE) de la Facult\u00e9 des Lettres, Langues, Arts et Communication (FLLAC). \u00c0 la t\u00eate de ce BUE, il a fait preuve d&rsquo;abn\u00e9gation et de rigueur dans le travail. C&rsquo;est d&rsquo;ailleurs ce qui lui a valu le poste de pr\u00e9sident de la FNEB. \u00c9lu pour un mandat d&rsquo;un an, le nouveau pr\u00e9sident de la FNEB fait preuve d\u2019un engagement profond et d\u2019une capacit\u00e9 manag\u00e9riale impressionnante, ayant convaincu \u00e0 la fois les anciens \u00ab\u00a0f\u00e9d\u00e9r\u00e9s\u00a0\u00bb et les actuels responsables.<\/p>\n\n\n\n<p>De part ces voix \u00e0 son \u00e9lection, on peut ais\u00e9ment affirmer que toute la communaut\u00e9 estudiantine entend soutenir le nouveau pr\u00e9sident dans sa t\u00e2che. De ce fait, sa pr\u00e9sidence est donc attendue avec beaucoup d&rsquo;enthousiasme et d&rsquo;espoir, car il a d\u00e9montr\u00e9 \u00e0 plusieurs reprises sa d\u00e9termination \u00e0 am\u00e9liorer les conditions des \u00e9tudiants. En lui souhaitant bon mandat, son bilan se fera dans les 365 jours.<\/p>\n\n\n\n<p><strong>Gildas AHOGNI<\/strong><\/p>\n","protected":false},"excerpt":{"rendered":"<p>Une semaine apr\u00e8s le scrutin du 22 mai 2024 \u00e0 l&rsquo;Universit\u00e9 d&rsquo;Abomey-Calavi, le Conseil Central F\u00e9d\u00e9ral (CCF) de la F\u00e9d\u00e9ration Nationale des \u00c9tudiants du B\u00e9nin (FNEB) a confirm\u00e9 le nom&hellip;<\/p>\n","protected":false},"author":5,"featured_media":5585,"comment_status":"open","ping_status":"open","sticky":false,"template":"","format":"standard","meta":{"content-type":"","om_disable_all_campaigns":false,"_monsterinsights_skip_tracking":false,"_monsterinsights_sitenote_active":false,"_monsterinsights_sitenote_note":"","_monsterinsights_sitenote_category":0,"_uf_show_specific_survey":0,"_uf_disable_surveys":false,"footnotes":""},"categories":[20],"tags":[],"class_list":["post-5584","post","type-post","status-publish","format-standard","has-post-thumbnail","hentry","category-societe"],"aioseo_notices":[],"yoast_head":"<!-- This site is optimized with the Yoast SEO plugin v27.5 - https:\/\/yoast.com\/product\/yoast-seo-wordpress\/ -->\n<title>UAC\/\u00c9lections \u00e0 la FNEB: Marius Tchomakou \u00e9lu Pr\u00e9sident - Le Patriote<\/title>\n<meta name=\"robots\" content=\"index, follow, max-snippet:-1, max-image-preview:large, max-video-preview:-1\" \/>\n<link rel=\"canonical\" href=\"https:\/\/lepatriotebenin.com\/index.php\/2024\/06\/05\/uac-elections-a-la-fneb-marius-tchomakou-elu-president\/\" \/>\n<meta property=\"og:locale\" content=\"fr_FR\" \/>\n<meta property=\"og:type\" content=\"article\" \/>\n<meta property=\"og:title\" content=\"UAC\/\u00c9lections \u00e0 la FNEB: Marius Tchomakou \u00e9lu Pr\u00e9sident - Le Patriote\" \/>\n<meta property=\"og:description\" content=\"Une semaine apr\u00e8s le scrutin du 22 mai 2024 \u00e0 l&rsquo;Universit\u00e9 d&rsquo;Abomey-Calavi, le Conseil Central F\u00e9d\u00e9ral (CCF) de la F\u00e9d\u00e9ration Nationale des \u00c9tudiants du B\u00e9nin (FNEB) a confirm\u00e9 le nom&hellip;\" \/>\n<meta property=\"og:url\" content=\"https:\/\/lepatriotebenin.com\/index.php\/2024\/06\/05\/uac-elections-a-la-fneb-marius-tchomakou-elu-president\/\" \/>\n<meta property=\"og:site_name\" content=\"Le Patriote\" \/>\n<meta property=\"article:published_time\" content=\"2024-06-05T16:46:00+00:00\" \/>\n<meta property=\"og:image\" content=\"https:\/\/lepatriotebenin.com\/wp-content\/uploads\/2024\/06\/tchomakou-fff.jpeg\" \/>\n\t<meta property=\"og:image:width\" content=\"864\" \/>\n\t<meta property=\"og:image:height\" content=\"1080\" \/>\n\t<meta property=\"og:image:type\" content=\"image\/jpeg\" \/>\n<meta name=\"author\" content=\"Redaction\" \/>\n<meta name=\"twitter:card\" content=\"summary_large_image\" \/>\n<meta name=\"twitter:label1\" content=\"\u00c9crit par\" \/>\n\t<meta name=\"twitter:data1\" content=\"Redaction\" \/>\n\t<meta name=\"twitter:label2\" content=\"Dur\u00e9e de lecture estim\u00e9e\" \/>\n\t<meta name=\"twitter:data2\" content=\"2 minutes\" \/>\n<script type=\"application\/ld+json\" class=\"yoast-schema-graph\">{\"@context\":\"https:\\\/\\\/schema.org\",\"@graph\":[{\"@type\":\"Article\",\"@id\":\"https:\\\/\\\/lepatriotebenin.com\\\/index.php\\\/2024\\\/06\\\/05\\\/uac-elections-a-la-fneb-marius-tchomakou-elu-president\\\/#article\",\"isPartOf\":{\"@id\":\"https:\\\/\\\/lepatriotebenin.com\\\/index.php\\\/2024\\\/06\\\/05\\\/uac-elections-a-la-fneb-marius-tchomakou-elu-president\\\/\"},\"author\":{\"name\":\"Redaction\",\"@id\":\"https:\\\/\\\/lepatriotebenin.com\\\/#\\\/schema\\\/person\\\/2e7709b9c9cc313e452d1136af61690f\"},\"headline\":\"UAC\\\/\u00c9lections \u00e0 la FNEB: Marius Tchomakou \u00e9lu Pr\u00e9sident\",\"datePublished\":\"2024-06-05T16:46:00+00:00\",\"mainEntityOfPage\":{\"@id\":\"https:\\\/\\\/lepatriotebenin.com\\\/index.php\\\/2024\\\/06\\\/05\\\/uac-elections-a-la-fneb-marius-tchomakou-elu-president\\\/\"},\"wordCount\":331,\"commentCount\":0,\"image\":{\"@id\":\"https:\\\/\\\/lepatriotebenin.com\\\/index.php\\\/2024\\\/06\\\/05\\\/uac-elections-a-la-fneb-marius-tchomakou-elu-president\\\/#primaryimage\"},\"thumbnailUrl\":\"https:\\\/\\\/lepatriotebenin.com\\\/wp-content\\\/uploads\\\/2024\\\/06\\\/tchomakou-fff.jpeg\",\"articleSection\":[\"Soci\u00e9t\u00e9\"],\"inLanguage\":\"fr-FR\",\"potentialAction\":[{\"@type\":\"CommentAction\",\"name\":\"Comment\",\"target\":[\"https:\\\/\\\/lepatriotebenin.com\\\/index.php\\\/2024\\\/06\\\/05\\\/uac-elections-a-la-fneb-marius-tchomakou-elu-president\\\/#respond\"]}]},{\"@type\":\"WebPage\",\"@id\":\"https:\\\/\\\/lepatriotebenin.com\\\/index.php\\\/2024\\\/06\\\/05\\\/uac-elections-a-la-fneb-marius-tchomakou-elu-president\\\/\",\"url\":\"https:\\\/\\\/lepatriotebenin.com\\\/index.php\\\/2024\\\/06\\\/05\\\/uac-elections-a-la-fneb-marius-tchomakou-elu-president\\\/\",\"name\":\"UAC\\\/\u00c9lections \u00e0 la FNEB: Marius Tchomakou \u00e9lu Pr\u00e9sident - Le Patriote\",\"isPartOf\":{\"@id\":\"https:\\\/\\\/lepatriotebenin.com\\\/#website\"},\"primaryImageOfPage\":{\"@id\":\"https:\\\/\\\/lepatriotebenin.com\\\/index.php\\\/2024\\\/06\\\/05\\\/uac-elections-a-la-fneb-marius-tchomakou-elu-president\\\/#primaryimage\"},\"image\":{\"@id\":\"https:\\\/\\\/lepatriotebenin.com\\\/index.php\\\/2024\\\/06\\\/05\\\/uac-elections-a-la-fneb-marius-tchomakou-elu-president\\\/#primaryimage\"},\"thumbnailUrl\":\"https:\\\/\\\/lepatriotebenin.com\\\/wp-content\\\/uploads\\\/2024\\\/06\\\/tchomakou-fff.jpeg\",\"datePublished\":\"2024-06-05T16:46:00+00:00\",\"author\":{\"@id\":\"https:\\\/\\\/lepatriotebenin.com\\\/#\\\/schema\\\/person\\\/2e7709b9c9cc313e452d1136af61690f\"},\"breadcrumb\":{\"@id\":\"https:\\\/\\\/lepatriotebenin.com\\\/index.php\\\/2024\\\/06\\\/05\\\/uac-elections-a-la-fneb-marius-tchomakou-elu-president\\\/#breadcrumb\"},\"inLanguage\":\"fr-FR\",\"potentialAction\":[{\"@type\":\"ReadAction\",\"target\":[\"https:\\\/\\\/lepatriotebenin.com\\\/index.php\\\/2024\\\/06\\\/05\\\/uac-elections-a-la-fneb-marius-tchomakou-elu-president\\\/\"]}]},{\"@type\":\"ImageObject\",\"inLanguage\":\"fr-FR\",\"@id\":\"https:\\\/\\\/lepatriotebenin.com\\\/index.php\\\/2024\\\/06\\\/05\\\/uac-elections-a-la-fneb-marius-tchomakou-elu-president\\\/#primaryimage\",\"url\":\"https:\\\/\\\/lepatriotebenin.com\\\/wp-content\\\/uploads\\\/2024\\\/06\\\/tchomakou-fff.jpeg\",\"contentUrl\":\"https:\\\/\\\/lepatriotebenin.com\\\/wp-content\\\/uploads\\\/2024\\\/06\\\/tchomakou-fff.jpeg\",\"width\":864,\"height\":1080},{\"@type\":\"BreadcrumbList\",\"@id\":\"https:\\\/\\\/lepatriotebenin.com\\\/index.php\\\/2024\\\/06\\\/05\\\/uac-elections-a-la-fneb-marius-tchomakou-elu-president\\\/#breadcrumb\",\"itemListElement\":[{\"@type\":\"ListItem\",\"position\":1,\"name\":\"Accueil\",\"item\":\"https:\\\/\\\/lepatriotebenin.com\\\/\"},{\"@type\":\"ListItem\",\"position\":2,\"name\":\"UAC\\\/\u00c9lections \u00e0 la FNEB: Marius Tchomakou \u00e9lu Pr\u00e9sident\"}]},{\"@type\":\"WebSite\",\"@id\":\"https:\\\/\\\/lepatriotebenin.com\\\/#website\",\"url\":\"https:\\\/\\\/lepatriotebenin.com\\\/\",\"name\":\"Le Patriote\",\"description\":\"Le Patriote B\u00e9nin\",\"potentialAction\":[{\"@type\":\"SearchAction\",\"target\":{\"@type\":\"EntryPoint\",\"urlTemplate\":\"https:\\\/\\\/lepatriotebenin.com\\\/?s={search_term_string}\"},\"query-input\":{\"@type\":\"PropertyValueSpecification\",\"valueRequired\":true,\"valueName\":\"search_term_string\"}}],\"inLanguage\":\"fr-FR\"},{\"@type\":\"Person\",\"@id\":\"https:\\\/\\\/lepatriotebenin.com\\\/#\\\/schema\\\/person\\\/2e7709b9c9cc313e452d1136af61690f\",\"name\":\"Redaction\",\"image\":{\"@type\":\"ImageObject\",\"inLanguage\":\"fr-FR\",\"@id\":\"https:\\\/\\\/secure.gravatar.com\\\/avatar\\\/c4c509357859ea2ca2cbb6d8812898a73e4ef1ef9934c2e591d7e32face734d1?s=96&d=mm&r=g\",\"url\":\"https:\\\/\\\/secure.gravatar.com\\\/avatar\\\/c4c509357859ea2ca2cbb6d8812898a73e4ef1ef9934c2e591d7e32face734d1?s=96&d=mm&r=g\",\"contentUrl\":\"https:\\\/\\\/secure.gravatar.com\\\/avatar\\\/c4c509357859ea2ca2cbb6d8812898a73e4ef1ef9934c2e591d7e32face734d1?s=96&d=mm&r=g\",\"caption\":\"Redaction\"},\"url\":\"https:\\\/\\\/lepatriotebenin.com\"}]}<\/script>\n<!-- \/ Yoast SEO plugin. -->","yoast_head_json":{"title":"UAC\/\u00c9lections \u00e0 la FNEB: Marius Tchomakou \u00e9lu Pr\u00e9sident - Le Patriote","robots":{"index":"index","follow":"follow","max-snippet":"max-snippet:-1","max-image-preview":"max-image-preview:large","max-video-preview":"max-video-preview:-1"},"canonical":"https:\/\/lepatriotebenin.com\/index.php\/2024\/06\/05\/uac-elections-a-la-fneb-marius-tchomakou-elu-president\/","og_locale":"fr_FR","og_type":"article","og_title":"UAC\/\u00c9lections \u00e0 la FNEB: Marius Tchomakou \u00e9lu Pr\u00e9sident - Le Patriote","og_description":"Une semaine apr\u00e8s le scrutin du 22 mai 2024 \u00e0 l&rsquo;Universit\u00e9 d&rsquo;Abomey-Calavi, le Conseil Central F\u00e9d\u00e9ral (CCF) de la F\u00e9d\u00e9ration Nationale des \u00c9tudiants du B\u00e9nin (FNEB) a confirm\u00e9 le nom&hellip;","og_url":"https:\/\/lepatriotebenin.com\/index.php\/2024\/06\/05\/uac-elections-a-la-fneb-marius-tchomakou-elu-president\/","og_site_name":"Le Patriote","article_published_time":"2024-06-05T16:46:00+00:00","og_image":[{"width":864,"height":1080,"url":"https:\/\/lepatriotebenin.com\/wp-content\/uploads\/2024\/06\/tchomakou-fff.jpeg","type":"image\/jpeg"}],"author":"Redaction","twitter_card":"summary_large_image","twitter_misc":{"\u00c9crit par":"Redaction","Dur\u00e9e de lecture estim\u00e9e":"2 minutes"},"schema":{"@context":"https:\/\/schema.org","@graph":[{"@type":"Article","@id":"https:\/\/lepatriotebenin.com\/index.php\/2024\/06\/05\/uac-elections-a-la-fneb-marius-tchomakou-elu-president\/#article","isPartOf":{"@id":"https:\/\/lepatriotebenin.com\/index.php\/2024\/06\/05\/uac-elections-a-la-fneb-marius-tchomakou-elu-president\/"},"author":{"name":"Redaction","@id":"https:\/\/lepatriotebenin.com\/#\/schema\/person\/2e7709b9c9cc313e452d1136af61690f"},"headline":"UAC\/\u00c9lections \u00e0 la FNEB: Marius Tchomakou \u00e9lu Pr\u00e9sident","datePublished":"2024-06-05T16:46:00+00:00","mainEntityOfPage":{"@id":"https:\/\/lepatriotebenin.com\/index.php\/2024\/06\/05\/uac-elections-a-la-fneb-marius-tchomakou-elu-president\/"},"wordCount":331,"commentCount":0,"image":{"@id":"https:\/\/lepatriotebenin.com\/index.php\/2024\/06\/05\/uac-elections-a-la-fneb-marius-tchomakou-elu-president\/#primaryimage"},"thumbnailUrl":"https:\/\/lepatriotebenin.com\/wp-content\/uploads\/2024\/06\/tchomakou-fff.jpeg","articleSection":["Soci\u00e9t\u00e9"],"inLanguage":"fr-FR","potentialAction":[{"@type":"CommentAction","name":"Comment","target":["https:\/\/lepatriotebenin.com\/index.php\/2024\/06\/05\/uac-elections-a-la-fneb-marius-tchomakou-elu-president\/#respond"]}]},{"@type":"WebPage","@id":"https:\/\/lepatriotebenin.com\/index.php\/2024\/06\/05\/uac-elections-a-la-fneb-marius-tchomakou-elu-president\/","url":"https:\/\/lepatriotebenin.com\/index.php\/2024\/06\/05\/uac-elections-a-la-fneb-marius-tchomakou-elu-president\/","name":"UAC\/\u00c9lections \u00e0 la FNEB: Marius Tchomakou \u00e9lu Pr\u00e9sident - Le Patriote","isPartOf":{"@id":"https:\/\/lepatriotebenin.com\/#website"},"primaryImageOfPage":{"@id":"https:\/\/lepatriotebenin.com\/index.php\/2024\/06\/05\/uac-elections-a-la-fneb-marius-tchomakou-elu-president\/#primaryimage"},"image":{"@id":"https:\/\/lepatriotebenin.com\/index.php\/2024\/06\/05\/uac-elections-a-la-fneb-marius-tchomakou-elu-president\/#primaryimage"},"thumbnailUrl":"https:\/\/lepatriotebenin.com\/wp-content\/uploads\/2024\/06\/tchomakou-fff.jpeg","datePublished":"2024-06-05T16:46:00+00:00","author":{"@id":"https:\/\/lepatriotebenin.com\/#\/schema\/person\/2e7709b9c9cc313e452d1136af61690f"},"breadcrumb":{"@id":"https:\/\/lepatriotebenin.com\/index.php\/2024\/06\/05\/uac-elections-a-la-fneb-marius-tchomakou-elu-president\/#breadcrumb"},"inLanguage":"fr-FR","potentialAction":[{"@type":"ReadAction","target":["https:\/\/lepatriotebenin.com\/index.php\/2024\/06\/05\/uac-elections-a-la-fneb-marius-tchomakou-elu-president\/"]}]},{"@type":"ImageObject","inLanguage":"fr-FR","@id":"https:\/\/lepatriotebenin.com\/index.php\/2024\/06\/05\/uac-elections-a-la-fneb-marius-tchomakou-elu-president\/#primaryimage","url":"https:\/\/lepatriotebenin.com\/wp-content\/uploads\/2024\/06\/tchomakou-fff.jpeg","contentUrl":"https:\/\/lepatriotebenin.com\/wp-content\/uploads\/2024\/06\/tchomakou-fff.jpeg","width":864,"height":1080},{"@type":"BreadcrumbList","@id":"https:\/\/lepatriotebenin.com\/index.php\/2024\/06\/05\/uac-elections-a-la-fneb-marius-tchomakou-elu-president\/#breadcrumb","itemListElement":[{"@type":"ListItem","position":1,"name":"Accueil","item":"https:\/\/lepatriotebenin.com\/"},{"@type":"ListItem","position":2,"name":"UAC\/\u00c9lections \u00e0 la FNEB: Marius Tchomakou \u00e9lu Pr\u00e9sident"}]},{"@type":"WebSite","@id":"https:\/\/lepatriotebenin.com\/#website","url":"https:\/\/lepatriotebenin.com\/","name":"Le Patriote","description":"Le Patriote B\u00e9nin","potentialAction":[{"@type":"SearchAction","target":{"@type":"EntryPoint","urlTemplate":"https:\/\/lepatriotebenin.com\/?s={search_term_string}"},"query-input":{"@type":"PropertyValueSpecification","valueRequired":true,"valueName":"search_term_string"}}],"inLanguage":"fr-FR"},{"@type":"Person","@id":"https:\/\/lepatriotebenin.com\/#\/schema\/person\/2e7709b9c9cc313e452d1136af61690f","name":"Redaction","image":{"@type":"ImageObject","inLanguage":"fr-FR","@id":"https:\/\/secure.gravatar.com\/avatar\/c4c509357859ea2ca2cbb6d8812898a73e4ef1ef9934c2e591d7e32face734d1?s=96&d=mm&r=g","url":"https:\/\/secure.gravatar.com\/avatar\/c4c509357859ea2ca2cbb6d8812898a73e4ef1ef9934c2e591d7e32face734d1?s=96&d=mm&r=g","contentUrl":"https:\/\/secure.gravatar.com\/avatar\/c4c509357859ea2ca2cbb6d8812898a73e4ef1ef9934c2e591d7e32face734d1?s=96&d=mm&r=g","caption":"Redaction"},"url":"https:\/\/lepatriotebenin.com"}]}},"_links":{"self":[{"href":"https:\/\/lepatriotebenin.com\/index.php\/wp-json\/wp\/v2\/posts\/5584","targetHints":{"allow":["GET"]}}],"collection":[{"href":"https:\/\/lepatriotebenin.com\/index.php\/wp-json\/wp\/v2\/posts"}],"about":[{"href":"https:\/\/lepatriotebenin.com\/index.php\/wp-json\/wp\/v2\/types\/post"}],"author":[{"embeddable":true,"href":"https:\/\/lepatriotebenin.com\/index.php\/wp-json\/wp\/v2\/users\/5"}],"replies":[{"embeddable":true,"href":"https:\/\/lepatriotebenin.com\/index.php\/wp-json\/wp\/v2\/comments?post=5584"}],"version-history":[{"count":1,"href":"https:\/\/lepatriotebenin.com\/index.php\/wp-json\/wp\/v2\/posts\/5584\/revisions"}],"predecessor-version":[{"id":5586,"href":"https:\/\/lepatriotebenin.com\/index.php\/wp-json\/wp\/v2\/posts\/5584\/revisions\/5586"}],"wp:featuredmedia":[{"embeddable":true,"href":"https:\/\/lepatriotebenin.com\/index.php\/wp-json\/wp\/v2\/media\/5585"}],"wp:attachment":[{"href":"https:\/\/lepatriotebenin.com\/index.php\/wp-json\/wp\/v2\/media?parent=5584"}],"wp:term":[{"taxonomy":"category","embeddable":true,"href":"https:\/\/lepatriotebenin.com\/index.php\/wp-json\/wp\/v2\/categories?post=5584"},{"taxonomy":"post_tag","embeddable":true,"href":"https:\/\/lepatriotebenin.com\/index.php\/wp-json\/wp\/v2\/tags?post=5584"}],"curies":[{"name":"wp","href":"https:\/\/api.w.org\/{rel}","templated":true}]}}