{"id":5452,"date":"2024-05-30T13:57:49","date_gmt":"2024-05-30T11:57:49","guid":{"rendered":"https:\/\/lepatriotebenin.com\/?p=5452"},"modified":"2024-05-30T13:57:50","modified_gmt":"2024-05-30T11:57:50","slug":"editorial-notre-preference-nationale-en-berne","status":"publish","type":"post","link":"https:\/\/lepatriotebenin.com\/index.php\/2024\/05\/30\/editorial-notre-preference-nationale-en-berne\/","title":{"rendered":"Editorial\u00a0: Notre \u00ab\u00a0pr\u00e9f\u00e9rence nationale\u00a0\u00bb en berne\u2026"},"content":{"rendered":"\n<p>L\u2019actualit\u00e9 de ces derniers n\u2019a pas manqu\u00e9 de vous fournir un \u00e9ventail de sujets aussi croustillants les uns que les autres. L\u2019un d\u2019eux nous renvoie \u00e0 une th\u00e9matique politique connue&nbsp;: la pr\u00e9f\u00e9rence nationale ou la priorit\u00e9 nationale. C\u2019est un concept politique selon lequel les citoyens d&rsquo;un pays devraient \u00eatre privil\u00e9gi\u00e9s par rapport aux \u00e9trangers dans diff\u00e9rents domaines. On cite souvent les domaines de l\u2019emploi, des responsabilit\u00e9s strat\u00e9giques de l\u2019appareil d\u2019Etat et de la gestion de certains n\u00e9vralgiques de l\u2019\u00e9conomie. Pris\u00e9 par les personnalit\u00e9s politiques de l\u2019extr\u00eame droite comme le Rassemblement National en France, la pr\u00e9f\u00e9rence nationale a &nbsp;fortement influenc\u00e9 la derni\u00e8re loi sur l\u2019immigration en France avec des dispositions qui accordent des privil\u00e8ges assez particuliers et importants aux fran\u00e7ais de souche au d\u00e9triment des immigr\u00e9s.<\/p>\n\n\n\n<p>Au B\u00e9nin, disais-je, c\u2019est l\u2019actualit\u00e9 de la tourn\u00e9e gouvernementale qui relance et ceci de fort belle mani\u00e8re le d\u00e9bat sur la pr\u00e9f\u00e9rence nationale. A Abomey, <strong>Michel Loukou<\/strong> connu sous le nom de <strong>Al\u00e8kpehanhou<\/strong>, artiste musicien traditionnel et chef d\u2019arrondissement de S\u00e8houn, &nbsp;jette un pav\u00e9 dans la marre du gouvernement. Il interpelle la d\u00e9l\u00e9gation en face de lui, sur le privil\u00e8ge accord\u00e9 \u00e0 des musiciens \u00e9trangers lors des Vodun days.&nbsp; Il dit ne pas comprendre pourquoi on appelle des musiciens \u00e9trangers pour animer des concerts et on laisse ceux du pays sur les carreaux. Cette pratique est courante au B\u00e9nin depuis que Patrice Talon a pris le pouvoir. On a vu les grandes soci\u00e9t\u00e9s de l\u2019Etat tomb\u00e9es une \u00e0 une dans les mains des expatri\u00e9s. Ainsi, le port Autonome de Cotonou pour les Belges, la SBEE pour les canadiens,&nbsp; les rwandais \u00e0 la t\u00eate de l\u2019Agence National de l\u2019Identification Personnelle(ANIP).<\/p>\n\n\n\n<p>De m\u00eame, gr\u00e2ce \u00e0 la loi sur les collaborateurs ext\u00e9rieurs, beaucoup de cadres ext\u00e9rieurs sont recrut\u00e9s et travaillent dans les agences et projets du gouvernement au d\u00e9triment. Idem dans les projets de construction d\u2019infrastructures o\u00f9&nbsp; les entreprises \u00e9trang\u00e8res ont pion sur rue. Pendant ce temps, les B\u00e9ninois sont dehors. &nbsp;Toutes ces comp\u00e9tences \u00e9trang\u00e8res ont \u00e9t\u00e9 prioris\u00e9es au d\u00e9triment de celles nationales contraintes au ch\u00f4mage et \u00e0 l\u2019exode. A un moment o\u00f9 la plupart des pays semblent de plus en plus pr\u00e9occup\u00e9s par l\u2019id\u00e9e de nationaliser certains secteurs cl\u00e9s de leurs \u00e9conomies et de garder dans leur giron des savoir-faire endog\u00e8nes, le B\u00e9nin lui choisit de saborder son \u00ab&nbsp;\u00e9go nationaliste&nbsp;\u00bb. Alors qu\u2019au Burkina, en France, au Gabon et dans d\u2019autres pays, on garantie les meilleurs emplois et les domaines porteurs de l\u2019\u00e9conomie aux nationaux, le B\u00e9nin lui d\u00e9cide de livrer le pays aux pr\u00e9dateurs de tous les alois. Tout ceci est la cons\u00e9quence directe de la vision du concept de \u00ab&nbsp;d\u00e9sert de comp\u00e9tence&nbsp;\u00bb pr\u00f4n\u00e9e depuis 2017. Ce faisant, le B\u00e9nin brade son identit\u00e9, sa fiert\u00e9 et surtout s\u2019\u00e9gare dans le concert des nations. <strong>\u00ab&nbsp;Il y a deux mani\u00e8res de se perdre :<\/strong> <strong>par s\u00e9gr\u00e9gation mur\u00e9e dans le particulier ou par dilution dans \u00ab l&rsquo;universel \u00bb<\/strong>, avait dit Aim\u00e9 C\u00e9saire dans la lettre \u00e0 Maurice Thorez. On a sembl\u00e9 opter par cette dilution b\u00e9ate dans l\u2019universel.<\/p>\n","protected":false},"excerpt":{"rendered":"<p>L\u2019actualit\u00e9 de ces derniers n\u2019a pas manqu\u00e9 de vous fournir un \u00e9ventail de sujets aussi croustillants les uns que les autres. L\u2019un d\u2019eux nous renvoie \u00e0 une th\u00e9matique politique connue&nbsp;:&hellip;<\/p>\n","protected":false},"author":2,"featured_media":5453,"comment_status":"open","ping_status":"open","sticky":false,"template":"","format":"standard","meta":{"content-type":"","om_disable_all_campaigns":false,"_monsterinsights_skip_tracking":false,"_monsterinsights_sitenote_active":false,"_monsterinsights_sitenote_note":"","_monsterinsights_sitenote_category":0,"_uf_show_specific_survey":0,"_uf_disable_surveys":false,"footnotes":""},"categories":[26],"tags":[],"class_list":["post-5452","post","type-post","status-publish","format-standard","has-post-thumbnail","hentry","category-politique"],"aioseo_notices":[],"yoast_head":"<!-- This site is optimized with the Yoast SEO plugin v27.5 - https:\/\/yoast.com\/product\/yoast-seo-wordpress\/ -->\n<title>Editorial\u00a0: Notre \u00ab\u00a0pr\u00e9f\u00e9rence nationale\u00a0\u00bb en berne\u2026 - Le Patriote<\/title>\n<meta name=\"robots\" content=\"index, follow, max-snippet:-1, max-image-preview:large, max-video-preview:-1\" \/>\n<link rel=\"canonical\" href=\"https:\/\/lepatriotebenin.com\/index.php\/2024\/05\/30\/editorial-notre-preference-nationale-en-berne\/\" \/>\n<meta property=\"og:locale\" content=\"fr_FR\" \/>\n<meta property=\"og:type\" content=\"article\" \/>\n<meta property=\"og:title\" content=\"Editorial\u00a0: Notre \u00ab\u00a0pr\u00e9f\u00e9rence nationale\u00a0\u00bb en berne\u2026 - Le Patriote\" \/>\n<meta property=\"og:description\" content=\"L\u2019actualit\u00e9 de ces derniers n\u2019a pas manqu\u00e9 de vous fournir un \u00e9ventail de sujets aussi croustillants les uns que les autres. L\u2019un d\u2019eux nous renvoie \u00e0 une th\u00e9matique politique connue&nbsp;:&hellip;\" \/>\n<meta property=\"og:url\" content=\"https:\/\/lepatriotebenin.com\/index.php\/2024\/05\/30\/editorial-notre-preference-nationale-en-berne\/\" \/>\n<meta property=\"og:site_name\" content=\"Le Patriote\" \/>\n<meta property=\"article:published_time\" content=\"2024-05-30T11:57:49+00:00\" \/>\n<meta property=\"article:modified_time\" content=\"2024-05-30T11:57:50+00:00\" \/>\n<meta property=\"og:image\" content=\"https:\/\/lepatriotebenin.com\/wp-content\/uploads\/2024\/05\/maxresdefault.jpg\" \/>\n\t<meta property=\"og:image:width\" content=\"1280\" \/>\n\t<meta property=\"og:image:height\" content=\"720\" \/>\n\t<meta property=\"og:image:type\" content=\"image\/jpeg\" \/>\n<meta name=\"author\" content=\"Marcel ZOUMENOU\" \/>\n<meta name=\"twitter:card\" content=\"summary_large_image\" \/>\n<meta name=\"twitter:label1\" content=\"\u00c9crit par\" \/>\n\t<meta name=\"twitter:data1\" content=\"Marcel ZOUMENOU\" \/>\n\t<meta name=\"twitter:label2\" content=\"Dur\u00e9e de lecture estim\u00e9e\" \/>\n\t<meta name=\"twitter:data2\" content=\"3 minutes\" \/>\n<script type=\"application\/ld+json\" class=\"yoast-schema-graph\">{\"@context\":\"https:\\\/\\\/schema.org\",\"@graph\":[{\"@type\":\"Article\",\"@id\":\"https:\\\/\\\/lepatriotebenin.com\\\/index.php\\\/2024\\\/05\\\/30\\\/editorial-notre-preference-nationale-en-berne\\\/#article\",\"isPartOf\":{\"@id\":\"https:\\\/\\\/lepatriotebenin.com\\\/index.php\\\/2024\\\/05\\\/30\\\/editorial-notre-preference-nationale-en-berne\\\/\"},\"author\":{\"name\":\"Marcel ZOUMENOU\",\"@id\":\"https:\\\/\\\/lepatriotebenin.com\\\/#\\\/schema\\\/person\\\/bc185387219a73c6f2f8698114720c49\"},\"headline\":\"Editorial\u00a0: Notre \u00ab\u00a0pr\u00e9f\u00e9rence nationale\u00a0\u00bb en berne\u2026\",\"datePublished\":\"2024-05-30T11:57:49+00:00\",\"dateModified\":\"2024-05-30T11:57:50+00:00\",\"mainEntityOfPage\":{\"@id\":\"https:\\\/\\\/lepatriotebenin.com\\\/index.php\\\/2024\\\/05\\\/30\\\/editorial-notre-preference-nationale-en-berne\\\/\"},\"wordCount\":604,\"commentCount\":0,\"image\":{\"@id\":\"https:\\\/\\\/lepatriotebenin.com\\\/index.php\\\/2024\\\/05\\\/30\\\/editorial-notre-preference-nationale-en-berne\\\/#primaryimage\"},\"thumbnailUrl\":\"https:\\\/\\\/lepatriotebenin.com\\\/wp-content\\\/uploads\\\/2024\\\/05\\\/maxresdefault.jpg\",\"articleSection\":[\"Politique\"],\"inLanguage\":\"fr-FR\",\"potentialAction\":[{\"@type\":\"CommentAction\",\"name\":\"Comment\",\"target\":[\"https:\\\/\\\/lepatriotebenin.com\\\/index.php\\\/2024\\\/05\\\/30\\\/editorial-notre-preference-nationale-en-berne\\\/#respond\"]}]},{\"@type\":\"WebPage\",\"@id\":\"https:\\\/\\\/lepatriotebenin.com\\\/index.php\\\/2024\\\/05\\\/30\\\/editorial-notre-preference-nationale-en-berne\\\/\",\"url\":\"https:\\\/\\\/lepatriotebenin.com\\\/index.php\\\/2024\\\/05\\\/30\\\/editorial-notre-preference-nationale-en-berne\\\/\",\"name\":\"Editorial\u00a0: Notre \u00ab\u00a0pr\u00e9f\u00e9rence nationale\u00a0\u00bb en berne\u2026 - Le Patriote\",\"isPartOf\":{\"@id\":\"https:\\\/\\\/lepatriotebenin.com\\\/#website\"},\"primaryImageOfPage\":{\"@id\":\"https:\\\/\\\/lepatriotebenin.com\\\/index.php\\\/2024\\\/05\\\/30\\\/editorial-notre-preference-nationale-en-berne\\\/#primaryimage\"},\"image\":{\"@id\":\"https:\\\/\\\/lepatriotebenin.com\\\/index.php\\\/2024\\\/05\\\/30\\\/editorial-notre-preference-nationale-en-berne\\\/#primaryimage\"},\"thumbnailUrl\":\"https:\\\/\\\/lepatriotebenin.com\\\/wp-content\\\/uploads\\\/2024\\\/05\\\/maxresdefault.jpg\",\"datePublished\":\"2024-05-30T11:57:49+00:00\",\"dateModified\":\"2024-05-30T11:57:50+00:00\",\"author\":{\"@id\":\"https:\\\/\\\/lepatriotebenin.com\\\/#\\\/schema\\\/person\\\/bc185387219a73c6f2f8698114720c49\"},\"breadcrumb\":{\"@id\":\"https:\\\/\\\/lepatriotebenin.com\\\/index.php\\\/2024\\\/05\\\/30\\\/editorial-notre-preference-nationale-en-berne\\\/#breadcrumb\"},\"inLanguage\":\"fr-FR\",\"potentialAction\":[{\"@type\":\"ReadAction\",\"target\":[\"https:\\\/\\\/lepatriotebenin.com\\\/index.php\\\/2024\\\/05\\\/30\\\/editorial-notre-preference-nationale-en-berne\\\/\"]}]},{\"@type\":\"ImageObject\",\"inLanguage\":\"fr-FR\",\"@id\":\"https:\\\/\\\/lepatriotebenin.com\\\/index.php\\\/2024\\\/05\\\/30\\\/editorial-notre-preference-nationale-en-berne\\\/#primaryimage\",\"url\":\"https:\\\/\\\/lepatriotebenin.com\\\/wp-content\\\/uploads\\\/2024\\\/05\\\/maxresdefault.jpg\",\"contentUrl\":\"https:\\\/\\\/lepatriotebenin.com\\\/wp-content\\\/uploads\\\/2024\\\/05\\\/maxresdefault.jpg\",\"width\":1280,\"height\":720},{\"@type\":\"BreadcrumbList\",\"@id\":\"https:\\\/\\\/lepatriotebenin.com\\\/index.php\\\/2024\\\/05\\\/30\\\/editorial-notre-preference-nationale-en-berne\\\/#breadcrumb\",\"itemListElement\":[{\"@type\":\"ListItem\",\"position\":1,\"name\":\"Accueil\",\"item\":\"https:\\\/\\\/lepatriotebenin.com\\\/\"},{\"@type\":\"ListItem\",\"position\":2,\"name\":\"Editorial\u00a0: Notre \u00ab\u00a0pr\u00e9f\u00e9rence nationale\u00a0\u00bb en berne\u2026\"}]},{\"@type\":\"WebSite\",\"@id\":\"https:\\\/\\\/lepatriotebenin.com\\\/#website\",\"url\":\"https:\\\/\\\/lepatriotebenin.com\\\/\",\"name\":\"Le Patriote\",\"description\":\"Le Patriote B\u00e9nin\",\"potentialAction\":[{\"@type\":\"SearchAction\",\"target\":{\"@type\":\"EntryPoint\",\"urlTemplate\":\"https:\\\/\\\/lepatriotebenin.com\\\/?s={search_term_string}\"},\"query-input\":{\"@type\":\"PropertyValueSpecification\",\"valueRequired\":true,\"valueName\":\"search_term_string\"}}],\"inLanguage\":\"fr-FR\"},{\"@type\":\"Person\",\"@id\":\"https:\\\/\\\/lepatriotebenin.com\\\/#\\\/schema\\\/person\\\/bc185387219a73c6f2f8698114720c49\",\"name\":\"Marcel ZOUMENOU\",\"image\":{\"@type\":\"ImageObject\",\"inLanguage\":\"fr-FR\",\"@id\":\"https:\\\/\\\/secure.gravatar.com\\\/avatar\\\/55e60188ee1ca2050a14675489f7856c575861edc734548164d100bdb6565472?s=96&d=mm&r=g\",\"url\":\"https:\\\/\\\/secure.gravatar.com\\\/avatar\\\/55e60188ee1ca2050a14675489f7856c575861edc734548164d100bdb6565472?s=96&d=mm&r=g\",\"contentUrl\":\"https:\\\/\\\/secure.gravatar.com\\\/avatar\\\/55e60188ee1ca2050a14675489f7856c575861edc734548164d100bdb6565472?s=96&d=mm&r=g\",\"caption\":\"Marcel ZOUMENOU\"},\"url\":\"https:\\\/\\\/lepatriotebenin.com\"}]}<\/script>\n<!-- \/ Yoast SEO plugin. -->","yoast_head_json":{"title":"Editorial\u00a0: Notre \u00ab\u00a0pr\u00e9f\u00e9rence nationale\u00a0\u00bb en berne\u2026 - Le Patriote","robots":{"index":"index","follow":"follow","max-snippet":"max-snippet:-1","max-image-preview":"max-image-preview:large","max-video-preview":"max-video-preview:-1"},"canonical":"https:\/\/lepatriotebenin.com\/index.php\/2024\/05\/30\/editorial-notre-preference-nationale-en-berne\/","og_locale":"fr_FR","og_type":"article","og_title":"Editorial\u00a0: Notre \u00ab\u00a0pr\u00e9f\u00e9rence nationale\u00a0\u00bb en berne\u2026 - Le Patriote","og_description":"L\u2019actualit\u00e9 de ces derniers n\u2019a pas manqu\u00e9 de vous fournir un \u00e9ventail de sujets aussi croustillants les uns que les autres. L\u2019un d\u2019eux nous renvoie \u00e0 une th\u00e9matique politique connue&nbsp;:&hellip;","og_url":"https:\/\/lepatriotebenin.com\/index.php\/2024\/05\/30\/editorial-notre-preference-nationale-en-berne\/","og_site_name":"Le Patriote","article_published_time":"2024-05-30T11:57:49+00:00","article_modified_time":"2024-05-30T11:57:50+00:00","og_image":[{"width":1280,"height":720,"url":"https:\/\/lepatriotebenin.com\/wp-content\/uploads\/2024\/05\/maxresdefault.jpg","type":"image\/jpeg"}],"author":"Marcel ZOUMENOU","twitter_card":"summary_large_image","twitter_misc":{"\u00c9crit par":"Marcel ZOUMENOU","Dur\u00e9e de lecture estim\u00e9e":"3 minutes"},"schema":{"@context":"https:\/\/schema.org","@graph":[{"@type":"Article","@id":"https:\/\/lepatriotebenin.com\/index.php\/2024\/05\/30\/editorial-notre-preference-nationale-en-berne\/#article","isPartOf":{"@id":"https:\/\/lepatriotebenin.com\/index.php\/2024\/05\/30\/editorial-notre-preference-nationale-en-berne\/"},"author":{"name":"Marcel ZOUMENOU","@id":"https:\/\/lepatriotebenin.com\/#\/schema\/person\/bc185387219a73c6f2f8698114720c49"},"headline":"Editorial\u00a0: Notre \u00ab\u00a0pr\u00e9f\u00e9rence nationale\u00a0\u00bb en berne\u2026","datePublished":"2024-05-30T11:57:49+00:00","dateModified":"2024-05-30T11:57:50+00:00","mainEntityOfPage":{"@id":"https:\/\/lepatriotebenin.com\/index.php\/2024\/05\/30\/editorial-notre-preference-nationale-en-berne\/"},"wordCount":604,"commentCount":0,"image":{"@id":"https:\/\/lepatriotebenin.com\/index.php\/2024\/05\/30\/editorial-notre-preference-nationale-en-berne\/#primaryimage"},"thumbnailUrl":"https:\/\/lepatriotebenin.com\/wp-content\/uploads\/2024\/05\/maxresdefault.jpg","articleSection":["Politique"],"inLanguage":"fr-FR","potentialAction":[{"@type":"CommentAction","name":"Comment","target":["https:\/\/lepatriotebenin.com\/index.php\/2024\/05\/30\/editorial-notre-preference-nationale-en-berne\/#respond"]}]},{"@type":"WebPage","@id":"https:\/\/lepatriotebenin.com\/index.php\/2024\/05\/30\/editorial-notre-preference-nationale-en-berne\/","url":"https:\/\/lepatriotebenin.com\/index.php\/2024\/05\/30\/editorial-notre-preference-nationale-en-berne\/","name":"Editorial\u00a0: Notre \u00ab\u00a0pr\u00e9f\u00e9rence nationale\u00a0\u00bb en berne\u2026 - Le Patriote","isPartOf":{"@id":"https:\/\/lepatriotebenin.com\/#website"},"primaryImageOfPage":{"@id":"https:\/\/lepatriotebenin.com\/index.php\/2024\/05\/30\/editorial-notre-preference-nationale-en-berne\/#primaryimage"},"image":{"@id":"https:\/\/lepatriotebenin.com\/index.php\/2024\/05\/30\/editorial-notre-preference-nationale-en-berne\/#primaryimage"},"thumbnailUrl":"https:\/\/lepatriotebenin.com\/wp-content\/uploads\/2024\/05\/maxresdefault.jpg","datePublished":"2024-05-30T11:57:49+00:00","dateModified":"2024-05-30T11:57:50+00:00","author":{"@id":"https:\/\/lepatriotebenin.com\/#\/schema\/person\/bc185387219a73c6f2f8698114720c49"},"breadcrumb":{"@id":"https:\/\/lepatriotebenin.com\/index.php\/2024\/05\/30\/editorial-notre-preference-nationale-en-berne\/#breadcrumb"},"inLanguage":"fr-FR","potentialAction":[{"@type":"ReadAction","target":["https:\/\/lepatriotebenin.com\/index.php\/2024\/05\/30\/editorial-notre-preference-nationale-en-berne\/"]}]},{"@type":"ImageObject","inLanguage":"fr-FR","@id":"https:\/\/lepatriotebenin.com\/index.php\/2024\/05\/30\/editorial-notre-preference-nationale-en-berne\/#primaryimage","url":"https:\/\/lepatriotebenin.com\/wp-content\/uploads\/2024\/05\/maxresdefault.jpg","contentUrl":"https:\/\/lepatriotebenin.com\/wp-content\/uploads\/2024\/05\/maxresdefault.jpg","width":1280,"height":720},{"@type":"BreadcrumbList","@id":"https:\/\/lepatriotebenin.com\/index.php\/2024\/05\/30\/editorial-notre-preference-nationale-en-berne\/#breadcrumb","itemListElement":[{"@type":"ListItem","position":1,"name":"Accueil","item":"https:\/\/lepatriotebenin.com\/"},{"@type":"ListItem","position":2,"name":"Editorial\u00a0: Notre \u00ab\u00a0pr\u00e9f\u00e9rence nationale\u00a0\u00bb en berne\u2026"}]},{"@type":"WebSite","@id":"https:\/\/lepatriotebenin.com\/#website","url":"https:\/\/lepatriotebenin.com\/","name":"Le Patriote","description":"Le Patriote B\u00e9nin","potentialAction":[{"@type":"SearchAction","target":{"@type":"EntryPoint","urlTemplate":"https:\/\/lepatriotebenin.com\/?s={search_term_string}"},"query-input":{"@type":"PropertyValueSpecification","valueRequired":true,"valueName":"search_term_string"}}],"inLanguage":"fr-FR"},{"@type":"Person","@id":"https:\/\/lepatriotebenin.com\/#\/schema\/person\/bc185387219a73c6f2f8698114720c49","name":"Marcel ZOUMENOU","image":{"@type":"ImageObject","inLanguage":"fr-FR","@id":"https:\/\/secure.gravatar.com\/avatar\/55e60188ee1ca2050a14675489f7856c575861edc734548164d100bdb6565472?s=96&d=mm&r=g","url":"https:\/\/secure.gravatar.com\/avatar\/55e60188ee1ca2050a14675489f7856c575861edc734548164d100bdb6565472?s=96&d=mm&r=g","contentUrl":"https:\/\/secure.gravatar.com\/avatar\/55e60188ee1ca2050a14675489f7856c575861edc734548164d100bdb6565472?s=96&d=mm&r=g","caption":"Marcel ZOUMENOU"},"url":"https:\/\/lepatriotebenin.com"}]}},"_links":{"self":[{"href":"https:\/\/lepatriotebenin.com\/index.php\/wp-json\/wp\/v2\/posts\/5452","targetHints":{"allow":["GET"]}}],"collection":[{"href":"https:\/\/lepatriotebenin.com\/index.php\/wp-json\/wp\/v2\/posts"}],"about":[{"href":"https:\/\/lepatriotebenin.com\/index.php\/wp-json\/wp\/v2\/types\/post"}],"author":[{"embeddable":true,"href":"https:\/\/lepatriotebenin.com\/index.php\/wp-json\/wp\/v2\/users\/2"}],"replies":[{"embeddable":true,"href":"https:\/\/lepatriotebenin.com\/index.php\/wp-json\/wp\/v2\/comments?post=5452"}],"version-history":[{"count":1,"href":"https:\/\/lepatriotebenin.com\/index.php\/wp-json\/wp\/v2\/posts\/5452\/revisions"}],"predecessor-version":[{"id":5454,"href":"https:\/\/lepatriotebenin.com\/index.php\/wp-json\/wp\/v2\/posts\/5452\/revisions\/5454"}],"wp:featuredmedia":[{"embeddable":true,"href":"https:\/\/lepatriotebenin.com\/index.php\/wp-json\/wp\/v2\/media\/5453"}],"wp:attachment":[{"href":"https:\/\/lepatriotebenin.com\/index.php\/wp-json\/wp\/v2\/media?parent=5452"}],"wp:term":[{"taxonomy":"category","embeddable":true,"href":"https:\/\/lepatriotebenin.com\/index.php\/wp-json\/wp\/v2\/categories?post=5452"},{"taxonomy":"post_tag","embeddable":true,"href":"https:\/\/lepatriotebenin.com\/index.php\/wp-json\/wp\/v2\/tags?post=5452"}],"curies":[{"name":"wp","href":"https:\/\/api.w.org\/{rel}","templated":true}]}}