{"id":5448,"date":"2024-05-30T13:47:27","date_gmt":"2024-05-30T11:47:27","guid":{"rendered":"https:\/\/lepatriotebenin.com\/?p=5448"},"modified":"2024-05-30T13:47:27","modified_gmt":"2024-05-30T11:47:27","slug":"tournee-gouvernementale-du-ministre-kerekou-a-boukoumbe-du-mensonge-sur-toute-la-ligne-selon-valentin-djenontin","status":"publish","type":"post","link":"https:\/\/lepatriotebenin.com\/index.php\/2024\/05\/30\/tournee-gouvernementale-du-ministre-kerekou-a-boukoumbe-du-mensonge-sur-toute-la-ligne-selon-valentin-djenontin\/","title":{"rendered":"Tourn\u00e9e gouvernementale du Ministre K\u00e9r\u00e9kou \u00e0 Boukoumb\u00e9 : Du mensonge sur toute la ligne selon Valentin Dj\u00e8nontin"},"content":{"rendered":"\n<p>Depuis le 26 mai 2024, les Ministres de Patrice Talon sont en tourn\u00e9e gouvernementale. \u00c0 <strong>Boukoumb\u00e9, <\/strong>le Ministre des Petites et Moyennes entreprises et de la promotion de l&#8217;emploi, <strong>Modeste K\u00e9r\u00e9kou <\/strong>s&rsquo;est soumis au m\u00eame exercice que ses coll\u00e8gues. Mais il a sembl\u00e9, en \u00e9num\u00e9rant la longue liste des actions men\u00e9es par le gouvernement de la rupture, toucher certaines sensibilit\u00e9s. C&rsquo;est le cas de l&rsquo;ex ministre de la justice, Valentin Djenontin qui s&rsquo;en est rapidement pris \u00e0 lui pour corriger certains tirs.<\/p>\n\n\n\n<p>Au cours de sa tourn\u00e9e de reddition de compte, le Ministre Modeste K\u00e9r\u00e9kou aurait soutenu qu&rsquo;en huit ans de gestion, le gouvernement de la rupture a r\u00e9ussi \u00e0 faire ce qu&rsquo;aucun pr\u00e9sident n&rsquo;a jamais fait. Une d\u00e9claration qui n&rsquo;a pas \u00e9t\u00e9 du go\u00fbt de l&rsquo;ancien garde des sceaux qui l&rsquo;a clairement fait savoir dans un audio abondamment relay\u00e9 sur les r\u00e9seaux sociaux. Dans l&rsquo;audio, l&rsquo;ancien ministre de<strong> Boni Yayi<\/strong> a qualifi\u00e9 les propos du Ministre K\u00e9r\u00e9kou de parjures contre son p\u00e8re dont les r\u00e9alisations continuent de faire \u00e9chos m\u00eame apr\u00e8s son d\u00e9part \u00e0 la t\u00eate de la R\u00e9publique. <em>\u00abChers compatriotes, J&rsquo;ai suivi avec consternation les propos tenus par le ministre Modeste K\u00e9r\u00e9kou a Boukoumbe dans le cadre de la tourn\u00e9e de reddition compte. C&rsquo;est ahurissant. Je suis boulevers\u00e9 \u00e0 \u00e9couter le Ministre Modeste K\u00e9r\u00e9kou, fils du g\u00e9n\u00e9ral Mathieu K\u00e9r\u00e9kou. Ses propos sont d&rsquo;une gravit\u00e9 extr\u00eame et je les consid\u00e8re m\u00eame comme une profanation de la m\u00e9moire de son p\u00e8re qui a dirig\u00e9 le B\u00e9nin pendant 28 ans et qui, \u00e0 part quelques errances de la p\u00e9riode r\u00e9volutionnaire, n&rsquo;a pas du tout d\u00e9m\u00e9rit\u00e9. Et je me suis demand\u00e9 franchement si ce monsieur n&rsquo;a pas manqu\u00e9 quelques pri\u00e8res ou certains rituels. C&rsquo;est inconcevable. Il s&rsquo;est permis de donner certains exemples, que le pr\u00e9sident patrice talon, en huit ans de gouvernance a travaill\u00e9 plus que tous les pr\u00e9sidents depuis 1960\u00bb<\/em>, a d\u00e9clar\u00e9 avec indignation Valentin Dj\u00e8nontin.<\/p>\n\n\n\n<p>Il poursuit dans un ton ironique \u00ab<em>En quelques sortes, il a raison. Parce que ce qui a caract\u00e9ris\u00e9 le r\u00e9gime du pr\u00e9sident Patrice Talon, ce sont les emprisonnements, ce sont les assassinats, on se permet de tuer des gens \u00e0 cause d&rsquo;\u00e9lections. Aucun pr\u00e9sident n&rsquo;a jamais fait \u00e7a. \u00c7a c&rsquo;est r\u00e9el. Mais le reste, les exemples qu&rsquo;il a donn\u00e9s, il a totalement menti\u00bb,<\/em> d\u00e9boute encore l&rsquo;homme politique.<\/p>\n\n\n\n<p>\u00ab<strong>C&rsquo;est une honte \u00bb<\/strong><\/p>\n\n\n\n<p>Selon l&rsquo;ancien d\u00e9put\u00e9, le Ministre Modeste K\u00e9r\u00e9kou fait \u00ab\u00a0honte\u00a0\u00bb \u00e0 son p\u00e8re lorsqu&rsquo;il dit des paroles du genre dans une commune qui plus, se situe dans le d\u00e9partement de l&rsquo;<strong>Atacora<\/strong>. \u00c0 l&rsquo;en croire, c&rsquo;est une profanation de la m\u00e9moire de son p\u00e8re. <em>\u00abSon papa est de l&rsquo;Atacora et lui m\u00eame est de l&rsquo;Atacora. Il est all\u00e9 profaner la m\u00e9moire de son p\u00e8re\u00bb, a-t-il tonn\u00e9 avant d&rsquo;ajouter : \u00abcelui qui a cass\u00e9 la maison de ton p\u00e8re, celui qui a d\u00e9truit la maison de ton p\u00e8re, l\u00e0 o\u00f9 tu es n\u00e9, tu penses que c&rsquo;est celui-l\u00e0 qui a travaill\u00e9 plus que tous les pr\u00e9sidents\u00bb.<\/em> Pour boucler la boucle, l&rsquo;ancien garde des sceaux b\u00e9ninois a laiss\u00e9 une recommandation aux confessions religieuses du B\u00e9nin : <em>\u00abje demande aux pasteurs, les pr\u00eates, de prier pour Modeste K\u00e9r\u00e9kou\u00bb<\/em>, conclut-il.<\/p>\n\n\n\n<figure class=\"wp-block-image size-large\"><img fetchpriority=\"high\" decoding=\"async\" width=\"1024\" height=\"569\" src=\"https:\/\/lepatriotebenin.com\/wp-content\/uploads\/2024\/05\/valentin-djenontin-pi-1-1024x569.webp\" alt=\"\" class=\"wp-image-5450\" srcset=\"https:\/\/lepatriotebenin.com\/wp-content\/uploads\/2024\/05\/valentin-djenontin-pi-1-1024x569.webp 1024w, https:\/\/lepatriotebenin.com\/wp-content\/uploads\/2024\/05\/valentin-djenontin-pi-1-300x167.webp 300w, https:\/\/lepatriotebenin.com\/wp-content\/uploads\/2024\/05\/valentin-djenontin-pi-1-768x427.webp 768w, https:\/\/lepatriotebenin.com\/wp-content\/uploads\/2024\/05\/valentin-djenontin-pi-1-1170x650.webp 1170w, https:\/\/lepatriotebenin.com\/wp-content\/uploads\/2024\/05\/valentin-djenontin-pi-1-585x325.webp 585w, https:\/\/lepatriotebenin.com\/wp-content\/uploads\/2024\/05\/valentin-djenontin-pi-1.webp 1200w\" sizes=\"(max-width: 1024px) 100vw, 1024px\" \/><\/figure>\n\n\n\n<p><strong>Ignace TOSSOU<\/strong><\/p>\n","protected":false},"excerpt":{"rendered":"<p>Depuis le 26 mai 2024, les Ministres de Patrice Talon sont en tourn\u00e9e gouvernementale. \u00c0 Boukoumb\u00e9, le Ministre des Petites et Moyennes entreprises et de la promotion de l&#8217;emploi, Modeste&hellip;<\/p>\n","protected":false},"author":5,"featured_media":5449,"comment_status":"open","ping_status":"open","sticky":false,"template":"","format":"standard","meta":{"content-type":"","om_disable_all_campaigns":false,"_monsterinsights_skip_tracking":false,"_monsterinsights_sitenote_active":false,"_monsterinsights_sitenote_note":"","_monsterinsights_sitenote_category":0,"_uf_show_specific_survey":0,"_uf_disable_surveys":false,"footnotes":""},"categories":[26],"tags":[],"class_list":["post-5448","post","type-post","status-publish","format-standard","has-post-thumbnail","hentry","category-politique"],"aioseo_notices":[],"yoast_head":"<!-- This site is optimized with the Yoast SEO plugin v27.5 - https:\/\/yoast.com\/product\/yoast-seo-wordpress\/ -->\n<title>Tourn\u00e9e gouvernementale du Ministre K\u00e9r\u00e9kou \u00e0 Boukoumb\u00e9 : Du mensonge sur toute la ligne selon Valentin Dj\u00e8nontin - Le Patriote<\/title>\n<meta name=\"robots\" content=\"index, follow, max-snippet:-1, max-image-preview:large, max-video-preview:-1\" \/>\n<link rel=\"canonical\" href=\"https:\/\/lepatriotebenin.com\/index.php\/2024\/05\/30\/tournee-gouvernementale-du-ministre-kerekou-a-boukoumbe-du-mensonge-sur-toute-la-ligne-selon-valentin-djenontin\/\" \/>\n<meta property=\"og:locale\" content=\"fr_FR\" \/>\n<meta property=\"og:type\" content=\"article\" \/>\n<meta property=\"og:title\" content=\"Tourn\u00e9e gouvernementale du Ministre K\u00e9r\u00e9kou \u00e0 Boukoumb\u00e9 : Du mensonge sur toute la ligne selon Valentin Dj\u00e8nontin - Le Patriote\" \/>\n<meta property=\"og:description\" content=\"Depuis le 26 mai 2024, les Ministres de Patrice Talon sont en tourn\u00e9e gouvernementale. \u00c0 Boukoumb\u00e9, le Ministre des Petites et Moyennes entreprises et de la promotion de l&#8217;emploi, Modeste&hellip;\" \/>\n<meta property=\"og:url\" content=\"https:\/\/lepatriotebenin.com\/index.php\/2024\/05\/30\/tournee-gouvernementale-du-ministre-kerekou-a-boukoumbe-du-mensonge-sur-toute-la-ligne-selon-valentin-djenontin\/\" \/>\n<meta property=\"og:site_name\" content=\"Le Patriote\" \/>\n<meta property=\"article:published_time\" content=\"2024-05-30T11:47:27+00:00\" \/>\n<meta property=\"og:image\" content=\"https:\/\/lepatriotebenin.com\/wp-content\/uploads\/2024\/05\/kerekou-scaled-1.webp\" \/>\n\t<meta property=\"og:image:width\" content=\"2560\" \/>\n\t<meta property=\"og:image:height\" content=\"1699\" \/>\n\t<meta property=\"og:image:type\" content=\"image\/webp\" \/>\n<meta name=\"author\" content=\"Redaction\" \/>\n<meta name=\"twitter:card\" content=\"summary_large_image\" \/>\n<meta name=\"twitter:label1\" content=\"\u00c9crit par\" \/>\n\t<meta name=\"twitter:data1\" content=\"Redaction\" \/>\n\t<meta name=\"twitter:label2\" content=\"Dur\u00e9e de lecture estim\u00e9e\" \/>\n\t<meta name=\"twitter:data2\" content=\"3 minutes\" \/>\n<script type=\"application\/ld+json\" class=\"yoast-schema-graph\">{\"@context\":\"https:\\\/\\\/schema.org\",\"@graph\":[{\"@type\":\"Article\",\"@id\":\"https:\\\/\\\/lepatriotebenin.com\\\/index.php\\\/2024\\\/05\\\/30\\\/tournee-gouvernementale-du-ministre-kerekou-a-boukoumbe-du-mensonge-sur-toute-la-ligne-selon-valentin-djenontin\\\/#article\",\"isPartOf\":{\"@id\":\"https:\\\/\\\/lepatriotebenin.com\\\/index.php\\\/2024\\\/05\\\/30\\\/tournee-gouvernementale-du-ministre-kerekou-a-boukoumbe-du-mensonge-sur-toute-la-ligne-selon-valentin-djenontin\\\/\"},\"author\":{\"name\":\"Redaction\",\"@id\":\"https:\\\/\\\/lepatriotebenin.com\\\/#\\\/schema\\\/person\\\/2e7709b9c9cc313e452d1136af61690f\"},\"headline\":\"Tourn\u00e9e gouvernementale du Ministre K\u00e9r\u00e9kou \u00e0 Boukoumb\u00e9 : Du mensonge sur toute la ligne selon Valentin Dj\u00e8nontin\",\"datePublished\":\"2024-05-30T11:47:27+00:00\",\"mainEntityOfPage\":{\"@id\":\"https:\\\/\\\/lepatriotebenin.com\\\/index.php\\\/2024\\\/05\\\/30\\\/tournee-gouvernementale-du-ministre-kerekou-a-boukoumbe-du-mensonge-sur-toute-la-ligne-selon-valentin-djenontin\\\/\"},\"wordCount\":636,\"commentCount\":0,\"image\":{\"@id\":\"https:\\\/\\\/lepatriotebenin.com\\\/index.php\\\/2024\\\/05\\\/30\\\/tournee-gouvernementale-du-ministre-kerekou-a-boukoumbe-du-mensonge-sur-toute-la-ligne-selon-valentin-djenontin\\\/#primaryimage\"},\"thumbnailUrl\":\"https:\\\/\\\/lepatriotebenin.com\\\/wp-content\\\/uploads\\\/2024\\\/05\\\/kerekou-scaled-1.webp\",\"articleSection\":[\"Politique\"],\"inLanguage\":\"fr-FR\",\"potentialAction\":[{\"@type\":\"CommentAction\",\"name\":\"Comment\",\"target\":[\"https:\\\/\\\/lepatriotebenin.com\\\/index.php\\\/2024\\\/05\\\/30\\\/tournee-gouvernementale-du-ministre-kerekou-a-boukoumbe-du-mensonge-sur-toute-la-ligne-selon-valentin-djenontin\\\/#respond\"]}]},{\"@type\":\"WebPage\",\"@id\":\"https:\\\/\\\/lepatriotebenin.com\\\/index.php\\\/2024\\\/05\\\/30\\\/tournee-gouvernementale-du-ministre-kerekou-a-boukoumbe-du-mensonge-sur-toute-la-ligne-selon-valentin-djenontin\\\/\",\"url\":\"https:\\\/\\\/lepatriotebenin.com\\\/index.php\\\/2024\\\/05\\\/30\\\/tournee-gouvernementale-du-ministre-kerekou-a-boukoumbe-du-mensonge-sur-toute-la-ligne-selon-valentin-djenontin\\\/\",\"name\":\"Tourn\u00e9e gouvernementale du Ministre K\u00e9r\u00e9kou \u00e0 Boukoumb\u00e9 : Du mensonge sur toute la ligne selon Valentin Dj\u00e8nontin - Le Patriote\",\"isPartOf\":{\"@id\":\"https:\\\/\\\/lepatriotebenin.com\\\/#website\"},\"primaryImageOfPage\":{\"@id\":\"https:\\\/\\\/lepatriotebenin.com\\\/index.php\\\/2024\\\/05\\\/30\\\/tournee-gouvernementale-du-ministre-kerekou-a-boukoumbe-du-mensonge-sur-toute-la-ligne-selon-valentin-djenontin\\\/#primaryimage\"},\"image\":{\"@id\":\"https:\\\/\\\/lepatriotebenin.com\\\/index.php\\\/2024\\\/05\\\/30\\\/tournee-gouvernementale-du-ministre-kerekou-a-boukoumbe-du-mensonge-sur-toute-la-ligne-selon-valentin-djenontin\\\/#primaryimage\"},\"thumbnailUrl\":\"https:\\\/\\\/lepatriotebenin.com\\\/wp-content\\\/uploads\\\/2024\\\/05\\\/kerekou-scaled-1.webp\",\"datePublished\":\"2024-05-30T11:47:27+00:00\",\"author\":{\"@id\":\"https:\\\/\\\/lepatriotebenin.com\\\/#\\\/schema\\\/person\\\/2e7709b9c9cc313e452d1136af61690f\"},\"breadcrumb\":{\"@id\":\"https:\\\/\\\/lepatriotebenin.com\\\/index.php\\\/2024\\\/05\\\/30\\\/tournee-gouvernementale-du-ministre-kerekou-a-boukoumbe-du-mensonge-sur-toute-la-ligne-selon-valentin-djenontin\\\/#breadcrumb\"},\"inLanguage\":\"fr-FR\",\"potentialAction\":[{\"@type\":\"ReadAction\",\"target\":[\"https:\\\/\\\/lepatriotebenin.com\\\/index.php\\\/2024\\\/05\\\/30\\\/tournee-gouvernementale-du-ministre-kerekou-a-boukoumbe-du-mensonge-sur-toute-la-ligne-selon-valentin-djenontin\\\/\"]}]},{\"@type\":\"ImageObject\",\"inLanguage\":\"fr-FR\",\"@id\":\"https:\\\/\\\/lepatriotebenin.com\\\/index.php\\\/2024\\\/05\\\/30\\\/tournee-gouvernementale-du-ministre-kerekou-a-boukoumbe-du-mensonge-sur-toute-la-ligne-selon-valentin-djenontin\\\/#primaryimage\",\"url\":\"https:\\\/\\\/lepatriotebenin.com\\\/wp-content\\\/uploads\\\/2024\\\/05\\\/kerekou-scaled-1.webp\",\"contentUrl\":\"https:\\\/\\\/lepatriotebenin.com\\\/wp-content\\\/uploads\\\/2024\\\/05\\\/kerekou-scaled-1.webp\",\"width\":2560,\"height\":1699},{\"@type\":\"BreadcrumbList\",\"@id\":\"https:\\\/\\\/lepatriotebenin.com\\\/index.php\\\/2024\\\/05\\\/30\\\/tournee-gouvernementale-du-ministre-kerekou-a-boukoumbe-du-mensonge-sur-toute-la-ligne-selon-valentin-djenontin\\\/#breadcrumb\",\"itemListElement\":[{\"@type\":\"ListItem\",\"position\":1,\"name\":\"Accueil\",\"item\":\"https:\\\/\\\/lepatriotebenin.com\\\/\"},{\"@type\":\"ListItem\",\"position\":2,\"name\":\"Tourn\u00e9e gouvernementale du Ministre K\u00e9r\u00e9kou \u00e0 Boukoumb\u00e9 : Du mensonge sur toute la ligne selon Valentin Dj\u00e8nontin\"}]},{\"@type\":\"WebSite\",\"@id\":\"https:\\\/\\\/lepatriotebenin.com\\\/#website\",\"url\":\"https:\\\/\\\/lepatriotebenin.com\\\/\",\"name\":\"Le Patriote\",\"description\":\"Le Patriote B\u00e9nin\",\"potentialAction\":[{\"@type\":\"SearchAction\",\"target\":{\"@type\":\"EntryPoint\",\"urlTemplate\":\"https:\\\/\\\/lepatriotebenin.com\\\/?s={search_term_string}\"},\"query-input\":{\"@type\":\"PropertyValueSpecification\",\"valueRequired\":true,\"valueName\":\"search_term_string\"}}],\"inLanguage\":\"fr-FR\"},{\"@type\":\"Person\",\"@id\":\"https:\\\/\\\/lepatriotebenin.com\\\/#\\\/schema\\\/person\\\/2e7709b9c9cc313e452d1136af61690f\",\"name\":\"Redaction\",\"image\":{\"@type\":\"ImageObject\",\"inLanguage\":\"fr-FR\",\"@id\":\"https:\\\/\\\/secure.gravatar.com\\\/avatar\\\/c4c509357859ea2ca2cbb6d8812898a73e4ef1ef9934c2e591d7e32face734d1?s=96&d=mm&r=g\",\"url\":\"https:\\\/\\\/secure.gravatar.com\\\/avatar\\\/c4c509357859ea2ca2cbb6d8812898a73e4ef1ef9934c2e591d7e32face734d1?s=96&d=mm&r=g\",\"contentUrl\":\"https:\\\/\\\/secure.gravatar.com\\\/avatar\\\/c4c509357859ea2ca2cbb6d8812898a73e4ef1ef9934c2e591d7e32face734d1?s=96&d=mm&r=g\",\"caption\":\"Redaction\"},\"url\":\"https:\\\/\\\/lepatriotebenin.com\"}]}<\/script>\n<!-- \/ Yoast SEO plugin. -->","yoast_head_json":{"title":"Tourn\u00e9e gouvernementale du Ministre K\u00e9r\u00e9kou \u00e0 Boukoumb\u00e9 : Du mensonge sur toute la ligne selon Valentin Dj\u00e8nontin - Le Patriote","robots":{"index":"index","follow":"follow","max-snippet":"max-snippet:-1","max-image-preview":"max-image-preview:large","max-video-preview":"max-video-preview:-1"},"canonical":"https:\/\/lepatriotebenin.com\/index.php\/2024\/05\/30\/tournee-gouvernementale-du-ministre-kerekou-a-boukoumbe-du-mensonge-sur-toute-la-ligne-selon-valentin-djenontin\/","og_locale":"fr_FR","og_type":"article","og_title":"Tourn\u00e9e gouvernementale du Ministre K\u00e9r\u00e9kou \u00e0 Boukoumb\u00e9 : Du mensonge sur toute la ligne selon Valentin Dj\u00e8nontin - Le Patriote","og_description":"Depuis le 26 mai 2024, les Ministres de Patrice Talon sont en tourn\u00e9e gouvernementale. \u00c0 Boukoumb\u00e9, le Ministre des Petites et Moyennes entreprises et de la promotion de l&#8217;emploi, Modeste&hellip;","og_url":"https:\/\/lepatriotebenin.com\/index.php\/2024\/05\/30\/tournee-gouvernementale-du-ministre-kerekou-a-boukoumbe-du-mensonge-sur-toute-la-ligne-selon-valentin-djenontin\/","og_site_name":"Le Patriote","article_published_time":"2024-05-30T11:47:27+00:00","og_image":[{"width":2560,"height":1699,"url":"https:\/\/lepatriotebenin.com\/wp-content\/uploads\/2024\/05\/kerekou-scaled-1.webp","type":"image\/webp"}],"author":"Redaction","twitter_card":"summary_large_image","twitter_misc":{"\u00c9crit par":"Redaction","Dur\u00e9e de lecture estim\u00e9e":"3 minutes"},"schema":{"@context":"https:\/\/schema.org","@graph":[{"@type":"Article","@id":"https:\/\/lepatriotebenin.com\/index.php\/2024\/05\/30\/tournee-gouvernementale-du-ministre-kerekou-a-boukoumbe-du-mensonge-sur-toute-la-ligne-selon-valentin-djenontin\/#article","isPartOf":{"@id":"https:\/\/lepatriotebenin.com\/index.php\/2024\/05\/30\/tournee-gouvernementale-du-ministre-kerekou-a-boukoumbe-du-mensonge-sur-toute-la-ligne-selon-valentin-djenontin\/"},"author":{"name":"Redaction","@id":"https:\/\/lepatriotebenin.com\/#\/schema\/person\/2e7709b9c9cc313e452d1136af61690f"},"headline":"Tourn\u00e9e gouvernementale du Ministre K\u00e9r\u00e9kou \u00e0 Boukoumb\u00e9 : Du mensonge sur toute la ligne selon Valentin Dj\u00e8nontin","datePublished":"2024-05-30T11:47:27+00:00","mainEntityOfPage":{"@id":"https:\/\/lepatriotebenin.com\/index.php\/2024\/05\/30\/tournee-gouvernementale-du-ministre-kerekou-a-boukoumbe-du-mensonge-sur-toute-la-ligne-selon-valentin-djenontin\/"},"wordCount":636,"commentCount":0,"image":{"@id":"https:\/\/lepatriotebenin.com\/index.php\/2024\/05\/30\/tournee-gouvernementale-du-ministre-kerekou-a-boukoumbe-du-mensonge-sur-toute-la-ligne-selon-valentin-djenontin\/#primaryimage"},"thumbnailUrl":"https:\/\/lepatriotebenin.com\/wp-content\/uploads\/2024\/05\/kerekou-scaled-1.webp","articleSection":["Politique"],"inLanguage":"fr-FR","potentialAction":[{"@type":"CommentAction","name":"Comment","target":["https:\/\/lepatriotebenin.com\/index.php\/2024\/05\/30\/tournee-gouvernementale-du-ministre-kerekou-a-boukoumbe-du-mensonge-sur-toute-la-ligne-selon-valentin-djenontin\/#respond"]}]},{"@type":"WebPage","@id":"https:\/\/lepatriotebenin.com\/index.php\/2024\/05\/30\/tournee-gouvernementale-du-ministre-kerekou-a-boukoumbe-du-mensonge-sur-toute-la-ligne-selon-valentin-djenontin\/","url":"https:\/\/lepatriotebenin.com\/index.php\/2024\/05\/30\/tournee-gouvernementale-du-ministre-kerekou-a-boukoumbe-du-mensonge-sur-toute-la-ligne-selon-valentin-djenontin\/","name":"Tourn\u00e9e gouvernementale du Ministre K\u00e9r\u00e9kou \u00e0 Boukoumb\u00e9 : Du mensonge sur toute la ligne selon Valentin Dj\u00e8nontin - Le Patriote","isPartOf":{"@id":"https:\/\/lepatriotebenin.com\/#website"},"primaryImageOfPage":{"@id":"https:\/\/lepatriotebenin.com\/index.php\/2024\/05\/30\/tournee-gouvernementale-du-ministre-kerekou-a-boukoumbe-du-mensonge-sur-toute-la-ligne-selon-valentin-djenontin\/#primaryimage"},"image":{"@id":"https:\/\/lepatriotebenin.com\/index.php\/2024\/05\/30\/tournee-gouvernementale-du-ministre-kerekou-a-boukoumbe-du-mensonge-sur-toute-la-ligne-selon-valentin-djenontin\/#primaryimage"},"thumbnailUrl":"https:\/\/lepatriotebenin.com\/wp-content\/uploads\/2024\/05\/kerekou-scaled-1.webp","datePublished":"2024-05-30T11:47:27+00:00","author":{"@id":"https:\/\/lepatriotebenin.com\/#\/schema\/person\/2e7709b9c9cc313e452d1136af61690f"},"breadcrumb":{"@id":"https:\/\/lepatriotebenin.com\/index.php\/2024\/05\/30\/tournee-gouvernementale-du-ministre-kerekou-a-boukoumbe-du-mensonge-sur-toute-la-ligne-selon-valentin-djenontin\/#breadcrumb"},"inLanguage":"fr-FR","potentialAction":[{"@type":"ReadAction","target":["https:\/\/lepatriotebenin.com\/index.php\/2024\/05\/30\/tournee-gouvernementale-du-ministre-kerekou-a-boukoumbe-du-mensonge-sur-toute-la-ligne-selon-valentin-djenontin\/"]}]},{"@type":"ImageObject","inLanguage":"fr-FR","@id":"https:\/\/lepatriotebenin.com\/index.php\/2024\/05\/30\/tournee-gouvernementale-du-ministre-kerekou-a-boukoumbe-du-mensonge-sur-toute-la-ligne-selon-valentin-djenontin\/#primaryimage","url":"https:\/\/lepatriotebenin.com\/wp-content\/uploads\/2024\/05\/kerekou-scaled-1.webp","contentUrl":"https:\/\/lepatriotebenin.com\/wp-content\/uploads\/2024\/05\/kerekou-scaled-1.webp","width":2560,"height":1699},{"@type":"BreadcrumbList","@id":"https:\/\/lepatriotebenin.com\/index.php\/2024\/05\/30\/tournee-gouvernementale-du-ministre-kerekou-a-boukoumbe-du-mensonge-sur-toute-la-ligne-selon-valentin-djenontin\/#breadcrumb","itemListElement":[{"@type":"ListItem","position":1,"name":"Accueil","item":"https:\/\/lepatriotebenin.com\/"},{"@type":"ListItem","position":2,"name":"Tourn\u00e9e gouvernementale du Ministre K\u00e9r\u00e9kou \u00e0 Boukoumb\u00e9 : Du mensonge sur toute la ligne selon Valentin Dj\u00e8nontin"}]},{"@type":"WebSite","@id":"https:\/\/lepatriotebenin.com\/#website","url":"https:\/\/lepatriotebenin.com\/","name":"Le Patriote","description":"Le Patriote B\u00e9nin","potentialAction":[{"@type":"SearchAction","target":{"@type":"EntryPoint","urlTemplate":"https:\/\/lepatriotebenin.com\/?s={search_term_string}"},"query-input":{"@type":"PropertyValueSpecification","valueRequired":true,"valueName":"search_term_string"}}],"inLanguage":"fr-FR"},{"@type":"Person","@id":"https:\/\/lepatriotebenin.com\/#\/schema\/person\/2e7709b9c9cc313e452d1136af61690f","name":"Redaction","image":{"@type":"ImageObject","inLanguage":"fr-FR","@id":"https:\/\/secure.gravatar.com\/avatar\/c4c509357859ea2ca2cbb6d8812898a73e4ef1ef9934c2e591d7e32face734d1?s=96&d=mm&r=g","url":"https:\/\/secure.gravatar.com\/avatar\/c4c509357859ea2ca2cbb6d8812898a73e4ef1ef9934c2e591d7e32face734d1?s=96&d=mm&r=g","contentUrl":"https:\/\/secure.gravatar.com\/avatar\/c4c509357859ea2ca2cbb6d8812898a73e4ef1ef9934c2e591d7e32face734d1?s=96&d=mm&r=g","caption":"Redaction"},"url":"https:\/\/lepatriotebenin.com"}]}},"_links":{"self":[{"href":"https:\/\/lepatriotebenin.com\/index.php\/wp-json\/wp\/v2\/posts\/5448","targetHints":{"allow":["GET"]}}],"collection":[{"href":"https:\/\/lepatriotebenin.com\/index.php\/wp-json\/wp\/v2\/posts"}],"about":[{"href":"https:\/\/lepatriotebenin.com\/index.php\/wp-json\/wp\/v2\/types\/post"}],"author":[{"embeddable":true,"href":"https:\/\/lepatriotebenin.com\/index.php\/wp-json\/wp\/v2\/users\/5"}],"replies":[{"embeddable":true,"href":"https:\/\/lepatriotebenin.com\/index.php\/wp-json\/wp\/v2\/comments?post=5448"}],"version-history":[{"count":1,"href":"https:\/\/lepatriotebenin.com\/index.php\/wp-json\/wp\/v2\/posts\/5448\/revisions"}],"predecessor-version":[{"id":5451,"href":"https:\/\/lepatriotebenin.com\/index.php\/wp-json\/wp\/v2\/posts\/5448\/revisions\/5451"}],"wp:featuredmedia":[{"embeddable":true,"href":"https:\/\/lepatriotebenin.com\/index.php\/wp-json\/wp\/v2\/media\/5449"}],"wp:attachment":[{"href":"https:\/\/lepatriotebenin.com\/index.php\/wp-json\/wp\/v2\/media?parent=5448"}],"wp:term":[{"taxonomy":"category","embeddable":true,"href":"https:\/\/lepatriotebenin.com\/index.php\/wp-json\/wp\/v2\/categories?post=5448"},{"taxonomy":"post_tag","embeddable":true,"href":"https:\/\/lepatriotebenin.com\/index.php\/wp-json\/wp\/v2\/tags?post=5448"}],"curies":[{"name":"wp","href":"https:\/\/api.w.org\/{rel}","templated":true}]}}