{"id":5445,"date":"2024-05-30T13:36:52","date_gmt":"2024-05-30T11:36:52","guid":{"rendered":"https:\/\/lepatriotebenin.com\/?p=5445"},"modified":"2024-05-30T13:36:52","modified_gmt":"2024-05-30T11:36:52","slug":"respect-du-code-de-la-route-de-larrondissement-dekpe-le-c-a-metonyekpon-et-le-commissaire-adanou-se-donnent-la-main","status":"publish","type":"post","link":"https:\/\/lepatriotebenin.com\/index.php\/2024\/05\/30\/respect-du-code-de-la-route-de-larrondissement-dekpe-le-c-a-metonyekpon-et-le-commissaire-adanou-se-donnent-la-main\/","title":{"rendered":"Respect du code de la route de l&rsquo;arrondissement d&rsquo;Ekp\u00e8 : Le C.A M\u00e8tony\u00e9kpon et le Commissaire Adanou se donnent la main"},"content":{"rendered":"\n<p>Une s\u00e9ance de sensibilisation, conjointement organis\u00e9e par le Chef d&rsquo;arrondissement d&rsquo;Ekp\u00e8,<strong> Janvier M\u00e8tony\u00e9kpon,<\/strong> et le Commissaire de l&rsquo;unit\u00e9 de police de son territoire, <strong>Jean-Marie Adanou,<\/strong> a r\u00e9uni plusieurs cat\u00e9gories socioprofessionnelles, ce <strong>mardi 29 mai 2024<\/strong> dans la salle de d\u00e9lib\u00e9ration dudit arrondissement. L&rsquo;assistance ( conducteurs de taxi-motos, sages et notables, jeunes et femmes ) a \u00e9t\u00e9 amplement entretenue sur les mesures prises pour le respect du code de la route et la s\u00e9curit\u00e9, afin de prot\u00e9ger les populations.<\/p>\n\n\n\n<p>Le chef d&rsquo;arrondissement d&rsquo;Ekp\u00e8, Janvier M\u00e8tony\u00e9kpon, et le Commissaire de police d&rsquo;Ekp\u00e8, <strong>Jean-Marie Adanou,<\/strong> sont en synergie d&rsquo;actions pour la s\u00e9curit\u00e9 des personnes et des biens sur leur territoire. C&rsquo;est ce qui se ressort de leurs \u00e9changes avec les populations, ce mardi. C&rsquo;est l&rsquo;homme en uniforme qui a longuement montr\u00e9 que la protection des vies humaines est l&rsquo;une raison de la d\u00e9cision du port de casque exig\u00e9 \u00e0 tout motocycliste et \u00e0 celui qu&rsquo;il a pris. Mise en vigueur depuis le 1er mai dernier, la mesure, selon son d\u00e9veloppement, permet d\u00e9j\u00e0 de limiter les cas graves d&rsquo;accident dans les h\u00f4pitaux b\u00e9ninois. <\/p>\n\n\n\n<p><em>&lt;&lt; Je salue le leadership du C.A pour sa disponibilit\u00e9 \u00e0 d\u00e9battre des questions aussi sensibles. C&rsquo;est la preuve qu&rsquo;il aime vraiment ses administr\u00e9s. Vous n&rsquo;\u00eates pas sans savoir que la police a commenc\u00e9 la r\u00e9pression contre la violation du code de la route depuis le 1er mars. Les gouvernants ont d\u00e9cid\u00e9 du port obligatoire de casque \u00e0 tout motocycliste et \u00e0 celui qu&rsquo;il a pris derri\u00e8re. C&rsquo;est notre protection. Selon les statistiques, dans une ann\u00e9e, au moins 700 personnes trouvent la mort pour non port de casque. Souvent, c&rsquo;est celui qui est derri\u00e8re qui est plus expos\u00e9. Nous devons prot\u00e9ger nos t\u00eates\u2026..>>,<\/em> a-t-il d\u00e9clar\u00e9 \u00e0 l&rsquo;assistance tr\u00e8s attentive \u00e0 ses propos. C&rsquo;est pourquoi, le Commissaire Jean-Marie Adanou a insist\u00e9 sur le port de casque et le respect des couloirs de circulation \u00e0 \u00c8kp\u00e8. <\/p>\n\n\n\n<p>&lt;<em>&lt; A \u00c8kp\u00e8, nous devons respecter la d\u00e9cision en vigueur. Sinon, la p\u00e9nalit\u00e9 est 5000 F, car le pays est bas\u00e9 sur des textes. En plus, pas plus de deux personnes sur une moto\u2026>>, a-t-il martel\u00e9. Selon ses propos, la r\u00e9pression se fait et se fera dans les normes. &lt;&lt; Bient\u00f4t, il y aura aussi des cam\u00e9ras cach\u00e9es \u00e0 \u00c8kp\u00e8 pour surveiller tout. En cas de probl\u00e8mes sur le terrain, vous pouvez vous approcher du commissariat. Un individu ne peut pas affronter l&rsquo;\u00c9tat que nous sommes tous\u2026.>>,<\/em> a conseill\u00e9 le Commissaire d&rsquo;Ekp\u00e8.<br>Dans le domaine s\u00e9curitaire, Jean-Marie Adanou a invit\u00e9 les populations \u00e0 une franche collaboration avec la police. Il entend d\u00e9courager le vol sur toutes ses formes. <em>&lt;&lt; Il y a des gens qui vont voler des portables m\u00eame dans les maisons. Nous allons les d\u00e9courager\u2026.>><\/em>, a-t-il rassur\u00e9. De la m\u00eame mani\u00e8re, il entend organiser une r\u00e9pression sans faille contre les exc\u00e8s de vitesse dans les agglom\u00e9rations, la pollution sonore et autres comportements qui mettent en danger la vie des paisibles populations.<br>Toutes ces dispositions prses pour la protection des uns et des autres ont \u00e9t\u00e9 salu\u00e9es et soutenues par le chef d&rsquo;arrondissement d&rsquo;Ekp\u00e8. &lt;<em>&lt; Nous remercions notre commissaire et ses \u00e9l\u00e9ments. Je soutiens toute initiative visant la protection et la s\u00e9curit\u00e9 des populations\u2026..>>,<\/em> a-t-il d\u00e9clar\u00e9, apr\u00e8s avoir pos\u00e9 des questions d&rsquo;\u00e9claircissement. Il a appel\u00e9 ses administr\u00e9s \u00e0 ne pas tenir t\u00eate \u00e0 l&rsquo;Etat. C&rsquo;est un nouveau d\u00e9part entre la police et les autorit\u00e9s politico-administratives d&rsquo;Ekp\u00e8 qui est lanc\u00e9.<\/p>\n\n\n\n<p><strong>Jules Yaovi MAOUSSI<\/strong><\/p>\n","protected":false},"excerpt":{"rendered":"<p>Une s\u00e9ance de sensibilisation, conjointement organis\u00e9e par le Chef d&rsquo;arrondissement d&rsquo;Ekp\u00e8, Janvier M\u00e8tony\u00e9kpon, et le Commissaire de l&rsquo;unit\u00e9 de police de son territoire, Jean-Marie Adanou, a r\u00e9uni plusieurs cat\u00e9gories socioprofessionnelles,&hellip;<\/p>\n","protected":false},"author":5,"featured_media":5446,"comment_status":"open","ping_status":"open","sticky":false,"template":"","format":"standard","meta":{"content-type":"","om_disable_all_campaigns":false,"_monsterinsights_skip_tracking":false,"_monsterinsights_sitenote_active":false,"_monsterinsights_sitenote_note":"","_monsterinsights_sitenote_category":0,"_uf_show_specific_survey":0,"_uf_disable_surveys":false,"footnotes":""},"categories":[20],"tags":[],"class_list":["post-5445","post","type-post","status-publish","format-standard","has-post-thumbnail","hentry","category-societe"],"aioseo_notices":[],"yoast_head":"<!-- This site is optimized with the Yoast SEO plugin v27.5 - https:\/\/yoast.com\/product\/yoast-seo-wordpress\/ -->\n<title>Respect du code de la route de l&#039;arrondissement d&#039;Ekp\u00e8 : Le C.A M\u00e8tony\u00e9kpon et le Commissaire Adanou se donnent la main - Le Patriote<\/title>\n<meta name=\"robots\" content=\"index, follow, max-snippet:-1, max-image-preview:large, max-video-preview:-1\" \/>\n<link rel=\"canonical\" href=\"https:\/\/lepatriotebenin.com\/index.php\/2024\/05\/30\/respect-du-code-de-la-route-de-larrondissement-dekpe-le-c-a-metonyekpon-et-le-commissaire-adanou-se-donnent-la-main\/\" \/>\n<meta property=\"og:locale\" content=\"fr_FR\" \/>\n<meta property=\"og:type\" content=\"article\" \/>\n<meta property=\"og:title\" content=\"Respect du code de la route de l&#039;arrondissement d&#039;Ekp\u00e8 : Le C.A M\u00e8tony\u00e9kpon et le Commissaire Adanou se donnent la main - Le Patriote\" \/>\n<meta property=\"og:description\" content=\"Une s\u00e9ance de sensibilisation, conjointement organis\u00e9e par le Chef d&rsquo;arrondissement d&rsquo;Ekp\u00e8, Janvier M\u00e8tony\u00e9kpon, et le Commissaire de l&rsquo;unit\u00e9 de police de son territoire, Jean-Marie Adanou, a r\u00e9uni plusieurs cat\u00e9gories socioprofessionnelles,&hellip;\" \/>\n<meta property=\"og:url\" content=\"https:\/\/lepatriotebenin.com\/index.php\/2024\/05\/30\/respect-du-code-de-la-route-de-larrondissement-dekpe-le-c-a-metonyekpon-et-le-commissaire-adanou-se-donnent-la-main\/\" \/>\n<meta property=\"og:site_name\" content=\"Le Patriote\" \/>\n<meta property=\"article:published_time\" content=\"2024-05-30T11:36:52+00:00\" \/>\n<meta property=\"og:image\" content=\"https:\/\/lepatriotebenin.com\/wp-content\/uploads\/2024\/05\/code.jpg\" \/>\n\t<meta property=\"og:image:width\" content=\"800\" \/>\n\t<meta property=\"og:image:height\" content=\"405\" \/>\n\t<meta property=\"og:image:type\" content=\"image\/jpeg\" \/>\n<meta name=\"author\" content=\"Redaction\" \/>\n<meta name=\"twitter:card\" content=\"summary_large_image\" \/>\n<meta name=\"twitter:label1\" content=\"\u00c9crit par\" \/>\n\t<meta name=\"twitter:data1\" content=\"Redaction\" \/>\n\t<meta name=\"twitter:label2\" content=\"Dur\u00e9e de lecture estim\u00e9e\" \/>\n\t<meta name=\"twitter:data2\" content=\"2 minutes\" \/>\n<script type=\"application\/ld+json\" class=\"yoast-schema-graph\">{\"@context\":\"https:\\\/\\\/schema.org\",\"@graph\":[{\"@type\":\"Article\",\"@id\":\"https:\\\/\\\/lepatriotebenin.com\\\/index.php\\\/2024\\\/05\\\/30\\\/respect-du-code-de-la-route-de-larrondissement-dekpe-le-c-a-metonyekpon-et-le-commissaire-adanou-se-donnent-la-main\\\/#article\",\"isPartOf\":{\"@id\":\"https:\\\/\\\/lepatriotebenin.com\\\/index.php\\\/2024\\\/05\\\/30\\\/respect-du-code-de-la-route-de-larrondissement-dekpe-le-c-a-metonyekpon-et-le-commissaire-adanou-se-donnent-la-main\\\/\"},\"author\":{\"name\":\"Redaction\",\"@id\":\"https:\\\/\\\/lepatriotebenin.com\\\/#\\\/schema\\\/person\\\/2e7709b9c9cc313e452d1136af61690f\"},\"headline\":\"Respect du code de la route de l&rsquo;arrondissement d&rsquo;Ekp\u00e8 : Le C.A M\u00e8tony\u00e9kpon et le Commissaire Adanou se donnent la main\",\"datePublished\":\"2024-05-30T11:36:52+00:00\",\"mainEntityOfPage\":{\"@id\":\"https:\\\/\\\/lepatriotebenin.com\\\/index.php\\\/2024\\\/05\\\/30\\\/respect-du-code-de-la-route-de-larrondissement-dekpe-le-c-a-metonyekpon-et-le-commissaire-adanou-se-donnent-la-main\\\/\"},\"wordCount\":663,\"commentCount\":0,\"image\":{\"@id\":\"https:\\\/\\\/lepatriotebenin.com\\\/index.php\\\/2024\\\/05\\\/30\\\/respect-du-code-de-la-route-de-larrondissement-dekpe-le-c-a-metonyekpon-et-le-commissaire-adanou-se-donnent-la-main\\\/#primaryimage\"},\"thumbnailUrl\":\"https:\\\/\\\/lepatriotebenin.com\\\/wp-content\\\/uploads\\\/2024\\\/05\\\/code.jpg\",\"articleSection\":[\"Soci\u00e9t\u00e9\"],\"inLanguage\":\"fr-FR\",\"potentialAction\":[{\"@type\":\"CommentAction\",\"name\":\"Comment\",\"target\":[\"https:\\\/\\\/lepatriotebenin.com\\\/index.php\\\/2024\\\/05\\\/30\\\/respect-du-code-de-la-route-de-larrondissement-dekpe-le-c-a-metonyekpon-et-le-commissaire-adanou-se-donnent-la-main\\\/#respond\"]}]},{\"@type\":\"WebPage\",\"@id\":\"https:\\\/\\\/lepatriotebenin.com\\\/index.php\\\/2024\\\/05\\\/30\\\/respect-du-code-de-la-route-de-larrondissement-dekpe-le-c-a-metonyekpon-et-le-commissaire-adanou-se-donnent-la-main\\\/\",\"url\":\"https:\\\/\\\/lepatriotebenin.com\\\/index.php\\\/2024\\\/05\\\/30\\\/respect-du-code-de-la-route-de-larrondissement-dekpe-le-c-a-metonyekpon-et-le-commissaire-adanou-se-donnent-la-main\\\/\",\"name\":\"Respect du code de la route de l'arrondissement d'Ekp\u00e8 : Le C.A M\u00e8tony\u00e9kpon et le Commissaire Adanou se donnent la main - Le Patriote\",\"isPartOf\":{\"@id\":\"https:\\\/\\\/lepatriotebenin.com\\\/#website\"},\"primaryImageOfPage\":{\"@id\":\"https:\\\/\\\/lepatriotebenin.com\\\/index.php\\\/2024\\\/05\\\/30\\\/respect-du-code-de-la-route-de-larrondissement-dekpe-le-c-a-metonyekpon-et-le-commissaire-adanou-se-donnent-la-main\\\/#primaryimage\"},\"image\":{\"@id\":\"https:\\\/\\\/lepatriotebenin.com\\\/index.php\\\/2024\\\/05\\\/30\\\/respect-du-code-de-la-route-de-larrondissement-dekpe-le-c-a-metonyekpon-et-le-commissaire-adanou-se-donnent-la-main\\\/#primaryimage\"},\"thumbnailUrl\":\"https:\\\/\\\/lepatriotebenin.com\\\/wp-content\\\/uploads\\\/2024\\\/05\\\/code.jpg\",\"datePublished\":\"2024-05-30T11:36:52+00:00\",\"author\":{\"@id\":\"https:\\\/\\\/lepatriotebenin.com\\\/#\\\/schema\\\/person\\\/2e7709b9c9cc313e452d1136af61690f\"},\"breadcrumb\":{\"@id\":\"https:\\\/\\\/lepatriotebenin.com\\\/index.php\\\/2024\\\/05\\\/30\\\/respect-du-code-de-la-route-de-larrondissement-dekpe-le-c-a-metonyekpon-et-le-commissaire-adanou-se-donnent-la-main\\\/#breadcrumb\"},\"inLanguage\":\"fr-FR\",\"potentialAction\":[{\"@type\":\"ReadAction\",\"target\":[\"https:\\\/\\\/lepatriotebenin.com\\\/index.php\\\/2024\\\/05\\\/30\\\/respect-du-code-de-la-route-de-larrondissement-dekpe-le-c-a-metonyekpon-et-le-commissaire-adanou-se-donnent-la-main\\\/\"]}]},{\"@type\":\"ImageObject\",\"inLanguage\":\"fr-FR\",\"@id\":\"https:\\\/\\\/lepatriotebenin.com\\\/index.php\\\/2024\\\/05\\\/30\\\/respect-du-code-de-la-route-de-larrondissement-dekpe-le-c-a-metonyekpon-et-le-commissaire-adanou-se-donnent-la-main\\\/#primaryimage\",\"url\":\"https:\\\/\\\/lepatriotebenin.com\\\/wp-content\\\/uploads\\\/2024\\\/05\\\/code.jpg\",\"contentUrl\":\"https:\\\/\\\/lepatriotebenin.com\\\/wp-content\\\/uploads\\\/2024\\\/05\\\/code.jpg\",\"width\":800,\"height\":405},{\"@type\":\"BreadcrumbList\",\"@id\":\"https:\\\/\\\/lepatriotebenin.com\\\/index.php\\\/2024\\\/05\\\/30\\\/respect-du-code-de-la-route-de-larrondissement-dekpe-le-c-a-metonyekpon-et-le-commissaire-adanou-se-donnent-la-main\\\/#breadcrumb\",\"itemListElement\":[{\"@type\":\"ListItem\",\"position\":1,\"name\":\"Accueil\",\"item\":\"https:\\\/\\\/lepatriotebenin.com\\\/\"},{\"@type\":\"ListItem\",\"position\":2,\"name\":\"Respect du code de la route de l&rsquo;arrondissement d&rsquo;Ekp\u00e8 : Le C.A M\u00e8tony\u00e9kpon et le Commissaire Adanou se donnent la main\"}]},{\"@type\":\"WebSite\",\"@id\":\"https:\\\/\\\/lepatriotebenin.com\\\/#website\",\"url\":\"https:\\\/\\\/lepatriotebenin.com\\\/\",\"name\":\"Le Patriote\",\"description\":\"Le Patriote B\u00e9nin\",\"potentialAction\":[{\"@type\":\"SearchAction\",\"target\":{\"@type\":\"EntryPoint\",\"urlTemplate\":\"https:\\\/\\\/lepatriotebenin.com\\\/?s={search_term_string}\"},\"query-input\":{\"@type\":\"PropertyValueSpecification\",\"valueRequired\":true,\"valueName\":\"search_term_string\"}}],\"inLanguage\":\"fr-FR\"},{\"@type\":\"Person\",\"@id\":\"https:\\\/\\\/lepatriotebenin.com\\\/#\\\/schema\\\/person\\\/2e7709b9c9cc313e452d1136af61690f\",\"name\":\"Redaction\",\"image\":{\"@type\":\"ImageObject\",\"inLanguage\":\"fr-FR\",\"@id\":\"https:\\\/\\\/secure.gravatar.com\\\/avatar\\\/c4c509357859ea2ca2cbb6d8812898a73e4ef1ef9934c2e591d7e32face734d1?s=96&d=mm&r=g\",\"url\":\"https:\\\/\\\/secure.gravatar.com\\\/avatar\\\/c4c509357859ea2ca2cbb6d8812898a73e4ef1ef9934c2e591d7e32face734d1?s=96&d=mm&r=g\",\"contentUrl\":\"https:\\\/\\\/secure.gravatar.com\\\/avatar\\\/c4c509357859ea2ca2cbb6d8812898a73e4ef1ef9934c2e591d7e32face734d1?s=96&d=mm&r=g\",\"caption\":\"Redaction\"},\"url\":\"https:\\\/\\\/lepatriotebenin.com\"}]}<\/script>\n<!-- \/ Yoast SEO plugin. -->","yoast_head_json":{"title":"Respect du code de la route de l'arrondissement d'Ekp\u00e8 : Le C.A M\u00e8tony\u00e9kpon et le Commissaire Adanou se donnent la main - Le Patriote","robots":{"index":"index","follow":"follow","max-snippet":"max-snippet:-1","max-image-preview":"max-image-preview:large","max-video-preview":"max-video-preview:-1"},"canonical":"https:\/\/lepatriotebenin.com\/index.php\/2024\/05\/30\/respect-du-code-de-la-route-de-larrondissement-dekpe-le-c-a-metonyekpon-et-le-commissaire-adanou-se-donnent-la-main\/","og_locale":"fr_FR","og_type":"article","og_title":"Respect du code de la route de l'arrondissement d'Ekp\u00e8 : Le C.A M\u00e8tony\u00e9kpon et le Commissaire Adanou se donnent la main - Le Patriote","og_description":"Une s\u00e9ance de sensibilisation, conjointement organis\u00e9e par le Chef d&rsquo;arrondissement d&rsquo;Ekp\u00e8, Janvier M\u00e8tony\u00e9kpon, et le Commissaire de l&rsquo;unit\u00e9 de police de son territoire, Jean-Marie Adanou, a r\u00e9uni plusieurs cat\u00e9gories socioprofessionnelles,&hellip;","og_url":"https:\/\/lepatriotebenin.com\/index.php\/2024\/05\/30\/respect-du-code-de-la-route-de-larrondissement-dekpe-le-c-a-metonyekpon-et-le-commissaire-adanou-se-donnent-la-main\/","og_site_name":"Le Patriote","article_published_time":"2024-05-30T11:36:52+00:00","og_image":[{"width":800,"height":405,"url":"https:\/\/lepatriotebenin.com\/wp-content\/uploads\/2024\/05\/code.jpg","type":"image\/jpeg"}],"author":"Redaction","twitter_card":"summary_large_image","twitter_misc":{"\u00c9crit par":"Redaction","Dur\u00e9e de lecture estim\u00e9e":"2 minutes"},"schema":{"@context":"https:\/\/schema.org","@graph":[{"@type":"Article","@id":"https:\/\/lepatriotebenin.com\/index.php\/2024\/05\/30\/respect-du-code-de-la-route-de-larrondissement-dekpe-le-c-a-metonyekpon-et-le-commissaire-adanou-se-donnent-la-main\/#article","isPartOf":{"@id":"https:\/\/lepatriotebenin.com\/index.php\/2024\/05\/30\/respect-du-code-de-la-route-de-larrondissement-dekpe-le-c-a-metonyekpon-et-le-commissaire-adanou-se-donnent-la-main\/"},"author":{"name":"Redaction","@id":"https:\/\/lepatriotebenin.com\/#\/schema\/person\/2e7709b9c9cc313e452d1136af61690f"},"headline":"Respect du code de la route de l&rsquo;arrondissement d&rsquo;Ekp\u00e8 : Le C.A M\u00e8tony\u00e9kpon et le Commissaire Adanou se donnent la main","datePublished":"2024-05-30T11:36:52+00:00","mainEntityOfPage":{"@id":"https:\/\/lepatriotebenin.com\/index.php\/2024\/05\/30\/respect-du-code-de-la-route-de-larrondissement-dekpe-le-c-a-metonyekpon-et-le-commissaire-adanou-se-donnent-la-main\/"},"wordCount":663,"commentCount":0,"image":{"@id":"https:\/\/lepatriotebenin.com\/index.php\/2024\/05\/30\/respect-du-code-de-la-route-de-larrondissement-dekpe-le-c-a-metonyekpon-et-le-commissaire-adanou-se-donnent-la-main\/#primaryimage"},"thumbnailUrl":"https:\/\/lepatriotebenin.com\/wp-content\/uploads\/2024\/05\/code.jpg","articleSection":["Soci\u00e9t\u00e9"],"inLanguage":"fr-FR","potentialAction":[{"@type":"CommentAction","name":"Comment","target":["https:\/\/lepatriotebenin.com\/index.php\/2024\/05\/30\/respect-du-code-de-la-route-de-larrondissement-dekpe-le-c-a-metonyekpon-et-le-commissaire-adanou-se-donnent-la-main\/#respond"]}]},{"@type":"WebPage","@id":"https:\/\/lepatriotebenin.com\/index.php\/2024\/05\/30\/respect-du-code-de-la-route-de-larrondissement-dekpe-le-c-a-metonyekpon-et-le-commissaire-adanou-se-donnent-la-main\/","url":"https:\/\/lepatriotebenin.com\/index.php\/2024\/05\/30\/respect-du-code-de-la-route-de-larrondissement-dekpe-le-c-a-metonyekpon-et-le-commissaire-adanou-se-donnent-la-main\/","name":"Respect du code de la route de l'arrondissement d'Ekp\u00e8 : Le C.A M\u00e8tony\u00e9kpon et le Commissaire Adanou se donnent la main - Le Patriote","isPartOf":{"@id":"https:\/\/lepatriotebenin.com\/#website"},"primaryImageOfPage":{"@id":"https:\/\/lepatriotebenin.com\/index.php\/2024\/05\/30\/respect-du-code-de-la-route-de-larrondissement-dekpe-le-c-a-metonyekpon-et-le-commissaire-adanou-se-donnent-la-main\/#primaryimage"},"image":{"@id":"https:\/\/lepatriotebenin.com\/index.php\/2024\/05\/30\/respect-du-code-de-la-route-de-larrondissement-dekpe-le-c-a-metonyekpon-et-le-commissaire-adanou-se-donnent-la-main\/#primaryimage"},"thumbnailUrl":"https:\/\/lepatriotebenin.com\/wp-content\/uploads\/2024\/05\/code.jpg","datePublished":"2024-05-30T11:36:52+00:00","author":{"@id":"https:\/\/lepatriotebenin.com\/#\/schema\/person\/2e7709b9c9cc313e452d1136af61690f"},"breadcrumb":{"@id":"https:\/\/lepatriotebenin.com\/index.php\/2024\/05\/30\/respect-du-code-de-la-route-de-larrondissement-dekpe-le-c-a-metonyekpon-et-le-commissaire-adanou-se-donnent-la-main\/#breadcrumb"},"inLanguage":"fr-FR","potentialAction":[{"@type":"ReadAction","target":["https:\/\/lepatriotebenin.com\/index.php\/2024\/05\/30\/respect-du-code-de-la-route-de-larrondissement-dekpe-le-c-a-metonyekpon-et-le-commissaire-adanou-se-donnent-la-main\/"]}]},{"@type":"ImageObject","inLanguage":"fr-FR","@id":"https:\/\/lepatriotebenin.com\/index.php\/2024\/05\/30\/respect-du-code-de-la-route-de-larrondissement-dekpe-le-c-a-metonyekpon-et-le-commissaire-adanou-se-donnent-la-main\/#primaryimage","url":"https:\/\/lepatriotebenin.com\/wp-content\/uploads\/2024\/05\/code.jpg","contentUrl":"https:\/\/lepatriotebenin.com\/wp-content\/uploads\/2024\/05\/code.jpg","width":800,"height":405},{"@type":"BreadcrumbList","@id":"https:\/\/lepatriotebenin.com\/index.php\/2024\/05\/30\/respect-du-code-de-la-route-de-larrondissement-dekpe-le-c-a-metonyekpon-et-le-commissaire-adanou-se-donnent-la-main\/#breadcrumb","itemListElement":[{"@type":"ListItem","position":1,"name":"Accueil","item":"https:\/\/lepatriotebenin.com\/"},{"@type":"ListItem","position":2,"name":"Respect du code de la route de l&rsquo;arrondissement d&rsquo;Ekp\u00e8 : Le C.A M\u00e8tony\u00e9kpon et le Commissaire Adanou se donnent la main"}]},{"@type":"WebSite","@id":"https:\/\/lepatriotebenin.com\/#website","url":"https:\/\/lepatriotebenin.com\/","name":"Le Patriote","description":"Le Patriote B\u00e9nin","potentialAction":[{"@type":"SearchAction","target":{"@type":"EntryPoint","urlTemplate":"https:\/\/lepatriotebenin.com\/?s={search_term_string}"},"query-input":{"@type":"PropertyValueSpecification","valueRequired":true,"valueName":"search_term_string"}}],"inLanguage":"fr-FR"},{"@type":"Person","@id":"https:\/\/lepatriotebenin.com\/#\/schema\/person\/2e7709b9c9cc313e452d1136af61690f","name":"Redaction","image":{"@type":"ImageObject","inLanguage":"fr-FR","@id":"https:\/\/secure.gravatar.com\/avatar\/c4c509357859ea2ca2cbb6d8812898a73e4ef1ef9934c2e591d7e32face734d1?s=96&d=mm&r=g","url":"https:\/\/secure.gravatar.com\/avatar\/c4c509357859ea2ca2cbb6d8812898a73e4ef1ef9934c2e591d7e32face734d1?s=96&d=mm&r=g","contentUrl":"https:\/\/secure.gravatar.com\/avatar\/c4c509357859ea2ca2cbb6d8812898a73e4ef1ef9934c2e591d7e32face734d1?s=96&d=mm&r=g","caption":"Redaction"},"url":"https:\/\/lepatriotebenin.com"}]}},"_links":{"self":[{"href":"https:\/\/lepatriotebenin.com\/index.php\/wp-json\/wp\/v2\/posts\/5445","targetHints":{"allow":["GET"]}}],"collection":[{"href":"https:\/\/lepatriotebenin.com\/index.php\/wp-json\/wp\/v2\/posts"}],"about":[{"href":"https:\/\/lepatriotebenin.com\/index.php\/wp-json\/wp\/v2\/types\/post"}],"author":[{"embeddable":true,"href":"https:\/\/lepatriotebenin.com\/index.php\/wp-json\/wp\/v2\/users\/5"}],"replies":[{"embeddable":true,"href":"https:\/\/lepatriotebenin.com\/index.php\/wp-json\/wp\/v2\/comments?post=5445"}],"version-history":[{"count":1,"href":"https:\/\/lepatriotebenin.com\/index.php\/wp-json\/wp\/v2\/posts\/5445\/revisions"}],"predecessor-version":[{"id":5447,"href":"https:\/\/lepatriotebenin.com\/index.php\/wp-json\/wp\/v2\/posts\/5445\/revisions\/5447"}],"wp:featuredmedia":[{"embeddable":true,"href":"https:\/\/lepatriotebenin.com\/index.php\/wp-json\/wp\/v2\/media\/5446"}],"wp:attachment":[{"href":"https:\/\/lepatriotebenin.com\/index.php\/wp-json\/wp\/v2\/media?parent=5445"}],"wp:term":[{"taxonomy":"category","embeddable":true,"href":"https:\/\/lepatriotebenin.com\/index.php\/wp-json\/wp\/v2\/categories?post=5445"},{"taxonomy":"post_tag","embeddable":true,"href":"https:\/\/lepatriotebenin.com\/index.php\/wp-json\/wp\/v2\/tags?post=5445"}],"curies":[{"name":"wp","href":"https:\/\/api.w.org\/{rel}","templated":true}]}}