{"id":5441,"date":"2024-05-30T13:29:51","date_gmt":"2024-05-30T11:29:51","guid":{"rendered":"https:\/\/lepatriotebenin.com\/?p=5441"},"modified":"2024-05-30T13:29:51","modified_gmt":"2024-05-30T11:29:51","slug":"journee-internationale-des-casques-bleus-lafrique-le-continent-le-plus-pourvu","status":"publish","type":"post","link":"https:\/\/lepatriotebenin.com\/index.php\/2024\/05\/30\/journee-internationale-des-casques-bleus-lafrique-le-continent-le-plus-pourvu\/","title":{"rendered":"Journ\u00e9e Internationale des casques bleus\u00a0: L\u2019Afrique, le continent le plus pourvu"},"content":{"rendered":"\n<p><strong><em>Chaque ann\u00e9e, le 29 mai marque la Journ\u00e9e internationale des Casques bleus des Nations Unies.&nbsp; Ayant pour r\u00f4le le \u00ab maintien ou le r\u00e9tablissement de la paix et de la s\u00e9curit\u00e9 internationale \u00bb, ces \u00ab&nbsp;casques bleus&nbsp;\u00bb sont pr\u00e9sents dans plusieurs pays dans le monde surtout des pays africains<\/em><\/strong><\/p>\n\n\n\n<p>Cr\u00e9\u00e9e en 1948, la Force de maintien de la paix de l&rsquo;ONU est principalement constitu\u00e9e de militaires pr\u00eat\u00e9s par des pays membres des Nations Unies, mais \u00e9galement de civils et d&rsquo;experts. D&rsquo;apr\u00e8s l&rsquo;<a href=\"https:\/\/www.un.org\/fr\/observances\/peacekeepers-day\" target=\"_blank\" rel=\"noreferrer noopener\">ONU<\/a>, plus de deux millions de Casques bleus ont pris part \u00e0 des missions de maintien de la paix depuis 1948, et plus de 70 000 sont actuellement d\u00e9ploy\u00e9s sur onze missions \u00e0 travers le monde.<\/p>\n\n\n\n<p>C\u2019est actuellement la mission MINUSCA en cours en Centrafrique qui compte le plus grand nombre de personnel : plus de 22 500 personnes y sont actuellement d\u00e9ploy\u00e9es, d&rsquo;apr\u00e8s les plus r\u00e9centes <a href=\"https:\/\/peacekeeping.un.org\/fr\/where-we-operate\" target=\"_blank\" rel=\"noreferrer noopener\">donn\u00e9es<\/a> des Nations unies. Viennent ensuite les missions au Soudan du Sud (18 125 personnes), et en R\u00e9publique d\u00e9mocratique du Congo (17 761 personnes).<\/p>\n\n\n\n<p>En juin dernier, les Nations unies ont mis fin \u00e0 leur mission de maintien de la paix au Mali (MINUSMA) \u00e0 la suite d&rsquo;une demande de la junte militaire au pouvoir. Cette mission, pour laquelle plus de 13 000 personnes \u00e9taient d\u00e9ploy\u00e9es, \u00e9tait alors la quatri\u00e8me op\u00e9ration la plus importante des douze en cours.<\/p>\n\n\n\n<div data-wp-interactive=\"core\/file\" class=\"wp-block-file\"><object data-wp-bind--hidden=\"!state.hasPdfPreview\" hidden class=\"wp-block-file__embed\" data=\"https:\/\/lepatriotebenin.com\/wp-content\/uploads\/2024\/05\/onu.pdf\" type=\"application\/pdf\" style=\"width:100%;height:600px\" aria-label=\"Contenu embarqu\u00e9 onu.\"><\/object><a id=\"wp-block-file--media-c774142b-f7c0-407f-bb15-559f92a04313\" href=\"https:\/\/lepatriotebenin.com\/wp-content\/uploads\/2024\/05\/onu.pdf\">onu<\/a><a href=\"https:\/\/lepatriotebenin.com\/wp-content\/uploads\/2024\/05\/onu.pdf\" class=\"wp-block-file__button wp-element-button\" download aria-describedby=\"wp-block-file--media-c774142b-f7c0-407f-bb15-559f92a04313\">T\u00e9l\u00e9charger<\/a><\/div>\n","protected":false},"excerpt":{"rendered":"<p>Chaque ann\u00e9e, le 29 mai marque la Journ\u00e9e internationale des Casques bleus des Nations Unies.&nbsp; Ayant pour r\u00f4le le \u00ab maintien ou le r\u00e9tablissement de la paix et de la&hellip;<\/p>\n","protected":false},"author":5,"featured_media":5442,"comment_status":"open","ping_status":"open","sticky":false,"template":"","format":"standard","meta":{"content-type":"","om_disable_all_campaigns":false,"_monsterinsights_skip_tracking":false,"_monsterinsights_sitenote_active":false,"_monsterinsights_sitenote_note":"","_monsterinsights_sitenote_category":0,"_uf_show_specific_survey":0,"_uf_disable_surveys":false,"footnotes":""},"categories":[20],"tags":[],"class_list":["post-5441","post","type-post","status-publish","format-standard","has-post-thumbnail","hentry","category-societe"],"aioseo_notices":[],"yoast_head":"<!-- This site is optimized with the Yoast SEO plugin v27.5 - https:\/\/yoast.com\/product\/yoast-seo-wordpress\/ -->\n<title>Journ\u00e9e Internationale des casques bleus\u00a0: L\u2019Afrique, le continent le plus pourvu - Le Patriote<\/title>\n<meta name=\"robots\" content=\"index, follow, max-snippet:-1, max-image-preview:large, max-video-preview:-1\" \/>\n<link rel=\"canonical\" href=\"https:\/\/lepatriotebenin.com\/index.php\/2024\/05\/30\/journee-internationale-des-casques-bleus-lafrique-le-continent-le-plus-pourvu\/\" \/>\n<meta property=\"og:locale\" content=\"fr_FR\" \/>\n<meta property=\"og:type\" content=\"article\" \/>\n<meta property=\"og:title\" content=\"Journ\u00e9e Internationale des casques bleus\u00a0: L\u2019Afrique, le continent le plus pourvu - Le Patriote\" \/>\n<meta property=\"og:description\" content=\"Chaque ann\u00e9e, le 29 mai marque la Journ\u00e9e internationale des Casques bleus des Nations Unies.&nbsp; Ayant pour r\u00f4le le \u00ab maintien ou le r\u00e9tablissement de la paix et de la&hellip;\" \/>\n<meta property=\"og:url\" content=\"https:\/\/lepatriotebenin.com\/index.php\/2024\/05\/30\/journee-internationale-des-casques-bleus-lafrique-le-continent-le-plus-pourvu\/\" \/>\n<meta property=\"og:site_name\" content=\"Le Patriote\" \/>\n<meta property=\"article:published_time\" content=\"2024-05-30T11:29:51+00:00\" \/>\n<meta property=\"og:image\" content=\"https:\/\/lepatriotebenin.com\/wp-content\/uploads\/2024\/05\/casque.jpeg\" \/>\n\t<meta property=\"og:image:width\" content=\"1200\" \/>\n\t<meta property=\"og:image:height\" content=\"695\" \/>\n\t<meta property=\"og:image:type\" content=\"image\/jpeg\" \/>\n<meta name=\"author\" content=\"Redaction\" \/>\n<meta name=\"twitter:card\" content=\"summary_large_image\" \/>\n<meta name=\"twitter:label1\" content=\"\u00c9crit par\" \/>\n\t<meta name=\"twitter:data1\" content=\"Redaction\" \/>\n\t<meta name=\"twitter:label2\" content=\"Dur\u00e9e de lecture estim\u00e9e\" \/>\n\t<meta name=\"twitter:data2\" content=\"2 minutes\" \/>\n<script type=\"application\/ld+json\" class=\"yoast-schema-graph\">{\"@context\":\"https:\\\/\\\/schema.org\",\"@graph\":[{\"@type\":\"Article\",\"@id\":\"https:\\\/\\\/lepatriotebenin.com\\\/index.php\\\/2024\\\/05\\\/30\\\/journee-internationale-des-casques-bleus-lafrique-le-continent-le-plus-pourvu\\\/#article\",\"isPartOf\":{\"@id\":\"https:\\\/\\\/lepatriotebenin.com\\\/index.php\\\/2024\\\/05\\\/30\\\/journee-internationale-des-casques-bleus-lafrique-le-continent-le-plus-pourvu\\\/\"},\"author\":{\"name\":\"Redaction\",\"@id\":\"https:\\\/\\\/lepatriotebenin.com\\\/#\\\/schema\\\/person\\\/2e7709b9c9cc313e452d1136af61690f\"},\"headline\":\"Journ\u00e9e Internationale des casques bleus\u00a0: L\u2019Afrique, le continent le plus pourvu\",\"datePublished\":\"2024-05-30T11:29:51+00:00\",\"mainEntityOfPage\":{\"@id\":\"https:\\\/\\\/lepatriotebenin.com\\\/index.php\\\/2024\\\/05\\\/30\\\/journee-internationale-des-casques-bleus-lafrique-le-continent-le-plus-pourvu\\\/\"},\"wordCount\":256,\"commentCount\":0,\"image\":{\"@id\":\"https:\\\/\\\/lepatriotebenin.com\\\/index.php\\\/2024\\\/05\\\/30\\\/journee-internationale-des-casques-bleus-lafrique-le-continent-le-plus-pourvu\\\/#primaryimage\"},\"thumbnailUrl\":\"https:\\\/\\\/lepatriotebenin.com\\\/wp-content\\\/uploads\\\/2024\\\/05\\\/casque.jpeg\",\"articleSection\":[\"Soci\u00e9t\u00e9\"],\"inLanguage\":\"fr-FR\",\"potentialAction\":[{\"@type\":\"CommentAction\",\"name\":\"Comment\",\"target\":[\"https:\\\/\\\/lepatriotebenin.com\\\/index.php\\\/2024\\\/05\\\/30\\\/journee-internationale-des-casques-bleus-lafrique-le-continent-le-plus-pourvu\\\/#respond\"]}]},{\"@type\":\"WebPage\",\"@id\":\"https:\\\/\\\/lepatriotebenin.com\\\/index.php\\\/2024\\\/05\\\/30\\\/journee-internationale-des-casques-bleus-lafrique-le-continent-le-plus-pourvu\\\/\",\"url\":\"https:\\\/\\\/lepatriotebenin.com\\\/index.php\\\/2024\\\/05\\\/30\\\/journee-internationale-des-casques-bleus-lafrique-le-continent-le-plus-pourvu\\\/\",\"name\":\"Journ\u00e9e Internationale des casques bleus\u00a0: L\u2019Afrique, le continent le plus pourvu - Le Patriote\",\"isPartOf\":{\"@id\":\"https:\\\/\\\/lepatriotebenin.com\\\/#website\"},\"primaryImageOfPage\":{\"@id\":\"https:\\\/\\\/lepatriotebenin.com\\\/index.php\\\/2024\\\/05\\\/30\\\/journee-internationale-des-casques-bleus-lafrique-le-continent-le-plus-pourvu\\\/#primaryimage\"},\"image\":{\"@id\":\"https:\\\/\\\/lepatriotebenin.com\\\/index.php\\\/2024\\\/05\\\/30\\\/journee-internationale-des-casques-bleus-lafrique-le-continent-le-plus-pourvu\\\/#primaryimage\"},\"thumbnailUrl\":\"https:\\\/\\\/lepatriotebenin.com\\\/wp-content\\\/uploads\\\/2024\\\/05\\\/casque.jpeg\",\"datePublished\":\"2024-05-30T11:29:51+00:00\",\"author\":{\"@id\":\"https:\\\/\\\/lepatriotebenin.com\\\/#\\\/schema\\\/person\\\/2e7709b9c9cc313e452d1136af61690f\"},\"breadcrumb\":{\"@id\":\"https:\\\/\\\/lepatriotebenin.com\\\/index.php\\\/2024\\\/05\\\/30\\\/journee-internationale-des-casques-bleus-lafrique-le-continent-le-plus-pourvu\\\/#breadcrumb\"},\"inLanguage\":\"fr-FR\",\"potentialAction\":[{\"@type\":\"ReadAction\",\"target\":[\"https:\\\/\\\/lepatriotebenin.com\\\/index.php\\\/2024\\\/05\\\/30\\\/journee-internationale-des-casques-bleus-lafrique-le-continent-le-plus-pourvu\\\/\"]}]},{\"@type\":\"ImageObject\",\"inLanguage\":\"fr-FR\",\"@id\":\"https:\\\/\\\/lepatriotebenin.com\\\/index.php\\\/2024\\\/05\\\/30\\\/journee-internationale-des-casques-bleus-lafrique-le-continent-le-plus-pourvu\\\/#primaryimage\",\"url\":\"https:\\\/\\\/lepatriotebenin.com\\\/wp-content\\\/uploads\\\/2024\\\/05\\\/casque.jpeg\",\"contentUrl\":\"https:\\\/\\\/lepatriotebenin.com\\\/wp-content\\\/uploads\\\/2024\\\/05\\\/casque.jpeg\",\"width\":1200,\"height\":695,\"caption\":\"In the village of Sofara, capital of the commune of Fakala in the Djenn\u00e9 cercle, Mopti region in central Mali, the United Nations Police (UNPOL) reassures the civilian population by conducting patrols. During these patrols, UNPOL talks to the inhabitants in order to get a feel for the security realities they face. Commune of Sofara, Mopti region, central Mali, April 2022.\"},{\"@type\":\"BreadcrumbList\",\"@id\":\"https:\\\/\\\/lepatriotebenin.com\\\/index.php\\\/2024\\\/05\\\/30\\\/journee-internationale-des-casques-bleus-lafrique-le-continent-le-plus-pourvu\\\/#breadcrumb\",\"itemListElement\":[{\"@type\":\"ListItem\",\"position\":1,\"name\":\"Accueil\",\"item\":\"https:\\\/\\\/lepatriotebenin.com\\\/\"},{\"@type\":\"ListItem\",\"position\":2,\"name\":\"Journ\u00e9e Internationale des casques bleus\u00a0: L\u2019Afrique, le continent le plus pourvu\"}]},{\"@type\":\"WebSite\",\"@id\":\"https:\\\/\\\/lepatriotebenin.com\\\/#website\",\"url\":\"https:\\\/\\\/lepatriotebenin.com\\\/\",\"name\":\"Le Patriote\",\"description\":\"Le Patriote B\u00e9nin\",\"potentialAction\":[{\"@type\":\"SearchAction\",\"target\":{\"@type\":\"EntryPoint\",\"urlTemplate\":\"https:\\\/\\\/lepatriotebenin.com\\\/?s={search_term_string}\"},\"query-input\":{\"@type\":\"PropertyValueSpecification\",\"valueRequired\":true,\"valueName\":\"search_term_string\"}}],\"inLanguage\":\"fr-FR\"},{\"@type\":\"Person\",\"@id\":\"https:\\\/\\\/lepatriotebenin.com\\\/#\\\/schema\\\/person\\\/2e7709b9c9cc313e452d1136af61690f\",\"name\":\"Redaction\",\"image\":{\"@type\":\"ImageObject\",\"inLanguage\":\"fr-FR\",\"@id\":\"https:\\\/\\\/secure.gravatar.com\\\/avatar\\\/c4c509357859ea2ca2cbb6d8812898a73e4ef1ef9934c2e591d7e32face734d1?s=96&d=mm&r=g\",\"url\":\"https:\\\/\\\/secure.gravatar.com\\\/avatar\\\/c4c509357859ea2ca2cbb6d8812898a73e4ef1ef9934c2e591d7e32face734d1?s=96&d=mm&r=g\",\"contentUrl\":\"https:\\\/\\\/secure.gravatar.com\\\/avatar\\\/c4c509357859ea2ca2cbb6d8812898a73e4ef1ef9934c2e591d7e32face734d1?s=96&d=mm&r=g\",\"caption\":\"Redaction\"},\"url\":\"https:\\\/\\\/lepatriotebenin.com\"}]}<\/script>\n<!-- \/ Yoast SEO plugin. -->","yoast_head_json":{"title":"Journ\u00e9e Internationale des casques bleus\u00a0: L\u2019Afrique, le continent le plus pourvu - Le Patriote","robots":{"index":"index","follow":"follow","max-snippet":"max-snippet:-1","max-image-preview":"max-image-preview:large","max-video-preview":"max-video-preview:-1"},"canonical":"https:\/\/lepatriotebenin.com\/index.php\/2024\/05\/30\/journee-internationale-des-casques-bleus-lafrique-le-continent-le-plus-pourvu\/","og_locale":"fr_FR","og_type":"article","og_title":"Journ\u00e9e Internationale des casques bleus\u00a0: L\u2019Afrique, le continent le plus pourvu - Le Patriote","og_description":"Chaque ann\u00e9e, le 29 mai marque la Journ\u00e9e internationale des Casques bleus des Nations Unies.&nbsp; Ayant pour r\u00f4le le \u00ab maintien ou le r\u00e9tablissement de la paix et de la&hellip;","og_url":"https:\/\/lepatriotebenin.com\/index.php\/2024\/05\/30\/journee-internationale-des-casques-bleus-lafrique-le-continent-le-plus-pourvu\/","og_site_name":"Le Patriote","article_published_time":"2024-05-30T11:29:51+00:00","og_image":[{"width":1200,"height":695,"url":"https:\/\/lepatriotebenin.com\/wp-content\/uploads\/2024\/05\/casque.jpeg","type":"image\/jpeg"}],"author":"Redaction","twitter_card":"summary_large_image","twitter_misc":{"\u00c9crit par":"Redaction","Dur\u00e9e de lecture estim\u00e9e":"2 minutes"},"schema":{"@context":"https:\/\/schema.org","@graph":[{"@type":"Article","@id":"https:\/\/lepatriotebenin.com\/index.php\/2024\/05\/30\/journee-internationale-des-casques-bleus-lafrique-le-continent-le-plus-pourvu\/#article","isPartOf":{"@id":"https:\/\/lepatriotebenin.com\/index.php\/2024\/05\/30\/journee-internationale-des-casques-bleus-lafrique-le-continent-le-plus-pourvu\/"},"author":{"name":"Redaction","@id":"https:\/\/lepatriotebenin.com\/#\/schema\/person\/2e7709b9c9cc313e452d1136af61690f"},"headline":"Journ\u00e9e Internationale des casques bleus\u00a0: L\u2019Afrique, le continent le plus pourvu","datePublished":"2024-05-30T11:29:51+00:00","mainEntityOfPage":{"@id":"https:\/\/lepatriotebenin.com\/index.php\/2024\/05\/30\/journee-internationale-des-casques-bleus-lafrique-le-continent-le-plus-pourvu\/"},"wordCount":256,"commentCount":0,"image":{"@id":"https:\/\/lepatriotebenin.com\/index.php\/2024\/05\/30\/journee-internationale-des-casques-bleus-lafrique-le-continent-le-plus-pourvu\/#primaryimage"},"thumbnailUrl":"https:\/\/lepatriotebenin.com\/wp-content\/uploads\/2024\/05\/casque.jpeg","articleSection":["Soci\u00e9t\u00e9"],"inLanguage":"fr-FR","potentialAction":[{"@type":"CommentAction","name":"Comment","target":["https:\/\/lepatriotebenin.com\/index.php\/2024\/05\/30\/journee-internationale-des-casques-bleus-lafrique-le-continent-le-plus-pourvu\/#respond"]}]},{"@type":"WebPage","@id":"https:\/\/lepatriotebenin.com\/index.php\/2024\/05\/30\/journee-internationale-des-casques-bleus-lafrique-le-continent-le-plus-pourvu\/","url":"https:\/\/lepatriotebenin.com\/index.php\/2024\/05\/30\/journee-internationale-des-casques-bleus-lafrique-le-continent-le-plus-pourvu\/","name":"Journ\u00e9e Internationale des casques bleus\u00a0: L\u2019Afrique, le continent le plus pourvu - Le Patriote","isPartOf":{"@id":"https:\/\/lepatriotebenin.com\/#website"},"primaryImageOfPage":{"@id":"https:\/\/lepatriotebenin.com\/index.php\/2024\/05\/30\/journee-internationale-des-casques-bleus-lafrique-le-continent-le-plus-pourvu\/#primaryimage"},"image":{"@id":"https:\/\/lepatriotebenin.com\/index.php\/2024\/05\/30\/journee-internationale-des-casques-bleus-lafrique-le-continent-le-plus-pourvu\/#primaryimage"},"thumbnailUrl":"https:\/\/lepatriotebenin.com\/wp-content\/uploads\/2024\/05\/casque.jpeg","datePublished":"2024-05-30T11:29:51+00:00","author":{"@id":"https:\/\/lepatriotebenin.com\/#\/schema\/person\/2e7709b9c9cc313e452d1136af61690f"},"breadcrumb":{"@id":"https:\/\/lepatriotebenin.com\/index.php\/2024\/05\/30\/journee-internationale-des-casques-bleus-lafrique-le-continent-le-plus-pourvu\/#breadcrumb"},"inLanguage":"fr-FR","potentialAction":[{"@type":"ReadAction","target":["https:\/\/lepatriotebenin.com\/index.php\/2024\/05\/30\/journee-internationale-des-casques-bleus-lafrique-le-continent-le-plus-pourvu\/"]}]},{"@type":"ImageObject","inLanguage":"fr-FR","@id":"https:\/\/lepatriotebenin.com\/index.php\/2024\/05\/30\/journee-internationale-des-casques-bleus-lafrique-le-continent-le-plus-pourvu\/#primaryimage","url":"https:\/\/lepatriotebenin.com\/wp-content\/uploads\/2024\/05\/casque.jpeg","contentUrl":"https:\/\/lepatriotebenin.com\/wp-content\/uploads\/2024\/05\/casque.jpeg","width":1200,"height":695,"caption":"In the village of Sofara, capital of the commune of Fakala in the Djenn\u00e9 cercle, Mopti region in central Mali, the United Nations Police (UNPOL) reassures the civilian population by conducting patrols. During these patrols, UNPOL talks to the inhabitants in order to get a feel for the security realities they face. Commune of Sofara, Mopti region, central Mali, April 2022."},{"@type":"BreadcrumbList","@id":"https:\/\/lepatriotebenin.com\/index.php\/2024\/05\/30\/journee-internationale-des-casques-bleus-lafrique-le-continent-le-plus-pourvu\/#breadcrumb","itemListElement":[{"@type":"ListItem","position":1,"name":"Accueil","item":"https:\/\/lepatriotebenin.com\/"},{"@type":"ListItem","position":2,"name":"Journ\u00e9e Internationale des casques bleus\u00a0: L\u2019Afrique, le continent le plus pourvu"}]},{"@type":"WebSite","@id":"https:\/\/lepatriotebenin.com\/#website","url":"https:\/\/lepatriotebenin.com\/","name":"Le Patriote","description":"Le Patriote B\u00e9nin","potentialAction":[{"@type":"SearchAction","target":{"@type":"EntryPoint","urlTemplate":"https:\/\/lepatriotebenin.com\/?s={search_term_string}"},"query-input":{"@type":"PropertyValueSpecification","valueRequired":true,"valueName":"search_term_string"}}],"inLanguage":"fr-FR"},{"@type":"Person","@id":"https:\/\/lepatriotebenin.com\/#\/schema\/person\/2e7709b9c9cc313e452d1136af61690f","name":"Redaction","image":{"@type":"ImageObject","inLanguage":"fr-FR","@id":"https:\/\/secure.gravatar.com\/avatar\/c4c509357859ea2ca2cbb6d8812898a73e4ef1ef9934c2e591d7e32face734d1?s=96&d=mm&r=g","url":"https:\/\/secure.gravatar.com\/avatar\/c4c509357859ea2ca2cbb6d8812898a73e4ef1ef9934c2e591d7e32face734d1?s=96&d=mm&r=g","contentUrl":"https:\/\/secure.gravatar.com\/avatar\/c4c509357859ea2ca2cbb6d8812898a73e4ef1ef9934c2e591d7e32face734d1?s=96&d=mm&r=g","caption":"Redaction"},"url":"https:\/\/lepatriotebenin.com"}]}},"_links":{"self":[{"href":"https:\/\/lepatriotebenin.com\/index.php\/wp-json\/wp\/v2\/posts\/5441","targetHints":{"allow":["GET"]}}],"collection":[{"href":"https:\/\/lepatriotebenin.com\/index.php\/wp-json\/wp\/v2\/posts"}],"about":[{"href":"https:\/\/lepatriotebenin.com\/index.php\/wp-json\/wp\/v2\/types\/post"}],"author":[{"embeddable":true,"href":"https:\/\/lepatriotebenin.com\/index.php\/wp-json\/wp\/v2\/users\/5"}],"replies":[{"embeddable":true,"href":"https:\/\/lepatriotebenin.com\/index.php\/wp-json\/wp\/v2\/comments?post=5441"}],"version-history":[{"count":1,"href":"https:\/\/lepatriotebenin.com\/index.php\/wp-json\/wp\/v2\/posts\/5441\/revisions"}],"predecessor-version":[{"id":5444,"href":"https:\/\/lepatriotebenin.com\/index.php\/wp-json\/wp\/v2\/posts\/5441\/revisions\/5444"}],"wp:featuredmedia":[{"embeddable":true,"href":"https:\/\/lepatriotebenin.com\/index.php\/wp-json\/wp\/v2\/media\/5442"}],"wp:attachment":[{"href":"https:\/\/lepatriotebenin.com\/index.php\/wp-json\/wp\/v2\/media?parent=5441"}],"wp:term":[{"taxonomy":"category","embeddable":true,"href":"https:\/\/lepatriotebenin.com\/index.php\/wp-json\/wp\/v2\/categories?post=5441"},{"taxonomy":"post_tag","embeddable":true,"href":"https:\/\/lepatriotebenin.com\/index.php\/wp-json\/wp\/v2\/tags?post=5441"}],"curies":[{"name":"wp","href":"https:\/\/api.w.org\/{rel}","templated":true}]}}