{"id":4971,"date":"2024-05-13T15:08:32","date_gmt":"2024-05-13T13:08:32","guid":{"rendered":"https:\/\/lepatriotebenin.com\/?p=4971"},"modified":"2024-05-13T15:08:32","modified_gmt":"2024-05-13T13:08:32","slug":"crise-benin-niger-le-premier-ministre-nigerien-reagit","status":"publish","type":"post","link":"https:\/\/lepatriotebenin.com\/index.php\/2024\/05\/13\/crise-benin-niger-le-premier-ministre-nigerien-reagit\/","title":{"rendered":"Crise B\u00e9nin -Niger : le premier ministre nig\u00e9rien r\u00e9agit"},"content":{"rendered":"\n<p>Les relations entre le Niger et le B\u00e9nin ne sont plus au beau fixe depuis le coup d&rsquo;\u00c9tat du 26 juillet 2023. En marge aux derniers \u00e9v\u00e9nements survenus, le premier ministre nig\u00e9rien Ali Mahaman Lamine Zeine a anim\u00e9 une conf\u00e9rence de presse hier samedi 11 mai 2024.<\/p>\n\n\n\n<p>L&rsquo;\u00e9tau se resserre davantage entre les autorit\u00e9s b\u00e9ninoises et celles du Niger. En effet, au cours d&rsquo;une conf\u00e9rence de presse qu&rsquo;il a donn\u00e9e hier, le premier ministre nig\u00e9rien Ali Mahaman Lamine Zeine, est revenu sur plusieurs sujets d&rsquo;actualit\u00e9s br\u00fblantes qui cristallisent depuis toutes les attentions. Il s&rsquo;agit dans un premier temps de la lev\u00e9e de soup\u00e7on sur la probable pr\u00e9sence des forces militaires fran\u00e7aises aux confins du territoire beninois. M\u00eame si les autorit\u00e9s b\u00e9ninoises avaient d\u00e9menti le fait dans une r\u00e9cente sortie, Ali Mahaman Lamine Zeine a d\u00e9montr\u00e9 avec pr\u00e9cision qu&rsquo;il s&rsquo;agissait d&rsquo;un leurre. \u00c0 l&rsquo;en croire, les forces militaires fran\u00e7aises sont pr\u00e9sentes dans cinq zones strat\u00e9giques du B\u00e9nin dont en point de mire, le parc W.<\/p>\n\n\n\n<p>Pour cela, le chef de la primature nig\u00e9rienne reste d&rsquo;office calquer sur la position de son pays. Celle de maintenir sa fronti\u00e8re ferm\u00e9e jusqu&rsquo;\u00e0 nouvel ordre. \u00abNous avons souverainement d\u00e9cid\u00e9 de garder notre fronti\u00e8re ferm\u00e9e avec le B\u00e9nin car, soutient-il, sur le territoire du B\u00e9nin, il y a des bases fran\u00e7aises et sur certaines d&rsquo;entre elles, on entra\u00eene des terroristes qui doivent venir d\u00e9stabiliser notre pays\u00bb. Ali Mahaman Lamine Zeine a cependant annonc\u00e9 la r\u00e9ouverture des fronti\u00e8res avec le B\u00e9nin mais uniquement lorsque \u00abnous aurons la certitude que notre territoire est en s\u00e9curit\u00e9 \u00bb, conditionne t-il.<\/p>\n\n\n\n<p>De son c\u00f4t\u00e9, le chef de l&rsquo;\u00c9tat beninois Patrice Talon a \u00e9galement pos\u00e9 la condition de la r\u00e9ouverture des fronti\u00e8res nig\u00e9riennes comme seul gage pour que le projet Pipeline Niger-Benin visant l&#8217;embarquement du p\u00e9trole nig\u00e9rien vers S\u00e8m\u00e8-Kpodji en vue de son \u00e9coulement sur le march\u00e9 international suive son cours normal. Il l&rsquo;a fait savoir sur le m\u00e9dia international RFI le 06 mai 2024, au lendemain du blocage du p\u00e9trole nig\u00e9rien.<\/p>\n\n\n\n<p><strong>Ignace TOSSOU<\/strong><\/p>\n","protected":false},"excerpt":{"rendered":"<p>Les relations entre le Niger et le B\u00e9nin ne sont plus au beau fixe depuis le coup d&rsquo;\u00c9tat du 26 juillet 2023. En marge aux derniers \u00e9v\u00e9nements survenus, le premier&hellip;<\/p>\n","protected":false},"author":5,"featured_media":4972,"comment_status":"open","ping_status":"open","sticky":false,"template":"","format":"standard","meta":{"content-type":"","om_disable_all_campaigns":false,"_monsterinsights_skip_tracking":false,"_monsterinsights_sitenote_active":false,"_monsterinsights_sitenote_note":"","_monsterinsights_sitenote_category":0,"_uf_show_specific_survey":0,"_uf_disable_surveys":false,"footnotes":""},"categories":[9],"tags":[],"class_list":["post-4971","post","type-post","status-publish","format-standard","has-post-thumbnail","hentry","category-uncategorized"],"aioseo_notices":[],"yoast_head":"<!-- This site is optimized with the Yoast SEO plugin v27.5 - https:\/\/yoast.com\/product\/yoast-seo-wordpress\/ -->\n<title>Crise B\u00e9nin -Niger : le premier ministre nig\u00e9rien r\u00e9agit - Le Patriote<\/title>\n<meta name=\"robots\" content=\"index, follow, max-snippet:-1, max-image-preview:large, max-video-preview:-1\" \/>\n<link rel=\"canonical\" href=\"https:\/\/lepatriotebenin.com\/index.php\/2024\/05\/13\/crise-benin-niger-le-premier-ministre-nigerien-reagit\/\" \/>\n<meta property=\"og:locale\" content=\"fr_FR\" \/>\n<meta property=\"og:type\" content=\"article\" \/>\n<meta property=\"og:title\" content=\"Crise B\u00e9nin -Niger : le premier ministre nig\u00e9rien r\u00e9agit - Le Patriote\" \/>\n<meta property=\"og:description\" content=\"Les relations entre le Niger et le B\u00e9nin ne sont plus au beau fixe depuis le coup d&rsquo;\u00c9tat du 26 juillet 2023. En marge aux derniers \u00e9v\u00e9nements survenus, le premier&hellip;\" \/>\n<meta property=\"og:url\" content=\"https:\/\/lepatriotebenin.com\/index.php\/2024\/05\/13\/crise-benin-niger-le-premier-ministre-nigerien-reagit\/\" \/>\n<meta property=\"og:site_name\" content=\"Le Patriote\" \/>\n<meta property=\"article:published_time\" content=\"2024-05-13T13:08:32+00:00\" \/>\n<meta property=\"og:image\" content=\"https:\/\/lepatriotebenin.com\/wp-content\/uploads\/2024\/05\/ali-mahaman-lamine-zeine-2.jpg\" \/>\n\t<meta property=\"og:image:width\" content=\"624\" \/>\n\t<meta property=\"og:image:height\" content=\"415\" \/>\n\t<meta property=\"og:image:type\" content=\"image\/jpeg\" \/>\n<meta name=\"author\" content=\"Redaction\" \/>\n<meta name=\"twitter:card\" content=\"summary_large_image\" \/>\n<meta name=\"twitter:label1\" content=\"\u00c9crit par\" \/>\n\t<meta name=\"twitter:data1\" content=\"Redaction\" \/>\n\t<meta name=\"twitter:label2\" content=\"Dur\u00e9e de lecture estim\u00e9e\" \/>\n\t<meta name=\"twitter:data2\" content=\"2 minutes\" \/>\n<script type=\"application\/ld+json\" class=\"yoast-schema-graph\">{\"@context\":\"https:\\\/\\\/schema.org\",\"@graph\":[{\"@type\":\"Article\",\"@id\":\"https:\\\/\\\/lepatriotebenin.com\\\/index.php\\\/2024\\\/05\\\/13\\\/crise-benin-niger-le-premier-ministre-nigerien-reagit\\\/#article\",\"isPartOf\":{\"@id\":\"https:\\\/\\\/lepatriotebenin.com\\\/index.php\\\/2024\\\/05\\\/13\\\/crise-benin-niger-le-premier-ministre-nigerien-reagit\\\/\"},\"author\":{\"name\":\"Redaction\",\"@id\":\"https:\\\/\\\/lepatriotebenin.com\\\/#\\\/schema\\\/person\\\/2e7709b9c9cc313e452d1136af61690f\"},\"headline\":\"Crise B\u00e9nin -Niger : le premier ministre nig\u00e9rien r\u00e9agit\",\"datePublished\":\"2024-05-13T13:08:32+00:00\",\"mainEntityOfPage\":{\"@id\":\"https:\\\/\\\/lepatriotebenin.com\\\/index.php\\\/2024\\\/05\\\/13\\\/crise-benin-niger-le-premier-ministre-nigerien-reagit\\\/\"},\"wordCount\":402,\"commentCount\":0,\"image\":{\"@id\":\"https:\\\/\\\/lepatriotebenin.com\\\/index.php\\\/2024\\\/05\\\/13\\\/crise-benin-niger-le-premier-ministre-nigerien-reagit\\\/#primaryimage\"},\"thumbnailUrl\":\"https:\\\/\\\/lepatriotebenin.com\\\/wp-content\\\/uploads\\\/2024\\\/05\\\/ali-mahaman-lamine-zeine-2.jpg\",\"articleSection\":[\"Uncategorized\"],\"inLanguage\":\"fr-FR\",\"potentialAction\":[{\"@type\":\"CommentAction\",\"name\":\"Comment\",\"target\":[\"https:\\\/\\\/lepatriotebenin.com\\\/index.php\\\/2024\\\/05\\\/13\\\/crise-benin-niger-le-premier-ministre-nigerien-reagit\\\/#respond\"]}]},{\"@type\":\"WebPage\",\"@id\":\"https:\\\/\\\/lepatriotebenin.com\\\/index.php\\\/2024\\\/05\\\/13\\\/crise-benin-niger-le-premier-ministre-nigerien-reagit\\\/\",\"url\":\"https:\\\/\\\/lepatriotebenin.com\\\/index.php\\\/2024\\\/05\\\/13\\\/crise-benin-niger-le-premier-ministre-nigerien-reagit\\\/\",\"name\":\"Crise B\u00e9nin -Niger : le premier ministre nig\u00e9rien r\u00e9agit - Le Patriote\",\"isPartOf\":{\"@id\":\"https:\\\/\\\/lepatriotebenin.com\\\/#website\"},\"primaryImageOfPage\":{\"@id\":\"https:\\\/\\\/lepatriotebenin.com\\\/index.php\\\/2024\\\/05\\\/13\\\/crise-benin-niger-le-premier-ministre-nigerien-reagit\\\/#primaryimage\"},\"image\":{\"@id\":\"https:\\\/\\\/lepatriotebenin.com\\\/index.php\\\/2024\\\/05\\\/13\\\/crise-benin-niger-le-premier-ministre-nigerien-reagit\\\/#primaryimage\"},\"thumbnailUrl\":\"https:\\\/\\\/lepatriotebenin.com\\\/wp-content\\\/uploads\\\/2024\\\/05\\\/ali-mahaman-lamine-zeine-2.jpg\",\"datePublished\":\"2024-05-13T13:08:32+00:00\",\"author\":{\"@id\":\"https:\\\/\\\/lepatriotebenin.com\\\/#\\\/schema\\\/person\\\/2e7709b9c9cc313e452d1136af61690f\"},\"breadcrumb\":{\"@id\":\"https:\\\/\\\/lepatriotebenin.com\\\/index.php\\\/2024\\\/05\\\/13\\\/crise-benin-niger-le-premier-ministre-nigerien-reagit\\\/#breadcrumb\"},\"inLanguage\":\"fr-FR\",\"potentialAction\":[{\"@type\":\"ReadAction\",\"target\":[\"https:\\\/\\\/lepatriotebenin.com\\\/index.php\\\/2024\\\/05\\\/13\\\/crise-benin-niger-le-premier-ministre-nigerien-reagit\\\/\"]}]},{\"@type\":\"ImageObject\",\"inLanguage\":\"fr-FR\",\"@id\":\"https:\\\/\\\/lepatriotebenin.com\\\/index.php\\\/2024\\\/05\\\/13\\\/crise-benin-niger-le-premier-ministre-nigerien-reagit\\\/#primaryimage\",\"url\":\"https:\\\/\\\/lepatriotebenin.com\\\/wp-content\\\/uploads\\\/2024\\\/05\\\/ali-mahaman-lamine-zeine-2.jpg\",\"contentUrl\":\"https:\\\/\\\/lepatriotebenin.com\\\/wp-content\\\/uploads\\\/2024\\\/05\\\/ali-mahaman-lamine-zeine-2.jpg\",\"width\":624,\"height\":415},{\"@type\":\"BreadcrumbList\",\"@id\":\"https:\\\/\\\/lepatriotebenin.com\\\/index.php\\\/2024\\\/05\\\/13\\\/crise-benin-niger-le-premier-ministre-nigerien-reagit\\\/#breadcrumb\",\"itemListElement\":[{\"@type\":\"ListItem\",\"position\":1,\"name\":\"Accueil\",\"item\":\"https:\\\/\\\/lepatriotebenin.com\\\/\"},{\"@type\":\"ListItem\",\"position\":2,\"name\":\"Crise B\u00e9nin -Niger : le premier ministre nig\u00e9rien r\u00e9agit\"}]},{\"@type\":\"WebSite\",\"@id\":\"https:\\\/\\\/lepatriotebenin.com\\\/#website\",\"url\":\"https:\\\/\\\/lepatriotebenin.com\\\/\",\"name\":\"Le Patriote\",\"description\":\"Le Patriote B\u00e9nin\",\"potentialAction\":[{\"@type\":\"SearchAction\",\"target\":{\"@type\":\"EntryPoint\",\"urlTemplate\":\"https:\\\/\\\/lepatriotebenin.com\\\/?s={search_term_string}\"},\"query-input\":{\"@type\":\"PropertyValueSpecification\",\"valueRequired\":true,\"valueName\":\"search_term_string\"}}],\"inLanguage\":\"fr-FR\"},{\"@type\":\"Person\",\"@id\":\"https:\\\/\\\/lepatriotebenin.com\\\/#\\\/schema\\\/person\\\/2e7709b9c9cc313e452d1136af61690f\",\"name\":\"Redaction\",\"image\":{\"@type\":\"ImageObject\",\"inLanguage\":\"fr-FR\",\"@id\":\"https:\\\/\\\/secure.gravatar.com\\\/avatar\\\/c4c509357859ea2ca2cbb6d8812898a73e4ef1ef9934c2e591d7e32face734d1?s=96&d=mm&r=g\",\"url\":\"https:\\\/\\\/secure.gravatar.com\\\/avatar\\\/c4c509357859ea2ca2cbb6d8812898a73e4ef1ef9934c2e591d7e32face734d1?s=96&d=mm&r=g\",\"contentUrl\":\"https:\\\/\\\/secure.gravatar.com\\\/avatar\\\/c4c509357859ea2ca2cbb6d8812898a73e4ef1ef9934c2e591d7e32face734d1?s=96&d=mm&r=g\",\"caption\":\"Redaction\"},\"url\":\"https:\\\/\\\/lepatriotebenin.com\"}]}<\/script>\n<!-- \/ Yoast SEO plugin. -->","yoast_head_json":{"title":"Crise B\u00e9nin -Niger : le premier ministre nig\u00e9rien r\u00e9agit - Le Patriote","robots":{"index":"index","follow":"follow","max-snippet":"max-snippet:-1","max-image-preview":"max-image-preview:large","max-video-preview":"max-video-preview:-1"},"canonical":"https:\/\/lepatriotebenin.com\/index.php\/2024\/05\/13\/crise-benin-niger-le-premier-ministre-nigerien-reagit\/","og_locale":"fr_FR","og_type":"article","og_title":"Crise B\u00e9nin -Niger : le premier ministre nig\u00e9rien r\u00e9agit - Le Patriote","og_description":"Les relations entre le Niger et le B\u00e9nin ne sont plus au beau fixe depuis le coup d&rsquo;\u00c9tat du 26 juillet 2023. En marge aux derniers \u00e9v\u00e9nements survenus, le premier&hellip;","og_url":"https:\/\/lepatriotebenin.com\/index.php\/2024\/05\/13\/crise-benin-niger-le-premier-ministre-nigerien-reagit\/","og_site_name":"Le Patriote","article_published_time":"2024-05-13T13:08:32+00:00","og_image":[{"width":624,"height":415,"url":"https:\/\/lepatriotebenin.com\/wp-content\/uploads\/2024\/05\/ali-mahaman-lamine-zeine-2.jpg","type":"image\/jpeg"}],"author":"Redaction","twitter_card":"summary_large_image","twitter_misc":{"\u00c9crit par":"Redaction","Dur\u00e9e de lecture estim\u00e9e":"2 minutes"},"schema":{"@context":"https:\/\/schema.org","@graph":[{"@type":"Article","@id":"https:\/\/lepatriotebenin.com\/index.php\/2024\/05\/13\/crise-benin-niger-le-premier-ministre-nigerien-reagit\/#article","isPartOf":{"@id":"https:\/\/lepatriotebenin.com\/index.php\/2024\/05\/13\/crise-benin-niger-le-premier-ministre-nigerien-reagit\/"},"author":{"name":"Redaction","@id":"https:\/\/lepatriotebenin.com\/#\/schema\/person\/2e7709b9c9cc313e452d1136af61690f"},"headline":"Crise B\u00e9nin -Niger : le premier ministre nig\u00e9rien r\u00e9agit","datePublished":"2024-05-13T13:08:32+00:00","mainEntityOfPage":{"@id":"https:\/\/lepatriotebenin.com\/index.php\/2024\/05\/13\/crise-benin-niger-le-premier-ministre-nigerien-reagit\/"},"wordCount":402,"commentCount":0,"image":{"@id":"https:\/\/lepatriotebenin.com\/index.php\/2024\/05\/13\/crise-benin-niger-le-premier-ministre-nigerien-reagit\/#primaryimage"},"thumbnailUrl":"https:\/\/lepatriotebenin.com\/wp-content\/uploads\/2024\/05\/ali-mahaman-lamine-zeine-2.jpg","articleSection":["Uncategorized"],"inLanguage":"fr-FR","potentialAction":[{"@type":"CommentAction","name":"Comment","target":["https:\/\/lepatriotebenin.com\/index.php\/2024\/05\/13\/crise-benin-niger-le-premier-ministre-nigerien-reagit\/#respond"]}]},{"@type":"WebPage","@id":"https:\/\/lepatriotebenin.com\/index.php\/2024\/05\/13\/crise-benin-niger-le-premier-ministre-nigerien-reagit\/","url":"https:\/\/lepatriotebenin.com\/index.php\/2024\/05\/13\/crise-benin-niger-le-premier-ministre-nigerien-reagit\/","name":"Crise B\u00e9nin -Niger : le premier ministre nig\u00e9rien r\u00e9agit - Le Patriote","isPartOf":{"@id":"https:\/\/lepatriotebenin.com\/#website"},"primaryImageOfPage":{"@id":"https:\/\/lepatriotebenin.com\/index.php\/2024\/05\/13\/crise-benin-niger-le-premier-ministre-nigerien-reagit\/#primaryimage"},"image":{"@id":"https:\/\/lepatriotebenin.com\/index.php\/2024\/05\/13\/crise-benin-niger-le-premier-ministre-nigerien-reagit\/#primaryimage"},"thumbnailUrl":"https:\/\/lepatriotebenin.com\/wp-content\/uploads\/2024\/05\/ali-mahaman-lamine-zeine-2.jpg","datePublished":"2024-05-13T13:08:32+00:00","author":{"@id":"https:\/\/lepatriotebenin.com\/#\/schema\/person\/2e7709b9c9cc313e452d1136af61690f"},"breadcrumb":{"@id":"https:\/\/lepatriotebenin.com\/index.php\/2024\/05\/13\/crise-benin-niger-le-premier-ministre-nigerien-reagit\/#breadcrumb"},"inLanguage":"fr-FR","potentialAction":[{"@type":"ReadAction","target":["https:\/\/lepatriotebenin.com\/index.php\/2024\/05\/13\/crise-benin-niger-le-premier-ministre-nigerien-reagit\/"]}]},{"@type":"ImageObject","inLanguage":"fr-FR","@id":"https:\/\/lepatriotebenin.com\/index.php\/2024\/05\/13\/crise-benin-niger-le-premier-ministre-nigerien-reagit\/#primaryimage","url":"https:\/\/lepatriotebenin.com\/wp-content\/uploads\/2024\/05\/ali-mahaman-lamine-zeine-2.jpg","contentUrl":"https:\/\/lepatriotebenin.com\/wp-content\/uploads\/2024\/05\/ali-mahaman-lamine-zeine-2.jpg","width":624,"height":415},{"@type":"BreadcrumbList","@id":"https:\/\/lepatriotebenin.com\/index.php\/2024\/05\/13\/crise-benin-niger-le-premier-ministre-nigerien-reagit\/#breadcrumb","itemListElement":[{"@type":"ListItem","position":1,"name":"Accueil","item":"https:\/\/lepatriotebenin.com\/"},{"@type":"ListItem","position":2,"name":"Crise B\u00e9nin -Niger : le premier ministre nig\u00e9rien r\u00e9agit"}]},{"@type":"WebSite","@id":"https:\/\/lepatriotebenin.com\/#website","url":"https:\/\/lepatriotebenin.com\/","name":"Le Patriote","description":"Le Patriote B\u00e9nin","potentialAction":[{"@type":"SearchAction","target":{"@type":"EntryPoint","urlTemplate":"https:\/\/lepatriotebenin.com\/?s={search_term_string}"},"query-input":{"@type":"PropertyValueSpecification","valueRequired":true,"valueName":"search_term_string"}}],"inLanguage":"fr-FR"},{"@type":"Person","@id":"https:\/\/lepatriotebenin.com\/#\/schema\/person\/2e7709b9c9cc313e452d1136af61690f","name":"Redaction","image":{"@type":"ImageObject","inLanguage":"fr-FR","@id":"https:\/\/secure.gravatar.com\/avatar\/c4c509357859ea2ca2cbb6d8812898a73e4ef1ef9934c2e591d7e32face734d1?s=96&d=mm&r=g","url":"https:\/\/secure.gravatar.com\/avatar\/c4c509357859ea2ca2cbb6d8812898a73e4ef1ef9934c2e591d7e32face734d1?s=96&d=mm&r=g","contentUrl":"https:\/\/secure.gravatar.com\/avatar\/c4c509357859ea2ca2cbb6d8812898a73e4ef1ef9934c2e591d7e32face734d1?s=96&d=mm&r=g","caption":"Redaction"},"url":"https:\/\/lepatriotebenin.com"}]}},"_links":{"self":[{"href":"https:\/\/lepatriotebenin.com\/index.php\/wp-json\/wp\/v2\/posts\/4971","targetHints":{"allow":["GET"]}}],"collection":[{"href":"https:\/\/lepatriotebenin.com\/index.php\/wp-json\/wp\/v2\/posts"}],"about":[{"href":"https:\/\/lepatriotebenin.com\/index.php\/wp-json\/wp\/v2\/types\/post"}],"author":[{"embeddable":true,"href":"https:\/\/lepatriotebenin.com\/index.php\/wp-json\/wp\/v2\/users\/5"}],"replies":[{"embeddable":true,"href":"https:\/\/lepatriotebenin.com\/index.php\/wp-json\/wp\/v2\/comments?post=4971"}],"version-history":[{"count":1,"href":"https:\/\/lepatriotebenin.com\/index.php\/wp-json\/wp\/v2\/posts\/4971\/revisions"}],"predecessor-version":[{"id":4973,"href":"https:\/\/lepatriotebenin.com\/index.php\/wp-json\/wp\/v2\/posts\/4971\/revisions\/4973"}],"wp:featuredmedia":[{"embeddable":true,"href":"https:\/\/lepatriotebenin.com\/index.php\/wp-json\/wp\/v2\/media\/4972"}],"wp:attachment":[{"href":"https:\/\/lepatriotebenin.com\/index.php\/wp-json\/wp\/v2\/media?parent=4971"}],"wp:term":[{"taxonomy":"category","embeddable":true,"href":"https:\/\/lepatriotebenin.com\/index.php\/wp-json\/wp\/v2\/categories?post=4971"},{"taxonomy":"post_tag","embeddable":true,"href":"https:\/\/lepatriotebenin.com\/index.php\/wp-json\/wp\/v2\/tags?post=4971"}],"curies":[{"name":"wp","href":"https:\/\/api.w.org\/{rel}","templated":true}]}}