{"id":4969,"date":"2024-05-13T15:05:02","date_gmt":"2024-05-13T13:05:02","guid":{"rendered":"https:\/\/lepatriotebenin.com\/?p=4969"},"modified":"2024-05-13T15:05:03","modified_gmt":"2024-05-13T13:05:03","slug":"placement-au-violon-de-thibaut-ogou-le-plaidoyer-de-valentin-djenontin-au-juge","status":"publish","type":"post","link":"https:\/\/lepatriotebenin.com\/index.php\/2024\/05\/13\/placement-au-violon-de-thibaut-ogou-le-plaidoyer-de-valentin-djenontin-au-juge\/","title":{"rendered":"Placement au violon de Thibaut Ogou : Le plaidoyer de Valentin Djenontin au juge"},"content":{"rendered":"\n<p>La cour de r\u00e9pression des infractions \u00e9conomique et du terrorisme (Criet) a rendu son verdict ce v<strong>endredi 10 mai 2024<\/strong> dans l&rsquo;affaire violences \u00e9lectorales 2021. Plusieurs personnes inculp\u00e9es dans cette affaire \u00e0 l&rsquo;instar de <strong>Thibaut Ogou<\/strong> ont \u00e9t\u00e9 fix\u00e9es sur leur sort.<\/p>\n\n\n\n<p>38 mois de prison. C&rsquo;est la peine retenue contre Thibaut Ogou dans l&rsquo;affaire violences \u00e9lectorales de 2021,\u00a0 par les juges en charge du dossier. Mais cette sentence n&rsquo;a pas \u00e9t\u00e9 du go\u00fbt du jeune Thibaut qui, pris de col\u00e8re, s&rsquo;est exprim\u00e9 en ses termes : <em>\u00abC&rsquo;est une justice que nous avons? Ils peuvent me condamner comme ils veulent, je suis un cabri mort.\u00bb<\/em> \u00c0 la suite de cette d\u00e9claration, le juge a ordonn\u00e9 aux gardes p\u00e9nitentiaires de le mettre au violon et a dit au Minist\u00e8re Public qu&rsquo;il met le pr\u00e9venu \u00e0 sa disposition. Cette d\u00e9cision n&rsquo;a pas tard\u00e9 \u00e0 susciter des r\u00e9actions. C&rsquo;est le cas de l&rsquo;ancien garde des sceaux, Valentin Djenontin qui, dans un message publi\u00e9 sur Facebook, a plaid\u00e9 pour le cas du jeune Thibaut. Selon l&rsquo;homme de droit, la r\u00e9action du mis en cause ne relevait pas de sa propre volont\u00e9. Il y a une explication psychologique voire sociologique \u00e0 cela. \u00abPour un jeune qui a perdu femme, enfant pendant sa d\u00e9tention pour un fait qu&rsquo;il continue de ne pas reconna\u00eetre, vous devriez comprendre son amertume, son \u00e9tat d&rsquo;\u00e2me. Je prie les psychologues de le prendre en charge \u00bb, fait remarquer l&rsquo;ancien garde des sceaux.<\/p>\n\n\n\n<p>Valentin Djenontin a par la m\u00eame occasion pr\u00e9sent\u00e9 des excuses au juge \u00ab<em>au nom de, \u00e9crit-il, Thibaut, de la jeunesse b\u00e9ninoise, de l&rsquo;humanit\u00e9\u00bb. <\/em>Par ailleurs, ajoute-t-il \u00abje sollicite l&rsquo;indulgence du juge, du procureur, du ministre de la justice, du pr\u00e9sident de la R\u00e9publique afin que Thibaut OGOU retourne dans sa cellule habituelle et qu&rsquo;aucune\u00a0 proc\u00e9dure ne soit enclench\u00e9e contre sa personne pour outrage \u00e0 magistrat\u00bb.<\/p>\n\n\n\n<p>Notons qu&rsquo;en rendant sa d\u00e9cision hier dans ce dossier relatif aux violences \u00e9lectorales 2021, le juge a relax\u00e9 11 personnes sur 31, au b\u00e9n\u00e9fice du doute. Les autres restants ont \u00e9cop\u00e9 respectivement de peine allant de <strong>38 mois \u00e0 10 ans<\/strong>. Au m\u00eame moment, 4 ont \u00e9t\u00e9 condamn\u00e9s \u00e0 10 ans de prison ferme et 5 millions d&rsquo;amende.<\/p>\n\n\n\n<p><strong>Ignace TOSSOU<\/strong><\/p>\n","protected":false},"excerpt":{"rendered":"<p>La cour de r\u00e9pression des infractions \u00e9conomique et du terrorisme (Criet) a rendu son verdict ce vendredi 10 mai 2024 dans l&rsquo;affaire violences \u00e9lectorales 2021. Plusieurs personnes inculp\u00e9es dans cette&hellip;<\/p>\n","protected":false},"author":5,"featured_media":4574,"comment_status":"open","ping_status":"open","sticky":false,"template":"","format":"standard","meta":{"content-type":"","om_disable_all_campaigns":false,"_monsterinsights_skip_tracking":false,"_monsterinsights_sitenote_active":false,"_monsterinsights_sitenote_note":"","_monsterinsights_sitenote_category":0,"_uf_show_specific_survey":0,"_uf_disable_surveys":false,"footnotes":""},"categories":[20],"tags":[],"class_list":["post-4969","post","type-post","status-publish","format-standard","has-post-thumbnail","hentry","category-societe"],"aioseo_notices":[],"yoast_head":"<!-- This site is optimized with the Yoast SEO plugin v27.5 - https:\/\/yoast.com\/product\/yoast-seo-wordpress\/ -->\n<title>Placement au violon de Thibaut Ogou : Le plaidoyer de Valentin Djenontin au juge - Le Patriote<\/title>\n<meta name=\"robots\" content=\"index, follow, max-snippet:-1, max-image-preview:large, max-video-preview:-1\" \/>\n<link rel=\"canonical\" href=\"https:\/\/lepatriotebenin.com\/index.php\/2024\/05\/13\/placement-au-violon-de-thibaut-ogou-le-plaidoyer-de-valentin-djenontin-au-juge\/\" \/>\n<meta property=\"og:locale\" content=\"fr_FR\" \/>\n<meta property=\"og:type\" content=\"article\" \/>\n<meta property=\"og:title\" content=\"Placement au violon de Thibaut Ogou : Le plaidoyer de Valentin Djenontin au juge - Le Patriote\" \/>\n<meta property=\"og:description\" content=\"La cour de r\u00e9pression des infractions \u00e9conomique et du terrorisme (Criet) a rendu son verdict ce vendredi 10 mai 2024 dans l&rsquo;affaire violences \u00e9lectorales 2021. Plusieurs personnes inculp\u00e9es dans cette&hellip;\" \/>\n<meta property=\"og:url\" content=\"https:\/\/lepatriotebenin.com\/index.php\/2024\/05\/13\/placement-au-violon-de-thibaut-ogou-le-plaidoyer-de-valentin-djenontin-au-juge\/\" \/>\n<meta property=\"og:site_name\" content=\"Le Patriote\" \/>\n<meta property=\"article:published_time\" content=\"2024-05-13T13:05:02+00:00\" \/>\n<meta property=\"article:modified_time\" content=\"2024-05-13T13:05:03+00:00\" \/>\n<meta property=\"og:image\" content=\"https:\/\/lepatriotebenin.com\/wp-content\/uploads\/2024\/04\/valentin-djenontin-pi-1.webp\" \/>\n\t<meta property=\"og:image:width\" content=\"1200\" \/>\n\t<meta property=\"og:image:height\" content=\"667\" \/>\n\t<meta property=\"og:image:type\" content=\"image\/webp\" \/>\n<meta name=\"author\" content=\"Redaction\" \/>\n<meta name=\"twitter:card\" content=\"summary_large_image\" \/>\n<meta name=\"twitter:label1\" content=\"\u00c9crit par\" \/>\n\t<meta name=\"twitter:data1\" content=\"Redaction\" \/>\n\t<meta name=\"twitter:label2\" content=\"Dur\u00e9e de lecture estim\u00e9e\" \/>\n\t<meta name=\"twitter:data2\" content=\"2 minutes\" \/>\n<script type=\"application\/ld+json\" class=\"yoast-schema-graph\">{\"@context\":\"https:\\\/\\\/schema.org\",\"@graph\":[{\"@type\":\"Article\",\"@id\":\"https:\\\/\\\/lepatriotebenin.com\\\/index.php\\\/2024\\\/05\\\/13\\\/placement-au-violon-de-thibaut-ogou-le-plaidoyer-de-valentin-djenontin-au-juge\\\/#article\",\"isPartOf\":{\"@id\":\"https:\\\/\\\/lepatriotebenin.com\\\/index.php\\\/2024\\\/05\\\/13\\\/placement-au-violon-de-thibaut-ogou-le-plaidoyer-de-valentin-djenontin-au-juge\\\/\"},\"author\":{\"name\":\"Redaction\",\"@id\":\"https:\\\/\\\/lepatriotebenin.com\\\/#\\\/schema\\\/person\\\/2e7709b9c9cc313e452d1136af61690f\"},\"headline\":\"Placement au violon de Thibaut Ogou : Le plaidoyer de Valentin Djenontin au juge\",\"datePublished\":\"2024-05-13T13:05:02+00:00\",\"dateModified\":\"2024-05-13T13:05:03+00:00\",\"mainEntityOfPage\":{\"@id\":\"https:\\\/\\\/lepatriotebenin.com\\\/index.php\\\/2024\\\/05\\\/13\\\/placement-au-violon-de-thibaut-ogou-le-plaidoyer-de-valentin-djenontin-au-juge\\\/\"},\"wordCount\":402,\"commentCount\":0,\"image\":{\"@id\":\"https:\\\/\\\/lepatriotebenin.com\\\/index.php\\\/2024\\\/05\\\/13\\\/placement-au-violon-de-thibaut-ogou-le-plaidoyer-de-valentin-djenontin-au-juge\\\/#primaryimage\"},\"thumbnailUrl\":\"https:\\\/\\\/lepatriotebenin.com\\\/wp-content\\\/uploads\\\/2024\\\/04\\\/valentin-djenontin-pi-1.webp\",\"articleSection\":[\"Soci\u00e9t\u00e9\"],\"inLanguage\":\"fr-FR\",\"potentialAction\":[{\"@type\":\"CommentAction\",\"name\":\"Comment\",\"target\":[\"https:\\\/\\\/lepatriotebenin.com\\\/index.php\\\/2024\\\/05\\\/13\\\/placement-au-violon-de-thibaut-ogou-le-plaidoyer-de-valentin-djenontin-au-juge\\\/#respond\"]}]},{\"@type\":\"WebPage\",\"@id\":\"https:\\\/\\\/lepatriotebenin.com\\\/index.php\\\/2024\\\/05\\\/13\\\/placement-au-violon-de-thibaut-ogou-le-plaidoyer-de-valentin-djenontin-au-juge\\\/\",\"url\":\"https:\\\/\\\/lepatriotebenin.com\\\/index.php\\\/2024\\\/05\\\/13\\\/placement-au-violon-de-thibaut-ogou-le-plaidoyer-de-valentin-djenontin-au-juge\\\/\",\"name\":\"Placement au violon de Thibaut Ogou : Le plaidoyer de Valentin Djenontin au juge - Le Patriote\",\"isPartOf\":{\"@id\":\"https:\\\/\\\/lepatriotebenin.com\\\/#website\"},\"primaryImageOfPage\":{\"@id\":\"https:\\\/\\\/lepatriotebenin.com\\\/index.php\\\/2024\\\/05\\\/13\\\/placement-au-violon-de-thibaut-ogou-le-plaidoyer-de-valentin-djenontin-au-juge\\\/#primaryimage\"},\"image\":{\"@id\":\"https:\\\/\\\/lepatriotebenin.com\\\/index.php\\\/2024\\\/05\\\/13\\\/placement-au-violon-de-thibaut-ogou-le-plaidoyer-de-valentin-djenontin-au-juge\\\/#primaryimage\"},\"thumbnailUrl\":\"https:\\\/\\\/lepatriotebenin.com\\\/wp-content\\\/uploads\\\/2024\\\/04\\\/valentin-djenontin-pi-1.webp\",\"datePublished\":\"2024-05-13T13:05:02+00:00\",\"dateModified\":\"2024-05-13T13:05:03+00:00\",\"author\":{\"@id\":\"https:\\\/\\\/lepatriotebenin.com\\\/#\\\/schema\\\/person\\\/2e7709b9c9cc313e452d1136af61690f\"},\"breadcrumb\":{\"@id\":\"https:\\\/\\\/lepatriotebenin.com\\\/index.php\\\/2024\\\/05\\\/13\\\/placement-au-violon-de-thibaut-ogou-le-plaidoyer-de-valentin-djenontin-au-juge\\\/#breadcrumb\"},\"inLanguage\":\"fr-FR\",\"potentialAction\":[{\"@type\":\"ReadAction\",\"target\":[\"https:\\\/\\\/lepatriotebenin.com\\\/index.php\\\/2024\\\/05\\\/13\\\/placement-au-violon-de-thibaut-ogou-le-plaidoyer-de-valentin-djenontin-au-juge\\\/\"]}]},{\"@type\":\"ImageObject\",\"inLanguage\":\"fr-FR\",\"@id\":\"https:\\\/\\\/lepatriotebenin.com\\\/index.php\\\/2024\\\/05\\\/13\\\/placement-au-violon-de-thibaut-ogou-le-plaidoyer-de-valentin-djenontin-au-juge\\\/#primaryimage\",\"url\":\"https:\\\/\\\/lepatriotebenin.com\\\/wp-content\\\/uploads\\\/2024\\\/04\\\/valentin-djenontin-pi-1.webp\",\"contentUrl\":\"https:\\\/\\\/lepatriotebenin.com\\\/wp-content\\\/uploads\\\/2024\\\/04\\\/valentin-djenontin-pi-1.webp\",\"width\":1200,\"height\":667},{\"@type\":\"BreadcrumbList\",\"@id\":\"https:\\\/\\\/lepatriotebenin.com\\\/index.php\\\/2024\\\/05\\\/13\\\/placement-au-violon-de-thibaut-ogou-le-plaidoyer-de-valentin-djenontin-au-juge\\\/#breadcrumb\",\"itemListElement\":[{\"@type\":\"ListItem\",\"position\":1,\"name\":\"Accueil\",\"item\":\"https:\\\/\\\/lepatriotebenin.com\\\/\"},{\"@type\":\"ListItem\",\"position\":2,\"name\":\"Placement au violon de Thibaut Ogou : Le plaidoyer de Valentin Djenontin au juge\"}]},{\"@type\":\"WebSite\",\"@id\":\"https:\\\/\\\/lepatriotebenin.com\\\/#website\",\"url\":\"https:\\\/\\\/lepatriotebenin.com\\\/\",\"name\":\"Le Patriote\",\"description\":\"Le Patriote B\u00e9nin\",\"potentialAction\":[{\"@type\":\"SearchAction\",\"target\":{\"@type\":\"EntryPoint\",\"urlTemplate\":\"https:\\\/\\\/lepatriotebenin.com\\\/?s={search_term_string}\"},\"query-input\":{\"@type\":\"PropertyValueSpecification\",\"valueRequired\":true,\"valueName\":\"search_term_string\"}}],\"inLanguage\":\"fr-FR\"},{\"@type\":\"Person\",\"@id\":\"https:\\\/\\\/lepatriotebenin.com\\\/#\\\/schema\\\/person\\\/2e7709b9c9cc313e452d1136af61690f\",\"name\":\"Redaction\",\"image\":{\"@type\":\"ImageObject\",\"inLanguage\":\"fr-FR\",\"@id\":\"https:\\\/\\\/secure.gravatar.com\\\/avatar\\\/c4c509357859ea2ca2cbb6d8812898a73e4ef1ef9934c2e591d7e32face734d1?s=96&d=mm&r=g\",\"url\":\"https:\\\/\\\/secure.gravatar.com\\\/avatar\\\/c4c509357859ea2ca2cbb6d8812898a73e4ef1ef9934c2e591d7e32face734d1?s=96&d=mm&r=g\",\"contentUrl\":\"https:\\\/\\\/secure.gravatar.com\\\/avatar\\\/c4c509357859ea2ca2cbb6d8812898a73e4ef1ef9934c2e591d7e32face734d1?s=96&d=mm&r=g\",\"caption\":\"Redaction\"},\"url\":\"https:\\\/\\\/lepatriotebenin.com\"}]}<\/script>\n<!-- \/ Yoast SEO plugin. -->","yoast_head_json":{"title":"Placement au violon de Thibaut Ogou : Le plaidoyer de Valentin Djenontin au juge - Le Patriote","robots":{"index":"index","follow":"follow","max-snippet":"max-snippet:-1","max-image-preview":"max-image-preview:large","max-video-preview":"max-video-preview:-1"},"canonical":"https:\/\/lepatriotebenin.com\/index.php\/2024\/05\/13\/placement-au-violon-de-thibaut-ogou-le-plaidoyer-de-valentin-djenontin-au-juge\/","og_locale":"fr_FR","og_type":"article","og_title":"Placement au violon de Thibaut Ogou : Le plaidoyer de Valentin Djenontin au juge - Le Patriote","og_description":"La cour de r\u00e9pression des infractions \u00e9conomique et du terrorisme (Criet) a rendu son verdict ce vendredi 10 mai 2024 dans l&rsquo;affaire violences \u00e9lectorales 2021. Plusieurs personnes inculp\u00e9es dans cette&hellip;","og_url":"https:\/\/lepatriotebenin.com\/index.php\/2024\/05\/13\/placement-au-violon-de-thibaut-ogou-le-plaidoyer-de-valentin-djenontin-au-juge\/","og_site_name":"Le Patriote","article_published_time":"2024-05-13T13:05:02+00:00","article_modified_time":"2024-05-13T13:05:03+00:00","og_image":[{"width":1200,"height":667,"url":"https:\/\/lepatriotebenin.com\/wp-content\/uploads\/2024\/04\/valentin-djenontin-pi-1.webp","type":"image\/webp"}],"author":"Redaction","twitter_card":"summary_large_image","twitter_misc":{"\u00c9crit par":"Redaction","Dur\u00e9e de lecture estim\u00e9e":"2 minutes"},"schema":{"@context":"https:\/\/schema.org","@graph":[{"@type":"Article","@id":"https:\/\/lepatriotebenin.com\/index.php\/2024\/05\/13\/placement-au-violon-de-thibaut-ogou-le-plaidoyer-de-valentin-djenontin-au-juge\/#article","isPartOf":{"@id":"https:\/\/lepatriotebenin.com\/index.php\/2024\/05\/13\/placement-au-violon-de-thibaut-ogou-le-plaidoyer-de-valentin-djenontin-au-juge\/"},"author":{"name":"Redaction","@id":"https:\/\/lepatriotebenin.com\/#\/schema\/person\/2e7709b9c9cc313e452d1136af61690f"},"headline":"Placement au violon de Thibaut Ogou : Le plaidoyer de Valentin Djenontin au juge","datePublished":"2024-05-13T13:05:02+00:00","dateModified":"2024-05-13T13:05:03+00:00","mainEntityOfPage":{"@id":"https:\/\/lepatriotebenin.com\/index.php\/2024\/05\/13\/placement-au-violon-de-thibaut-ogou-le-plaidoyer-de-valentin-djenontin-au-juge\/"},"wordCount":402,"commentCount":0,"image":{"@id":"https:\/\/lepatriotebenin.com\/index.php\/2024\/05\/13\/placement-au-violon-de-thibaut-ogou-le-plaidoyer-de-valentin-djenontin-au-juge\/#primaryimage"},"thumbnailUrl":"https:\/\/lepatriotebenin.com\/wp-content\/uploads\/2024\/04\/valentin-djenontin-pi-1.webp","articleSection":["Soci\u00e9t\u00e9"],"inLanguage":"fr-FR","potentialAction":[{"@type":"CommentAction","name":"Comment","target":["https:\/\/lepatriotebenin.com\/index.php\/2024\/05\/13\/placement-au-violon-de-thibaut-ogou-le-plaidoyer-de-valentin-djenontin-au-juge\/#respond"]}]},{"@type":"WebPage","@id":"https:\/\/lepatriotebenin.com\/index.php\/2024\/05\/13\/placement-au-violon-de-thibaut-ogou-le-plaidoyer-de-valentin-djenontin-au-juge\/","url":"https:\/\/lepatriotebenin.com\/index.php\/2024\/05\/13\/placement-au-violon-de-thibaut-ogou-le-plaidoyer-de-valentin-djenontin-au-juge\/","name":"Placement au violon de Thibaut Ogou : Le plaidoyer de Valentin Djenontin au juge - Le Patriote","isPartOf":{"@id":"https:\/\/lepatriotebenin.com\/#website"},"primaryImageOfPage":{"@id":"https:\/\/lepatriotebenin.com\/index.php\/2024\/05\/13\/placement-au-violon-de-thibaut-ogou-le-plaidoyer-de-valentin-djenontin-au-juge\/#primaryimage"},"image":{"@id":"https:\/\/lepatriotebenin.com\/index.php\/2024\/05\/13\/placement-au-violon-de-thibaut-ogou-le-plaidoyer-de-valentin-djenontin-au-juge\/#primaryimage"},"thumbnailUrl":"https:\/\/lepatriotebenin.com\/wp-content\/uploads\/2024\/04\/valentin-djenontin-pi-1.webp","datePublished":"2024-05-13T13:05:02+00:00","dateModified":"2024-05-13T13:05:03+00:00","author":{"@id":"https:\/\/lepatriotebenin.com\/#\/schema\/person\/2e7709b9c9cc313e452d1136af61690f"},"breadcrumb":{"@id":"https:\/\/lepatriotebenin.com\/index.php\/2024\/05\/13\/placement-au-violon-de-thibaut-ogou-le-plaidoyer-de-valentin-djenontin-au-juge\/#breadcrumb"},"inLanguage":"fr-FR","potentialAction":[{"@type":"ReadAction","target":["https:\/\/lepatriotebenin.com\/index.php\/2024\/05\/13\/placement-au-violon-de-thibaut-ogou-le-plaidoyer-de-valentin-djenontin-au-juge\/"]}]},{"@type":"ImageObject","inLanguage":"fr-FR","@id":"https:\/\/lepatriotebenin.com\/index.php\/2024\/05\/13\/placement-au-violon-de-thibaut-ogou-le-plaidoyer-de-valentin-djenontin-au-juge\/#primaryimage","url":"https:\/\/lepatriotebenin.com\/wp-content\/uploads\/2024\/04\/valentin-djenontin-pi-1.webp","contentUrl":"https:\/\/lepatriotebenin.com\/wp-content\/uploads\/2024\/04\/valentin-djenontin-pi-1.webp","width":1200,"height":667},{"@type":"BreadcrumbList","@id":"https:\/\/lepatriotebenin.com\/index.php\/2024\/05\/13\/placement-au-violon-de-thibaut-ogou-le-plaidoyer-de-valentin-djenontin-au-juge\/#breadcrumb","itemListElement":[{"@type":"ListItem","position":1,"name":"Accueil","item":"https:\/\/lepatriotebenin.com\/"},{"@type":"ListItem","position":2,"name":"Placement au violon de Thibaut Ogou : Le plaidoyer de Valentin Djenontin au juge"}]},{"@type":"WebSite","@id":"https:\/\/lepatriotebenin.com\/#website","url":"https:\/\/lepatriotebenin.com\/","name":"Le Patriote","description":"Le Patriote B\u00e9nin","potentialAction":[{"@type":"SearchAction","target":{"@type":"EntryPoint","urlTemplate":"https:\/\/lepatriotebenin.com\/?s={search_term_string}"},"query-input":{"@type":"PropertyValueSpecification","valueRequired":true,"valueName":"search_term_string"}}],"inLanguage":"fr-FR"},{"@type":"Person","@id":"https:\/\/lepatriotebenin.com\/#\/schema\/person\/2e7709b9c9cc313e452d1136af61690f","name":"Redaction","image":{"@type":"ImageObject","inLanguage":"fr-FR","@id":"https:\/\/secure.gravatar.com\/avatar\/c4c509357859ea2ca2cbb6d8812898a73e4ef1ef9934c2e591d7e32face734d1?s=96&d=mm&r=g","url":"https:\/\/secure.gravatar.com\/avatar\/c4c509357859ea2ca2cbb6d8812898a73e4ef1ef9934c2e591d7e32face734d1?s=96&d=mm&r=g","contentUrl":"https:\/\/secure.gravatar.com\/avatar\/c4c509357859ea2ca2cbb6d8812898a73e4ef1ef9934c2e591d7e32face734d1?s=96&d=mm&r=g","caption":"Redaction"},"url":"https:\/\/lepatriotebenin.com"}]}},"_links":{"self":[{"href":"https:\/\/lepatriotebenin.com\/index.php\/wp-json\/wp\/v2\/posts\/4969","targetHints":{"allow":["GET"]}}],"collection":[{"href":"https:\/\/lepatriotebenin.com\/index.php\/wp-json\/wp\/v2\/posts"}],"about":[{"href":"https:\/\/lepatriotebenin.com\/index.php\/wp-json\/wp\/v2\/types\/post"}],"author":[{"embeddable":true,"href":"https:\/\/lepatriotebenin.com\/index.php\/wp-json\/wp\/v2\/users\/5"}],"replies":[{"embeddable":true,"href":"https:\/\/lepatriotebenin.com\/index.php\/wp-json\/wp\/v2\/comments?post=4969"}],"version-history":[{"count":1,"href":"https:\/\/lepatriotebenin.com\/index.php\/wp-json\/wp\/v2\/posts\/4969\/revisions"}],"predecessor-version":[{"id":4970,"href":"https:\/\/lepatriotebenin.com\/index.php\/wp-json\/wp\/v2\/posts\/4969\/revisions\/4970"}],"wp:featuredmedia":[{"embeddable":true,"href":"https:\/\/lepatriotebenin.com\/index.php\/wp-json\/wp\/v2\/media\/4574"}],"wp:attachment":[{"href":"https:\/\/lepatriotebenin.com\/index.php\/wp-json\/wp\/v2\/media?parent=4969"}],"wp:term":[{"taxonomy":"category","embeddable":true,"href":"https:\/\/lepatriotebenin.com\/index.php\/wp-json\/wp\/v2\/categories?post=4969"},{"taxonomy":"post_tag","embeddable":true,"href":"https:\/\/lepatriotebenin.com\/index.php\/wp-json\/wp\/v2\/tags?post=4969"}],"curies":[{"name":"wp","href":"https:\/\/api.w.org\/{rel}","templated":true}]}}